{"id":74076,"date":"2026-01-28T09:19:55","date_gmt":"2026-01-28T09:19:55","guid":{"rendered":"https:\/\/loginfo24.com\/2026\/01\/28\/sandra-kraus-nieuwe-leasing-director-bij-ctp\/"},"modified":"2026-01-28T09:19:55","modified_gmt":"2026-01-28T09:19:55","slug":"sandra-kraus-nieuwe-leasing-director-bij-ctp","status":"publish","type":"post","link":"https:\/\/loginfo24.com\/nl\/2026\/01\/28\/sandra-kraus-nieuwe-leasing-director-bij-ctp\/","title":{"rendered":"Sandra Kraus nieuwe Leasing Director bij CTP"},"content":{"rendered":"<p>CTP Duitsland heeft Sandra Kraus begin januari 2026 benoemd tot nieuwe Leasing Director. In deze functie zal zij de leiding over het verhuur- en verkoopteam in Duitsland op zich nemen. Tot haar taken behoren de co\u00f6rdinatie van de samenwerking tussen verschillende afdelingen en de verdere ontwikkeling van marktgerichte strategie\u00ebn. Daarnaast zal zij verantwoordelijk zijn voor de opbouw en uitbreiding van het leasingteam.<\/p>\n<p>Kraus brengt uitgebreide ervaring mee op het gebied van commercieel, logistiek en industrieel vastgoed. Sinds haar toetreding tot CTP in mei 2025 was zij werkzaam als verhuurmanager en hield zij zich bezig met acquisitie, klantbeheer en contractmanagement voor de aan haar toegewezen objecten. Eerder was zij meerdere jaren werkzaam bij de internationale vastgoeddienstverlener CBRE, waar zij laatstelijk als Associate Director werkte en zich richtte op de verhuur en verkoop van industri\u00eble en logistieke vastgoed in Noordrijn-Westfalen.<\/p>\n<h3>Verwachtingen van de nieuwe rol<\/h3>\n<p>Timo Hielscher, Managing Director bij CTP Duitsland, sprak positief over de benoeming van Kraus: \u201eSandra beschikt over gedegen marktkennis en heeft zich zowel intern als in de markt snel gevestigd. Met haar ervaring en gestructureerde aanpak is zij een waardevolle aanwinst voor deze positie.\u201c Hij benadrukte dat Kraus de verkoop- en verhuuractiviteiten gericht zal stimuleren om de groei van CTP Duitsland te ondersteunen.<\/p>\n<p>Sandra Kraus zelf beschrijft haar nieuwe rol als duidelijk gedefinieerd. \u201eMijn focus ligt op het verder ontwikkelen van bestaande structuren, het stellen van duidelijke prioriteiten en het versterken van de samenwerking binnen het team. Het doel is om effici\u00ebnte processen te cre\u00ebren en tegelijkertijd flexibel te kunnen inspelen op marktvereisten,\u201c verklaarde zij. Kraus toont zich gemotiveerd om deze uitdagingen samen met haar team aan te gaan.<\/p>\n<p>CTP beschouwt zichzelf als de grootste beursgenoteerde eigenaar, ontwikkelaar en beheerder van logistiek en industrieel vastgoed in Europa. Op 30 september 2025 beschikte het bedrijf over 13,8 miljoen m\u00b2 verhuurbare oppervlakte in tien landen. CTP certificeert alle nieuwe gebouwen volgens BREEAM Very Good of beter en heeft van Sustainalytics het ESG-rating \u201eLow-Risk\u201c ontvangen, wat de inzet van het bedrijf voor duurzaamheid onderstreept.<\/p>\n<p>&nbsp;<\/p>\n<p><a href=\"https:\/\/ctp.eu\/\" target=\"_blank\" rel=\"noopener noreferrer\">www.ctp.eu<\/a><\/p>\n<p>&nbsp;<\/p>\n","protected":false},"excerpt":{"rendered":"<p>CTP Duitsland heeft Sandra Kraus benoemd tot nieuwe Leasing Director om het verhuur- en verkoopteam in Duitsland te leiden en marktgerichte strategie\u00ebn verder te ontwikkelen.<\/p>\n","protected":false},"author":12,"featured_media":74070,"comment_status":"open","ping_status":"open","sticky":false,"template":"","format":"standard","meta":{"_acf_changed":false,"footnotes":""},"categories":[6656,6679,1591],"tags":[4193,7423,7424,7425,7426,7427,7428,7429,7430,7431,4562,2115,2116,7432,2166,7433,7434,7435,2123,7436,7437,7438,7439,4569,7440,7441,7442,4570,7443,3366,7444,7445,7446,4571,3371,7447,7448,7449,2139,3753,3754,3157,7450,7451,7452,7453,3758,4223,7454,7455,7456,2106,2154,7457,4225,7458],"class_list":["post-74076","post","type-post","status-publish","format-standard","has-post-thumbnail","hentry","category-duitsland","category-europa","category-mensen-bedrijven","tag-activites-de-vente","tag-breeam-certification","tag-breeam-zertifizierung","tag-certification-breeam","tag-commercial-real-estate","tag-croissance-de-ctp","tag-ctp-allemagne","tag-ctp-deutschland","tag-ctp-germany","tag-deutsch-ctp","tag-developpement-immobilier","tag-digitalisierung-in-der-logistik","tag-digitalization-in-logistics","tag-directrice-de-la-location","tag-durabilite-dans-la-logistique","tag-equipe-de-location","tag-fachkraeftemangel-in-der-immobilienbranche","tag-german-real-estate-market","tag-gestion-de-la-chaine-dapprovisionnement","tag-gestion-locative","tag-gestionnaire-immobilier","tag-gewerbeimmobilien","tag-growth-of-ctp-francais-ctp","tag-immobilienentwicklung","tag-immobilienmarkt-deutschland","tag-immobilienverwalter","tag-immobilier-commercial","tag-immobilier-logistique","tag-industrial-properties","tag-industrieimmobilien","tag-leasing-director","tag-leasing-management","tag-leasing-team","tag-logistics-real-estate","tag-logistikimmobilien","tag-marche-immobilier-allemand","tag-market-strategies","tag-marktstrategien","tag-nachhaltigkeit-in-der-logistik","tag-nordrhein-westfalen","tag-north-rhine-westphalia","tag-numerisation-dans-la-logistique","tag-penurie-de-competences-dans-le-secteur-immobilier","tag-property-development","tag-property-manager","tag-proprietes-industrielles","tag-rhenanie-du-nord-westphalie","tag-sales-activities","tag-sandra-kraus","tag-skills-shortage-in-the-real-estate-sector","tag-strategies-de-marche","tag-supply-chain-management","tag-sustainability-in-logistics","tag-vermietungsmanagement","tag-vertriebsaktivitaeten","tag-wachstum-von-ctp-english-ctp"],"acf":[],"yoast_head":"<!-- This site is optimized with the Yoast SEO plugin v27.3 - https:\/\/yoast.com\/product\/yoast-seo-wordpress\/ -->\n<title>Sandra Kraus nieuwe Leasing Director bij CTP - Loginfo24<\/title>\n<meta name=\"robots\" content=\"index, follow, max-snippet:-1, max-image-preview:large, max-video-preview:-1\" \/>\n<link rel=\"canonical\" href=\"https:\/\/loginfo24.com\/nl\/2026\/01\/28\/sandra-kraus-nieuwe-leasing-director-bij-ctp\/\" \/>\n<meta property=\"og:locale\" content=\"nl_NL\" \/>\n<meta property=\"og:type\" content=\"article\" \/>\n<meta property=\"og:title\" content=\"Sandra Kraus nieuwe Leasing Director bij CTP - Loginfo24\" \/>\n<meta property=\"og:description\" content=\"CTP Duitsland heeft Sandra Kraus benoemd tot nieuwe Leasing Director om het verhuur- en verkoopteam in Duitsland te leiden en marktgerichte strategie\u00ebn verder te ontwikkelen.\" \/>\n<meta property=\"og:url\" content=\"https:\/\/loginfo24.com\/nl\/2026\/01\/28\/sandra-kraus-nieuwe-leasing-director-bij-ctp\/\" \/>\n<meta property=\"og:site_name\" content=\"Loginfo24\" \/>\n<meta property=\"article:publisher\" content=\"https:\/\/www.facebook.com\/people\/Loginfo24\/100057360583332\/\" \/>\n<meta property=\"article:published_time\" content=\"2026-01-28T09:19:55+00:00\" \/>\n<meta property=\"og:image\" content=\"https:\/\/loginfo24.com\/wp-content\/uploads\/sites\/7\/2026\/01\/Sandra-Kraus-CTP-scaled-aspect-ratio-1400-788.jpg\" \/>\n\t<meta property=\"og:image:width\" content=\"2260\" \/>\n\t<meta property=\"og:image:height\" content=\"1271\" \/>\n\t<meta property=\"og:image:type\" content=\"image\/jpeg\" \/>\n<meta name=\"author\" content=\"Andreas Haug\" \/>\n<meta name=\"twitter:card\" content=\"summary_large_image\" \/>\n<meta name=\"twitter:label1\" content=\"Geschreven door\" \/>\n\t<meta name=\"twitter:data1\" content=\"Andreas Haug\" \/>\n\t<meta name=\"twitter:label2\" content=\"Geschatte leestijd\" \/>\n\t<meta name=\"twitter:data2\" content=\"2 minuut\" \/>\n<script type=\"application\/ld+json\" class=\"yoast-schema-graph\">{\"@context\":\"https:\\\/\\\/schema.org\",\"@graph\":[{\"@type\":\"Article\",\"@id\":\"https:\\\/\\\/loginfo24.com\\\/nl\\\/2026\\\/01\\\/28\\\/sandra-kraus-nieuwe-leasing-director-bij-ctp\\\/#article\",\"isPartOf\":{\"@id\":\"https:\\\/\\\/loginfo24.com\\\/nl\\\/2026\\\/01\\\/28\\\/sandra-kraus-nieuwe-leasing-director-bij-ctp\\\/\"},\"author\":{\"name\":\"Andreas Haug\",\"@id\":\"https:\\\/\\\/loginfo24.com\\\/nl\\\/#\\\/schema\\\/person\\\/cf538b3157f15afd7589245a4b3dbd25\"},\"headline\":\"Sandra Kraus nieuwe Leasing Director bij CTP\",\"datePublished\":\"2026-01-28T09:19:55+00:00\",\"mainEntityOfPage\":{\"@id\":\"https:\\\/\\\/loginfo24.com\\\/nl\\\/2026\\\/01\\\/28\\\/sandra-kraus-nieuwe-leasing-director-bij-ctp\\\/\"},\"wordCount\":346,\"commentCount\":0,\"publisher\":{\"@id\":\"https:\\\/\\\/loginfo24.com\\\/nl\\\/#organization\"},\"image\":{\"@id\":\"https:\\\/\\\/loginfo24.com\\\/nl\\\/2026\\\/01\\\/28\\\/sandra-kraus-nieuwe-leasing-director-bij-ctp\\\/#primaryimage\"},\"thumbnailUrl\":\"https:\\\/\\\/loginfo24.com\\\/wp-content\\\/uploads\\\/sites\\\/7\\\/2026\\\/01\\\/Sandra-Kraus-CTP-scaled-aspect-ratio-1400-788.jpg\",\"keywords\":[\"activit\u00e9s de vente\",\"BREEAM certification\",\"BREEAM Zertifizierung\",\"certification BREEAM\",\"commercial real estate\",\"croissance de CTP\",\"CTP Allemagne\",\"CTP Deutschland\",\"CTP Germany\",\"Deutsch CTP\",\"d\u00e9veloppement immobilier\",\"Digitalisierung in der Logistik\",\"digitalization in logistics\",\"Directrice de la location\",\"durabilit\u00e9 dans la logistique\",\"\u00e9quipe de location\",\"Fachkr\u00e4ftemangel in der Immobilienbranche\",\"German real estate market\",\"gestion de la cha\u00eene d'approvisionnement\",\"gestion locative\",\"gestionnaire immobilier\",\"Gewerbeimmobilien\",\"growth of CTP Fran\u00e7ais CTP\",\"Immobilienentwicklung\",\"Immobilienmarkt Deutschland\",\"Immobilienverwalter\",\"immobilier commercial\",\"immobilier logistique\",\"industrial properties\",\"Industrieimmobilien\",\"Leasing Director\",\"leasing management\",\"Leasing-Team\",\"logistics real estate\",\"Logistikimmobilien\",\"march\u00e9 immobilier allemand\",\"market strategies\",\"Marktstrategien\",\"Nachhaltigkeit in der Logistik\",\"Nordrhein-Westfalen\",\"North Rhine-Westphalia\",\"num\u00e9risation dans la logistique\",\"p\u00e9nurie de comp\u00e9tences dans le secteur immobilier\",\"property development\",\"property manager\",\"propri\u00e9t\u00e9s industrielles\",\"Rh\u00e9nanie-du-Nord-Westphalie\",\"sales activities\",\"Sandra Kraus\",\"skills shortage in the real estate sector\",\"strat\u00e9gies de march\u00e9\",\"Supply Chain Management\",\"sustainability in logistics\",\"Vermietungsmanagement\",\"Vertriebsaktivit\u00e4ten\",\"Wachstum von CTP English CTP\"],\"articleSection\":[\"Duitsland\",\"Europa\",\"Mensen &amp; Bedrijven\"],\"inLanguage\":\"nl-NL\",\"potentialAction\":[{\"@type\":\"CommentAction\",\"name\":\"Comment\",\"target\":[\"https:\\\/\\\/loginfo24.com\\\/nl\\\/2026\\\/01\\\/28\\\/sandra-kraus-nieuwe-leasing-director-bij-ctp\\\/#respond\"]}]},{\"@type\":\"WebPage\",\"@id\":\"https:\\\/\\\/loginfo24.com\\\/nl\\\/2026\\\/01\\\/28\\\/sandra-kraus-nieuwe-leasing-director-bij-ctp\\\/\",\"url\":\"https:\\\/\\\/loginfo24.com\\\/nl\\\/2026\\\/01\\\/28\\\/sandra-kraus-nieuwe-leasing-director-bij-ctp\\\/\",\"name\":\"Sandra Kraus nieuwe Leasing Director bij CTP - Loginfo24\",\"isPartOf\":{\"@id\":\"https:\\\/\\\/loginfo24.com\\\/nl\\\/#website\"},\"primaryImageOfPage\":{\"@id\":\"https:\\\/\\\/loginfo24.com\\\/nl\\\/2026\\\/01\\\/28\\\/sandra-kraus-nieuwe-leasing-director-bij-ctp\\\/#primaryimage\"},\"image\":{\"@id\":\"https:\\\/\\\/loginfo24.com\\\/nl\\\/2026\\\/01\\\/28\\\/sandra-kraus-nieuwe-leasing-director-bij-ctp\\\/#primaryimage\"},\"thumbnailUrl\":\"https:\\\/\\\/loginfo24.com\\\/wp-content\\\/uploads\\\/sites\\\/7\\\/2026\\\/01\\\/Sandra-Kraus-CTP-scaled-aspect-ratio-1400-788.jpg\",\"datePublished\":\"2026-01-28T09:19:55+00:00\",\"breadcrumb\":{\"@id\":\"https:\\\/\\\/loginfo24.com\\\/nl\\\/2026\\\/01\\\/28\\\/sandra-kraus-nieuwe-leasing-director-bij-ctp\\\/#breadcrumb\"},\"inLanguage\":\"nl-NL\",\"potentialAction\":[{\"@type\":\"ReadAction\",\"target\":[\"https:\\\/\\\/loginfo24.com\\\/nl\\\/2026\\\/01\\\/28\\\/sandra-kraus-nieuwe-leasing-director-bij-ctp\\\/\"]}]},{\"@type\":\"ImageObject\",\"inLanguage\":\"nl-NL\",\"@id\":\"https:\\\/\\\/loginfo24.com\\\/nl\\\/2026\\\/01\\\/28\\\/sandra-kraus-nieuwe-leasing-director-bij-ctp\\\/#primaryimage\",\"url\":\"https:\\\/\\\/loginfo24.com\\\/wp-content\\\/uploads\\\/sites\\\/7\\\/2026\\\/01\\\/Sandra-Kraus-CTP-scaled-aspect-ratio-1400-788.jpg\",\"contentUrl\":\"https:\\\/\\\/loginfo24.com\\\/wp-content\\\/uploads\\\/sites\\\/7\\\/2026\\\/01\\\/Sandra-Kraus-CTP-scaled-aspect-ratio-1400-788.jpg\",\"width\":2260,\"height\":1271},{\"@type\":\"BreadcrumbList\",\"@id\":\"https:\\\/\\\/loginfo24.com\\\/nl\\\/2026\\\/01\\\/28\\\/sandra-kraus-nieuwe-leasing-director-bij-ctp\\\/#breadcrumb\",\"itemListElement\":[{\"@type\":\"ListItem\",\"position\":1,\"name\":\"Startseite\",\"item\":\"https:\\\/\\\/loginfo24.com\\\/nl\\\/\"},{\"@type\":\"ListItem\",\"position\":2,\"name\":\"Sandra Kraus nieuwe Leasing Director bij CTP\"}]},{\"@type\":\"WebSite\",\"@id\":\"https:\\\/\\\/loginfo24.com\\\/nl\\\/#website\",\"url\":\"https:\\\/\\\/loginfo24.com\\\/nl\\\/\",\"name\":\"Loginfo24\",\"description\":\"Loginfo24 is het platform voor logistiek en toeleveringsketens en biedt 24 uur per dag informatie.\",\"publisher\":{\"@id\":\"https:\\\/\\\/loginfo24.com\\\/nl\\\/#organization\"},\"potentialAction\":[{\"@type\":\"SearchAction\",\"target\":{\"@type\":\"EntryPoint\",\"urlTemplate\":\"https:\\\/\\\/loginfo24.com\\\/nl\\\/?s={search_term_string}\"},\"query-input\":{\"@type\":\"PropertyValueSpecification\",\"valueRequired\":true,\"valueName\":\"search_term_string\"}}],\"inLanguage\":\"nl-NL\"},{\"@type\":\"Organization\",\"@id\":\"https:\\\/\\\/loginfo24.com\\\/nl\\\/#organization\",\"name\":\"Logismedia Groep AG\",\"url\":\"https:\\\/\\\/loginfo24.com\\\/nl\\\/\",\"logo\":{\"@type\":\"ImageObject\",\"inLanguage\":\"nl-NL\",\"@id\":\"https:\\\/\\\/loginfo24.com\\\/nl\\\/#\\\/schema\\\/logo\\\/image\\\/\",\"url\":\"https:\\\/\\\/loginfo24.com\\\/wp-content\\\/uploads\\\/sites\\\/7\\\/2026\\\/01\\\/Logo_LogInfo24.png\",\"contentUrl\":\"https:\\\/\\\/loginfo24.com\\\/wp-content\\\/uploads\\\/sites\\\/7\\\/2026\\\/01\\\/Logo_LogInfo24.png\",\"width\":938,\"height\":351,\"caption\":\"Logismedia Groep AG\"},\"image\":{\"@id\":\"https:\\\/\\\/loginfo24.com\\\/nl\\\/#\\\/schema\\\/logo\\\/image\\\/\"},\"sameAs\":[\"https:\\\/\\\/www.facebook.com\\\/people\\\/Loginfo24\\\/100057360583332\\\/\",\"https:\\\/\\\/www.linkedin.com\\\/company\\\/lofinfo24\\\/\"]},{\"@type\":\"Person\",\"@id\":\"https:\\\/\\\/loginfo24.com\\\/nl\\\/#\\\/schema\\\/person\\\/cf538b3157f15afd7589245a4b3dbd25\",\"name\":\"Andreas Haug\",\"url\":\"https:\\\/\\\/loginfo24.com\\\/nl\\\/author\\\/andreas\\\/\"}]}<\/script>\n<!-- \/ Yoast SEO plugin. -->","yoast_head_json":{"title":"Sandra Kraus nieuwe Leasing Director bij CTP - Loginfo24","robots":{"index":"index","follow":"follow","max-snippet":"max-snippet:-1","max-image-preview":"max-image-preview:large","max-video-preview":"max-video-preview:-1"},"canonical":"https:\/\/loginfo24.com\/nl\/2026\/01\/28\/sandra-kraus-nieuwe-leasing-director-bij-ctp\/","og_locale":"nl_NL","og_type":"article","og_title":"Sandra Kraus nieuwe Leasing Director bij CTP - Loginfo24","og_description":"CTP Duitsland heeft Sandra Kraus benoemd tot nieuwe Leasing Director om het verhuur- en verkoopteam in Duitsland te leiden en marktgerichte strategie\u00ebn verder te ontwikkelen.","og_url":"https:\/\/loginfo24.com\/nl\/2026\/01\/28\/sandra-kraus-nieuwe-leasing-director-bij-ctp\/","og_site_name":"Loginfo24","article_publisher":"https:\/\/www.facebook.com\/people\/Loginfo24\/100057360583332\/","article_published_time":"2026-01-28T09:19:55+00:00","og_image":[{"width":2260,"height":1271,"url":"https:\/\/loginfo24.com\/wp-content\/uploads\/sites\/7\/2026\/01\/Sandra-Kraus-CTP-scaled-aspect-ratio-1400-788.jpg","type":"image\/jpeg"}],"author":"Andreas Haug","twitter_card":"summary_large_image","twitter_misc":{"Geschreven door":"Andreas Haug","Geschatte leestijd":"2 minuut"},"schema":{"@context":"https:\/\/schema.org","@graph":[{"@type":"Article","@id":"https:\/\/loginfo24.com\/nl\/2026\/01\/28\/sandra-kraus-nieuwe-leasing-director-bij-ctp\/#article","isPartOf":{"@id":"https:\/\/loginfo24.com\/nl\/2026\/01\/28\/sandra-kraus-nieuwe-leasing-director-bij-ctp\/"},"author":{"name":"Andreas Haug","@id":"https:\/\/loginfo24.com\/nl\/#\/schema\/person\/cf538b3157f15afd7589245a4b3dbd25"},"headline":"Sandra Kraus nieuwe Leasing Director bij CTP","datePublished":"2026-01-28T09:19:55+00:00","mainEntityOfPage":{"@id":"https:\/\/loginfo24.com\/nl\/2026\/01\/28\/sandra-kraus-nieuwe-leasing-director-bij-ctp\/"},"wordCount":346,"commentCount":0,"publisher":{"@id":"https:\/\/loginfo24.com\/nl\/#organization"},"image":{"@id":"https:\/\/loginfo24.com\/nl\/2026\/01\/28\/sandra-kraus-nieuwe-leasing-director-bij-ctp\/#primaryimage"},"thumbnailUrl":"https:\/\/loginfo24.com\/wp-content\/uploads\/sites\/7\/2026\/01\/Sandra-Kraus-CTP-scaled-aspect-ratio-1400-788.jpg","keywords":["activit\u00e9s de vente","BREEAM certification","BREEAM Zertifizierung","certification BREEAM","commercial real estate","croissance de CTP","CTP Allemagne","CTP Deutschland","CTP Germany","Deutsch CTP","d\u00e9veloppement immobilier","Digitalisierung in der Logistik","digitalization in logistics","Directrice de la location","durabilit\u00e9 dans la logistique","\u00e9quipe de location","Fachkr\u00e4ftemangel in der Immobilienbranche","German real estate market","gestion de la cha\u00eene d'approvisionnement","gestion locative","gestionnaire immobilier","Gewerbeimmobilien","growth of CTP Fran\u00e7ais CTP","Immobilienentwicklung","Immobilienmarkt Deutschland","Immobilienverwalter","immobilier commercial","immobilier logistique","industrial properties","Industrieimmobilien","Leasing Director","leasing management","Leasing-Team","logistics real estate","Logistikimmobilien","march\u00e9 immobilier allemand","market strategies","Marktstrategien","Nachhaltigkeit in der Logistik","Nordrhein-Westfalen","North Rhine-Westphalia","num\u00e9risation dans la logistique","p\u00e9nurie de comp\u00e9tences dans le secteur immobilier","property development","property manager","propri\u00e9t\u00e9s industrielles","Rh\u00e9nanie-du-Nord-Westphalie","sales activities","Sandra Kraus","skills shortage in the real estate sector","strat\u00e9gies de march\u00e9","Supply Chain Management","sustainability in logistics","Vermietungsmanagement","Vertriebsaktivit\u00e4ten","Wachstum von CTP English CTP"],"articleSection":["Duitsland","Europa","Mensen &amp; Bedrijven"],"inLanguage":"nl-NL","potentialAction":[{"@type":"CommentAction","name":"Comment","target":["https:\/\/loginfo24.com\/nl\/2026\/01\/28\/sandra-kraus-nieuwe-leasing-director-bij-ctp\/#respond"]}]},{"@type":"WebPage","@id":"https:\/\/loginfo24.com\/nl\/2026\/01\/28\/sandra-kraus-nieuwe-leasing-director-bij-ctp\/","url":"https:\/\/loginfo24.com\/nl\/2026\/01\/28\/sandra-kraus-nieuwe-leasing-director-bij-ctp\/","name":"Sandra Kraus nieuwe Leasing Director bij CTP - Loginfo24","isPartOf":{"@id":"https:\/\/loginfo24.com\/nl\/#website"},"primaryImageOfPage":{"@id":"https:\/\/loginfo24.com\/nl\/2026\/01\/28\/sandra-kraus-nieuwe-leasing-director-bij-ctp\/#primaryimage"},"image":{"@id":"https:\/\/loginfo24.com\/nl\/2026\/01\/28\/sandra-kraus-nieuwe-leasing-director-bij-ctp\/#primaryimage"},"thumbnailUrl":"https:\/\/loginfo24.com\/wp-content\/uploads\/sites\/7\/2026\/01\/Sandra-Kraus-CTP-scaled-aspect-ratio-1400-788.jpg","datePublished":"2026-01-28T09:19:55+00:00","breadcrumb":{"@id":"https:\/\/loginfo24.com\/nl\/2026\/01\/28\/sandra-kraus-nieuwe-leasing-director-bij-ctp\/#breadcrumb"},"inLanguage":"nl-NL","potentialAction":[{"@type":"ReadAction","target":["https:\/\/loginfo24.com\/nl\/2026\/01\/28\/sandra-kraus-nieuwe-leasing-director-bij-ctp\/"]}]},{"@type":"ImageObject","inLanguage":"nl-NL","@id":"https:\/\/loginfo24.com\/nl\/2026\/01\/28\/sandra-kraus-nieuwe-leasing-director-bij-ctp\/#primaryimage","url":"https:\/\/loginfo24.com\/wp-content\/uploads\/sites\/7\/2026\/01\/Sandra-Kraus-CTP-scaled-aspect-ratio-1400-788.jpg","contentUrl":"https:\/\/loginfo24.com\/wp-content\/uploads\/sites\/7\/2026\/01\/Sandra-Kraus-CTP-scaled-aspect-ratio-1400-788.jpg","width":2260,"height":1271},{"@type":"BreadcrumbList","@id":"https:\/\/loginfo24.com\/nl\/2026\/01\/28\/sandra-kraus-nieuwe-leasing-director-bij-ctp\/#breadcrumb","itemListElement":[{"@type":"ListItem","position":1,"name":"Startseite","item":"https:\/\/loginfo24.com\/nl\/"},{"@type":"ListItem","position":2,"name":"Sandra Kraus nieuwe Leasing Director bij CTP"}]},{"@type":"WebSite","@id":"https:\/\/loginfo24.com\/nl\/#website","url":"https:\/\/loginfo24.com\/nl\/","name":"Loginfo24","description":"Loginfo24 is het platform voor logistiek en toeleveringsketens en biedt 24 uur per dag informatie.","publisher":{"@id":"https:\/\/loginfo24.com\/nl\/#organization"},"potentialAction":[{"@type":"SearchAction","target":{"@type":"EntryPoint","urlTemplate":"https:\/\/loginfo24.com\/nl\/?s={search_term_string}"},"query-input":{"@type":"PropertyValueSpecification","valueRequired":true,"valueName":"search_term_string"}}],"inLanguage":"nl-NL"},{"@type":"Organization","@id":"https:\/\/loginfo24.com\/nl\/#organization","name":"Logismedia Groep AG","url":"https:\/\/loginfo24.com\/nl\/","logo":{"@type":"ImageObject","inLanguage":"nl-NL","@id":"https:\/\/loginfo24.com\/nl\/#\/schema\/logo\/image\/","url":"https:\/\/loginfo24.com\/wp-content\/uploads\/sites\/7\/2026\/01\/Logo_LogInfo24.png","contentUrl":"https:\/\/loginfo24.com\/wp-content\/uploads\/sites\/7\/2026\/01\/Logo_LogInfo24.png","width":938,"height":351,"caption":"Logismedia Groep AG"},"image":{"@id":"https:\/\/loginfo24.com\/nl\/#\/schema\/logo\/image\/"},"sameAs":["https:\/\/www.facebook.com\/people\/Loginfo24\/100057360583332\/","https:\/\/www.linkedin.com\/company\/lofinfo24\/"]},{"@type":"Person","@id":"https:\/\/loginfo24.com\/nl\/#\/schema\/person\/cf538b3157f15afd7589245a4b3dbd25","name":"Andreas Haug","url":"https:\/\/loginfo24.com\/nl\/author\/andreas\/"}]}},"_links":{"self":[{"href":"https:\/\/loginfo24.com\/nl\/wp-json\/wp\/v2\/posts\/74076","targetHints":{"allow":["GET"]}}],"collection":[{"href":"https:\/\/loginfo24.com\/nl\/wp-json\/wp\/v2\/posts"}],"about":[{"href":"https:\/\/loginfo24.com\/nl\/wp-json\/wp\/v2\/types\/post"}],"author":[{"embeddable":true,"href":"https:\/\/loginfo24.com\/nl\/wp-json\/wp\/v2\/users\/12"}],"replies":[{"embeddable":true,"href":"https:\/\/loginfo24.com\/nl\/wp-json\/wp\/v2\/comments?post=74076"}],"version-history":[{"count":0,"href":"https:\/\/loginfo24.com\/nl\/wp-json\/wp\/v2\/posts\/74076\/revisions"}],"wp:featuredmedia":[{"embeddable":true,"href":"https:\/\/loginfo24.com\/nl\/wp-json\/wp\/v2\/media\/74070"}],"wp:attachment":[{"href":"https:\/\/loginfo24.com\/nl\/wp-json\/wp\/v2\/media?parent=74076"}],"wp:term":[{"taxonomy":"category","embeddable":true,"href":"https:\/\/loginfo24.com\/nl\/wp-json\/wp\/v2\/categories?post=74076"},{"taxonomy":"post_tag","embeddable":true,"href":"https:\/\/loginfo24.com\/nl\/wp-json\/wp\/v2\/tags?post=74076"}],"curies":[{"name":"wp","href":"https:\/\/api.w.org\/{rel}","templated":true}]}}