{"id":73875,"date":"2026-01-27T12:07:48","date_gmt":"2026-01-27T12:07:48","guid":{"rendered":"https:\/\/loginfo24.com\/2026\/01\/27\/lars-erik-poths-wordt-ceo-van-de-nagel-group\/"},"modified":"2026-01-28T15:51:54","modified_gmt":"2026-01-28T14:51:54","slug":"lars-erik-poths-wordt-ceo-van-de-nagel-group","status":"publish","type":"post","link":"https:\/\/loginfo24.com\/nl\/2026\/01\/27\/lars-erik-poths-wordt-ceo-van-de-nagel-group\/","title":{"rendered":"Lars-Erik Poths wordt CEO van de Nagel-Group."},"content":{"rendered":"<p>Lars-Erik Poths wordt per 1 februari 2026 de nieuwe CEO van de Nagel-Group, een van de toonaangevende levensmiddelenlogistiekers in Europa. Hij volgt Carsten Taucke op, die het bedrijf de afgelopen jaren heeft geleid. Marion Nagel, voorzitter van de Raad van Bestuur, sprak haar tevredenheid uit over de aanstelling van Poths en benadrukte zijn uitgebreide ervaring in de logistieke sector.<\/p>\n<p>Poths, die eerder als Chief Financial Officer (CFO) bij Logwin AG werkte, brengt uitgebreide internationale ervaring mee. In zijn vorige functie was hij verantwoordelijk voor de financi\u00eble afdeling, evenals het duurzaamheids- en kwaliteitsmanagement binnen het bedrijfssegment Air + Ocean. Eerder had hij de leiding in Duitsland en was hij verantwoordelijk voor het productmanagement voor luchtvracht wereldwijd. &#8222;De Nagel-Group is een geweldig bedrijf met spannende toekomstperspectieven. Ik kijk er zeer naar uit om de komende jaren samen met de Raad van Bestuur, het management en gemotiveerde medewerkers als betrouwbare partner van onze klanten een dynamische bedrijfsontwikkeling met continue en duurzame groei vorm te geven,&#8220; verklaarde Poths.<\/p>\n<h3>Strategische richting en toekomstige uitdagingen<\/h3>\n<p>In zijn nieuwe rol zal Poths de koers van het familiebedrijf samen met de Raad van Bestuur en de andere leden van de Board of Directors bepalen. Tot deze leden behoren Jens Kleiner (Chief Operating Officer), Michael L\u00fctjann (Chief Information Officer) en Dr. Holger Werthschulte (Chief Financial Officer). Marion Nagel benadrukte dat de Nagel-Group als familiebedrijf duidelijke waarden en hoge eisen nastreeft. Samen met Poths wil men de leidende rol als aanbieder van alle temperatuurklassen verder uitbouwen.<\/p>\n<p>De Nagel-Group heeft de afgelopen jaren onder leiding van Carsten Taucke structurele aanpassingen doorgevoerd om zich toekomstbestendig op te stellen. &#8222;We danken Carsten Taucke voor zijn succesvolle inzet en zijn betrokkenheid bij de Nagel-Group, die na uitdagende jaren toekomstbestendig is gemaakt,&#8220; aldus Marion Nagel. Poths zal nu de volgende fase van groei vormgeven, waarbij de basis voor toekomstige investeringen al is gelegd.<\/p>\n<p>De Nagel-Group, die een omzet van 2,3 miljard EUR genereert en ongeveer 11.000 medewerkers op meer dan 130 locaties in dienst heeft, is gespecialiseerd in levensmiddelenlogistiek. Dagelijks worden meer dan 105.000 zendingen van droge tot diepgevroren levensmiddelen verplaatst. Het bedrijf biedt op maat gemaakte transport- en contractlogistieke oplossingen aan en heeft zich onder andere gepositioneerd door initiatieven voor decarbonisatie en investeringen in digitale processen.<\/p>\n<p>&nbsp;<\/p>\n<p><a href=\"https:\/\/www.nagel-group.com\/\" target=\"_blank\" rel=\"noopener noreferrer\">www.nagel-group.com<\/a><\/p>\n<p>&nbsp;<\/p>\n","protected":false},"excerpt":{"rendered":"<p>Lars-Erik Poths wordt op 1 februari 2026 CEO van de Nagel-Group en brengt uitgebreide ervaring in de logistieke sector mee om het bedrijf verder te ontwikkelen.<\/p>\n","protected":false},"author":12,"featured_media":73864,"comment_status":"open","ping_status":"open","sticky":false,"template":"","format":"standard","meta":{"_acf_changed":false,"footnotes":""},"categories":[6656,6679,1593,1591],"tags":[7021,7022,6683,2548,7023,2115,2116,2213,7024,6690,2064,7025,2809,7026,2123,7027,2562,2279,2280,7028,7029,2820,2918,2133,2135,1831,2822,6703,2622,2282,7030,7031,7032,1800,3157,7033,2148,7034,7035,3976,7036,4144,2106,2641,7037,7038,2246,1837,2157,7039],"class_list":["post-73875","post","type-post","status-publish","format-standard","has-post-thumbnail","hentry","category-duitsland","category-europa","category-expeditie-logistiek","category-mensen-bedrijven","tag-carsten-taucke","tag-classes-de-temperature","tag-cold-chain-logistics","tag-corporate-governance","tag-deutsch-nagel-group","tag-digitalisierung-in-der-logistik","tag-digitalization-in-logistics","tag-economie-du-transport","tag-employee-motivation","tag-entreprise-familiale","tag-familienunternehmen","tag-family-business","tag-food-logistics","tag-future-proof-logistics-francais-nagel-group","tag-gestion-de-la-chaine-dapprovisionnement","tag-gestion-de-la-qualite","tag-gouvernance-dentreprise","tag-international-logistics","tag-internationale-logistik","tag-kaeltelogistik","tag-lars-erik-poths","tag-lebensmittellogistik","tag-logistics-industry","tag-logistics-service-providers","tag-logistikbranche","tag-logistikdienstleister","tag-logistique-alimentaire","tag-logistique-de-chaine-du-froid","tag-logistique-durable","tag-logistique-internationale","tag-logwin-ag","tag-mitarbeitermotivation","tag-motivation-des-employes","tag-nachhaltige-logistik","tag-numerisation-dans-la-logistique","tag-orientation-strategique","tag-prestataires-de-services-logistiques","tag-qualitaetsmanagement","tag-quality-management","tag-secteur-de-la-logistique","tag-strategic-direction","tag-strategische-ausrichtung","tag-supply-chain-management","tag-sustainable-logistics","tag-temperature-classes","tag-temperaturklassen","tag-transportation-economy","tag-transportwirtschaft","tag-unternehmensfuehrung","tag-zukunftsfaehige-logistik-english-nagel-group"],"acf":[],"yoast_head":"<!-- This site is optimized with the Yoast SEO plugin v27.3 - https:\/\/yoast.com\/product\/yoast-seo-wordpress\/ -->\n<title>Lars-Erik Poths wordt CEO van de Nagel-Group. - Loginfo24<\/title>\n<meta name=\"robots\" content=\"index, follow, max-snippet:-1, max-image-preview:large, max-video-preview:-1\" \/>\n<link rel=\"canonical\" href=\"https:\/\/loginfo24.com\/nl\/2026\/01\/27\/lars-erik-poths-wordt-ceo-van-de-nagel-group\/\" \/>\n<meta property=\"og:locale\" content=\"nl_NL\" \/>\n<meta property=\"og:type\" content=\"article\" \/>\n<meta property=\"og:title\" content=\"Lars-Erik Poths wordt CEO van de Nagel-Group. - Loginfo24\" \/>\n<meta property=\"og:description\" content=\"Lars-Erik Poths wordt op 1 februari 2026 CEO van de Nagel-Group en brengt uitgebreide ervaring in de logistieke sector mee om het bedrijf verder te ontwikkelen.\" \/>\n<meta property=\"og:url\" content=\"https:\/\/loginfo24.com\/nl\/2026\/01\/27\/lars-erik-poths-wordt-ceo-van-de-nagel-group\/\" \/>\n<meta property=\"og:site_name\" content=\"Loginfo24\" \/>\n<meta property=\"article:publisher\" content=\"https:\/\/www.facebook.com\/people\/Loginfo24\/100057360583332\/\" \/>\n<meta property=\"article:published_time\" content=\"2026-01-27T12:07:48+00:00\" \/>\n<meta property=\"article:modified_time\" content=\"2026-01-28T14:51:54+00:00\" \/>\n<meta property=\"og:image\" content=\"https:\/\/loginfo24.com\/wp-content\/uploads\/sites\/7\/2026\/01\/Lars-Erik-Poths-1024x643-1-aspect-ratio-1400-788.png\" \/>\n\t<meta property=\"og:image:width\" content=\"727\" \/>\n\t<meta property=\"og:image:height\" content=\"409\" \/>\n\t<meta property=\"og:image:type\" content=\"image\/png\" \/>\n<meta name=\"author\" content=\"Andreas Haug\" \/>\n<meta name=\"twitter:card\" content=\"summary_large_image\" \/>\n<meta name=\"twitter:label1\" content=\"Geschreven door\" \/>\n\t<meta name=\"twitter:data1\" content=\"Andreas Haug\" \/>\n\t<meta name=\"twitter:label2\" content=\"Geschatte leestijd\" \/>\n\t<meta name=\"twitter:data2\" content=\"2 minuut\" \/>\n<script type=\"application\/ld+json\" class=\"yoast-schema-graph\">{\"@context\":\"https:\\\/\\\/schema.org\",\"@graph\":[{\"@type\":\"Article\",\"@id\":\"https:\\\/\\\/loginfo24.com\\\/nl\\\/2026\\\/01\\\/27\\\/lars-erik-poths-wordt-ceo-van-de-nagel-group\\\/#article\",\"isPartOf\":{\"@id\":\"https:\\\/\\\/loginfo24.com\\\/nl\\\/2026\\\/01\\\/27\\\/lars-erik-poths-wordt-ceo-van-de-nagel-group\\\/\"},\"author\":{\"name\":\"Andreas Haug\",\"@id\":\"https:\\\/\\\/loginfo24.com\\\/nl\\\/#\\\/schema\\\/person\\\/cf538b3157f15afd7589245a4b3dbd25\"},\"headline\":\"Lars-Erik Poths wordt CEO van de Nagel-Group.\",\"datePublished\":\"2026-01-27T12:07:48+00:00\",\"dateModified\":\"2026-01-28T14:51:54+00:00\",\"mainEntityOfPage\":{\"@id\":\"https:\\\/\\\/loginfo24.com\\\/nl\\\/2026\\\/01\\\/27\\\/lars-erik-poths-wordt-ceo-van-de-nagel-group\\\/\"},\"wordCount\":379,\"commentCount\":0,\"publisher\":{\"@id\":\"https:\\\/\\\/loginfo24.com\\\/nl\\\/#organization\"},\"image\":{\"@id\":\"https:\\\/\\\/loginfo24.com\\\/nl\\\/2026\\\/01\\\/27\\\/lars-erik-poths-wordt-ceo-van-de-nagel-group\\\/#primaryimage\"},\"thumbnailUrl\":\"https:\\\/\\\/loginfo24.com\\\/wp-content\\\/uploads\\\/sites\\\/7\\\/2026\\\/01\\\/Lars-Erik-Poths-1024x643-1-aspect-ratio-1400-788.png\",\"keywords\":[\"Carsten Taucke\",\"classes de temp\u00e9rature\",\"cold chain logistics\",\"corporate governance\",\"Deutsch Nagel-Group\",\"Digitalisierung in der Logistik\",\"digitalization in logistics\",\"\u00e9conomie du transport\",\"employee motivation\",\"entreprise familiale\",\"Familienunternehmen\",\"family business\",\"food logistics\",\"future-proof logistics Fran\u00e7ais Nagel-Group\",\"gestion de la cha\u00eene d'approvisionnement\",\"gestion de la qualit\u00e9\",\"gouvernance d'entreprise\",\"international logistics\",\"internationale Logistik\",\"K\u00e4ltelogistik\",\"Lars-Erik Poths\",\"Lebensmittellogistik\",\"logistics industry\",\"logistics service providers\",\"Logistikbranche\",\"Logistikdienstleister\",\"logistique alimentaire\",\"logistique de cha\u00eene du froid\",\"logistique durable\",\"logistique internationale\",\"Logwin AG\",\"Mitarbeitermotivation\",\"motivation des employ\u00e9s\",\"nachhaltige Logistik\",\"num\u00e9risation dans la logistique\",\"orientation strat\u00e9gique\",\"prestataires de services logistiques\",\"Qualit\u00e4tsmanagement\",\"quality management\",\"secteur de la logistique\",\"strategic direction\",\"strategische Ausrichtung\",\"Supply Chain Management\",\"sustainable logistics\",\"temperature classes\",\"Temperaturklassen\",\"transportation economy\",\"Transportwirtschaft\",\"Unternehmensf\u00fchrung\",\"zukunftsf\u00e4hige Logistik English Nagel-Group\"],\"articleSection\":[\"Duitsland\",\"Europa\",\"Expeditie &amp; Logistiek\",\"Mensen &amp; Bedrijven\"],\"inLanguage\":\"nl-NL\",\"potentialAction\":[{\"@type\":\"CommentAction\",\"name\":\"Comment\",\"target\":[\"https:\\\/\\\/loginfo24.com\\\/nl\\\/2026\\\/01\\\/27\\\/lars-erik-poths-wordt-ceo-van-de-nagel-group\\\/#respond\"]}]},{\"@type\":\"WebPage\",\"@id\":\"https:\\\/\\\/loginfo24.com\\\/nl\\\/2026\\\/01\\\/27\\\/lars-erik-poths-wordt-ceo-van-de-nagel-group\\\/\",\"url\":\"https:\\\/\\\/loginfo24.com\\\/nl\\\/2026\\\/01\\\/27\\\/lars-erik-poths-wordt-ceo-van-de-nagel-group\\\/\",\"name\":\"Lars-Erik Poths wordt CEO van de Nagel-Group. - Loginfo24\",\"isPartOf\":{\"@id\":\"https:\\\/\\\/loginfo24.com\\\/nl\\\/#website\"},\"primaryImageOfPage\":{\"@id\":\"https:\\\/\\\/loginfo24.com\\\/nl\\\/2026\\\/01\\\/27\\\/lars-erik-poths-wordt-ceo-van-de-nagel-group\\\/#primaryimage\"},\"image\":{\"@id\":\"https:\\\/\\\/loginfo24.com\\\/nl\\\/2026\\\/01\\\/27\\\/lars-erik-poths-wordt-ceo-van-de-nagel-group\\\/#primaryimage\"},\"thumbnailUrl\":\"https:\\\/\\\/loginfo24.com\\\/wp-content\\\/uploads\\\/sites\\\/7\\\/2026\\\/01\\\/Lars-Erik-Poths-1024x643-1-aspect-ratio-1400-788.png\",\"datePublished\":\"2026-01-27T12:07:48+00:00\",\"dateModified\":\"2026-01-28T14:51:54+00:00\",\"breadcrumb\":{\"@id\":\"https:\\\/\\\/loginfo24.com\\\/nl\\\/2026\\\/01\\\/27\\\/lars-erik-poths-wordt-ceo-van-de-nagel-group\\\/#breadcrumb\"},\"inLanguage\":\"nl-NL\",\"potentialAction\":[{\"@type\":\"ReadAction\",\"target\":[\"https:\\\/\\\/loginfo24.com\\\/nl\\\/2026\\\/01\\\/27\\\/lars-erik-poths-wordt-ceo-van-de-nagel-group\\\/\"]}]},{\"@type\":\"ImageObject\",\"inLanguage\":\"nl-NL\",\"@id\":\"https:\\\/\\\/loginfo24.com\\\/nl\\\/2026\\\/01\\\/27\\\/lars-erik-poths-wordt-ceo-van-de-nagel-group\\\/#primaryimage\",\"url\":\"https:\\\/\\\/loginfo24.com\\\/wp-content\\\/uploads\\\/sites\\\/7\\\/2026\\\/01\\\/Lars-Erik-Poths-1024x643-1-aspect-ratio-1400-788.png\",\"contentUrl\":\"https:\\\/\\\/loginfo24.com\\\/wp-content\\\/uploads\\\/sites\\\/7\\\/2026\\\/01\\\/Lars-Erik-Poths-1024x643-1-aspect-ratio-1400-788.png\",\"width\":727,\"height\":409},{\"@type\":\"BreadcrumbList\",\"@id\":\"https:\\\/\\\/loginfo24.com\\\/nl\\\/2026\\\/01\\\/27\\\/lars-erik-poths-wordt-ceo-van-de-nagel-group\\\/#breadcrumb\",\"itemListElement\":[{\"@type\":\"ListItem\",\"position\":1,\"name\":\"Startseite\",\"item\":\"https:\\\/\\\/loginfo24.com\\\/nl\\\/\"},{\"@type\":\"ListItem\",\"position\":2,\"name\":\"Lars-Erik Poths wordt CEO van de Nagel-Group\"}]},{\"@type\":\"WebSite\",\"@id\":\"https:\\\/\\\/loginfo24.com\\\/nl\\\/#website\",\"url\":\"https:\\\/\\\/loginfo24.com\\\/nl\\\/\",\"name\":\"Loginfo24\",\"description\":\"Loginfo24 is het platform voor logistiek en toeleveringsketens en biedt 24 uur per dag informatie.\",\"publisher\":{\"@id\":\"https:\\\/\\\/loginfo24.com\\\/nl\\\/#organization\"},\"potentialAction\":[{\"@type\":\"SearchAction\",\"target\":{\"@type\":\"EntryPoint\",\"urlTemplate\":\"https:\\\/\\\/loginfo24.com\\\/nl\\\/?s={search_term_string}\"},\"query-input\":{\"@type\":\"PropertyValueSpecification\",\"valueRequired\":true,\"valueName\":\"search_term_string\"}}],\"inLanguage\":\"nl-NL\"},{\"@type\":\"Organization\",\"@id\":\"https:\\\/\\\/loginfo24.com\\\/nl\\\/#organization\",\"name\":\"Logismedia Groep AG\",\"url\":\"https:\\\/\\\/loginfo24.com\\\/nl\\\/\",\"logo\":{\"@type\":\"ImageObject\",\"inLanguage\":\"nl-NL\",\"@id\":\"https:\\\/\\\/loginfo24.com\\\/nl\\\/#\\\/schema\\\/logo\\\/image\\\/\",\"url\":\"https:\\\/\\\/loginfo24.com\\\/wp-content\\\/uploads\\\/sites\\\/7\\\/2026\\\/01\\\/Logo_LogInfo24.png\",\"contentUrl\":\"https:\\\/\\\/loginfo24.com\\\/wp-content\\\/uploads\\\/sites\\\/7\\\/2026\\\/01\\\/Logo_LogInfo24.png\",\"width\":938,\"height\":351,\"caption\":\"Logismedia Groep AG\"},\"image\":{\"@id\":\"https:\\\/\\\/loginfo24.com\\\/nl\\\/#\\\/schema\\\/logo\\\/image\\\/\"},\"sameAs\":[\"https:\\\/\\\/www.facebook.com\\\/people\\\/Loginfo24\\\/100057360583332\\\/\",\"https:\\\/\\\/www.linkedin.com\\\/company\\\/lofinfo24\\\/\"]},{\"@type\":\"Person\",\"@id\":\"https:\\\/\\\/loginfo24.com\\\/nl\\\/#\\\/schema\\\/person\\\/cf538b3157f15afd7589245a4b3dbd25\",\"name\":\"Andreas Haug\",\"url\":\"https:\\\/\\\/loginfo24.com\\\/nl\\\/author\\\/andreas\\\/\"}]}<\/script>\n<!-- \/ Yoast SEO plugin. -->","yoast_head_json":{"title":"Lars-Erik Poths wordt CEO van de Nagel-Group. - Loginfo24","robots":{"index":"index","follow":"follow","max-snippet":"max-snippet:-1","max-image-preview":"max-image-preview:large","max-video-preview":"max-video-preview:-1"},"canonical":"https:\/\/loginfo24.com\/nl\/2026\/01\/27\/lars-erik-poths-wordt-ceo-van-de-nagel-group\/","og_locale":"nl_NL","og_type":"article","og_title":"Lars-Erik Poths wordt CEO van de Nagel-Group. - Loginfo24","og_description":"Lars-Erik Poths wordt op 1 februari 2026 CEO van de Nagel-Group en brengt uitgebreide ervaring in de logistieke sector mee om het bedrijf verder te ontwikkelen.","og_url":"https:\/\/loginfo24.com\/nl\/2026\/01\/27\/lars-erik-poths-wordt-ceo-van-de-nagel-group\/","og_site_name":"Loginfo24","article_publisher":"https:\/\/www.facebook.com\/people\/Loginfo24\/100057360583332\/","article_published_time":"2026-01-27T12:07:48+00:00","article_modified_time":"2026-01-28T14:51:54+00:00","og_image":[{"width":727,"height":409,"url":"https:\/\/loginfo24.com\/wp-content\/uploads\/sites\/7\/2026\/01\/Lars-Erik-Poths-1024x643-1-aspect-ratio-1400-788.png","type":"image\/png"}],"author":"Andreas Haug","twitter_card":"summary_large_image","twitter_misc":{"Geschreven door":"Andreas Haug","Geschatte leestijd":"2 minuut"},"schema":{"@context":"https:\/\/schema.org","@graph":[{"@type":"Article","@id":"https:\/\/loginfo24.com\/nl\/2026\/01\/27\/lars-erik-poths-wordt-ceo-van-de-nagel-group\/#article","isPartOf":{"@id":"https:\/\/loginfo24.com\/nl\/2026\/01\/27\/lars-erik-poths-wordt-ceo-van-de-nagel-group\/"},"author":{"name":"Andreas Haug","@id":"https:\/\/loginfo24.com\/nl\/#\/schema\/person\/cf538b3157f15afd7589245a4b3dbd25"},"headline":"Lars-Erik Poths wordt CEO van de Nagel-Group.","datePublished":"2026-01-27T12:07:48+00:00","dateModified":"2026-01-28T14:51:54+00:00","mainEntityOfPage":{"@id":"https:\/\/loginfo24.com\/nl\/2026\/01\/27\/lars-erik-poths-wordt-ceo-van-de-nagel-group\/"},"wordCount":379,"commentCount":0,"publisher":{"@id":"https:\/\/loginfo24.com\/nl\/#organization"},"image":{"@id":"https:\/\/loginfo24.com\/nl\/2026\/01\/27\/lars-erik-poths-wordt-ceo-van-de-nagel-group\/#primaryimage"},"thumbnailUrl":"https:\/\/loginfo24.com\/wp-content\/uploads\/sites\/7\/2026\/01\/Lars-Erik-Poths-1024x643-1-aspect-ratio-1400-788.png","keywords":["Carsten Taucke","classes de temp\u00e9rature","cold chain logistics","corporate governance","Deutsch Nagel-Group","Digitalisierung in der Logistik","digitalization in logistics","\u00e9conomie du transport","employee motivation","entreprise familiale","Familienunternehmen","family business","food logistics","future-proof logistics Fran\u00e7ais Nagel-Group","gestion de la cha\u00eene d'approvisionnement","gestion de la qualit\u00e9","gouvernance d'entreprise","international logistics","internationale Logistik","K\u00e4ltelogistik","Lars-Erik Poths","Lebensmittellogistik","logistics industry","logistics service providers","Logistikbranche","Logistikdienstleister","logistique alimentaire","logistique de cha\u00eene du froid","logistique durable","logistique internationale","Logwin AG","Mitarbeitermotivation","motivation des employ\u00e9s","nachhaltige Logistik","num\u00e9risation dans la logistique","orientation strat\u00e9gique","prestataires de services logistiques","Qualit\u00e4tsmanagement","quality management","secteur de la logistique","strategic direction","strategische Ausrichtung","Supply Chain Management","sustainable logistics","temperature classes","Temperaturklassen","transportation economy","Transportwirtschaft","Unternehmensf\u00fchrung","zukunftsf\u00e4hige Logistik English Nagel-Group"],"articleSection":["Duitsland","Europa","Expeditie &amp; Logistiek","Mensen &amp; Bedrijven"],"inLanguage":"nl-NL","potentialAction":[{"@type":"CommentAction","name":"Comment","target":["https:\/\/loginfo24.com\/nl\/2026\/01\/27\/lars-erik-poths-wordt-ceo-van-de-nagel-group\/#respond"]}]},{"@type":"WebPage","@id":"https:\/\/loginfo24.com\/nl\/2026\/01\/27\/lars-erik-poths-wordt-ceo-van-de-nagel-group\/","url":"https:\/\/loginfo24.com\/nl\/2026\/01\/27\/lars-erik-poths-wordt-ceo-van-de-nagel-group\/","name":"Lars-Erik Poths wordt CEO van de Nagel-Group. - Loginfo24","isPartOf":{"@id":"https:\/\/loginfo24.com\/nl\/#website"},"primaryImageOfPage":{"@id":"https:\/\/loginfo24.com\/nl\/2026\/01\/27\/lars-erik-poths-wordt-ceo-van-de-nagel-group\/#primaryimage"},"image":{"@id":"https:\/\/loginfo24.com\/nl\/2026\/01\/27\/lars-erik-poths-wordt-ceo-van-de-nagel-group\/#primaryimage"},"thumbnailUrl":"https:\/\/loginfo24.com\/wp-content\/uploads\/sites\/7\/2026\/01\/Lars-Erik-Poths-1024x643-1-aspect-ratio-1400-788.png","datePublished":"2026-01-27T12:07:48+00:00","dateModified":"2026-01-28T14:51:54+00:00","breadcrumb":{"@id":"https:\/\/loginfo24.com\/nl\/2026\/01\/27\/lars-erik-poths-wordt-ceo-van-de-nagel-group\/#breadcrumb"},"inLanguage":"nl-NL","potentialAction":[{"@type":"ReadAction","target":["https:\/\/loginfo24.com\/nl\/2026\/01\/27\/lars-erik-poths-wordt-ceo-van-de-nagel-group\/"]}]},{"@type":"ImageObject","inLanguage":"nl-NL","@id":"https:\/\/loginfo24.com\/nl\/2026\/01\/27\/lars-erik-poths-wordt-ceo-van-de-nagel-group\/#primaryimage","url":"https:\/\/loginfo24.com\/wp-content\/uploads\/sites\/7\/2026\/01\/Lars-Erik-Poths-1024x643-1-aspect-ratio-1400-788.png","contentUrl":"https:\/\/loginfo24.com\/wp-content\/uploads\/sites\/7\/2026\/01\/Lars-Erik-Poths-1024x643-1-aspect-ratio-1400-788.png","width":727,"height":409},{"@type":"BreadcrumbList","@id":"https:\/\/loginfo24.com\/nl\/2026\/01\/27\/lars-erik-poths-wordt-ceo-van-de-nagel-group\/#breadcrumb","itemListElement":[{"@type":"ListItem","position":1,"name":"Startseite","item":"https:\/\/loginfo24.com\/nl\/"},{"@type":"ListItem","position":2,"name":"Lars-Erik Poths wordt CEO van de Nagel-Group"}]},{"@type":"WebSite","@id":"https:\/\/loginfo24.com\/nl\/#website","url":"https:\/\/loginfo24.com\/nl\/","name":"Loginfo24","description":"Loginfo24 is het platform voor logistiek en toeleveringsketens en biedt 24 uur per dag informatie.","publisher":{"@id":"https:\/\/loginfo24.com\/nl\/#organization"},"potentialAction":[{"@type":"SearchAction","target":{"@type":"EntryPoint","urlTemplate":"https:\/\/loginfo24.com\/nl\/?s={search_term_string}"},"query-input":{"@type":"PropertyValueSpecification","valueRequired":true,"valueName":"search_term_string"}}],"inLanguage":"nl-NL"},{"@type":"Organization","@id":"https:\/\/loginfo24.com\/nl\/#organization","name":"Logismedia Groep AG","url":"https:\/\/loginfo24.com\/nl\/","logo":{"@type":"ImageObject","inLanguage":"nl-NL","@id":"https:\/\/loginfo24.com\/nl\/#\/schema\/logo\/image\/","url":"https:\/\/loginfo24.com\/wp-content\/uploads\/sites\/7\/2026\/01\/Logo_LogInfo24.png","contentUrl":"https:\/\/loginfo24.com\/wp-content\/uploads\/sites\/7\/2026\/01\/Logo_LogInfo24.png","width":938,"height":351,"caption":"Logismedia Groep AG"},"image":{"@id":"https:\/\/loginfo24.com\/nl\/#\/schema\/logo\/image\/"},"sameAs":["https:\/\/www.facebook.com\/people\/Loginfo24\/100057360583332\/","https:\/\/www.linkedin.com\/company\/lofinfo24\/"]},{"@type":"Person","@id":"https:\/\/loginfo24.com\/nl\/#\/schema\/person\/cf538b3157f15afd7589245a4b3dbd25","name":"Andreas Haug","url":"https:\/\/loginfo24.com\/nl\/author\/andreas\/"}]}},"_links":{"self":[{"href":"https:\/\/loginfo24.com\/nl\/wp-json\/wp\/v2\/posts\/73875","targetHints":{"allow":["GET"]}}],"collection":[{"href":"https:\/\/loginfo24.com\/nl\/wp-json\/wp\/v2\/posts"}],"about":[{"href":"https:\/\/loginfo24.com\/nl\/wp-json\/wp\/v2\/types\/post"}],"author":[{"embeddable":true,"href":"https:\/\/loginfo24.com\/nl\/wp-json\/wp\/v2\/users\/12"}],"replies":[{"embeddable":true,"href":"https:\/\/loginfo24.com\/nl\/wp-json\/wp\/v2\/comments?post=73875"}],"version-history":[{"count":7,"href":"https:\/\/loginfo24.com\/nl\/wp-json\/wp\/v2\/posts\/73875\/revisions"}],"predecessor-version":[{"id":74128,"href":"https:\/\/loginfo24.com\/nl\/wp-json\/wp\/v2\/posts\/73875\/revisions\/74128"}],"wp:featuredmedia":[{"embeddable":true,"href":"https:\/\/loginfo24.com\/nl\/wp-json\/wp\/v2\/media\/73864"}],"wp:attachment":[{"href":"https:\/\/loginfo24.com\/nl\/wp-json\/wp\/v2\/media?parent=73875"}],"wp:term":[{"taxonomy":"category","embeddable":true,"href":"https:\/\/loginfo24.com\/nl\/wp-json\/wp\/v2\/categories?post=73875"},{"taxonomy":"post_tag","embeddable":true,"href":"https:\/\/loginfo24.com\/nl\/wp-json\/wp\/v2\/tags?post=73875"}],"curies":[{"name":"wp","href":"https:\/\/api.w.org\/{rel}","templated":true}]}}