{"id":73504,"date":"2026-01-23T08:03:06","date_gmt":"2026-01-23T08:03:06","guid":{"rendered":"https:\/\/loginfo24.brand-architecture.at\/2026\/01\/23\/barigs-nieuwjaars-evenement-in-het-jubileumjaar\/"},"modified":"2026-01-23T09:17:34","modified_gmt":"2026-01-23T08:17:34","slug":"barigs-nieuwjaars-evenement-in-het-jubileumjaar","status":"publish","type":"post","link":"https:\/\/loginfo24.com\/nl\/2026\/01\/23\/barigs-nieuwjaars-evenement-in-het-jubileumjaar\/","title":{"rendered":"BARIG: Nieuwjaars evenement in het jubileumjaar"},"content":{"rendered":"<p>Rond de 150 vak- en leidinggevenden uit de nationale en internationale luchtvaartsector kwamen onlangs bijeen in het Hilton Frankfurt Airport Hotel voor het New Year\u2019s Event 2026 van de Board of Airline Representatives in Germany (BARIG) en het Airline Operators Committee Frankfurt (AOC FRA). Het evenement bood een platform voor uitwisseling tussen vertegenwoordigers van luchtvaartmaatschappijen, luchthavenexploitanten, de landelijke politiek, de federale politie, de douane en andere autoriteiten en dienstverleners. Doel was om de uitdagingen van het jaar 2026 te bespreken en de samenwerking in de sector te versterken.<\/p>\n<h3>Jubileum en samenwerking in focus<\/h3>\n<p>Michael Hoppe (midden), voorzitter en uitvoerend directeur van BARIG, benadrukte het belang van het nieuwjaarsevenement als startschot voor het 75-jarig jubileum van de vereniging. \u201cSinds 1951 brengen we de belangen van de luchtvaartmaatschappijen onder de aandacht van de politiek, luchthavens en autoriteiten en bevorderen we de samenwerking,\u201d verklaarde Hoppe. Het hoge aantal deelnemers toont aan hoe belangrijk samenwerking en gezamenlijk handelen zijn voor de luchtvaartlocatie Duitsland.<\/p>\n<p>Klaus Marx (2e van links), voorzitter van AOC FRA, voegde toe dat de nauwe afstemming tussen de verschillende actoren op de luchthaven Frankfurt cruciaal is om kwaliteit en stabiliteit te waarborgen. Hij benadrukte dat evenementen zoals het New Year\u2019s Event het wederzijds begrip bevorderen, dat noodzakelijk is voor toekomstige verbeteringen.<\/p>\n<h3>Politieke impulsen voor de luchtvaart<\/h3>\n<p>In zijn toespraak benadrukte Kaweh Mansoori (2e van rechts), vice-minister-president en Hessische minister van Economie, Energie, Verkeer, Wonen en Plattelandsontwikkeling, de centrale rol van de luchtvaart voor Hessen en Duitsland. Hij noemde de luchthaven Frankfurt een belangrijke economische motor en concurrentiefactor. Mansoori kondigde aan zich in te zetten voor de verlaging van de luchtvaartbelasting en verdere verlichting en effici\u00ebntieverbeteringen in verschillende gebieden te plannen.<\/p>\n<p>Aletta von Massenbach (helemaal rechts), CEO van Flughafen Berlin Brandenburg GmbH en president van de luchthavenvereniging ADV, wees op de grote transformaties waarmee de sector wordt geconfronteerd, waaronder digitalisering en duurzaamheid. Ze benadrukte dat deze uitdagingen alleen gezamenlijk kunnen worden aangepakt en dat het New Year\u2019s Event de kracht van netwerken en de bereidheid tot verandering heeft gedemonstreerd.<\/p>\n<p>Dr. Pierre Dominique Pr\u00fcmm (helemaal links), lid van de raad van bestuur van Fraport AG, onderstreepte de noodzaak van communicatie en samenwerking om de operationele prestaties te verbeteren. Hij pleitte voor een verdere ontwikkeling van de infrastructuur in de luchtvaart en het wegnemen van huidige concurrentienadelen.<\/p>\n<h3>Blik op de toekomst van de luchtvaart<\/h3>\n<p>Het New Year\u2019s Event markeerde voor de BARIG-gemeenschap niet alleen de start van het jaar, maar ook het begin van een jubileumjaar. De vereniging heeft zich sinds haar oprichting in 1951 continu ontwikkeld en zet zich in voor de belangen van de in Duitsland actieve luchtvaartmaatschappijen. BARIG vraagt om eerlijke randvoorwaarden, kosteneffici\u00ebntie en een moderne infrastructuur om de mondiale concurrentiekracht van de luchtvaartlocatie Duitsland te waarborgen.<\/p>\n<p>&nbsp;<\/p>\n<p><a href=\"https:\/\/www.barig.aero\/\" target=\"_blank\" rel=\"noopener noreferrer\">www.barig.aero<\/a><\/p>\n<p>&nbsp;<\/p>\n","protected":false},"excerpt":{"rendered":"<p>Ongeveer 150 vak- en leidinggevenden uit de luchtvaartsector kwamen onlangs in Frankfurt bijeen om uitdagingen te bespreken en de samenwerking voor 2026 te versterken<\/p>\n","protected":false},"author":12,"featured_media":73498,"comment_status":"open","ping_status":"open","sticky":false,"template":"","format":"standard","meta":{"_acf_changed":false,"footnotes":""},"categories":[1594,1591],"tags":[6502,6503,6504,6505,6506,6507,6508,6509,6510,6511,6512,6513,6514,6515,3225,6516,6517,6518,4282,4951,6519,6520,6521,6522,6523,6524,6525,6526,6527,6528,6529,6530,6531,6532,6533,6534,4962,6535,4298,6536,5531,6537,6538,6539,4974,6540,6541,6542,6543,6544,6545,6546,6547,6548],"class_list":["post-73504","post","type-post","status-publish","format-standard","has-post-thumbnail","hentry","category-luchtvracht","category-mensen-bedrijven","tag-75-ans-de-barig","tag-75-jahre-barig-english-air-transport-industry","tag-75-years-barig-francais-secteur-aerien","tag-aeroport-de-francfort","tag-air-traffic-tax","tag-air-transport-location-hesse","tag-airline-operators-committee","tag-airport-operators","tag-amelioration-de-lefficacite-du-transport-aerien","tag-barig","tag-collaboration-dans-laviation","tag-collaboration-in-aviation","tag-comite-des-operateurs-aeriens","tag-competitiveness-airlines","tag-competitivite-des-compagnies-aeriennes","tag-deutsch-luftverkehrsbranche","tag-developpement-des-infrastructures-aeronautiques","tag-digitalisierung-im-luftverkehr","tag-digitalization-in-aviation","tag-durabilite-dans-laviation","tag-economic-significance-air-transport","tag-economie-du-transport-en-allemagne","tag-efficiency-improvement-air-transport","tag-effizienzsteigerung-luftverkehr","tag-emplacement-aerien-hesse","tag-evenement-du-nouvel-an","tag-fachkraeftemangel-luftverkehr","tag-flughafen-frankfurt","tag-flughafenbetreiber","tag-frankfurt-airport","tag-importance-economique-du-transport-aerien","tag-impulsions-politiques-pour-le-transport-aerien","tag-infrastructure-development-aviation","tag-infrastrukturentwicklung-luftverkehr","tag-luftverkehrsstandort-hessen","tag-luftverkehrssteuer","tag-nachhaltigkeit-in-der-luftfahrt","tag-new-years-event","tag-numerisation-dans-laviation","tag-operateurs-daeroport","tag-penurie-de-main-doeuvre-dans-laviation","tag-political-impulses-air-transport","tag-politische-impulse-luftverkehr","tag-skilled-labor-shortage-aviation","tag-sustainability-in-aviation","tag-taxe-sur-le-transport-aerien","tag-transformation-aviation-industry","tag-transformation-du-secteur-aerien","tag-transformation-luftfahrtbranche","tag-transport-economy-germany","tag-transportwirtschaft-deutschland","tag-wettbewerbsfaehigkeit-fluggesellschaften","tag-wirtschaftliche-bedeutung-luftverkehr","tag-zusammenarbeit-in-der-luftfahrt"],"acf":[],"yoast_head":"<!-- This site is optimized with the Yoast SEO plugin v27.3 - https:\/\/yoast.com\/product\/yoast-seo-wordpress\/ -->\n<title>BARIG: Nieuwjaars evenement in het jubileumjaar - Loginfo24<\/title>\n<meta name=\"robots\" content=\"index, follow, max-snippet:-1, max-image-preview:large, max-video-preview:-1\" \/>\n<link rel=\"canonical\" href=\"https:\/\/loginfo24.com\/nl\/2026\/01\/23\/barigs-nieuwjaars-evenement-in-het-jubileumjaar\/\" \/>\n<meta property=\"og:locale\" content=\"nl_NL\" \/>\n<meta property=\"og:type\" content=\"article\" \/>\n<meta property=\"og:title\" content=\"BARIG: Nieuwjaars evenement in het jubileumjaar - Loginfo24\" \/>\n<meta property=\"og:description\" content=\"Ongeveer 150 vak- en leidinggevenden uit de luchtvaartsector kwamen onlangs in Frankfurt bijeen om uitdagingen te bespreken en de samenwerking voor 2026 te versterken\" \/>\n<meta property=\"og:url\" content=\"https:\/\/loginfo24.com\/nl\/2026\/01\/23\/barigs-nieuwjaars-evenement-in-het-jubileumjaar\/\" \/>\n<meta property=\"og:site_name\" content=\"Loginfo24\" \/>\n<meta property=\"article:publisher\" content=\"https:\/\/www.facebook.com\/people\/Loginfo24\/100057360583332\/\" \/>\n<meta property=\"article:published_time\" content=\"2026-01-23T08:03:06+00:00\" \/>\n<meta property=\"article:modified_time\" content=\"2026-01-23T08:17:34+00:00\" \/>\n<meta property=\"og:image\" content=\"https:\/\/loginfo24.com\/wp-content\/uploads\/sites\/7\/2026\/01\/2026_BARIG_AOC_FRA_New_Years_Event-c-BARIG-aspect-ratio-1400-788-1.jpg\" \/>\n\t<meta property=\"og:image:width\" content=\"1582\" \/>\n\t<meta property=\"og:image:height\" content=\"891\" \/>\n\t<meta property=\"og:image:type\" content=\"image\/jpeg\" \/>\n<meta name=\"author\" content=\"Andreas Haug\" \/>\n<meta name=\"twitter:card\" content=\"summary_large_image\" \/>\n<meta name=\"twitter:label1\" content=\"Geschreven door\" \/>\n\t<meta name=\"twitter:data1\" content=\"Andreas Haug\" \/>\n\t<meta name=\"twitter:label2\" content=\"Geschatte leestijd\" \/>\n\t<meta name=\"twitter:data2\" content=\"2 minuut\" \/>\n<script type=\"application\/ld+json\" class=\"yoast-schema-graph\">{\"@context\":\"https:\\\/\\\/schema.org\",\"@graph\":[{\"@type\":\"Article\",\"@id\":\"https:\\\/\\\/loginfo24.com\\\/nl\\\/2026\\\/01\\\/23\\\/barigs-nieuwjaars-evenement-in-het-jubileumjaar\\\/#article\",\"isPartOf\":{\"@id\":\"https:\\\/\\\/loginfo24.com\\\/nl\\\/2026\\\/01\\\/23\\\/barigs-nieuwjaars-evenement-in-het-jubileumjaar\\\/\"},\"author\":{\"name\":\"Andreas Haug\",\"@id\":\"https:\\\/\\\/loginfo24.com\\\/nl\\\/#\\\/schema\\\/person\\\/cf538b3157f15afd7589245a4b3dbd25\"},\"headline\":\"BARIG: Nieuwjaars evenement in het jubileumjaar\",\"datePublished\":\"2026-01-23T08:03:06+00:00\",\"dateModified\":\"2026-01-23T08:17:34+00:00\",\"mainEntityOfPage\":{\"@id\":\"https:\\\/\\\/loginfo24.com\\\/nl\\\/2026\\\/01\\\/23\\\/barigs-nieuwjaars-evenement-in-het-jubileumjaar\\\/\"},\"wordCount\":468,\"commentCount\":0,\"publisher\":{\"@id\":\"https:\\\/\\\/loginfo24.com\\\/nl\\\/#organization\"},\"image\":{\"@id\":\"https:\\\/\\\/loginfo24.com\\\/nl\\\/2026\\\/01\\\/23\\\/barigs-nieuwjaars-evenement-in-het-jubileumjaar\\\/#primaryimage\"},\"thumbnailUrl\":\"https:\\\/\\\/loginfo24.com\\\/wp-content\\\/uploads\\\/sites\\\/7\\\/2026\\\/01\\\/2026_BARIG_AOC_FRA_New_Years_Event-c-BARIG-aspect-ratio-1400-788-1.jpg\",\"keywords\":[\"75 ans de BARIG\",\"75 Jahre BARIG English air transport industry\",\"75 years BARIG Fran\u00e7ais secteur a\u00e9rien\",\"a\u00e9roport de Francfort\",\"air traffic tax\",\"air transport location Hesse\",\"Airline Operators Committee\",\"airport operators\",\"am\u00e9lioration de l'efficacit\u00e9 du transport a\u00e9rien\",\"BARIG\",\"collaboration dans l'aviation\",\"collaboration in aviation\",\"Comit\u00e9 des op\u00e9rateurs a\u00e9riens\",\"competitiveness airlines\",\"comp\u00e9titivit\u00e9 des compagnies a\u00e9riennes\",\"Deutsch Luftverkehrsbranche\",\"d\u00e9veloppement des infrastructures a\u00e9ronautiques\",\"Digitalisierung im Luftverkehr\",\"digitalization in aviation\",\"durabilit\u00e9 dans l'aviation\",\"economic significance air transport\",\"\u00e9conomie du transport en Allemagne\",\"efficiency improvement air transport\",\"Effizienzsteigerung Luftverkehr\",\"emplacement a\u00e9rien Hesse\",\"\u00e9v\u00e9nement du Nouvel An\",\"Fachkr\u00e4ftemangel Luftverkehr\",\"Flughafen Frankfurt\",\"Flughafenbetreiber\",\"Frankfurt Airport\",\"importance \u00e9conomique du transport a\u00e9rien\",\"impulsions politiques pour le transport a\u00e9rien\",\"infrastructure development aviation\",\"Infrastrukturentwicklung Luftverkehr\",\"Luftverkehrsstandort Hessen\",\"Luftverkehrssteuer\",\"Nachhaltigkeit in der Luftfahrt\",\"New Year\u2019s Event\",\"num\u00e9risation dans l'aviation\",\"op\u00e9rateurs d'a\u00e9roport\",\"p\u00e9nurie de main-d'\u0153uvre dans l'aviation\",\"political impulses air transport\",\"politische Impulse Luftverkehr\",\"skilled labor shortage aviation\",\"sustainability in aviation\",\"taxe sur le transport a\u00e9rien\",\"transformation aviation industry\",\"transformation du secteur a\u00e9rien\",\"Transformation Luftfahrtbranche\",\"transport economy Germany\",\"Transportwirtschaft Deutschland\",\"Wettbewerbsf\u00e4higkeit Fluggesellschaften\",\"wirtschaftliche Bedeutung Luftverkehr\",\"Zusammenarbeit in der Luftfahrt\"],\"articleSection\":[\"Luchtvracht\",\"Mensen &amp; Bedrijven\"],\"inLanguage\":\"nl-NL\",\"potentialAction\":[{\"@type\":\"CommentAction\",\"name\":\"Comment\",\"target\":[\"https:\\\/\\\/loginfo24.com\\\/nl\\\/2026\\\/01\\\/23\\\/barigs-nieuwjaars-evenement-in-het-jubileumjaar\\\/#respond\"]}]},{\"@type\":\"WebPage\",\"@id\":\"https:\\\/\\\/loginfo24.com\\\/nl\\\/2026\\\/01\\\/23\\\/barigs-nieuwjaars-evenement-in-het-jubileumjaar\\\/\",\"url\":\"https:\\\/\\\/loginfo24.com\\\/nl\\\/2026\\\/01\\\/23\\\/barigs-nieuwjaars-evenement-in-het-jubileumjaar\\\/\",\"name\":\"BARIG: Nieuwjaars evenement in het jubileumjaar - Loginfo24\",\"isPartOf\":{\"@id\":\"https:\\\/\\\/loginfo24.com\\\/nl\\\/#website\"},\"primaryImageOfPage\":{\"@id\":\"https:\\\/\\\/loginfo24.com\\\/nl\\\/2026\\\/01\\\/23\\\/barigs-nieuwjaars-evenement-in-het-jubileumjaar\\\/#primaryimage\"},\"image\":{\"@id\":\"https:\\\/\\\/loginfo24.com\\\/nl\\\/2026\\\/01\\\/23\\\/barigs-nieuwjaars-evenement-in-het-jubileumjaar\\\/#primaryimage\"},\"thumbnailUrl\":\"https:\\\/\\\/loginfo24.com\\\/wp-content\\\/uploads\\\/sites\\\/7\\\/2026\\\/01\\\/2026_BARIG_AOC_FRA_New_Years_Event-c-BARIG-aspect-ratio-1400-788-1.jpg\",\"datePublished\":\"2026-01-23T08:03:06+00:00\",\"dateModified\":\"2026-01-23T08:17:34+00:00\",\"breadcrumb\":{\"@id\":\"https:\\\/\\\/loginfo24.com\\\/nl\\\/2026\\\/01\\\/23\\\/barigs-nieuwjaars-evenement-in-het-jubileumjaar\\\/#breadcrumb\"},\"inLanguage\":\"nl-NL\",\"potentialAction\":[{\"@type\":\"ReadAction\",\"target\":[\"https:\\\/\\\/loginfo24.com\\\/nl\\\/2026\\\/01\\\/23\\\/barigs-nieuwjaars-evenement-in-het-jubileumjaar\\\/\"]}]},{\"@type\":\"ImageObject\",\"inLanguage\":\"nl-NL\",\"@id\":\"https:\\\/\\\/loginfo24.com\\\/nl\\\/2026\\\/01\\\/23\\\/barigs-nieuwjaars-evenement-in-het-jubileumjaar\\\/#primaryimage\",\"url\":\"https:\\\/\\\/loginfo24.com\\\/wp-content\\\/uploads\\\/sites\\\/7\\\/2026\\\/01\\\/2026_BARIG_AOC_FRA_New_Years_Event-c-BARIG-aspect-ratio-1400-788-1.jpg\",\"contentUrl\":\"https:\\\/\\\/loginfo24.com\\\/wp-content\\\/uploads\\\/sites\\\/7\\\/2026\\\/01\\\/2026_BARIG_AOC_FRA_New_Years_Event-c-BARIG-aspect-ratio-1400-788-1.jpg\",\"width\":1582,\"height\":891},{\"@type\":\"BreadcrumbList\",\"@id\":\"https:\\\/\\\/loginfo24.com\\\/nl\\\/2026\\\/01\\\/23\\\/barigs-nieuwjaars-evenement-in-het-jubileumjaar\\\/#breadcrumb\",\"itemListElement\":[{\"@type\":\"ListItem\",\"position\":1,\"name\":\"Startseite\",\"item\":\"https:\\\/\\\/loginfo24.com\\\/nl\\\/\"},{\"@type\":\"ListItem\",\"position\":2,\"name\":\"BARIG: Nieuwjaars evenement in het jubileumjaar\"}]},{\"@type\":\"WebSite\",\"@id\":\"https:\\\/\\\/loginfo24.com\\\/nl\\\/#website\",\"url\":\"https:\\\/\\\/loginfo24.com\\\/nl\\\/\",\"name\":\"Loginfo24\",\"description\":\"Loginfo24 is het platform voor logistiek en toeleveringsketens en biedt 24 uur per dag informatie.\",\"publisher\":{\"@id\":\"https:\\\/\\\/loginfo24.com\\\/nl\\\/#organization\"},\"potentialAction\":[{\"@type\":\"SearchAction\",\"target\":{\"@type\":\"EntryPoint\",\"urlTemplate\":\"https:\\\/\\\/loginfo24.com\\\/nl\\\/?s={search_term_string}\"},\"query-input\":{\"@type\":\"PropertyValueSpecification\",\"valueRequired\":true,\"valueName\":\"search_term_string\"}}],\"inLanguage\":\"nl-NL\"},{\"@type\":\"Organization\",\"@id\":\"https:\\\/\\\/loginfo24.com\\\/nl\\\/#organization\",\"name\":\"Logismedia Groep AG\",\"url\":\"https:\\\/\\\/loginfo24.com\\\/nl\\\/\",\"logo\":{\"@type\":\"ImageObject\",\"inLanguage\":\"nl-NL\",\"@id\":\"https:\\\/\\\/loginfo24.com\\\/nl\\\/#\\\/schema\\\/logo\\\/image\\\/\",\"url\":\"https:\\\/\\\/loginfo24.com\\\/wp-content\\\/uploads\\\/sites\\\/7\\\/2026\\\/01\\\/Logo_LogInfo24.png\",\"contentUrl\":\"https:\\\/\\\/loginfo24.com\\\/wp-content\\\/uploads\\\/sites\\\/7\\\/2026\\\/01\\\/Logo_LogInfo24.png\",\"width\":938,\"height\":351,\"caption\":\"Logismedia Groep AG\"},\"image\":{\"@id\":\"https:\\\/\\\/loginfo24.com\\\/nl\\\/#\\\/schema\\\/logo\\\/image\\\/\"},\"sameAs\":[\"https:\\\/\\\/www.facebook.com\\\/people\\\/Loginfo24\\\/100057360583332\\\/\",\"https:\\\/\\\/www.linkedin.com\\\/company\\\/lofinfo24\\\/\"]},{\"@type\":\"Person\",\"@id\":\"https:\\\/\\\/loginfo24.com\\\/nl\\\/#\\\/schema\\\/person\\\/cf538b3157f15afd7589245a4b3dbd25\",\"name\":\"Andreas Haug\",\"url\":\"https:\\\/\\\/loginfo24.com\\\/nl\\\/author\\\/andreas\\\/\"}]}<\/script>\n<!-- \/ Yoast SEO plugin. -->","yoast_head_json":{"title":"BARIG: Nieuwjaars evenement in het jubileumjaar - Loginfo24","robots":{"index":"index","follow":"follow","max-snippet":"max-snippet:-1","max-image-preview":"max-image-preview:large","max-video-preview":"max-video-preview:-1"},"canonical":"https:\/\/loginfo24.com\/nl\/2026\/01\/23\/barigs-nieuwjaars-evenement-in-het-jubileumjaar\/","og_locale":"nl_NL","og_type":"article","og_title":"BARIG: Nieuwjaars evenement in het jubileumjaar - Loginfo24","og_description":"Ongeveer 150 vak- en leidinggevenden uit de luchtvaartsector kwamen onlangs in Frankfurt bijeen om uitdagingen te bespreken en de samenwerking voor 2026 te versterken","og_url":"https:\/\/loginfo24.com\/nl\/2026\/01\/23\/barigs-nieuwjaars-evenement-in-het-jubileumjaar\/","og_site_name":"Loginfo24","article_publisher":"https:\/\/www.facebook.com\/people\/Loginfo24\/100057360583332\/","article_published_time":"2026-01-23T08:03:06+00:00","article_modified_time":"2026-01-23T08:17:34+00:00","og_image":[{"width":1582,"height":891,"url":"https:\/\/loginfo24.com\/wp-content\/uploads\/sites\/7\/2026\/01\/2026_BARIG_AOC_FRA_New_Years_Event-c-BARIG-aspect-ratio-1400-788-1.jpg","type":"image\/jpeg"}],"author":"Andreas Haug","twitter_card":"summary_large_image","twitter_misc":{"Geschreven door":"Andreas Haug","Geschatte leestijd":"2 minuut"},"schema":{"@context":"https:\/\/schema.org","@graph":[{"@type":"Article","@id":"https:\/\/loginfo24.com\/nl\/2026\/01\/23\/barigs-nieuwjaars-evenement-in-het-jubileumjaar\/#article","isPartOf":{"@id":"https:\/\/loginfo24.com\/nl\/2026\/01\/23\/barigs-nieuwjaars-evenement-in-het-jubileumjaar\/"},"author":{"name":"Andreas Haug","@id":"https:\/\/loginfo24.com\/nl\/#\/schema\/person\/cf538b3157f15afd7589245a4b3dbd25"},"headline":"BARIG: Nieuwjaars evenement in het jubileumjaar","datePublished":"2026-01-23T08:03:06+00:00","dateModified":"2026-01-23T08:17:34+00:00","mainEntityOfPage":{"@id":"https:\/\/loginfo24.com\/nl\/2026\/01\/23\/barigs-nieuwjaars-evenement-in-het-jubileumjaar\/"},"wordCount":468,"commentCount":0,"publisher":{"@id":"https:\/\/loginfo24.com\/nl\/#organization"},"image":{"@id":"https:\/\/loginfo24.com\/nl\/2026\/01\/23\/barigs-nieuwjaars-evenement-in-het-jubileumjaar\/#primaryimage"},"thumbnailUrl":"https:\/\/loginfo24.com\/wp-content\/uploads\/sites\/7\/2026\/01\/2026_BARIG_AOC_FRA_New_Years_Event-c-BARIG-aspect-ratio-1400-788-1.jpg","keywords":["75 ans de BARIG","75 Jahre BARIG English air transport industry","75 years BARIG Fran\u00e7ais secteur a\u00e9rien","a\u00e9roport de Francfort","air traffic tax","air transport location Hesse","Airline Operators Committee","airport operators","am\u00e9lioration de l'efficacit\u00e9 du transport a\u00e9rien","BARIG","collaboration dans l'aviation","collaboration in aviation","Comit\u00e9 des op\u00e9rateurs a\u00e9riens","competitiveness airlines","comp\u00e9titivit\u00e9 des compagnies a\u00e9riennes","Deutsch Luftverkehrsbranche","d\u00e9veloppement des infrastructures a\u00e9ronautiques","Digitalisierung im Luftverkehr","digitalization in aviation","durabilit\u00e9 dans l'aviation","economic significance air transport","\u00e9conomie du transport en Allemagne","efficiency improvement air transport","Effizienzsteigerung Luftverkehr","emplacement a\u00e9rien Hesse","\u00e9v\u00e9nement du Nouvel An","Fachkr\u00e4ftemangel Luftverkehr","Flughafen Frankfurt","Flughafenbetreiber","Frankfurt Airport","importance \u00e9conomique du transport a\u00e9rien","impulsions politiques pour le transport a\u00e9rien","infrastructure development aviation","Infrastrukturentwicklung Luftverkehr","Luftverkehrsstandort Hessen","Luftverkehrssteuer","Nachhaltigkeit in der Luftfahrt","New Year\u2019s Event","num\u00e9risation dans l'aviation","op\u00e9rateurs d'a\u00e9roport","p\u00e9nurie de main-d'\u0153uvre dans l'aviation","political impulses air transport","politische Impulse Luftverkehr","skilled labor shortage aviation","sustainability in aviation","taxe sur le transport a\u00e9rien","transformation aviation industry","transformation du secteur a\u00e9rien","Transformation Luftfahrtbranche","transport economy Germany","Transportwirtschaft Deutschland","Wettbewerbsf\u00e4higkeit Fluggesellschaften","wirtschaftliche Bedeutung Luftverkehr","Zusammenarbeit in der Luftfahrt"],"articleSection":["Luchtvracht","Mensen &amp; Bedrijven"],"inLanguage":"nl-NL","potentialAction":[{"@type":"CommentAction","name":"Comment","target":["https:\/\/loginfo24.com\/nl\/2026\/01\/23\/barigs-nieuwjaars-evenement-in-het-jubileumjaar\/#respond"]}]},{"@type":"WebPage","@id":"https:\/\/loginfo24.com\/nl\/2026\/01\/23\/barigs-nieuwjaars-evenement-in-het-jubileumjaar\/","url":"https:\/\/loginfo24.com\/nl\/2026\/01\/23\/barigs-nieuwjaars-evenement-in-het-jubileumjaar\/","name":"BARIG: Nieuwjaars evenement in het jubileumjaar - Loginfo24","isPartOf":{"@id":"https:\/\/loginfo24.com\/nl\/#website"},"primaryImageOfPage":{"@id":"https:\/\/loginfo24.com\/nl\/2026\/01\/23\/barigs-nieuwjaars-evenement-in-het-jubileumjaar\/#primaryimage"},"image":{"@id":"https:\/\/loginfo24.com\/nl\/2026\/01\/23\/barigs-nieuwjaars-evenement-in-het-jubileumjaar\/#primaryimage"},"thumbnailUrl":"https:\/\/loginfo24.com\/wp-content\/uploads\/sites\/7\/2026\/01\/2026_BARIG_AOC_FRA_New_Years_Event-c-BARIG-aspect-ratio-1400-788-1.jpg","datePublished":"2026-01-23T08:03:06+00:00","dateModified":"2026-01-23T08:17:34+00:00","breadcrumb":{"@id":"https:\/\/loginfo24.com\/nl\/2026\/01\/23\/barigs-nieuwjaars-evenement-in-het-jubileumjaar\/#breadcrumb"},"inLanguage":"nl-NL","potentialAction":[{"@type":"ReadAction","target":["https:\/\/loginfo24.com\/nl\/2026\/01\/23\/barigs-nieuwjaars-evenement-in-het-jubileumjaar\/"]}]},{"@type":"ImageObject","inLanguage":"nl-NL","@id":"https:\/\/loginfo24.com\/nl\/2026\/01\/23\/barigs-nieuwjaars-evenement-in-het-jubileumjaar\/#primaryimage","url":"https:\/\/loginfo24.com\/wp-content\/uploads\/sites\/7\/2026\/01\/2026_BARIG_AOC_FRA_New_Years_Event-c-BARIG-aspect-ratio-1400-788-1.jpg","contentUrl":"https:\/\/loginfo24.com\/wp-content\/uploads\/sites\/7\/2026\/01\/2026_BARIG_AOC_FRA_New_Years_Event-c-BARIG-aspect-ratio-1400-788-1.jpg","width":1582,"height":891},{"@type":"BreadcrumbList","@id":"https:\/\/loginfo24.com\/nl\/2026\/01\/23\/barigs-nieuwjaars-evenement-in-het-jubileumjaar\/#breadcrumb","itemListElement":[{"@type":"ListItem","position":1,"name":"Startseite","item":"https:\/\/loginfo24.com\/nl\/"},{"@type":"ListItem","position":2,"name":"BARIG: Nieuwjaars evenement in het jubileumjaar"}]},{"@type":"WebSite","@id":"https:\/\/loginfo24.com\/nl\/#website","url":"https:\/\/loginfo24.com\/nl\/","name":"Loginfo24","description":"Loginfo24 is het platform voor logistiek en toeleveringsketens en biedt 24 uur per dag informatie.","publisher":{"@id":"https:\/\/loginfo24.com\/nl\/#organization"},"potentialAction":[{"@type":"SearchAction","target":{"@type":"EntryPoint","urlTemplate":"https:\/\/loginfo24.com\/nl\/?s={search_term_string}"},"query-input":{"@type":"PropertyValueSpecification","valueRequired":true,"valueName":"search_term_string"}}],"inLanguage":"nl-NL"},{"@type":"Organization","@id":"https:\/\/loginfo24.com\/nl\/#organization","name":"Logismedia Groep AG","url":"https:\/\/loginfo24.com\/nl\/","logo":{"@type":"ImageObject","inLanguage":"nl-NL","@id":"https:\/\/loginfo24.com\/nl\/#\/schema\/logo\/image\/","url":"https:\/\/loginfo24.com\/wp-content\/uploads\/sites\/7\/2026\/01\/Logo_LogInfo24.png","contentUrl":"https:\/\/loginfo24.com\/wp-content\/uploads\/sites\/7\/2026\/01\/Logo_LogInfo24.png","width":938,"height":351,"caption":"Logismedia Groep AG"},"image":{"@id":"https:\/\/loginfo24.com\/nl\/#\/schema\/logo\/image\/"},"sameAs":["https:\/\/www.facebook.com\/people\/Loginfo24\/100057360583332\/","https:\/\/www.linkedin.com\/company\/lofinfo24\/"]},{"@type":"Person","@id":"https:\/\/loginfo24.com\/nl\/#\/schema\/person\/cf538b3157f15afd7589245a4b3dbd25","name":"Andreas Haug","url":"https:\/\/loginfo24.com\/nl\/author\/andreas\/"}]}},"_links":{"self":[{"href":"https:\/\/loginfo24.com\/nl\/wp-json\/wp\/v2\/posts\/73504","targetHints":{"allow":["GET"]}}],"collection":[{"href":"https:\/\/loginfo24.com\/nl\/wp-json\/wp\/v2\/posts"}],"about":[{"href":"https:\/\/loginfo24.com\/nl\/wp-json\/wp\/v2\/types\/post"}],"author":[{"embeddable":true,"href":"https:\/\/loginfo24.com\/nl\/wp-json\/wp\/v2\/users\/12"}],"replies":[{"embeddable":true,"href":"https:\/\/loginfo24.com\/nl\/wp-json\/wp\/v2\/comments?post=73504"}],"version-history":[{"count":1,"href":"https:\/\/loginfo24.com\/nl\/wp-json\/wp\/v2\/posts\/73504\/revisions"}],"predecessor-version":[{"id":73511,"href":"https:\/\/loginfo24.com\/nl\/wp-json\/wp\/v2\/posts\/73504\/revisions\/73511"}],"wp:featuredmedia":[{"embeddable":true,"href":"https:\/\/loginfo24.com\/nl\/wp-json\/wp\/v2\/media\/73498"}],"wp:attachment":[{"href":"https:\/\/loginfo24.com\/nl\/wp-json\/wp\/v2\/media?parent=73504"}],"wp:term":[{"taxonomy":"category","embeddable":true,"href":"https:\/\/loginfo24.com\/nl\/wp-json\/wp\/v2\/categories?post=73504"},{"taxonomy":"post_tag","embeddable":true,"href":"https:\/\/loginfo24.com\/nl\/wp-json\/wp\/v2\/tags?post=73504"}],"curies":[{"name":"wp","href":"https:\/\/api.w.org\/{rel}","templated":true}]}}