{"id":73154,"date":"2026-01-15T09:14:04","date_gmt":"2026-01-15T09:14:04","guid":{"rendered":"https:\/\/loginfo24.dashboard.brand-architecture.at\/2026\/01\/15\/segro-huurt-ruimte-van-vinted-go\/"},"modified":"2026-01-15T09:14:04","modified_gmt":"2026-01-15T09:14:04","slug":"segro-huurt-ruimte-van-vinted-go","status":"publish","type":"post","link":"https:\/\/loginfo24.com\/nl\/2026\/01\/15\/segro-huurt-ruimte-van-vinted-go\/","title":{"rendered":"SEGRO huurt ruimte van Vinted Go"},"content":{"rendered":"<p>SEGRO heeft een huurovereenkomst ondertekend met Vinted Go, de logistieke tak van het internationale bedrijf Vinted. De overeenkomst omvat een oppervlakte van 23.351 m\u00b2 in gebouw A van het SEGRO Logistics Park Saint-Martin-de-Crau in Frankrijk. De huurperiode begint in 2026.<\/p>\n<h3>Versterking van de logistiek in Frankrijk<\/h3>\n<p>De nieuwe huurruimte zal Vinted Go in Frankrijk ondersteunen en moet zo de groei van het platform en de ontwikkeling van de levering van tweedehandsproducten bevorderen. Deze overeenkomst benadrukt bovendien de verdieping van een langdurige samenwerking tussen SEGRO en Vinted Go, zoals het bedrijf meedeelt.<\/p>\n<p>De ondertekening van de huurovereenkomst vindt slechts enkele maanden plaats na een andere overeenkomst met een internationaal logistiek bedrijf over een oppervlakte van 41.507 m\u00b2 in hetzelfde gebouw. In totaal zijn in de afgelopen maanden meer dan 65.000 m\u00b2 in het gebouw verhuurd.<\/p>\n<p><a href=\"https:\/\/www.segro.com\/\" target=\"_blank\" rel=\"noopener noreferrer\">www.segro.com<\/a><\/p>\n","protected":false},"excerpt":{"rendered":"<p>SEGRO heeft een huurovereenkomst met Vinted Go ondertekend voor 23.351 m\u00b2 in het SEGRO Logistics Park Saint-Martin-de-Crau om de logistieke effici\u00ebntie in Frankrijk te verhogen<\/p>\n","protected":false},"author":10,"featured_media":73148,"comment_status":"open","ping_status":"open","sticky":false,"template":"","format":"standard","meta":{"_acf_changed":false,"footnotes":""},"categories":[1593],"tags":[5622,5623,5624,5625,5626,5627,2115,2116,5628,5629,5630,2122,5631,3328,3994,5632,5633,5634,2373,5635,5636,5637,5638,4000,2133,5639,5640,1831,5641,5642,2622,5643,5644,5645,5646,1800,3157,4423,5647,5648,5649,2145,5650,5651,2148,5652,5653,5654,5655,5656,5657,2641,5658,5659,5660,5661],"class_list":["post-73154","post","type-post","status-publish","format-standard","has-post-thumbnail","hentry","category-expeditie-logistiek","tag-contrat-de-location-logistique","tag-corridors-en-france","tag-corridors-in-france","tag-croissance-de-la-plateforme","tag-deutsch-segro","tag-developpement-logistique","tag-digitalisierung-in-der-logistik","tag-digitalization-in-logistics","tag-entreprises-de-logistique-internationales","tag-espace-logistique","tag-espace-loue-2026","tag-fachkraeftemangel-logistik","tag-hafenbetrieb-frankreich-english-segro","tag-infrastructure-logistique","tag-infrastruktur-logistik","tag-international-logistics-companies","tag-internationale-logistikunternehmen","tag-korridore-in-frankreich","tag-labor-shortage-logistics","tag-lease-agreement-logistics","tag-leased-space-2026","tag-logistics-development","tag-logistics-france","tag-logistics-infrastructure","tag-logistics-service-providers","tag-logistics-space","tag-logistik-frankreich","tag-logistikdienstleister","tag-logistikentwicklung","tag-logistikpark-saint-martin-de-crau","tag-logistique-durable","tag-logistique-france","tag-logistische-flaechen","tag-mietflaeche-2026","tag-mietvertrag-logistik","tag-nachhaltige-logistik","tag-numerisation-dans-la-logistique","tag-operations-portuaires-france","tag-parc-logistique-saint-martin-de-crau","tag-partenariat-segro-vinted","tag-partnerschaft-segro-vinted","tag-penurie-de-main-doeuvre-logistique","tag-platform-growth","tag-port-operations-france-francais-segro","tag-prestataires-de-services-logistiques","tag-produits-doccasion","tag-saint-martin-de-crau-logistics-park","tag-second-hand-products","tag-second-hand-produkte","tag-secteur-du-transport-france","tag-segro-vinted-partnership","tag-sustainable-logistics","tag-transport-industry-france","tag-transportwirtschaft-frankreich","tag-vinted-go","tag-wachstum-der-plattform"],"acf":[],"yoast_head":"<!-- This site is optimized with the Yoast SEO plugin v27.3 - https:\/\/yoast.com\/product\/yoast-seo-wordpress\/ -->\n<title>SEGRO huurt ruimte van Vinted Go - Loginfo24<\/title>\n<meta name=\"robots\" content=\"index, follow, max-snippet:-1, max-image-preview:large, max-video-preview:-1\" \/>\n<link rel=\"canonical\" href=\"https:\/\/loginfo24.com\/nl\/2026\/01\/15\/segro-huurt-ruimte-van-vinted-go\/\" \/>\n<meta property=\"og:locale\" content=\"nl_NL\" \/>\n<meta property=\"og:type\" content=\"article\" \/>\n<meta property=\"og:title\" content=\"SEGRO huurt ruimte van Vinted Go - Loginfo24\" \/>\n<meta property=\"og:description\" content=\"SEGRO heeft een huurovereenkomst met Vinted Go ondertekend voor 23.351 m\u00b2 in het SEGRO Logistics Park Saint-Martin-de-Crau om de logistieke effici\u00ebntie in Frankrijk te verhogen\" \/>\n<meta property=\"og:url\" content=\"https:\/\/loginfo24.com\/nl\/2026\/01\/15\/segro-huurt-ruimte-van-vinted-go\/\" \/>\n<meta property=\"og:site_name\" content=\"Loginfo24\" \/>\n<meta property=\"article:publisher\" content=\"https:\/\/www.facebook.com\/people\/Loginfo24\/100057360583332\/\" \/>\n<meta property=\"article:published_time\" content=\"2026-01-15T09:14:04+00:00\" \/>\n<meta property=\"og:image\" content=\"https:\/\/loginfo24.com\/wp-content\/uploads\/sites\/7\/2026\/01\/Screenshot-2026-01-15-102346-aspect-ratio-1400-788.jpg\" \/>\n\t<meta property=\"og:image:width\" content=\"1217\" \/>\n\t<meta property=\"og:image:height\" content=\"684\" \/>\n\t<meta property=\"og:image:type\" content=\"image\/jpeg\" \/>\n<meta name=\"author\" content=\"Jeremy Soland\" \/>\n<meta name=\"twitter:card\" content=\"summary_large_image\" \/>\n<meta name=\"twitter:label1\" content=\"Geschreven door\" \/>\n\t<meta name=\"twitter:data1\" content=\"Jeremy Soland\" \/>\n\t<meta name=\"twitter:label2\" content=\"Geschatte leestijd\" \/>\n\t<meta name=\"twitter:data2\" content=\"1 minuut\" \/>\n<script type=\"application\/ld+json\" class=\"yoast-schema-graph\">{\"@context\":\"https:\\\/\\\/schema.org\",\"@graph\":[{\"@type\":\"Article\",\"@id\":\"https:\\\/\\\/loginfo24.com\\\/nl\\\/2026\\\/01\\\/15\\\/segro-huurt-ruimte-van-vinted-go\\\/#article\",\"isPartOf\":{\"@id\":\"https:\\\/\\\/loginfo24.com\\\/nl\\\/2026\\\/01\\\/15\\\/segro-huurt-ruimte-van-vinted-go\\\/\"},\"author\":{\"name\":\"Jeremy Soland\",\"@id\":\"https:\\\/\\\/loginfo24.com\\\/nl\\\/#\\\/schema\\\/person\\\/41d36b5474b623392fa613e97e2363fa\"},\"headline\":\"SEGRO huurt ruimte van Vinted Go\",\"datePublished\":\"2026-01-15T09:14:04+00:00\",\"mainEntityOfPage\":{\"@id\":\"https:\\\/\\\/loginfo24.com\\\/nl\\\/2026\\\/01\\\/15\\\/segro-huurt-ruimte-van-vinted-go\\\/\"},\"wordCount\":139,\"commentCount\":0,\"publisher\":{\"@id\":\"https:\\\/\\\/loginfo24.com\\\/nl\\\/#organization\"},\"image\":{\"@id\":\"https:\\\/\\\/loginfo24.com\\\/nl\\\/2026\\\/01\\\/15\\\/segro-huurt-ruimte-van-vinted-go\\\/#primaryimage\"},\"thumbnailUrl\":\"https:\\\/\\\/loginfo24.com\\\/wp-content\\\/uploads\\\/sites\\\/7\\\/2026\\\/01\\\/Screenshot-2026-01-15-102346-aspect-ratio-1400-788.jpg\",\"keywords\":[\"contrat de location logistique\",\"corridors en France\",\"corridors in France\",\"croissance de la plateforme\",\"Deutsch SEGRO\",\"d\u00e9veloppement logistique\",\"Digitalisierung in der Logistik\",\"digitalization in logistics\",\"entreprises de logistique internationales\",\"espace logistique\",\"espace lou\u00e9 2026\",\"Fachkr\u00e4ftemangel Logistik\",\"Hafenbetrieb Frankreich English SEGRO\",\"infrastructure logistique\",\"Infrastruktur Logistik\",\"international logistics companies\",\"internationale Logistikunternehmen\",\"Korridore in Frankreich\",\"labor shortage logistics\",\"lease agreement logistics\",\"leased space 2026\",\"logistics development\",\"logistics France\",\"logistics infrastructure\",\"logistics service providers\",\"logistics space\",\"Logistik Frankreich\",\"Logistikdienstleister\",\"Logistikentwicklung\",\"Logistikpark Saint-Martin-de-Crau\",\"logistique durable\",\"logistique France\",\"logistische Fl\u00e4chen\",\"Mietfl\u00e4che 2026\",\"Mietvertrag Logistik\",\"nachhaltige Logistik\",\"num\u00e9risation dans la logistique\",\"op\u00e9rations portuaires France\",\"parc logistique Saint-Martin-de-Crau\",\"partenariat SEGRO Vinted\",\"Partnerschaft SEGRO Vinted\",\"p\u00e9nurie de main-d'\u0153uvre logistique\",\"platform growth\",\"port operations France Fran\u00e7ais SEGRO\",\"prestataires de services logistiques\",\"produits d'occasion\",\"Saint-Martin-de-Crau logistics park\",\"second-hand products\",\"Second-Hand-Produkte\",\"secteur du transport France\",\"SEGRO Vinted partnership\",\"sustainable logistics\",\"transport industry France\",\"Transportwirtschaft Frankreich\",\"Vinted Go\",\"Wachstum der Plattform\"],\"articleSection\":[\"Expeditie &amp; Logistiek\"],\"inLanguage\":\"nl-NL\",\"potentialAction\":[{\"@type\":\"CommentAction\",\"name\":\"Comment\",\"target\":[\"https:\\\/\\\/loginfo24.com\\\/nl\\\/2026\\\/01\\\/15\\\/segro-huurt-ruimte-van-vinted-go\\\/#respond\"]}]},{\"@type\":\"WebPage\",\"@id\":\"https:\\\/\\\/loginfo24.com\\\/nl\\\/2026\\\/01\\\/15\\\/segro-huurt-ruimte-van-vinted-go\\\/\",\"url\":\"https:\\\/\\\/loginfo24.com\\\/nl\\\/2026\\\/01\\\/15\\\/segro-huurt-ruimte-van-vinted-go\\\/\",\"name\":\"SEGRO huurt ruimte van Vinted Go - Loginfo24\",\"isPartOf\":{\"@id\":\"https:\\\/\\\/loginfo24.com\\\/nl\\\/#website\"},\"primaryImageOfPage\":{\"@id\":\"https:\\\/\\\/loginfo24.com\\\/nl\\\/2026\\\/01\\\/15\\\/segro-huurt-ruimte-van-vinted-go\\\/#primaryimage\"},\"image\":{\"@id\":\"https:\\\/\\\/loginfo24.com\\\/nl\\\/2026\\\/01\\\/15\\\/segro-huurt-ruimte-van-vinted-go\\\/#primaryimage\"},\"thumbnailUrl\":\"https:\\\/\\\/loginfo24.com\\\/wp-content\\\/uploads\\\/sites\\\/7\\\/2026\\\/01\\\/Screenshot-2026-01-15-102346-aspect-ratio-1400-788.jpg\",\"datePublished\":\"2026-01-15T09:14:04+00:00\",\"breadcrumb\":{\"@id\":\"https:\\\/\\\/loginfo24.com\\\/nl\\\/2026\\\/01\\\/15\\\/segro-huurt-ruimte-van-vinted-go\\\/#breadcrumb\"},\"inLanguage\":\"nl-NL\",\"potentialAction\":[{\"@type\":\"ReadAction\",\"target\":[\"https:\\\/\\\/loginfo24.com\\\/nl\\\/2026\\\/01\\\/15\\\/segro-huurt-ruimte-van-vinted-go\\\/\"]}]},{\"@type\":\"ImageObject\",\"inLanguage\":\"nl-NL\",\"@id\":\"https:\\\/\\\/loginfo24.com\\\/nl\\\/2026\\\/01\\\/15\\\/segro-huurt-ruimte-van-vinted-go\\\/#primaryimage\",\"url\":\"https:\\\/\\\/loginfo24.com\\\/wp-content\\\/uploads\\\/sites\\\/7\\\/2026\\\/01\\\/Screenshot-2026-01-15-102346-aspect-ratio-1400-788.jpg\",\"contentUrl\":\"https:\\\/\\\/loginfo24.com\\\/wp-content\\\/uploads\\\/sites\\\/7\\\/2026\\\/01\\\/Screenshot-2026-01-15-102346-aspect-ratio-1400-788.jpg\",\"width\":1217,\"height\":684},{\"@type\":\"BreadcrumbList\",\"@id\":\"https:\\\/\\\/loginfo24.com\\\/nl\\\/2026\\\/01\\\/15\\\/segro-huurt-ruimte-van-vinted-go\\\/#breadcrumb\",\"itemListElement\":[{\"@type\":\"ListItem\",\"position\":1,\"name\":\"Startseite\",\"item\":\"https:\\\/\\\/loginfo24.com\\\/nl\\\/\"},{\"@type\":\"ListItem\",\"position\":2,\"name\":\"SEGRO huurt ruimte van Vinted Go\"}]},{\"@type\":\"WebSite\",\"@id\":\"https:\\\/\\\/loginfo24.com\\\/nl\\\/#website\",\"url\":\"https:\\\/\\\/loginfo24.com\\\/nl\\\/\",\"name\":\"Loginfo24\",\"description\":\"Loginfo24 is het platform voor logistiek en toeleveringsketens en biedt 24 uur per dag informatie.\",\"publisher\":{\"@id\":\"https:\\\/\\\/loginfo24.com\\\/nl\\\/#organization\"},\"potentialAction\":[{\"@type\":\"SearchAction\",\"target\":{\"@type\":\"EntryPoint\",\"urlTemplate\":\"https:\\\/\\\/loginfo24.com\\\/nl\\\/?s={search_term_string}\"},\"query-input\":{\"@type\":\"PropertyValueSpecification\",\"valueRequired\":true,\"valueName\":\"search_term_string\"}}],\"inLanguage\":\"nl-NL\"},{\"@type\":\"Organization\",\"@id\":\"https:\\\/\\\/loginfo24.com\\\/nl\\\/#organization\",\"name\":\"Logismedia Groep AG\",\"url\":\"https:\\\/\\\/loginfo24.com\\\/nl\\\/\",\"logo\":{\"@type\":\"ImageObject\",\"inLanguage\":\"nl-NL\",\"@id\":\"https:\\\/\\\/loginfo24.com\\\/nl\\\/#\\\/schema\\\/logo\\\/image\\\/\",\"url\":\"https:\\\/\\\/loginfo24.com\\\/wp-content\\\/uploads\\\/sites\\\/7\\\/2026\\\/01\\\/Logo_LogInfo24.png\",\"contentUrl\":\"https:\\\/\\\/loginfo24.com\\\/wp-content\\\/uploads\\\/sites\\\/7\\\/2026\\\/01\\\/Logo_LogInfo24.png\",\"width\":938,\"height\":351,\"caption\":\"Logismedia Groep AG\"},\"image\":{\"@id\":\"https:\\\/\\\/loginfo24.com\\\/nl\\\/#\\\/schema\\\/logo\\\/image\\\/\"},\"sameAs\":[\"https:\\\/\\\/www.facebook.com\\\/people\\\/Loginfo24\\\/100057360583332\\\/\",\"https:\\\/\\\/www.linkedin.com\\\/company\\\/lofinfo24\\\/\"]},{\"@type\":\"Person\",\"@id\":\"https:\\\/\\\/loginfo24.com\\\/nl\\\/#\\\/schema\\\/person\\\/41d36b5474b623392fa613e97e2363fa\",\"name\":\"Jeremy Soland\",\"url\":\"https:\\\/\\\/loginfo24.com\\\/nl\\\/author\\\/jeremy\\\/\"}]}<\/script>\n<!-- \/ Yoast SEO plugin. -->","yoast_head_json":{"title":"SEGRO huurt ruimte van Vinted Go - Loginfo24","robots":{"index":"index","follow":"follow","max-snippet":"max-snippet:-1","max-image-preview":"max-image-preview:large","max-video-preview":"max-video-preview:-1"},"canonical":"https:\/\/loginfo24.com\/nl\/2026\/01\/15\/segro-huurt-ruimte-van-vinted-go\/","og_locale":"nl_NL","og_type":"article","og_title":"SEGRO huurt ruimte van Vinted Go - Loginfo24","og_description":"SEGRO heeft een huurovereenkomst met Vinted Go ondertekend voor 23.351 m\u00b2 in het SEGRO Logistics Park Saint-Martin-de-Crau om de logistieke effici\u00ebntie in Frankrijk te verhogen","og_url":"https:\/\/loginfo24.com\/nl\/2026\/01\/15\/segro-huurt-ruimte-van-vinted-go\/","og_site_name":"Loginfo24","article_publisher":"https:\/\/www.facebook.com\/people\/Loginfo24\/100057360583332\/","article_published_time":"2026-01-15T09:14:04+00:00","og_image":[{"width":1217,"height":684,"url":"https:\/\/loginfo24.com\/wp-content\/uploads\/sites\/7\/2026\/01\/Screenshot-2026-01-15-102346-aspect-ratio-1400-788.jpg","type":"image\/jpeg"}],"author":"Jeremy Soland","twitter_card":"summary_large_image","twitter_misc":{"Geschreven door":"Jeremy Soland","Geschatte leestijd":"1 minuut"},"schema":{"@context":"https:\/\/schema.org","@graph":[{"@type":"Article","@id":"https:\/\/loginfo24.com\/nl\/2026\/01\/15\/segro-huurt-ruimte-van-vinted-go\/#article","isPartOf":{"@id":"https:\/\/loginfo24.com\/nl\/2026\/01\/15\/segro-huurt-ruimte-van-vinted-go\/"},"author":{"name":"Jeremy Soland","@id":"https:\/\/loginfo24.com\/nl\/#\/schema\/person\/41d36b5474b623392fa613e97e2363fa"},"headline":"SEGRO huurt ruimte van Vinted Go","datePublished":"2026-01-15T09:14:04+00:00","mainEntityOfPage":{"@id":"https:\/\/loginfo24.com\/nl\/2026\/01\/15\/segro-huurt-ruimte-van-vinted-go\/"},"wordCount":139,"commentCount":0,"publisher":{"@id":"https:\/\/loginfo24.com\/nl\/#organization"},"image":{"@id":"https:\/\/loginfo24.com\/nl\/2026\/01\/15\/segro-huurt-ruimte-van-vinted-go\/#primaryimage"},"thumbnailUrl":"https:\/\/loginfo24.com\/wp-content\/uploads\/sites\/7\/2026\/01\/Screenshot-2026-01-15-102346-aspect-ratio-1400-788.jpg","keywords":["contrat de location logistique","corridors en France","corridors in France","croissance de la plateforme","Deutsch SEGRO","d\u00e9veloppement logistique","Digitalisierung in der Logistik","digitalization in logistics","entreprises de logistique internationales","espace logistique","espace lou\u00e9 2026","Fachkr\u00e4ftemangel Logistik","Hafenbetrieb Frankreich English SEGRO","infrastructure logistique","Infrastruktur Logistik","international logistics companies","internationale Logistikunternehmen","Korridore in Frankreich","labor shortage logistics","lease agreement logistics","leased space 2026","logistics development","logistics France","logistics infrastructure","logistics service providers","logistics space","Logistik Frankreich","Logistikdienstleister","Logistikentwicklung","Logistikpark Saint-Martin-de-Crau","logistique durable","logistique France","logistische Fl\u00e4chen","Mietfl\u00e4che 2026","Mietvertrag Logistik","nachhaltige Logistik","num\u00e9risation dans la logistique","op\u00e9rations portuaires France","parc logistique Saint-Martin-de-Crau","partenariat SEGRO Vinted","Partnerschaft SEGRO Vinted","p\u00e9nurie de main-d'\u0153uvre logistique","platform growth","port operations France Fran\u00e7ais SEGRO","prestataires de services logistiques","produits d'occasion","Saint-Martin-de-Crau logistics park","second-hand products","Second-Hand-Produkte","secteur du transport France","SEGRO Vinted partnership","sustainable logistics","transport industry France","Transportwirtschaft Frankreich","Vinted Go","Wachstum der Plattform"],"articleSection":["Expeditie &amp; Logistiek"],"inLanguage":"nl-NL","potentialAction":[{"@type":"CommentAction","name":"Comment","target":["https:\/\/loginfo24.com\/nl\/2026\/01\/15\/segro-huurt-ruimte-van-vinted-go\/#respond"]}]},{"@type":"WebPage","@id":"https:\/\/loginfo24.com\/nl\/2026\/01\/15\/segro-huurt-ruimte-van-vinted-go\/","url":"https:\/\/loginfo24.com\/nl\/2026\/01\/15\/segro-huurt-ruimte-van-vinted-go\/","name":"SEGRO huurt ruimte van Vinted Go - Loginfo24","isPartOf":{"@id":"https:\/\/loginfo24.com\/nl\/#website"},"primaryImageOfPage":{"@id":"https:\/\/loginfo24.com\/nl\/2026\/01\/15\/segro-huurt-ruimte-van-vinted-go\/#primaryimage"},"image":{"@id":"https:\/\/loginfo24.com\/nl\/2026\/01\/15\/segro-huurt-ruimte-van-vinted-go\/#primaryimage"},"thumbnailUrl":"https:\/\/loginfo24.com\/wp-content\/uploads\/sites\/7\/2026\/01\/Screenshot-2026-01-15-102346-aspect-ratio-1400-788.jpg","datePublished":"2026-01-15T09:14:04+00:00","breadcrumb":{"@id":"https:\/\/loginfo24.com\/nl\/2026\/01\/15\/segro-huurt-ruimte-van-vinted-go\/#breadcrumb"},"inLanguage":"nl-NL","potentialAction":[{"@type":"ReadAction","target":["https:\/\/loginfo24.com\/nl\/2026\/01\/15\/segro-huurt-ruimte-van-vinted-go\/"]}]},{"@type":"ImageObject","inLanguage":"nl-NL","@id":"https:\/\/loginfo24.com\/nl\/2026\/01\/15\/segro-huurt-ruimte-van-vinted-go\/#primaryimage","url":"https:\/\/loginfo24.com\/wp-content\/uploads\/sites\/7\/2026\/01\/Screenshot-2026-01-15-102346-aspect-ratio-1400-788.jpg","contentUrl":"https:\/\/loginfo24.com\/wp-content\/uploads\/sites\/7\/2026\/01\/Screenshot-2026-01-15-102346-aspect-ratio-1400-788.jpg","width":1217,"height":684},{"@type":"BreadcrumbList","@id":"https:\/\/loginfo24.com\/nl\/2026\/01\/15\/segro-huurt-ruimte-van-vinted-go\/#breadcrumb","itemListElement":[{"@type":"ListItem","position":1,"name":"Startseite","item":"https:\/\/loginfo24.com\/nl\/"},{"@type":"ListItem","position":2,"name":"SEGRO huurt ruimte van Vinted Go"}]},{"@type":"WebSite","@id":"https:\/\/loginfo24.com\/nl\/#website","url":"https:\/\/loginfo24.com\/nl\/","name":"Loginfo24","description":"Loginfo24 is het platform voor logistiek en toeleveringsketens en biedt 24 uur per dag informatie.","publisher":{"@id":"https:\/\/loginfo24.com\/nl\/#organization"},"potentialAction":[{"@type":"SearchAction","target":{"@type":"EntryPoint","urlTemplate":"https:\/\/loginfo24.com\/nl\/?s={search_term_string}"},"query-input":{"@type":"PropertyValueSpecification","valueRequired":true,"valueName":"search_term_string"}}],"inLanguage":"nl-NL"},{"@type":"Organization","@id":"https:\/\/loginfo24.com\/nl\/#organization","name":"Logismedia Groep AG","url":"https:\/\/loginfo24.com\/nl\/","logo":{"@type":"ImageObject","inLanguage":"nl-NL","@id":"https:\/\/loginfo24.com\/nl\/#\/schema\/logo\/image\/","url":"https:\/\/loginfo24.com\/wp-content\/uploads\/sites\/7\/2026\/01\/Logo_LogInfo24.png","contentUrl":"https:\/\/loginfo24.com\/wp-content\/uploads\/sites\/7\/2026\/01\/Logo_LogInfo24.png","width":938,"height":351,"caption":"Logismedia Groep AG"},"image":{"@id":"https:\/\/loginfo24.com\/nl\/#\/schema\/logo\/image\/"},"sameAs":["https:\/\/www.facebook.com\/people\/Loginfo24\/100057360583332\/","https:\/\/www.linkedin.com\/company\/lofinfo24\/"]},{"@type":"Person","@id":"https:\/\/loginfo24.com\/nl\/#\/schema\/person\/41d36b5474b623392fa613e97e2363fa","name":"Jeremy Soland","url":"https:\/\/loginfo24.com\/nl\/author\/jeremy\/"}]}},"_links":{"self":[{"href":"https:\/\/loginfo24.com\/nl\/wp-json\/wp\/v2\/posts\/73154","targetHints":{"allow":["GET"]}}],"collection":[{"href":"https:\/\/loginfo24.com\/nl\/wp-json\/wp\/v2\/posts"}],"about":[{"href":"https:\/\/loginfo24.com\/nl\/wp-json\/wp\/v2\/types\/post"}],"author":[{"embeddable":true,"href":"https:\/\/loginfo24.com\/nl\/wp-json\/wp\/v2\/users\/10"}],"replies":[{"embeddable":true,"href":"https:\/\/loginfo24.com\/nl\/wp-json\/wp\/v2\/comments?post=73154"}],"version-history":[{"count":0,"href":"https:\/\/loginfo24.com\/nl\/wp-json\/wp\/v2\/posts\/73154\/revisions"}],"wp:featuredmedia":[{"embeddable":true,"href":"https:\/\/loginfo24.com\/nl\/wp-json\/wp\/v2\/media\/73148"}],"wp:attachment":[{"href":"https:\/\/loginfo24.com\/nl\/wp-json\/wp\/v2\/media?parent=73154"}],"wp:term":[{"taxonomy":"category","embeddable":true,"href":"https:\/\/loginfo24.com\/nl\/wp-json\/wp\/v2\/categories?post=73154"},{"taxonomy":"post_tag","embeddable":true,"href":"https:\/\/loginfo24.com\/nl\/wp-json\/wp\/v2\/tags?post=73154"}],"curies":[{"name":"wp","href":"https:\/\/api.w.org\/{rel}","templated":true}]}}