{"id":70736,"date":"2025-10-14T13:21:15","date_gmt":"2025-10-14T11:21:15","guid":{"rendered":"https:\/\/blog.brand-architecture.at\/2025\/10\/14\/gebruder-weiss-is-al-25-jaar-actief-in-kroatie\/"},"modified":"2025-10-14T13:21:15","modified_gmt":"2025-10-14T11:21:15","slug":"gebruder-weiss-is-al-25-jaar-actief-in-kroatie","status":"publish","type":"post","link":"https:\/\/loginfo24.com\/nl\/2025\/10\/14\/gebruder-weiss-is-al-25-jaar-actief-in-kroatie\/","title":{"rendered":"Gebr\u00fcder Weiss is al 25 jaar actief in Kroati\u00eb"},"content":{"rendered":"<div class=\"ppmodule_textblock pp_moduleblock\">\n<div class=\"text_companyprofile\">\n<div class=\"pp-overflow-hidden pp-min-width-5\">\n<h5>25 jaar geleden opende Gebr\u00fcder Weiss zijn eerste vestiging in Kroati\u00eb. Destijds begon het land net aan zijn economische transformatie. Vandaag de dag trekt het internationale logistieke bedrijf een positieve balans op. Sinds de markttoetreding in 2000 heeft Gebr\u00fcder Weiss continu ge\u00efnvesteerd in infrastructuur, digitalisering en de uitbreiding van zijn diensten. Op de drie locaties in Zagreb, Rijeka en Split biedt het bedrijf uitgebreide oplossingen op het gebied van wegvervoer, logistieke oplossingen, lucht- en zeevracht aan.<\/h5>\n<p>(Lauterach\/Zagreb) Op het hoofdkantoor dat in 2019 in Zagreb werd opgericht, is onlangs het logistiek terminal uitgebreid, waardoor de logistieke oppervlakte meer dan 20.000 vierkante meter bedraagt. Hiermee reageert Gebr\u00fcder Weiss op de gestegen klantvraag in het internationale en nationale goederenvervoer.<\/p>\n<p>\u201eWe hebben vroeg in het potentieel van Kroati\u00eb geloofd en dat heeft zich uitbetaald. De economische ontwikkeling van het land sinds het EU-lidmaatschap en de integratie in de Schengen- en Eurozone waren cruciale katalysatoren voor ons bedrijf,\u201d zegt Wolfram Senger-Weiss, voorzitter van de directie van Gebr\u00fcder Weiss, ter gelegenheid van het bedrijfsjubileum.<\/p>\n<p>Bijzonder dynamisch ontwikkelde zich de <a href=\"https:\/\/www.gw-world.com\/at\/loesungen\/transport\/landverkehr\/home-delivery\">Home Delivery<\/a>-activiteit als gevolg van de e-commerceboom. Vooral in de toeristische gebieden aan de Kroatische Adriatische kust blijft de vraag naar leveringen aan eindklanten hoog. Daarom is er in de buurt van Split (Dalmatia) een extra overslagmagazijn in planning.<\/p>\n<p>\u201eKroati\u00eb biedt niet alleen een strategisch uitstekende locatie voor het goederenvervoer tussen de EU en de Westelijke Balkan, maar ook een aantrekkelijk investeringsklimaat. De toegang tot de belangrijke Adriatische havens Rijeka, Koper en Tri\u00ebst, evenals de goede verkeersinfrastructuur, maken Kroati\u00eb tot een krachtige logistieke locatie met groot ontwikkelingspotentieel voor multimodale transporten,\u201d legt Thomas Schauer, regionaal directeur Centraal- en Zuidoost-Europa bij Gebr\u00fcder Weiss, uit. Kroati\u00eb moet in de toekomst nog sterker als overslagpunt voor het doorvoeren naar buurlanden worden gebruikt.<\/p>\n<h5><strong>Moderne, digitale en duurzame logistieke oplossingen<\/strong><\/h5>\n<p>Om duurzaam te groeien, verbindt Gebr\u00fcder Weiss ook in Kroati\u00eb economie met ecologie: Dit omvat een effici\u00ebnt gebouw- en energiebeheer met behulp van zonnepanelen en warmtepompen, evenals de uitbreiding van de elektromobiliteit. Momenteel zijn er vijf elektrische bestelwagens in Zagreb in gebruik, daarnaast rijden er twee elektrische driewielers op de eilanden Rab en Lo\u0161inj.<\/p>\n<p>Met investeringen in digitale diensten, geautomatiseerde processen en de opleiding van vaktechnici versterkt Gebr\u00fcder Weiss verder zijn positie op de Kroatische markt. \u201eOns doel is om klanten moderne, digitale en duurzame logistieke oplossingen te bieden \u2013 en tegelijkertijd aantrekkelijke werkplekken in de regio te cre\u00ebren,\u201d zegt Barbara Buja\u010di\u0107, landelijk directeur Gebr\u00fcder Weiss Kroati\u00eb.<\/p>\n<h5><strong>Gebr\u00fcder Weiss Kroati\u00eb in cijfers:<\/strong><\/h5>\n<ul>\n<li data-list-item-id=\"ed0df2764d2bdae2cc66e56c8ae6c1298\">Oprichting: 2000<\/li>\n<li data-list-item-id=\"e9c8189633dbef10e2035755cb5005cc3\">Jaaromzet 2024: 34 miljoen euro (2023: 31 miljoen euro)<\/li>\n<li data-list-item-id=\"e6e42b1ba1c1e9b195ebde50c145d2e02\">Werknemers: 192 (FTE)<\/li>\n<li data-list-item-id=\"ee24b8b20fc3fa0d6636d0d40839b344d\">Logistieke oppervlakte: 24.000 vierkante meter<\/li>\n<li data-list-item-id=\"e7d8f49292488e37209d4ccd05baf0fb2\">Klanten: o.a. hightech, automotive, consumptiegoederen en chemische industrie<\/li>\n<li data-list-item-id=\"eb0b47a83a1fe0f0df6706c9fb26681f7\">Investeringsvolume 2000-2025: meer dan 35 miljoen euro<\/li>\n<li data-list-item-id=\"e3fb0a835745d542e14c0f30dcaa7d0d7\">Recentste investering: uitbreiding van het logistiek terminal op het hoofdkantoor in Zagreb (3 miljoen euro)<\/li>\n<\/ul>\n<p>Foto: \u00a9 Gebr\u00fcder Weiss<\/p>\n<\/div>\n<\/div>\n<\/div>\n","protected":false},"excerpt":{"rendered":"<p>25 jaar geleden opende Gebr\u00fcder Weiss zijn eerste vestiging in Kroati\u00eb. Destijds begon het land net aan zijn economische transformatie. Vandaag de dag trekt het internationale<span class=\"excerpt-hellip\"> [\u2026]<\/span><\/p>\n","protected":false},"author":0,"featured_media":4388,"comment_status":"open","ping_status":"open","sticky":false,"template":"","format":"standard","meta":{"_acf_changed":false,"footnotes":""},"categories":[1557,1561],"tags":[],"class_list":["post-70736","post","type-post","status-publish","format-standard","has-post-thumbnail","hentry","category-forwarding-logistics","category-regions"],"acf":[],"yoast_head":"<!-- This site is optimized with the Yoast SEO plugin v27.3 - https:\/\/yoast.com\/product\/yoast-seo-wordpress\/ -->\n<title>Gebr\u00fcder Weiss is al 25 jaar actief in Kroati\u00eb - Loginfo24<\/title>\n<meta name=\"robots\" content=\"index, follow, max-snippet:-1, max-image-preview:large, max-video-preview:-1\" \/>\n<link rel=\"canonical\" href=\"https:\/\/loginfo24.com\/nl\/2025\/10\/14\/gebruder-weiss-is-al-25-jaar-actief-in-kroatie\/\" \/>\n<meta property=\"og:locale\" content=\"nl_NL\" \/>\n<meta property=\"og:type\" content=\"article\" \/>\n<meta property=\"og:title\" content=\"Gebr\u00fcder Weiss is al 25 jaar actief in Kroati\u00eb - Loginfo24\" \/>\n<meta property=\"og:description\" content=\"25 jaar geleden opende Gebr\u00fcder Weiss zijn eerste vestiging in Kroati\u00eb. Destijds begon het land net aan zijn economische transformatie. Vandaag de dag trekt het internationale [\u2026]\" \/>\n<meta property=\"og:url\" content=\"https:\/\/loginfo24.com\/nl\/2025\/10\/14\/gebruder-weiss-is-al-25-jaar-actief-in-kroatie\/\" \/>\n<meta property=\"og:site_name\" content=\"Loginfo24\" \/>\n<meta property=\"article:publisher\" content=\"https:\/\/www.facebook.com\/people\/Loginfo24\/100057360583332\/\" \/>\n<meta property=\"article:published_time\" content=\"2025-10-14T11:21:15+00:00\" \/>\n<meta property=\"og:image\" content=\"https:\/\/loginfo24.com\/wp-content\/uploads\/sites\/7\/2025\/12\/Gebr_Weiss_14.10.25.jpg\" \/>\n\t<meta property=\"og:image:width\" content=\"1426\" \/>\n\t<meta property=\"og:image:height\" content=\"870\" \/>\n\t<meta property=\"og:image:type\" content=\"image\/jpeg\" \/>\n<meta name=\"twitter:card\" content=\"summary_large_image\" \/>\n<meta name=\"twitter:label1\" content=\"Geschatte leestijd\" \/>\n\t<meta name=\"twitter:data1\" content=\"2 minuut\" \/>\n<script type=\"application\/ld+json\" class=\"yoast-schema-graph\">{\"@context\":\"https:\\\/\\\/schema.org\",\"@graph\":[{\"@type\":\"Article\",\"@id\":\"https:\\\/\\\/loginfo24.com\\\/nl\\\/2025\\\/10\\\/14\\\/gebruder-weiss-is-al-25-jaar-actief-in-kroatie\\\/#article\",\"isPartOf\":{\"@id\":\"https:\\\/\\\/loginfo24.com\\\/nl\\\/2025\\\/10\\\/14\\\/gebruder-weiss-is-al-25-jaar-actief-in-kroatie\\\/\"},\"author\":{\"name\":\"\",\"@id\":\"\"},\"headline\":\"Gebr\u00fcder Weiss is al 25 jaar actief in Kroati\u00eb\",\"datePublished\":\"2025-10-14T11:21:15+00:00\",\"mainEntityOfPage\":{\"@id\":\"https:\\\/\\\/loginfo24.com\\\/nl\\\/2025\\\/10\\\/14\\\/gebruder-weiss-is-al-25-jaar-actief-in-kroatie\\\/\"},\"wordCount\":475,\"commentCount\":0,\"publisher\":{\"@id\":\"https:\\\/\\\/loginfo24.com\\\/nl\\\/#organization\"},\"image\":{\"@id\":\"https:\\\/\\\/loginfo24.com\\\/nl\\\/2025\\\/10\\\/14\\\/gebruder-weiss-is-al-25-jaar-actief-in-kroatie\\\/#primaryimage\"},\"thumbnailUrl\":\"https:\\\/\\\/loginfo24.com\\\/wp-content\\\/uploads\\\/sites\\\/7\\\/2025\\\/12\\\/Gebr_Weiss_14.10.25.jpg\",\"articleSection\":[\"Forwarding &amp; Logistics\",\"Regions\"],\"inLanguage\":\"nl-NL\",\"potentialAction\":[{\"@type\":\"CommentAction\",\"name\":\"Comment\",\"target\":[\"https:\\\/\\\/loginfo24.com\\\/nl\\\/2025\\\/10\\\/14\\\/gebruder-weiss-is-al-25-jaar-actief-in-kroatie\\\/#respond\"]}]},{\"@type\":\"WebPage\",\"@id\":\"https:\\\/\\\/loginfo24.com\\\/nl\\\/2025\\\/10\\\/14\\\/gebruder-weiss-is-al-25-jaar-actief-in-kroatie\\\/\",\"url\":\"https:\\\/\\\/loginfo24.com\\\/nl\\\/2025\\\/10\\\/14\\\/gebruder-weiss-is-al-25-jaar-actief-in-kroatie\\\/\",\"name\":\"Gebr\u00fcder Weiss is al 25 jaar actief in Kroati\u00eb - Loginfo24\",\"isPartOf\":{\"@id\":\"https:\\\/\\\/loginfo24.com\\\/nl\\\/#website\"},\"primaryImageOfPage\":{\"@id\":\"https:\\\/\\\/loginfo24.com\\\/nl\\\/2025\\\/10\\\/14\\\/gebruder-weiss-is-al-25-jaar-actief-in-kroatie\\\/#primaryimage\"},\"image\":{\"@id\":\"https:\\\/\\\/loginfo24.com\\\/nl\\\/2025\\\/10\\\/14\\\/gebruder-weiss-is-al-25-jaar-actief-in-kroatie\\\/#primaryimage\"},\"thumbnailUrl\":\"https:\\\/\\\/loginfo24.com\\\/wp-content\\\/uploads\\\/sites\\\/7\\\/2025\\\/12\\\/Gebr_Weiss_14.10.25.jpg\",\"datePublished\":\"2025-10-14T11:21:15+00:00\",\"breadcrumb\":{\"@id\":\"https:\\\/\\\/loginfo24.com\\\/nl\\\/2025\\\/10\\\/14\\\/gebruder-weiss-is-al-25-jaar-actief-in-kroatie\\\/#breadcrumb\"},\"inLanguage\":\"nl-NL\",\"potentialAction\":[{\"@type\":\"ReadAction\",\"target\":[\"https:\\\/\\\/loginfo24.com\\\/nl\\\/2025\\\/10\\\/14\\\/gebruder-weiss-is-al-25-jaar-actief-in-kroatie\\\/\"]}]},{\"@type\":\"ImageObject\",\"inLanguage\":\"nl-NL\",\"@id\":\"https:\\\/\\\/loginfo24.com\\\/nl\\\/2025\\\/10\\\/14\\\/gebruder-weiss-is-al-25-jaar-actief-in-kroatie\\\/#primaryimage\",\"url\":\"https:\\\/\\\/loginfo24.com\\\/wp-content\\\/uploads\\\/sites\\\/7\\\/2025\\\/12\\\/Gebr_Weiss_14.10.25.jpg\",\"contentUrl\":\"https:\\\/\\\/loginfo24.com\\\/wp-content\\\/uploads\\\/sites\\\/7\\\/2025\\\/12\\\/Gebr_Weiss_14.10.25.jpg\",\"width\":1426,\"height\":870},{\"@type\":\"BreadcrumbList\",\"@id\":\"https:\\\/\\\/loginfo24.com\\\/nl\\\/2025\\\/10\\\/14\\\/gebruder-weiss-is-al-25-jaar-actief-in-kroatie\\\/#breadcrumb\",\"itemListElement\":[{\"@type\":\"ListItem\",\"position\":1,\"name\":\"Startseite\",\"item\":\"https:\\\/\\\/loginfo24.com\\\/nl\\\/\"},{\"@type\":\"ListItem\",\"position\":2,\"name\":\"Gebr\u00fcder Weiss is al 25 jaar actief in Kroati\u00eb\"}]},{\"@type\":\"WebSite\",\"@id\":\"https:\\\/\\\/loginfo24.com\\\/nl\\\/#website\",\"url\":\"https:\\\/\\\/loginfo24.com\\\/nl\\\/\",\"name\":\"Loginfo24\",\"description\":\"Loginfo24 is het platform voor logistiek en toeleveringsketens en biedt 24 uur per dag informatie.\",\"publisher\":{\"@id\":\"https:\\\/\\\/loginfo24.com\\\/nl\\\/#organization\"},\"potentialAction\":[{\"@type\":\"SearchAction\",\"target\":{\"@type\":\"EntryPoint\",\"urlTemplate\":\"https:\\\/\\\/loginfo24.com\\\/nl\\\/?s={search_term_string}\"},\"query-input\":{\"@type\":\"PropertyValueSpecification\",\"valueRequired\":true,\"valueName\":\"search_term_string\"}}],\"inLanguage\":\"nl-NL\"},{\"@type\":\"Organization\",\"@id\":\"https:\\\/\\\/loginfo24.com\\\/nl\\\/#organization\",\"name\":\"Logismedia Groep AG\",\"url\":\"https:\\\/\\\/loginfo24.com\\\/nl\\\/\",\"logo\":{\"@type\":\"ImageObject\",\"inLanguage\":\"nl-NL\",\"@id\":\"https:\\\/\\\/loginfo24.com\\\/nl\\\/#\\\/schema\\\/logo\\\/image\\\/\",\"url\":\"https:\\\/\\\/loginfo24.com\\\/wp-content\\\/uploads\\\/sites\\\/7\\\/2026\\\/01\\\/Logo_LogInfo24.png\",\"contentUrl\":\"https:\\\/\\\/loginfo24.com\\\/wp-content\\\/uploads\\\/sites\\\/7\\\/2026\\\/01\\\/Logo_LogInfo24.png\",\"width\":938,\"height\":351,\"caption\":\"Logismedia Groep AG\"},\"image\":{\"@id\":\"https:\\\/\\\/loginfo24.com\\\/nl\\\/#\\\/schema\\\/logo\\\/image\\\/\"},\"sameAs\":[\"https:\\\/\\\/www.facebook.com\\\/people\\\/Loginfo24\\\/100057360583332\\\/\",\"https:\\\/\\\/www.linkedin.com\\\/company\\\/lofinfo24\\\/\"]}]}<\/script>\n<!-- \/ Yoast SEO plugin. -->","yoast_head_json":{"title":"Gebr\u00fcder Weiss is al 25 jaar actief in Kroati\u00eb - Loginfo24","robots":{"index":"index","follow":"follow","max-snippet":"max-snippet:-1","max-image-preview":"max-image-preview:large","max-video-preview":"max-video-preview:-1"},"canonical":"https:\/\/loginfo24.com\/nl\/2025\/10\/14\/gebruder-weiss-is-al-25-jaar-actief-in-kroatie\/","og_locale":"nl_NL","og_type":"article","og_title":"Gebr\u00fcder Weiss is al 25 jaar actief in Kroati\u00eb - Loginfo24","og_description":"25 jaar geleden opende Gebr\u00fcder Weiss zijn eerste vestiging in Kroati\u00eb. Destijds begon het land net aan zijn economische transformatie. Vandaag de dag trekt het internationale [\u2026]","og_url":"https:\/\/loginfo24.com\/nl\/2025\/10\/14\/gebruder-weiss-is-al-25-jaar-actief-in-kroatie\/","og_site_name":"Loginfo24","article_publisher":"https:\/\/www.facebook.com\/people\/Loginfo24\/100057360583332\/","article_published_time":"2025-10-14T11:21:15+00:00","og_image":[{"width":1426,"height":870,"url":"https:\/\/loginfo24.com\/wp-content\/uploads\/sites\/7\/2025\/12\/Gebr_Weiss_14.10.25.jpg","type":"image\/jpeg"}],"twitter_card":"summary_large_image","twitter_misc":{"Geschatte leestijd":"2 minuut"},"schema":{"@context":"https:\/\/schema.org","@graph":[{"@type":"Article","@id":"https:\/\/loginfo24.com\/nl\/2025\/10\/14\/gebruder-weiss-is-al-25-jaar-actief-in-kroatie\/#article","isPartOf":{"@id":"https:\/\/loginfo24.com\/nl\/2025\/10\/14\/gebruder-weiss-is-al-25-jaar-actief-in-kroatie\/"},"author":{"name":"","@id":""},"headline":"Gebr\u00fcder Weiss is al 25 jaar actief in Kroati\u00eb","datePublished":"2025-10-14T11:21:15+00:00","mainEntityOfPage":{"@id":"https:\/\/loginfo24.com\/nl\/2025\/10\/14\/gebruder-weiss-is-al-25-jaar-actief-in-kroatie\/"},"wordCount":475,"commentCount":0,"publisher":{"@id":"https:\/\/loginfo24.com\/nl\/#organization"},"image":{"@id":"https:\/\/loginfo24.com\/nl\/2025\/10\/14\/gebruder-weiss-is-al-25-jaar-actief-in-kroatie\/#primaryimage"},"thumbnailUrl":"https:\/\/loginfo24.com\/wp-content\/uploads\/sites\/7\/2025\/12\/Gebr_Weiss_14.10.25.jpg","articleSection":["Forwarding &amp; Logistics","Regions"],"inLanguage":"nl-NL","potentialAction":[{"@type":"CommentAction","name":"Comment","target":["https:\/\/loginfo24.com\/nl\/2025\/10\/14\/gebruder-weiss-is-al-25-jaar-actief-in-kroatie\/#respond"]}]},{"@type":"WebPage","@id":"https:\/\/loginfo24.com\/nl\/2025\/10\/14\/gebruder-weiss-is-al-25-jaar-actief-in-kroatie\/","url":"https:\/\/loginfo24.com\/nl\/2025\/10\/14\/gebruder-weiss-is-al-25-jaar-actief-in-kroatie\/","name":"Gebr\u00fcder Weiss is al 25 jaar actief in Kroati\u00eb - Loginfo24","isPartOf":{"@id":"https:\/\/loginfo24.com\/nl\/#website"},"primaryImageOfPage":{"@id":"https:\/\/loginfo24.com\/nl\/2025\/10\/14\/gebruder-weiss-is-al-25-jaar-actief-in-kroatie\/#primaryimage"},"image":{"@id":"https:\/\/loginfo24.com\/nl\/2025\/10\/14\/gebruder-weiss-is-al-25-jaar-actief-in-kroatie\/#primaryimage"},"thumbnailUrl":"https:\/\/loginfo24.com\/wp-content\/uploads\/sites\/7\/2025\/12\/Gebr_Weiss_14.10.25.jpg","datePublished":"2025-10-14T11:21:15+00:00","breadcrumb":{"@id":"https:\/\/loginfo24.com\/nl\/2025\/10\/14\/gebruder-weiss-is-al-25-jaar-actief-in-kroatie\/#breadcrumb"},"inLanguage":"nl-NL","potentialAction":[{"@type":"ReadAction","target":["https:\/\/loginfo24.com\/nl\/2025\/10\/14\/gebruder-weiss-is-al-25-jaar-actief-in-kroatie\/"]}]},{"@type":"ImageObject","inLanguage":"nl-NL","@id":"https:\/\/loginfo24.com\/nl\/2025\/10\/14\/gebruder-weiss-is-al-25-jaar-actief-in-kroatie\/#primaryimage","url":"https:\/\/loginfo24.com\/wp-content\/uploads\/sites\/7\/2025\/12\/Gebr_Weiss_14.10.25.jpg","contentUrl":"https:\/\/loginfo24.com\/wp-content\/uploads\/sites\/7\/2025\/12\/Gebr_Weiss_14.10.25.jpg","width":1426,"height":870},{"@type":"BreadcrumbList","@id":"https:\/\/loginfo24.com\/nl\/2025\/10\/14\/gebruder-weiss-is-al-25-jaar-actief-in-kroatie\/#breadcrumb","itemListElement":[{"@type":"ListItem","position":1,"name":"Startseite","item":"https:\/\/loginfo24.com\/nl\/"},{"@type":"ListItem","position":2,"name":"Gebr\u00fcder Weiss is al 25 jaar actief in Kroati\u00eb"}]},{"@type":"WebSite","@id":"https:\/\/loginfo24.com\/nl\/#website","url":"https:\/\/loginfo24.com\/nl\/","name":"Loginfo24","description":"Loginfo24 is het platform voor logistiek en toeleveringsketens en biedt 24 uur per dag informatie.","publisher":{"@id":"https:\/\/loginfo24.com\/nl\/#organization"},"potentialAction":[{"@type":"SearchAction","target":{"@type":"EntryPoint","urlTemplate":"https:\/\/loginfo24.com\/nl\/?s={search_term_string}"},"query-input":{"@type":"PropertyValueSpecification","valueRequired":true,"valueName":"search_term_string"}}],"inLanguage":"nl-NL"},{"@type":"Organization","@id":"https:\/\/loginfo24.com\/nl\/#organization","name":"Logismedia Groep AG","url":"https:\/\/loginfo24.com\/nl\/","logo":{"@type":"ImageObject","inLanguage":"nl-NL","@id":"https:\/\/loginfo24.com\/nl\/#\/schema\/logo\/image\/","url":"https:\/\/loginfo24.com\/wp-content\/uploads\/sites\/7\/2026\/01\/Logo_LogInfo24.png","contentUrl":"https:\/\/loginfo24.com\/wp-content\/uploads\/sites\/7\/2026\/01\/Logo_LogInfo24.png","width":938,"height":351,"caption":"Logismedia Groep AG"},"image":{"@id":"https:\/\/loginfo24.com\/nl\/#\/schema\/logo\/image\/"},"sameAs":["https:\/\/www.facebook.com\/people\/Loginfo24\/100057360583332\/","https:\/\/www.linkedin.com\/company\/lofinfo24\/"]}]}},"_links":{"self":[{"href":"https:\/\/loginfo24.com\/nl\/wp-json\/wp\/v2\/posts\/70736","targetHints":{"allow":["GET"]}}],"collection":[{"href":"https:\/\/loginfo24.com\/nl\/wp-json\/wp\/v2\/posts"}],"about":[{"href":"https:\/\/loginfo24.com\/nl\/wp-json\/wp\/v2\/types\/post"}],"replies":[{"embeddable":true,"href":"https:\/\/loginfo24.com\/nl\/wp-json\/wp\/v2\/comments?post=70736"}],"version-history":[{"count":0,"href":"https:\/\/loginfo24.com\/nl\/wp-json\/wp\/v2\/posts\/70736\/revisions"}],"wp:featuredmedia":[{"embeddable":true,"href":"https:\/\/loginfo24.com\/nl\/wp-json\/wp\/v2\/media\/4388"}],"wp:attachment":[{"href":"https:\/\/loginfo24.com\/nl\/wp-json\/wp\/v2\/media?parent=70736"}],"wp:term":[{"taxonomy":"category","embeddable":true,"href":"https:\/\/loginfo24.com\/nl\/wp-json\/wp\/v2\/categories?post=70736"},{"taxonomy":"post_tag","embeddable":true,"href":"https:\/\/loginfo24.com\/nl\/wp-json\/wp\/v2\/tags?post=70736"}],"curies":[{"name":"wp","href":"https:\/\/api.w.org\/{rel}","templated":true}]}}