{"id":70369,"date":"2025-09-04T16:31:05","date_gmt":"2025-09-04T14:31:05","guid":{"rendered":"https:\/\/blog.brand-architecture.at\/2025\/09\/04\/twee-nieuwe-leden-van-het-management-bij-kuhnenagel\/"},"modified":"2025-09-04T16:31:05","modified_gmt":"2025-09-04T14:31:05","slug":"twee-nieuwe-leden-van-het-management-bij-kuhnenagel","status":"publish","type":"post","link":"https:\/\/loginfo24.com\/nl\/2025\/09\/04\/twee-nieuwe-leden-van-het-management-bij-kuhnenagel\/","title":{"rendered":"Twee nieuwe leden van het management bij K\u00fchne+Nagel"},"content":{"rendered":"<h5>De Raad van Bestuur van K\u00fchne+Nagel International AG benoemt twee nieuwe leden in het management. Eduardo Razuck neemt per 1 oktober 2025 de leiding van de divisie Contractlogistiek over van Gianfranco Sgro. Per 1 mei 2026 zal S\u00f8ren Schmidt bovendien de opvolger van Dr. Hansj\u00f6rg Rodi worden en verantwoordelijk zijn voor de divisie Landtransport.<\/h5>\n<p>(Schindellegi) Met S\u00f8ren Schmidt (Deense staatsburger, geboren in 1972) wint K\u00fchne+Nagel een erkende expert voor de leiding van de wereldwijde landtransportactiviteiten. Na drie decennia van succesvolle werkzaamheden bij DSV A\/S, waarvan ongeveer tien jaar als CEO van de divisie Landtransport, behoort Schmidt tot de meest vooraanstaande leiders op dit gebied wereldwijd. Dr. Hansj\u00f6rg Rodi heeft besloten om in het kader van zijn persoonlijke planning in de zomer van 2026 met pensioen te gaan.<\/p>\n<p>Eduardo Razuck (Italiaanse en Braziliaanse staatsburger, geboren in 1979) heeft jarenlange internationale leidinggevende ervaring. Hij is sinds 2003 in verschillende leidinggevende functies bij K\u00fchne+Nagel werkzaam. In de afgelopen drie jaar was hij verantwoordelijk voor de contractlogistiek in Noord- en Zuid-Amerika en lid van het wereldwijde leiderschapsteam van de contractlogistiek. Hiermee zal hij continu\u00efteit in de leiding van de divisie waarborgen. Eerder leidde Eduardo Razuck van 2015 tot 2022 de Braziliaanse dochteronderneming. Gianfranco Sgro heeft na meer dan een decennium bij K\u00fchne+Nagel besloten een volgende professionele uitdaging aan te gaan als CEO van een bedrijf in de mobiliteitssector.<\/p>\n<h5>Uitgebreide expertise en jarenlange ervaring<\/h5>\n<p>Dr. J\u00f6rg Wolle, voorzitter van de Raad van Bestuur van K\u00fchne+Nagel International AG: \u201eMet de benoeming van S\u00f8ren Schmidt wint K\u00fchne+Nagel een uitzonderlijke persoonlijkheid uit de logistieke sector. Tegelijkertijd staat de benoeming van Eduardo Razuck voor de succesvolle ontwikkeling van overtuigende leiders binnen K\u00fchne+Nagel. S\u00f8ren Schmidt en Eduardo Razuck brengen uitgebreide expertise en jarenlange ervaring in het management van K\u00fchne+Nagel. We zijn ervan overtuigd dat zij de positieve ontwikkeling van het bedrijf verder zullen bevorderen. Al vandaag wil ik namens de Raad van Bestuur Dr. Hansj\u00f6rg Rodi en Gianfranco Sgro mijn oprechte dank uitspreken voor hun langdurige en succesvolle inzet in het management van K\u00fchne+Nagel.<\/h5>\n<p>Foto: \u00a9 K\u00fchne + Nagel<\/p>\n","protected":false},"excerpt":{"rendered":"<p>De Raad van Bestuur van K\u00fchne+Nagel International AG benoemt twee nieuwe leden in het management. Eduardo Razuck neemt per 1 oktober 2025 de leiding van de<span class=\"excerpt-hellip\"> [\u2026]<\/span><\/p>\n","protected":false},"author":0,"featured_media":4530,"comment_status":"open","ping_status":"open","sticky":false,"template":"","format":"standard","meta":{"_acf_changed":false,"footnotes":""},"categories":[1557,1561],"tags":[],"class_list":["post-70369","post","type-post","status-publish","format-standard","has-post-thumbnail","hentry","category-forwarding-logistics","category-regions"],"acf":[],"yoast_head":"<!-- This site is optimized with the Yoast SEO plugin v27.3 - https:\/\/yoast.com\/product\/yoast-seo-wordpress\/ -->\n<title>Twee nieuwe leden van het management bij K\u00fchne+Nagel - Loginfo24<\/title>\n<meta name=\"robots\" content=\"index, follow, max-snippet:-1, max-image-preview:large, max-video-preview:-1\" \/>\n<link rel=\"canonical\" href=\"https:\/\/loginfo24.com\/nl\/2025\/09\/04\/twee-nieuwe-leden-van-het-management-bij-kuhnenagel\/\" \/>\n<meta property=\"og:locale\" content=\"nl_NL\" \/>\n<meta property=\"og:type\" content=\"article\" \/>\n<meta property=\"og:title\" content=\"Twee nieuwe leden van het management bij K\u00fchne+Nagel - Loginfo24\" \/>\n<meta property=\"og:description\" content=\"De Raad van Bestuur van K\u00fchne+Nagel International AG benoemt twee nieuwe leden in het management. Eduardo Razuck neemt per 1 oktober 2025 de leiding van de [\u2026]\" \/>\n<meta property=\"og:url\" content=\"https:\/\/loginfo24.com\/nl\/2025\/09\/04\/twee-nieuwe-leden-van-het-management-bij-kuhnenagel\/\" \/>\n<meta property=\"og:site_name\" content=\"Loginfo24\" \/>\n<meta property=\"article:publisher\" content=\"https:\/\/www.facebook.com\/people\/Loginfo24\/100057360583332\/\" \/>\n<meta property=\"article:published_time\" content=\"2025-09-04T14:31:05+00:00\" \/>\n<meta property=\"og:image\" content=\"https:\/\/loginfo24.com\/wp-content\/uploads\/sites\/7\/2025\/12\/KN_4.9.25_2.jpg\" \/>\n\t<meta property=\"og:image:width\" content=\"1283\" \/>\n\t<meta property=\"og:image:height\" content=\"721\" \/>\n\t<meta property=\"og:image:type\" content=\"image\/jpeg\" \/>\n<meta name=\"twitter:card\" content=\"summary_large_image\" \/>\n<meta name=\"twitter:label1\" content=\"Geschatte leestijd\" \/>\n\t<meta name=\"twitter:data1\" content=\"2 minuut\" \/>\n<script type=\"application\/ld+json\" class=\"yoast-schema-graph\">{\"@context\":\"https:\\\/\\\/schema.org\",\"@graph\":[{\"@type\":\"Article\",\"@id\":\"https:\\\/\\\/loginfo24.com\\\/nl\\\/2025\\\/09\\\/04\\\/twee-nieuwe-leden-van-het-management-bij-kuhnenagel\\\/#article\",\"isPartOf\":{\"@id\":\"https:\\\/\\\/loginfo24.com\\\/nl\\\/2025\\\/09\\\/04\\\/twee-nieuwe-leden-van-het-management-bij-kuhnenagel\\\/\"},\"author\":{\"name\":\"\",\"@id\":\"\"},\"headline\":\"Twee nieuwe leden van het management bij K\u00fchne+Nagel\",\"datePublished\":\"2025-09-04T14:31:05+00:00\",\"mainEntityOfPage\":{\"@id\":\"https:\\\/\\\/loginfo24.com\\\/nl\\\/2025\\\/09\\\/04\\\/twee-nieuwe-leden-van-het-management-bij-kuhnenagel\\\/\"},\"wordCount\":366,\"commentCount\":0,\"publisher\":{\"@id\":\"https:\\\/\\\/loginfo24.com\\\/nl\\\/#organization\"},\"image\":{\"@id\":\"https:\\\/\\\/loginfo24.com\\\/nl\\\/2025\\\/09\\\/04\\\/twee-nieuwe-leden-van-het-management-bij-kuhnenagel\\\/#primaryimage\"},\"thumbnailUrl\":\"https:\\\/\\\/loginfo24.com\\\/wp-content\\\/uploads\\\/sites\\\/7\\\/2025\\\/12\\\/KN_4.9.25_2.jpg\",\"articleSection\":[\"Forwarding &amp; Logistics\",\"Regions\"],\"inLanguage\":\"nl-NL\",\"potentialAction\":[{\"@type\":\"CommentAction\",\"name\":\"Comment\",\"target\":[\"https:\\\/\\\/loginfo24.com\\\/nl\\\/2025\\\/09\\\/04\\\/twee-nieuwe-leden-van-het-management-bij-kuhnenagel\\\/#respond\"]}]},{\"@type\":\"WebPage\",\"@id\":\"https:\\\/\\\/loginfo24.com\\\/nl\\\/2025\\\/09\\\/04\\\/twee-nieuwe-leden-van-het-management-bij-kuhnenagel\\\/\",\"url\":\"https:\\\/\\\/loginfo24.com\\\/nl\\\/2025\\\/09\\\/04\\\/twee-nieuwe-leden-van-het-management-bij-kuhnenagel\\\/\",\"name\":\"Twee nieuwe leden van het management bij K\u00fchne+Nagel - Loginfo24\",\"isPartOf\":{\"@id\":\"https:\\\/\\\/loginfo24.com\\\/nl\\\/#website\"},\"primaryImageOfPage\":{\"@id\":\"https:\\\/\\\/loginfo24.com\\\/nl\\\/2025\\\/09\\\/04\\\/twee-nieuwe-leden-van-het-management-bij-kuhnenagel\\\/#primaryimage\"},\"image\":{\"@id\":\"https:\\\/\\\/loginfo24.com\\\/nl\\\/2025\\\/09\\\/04\\\/twee-nieuwe-leden-van-het-management-bij-kuhnenagel\\\/#primaryimage\"},\"thumbnailUrl\":\"https:\\\/\\\/loginfo24.com\\\/wp-content\\\/uploads\\\/sites\\\/7\\\/2025\\\/12\\\/KN_4.9.25_2.jpg\",\"datePublished\":\"2025-09-04T14:31:05+00:00\",\"breadcrumb\":{\"@id\":\"https:\\\/\\\/loginfo24.com\\\/nl\\\/2025\\\/09\\\/04\\\/twee-nieuwe-leden-van-het-management-bij-kuhnenagel\\\/#breadcrumb\"},\"inLanguage\":\"nl-NL\",\"potentialAction\":[{\"@type\":\"ReadAction\",\"target\":[\"https:\\\/\\\/loginfo24.com\\\/nl\\\/2025\\\/09\\\/04\\\/twee-nieuwe-leden-van-het-management-bij-kuhnenagel\\\/\"]}]},{\"@type\":\"ImageObject\",\"inLanguage\":\"nl-NL\",\"@id\":\"https:\\\/\\\/loginfo24.com\\\/nl\\\/2025\\\/09\\\/04\\\/twee-nieuwe-leden-van-het-management-bij-kuhnenagel\\\/#primaryimage\",\"url\":\"https:\\\/\\\/loginfo24.com\\\/wp-content\\\/uploads\\\/sites\\\/7\\\/2025\\\/12\\\/KN_4.9.25_2.jpg\",\"contentUrl\":\"https:\\\/\\\/loginfo24.com\\\/wp-content\\\/uploads\\\/sites\\\/7\\\/2025\\\/12\\\/KN_4.9.25_2.jpg\",\"width\":1283,\"height\":721},{\"@type\":\"BreadcrumbList\",\"@id\":\"https:\\\/\\\/loginfo24.com\\\/nl\\\/2025\\\/09\\\/04\\\/twee-nieuwe-leden-van-het-management-bij-kuhnenagel\\\/#breadcrumb\",\"itemListElement\":[{\"@type\":\"ListItem\",\"position\":1,\"name\":\"Startseite\",\"item\":\"https:\\\/\\\/loginfo24.com\\\/nl\\\/\"},{\"@type\":\"ListItem\",\"position\":2,\"name\":\"Twee nieuwe leden van het management bij K\u00fchne+Nagel\"}]},{\"@type\":\"WebSite\",\"@id\":\"https:\\\/\\\/loginfo24.com\\\/nl\\\/#website\",\"url\":\"https:\\\/\\\/loginfo24.com\\\/nl\\\/\",\"name\":\"Loginfo24\",\"description\":\"Loginfo24 is het platform voor logistiek en toeleveringsketens en biedt 24 uur per dag informatie.\",\"publisher\":{\"@id\":\"https:\\\/\\\/loginfo24.com\\\/nl\\\/#organization\"},\"potentialAction\":[{\"@type\":\"SearchAction\",\"target\":{\"@type\":\"EntryPoint\",\"urlTemplate\":\"https:\\\/\\\/loginfo24.com\\\/nl\\\/?s={search_term_string}\"},\"query-input\":{\"@type\":\"PropertyValueSpecification\",\"valueRequired\":true,\"valueName\":\"search_term_string\"}}],\"inLanguage\":\"nl-NL\"},{\"@type\":\"Organization\",\"@id\":\"https:\\\/\\\/loginfo24.com\\\/nl\\\/#organization\",\"name\":\"Logismedia Groep AG\",\"url\":\"https:\\\/\\\/loginfo24.com\\\/nl\\\/\",\"logo\":{\"@type\":\"ImageObject\",\"inLanguage\":\"nl-NL\",\"@id\":\"https:\\\/\\\/loginfo24.com\\\/nl\\\/#\\\/schema\\\/logo\\\/image\\\/\",\"url\":\"https:\\\/\\\/loginfo24.com\\\/wp-content\\\/uploads\\\/sites\\\/7\\\/2026\\\/01\\\/Logo_LogInfo24.png\",\"contentUrl\":\"https:\\\/\\\/loginfo24.com\\\/wp-content\\\/uploads\\\/sites\\\/7\\\/2026\\\/01\\\/Logo_LogInfo24.png\",\"width\":938,\"height\":351,\"caption\":\"Logismedia Groep AG\"},\"image\":{\"@id\":\"https:\\\/\\\/loginfo24.com\\\/nl\\\/#\\\/schema\\\/logo\\\/image\\\/\"},\"sameAs\":[\"https:\\\/\\\/www.facebook.com\\\/people\\\/Loginfo24\\\/100057360583332\\\/\",\"https:\\\/\\\/www.linkedin.com\\\/company\\\/lofinfo24\\\/\"]}]}<\/script>\n<!-- \/ Yoast SEO plugin. -->","yoast_head_json":{"title":"Twee nieuwe leden van het management bij K\u00fchne+Nagel - Loginfo24","robots":{"index":"index","follow":"follow","max-snippet":"max-snippet:-1","max-image-preview":"max-image-preview:large","max-video-preview":"max-video-preview:-1"},"canonical":"https:\/\/loginfo24.com\/nl\/2025\/09\/04\/twee-nieuwe-leden-van-het-management-bij-kuhnenagel\/","og_locale":"nl_NL","og_type":"article","og_title":"Twee nieuwe leden van het management bij K\u00fchne+Nagel - Loginfo24","og_description":"De Raad van Bestuur van K\u00fchne+Nagel International AG benoemt twee nieuwe leden in het management. Eduardo Razuck neemt per 1 oktober 2025 de leiding van de [\u2026]","og_url":"https:\/\/loginfo24.com\/nl\/2025\/09\/04\/twee-nieuwe-leden-van-het-management-bij-kuhnenagel\/","og_site_name":"Loginfo24","article_publisher":"https:\/\/www.facebook.com\/people\/Loginfo24\/100057360583332\/","article_published_time":"2025-09-04T14:31:05+00:00","og_image":[{"width":1283,"height":721,"url":"https:\/\/loginfo24.com\/wp-content\/uploads\/sites\/7\/2025\/12\/KN_4.9.25_2.jpg","type":"image\/jpeg"}],"twitter_card":"summary_large_image","twitter_misc":{"Geschatte leestijd":"2 minuut"},"schema":{"@context":"https:\/\/schema.org","@graph":[{"@type":"Article","@id":"https:\/\/loginfo24.com\/nl\/2025\/09\/04\/twee-nieuwe-leden-van-het-management-bij-kuhnenagel\/#article","isPartOf":{"@id":"https:\/\/loginfo24.com\/nl\/2025\/09\/04\/twee-nieuwe-leden-van-het-management-bij-kuhnenagel\/"},"author":{"name":"","@id":""},"headline":"Twee nieuwe leden van het management bij K\u00fchne+Nagel","datePublished":"2025-09-04T14:31:05+00:00","mainEntityOfPage":{"@id":"https:\/\/loginfo24.com\/nl\/2025\/09\/04\/twee-nieuwe-leden-van-het-management-bij-kuhnenagel\/"},"wordCount":366,"commentCount":0,"publisher":{"@id":"https:\/\/loginfo24.com\/nl\/#organization"},"image":{"@id":"https:\/\/loginfo24.com\/nl\/2025\/09\/04\/twee-nieuwe-leden-van-het-management-bij-kuhnenagel\/#primaryimage"},"thumbnailUrl":"https:\/\/loginfo24.com\/wp-content\/uploads\/sites\/7\/2025\/12\/KN_4.9.25_2.jpg","articleSection":["Forwarding &amp; Logistics","Regions"],"inLanguage":"nl-NL","potentialAction":[{"@type":"CommentAction","name":"Comment","target":["https:\/\/loginfo24.com\/nl\/2025\/09\/04\/twee-nieuwe-leden-van-het-management-bij-kuhnenagel\/#respond"]}]},{"@type":"WebPage","@id":"https:\/\/loginfo24.com\/nl\/2025\/09\/04\/twee-nieuwe-leden-van-het-management-bij-kuhnenagel\/","url":"https:\/\/loginfo24.com\/nl\/2025\/09\/04\/twee-nieuwe-leden-van-het-management-bij-kuhnenagel\/","name":"Twee nieuwe leden van het management bij K\u00fchne+Nagel - Loginfo24","isPartOf":{"@id":"https:\/\/loginfo24.com\/nl\/#website"},"primaryImageOfPage":{"@id":"https:\/\/loginfo24.com\/nl\/2025\/09\/04\/twee-nieuwe-leden-van-het-management-bij-kuhnenagel\/#primaryimage"},"image":{"@id":"https:\/\/loginfo24.com\/nl\/2025\/09\/04\/twee-nieuwe-leden-van-het-management-bij-kuhnenagel\/#primaryimage"},"thumbnailUrl":"https:\/\/loginfo24.com\/wp-content\/uploads\/sites\/7\/2025\/12\/KN_4.9.25_2.jpg","datePublished":"2025-09-04T14:31:05+00:00","breadcrumb":{"@id":"https:\/\/loginfo24.com\/nl\/2025\/09\/04\/twee-nieuwe-leden-van-het-management-bij-kuhnenagel\/#breadcrumb"},"inLanguage":"nl-NL","potentialAction":[{"@type":"ReadAction","target":["https:\/\/loginfo24.com\/nl\/2025\/09\/04\/twee-nieuwe-leden-van-het-management-bij-kuhnenagel\/"]}]},{"@type":"ImageObject","inLanguage":"nl-NL","@id":"https:\/\/loginfo24.com\/nl\/2025\/09\/04\/twee-nieuwe-leden-van-het-management-bij-kuhnenagel\/#primaryimage","url":"https:\/\/loginfo24.com\/wp-content\/uploads\/sites\/7\/2025\/12\/KN_4.9.25_2.jpg","contentUrl":"https:\/\/loginfo24.com\/wp-content\/uploads\/sites\/7\/2025\/12\/KN_4.9.25_2.jpg","width":1283,"height":721},{"@type":"BreadcrumbList","@id":"https:\/\/loginfo24.com\/nl\/2025\/09\/04\/twee-nieuwe-leden-van-het-management-bij-kuhnenagel\/#breadcrumb","itemListElement":[{"@type":"ListItem","position":1,"name":"Startseite","item":"https:\/\/loginfo24.com\/nl\/"},{"@type":"ListItem","position":2,"name":"Twee nieuwe leden van het management bij K\u00fchne+Nagel"}]},{"@type":"WebSite","@id":"https:\/\/loginfo24.com\/nl\/#website","url":"https:\/\/loginfo24.com\/nl\/","name":"Loginfo24","description":"Loginfo24 is het platform voor logistiek en toeleveringsketens en biedt 24 uur per dag informatie.","publisher":{"@id":"https:\/\/loginfo24.com\/nl\/#organization"},"potentialAction":[{"@type":"SearchAction","target":{"@type":"EntryPoint","urlTemplate":"https:\/\/loginfo24.com\/nl\/?s={search_term_string}"},"query-input":{"@type":"PropertyValueSpecification","valueRequired":true,"valueName":"search_term_string"}}],"inLanguage":"nl-NL"},{"@type":"Organization","@id":"https:\/\/loginfo24.com\/nl\/#organization","name":"Logismedia Groep AG","url":"https:\/\/loginfo24.com\/nl\/","logo":{"@type":"ImageObject","inLanguage":"nl-NL","@id":"https:\/\/loginfo24.com\/nl\/#\/schema\/logo\/image\/","url":"https:\/\/loginfo24.com\/wp-content\/uploads\/sites\/7\/2026\/01\/Logo_LogInfo24.png","contentUrl":"https:\/\/loginfo24.com\/wp-content\/uploads\/sites\/7\/2026\/01\/Logo_LogInfo24.png","width":938,"height":351,"caption":"Logismedia Groep AG"},"image":{"@id":"https:\/\/loginfo24.com\/nl\/#\/schema\/logo\/image\/"},"sameAs":["https:\/\/www.facebook.com\/people\/Loginfo24\/100057360583332\/","https:\/\/www.linkedin.com\/company\/lofinfo24\/"]}]}},"_links":{"self":[{"href":"https:\/\/loginfo24.com\/nl\/wp-json\/wp\/v2\/posts\/70369","targetHints":{"allow":["GET"]}}],"collection":[{"href":"https:\/\/loginfo24.com\/nl\/wp-json\/wp\/v2\/posts"}],"about":[{"href":"https:\/\/loginfo24.com\/nl\/wp-json\/wp\/v2\/types\/post"}],"replies":[{"embeddable":true,"href":"https:\/\/loginfo24.com\/nl\/wp-json\/wp\/v2\/comments?post=70369"}],"version-history":[{"count":0,"href":"https:\/\/loginfo24.com\/nl\/wp-json\/wp\/v2\/posts\/70369\/revisions"}],"wp:featuredmedia":[{"embeddable":true,"href":"https:\/\/loginfo24.com\/nl\/wp-json\/wp\/v2\/media\/4530"}],"wp:attachment":[{"href":"https:\/\/loginfo24.com\/nl\/wp-json\/wp\/v2\/media?parent=70369"}],"wp:term":[{"taxonomy":"category","embeddable":true,"href":"https:\/\/loginfo24.com\/nl\/wp-json\/wp\/v2\/categories?post=70369"},{"taxonomy":"post_tag","embeddable":true,"href":"https:\/\/loginfo24.com\/nl\/wp-json\/wp\/v2\/tags?post=70369"}],"curies":[{"name":"wp","href":"https:\/\/api.w.org\/{rel}","templated":true}]}}