{"id":70232,"date":"2025-08-24T20:02:10","date_gmt":"2025-08-24T18:02:10","guid":{"rendered":"https:\/\/blog.brand-architecture.at\/2025\/08\/24\/hoofdkantoor-post-tower-in-bonn-viert-25-jarig-bestaan\/"},"modified":"2025-08-24T20:02:10","modified_gmt":"2025-08-24T18:02:10","slug":"hoofdkantoor-post-tower-in-bonn-viert-25-jarig-bestaan","status":"publish","type":"post","link":"https:\/\/loginfo24.com\/nl\/2025\/08\/24\/hoofdkantoor-post-tower-in-bonn-viert-25-jarig-bestaan\/","title":{"rendered":"Hoofdkantoor Post Tower in Bonn viert 25-jarig bestaan"},"content":{"rendered":"<h5><strong>Op 21 augustus 2000 gaven de raad van bestuur en hooggeplaatste politieke vertegenwoordigers het offici\u00eble startsein voor de bouw van het nieuwe hoofdkantoor van de Deutsche Post. Na twee jaar bouwtijd was het hoogste kantoorgebouw buiten Frankfurt gereed voor toen 2.000 medewerkers.<\/strong><\/h5>\n<p>(Bonn) <img loading=\"lazy\" decoding=\"async\" class=\"alignleft wp-image-29544\" src=\"https:\/\/loginfo24.com\/wp-content\/uploads\/sites\/7\/2025\/12\/Deutsche_Post_24.8.25-198x300.jpg\" alt=\"Deutsche Post; 25 jaar Post Tower; Jubileum; Evenement; Loginfo24\" width=\"372\" height=\"563\" \/>&#8220;Grootte ontstaat niet uit de kracht van het individu, maar uit de inspanningen van velen&#8221; - zo luidt de inscriptie op de fundamentplaat in de 5e ondergrondse verdieping van de Bonner Post Tower. Getrouw aan deze maxime gaf de raad van bestuur van de Post op 21 augustus 2000 samen met Werner M\u00fcller, de federale minister van Economie en Technologie, Ernst Schwanhold, minister van Economie en Middenstand, Technologie en Verkeer van de deelstaat Noordrijn-Westfalen, B\u00e4rbel Dieckmann, burgemeester van Bonn, en architect Helmut Jahn met hamerslagen tegen de fundamentplaat het offici\u00eble startsein voor de bouw van het nieuwe hoofdkantoor van &#8220;Deutsche Post World Net&#8221;. De nieuwbouw moest de transformatie van het bedrijf van een nationale brief- en pakketdienstverlener naar een wereldwijd opererende logistieke onderneming op weg naar de beurs markeren.<\/p>\n<p>Al na twee jaar bouwtijd was het hoogste kantoorgebouw van Duitsland buiten Frankfurt (162,5 meter) voltooid en konden 2.000 medewerkers verhuizen van het oude hoofdkantoor aan het Robert-Schuman-Platz naar het nieuwe &#8220;Hoofdkantoor&#8221; aan de Charles-de-Gaulle-Stra\u00dfe. Van daaruit wordt de inmiddels wereldwijd leidende logistieke aanbieder aangestuurd. Tegenwoordig werken er ongeveer 2.800 medewerkers in de Post Tower. Met de andere panden in het voormalige regeringskwartier zijn er zelfs ongeveer 6.700 medewerkers op de &#8220;Post Campus Bonn&#8221;.<\/p>\n<p>Thomas Ogilvie, personeelsdirecteur van de DHL Group, zegt: &#8220;Ook na een kwart eeuw staat de Post Tower voor moderniteit, duurzaamheid en transparantie. Het is een symbool geworden van het &#8216;nieuwe&#8217; Bonn, het symbool voor de geslaagde structurele transformatie van de federale stad. En ook onze ongeveer 2.800 medewerkers uit 92 landen waarderen de moderne werkomgeving, de geavanceerde klimaattechnologie en de korte afstanden. Al 25 jaar is de Post Tower het strategische knooppunt van waaruit de koers van de DHL Group met zijn ongeveer 600.000 medewerkers in meer dan 220 landen en gebieden ter wereld wordt bepaald.&#8221;<\/p>\n<h5><strong>Architectuurwedstrijd<\/strong><\/h5>\n<p>In 1997 had de Deutsche Post een architectuurwedstrijd uitgeschreven voor de vormgeving van haar nieuwe hoofdkantoor in Bonn. De winnaars werden in juni 1998 bekroond door een breed samengesteld vakjury van architecten, vertegenwoordigers van het bedrijf, de stad Bonn en de politiek: Paul B\u00f6hm, Murphy\/Jahn, Joachim Sch\u00fcrmann - onder deze drie prijswinnaars moest er \u00e9\u00e9n worden gekozen. De keuze viel een jaar later op Helmut Jahn. Zijn model werd door de raad van bestuur van de Post en de stad Bonn en de fracties in de raad als de meest geschikte van de drie winnaars beschouwd. Toen ging alles heel snel: de bouw begon medio 1999, de eerste steen werd gelegd op 21 augustus 2000, en in 2002 verhuisden de 2.000 medewerkers.<\/p>\n<h5><strong>Staal, glas, lucht en licht<\/strong><\/h5>\n<p>De Post Tower bestaat uit twee helften. De noordelijke en zuidelijke halve ellips zijn gescheiden door een tussenruimte van 7,20 meter. Een staal-glasconstructie verbindt de twee helften. De glazen gevel zorgt ook binnen voor een hoog percentage natuurlijk zonlicht. Twaalf hogesnelheidsliften brengen medewerkers en bezoekers naar de 41 verdiepingen.<\/p>\n<p>Bij de bouw van de Post Tower stelde de opdrachtgever Deutsche Post twee zaken centraal in de architectuur: het comfort van de ongeveer 2.000 werkplekken en het lage energieverbruik. Een geavanceerde klimaattechnologie zorgt ervoor dat de Post Tower geen airconditioning nodig heeft. Voor de temperatuurregulering wordt gebruikgemaakt van de dubbele schil van glas en een 210 kilometer lang buizenstelsel, waarlangs water wordt gepompt. De luchtwisseling gebeurt via ventilatieroosters in de dubbelwandige buitengevel, die afhankelijk van de buitentemperatuur de luchttoevoer regelen. &#8220;De toren ademt in de wind&#8221;, beschreef de in 2021 overleden architect Helmut Jahn het. Zo wordt in het kantoorgebouw gemiddeld 30 procent minder energie verbruikt dan in vergelijkbare gebouwen.<\/p>\n<p>Bijzonder aan de Post Tower zijn ook de lichtinstallaties op de gevel van het gebouw. Bij speciale gelegenheden verschijnen symbolen, zoals een notensleutel voor het Beethovenfestival of de kerstboom in de adventstijd. De lichtinstallaties worden mogelijk gemaakt door 2.000 lampen die in de tussenruimte van de dubbele gevel zijn geplaatst en via een centrale computer worden aangestuurd. De culinaire verzorging van de medewerkers vindt plaats in het bedrijfsrestaurant in het aangrenzende sokkelgebouw.<\/p>\n<h5>Ook evenementenlocatie en openbare rondleidingen<\/h5>\n<p>De inwoners van Bonn kennen de Post Tower ook vaak als evenementenlocatie voor culturele hoogtepunten zoals het jaarlijks terugkerende Jazzfest Bonn of de cabaretserie LOL van de Springmaus. Openbare rondleidingen door het gebouw worden aangeboden. Ze duren ongeveer een uur en zijn mogelijk in het Duits en het Engels. Wie zich wil aanmelden, kan zich registreren op <a href=\"https:\/\/www.post-bonn.de\/post-tower\" target=\"_blank\" rel=\"noopener\">www.post-bonn.de\/post-tower<\/a>.<\/p>\n<p>Foto&#8217;s: \u00a9 Deutsche Post<\/p>\n","protected":false},"excerpt":{"rendered":"<p>Op 21 augustus 2000 gaven de raad van bestuur en hooggeplaatste politieke vertegenwoordigers het offici\u00eble startsein voor de bouw van het nieuwe hoofdkantoor van de Deutsche<span class=\"excerpt-hellip\"> [\u2026]<\/span><\/p>\n","protected":false},"author":0,"featured_media":4592,"comment_status":"open","ping_status":"open","sticky":false,"template":"","format":"standard","meta":{"_acf_changed":false,"footnotes":""},"categories":[1557,1561],"tags":[],"class_list":["post-70232","post","type-post","status-publish","format-standard","has-post-thumbnail","hentry","category-forwarding-logistics","category-regions"],"acf":[],"yoast_head":"<!-- This site is optimized with the Yoast SEO plugin v27.3 - https:\/\/yoast.com\/product\/yoast-seo-wordpress\/ -->\n<title>Hoofdkantoor Post Tower in Bonn viert 25-jarig bestaan - Loginfo24<\/title>\n<meta name=\"robots\" content=\"index, follow, max-snippet:-1, max-image-preview:large, max-video-preview:-1\" \/>\n<link rel=\"canonical\" href=\"https:\/\/loginfo24.com\/nl\/2025\/08\/24\/hoofdkantoor-post-tower-in-bonn-viert-25-jarig-bestaan\/\" \/>\n<meta property=\"og:locale\" content=\"nl_NL\" \/>\n<meta property=\"og:type\" content=\"article\" \/>\n<meta property=\"og:title\" content=\"Hoofdkantoor Post Tower in Bonn viert 25-jarig bestaan - Loginfo24\" \/>\n<meta property=\"og:description\" content=\"Op 21 augustus 2000 gaven de raad van bestuur en hooggeplaatste politieke vertegenwoordigers het offici\u00eble startsein voor de bouw van het nieuwe hoofdkantoor van de Deutsche [\u2026]\" \/>\n<meta property=\"og:url\" content=\"https:\/\/loginfo24.com\/nl\/2025\/08\/24\/hoofdkantoor-post-tower-in-bonn-viert-25-jarig-bestaan\/\" \/>\n<meta property=\"og:site_name\" content=\"Loginfo24\" \/>\n<meta property=\"article:publisher\" content=\"https:\/\/www.facebook.com\/people\/Loginfo24\/100057360583332\/\" \/>\n<meta property=\"article:published_time\" content=\"2025-08-24T18:02:10+00:00\" \/>\n<meta property=\"og:image\" content=\"https:\/\/loginfo24.com\/wp-content\/uploads\/sites\/7\/2025\/12\/Deutsche_Post_24.8.25_1.jpg\" \/>\n\t<meta property=\"og:image:width\" content=\"1285\" \/>\n\t<meta property=\"og:image:height\" content=\"752\" \/>\n\t<meta property=\"og:image:type\" content=\"image\/jpeg\" \/>\n<meta name=\"twitter:card\" content=\"summary_large_image\" \/>\n<meta name=\"twitter:label1\" content=\"Geschatte leestijd\" \/>\n\t<meta name=\"twitter:data1\" content=\"4 minuut\" \/>\n<script type=\"application\/ld+json\" class=\"yoast-schema-graph\">{\"@context\":\"https:\\\/\\\/schema.org\",\"@graph\":[{\"@type\":\"Article\",\"@id\":\"https:\\\/\\\/loginfo24.com\\\/nl\\\/2025\\\/08\\\/24\\\/hoofdkantoor-post-tower-in-bonn-viert-25-jarig-bestaan\\\/#article\",\"isPartOf\":{\"@id\":\"https:\\\/\\\/loginfo24.com\\\/nl\\\/2025\\\/08\\\/24\\\/hoofdkantoor-post-tower-in-bonn-viert-25-jarig-bestaan\\\/\"},\"author\":{\"name\":\"\",\"@id\":\"\"},\"headline\":\"Hoofdkantoor Post Tower in Bonn viert 25-jarig bestaan\",\"datePublished\":\"2025-08-24T18:02:10+00:00\",\"mainEntityOfPage\":{\"@id\":\"https:\\\/\\\/loginfo24.com\\\/nl\\\/2025\\\/08\\\/24\\\/hoofdkantoor-post-tower-in-bonn-viert-25-jarig-bestaan\\\/\"},\"wordCount\":759,\"commentCount\":0,\"publisher\":{\"@id\":\"https:\\\/\\\/loginfo24.com\\\/nl\\\/#organization\"},\"image\":{\"@id\":\"https:\\\/\\\/loginfo24.com\\\/nl\\\/2025\\\/08\\\/24\\\/hoofdkantoor-post-tower-in-bonn-viert-25-jarig-bestaan\\\/#primaryimage\"},\"thumbnailUrl\":\"https:\\\/\\\/loginfo24.com\\\/wp-content\\\/uploads\\\/sites\\\/7\\\/2025\\\/12\\\/Deutsche_Post_24.8.25_1.jpg\",\"articleSection\":[\"Forwarding &amp; Logistics\",\"Regions\"],\"inLanguage\":\"nl-NL\",\"potentialAction\":[{\"@type\":\"CommentAction\",\"name\":\"Comment\",\"target\":[\"https:\\\/\\\/loginfo24.com\\\/nl\\\/2025\\\/08\\\/24\\\/hoofdkantoor-post-tower-in-bonn-viert-25-jarig-bestaan\\\/#respond\"]}]},{\"@type\":\"WebPage\",\"@id\":\"https:\\\/\\\/loginfo24.com\\\/nl\\\/2025\\\/08\\\/24\\\/hoofdkantoor-post-tower-in-bonn-viert-25-jarig-bestaan\\\/\",\"url\":\"https:\\\/\\\/loginfo24.com\\\/nl\\\/2025\\\/08\\\/24\\\/hoofdkantoor-post-tower-in-bonn-viert-25-jarig-bestaan\\\/\",\"name\":\"Hoofdkantoor Post Tower in Bonn viert 25-jarig bestaan - Loginfo24\",\"isPartOf\":{\"@id\":\"https:\\\/\\\/loginfo24.com\\\/nl\\\/#website\"},\"primaryImageOfPage\":{\"@id\":\"https:\\\/\\\/loginfo24.com\\\/nl\\\/2025\\\/08\\\/24\\\/hoofdkantoor-post-tower-in-bonn-viert-25-jarig-bestaan\\\/#primaryimage\"},\"image\":{\"@id\":\"https:\\\/\\\/loginfo24.com\\\/nl\\\/2025\\\/08\\\/24\\\/hoofdkantoor-post-tower-in-bonn-viert-25-jarig-bestaan\\\/#primaryimage\"},\"thumbnailUrl\":\"https:\\\/\\\/loginfo24.com\\\/wp-content\\\/uploads\\\/sites\\\/7\\\/2025\\\/12\\\/Deutsche_Post_24.8.25_1.jpg\",\"datePublished\":\"2025-08-24T18:02:10+00:00\",\"breadcrumb\":{\"@id\":\"https:\\\/\\\/loginfo24.com\\\/nl\\\/2025\\\/08\\\/24\\\/hoofdkantoor-post-tower-in-bonn-viert-25-jarig-bestaan\\\/#breadcrumb\"},\"inLanguage\":\"nl-NL\",\"potentialAction\":[{\"@type\":\"ReadAction\",\"target\":[\"https:\\\/\\\/loginfo24.com\\\/nl\\\/2025\\\/08\\\/24\\\/hoofdkantoor-post-tower-in-bonn-viert-25-jarig-bestaan\\\/\"]}]},{\"@type\":\"ImageObject\",\"inLanguage\":\"nl-NL\",\"@id\":\"https:\\\/\\\/loginfo24.com\\\/nl\\\/2025\\\/08\\\/24\\\/hoofdkantoor-post-tower-in-bonn-viert-25-jarig-bestaan\\\/#primaryimage\",\"url\":\"https:\\\/\\\/loginfo24.com\\\/wp-content\\\/uploads\\\/sites\\\/7\\\/2025\\\/12\\\/Deutsche_Post_24.8.25_1.jpg\",\"contentUrl\":\"https:\\\/\\\/loginfo24.com\\\/wp-content\\\/uploads\\\/sites\\\/7\\\/2025\\\/12\\\/Deutsche_Post_24.8.25_1.jpg\",\"width\":1285,\"height\":752},{\"@type\":\"BreadcrumbList\",\"@id\":\"https:\\\/\\\/loginfo24.com\\\/nl\\\/2025\\\/08\\\/24\\\/hoofdkantoor-post-tower-in-bonn-viert-25-jarig-bestaan\\\/#breadcrumb\",\"itemListElement\":[{\"@type\":\"ListItem\",\"position\":1,\"name\":\"Startseite\",\"item\":\"https:\\\/\\\/loginfo24.com\\\/nl\\\/\"},{\"@type\":\"ListItem\",\"position\":2,\"name\":\"Hoofdkantoor Post Tower in Bonn viert 25-jarig bestaan\"}]},{\"@type\":\"WebSite\",\"@id\":\"https:\\\/\\\/loginfo24.com\\\/nl\\\/#website\",\"url\":\"https:\\\/\\\/loginfo24.com\\\/nl\\\/\",\"name\":\"Loginfo24\",\"description\":\"Loginfo24 is het platform voor logistiek en toeleveringsketens en biedt 24 uur per dag informatie.\",\"publisher\":{\"@id\":\"https:\\\/\\\/loginfo24.com\\\/nl\\\/#organization\"},\"potentialAction\":[{\"@type\":\"SearchAction\",\"target\":{\"@type\":\"EntryPoint\",\"urlTemplate\":\"https:\\\/\\\/loginfo24.com\\\/nl\\\/?s={search_term_string}\"},\"query-input\":{\"@type\":\"PropertyValueSpecification\",\"valueRequired\":true,\"valueName\":\"search_term_string\"}}],\"inLanguage\":\"nl-NL\"},{\"@type\":\"Organization\",\"@id\":\"https:\\\/\\\/loginfo24.com\\\/nl\\\/#organization\",\"name\":\"Logismedia Groep AG\",\"url\":\"https:\\\/\\\/loginfo24.com\\\/nl\\\/\",\"logo\":{\"@type\":\"ImageObject\",\"inLanguage\":\"nl-NL\",\"@id\":\"https:\\\/\\\/loginfo24.com\\\/nl\\\/#\\\/schema\\\/logo\\\/image\\\/\",\"url\":\"https:\\\/\\\/loginfo24.com\\\/wp-content\\\/uploads\\\/sites\\\/7\\\/2026\\\/01\\\/Logo_LogInfo24.png\",\"contentUrl\":\"https:\\\/\\\/loginfo24.com\\\/wp-content\\\/uploads\\\/sites\\\/7\\\/2026\\\/01\\\/Logo_LogInfo24.png\",\"width\":938,\"height\":351,\"caption\":\"Logismedia Groep AG\"},\"image\":{\"@id\":\"https:\\\/\\\/loginfo24.com\\\/nl\\\/#\\\/schema\\\/logo\\\/image\\\/\"},\"sameAs\":[\"https:\\\/\\\/www.facebook.com\\\/people\\\/Loginfo24\\\/100057360583332\\\/\",\"https:\\\/\\\/www.linkedin.com\\\/company\\\/lofinfo24\\\/\"]}]}<\/script>\n<!-- \/ Yoast SEO plugin. -->","yoast_head_json":{"title":"Hoofdkantoor Post Tower in Bonn viert 25-jarig bestaan - Loginfo24","robots":{"index":"index","follow":"follow","max-snippet":"max-snippet:-1","max-image-preview":"max-image-preview:large","max-video-preview":"max-video-preview:-1"},"canonical":"https:\/\/loginfo24.com\/nl\/2025\/08\/24\/hoofdkantoor-post-tower-in-bonn-viert-25-jarig-bestaan\/","og_locale":"nl_NL","og_type":"article","og_title":"Hoofdkantoor Post Tower in Bonn viert 25-jarig bestaan - Loginfo24","og_description":"Op 21 augustus 2000 gaven de raad van bestuur en hooggeplaatste politieke vertegenwoordigers het offici\u00eble startsein voor de bouw van het nieuwe hoofdkantoor van de Deutsche [\u2026]","og_url":"https:\/\/loginfo24.com\/nl\/2025\/08\/24\/hoofdkantoor-post-tower-in-bonn-viert-25-jarig-bestaan\/","og_site_name":"Loginfo24","article_publisher":"https:\/\/www.facebook.com\/people\/Loginfo24\/100057360583332\/","article_published_time":"2025-08-24T18:02:10+00:00","og_image":[{"width":1285,"height":752,"url":"https:\/\/loginfo24.com\/wp-content\/uploads\/sites\/7\/2025\/12\/Deutsche_Post_24.8.25_1.jpg","type":"image\/jpeg"}],"twitter_card":"summary_large_image","twitter_misc":{"Geschatte leestijd":"4 minuut"},"schema":{"@context":"https:\/\/schema.org","@graph":[{"@type":"Article","@id":"https:\/\/loginfo24.com\/nl\/2025\/08\/24\/hoofdkantoor-post-tower-in-bonn-viert-25-jarig-bestaan\/#article","isPartOf":{"@id":"https:\/\/loginfo24.com\/nl\/2025\/08\/24\/hoofdkantoor-post-tower-in-bonn-viert-25-jarig-bestaan\/"},"author":{"name":"","@id":""},"headline":"Hoofdkantoor Post Tower in Bonn viert 25-jarig bestaan","datePublished":"2025-08-24T18:02:10+00:00","mainEntityOfPage":{"@id":"https:\/\/loginfo24.com\/nl\/2025\/08\/24\/hoofdkantoor-post-tower-in-bonn-viert-25-jarig-bestaan\/"},"wordCount":759,"commentCount":0,"publisher":{"@id":"https:\/\/loginfo24.com\/nl\/#organization"},"image":{"@id":"https:\/\/loginfo24.com\/nl\/2025\/08\/24\/hoofdkantoor-post-tower-in-bonn-viert-25-jarig-bestaan\/#primaryimage"},"thumbnailUrl":"https:\/\/loginfo24.com\/wp-content\/uploads\/sites\/7\/2025\/12\/Deutsche_Post_24.8.25_1.jpg","articleSection":["Forwarding &amp; Logistics","Regions"],"inLanguage":"nl-NL","potentialAction":[{"@type":"CommentAction","name":"Comment","target":["https:\/\/loginfo24.com\/nl\/2025\/08\/24\/hoofdkantoor-post-tower-in-bonn-viert-25-jarig-bestaan\/#respond"]}]},{"@type":"WebPage","@id":"https:\/\/loginfo24.com\/nl\/2025\/08\/24\/hoofdkantoor-post-tower-in-bonn-viert-25-jarig-bestaan\/","url":"https:\/\/loginfo24.com\/nl\/2025\/08\/24\/hoofdkantoor-post-tower-in-bonn-viert-25-jarig-bestaan\/","name":"Hoofdkantoor Post Tower in Bonn viert 25-jarig bestaan - Loginfo24","isPartOf":{"@id":"https:\/\/loginfo24.com\/nl\/#website"},"primaryImageOfPage":{"@id":"https:\/\/loginfo24.com\/nl\/2025\/08\/24\/hoofdkantoor-post-tower-in-bonn-viert-25-jarig-bestaan\/#primaryimage"},"image":{"@id":"https:\/\/loginfo24.com\/nl\/2025\/08\/24\/hoofdkantoor-post-tower-in-bonn-viert-25-jarig-bestaan\/#primaryimage"},"thumbnailUrl":"https:\/\/loginfo24.com\/wp-content\/uploads\/sites\/7\/2025\/12\/Deutsche_Post_24.8.25_1.jpg","datePublished":"2025-08-24T18:02:10+00:00","breadcrumb":{"@id":"https:\/\/loginfo24.com\/nl\/2025\/08\/24\/hoofdkantoor-post-tower-in-bonn-viert-25-jarig-bestaan\/#breadcrumb"},"inLanguage":"nl-NL","potentialAction":[{"@type":"ReadAction","target":["https:\/\/loginfo24.com\/nl\/2025\/08\/24\/hoofdkantoor-post-tower-in-bonn-viert-25-jarig-bestaan\/"]}]},{"@type":"ImageObject","inLanguage":"nl-NL","@id":"https:\/\/loginfo24.com\/nl\/2025\/08\/24\/hoofdkantoor-post-tower-in-bonn-viert-25-jarig-bestaan\/#primaryimage","url":"https:\/\/loginfo24.com\/wp-content\/uploads\/sites\/7\/2025\/12\/Deutsche_Post_24.8.25_1.jpg","contentUrl":"https:\/\/loginfo24.com\/wp-content\/uploads\/sites\/7\/2025\/12\/Deutsche_Post_24.8.25_1.jpg","width":1285,"height":752},{"@type":"BreadcrumbList","@id":"https:\/\/loginfo24.com\/nl\/2025\/08\/24\/hoofdkantoor-post-tower-in-bonn-viert-25-jarig-bestaan\/#breadcrumb","itemListElement":[{"@type":"ListItem","position":1,"name":"Startseite","item":"https:\/\/loginfo24.com\/nl\/"},{"@type":"ListItem","position":2,"name":"Hoofdkantoor Post Tower in Bonn viert 25-jarig bestaan"}]},{"@type":"WebSite","@id":"https:\/\/loginfo24.com\/nl\/#website","url":"https:\/\/loginfo24.com\/nl\/","name":"Loginfo24","description":"Loginfo24 is het platform voor logistiek en toeleveringsketens en biedt 24 uur per dag informatie.","publisher":{"@id":"https:\/\/loginfo24.com\/nl\/#organization"},"potentialAction":[{"@type":"SearchAction","target":{"@type":"EntryPoint","urlTemplate":"https:\/\/loginfo24.com\/nl\/?s={search_term_string}"},"query-input":{"@type":"PropertyValueSpecification","valueRequired":true,"valueName":"search_term_string"}}],"inLanguage":"nl-NL"},{"@type":"Organization","@id":"https:\/\/loginfo24.com\/nl\/#organization","name":"Logismedia Groep AG","url":"https:\/\/loginfo24.com\/nl\/","logo":{"@type":"ImageObject","inLanguage":"nl-NL","@id":"https:\/\/loginfo24.com\/nl\/#\/schema\/logo\/image\/","url":"https:\/\/loginfo24.com\/wp-content\/uploads\/sites\/7\/2026\/01\/Logo_LogInfo24.png","contentUrl":"https:\/\/loginfo24.com\/wp-content\/uploads\/sites\/7\/2026\/01\/Logo_LogInfo24.png","width":938,"height":351,"caption":"Logismedia Groep AG"},"image":{"@id":"https:\/\/loginfo24.com\/nl\/#\/schema\/logo\/image\/"},"sameAs":["https:\/\/www.facebook.com\/people\/Loginfo24\/100057360583332\/","https:\/\/www.linkedin.com\/company\/lofinfo24\/"]}]}},"_links":{"self":[{"href":"https:\/\/loginfo24.com\/nl\/wp-json\/wp\/v2\/posts\/70232","targetHints":{"allow":["GET"]}}],"collection":[{"href":"https:\/\/loginfo24.com\/nl\/wp-json\/wp\/v2\/posts"}],"about":[{"href":"https:\/\/loginfo24.com\/nl\/wp-json\/wp\/v2\/types\/post"}],"replies":[{"embeddable":true,"href":"https:\/\/loginfo24.com\/nl\/wp-json\/wp\/v2\/comments?post=70232"}],"version-history":[{"count":0,"href":"https:\/\/loginfo24.com\/nl\/wp-json\/wp\/v2\/posts\/70232\/revisions"}],"wp:featuredmedia":[{"embeddable":true,"href":"https:\/\/loginfo24.com\/nl\/wp-json\/wp\/v2\/media\/4592"}],"wp:attachment":[{"href":"https:\/\/loginfo24.com\/nl\/wp-json\/wp\/v2\/media?parent=70232"}],"wp:term":[{"taxonomy":"category","embeddable":true,"href":"https:\/\/loginfo24.com\/nl\/wp-json\/wp\/v2\/categories?post=70232"},{"taxonomy":"post_tag","embeddable":true,"href":"https:\/\/loginfo24.com\/nl\/wp-json\/wp\/v2\/tags?post=70232"}],"curies":[{"name":"wp","href":"https:\/\/api.w.org\/{rel}","templated":true}]}}