{"id":68852,"date":"2025-04-22T19:22:00","date_gmt":"2025-04-22T17:22:00","guid":{"rendered":"https:\/\/blog.brand-architecture.at\/2025\/04\/22\/start-van-de-eerste-estisch-duitse-haven-dagen-in-tallinn\/"},"modified":"2025-04-22T19:22:00","modified_gmt":"2025-04-22T17:22:00","slug":"start-van-de-eerste-estisch-duitse-haven-dagen-in-tallinn","status":"publish","type":"post","link":"https:\/\/loginfo24.com\/nl\/2025\/04\/22\/start-van-de-eerste-estisch-duitse-haven-dagen-in-tallinn\/","title":{"rendered":"Start van de eerste Estisch-Duitse Haven Dagen in Tallinn"},"content":{"rendered":"<h5><strong>Vandaag, woensdag, begint een delegatiereis naar de eerste Estisch-Duitse Haven Dagen in Tallinn. Ongeveer 35 deelnemers willen met hun bezoek de samenwerking tussen de havens van de Baltische staat en de Duitse havenlocaties L\u00fcbeck en Hamburg verder verdiepen. Zo verbindt de Finse rederij Transfennica bijvoorbeeld de haven van Paldiski drie keer per week met L\u00fcbeck. Daarnaast zijn er drie wekelijkse containerlijnservices naar Muuga, die via Hamburg worden afgehandeld. <\/strong><\/h5>\n<p>(L\u00fcbeck\/Hamburg) De delegatie wordt geleid door de burgemeester van L\u00fcbeck, Jan Lindenau. Hij wordt vergezeld door de L\u00fcbecker senator voor Economie en Sociale Zaken, Pia Steinr\u00fccke, en de directeur van de L\u00fcbecker Havenmaatschappij (LHG), Sebastian J\u00fcrgens. De delegatie uit Hamburg staat onder leiding van Niels Wiecker, afdelingshoofd Haven en Logistiek bij de Autoriteit voor Economie en Innovatie van de Vrije en Hanze Stad Hamburg, en Marina Basso Michael, regionaal directeur Europa bij Hafen Hamburg Marketing (HHM). Daarnaast zijn er onder andere vertegenwoordigers van de economische ontwikkeling en de Kamer van Koophandel van de Hanzestad L\u00fcbeck, de Hamburg Port Authority (HPA), de Hamburgse economische ontwikkeling en de Hamburger Hafen und Logistik AG (HHLA), de rederij Transfennica en andere logistieke dienstverleners aanwezig.<\/p>\n<p>Het middelpunt van de delegatiereis is het prominent bezette Estisch-Duitse Havenforum op donderdag 24 april in Tallinn \u2013 onder andere met de Estische minister van Infrastructuur Kuldar Leis. Het evenement dient als centraal platform voor de uitwisseling over actuele ontwikkelingen en uitdagingen in de maritieme economie van beide landen.<\/p>\n<h5><strong>Positieve ontwikkeling verder uitbouwen <\/strong><\/h5>\n<p>&#8220;Met het havenforum willen we de positieve logistieke ontwikkeling tussen Duitsland en Estland verder uitbouwen,&#8221; legt LHG-directeur J\u00fcrgens uit. &#8220;Duitsland heeft immers een aandeel van meer dan elf procent in de importen van Estland.&#8221; Toch zijn er nog steeds logistieke dienstverleners en industriebedrijven die voor het verkeer tussen beide landen de landroute per vrachtwagen kiezen, omdat ze alternatieve vervoerswegen over de Oostzee helemaal niet kennen. &#8220;De verbinding over zee en spoor is echter de ecologisch meest verantwoorde optie,&#8221; benadrukt J\u00fcrgens.<\/p>\n<p>&#8220;Een nog hechtere samenwerking met de Estische haven- en transportsector is een strategische focus van Hamburg in de Oostzee-regio,&#8221; zegt afdelingshoofd Wiecker. &#8220;Juist in een geopolitiek gespannen situatie biedt het historisch gegroeide partnerschap met de Baltische staten een solide basis voor duurzame ontwikkeling en veerkracht.&#8221;<\/p>\n<h5><strong>Ondersteuning door talrijke partners <\/strong><\/h5>\n<p>De delegatiereis wordt gerealiseerd door de nauwe samenwerking van de L\u00fcbecker Havenmaatschappij (LHG) en Hafen Hamburg Marketing (HHM) en wordt ondersteund door talrijke partners \u2013 waaronder de Port of Tallinn, Invest Estonia, HHLA TK Estonia, de rederij Transfennica en de Duits-Baltische Kamer van Koophandel.<\/p>\n<p>Foto: \u00a9 LHG<\/p>\n","protected":false},"excerpt":{"rendered":"<p>Vandaag, woensdag, begint een delegatiereis naar de eerste Estisch-Duitse Haven Dagen in Tallinn. Ongeveer 35 deelnemers willen met hun bezoek de samenwerking tussen de havens van<span class=\"excerpt-hellip\"> [\u2026]<\/span><\/p>\n","protected":false},"author":0,"featured_media":5126,"comment_status":"open","ping_status":"open","sticky":false,"template":"","format":"standard","meta":{"_acf_changed":false,"footnotes":""},"categories":[1561,1559],"tags":[],"class_list":["post-68852","post","type-post","status-publish","format-standard","has-post-thumbnail","hentry","category-regions","category-shipping-ports"],"acf":[],"yoast_head":"<!-- This site is optimized with the Yoast SEO plugin v27.3 - https:\/\/yoast.com\/product\/yoast-seo-wordpress\/ -->\n<title>Start van de eerste Estisch-Duitse Haven Dagen in Tallinn - Loginfo24<\/title>\n<meta name=\"robots\" content=\"index, follow, max-snippet:-1, max-image-preview:large, max-video-preview:-1\" \/>\n<link rel=\"canonical\" href=\"https:\/\/loginfo24.com\/nl\/2025\/04\/22\/start-van-de-eerste-estisch-duitse-haven-dagen-in-tallinn\/\" \/>\n<meta property=\"og:locale\" content=\"nl_NL\" \/>\n<meta property=\"og:type\" content=\"article\" \/>\n<meta property=\"og:title\" content=\"Start van de eerste Estisch-Duitse Haven Dagen in Tallinn - Loginfo24\" \/>\n<meta property=\"og:description\" content=\"Vandaag, woensdag, begint een delegatiereis naar de eerste Estisch-Duitse Haven Dagen in Tallinn. Ongeveer 35 deelnemers willen met hun bezoek de samenwerking tussen de havens van [\u2026]\" \/>\n<meta property=\"og:url\" content=\"https:\/\/loginfo24.com\/nl\/2025\/04\/22\/start-van-de-eerste-estisch-duitse-haven-dagen-in-tallinn\/\" \/>\n<meta property=\"og:site_name\" content=\"Loginfo24\" \/>\n<meta property=\"article:publisher\" content=\"https:\/\/www.facebook.com\/people\/Loginfo24\/100057360583332\/\" \/>\n<meta property=\"article:published_time\" content=\"2025-04-22T17:22:00+00:00\" \/>\n<meta property=\"og:image\" content=\"https:\/\/loginfo24.com\/wp-content\/uploads\/sites\/7\/2025\/12\/Hafen_Hamburg_22.4.25.jpg\" \/>\n\t<meta property=\"og:image:width\" content=\"1196\" \/>\n\t<meta property=\"og:image:height\" content=\"713\" \/>\n\t<meta property=\"og:image:type\" content=\"image\/jpeg\" \/>\n<meta name=\"twitter:card\" content=\"summary_large_image\" \/>\n<meta name=\"twitter:label1\" content=\"Geschatte leestijd\" \/>\n\t<meta name=\"twitter:data1\" content=\"2 minuut\" \/>\n<script type=\"application\/ld+json\" class=\"yoast-schema-graph\">{\"@context\":\"https:\\\/\\\/schema.org\",\"@graph\":[{\"@type\":\"Article\",\"@id\":\"https:\\\/\\\/loginfo24.com\\\/nl\\\/2025\\\/04\\\/22\\\/start-van-de-eerste-estisch-duitse-haven-dagen-in-tallinn\\\/#article\",\"isPartOf\":{\"@id\":\"https:\\\/\\\/loginfo24.com\\\/nl\\\/2025\\\/04\\\/22\\\/start-van-de-eerste-estisch-duitse-haven-dagen-in-tallinn\\\/\"},\"author\":{\"name\":\"\",\"@id\":\"\"},\"headline\":\"Start van de eerste Estisch-Duitse Haven Dagen in Tallinn\",\"datePublished\":\"2025-04-22T17:22:00+00:00\",\"mainEntityOfPage\":{\"@id\":\"https:\\\/\\\/loginfo24.com\\\/nl\\\/2025\\\/04\\\/22\\\/start-van-de-eerste-estisch-duitse-haven-dagen-in-tallinn\\\/\"},\"wordCount\":434,\"commentCount\":0,\"publisher\":{\"@id\":\"https:\\\/\\\/loginfo24.com\\\/nl\\\/#organization\"},\"image\":{\"@id\":\"https:\\\/\\\/loginfo24.com\\\/nl\\\/2025\\\/04\\\/22\\\/start-van-de-eerste-estisch-duitse-haven-dagen-in-tallinn\\\/#primaryimage\"},\"thumbnailUrl\":\"https:\\\/\\\/loginfo24.com\\\/wp-content\\\/uploads\\\/sites\\\/7\\\/2025\\\/12\\\/Hafen_Hamburg_22.4.25.jpg\",\"articleSection\":[\"Regions\",\"Shipping &amp; Ports\"],\"inLanguage\":\"nl-NL\",\"potentialAction\":[{\"@type\":\"CommentAction\",\"name\":\"Comment\",\"target\":[\"https:\\\/\\\/loginfo24.com\\\/nl\\\/2025\\\/04\\\/22\\\/start-van-de-eerste-estisch-duitse-haven-dagen-in-tallinn\\\/#respond\"]}]},{\"@type\":\"WebPage\",\"@id\":\"https:\\\/\\\/loginfo24.com\\\/nl\\\/2025\\\/04\\\/22\\\/start-van-de-eerste-estisch-duitse-haven-dagen-in-tallinn\\\/\",\"url\":\"https:\\\/\\\/loginfo24.com\\\/nl\\\/2025\\\/04\\\/22\\\/start-van-de-eerste-estisch-duitse-haven-dagen-in-tallinn\\\/\",\"name\":\"Start van de eerste Estisch-Duitse Haven Dagen in Tallinn - Loginfo24\",\"isPartOf\":{\"@id\":\"https:\\\/\\\/loginfo24.com\\\/nl\\\/#website\"},\"primaryImageOfPage\":{\"@id\":\"https:\\\/\\\/loginfo24.com\\\/nl\\\/2025\\\/04\\\/22\\\/start-van-de-eerste-estisch-duitse-haven-dagen-in-tallinn\\\/#primaryimage\"},\"image\":{\"@id\":\"https:\\\/\\\/loginfo24.com\\\/nl\\\/2025\\\/04\\\/22\\\/start-van-de-eerste-estisch-duitse-haven-dagen-in-tallinn\\\/#primaryimage\"},\"thumbnailUrl\":\"https:\\\/\\\/loginfo24.com\\\/wp-content\\\/uploads\\\/sites\\\/7\\\/2025\\\/12\\\/Hafen_Hamburg_22.4.25.jpg\",\"datePublished\":\"2025-04-22T17:22:00+00:00\",\"breadcrumb\":{\"@id\":\"https:\\\/\\\/loginfo24.com\\\/nl\\\/2025\\\/04\\\/22\\\/start-van-de-eerste-estisch-duitse-haven-dagen-in-tallinn\\\/#breadcrumb\"},\"inLanguage\":\"nl-NL\",\"potentialAction\":[{\"@type\":\"ReadAction\",\"target\":[\"https:\\\/\\\/loginfo24.com\\\/nl\\\/2025\\\/04\\\/22\\\/start-van-de-eerste-estisch-duitse-haven-dagen-in-tallinn\\\/\"]}]},{\"@type\":\"ImageObject\",\"inLanguage\":\"nl-NL\",\"@id\":\"https:\\\/\\\/loginfo24.com\\\/nl\\\/2025\\\/04\\\/22\\\/start-van-de-eerste-estisch-duitse-haven-dagen-in-tallinn\\\/#primaryimage\",\"url\":\"https:\\\/\\\/loginfo24.com\\\/wp-content\\\/uploads\\\/sites\\\/7\\\/2025\\\/12\\\/Hafen_Hamburg_22.4.25.jpg\",\"contentUrl\":\"https:\\\/\\\/loginfo24.com\\\/wp-content\\\/uploads\\\/sites\\\/7\\\/2025\\\/12\\\/Hafen_Hamburg_22.4.25.jpg\",\"width\":1196,\"height\":713},{\"@type\":\"BreadcrumbList\",\"@id\":\"https:\\\/\\\/loginfo24.com\\\/nl\\\/2025\\\/04\\\/22\\\/start-van-de-eerste-estisch-duitse-haven-dagen-in-tallinn\\\/#breadcrumb\",\"itemListElement\":[{\"@type\":\"ListItem\",\"position\":1,\"name\":\"Startseite\",\"item\":\"https:\\\/\\\/loginfo24.com\\\/nl\\\/\"},{\"@type\":\"ListItem\",\"position\":2,\"name\":\"Start van de eerste Estisch-Duitse Haven Dagen in Tallinn\"}]},{\"@type\":\"WebSite\",\"@id\":\"https:\\\/\\\/loginfo24.com\\\/nl\\\/#website\",\"url\":\"https:\\\/\\\/loginfo24.com\\\/nl\\\/\",\"name\":\"Loginfo24\",\"description\":\"Loginfo24 is het platform voor logistiek en toeleveringsketens en biedt 24 uur per dag informatie.\",\"publisher\":{\"@id\":\"https:\\\/\\\/loginfo24.com\\\/nl\\\/#organization\"},\"potentialAction\":[{\"@type\":\"SearchAction\",\"target\":{\"@type\":\"EntryPoint\",\"urlTemplate\":\"https:\\\/\\\/loginfo24.com\\\/nl\\\/?s={search_term_string}\"},\"query-input\":{\"@type\":\"PropertyValueSpecification\",\"valueRequired\":true,\"valueName\":\"search_term_string\"}}],\"inLanguage\":\"nl-NL\"},{\"@type\":\"Organization\",\"@id\":\"https:\\\/\\\/loginfo24.com\\\/nl\\\/#organization\",\"name\":\"Logismedia Groep AG\",\"url\":\"https:\\\/\\\/loginfo24.com\\\/nl\\\/\",\"logo\":{\"@type\":\"ImageObject\",\"inLanguage\":\"nl-NL\",\"@id\":\"https:\\\/\\\/loginfo24.com\\\/nl\\\/#\\\/schema\\\/logo\\\/image\\\/\",\"url\":\"https:\\\/\\\/loginfo24.com\\\/wp-content\\\/uploads\\\/sites\\\/7\\\/2026\\\/01\\\/Logo_LogInfo24.png\",\"contentUrl\":\"https:\\\/\\\/loginfo24.com\\\/wp-content\\\/uploads\\\/sites\\\/7\\\/2026\\\/01\\\/Logo_LogInfo24.png\",\"width\":938,\"height\":351,\"caption\":\"Logismedia Groep AG\"},\"image\":{\"@id\":\"https:\\\/\\\/loginfo24.com\\\/nl\\\/#\\\/schema\\\/logo\\\/image\\\/\"},\"sameAs\":[\"https:\\\/\\\/www.facebook.com\\\/people\\\/Loginfo24\\\/100057360583332\\\/\",\"https:\\\/\\\/www.linkedin.com\\\/company\\\/lofinfo24\\\/\"]}]}<\/script>\n<!-- \/ Yoast SEO plugin. -->","yoast_head_json":{"title":"Start van de eerste Estisch-Duitse Haven Dagen in Tallinn - Loginfo24","robots":{"index":"index","follow":"follow","max-snippet":"max-snippet:-1","max-image-preview":"max-image-preview:large","max-video-preview":"max-video-preview:-1"},"canonical":"https:\/\/loginfo24.com\/nl\/2025\/04\/22\/start-van-de-eerste-estisch-duitse-haven-dagen-in-tallinn\/","og_locale":"nl_NL","og_type":"article","og_title":"Start van de eerste Estisch-Duitse Haven Dagen in Tallinn - Loginfo24","og_description":"Vandaag, woensdag, begint een delegatiereis naar de eerste Estisch-Duitse Haven Dagen in Tallinn. Ongeveer 35 deelnemers willen met hun bezoek de samenwerking tussen de havens van [\u2026]","og_url":"https:\/\/loginfo24.com\/nl\/2025\/04\/22\/start-van-de-eerste-estisch-duitse-haven-dagen-in-tallinn\/","og_site_name":"Loginfo24","article_publisher":"https:\/\/www.facebook.com\/people\/Loginfo24\/100057360583332\/","article_published_time":"2025-04-22T17:22:00+00:00","og_image":[{"width":1196,"height":713,"url":"https:\/\/loginfo24.com\/wp-content\/uploads\/sites\/7\/2025\/12\/Hafen_Hamburg_22.4.25.jpg","type":"image\/jpeg"}],"twitter_card":"summary_large_image","twitter_misc":{"Geschatte leestijd":"2 minuut"},"schema":{"@context":"https:\/\/schema.org","@graph":[{"@type":"Article","@id":"https:\/\/loginfo24.com\/nl\/2025\/04\/22\/start-van-de-eerste-estisch-duitse-haven-dagen-in-tallinn\/#article","isPartOf":{"@id":"https:\/\/loginfo24.com\/nl\/2025\/04\/22\/start-van-de-eerste-estisch-duitse-haven-dagen-in-tallinn\/"},"author":{"name":"","@id":""},"headline":"Start van de eerste Estisch-Duitse Haven Dagen in Tallinn","datePublished":"2025-04-22T17:22:00+00:00","mainEntityOfPage":{"@id":"https:\/\/loginfo24.com\/nl\/2025\/04\/22\/start-van-de-eerste-estisch-duitse-haven-dagen-in-tallinn\/"},"wordCount":434,"commentCount":0,"publisher":{"@id":"https:\/\/loginfo24.com\/nl\/#organization"},"image":{"@id":"https:\/\/loginfo24.com\/nl\/2025\/04\/22\/start-van-de-eerste-estisch-duitse-haven-dagen-in-tallinn\/#primaryimage"},"thumbnailUrl":"https:\/\/loginfo24.com\/wp-content\/uploads\/sites\/7\/2025\/12\/Hafen_Hamburg_22.4.25.jpg","articleSection":["Regions","Shipping &amp; Ports"],"inLanguage":"nl-NL","potentialAction":[{"@type":"CommentAction","name":"Comment","target":["https:\/\/loginfo24.com\/nl\/2025\/04\/22\/start-van-de-eerste-estisch-duitse-haven-dagen-in-tallinn\/#respond"]}]},{"@type":"WebPage","@id":"https:\/\/loginfo24.com\/nl\/2025\/04\/22\/start-van-de-eerste-estisch-duitse-haven-dagen-in-tallinn\/","url":"https:\/\/loginfo24.com\/nl\/2025\/04\/22\/start-van-de-eerste-estisch-duitse-haven-dagen-in-tallinn\/","name":"Start van de eerste Estisch-Duitse Haven Dagen in Tallinn - Loginfo24","isPartOf":{"@id":"https:\/\/loginfo24.com\/nl\/#website"},"primaryImageOfPage":{"@id":"https:\/\/loginfo24.com\/nl\/2025\/04\/22\/start-van-de-eerste-estisch-duitse-haven-dagen-in-tallinn\/#primaryimage"},"image":{"@id":"https:\/\/loginfo24.com\/nl\/2025\/04\/22\/start-van-de-eerste-estisch-duitse-haven-dagen-in-tallinn\/#primaryimage"},"thumbnailUrl":"https:\/\/loginfo24.com\/wp-content\/uploads\/sites\/7\/2025\/12\/Hafen_Hamburg_22.4.25.jpg","datePublished":"2025-04-22T17:22:00+00:00","breadcrumb":{"@id":"https:\/\/loginfo24.com\/nl\/2025\/04\/22\/start-van-de-eerste-estisch-duitse-haven-dagen-in-tallinn\/#breadcrumb"},"inLanguage":"nl-NL","potentialAction":[{"@type":"ReadAction","target":["https:\/\/loginfo24.com\/nl\/2025\/04\/22\/start-van-de-eerste-estisch-duitse-haven-dagen-in-tallinn\/"]}]},{"@type":"ImageObject","inLanguage":"nl-NL","@id":"https:\/\/loginfo24.com\/nl\/2025\/04\/22\/start-van-de-eerste-estisch-duitse-haven-dagen-in-tallinn\/#primaryimage","url":"https:\/\/loginfo24.com\/wp-content\/uploads\/sites\/7\/2025\/12\/Hafen_Hamburg_22.4.25.jpg","contentUrl":"https:\/\/loginfo24.com\/wp-content\/uploads\/sites\/7\/2025\/12\/Hafen_Hamburg_22.4.25.jpg","width":1196,"height":713},{"@type":"BreadcrumbList","@id":"https:\/\/loginfo24.com\/nl\/2025\/04\/22\/start-van-de-eerste-estisch-duitse-haven-dagen-in-tallinn\/#breadcrumb","itemListElement":[{"@type":"ListItem","position":1,"name":"Startseite","item":"https:\/\/loginfo24.com\/nl\/"},{"@type":"ListItem","position":2,"name":"Start van de eerste Estisch-Duitse Haven Dagen in Tallinn"}]},{"@type":"WebSite","@id":"https:\/\/loginfo24.com\/nl\/#website","url":"https:\/\/loginfo24.com\/nl\/","name":"Loginfo24","description":"Loginfo24 is het platform voor logistiek en toeleveringsketens en biedt 24 uur per dag informatie.","publisher":{"@id":"https:\/\/loginfo24.com\/nl\/#organization"},"potentialAction":[{"@type":"SearchAction","target":{"@type":"EntryPoint","urlTemplate":"https:\/\/loginfo24.com\/nl\/?s={search_term_string}"},"query-input":{"@type":"PropertyValueSpecification","valueRequired":true,"valueName":"search_term_string"}}],"inLanguage":"nl-NL"},{"@type":"Organization","@id":"https:\/\/loginfo24.com\/nl\/#organization","name":"Logismedia Groep AG","url":"https:\/\/loginfo24.com\/nl\/","logo":{"@type":"ImageObject","inLanguage":"nl-NL","@id":"https:\/\/loginfo24.com\/nl\/#\/schema\/logo\/image\/","url":"https:\/\/loginfo24.com\/wp-content\/uploads\/sites\/7\/2026\/01\/Logo_LogInfo24.png","contentUrl":"https:\/\/loginfo24.com\/wp-content\/uploads\/sites\/7\/2026\/01\/Logo_LogInfo24.png","width":938,"height":351,"caption":"Logismedia Groep AG"},"image":{"@id":"https:\/\/loginfo24.com\/nl\/#\/schema\/logo\/image\/"},"sameAs":["https:\/\/www.facebook.com\/people\/Loginfo24\/100057360583332\/","https:\/\/www.linkedin.com\/company\/lofinfo24\/"]}]}},"_links":{"self":[{"href":"https:\/\/loginfo24.com\/nl\/wp-json\/wp\/v2\/posts\/68852","targetHints":{"allow":["GET"]}}],"collection":[{"href":"https:\/\/loginfo24.com\/nl\/wp-json\/wp\/v2\/posts"}],"about":[{"href":"https:\/\/loginfo24.com\/nl\/wp-json\/wp\/v2\/types\/post"}],"replies":[{"embeddable":true,"href":"https:\/\/loginfo24.com\/nl\/wp-json\/wp\/v2\/comments?post=68852"}],"version-history":[{"count":0,"href":"https:\/\/loginfo24.com\/nl\/wp-json\/wp\/v2\/posts\/68852\/revisions"}],"wp:featuredmedia":[{"embeddable":true,"href":"https:\/\/loginfo24.com\/nl\/wp-json\/wp\/v2\/media\/5126"}],"wp:attachment":[{"href":"https:\/\/loginfo24.com\/nl\/wp-json\/wp\/v2\/media?parent=68852"}],"wp:term":[{"taxonomy":"category","embeddable":true,"href":"https:\/\/loginfo24.com\/nl\/wp-json\/wp\/v2\/categories?post=68852"},{"taxonomy":"post_tag","embeddable":true,"href":"https:\/\/loginfo24.com\/nl\/wp-json\/wp\/v2\/tags?post=68852"}],"curies":[{"name":"wp","href":"https:\/\/api.w.org\/{rel}","templated":true}]}}