{"id":67836,"date":"2025-01-23T20:03:51","date_gmt":"2025-01-23T19:03:51","guid":{"rendered":"https:\/\/blog.brand-architecture.at\/2025\/01\/23\/kombiverkehr-herstelt-verbinding-lubeck-verona\/"},"modified":"2025-01-23T20:03:51","modified_gmt":"2025-01-23T19:03:51","slug":"kombiverkehr-herstelt-verbinding-lubeck-verona","status":"publish","type":"post","link":"https:\/\/loginfo24.com\/nl\/2025\/01\/23\/kombiverkehr-herstelt-verbinding-lubeck-verona\/","title":{"rendered":"Kombiverkehr herstelt verbinding L\u00fcbeck - Verona"},"content":{"rendered":"<h5><strong>De Kombiverkehr KG cre\u00ebert extra capaciteit in haar Europese intermodale netwerk voor het verkeer tussen Duitsland en Itali\u00eb. Sinds deze maand kunnen vervoerders en logistieke bedrijven hun trailers, wisselcontainers en containers weer via een directe verbinding tussen de haven van L\u00fcbeck en Verona in Noord-Itali\u00eb transporteren.<\/strong><\/h5>\n<p>(Frankfurt) Aangekomen worden het Baltic Rail Gate Terminal aan de Skandinavienkai in L\u00fcbeck en het Terminal Verona Quadrante Europa. Elke donderdag en zondag rijden de treinen in noord-zuid richting en op dinsdag en vrijdag in zuid-noord richting, met aantrekkelijke aanname- en ophaaltijden op de start- en eindbestemmingen. De Kombiverkehr KG biedt extra verbindingen aan in het zogenaamde Gateway-verkeer via Hamburg op drie verkeersdagen. Vanuit Verona zijn er aansluitverbindingen naar het zuiden van Itali\u00eb, en vanuit de haven van L\u00fcbeck naar en van Zweden en Noorwegen. Het transport van afval en gevaarlijke goederen van alle klassen, behalve 1 en 7, is mogelijk.<\/p>\n<p>\u201eOnze capaciteitsuitbreiding komt voor transportbedrijven op het juiste moment, die door de renovatie van de Luegbrug in het Brennerverkeer voor grote uitdagingen staan.\u201c, zegt Arbi Tonians, hoofd Zuid-Europa bij de verkoop van de Kombiverkehr KG. Sinds 1 januari 2025 zal het wegverkeer over de 1,8 kilometer lange Luegbrug om veiligheidsredenen vaak slechts een rijstrook gebruiken. In maart begint de algemene vernieuwing van het meer dan 50 jaar oude bouwwerk bij Gries am Brenner, die tot eind 2030 zal duren.<\/p>\n<h5><strong>Meerdere verbindingen van en naar Verona<\/strong><\/h5>\n<p>\u201eOnze spooraanbiedingen via de Brenner kunnen een verlichting zijn voor expediteurs. Alleen al in het verkeer met Verona bieden we dagelijkse vertrektijden aan, vanaf sommige terminallocaties zelfs meerdere treinvertrekken per dag. Doelterminals in Duitsland naast L\u00fcbeck zijn M\u00fcnchen, Keulen, Ludwigshafen, Hannover, Hamburg, Leipzig, Neurenberg en Rostock.\u201c, aldus Tonians.<\/p>\n<p>Foto: \u00a9 Kombiverkehr<\/p>\n","protected":false},"excerpt":{"rendered":"<p>De Kombiverkehr KG cre\u00ebert extra capaciteit in haar Europese intermodale netwerk voor het verkeer tussen Duitsland en Itali\u00eb. Sinds deze maand kunnen vervoerders en logistieke bedrijven<span class=\"excerpt-hellip\"> [\u2026]<\/span><\/p>\n","protected":false},"author":0,"featured_media":5496,"comment_status":"open","ping_status":"open","sticky":false,"template":"","format":"standard","meta":{"_acf_changed":false,"footnotes":""},"categories":[1557,1561],"tags":[],"class_list":["post-67836","post","type-post","status-publish","format-standard","has-post-thumbnail","hentry","category-forwarding-logistics","category-regions"],"acf":[],"yoast_head":"<!-- This site is optimized with the Yoast SEO plugin v27.3 - https:\/\/yoast.com\/product\/yoast-seo-wordpress\/ -->\n<title>Kombiverkehr herstelt verbinding L\u00fcbeck - Verona - Loginfo24<\/title>\n<meta name=\"robots\" content=\"index, follow, max-snippet:-1, max-image-preview:large, max-video-preview:-1\" \/>\n<link rel=\"canonical\" href=\"https:\/\/loginfo24.com\/nl\/2025\/01\/23\/kombiverkehr-herstelt-verbinding-lubeck-verona\/\" \/>\n<meta property=\"og:locale\" content=\"nl_NL\" \/>\n<meta property=\"og:type\" content=\"article\" \/>\n<meta property=\"og:title\" content=\"Kombiverkehr herstelt verbinding L\u00fcbeck - Verona - Loginfo24\" \/>\n<meta property=\"og:description\" content=\"De Kombiverkehr KG cre\u00ebert extra capaciteit in haar Europese intermodale netwerk voor het verkeer tussen Duitsland en Itali\u00eb. Sinds deze maand kunnen vervoerders en logistieke bedrijven [\u2026]\" \/>\n<meta property=\"og:url\" content=\"https:\/\/loginfo24.com\/nl\/2025\/01\/23\/kombiverkehr-herstelt-verbinding-lubeck-verona\/\" \/>\n<meta property=\"og:site_name\" content=\"Loginfo24\" \/>\n<meta property=\"article:publisher\" content=\"https:\/\/www.facebook.com\/people\/Loginfo24\/100057360583332\/\" \/>\n<meta property=\"article:published_time\" content=\"2025-01-23T19:03:51+00:00\" \/>\n<meta property=\"og:image\" content=\"https:\/\/loginfo24.com\/wp-content\/uploads\/sites\/7\/2025\/12\/Kombiverkehr_23.1.25.jpg\" \/>\n\t<meta property=\"og:image:width\" content=\"1302\" \/>\n\t<meta property=\"og:image:height\" content=\"742\" \/>\n\t<meta property=\"og:image:type\" content=\"image\/jpeg\" \/>\n<meta name=\"twitter:card\" content=\"summary_large_image\" \/>\n<meta name=\"twitter:label1\" content=\"Geschatte leestijd\" \/>\n\t<meta name=\"twitter:data1\" content=\"1 minuut\" \/>\n<script type=\"application\/ld+json\" class=\"yoast-schema-graph\">{\"@context\":\"https:\\\/\\\/schema.org\",\"@graph\":[{\"@type\":\"Article\",\"@id\":\"https:\\\/\\\/loginfo24.com\\\/nl\\\/2025\\\/01\\\/23\\\/kombiverkehr-herstelt-verbinding-lubeck-verona\\\/#article\",\"isPartOf\":{\"@id\":\"https:\\\/\\\/loginfo24.com\\\/nl\\\/2025\\\/01\\\/23\\\/kombiverkehr-herstelt-verbinding-lubeck-verona\\\/\"},\"author\":{\"name\":\"\",\"@id\":\"\"},\"headline\":\"Kombiverkehr herstelt verbinding L\u00fcbeck - Verona\",\"datePublished\":\"2025-01-23T19:03:51+00:00\",\"mainEntityOfPage\":{\"@id\":\"https:\\\/\\\/loginfo24.com\\\/nl\\\/2025\\\/01\\\/23\\\/kombiverkehr-herstelt-verbinding-lubeck-verona\\\/\"},\"wordCount\":288,\"commentCount\":0,\"publisher\":{\"@id\":\"https:\\\/\\\/loginfo24.com\\\/nl\\\/#organization\"},\"image\":{\"@id\":\"https:\\\/\\\/loginfo24.com\\\/nl\\\/2025\\\/01\\\/23\\\/kombiverkehr-herstelt-verbinding-lubeck-verona\\\/#primaryimage\"},\"thumbnailUrl\":\"https:\\\/\\\/loginfo24.com\\\/wp-content\\\/uploads\\\/sites\\\/7\\\/2025\\\/12\\\/Kombiverkehr_23.1.25.jpg\",\"articleSection\":[\"Forwarding &amp; Logistics\",\"Regions\"],\"inLanguage\":\"nl-NL\",\"potentialAction\":[{\"@type\":\"CommentAction\",\"name\":\"Comment\",\"target\":[\"https:\\\/\\\/loginfo24.com\\\/nl\\\/2025\\\/01\\\/23\\\/kombiverkehr-herstelt-verbinding-lubeck-verona\\\/#respond\"]}]},{\"@type\":\"WebPage\",\"@id\":\"https:\\\/\\\/loginfo24.com\\\/nl\\\/2025\\\/01\\\/23\\\/kombiverkehr-herstelt-verbinding-lubeck-verona\\\/\",\"url\":\"https:\\\/\\\/loginfo24.com\\\/nl\\\/2025\\\/01\\\/23\\\/kombiverkehr-herstelt-verbinding-lubeck-verona\\\/\",\"name\":\"Kombiverkehr herstelt verbinding L\u00fcbeck - Verona - Loginfo24\",\"isPartOf\":{\"@id\":\"https:\\\/\\\/loginfo24.com\\\/nl\\\/#website\"},\"primaryImageOfPage\":{\"@id\":\"https:\\\/\\\/loginfo24.com\\\/nl\\\/2025\\\/01\\\/23\\\/kombiverkehr-herstelt-verbinding-lubeck-verona\\\/#primaryimage\"},\"image\":{\"@id\":\"https:\\\/\\\/loginfo24.com\\\/nl\\\/2025\\\/01\\\/23\\\/kombiverkehr-herstelt-verbinding-lubeck-verona\\\/#primaryimage\"},\"thumbnailUrl\":\"https:\\\/\\\/loginfo24.com\\\/wp-content\\\/uploads\\\/sites\\\/7\\\/2025\\\/12\\\/Kombiverkehr_23.1.25.jpg\",\"datePublished\":\"2025-01-23T19:03:51+00:00\",\"breadcrumb\":{\"@id\":\"https:\\\/\\\/loginfo24.com\\\/nl\\\/2025\\\/01\\\/23\\\/kombiverkehr-herstelt-verbinding-lubeck-verona\\\/#breadcrumb\"},\"inLanguage\":\"nl-NL\",\"potentialAction\":[{\"@type\":\"ReadAction\",\"target\":[\"https:\\\/\\\/loginfo24.com\\\/nl\\\/2025\\\/01\\\/23\\\/kombiverkehr-herstelt-verbinding-lubeck-verona\\\/\"]}]},{\"@type\":\"ImageObject\",\"inLanguage\":\"nl-NL\",\"@id\":\"https:\\\/\\\/loginfo24.com\\\/nl\\\/2025\\\/01\\\/23\\\/kombiverkehr-herstelt-verbinding-lubeck-verona\\\/#primaryimage\",\"url\":\"https:\\\/\\\/loginfo24.com\\\/wp-content\\\/uploads\\\/sites\\\/7\\\/2025\\\/12\\\/Kombiverkehr_23.1.25.jpg\",\"contentUrl\":\"https:\\\/\\\/loginfo24.com\\\/wp-content\\\/uploads\\\/sites\\\/7\\\/2025\\\/12\\\/Kombiverkehr_23.1.25.jpg\",\"width\":1302,\"height\":742},{\"@type\":\"BreadcrumbList\",\"@id\":\"https:\\\/\\\/loginfo24.com\\\/nl\\\/2025\\\/01\\\/23\\\/kombiverkehr-herstelt-verbinding-lubeck-verona\\\/#breadcrumb\",\"itemListElement\":[{\"@type\":\"ListItem\",\"position\":1,\"name\":\"Startseite\",\"item\":\"https:\\\/\\\/loginfo24.com\\\/nl\\\/\"},{\"@type\":\"ListItem\",\"position\":2,\"name\":\"Kombiverkehr herstelt verbinding L\u00fcbeck &#8211; Verona\"}]},{\"@type\":\"WebSite\",\"@id\":\"https:\\\/\\\/loginfo24.com\\\/nl\\\/#website\",\"url\":\"https:\\\/\\\/loginfo24.com\\\/nl\\\/\",\"name\":\"Loginfo24\",\"description\":\"Loginfo24 is het platform voor logistiek en toeleveringsketens en biedt 24 uur per dag informatie.\",\"publisher\":{\"@id\":\"https:\\\/\\\/loginfo24.com\\\/nl\\\/#organization\"},\"potentialAction\":[{\"@type\":\"SearchAction\",\"target\":{\"@type\":\"EntryPoint\",\"urlTemplate\":\"https:\\\/\\\/loginfo24.com\\\/nl\\\/?s={search_term_string}\"},\"query-input\":{\"@type\":\"PropertyValueSpecification\",\"valueRequired\":true,\"valueName\":\"search_term_string\"}}],\"inLanguage\":\"nl-NL\"},{\"@type\":\"Organization\",\"@id\":\"https:\\\/\\\/loginfo24.com\\\/nl\\\/#organization\",\"name\":\"Logismedia Groep AG\",\"url\":\"https:\\\/\\\/loginfo24.com\\\/nl\\\/\",\"logo\":{\"@type\":\"ImageObject\",\"inLanguage\":\"nl-NL\",\"@id\":\"https:\\\/\\\/loginfo24.com\\\/nl\\\/#\\\/schema\\\/logo\\\/image\\\/\",\"url\":\"https:\\\/\\\/loginfo24.com\\\/wp-content\\\/uploads\\\/sites\\\/7\\\/2026\\\/01\\\/Logo_LogInfo24.png\",\"contentUrl\":\"https:\\\/\\\/loginfo24.com\\\/wp-content\\\/uploads\\\/sites\\\/7\\\/2026\\\/01\\\/Logo_LogInfo24.png\",\"width\":938,\"height\":351,\"caption\":\"Logismedia Groep AG\"},\"image\":{\"@id\":\"https:\\\/\\\/loginfo24.com\\\/nl\\\/#\\\/schema\\\/logo\\\/image\\\/\"},\"sameAs\":[\"https:\\\/\\\/www.facebook.com\\\/people\\\/Loginfo24\\\/100057360583332\\\/\",\"https:\\\/\\\/www.linkedin.com\\\/company\\\/lofinfo24\\\/\"]}]}<\/script>\n<!-- \/ Yoast SEO plugin. -->","yoast_head_json":{"title":"Kombiverkehr herstelt verbinding L\u00fcbeck - Verona - Loginfo24","robots":{"index":"index","follow":"follow","max-snippet":"max-snippet:-1","max-image-preview":"max-image-preview:large","max-video-preview":"max-video-preview:-1"},"canonical":"https:\/\/loginfo24.com\/nl\/2025\/01\/23\/kombiverkehr-herstelt-verbinding-lubeck-verona\/","og_locale":"nl_NL","og_type":"article","og_title":"Kombiverkehr herstelt verbinding L\u00fcbeck - Verona - Loginfo24","og_description":"De Kombiverkehr KG cre\u00ebert extra capaciteit in haar Europese intermodale netwerk voor het verkeer tussen Duitsland en Itali\u00eb. Sinds deze maand kunnen vervoerders en logistieke bedrijven [\u2026]","og_url":"https:\/\/loginfo24.com\/nl\/2025\/01\/23\/kombiverkehr-herstelt-verbinding-lubeck-verona\/","og_site_name":"Loginfo24","article_publisher":"https:\/\/www.facebook.com\/people\/Loginfo24\/100057360583332\/","article_published_time":"2025-01-23T19:03:51+00:00","og_image":[{"width":1302,"height":742,"url":"https:\/\/loginfo24.com\/wp-content\/uploads\/sites\/7\/2025\/12\/Kombiverkehr_23.1.25.jpg","type":"image\/jpeg"}],"twitter_card":"summary_large_image","twitter_misc":{"Geschatte leestijd":"1 minuut"},"schema":{"@context":"https:\/\/schema.org","@graph":[{"@type":"Article","@id":"https:\/\/loginfo24.com\/nl\/2025\/01\/23\/kombiverkehr-herstelt-verbinding-lubeck-verona\/#article","isPartOf":{"@id":"https:\/\/loginfo24.com\/nl\/2025\/01\/23\/kombiverkehr-herstelt-verbinding-lubeck-verona\/"},"author":{"name":"","@id":""},"headline":"Kombiverkehr herstelt verbinding L\u00fcbeck - Verona","datePublished":"2025-01-23T19:03:51+00:00","mainEntityOfPage":{"@id":"https:\/\/loginfo24.com\/nl\/2025\/01\/23\/kombiverkehr-herstelt-verbinding-lubeck-verona\/"},"wordCount":288,"commentCount":0,"publisher":{"@id":"https:\/\/loginfo24.com\/nl\/#organization"},"image":{"@id":"https:\/\/loginfo24.com\/nl\/2025\/01\/23\/kombiverkehr-herstelt-verbinding-lubeck-verona\/#primaryimage"},"thumbnailUrl":"https:\/\/loginfo24.com\/wp-content\/uploads\/sites\/7\/2025\/12\/Kombiverkehr_23.1.25.jpg","articleSection":["Forwarding &amp; Logistics","Regions"],"inLanguage":"nl-NL","potentialAction":[{"@type":"CommentAction","name":"Comment","target":["https:\/\/loginfo24.com\/nl\/2025\/01\/23\/kombiverkehr-herstelt-verbinding-lubeck-verona\/#respond"]}]},{"@type":"WebPage","@id":"https:\/\/loginfo24.com\/nl\/2025\/01\/23\/kombiverkehr-herstelt-verbinding-lubeck-verona\/","url":"https:\/\/loginfo24.com\/nl\/2025\/01\/23\/kombiverkehr-herstelt-verbinding-lubeck-verona\/","name":"Kombiverkehr herstelt verbinding L\u00fcbeck - Verona - Loginfo24","isPartOf":{"@id":"https:\/\/loginfo24.com\/nl\/#website"},"primaryImageOfPage":{"@id":"https:\/\/loginfo24.com\/nl\/2025\/01\/23\/kombiverkehr-herstelt-verbinding-lubeck-verona\/#primaryimage"},"image":{"@id":"https:\/\/loginfo24.com\/nl\/2025\/01\/23\/kombiverkehr-herstelt-verbinding-lubeck-verona\/#primaryimage"},"thumbnailUrl":"https:\/\/loginfo24.com\/wp-content\/uploads\/sites\/7\/2025\/12\/Kombiverkehr_23.1.25.jpg","datePublished":"2025-01-23T19:03:51+00:00","breadcrumb":{"@id":"https:\/\/loginfo24.com\/nl\/2025\/01\/23\/kombiverkehr-herstelt-verbinding-lubeck-verona\/#breadcrumb"},"inLanguage":"nl-NL","potentialAction":[{"@type":"ReadAction","target":["https:\/\/loginfo24.com\/nl\/2025\/01\/23\/kombiverkehr-herstelt-verbinding-lubeck-verona\/"]}]},{"@type":"ImageObject","inLanguage":"nl-NL","@id":"https:\/\/loginfo24.com\/nl\/2025\/01\/23\/kombiverkehr-herstelt-verbinding-lubeck-verona\/#primaryimage","url":"https:\/\/loginfo24.com\/wp-content\/uploads\/sites\/7\/2025\/12\/Kombiverkehr_23.1.25.jpg","contentUrl":"https:\/\/loginfo24.com\/wp-content\/uploads\/sites\/7\/2025\/12\/Kombiverkehr_23.1.25.jpg","width":1302,"height":742},{"@type":"BreadcrumbList","@id":"https:\/\/loginfo24.com\/nl\/2025\/01\/23\/kombiverkehr-herstelt-verbinding-lubeck-verona\/#breadcrumb","itemListElement":[{"@type":"ListItem","position":1,"name":"Startseite","item":"https:\/\/loginfo24.com\/nl\/"},{"@type":"ListItem","position":2,"name":"Kombiverkehr herstelt verbinding L\u00fcbeck &#8211; Verona"}]},{"@type":"WebSite","@id":"https:\/\/loginfo24.com\/nl\/#website","url":"https:\/\/loginfo24.com\/nl\/","name":"Loginfo24","description":"Loginfo24 is het platform voor logistiek en toeleveringsketens en biedt 24 uur per dag informatie.","publisher":{"@id":"https:\/\/loginfo24.com\/nl\/#organization"},"potentialAction":[{"@type":"SearchAction","target":{"@type":"EntryPoint","urlTemplate":"https:\/\/loginfo24.com\/nl\/?s={search_term_string}"},"query-input":{"@type":"PropertyValueSpecification","valueRequired":true,"valueName":"search_term_string"}}],"inLanguage":"nl-NL"},{"@type":"Organization","@id":"https:\/\/loginfo24.com\/nl\/#organization","name":"Logismedia Groep AG","url":"https:\/\/loginfo24.com\/nl\/","logo":{"@type":"ImageObject","inLanguage":"nl-NL","@id":"https:\/\/loginfo24.com\/nl\/#\/schema\/logo\/image\/","url":"https:\/\/loginfo24.com\/wp-content\/uploads\/sites\/7\/2026\/01\/Logo_LogInfo24.png","contentUrl":"https:\/\/loginfo24.com\/wp-content\/uploads\/sites\/7\/2026\/01\/Logo_LogInfo24.png","width":938,"height":351,"caption":"Logismedia Groep AG"},"image":{"@id":"https:\/\/loginfo24.com\/nl\/#\/schema\/logo\/image\/"},"sameAs":["https:\/\/www.facebook.com\/people\/Loginfo24\/100057360583332\/","https:\/\/www.linkedin.com\/company\/lofinfo24\/"]}]}},"_links":{"self":[{"href":"https:\/\/loginfo24.com\/nl\/wp-json\/wp\/v2\/posts\/67836","targetHints":{"allow":["GET"]}}],"collection":[{"href":"https:\/\/loginfo24.com\/nl\/wp-json\/wp\/v2\/posts"}],"about":[{"href":"https:\/\/loginfo24.com\/nl\/wp-json\/wp\/v2\/types\/post"}],"replies":[{"embeddable":true,"href":"https:\/\/loginfo24.com\/nl\/wp-json\/wp\/v2\/comments?post=67836"}],"version-history":[{"count":0,"href":"https:\/\/loginfo24.com\/nl\/wp-json\/wp\/v2\/posts\/67836\/revisions"}],"wp:featuredmedia":[{"embeddable":true,"href":"https:\/\/loginfo24.com\/nl\/wp-json\/wp\/v2\/media\/5496"}],"wp:attachment":[{"href":"https:\/\/loginfo24.com\/nl\/wp-json\/wp\/v2\/media?parent=67836"}],"wp:term":[{"taxonomy":"category","embeddable":true,"href":"https:\/\/loginfo24.com\/nl\/wp-json\/wp\/v2\/categories?post=67836"},{"taxonomy":"post_tag","embeddable":true,"href":"https:\/\/loginfo24.com\/nl\/wp-json\/wp\/v2\/tags?post=67836"}],"curies":[{"name":"wp","href":"https:\/\/api.w.org\/{rel}","templated":true}]}}