{"id":63105,"date":"2023-10-18T15:33:26","date_gmt":"2023-10-18T13:33:26","guid":{"rendered":"https:\/\/blog.brand-architecture.at\/2023\/10\/18\/duitse-logistiekcongres-vanaf-2024-met-een-nieuw-gezicht\/"},"modified":"2023-10-18T15:33:26","modified_gmt":"2023-10-18T13:33:26","slug":"duitse-logistiekcongres-vanaf-2024-met-een-nieuw-gezicht","status":"publish","type":"post","link":"https:\/\/loginfo24.com\/nl\/2023\/10\/18\/duitse-logistiekcongres-vanaf-2024-met-een-nieuw-gezicht\/","title":{"rendered":"Duitse Logistiekcongres vanaf 2024 met een nieuw gezicht"},"content":{"rendered":"<h5>Het 40e Duitse Logistiekcongres in Berlijn is geopend! Tot vrijdag komen meer dan 2.000 experts uit de supply chain en logistiek samen in de hotels InterContinental Berlijn en Schweizerhof voor een van de grootste economische congressen van Duitsland. Gedurende drie dagen wordt de deelnemers een gevarieerd programma aangeboden. Dit keer staan de locatie Duitsland en de energietransitie, het tekort aan vakbekwame arbeidskrachten, de inspanningen voor meer veerkracht in de toeleveringsketen, cyberbeveiliging en de decarbonisatie centraal.<\/h5>\n<p>(Bremen\/Berlijn) De voorzitter van de BVL, Prof. Dr.-Ing. Thomas Wimmer: \u201eDe uitdagingen in de logistieke sector nemen niet af, terwijl de economische vooruitzichten nog steeds somber zijn. Ik wil echter niet meer horen hoe de locatie Duitsland overal negatief wordt besproken. Dit kan gemakkelijk leiden tot een self-fulfilling prophecy. Laten we de ideologisch gekleurde discussie achter ons laten en kijken hoe we het samen beter kunnen doen om de globale &#8217;tijdenwende&#8217; in ons voordeel te vormen \u2013 economie in samenwerking met politiek en samenleving. Hiervoor hebben we openheid, vertrouwen en de bereidheid nodig om verder te kijken dan de grenzen van ons eigen bedrijf.\u201d<\/p>\n<h5><strong>2024: Nieuwe locatie en nieuw concept <\/strong><\/h5>\n<p>Het 40e Duitse Logistiekcongres markeert ook het einde van een tijdperk: Van het InterConti met zijn Marlene Bar verhuizen we in 2024 naar het Estrel Berlijn \u2013 het grootste congreshotel van Duitsland. Ook het concept verandert: Voortaan is er een splitsing tussen conferentie en tentoonstelling. De tentoonstelling wordt groter met meer ruimte voor de exposanten, er kunnen side-events zijn voor specifieke sectoren of voor start-ups, en er zijn meer digitale netwerkmogelijkheden. \u201eWe willen zowel bij sprekers als deelnemers duidelijk internationaler worden,\u201d aldus Thomas Wimmer, en voegt eraan toe: \u201eWe zullen nog steeds het beste congresprogramma en de C-level uitwisseling hebben. En we willen zichtbaarder de trots op onze sector tonen.\u201d Ook zijn er plannen voor meer diverse ticketopties, bijvoorbeeld met dagtickets of goedkopere expo-tickets.<\/p>\n<div id=\"attachment_24441\" style=\"width: 1013px\" class=\"wp-caption alignnone\"><img loading=\"lazy\" decoding=\"async\" aria-describedby=\"caption-attachment-24441\" class=\"wp-image-24441 size-full\" src=\"https:\/\/loginfo24.com\/wp-content\/uploads\/sites\/7\/2025\/12\/BVL_18.10.23_2.jpg\" alt=\"\" width=\"1003\" height=\"616\" \/><p id=\"caption-attachment-24441\" class=\"wp-caption-text\">Prof. Dr.-Ing. Thomas Wimmer, BVL, verwelkomt de deelnemers op het 40e Duitse Logistiekcongres \u00a9 BVL\/Kai Bublitz<\/p><\/div>\n<h5><strong>Logistieke wijzen: 2024 slechts lichte nominale plus van 0,8% <\/strong><\/h5>\n<p>Vandaag publiceren de logistieke wijzen hun prognoses voor 2023 en 2024, die ze tijdens hun herfsttop hebben opgesteld en besproken. De prognose voor 2023 is naar beneden bijgesteld vanwege de zwakkere economische ontwikkeling. De huidige consensusraming ligt op nominale +2,5 % en re\u00ebel -2,0%. In het \u201eslechtste geval\u201d wordt rekening gehouden met een verdere verlaging van de prognose met \u00e9\u00e9n procentpunt. De prognose voor 2024 ligt gemiddeld op nominale 0,8% en re\u00ebel -3,5%. Deze cijfers zijn gebaseerd op de veronderstelling dat de bouwactiviteiten volgend jaar verder zullen afnemen, de vraag in de machinebouw een lichte daling zal vertonen, de chemische industrie en de auto-industrie zullen stagnatie vertonen en de vraag naar consumptiegoederen ook stabiel zal blijven. Alleen de elektronica-industrie belooft positieve impulsen. Een sprankje hoop zou in de tweede helft van 2024 zichtbaar kunnen zijn bij consumptiegoederen voor huishoudens, ook het kerstseizoen zou de economie kunnen stimuleren.<\/p>\n<p>De logistieke wijzen formuleren ook negen kernmaatregelen die de politiek zou moeten implementeren om ervoor te zorgen dat Duitsland aan de top van de logistiek blijft. De focus ligt vooral op de infrastructuur \u2013 zowel in het verkeer als bij digitalisering en elektriciteit \u2013 die met masterplannen van de politiek moet worden aangepast aan de respectieve vereisten. Een andere factor is voor de logistieke wijzen de onderzoeksfinanciering, om de innovativiteit van de logistiek te versterken en te behouden.<\/p>\n<h5>Ontwikkeling van de logistiek voor het volgende jaar voorspellen<\/h5>\n<p>Het initiatief Top van de Logistieke Wijzen werd in 2013 ge\u00efnitieerd door Christian Kille en Markus Mei\u00dfner en heeft als doel de ontwikkeling van de logistiek voor het volgende jaar te voorspellen, om besluitvormers uit politiek en praktijk richting en vergelijkingsmogelijkheden te bieden. De bescherming is momenteel in handen van Oliver Luksic, MdB, parlementair staatssecretaris bij de federale minister voor Digitale Zaken en Verkeer en co\u00f6rdinator van de federale regering voor goederenvervoer en logistiek.<\/p>\n<p>Titelfoto \u00a9 Loginfo24<\/p>\n","protected":false},"excerpt":{"rendered":"<p>Het 40e Duitse Logistiekcongres in Berlijn is geopend! Tot vrijdag komen meer dan 2.000 experts uit de supply chain en logistiek samen in de hotels InterContinental<span class=\"excerpt-hellip\"> [\u2026]<\/span><\/p>\n","protected":false},"author":0,"featured_media":7417,"comment_status":"open","ping_status":"open","sticky":false,"template":"","format":"standard","meta":{"_acf_changed":false,"footnotes":""},"categories":[1557,1561],"tags":[],"class_list":["post-63105","post","type-post","status-publish","format-standard","has-post-thumbnail","hentry","category-forwarding-logistics","category-regions"],"acf":[],"yoast_head":"<!-- This site is optimized with the Yoast SEO plugin v27.3 - https:\/\/yoast.com\/product\/yoast-seo-wordpress\/ -->\n<title>Duitse Logistiekcongres vanaf 2024 met een nieuw gezicht - Loginfo24<\/title>\n<meta name=\"robots\" content=\"index, follow, max-snippet:-1, max-image-preview:large, max-video-preview:-1\" \/>\n<link rel=\"canonical\" href=\"https:\/\/loginfo24.com\/nl\/2023\/10\/18\/duitse-logistiekcongres-vanaf-2024-met-een-nieuw-gezicht\/\" \/>\n<meta property=\"og:locale\" content=\"nl_NL\" \/>\n<meta property=\"og:type\" content=\"article\" \/>\n<meta property=\"og:title\" content=\"Duitse Logistiekcongres vanaf 2024 met een nieuw gezicht - Loginfo24\" \/>\n<meta property=\"og:description\" content=\"Het 40e Duitse Logistiekcongres in Berlijn is geopend! Tot vrijdag komen meer dan 2.000 experts uit de supply chain en logistiek samen in de hotels InterContinental [\u2026]\" \/>\n<meta property=\"og:url\" content=\"https:\/\/loginfo24.com\/nl\/2023\/10\/18\/duitse-logistiekcongres-vanaf-2024-met-een-nieuw-gezicht\/\" \/>\n<meta property=\"og:site_name\" content=\"Loginfo24\" \/>\n<meta property=\"article:publisher\" content=\"https:\/\/www.facebook.com\/people\/Loginfo24\/100057360583332\/\" \/>\n<meta property=\"article:published_time\" content=\"2023-10-18T13:33:26+00:00\" \/>\n<meta property=\"og:image\" content=\"https:\/\/loginfo24.com\/wp-content\/uploads\/sites\/7\/2025\/12\/BVL_18.10.23.jpg\" \/>\n\t<meta property=\"og:image:width\" content=\"845\" \/>\n\t<meta property=\"og:image:height\" content=\"490\" \/>\n\t<meta property=\"og:image:type\" content=\"image\/jpeg\" \/>\n<meta name=\"twitter:card\" content=\"summary_large_image\" \/>\n<meta name=\"twitter:label1\" content=\"Geschatte leestijd\" \/>\n\t<meta name=\"twitter:data1\" content=\"3 minuut\" \/>\n<script type=\"application\/ld+json\" class=\"yoast-schema-graph\">{\"@context\":\"https:\\\/\\\/schema.org\",\"@graph\":[{\"@type\":\"Article\",\"@id\":\"https:\\\/\\\/loginfo24.com\\\/nl\\\/2023\\\/10\\\/18\\\/duitse-logistiekcongres-vanaf-2024-met-een-nieuw-gezicht\\\/#article\",\"isPartOf\":{\"@id\":\"https:\\\/\\\/loginfo24.com\\\/nl\\\/2023\\\/10\\\/18\\\/duitse-logistiekcongres-vanaf-2024-met-een-nieuw-gezicht\\\/\"},\"author\":{\"name\":\"\",\"@id\":\"\"},\"headline\":\"Duitse Logistiekcongres vanaf 2024 met een nieuw gezicht\",\"datePublished\":\"2023-10-18T13:33:26+00:00\",\"mainEntityOfPage\":{\"@id\":\"https:\\\/\\\/loginfo24.com\\\/nl\\\/2023\\\/10\\\/18\\\/duitse-logistiekcongres-vanaf-2024-met-een-nieuw-gezicht\\\/\"},\"wordCount\":648,\"commentCount\":0,\"publisher\":{\"@id\":\"https:\\\/\\\/loginfo24.com\\\/nl\\\/#organization\"},\"image\":{\"@id\":\"https:\\\/\\\/loginfo24.com\\\/nl\\\/2023\\\/10\\\/18\\\/duitse-logistiekcongres-vanaf-2024-met-een-nieuw-gezicht\\\/#primaryimage\"},\"thumbnailUrl\":\"https:\\\/\\\/loginfo24.com\\\/wp-content\\\/uploads\\\/sites\\\/7\\\/2025\\\/12\\\/BVL_18.10.23.jpg\",\"articleSection\":[\"Forwarding &amp; Logistics\",\"Regions\"],\"inLanguage\":\"nl-NL\",\"potentialAction\":[{\"@type\":\"CommentAction\",\"name\":\"Comment\",\"target\":[\"https:\\\/\\\/loginfo24.com\\\/nl\\\/2023\\\/10\\\/18\\\/duitse-logistiekcongres-vanaf-2024-met-een-nieuw-gezicht\\\/#respond\"]}]},{\"@type\":\"WebPage\",\"@id\":\"https:\\\/\\\/loginfo24.com\\\/nl\\\/2023\\\/10\\\/18\\\/duitse-logistiekcongres-vanaf-2024-met-een-nieuw-gezicht\\\/\",\"url\":\"https:\\\/\\\/loginfo24.com\\\/nl\\\/2023\\\/10\\\/18\\\/duitse-logistiekcongres-vanaf-2024-met-een-nieuw-gezicht\\\/\",\"name\":\"Duitse Logistiekcongres vanaf 2024 met een nieuw gezicht - Loginfo24\",\"isPartOf\":{\"@id\":\"https:\\\/\\\/loginfo24.com\\\/nl\\\/#website\"},\"primaryImageOfPage\":{\"@id\":\"https:\\\/\\\/loginfo24.com\\\/nl\\\/2023\\\/10\\\/18\\\/duitse-logistiekcongres-vanaf-2024-met-een-nieuw-gezicht\\\/#primaryimage\"},\"image\":{\"@id\":\"https:\\\/\\\/loginfo24.com\\\/nl\\\/2023\\\/10\\\/18\\\/duitse-logistiekcongres-vanaf-2024-met-een-nieuw-gezicht\\\/#primaryimage\"},\"thumbnailUrl\":\"https:\\\/\\\/loginfo24.com\\\/wp-content\\\/uploads\\\/sites\\\/7\\\/2025\\\/12\\\/BVL_18.10.23.jpg\",\"datePublished\":\"2023-10-18T13:33:26+00:00\",\"breadcrumb\":{\"@id\":\"https:\\\/\\\/loginfo24.com\\\/nl\\\/2023\\\/10\\\/18\\\/duitse-logistiekcongres-vanaf-2024-met-een-nieuw-gezicht\\\/#breadcrumb\"},\"inLanguage\":\"nl-NL\",\"potentialAction\":[{\"@type\":\"ReadAction\",\"target\":[\"https:\\\/\\\/loginfo24.com\\\/nl\\\/2023\\\/10\\\/18\\\/duitse-logistiekcongres-vanaf-2024-met-een-nieuw-gezicht\\\/\"]}]},{\"@type\":\"ImageObject\",\"inLanguage\":\"nl-NL\",\"@id\":\"https:\\\/\\\/loginfo24.com\\\/nl\\\/2023\\\/10\\\/18\\\/duitse-logistiekcongres-vanaf-2024-met-een-nieuw-gezicht\\\/#primaryimage\",\"url\":\"https:\\\/\\\/loginfo24.com\\\/wp-content\\\/uploads\\\/sites\\\/7\\\/2025\\\/12\\\/BVL_18.10.23.jpg\",\"contentUrl\":\"https:\\\/\\\/loginfo24.com\\\/wp-content\\\/uploads\\\/sites\\\/7\\\/2025\\\/12\\\/BVL_18.10.23.jpg\",\"width\":845,\"height\":490},{\"@type\":\"BreadcrumbList\",\"@id\":\"https:\\\/\\\/loginfo24.com\\\/nl\\\/2023\\\/10\\\/18\\\/duitse-logistiekcongres-vanaf-2024-met-een-nieuw-gezicht\\\/#breadcrumb\",\"itemListElement\":[{\"@type\":\"ListItem\",\"position\":1,\"name\":\"Startseite\",\"item\":\"https:\\\/\\\/loginfo24.com\\\/nl\\\/\"},{\"@type\":\"ListItem\",\"position\":2,\"name\":\"Duitse Logistiekcongres vanaf 2024 met een nieuw gezicht\"}]},{\"@type\":\"WebSite\",\"@id\":\"https:\\\/\\\/loginfo24.com\\\/nl\\\/#website\",\"url\":\"https:\\\/\\\/loginfo24.com\\\/nl\\\/\",\"name\":\"Loginfo24\",\"description\":\"Loginfo24 is het platform voor logistiek en toeleveringsketens en biedt 24 uur per dag informatie.\",\"publisher\":{\"@id\":\"https:\\\/\\\/loginfo24.com\\\/nl\\\/#organization\"},\"potentialAction\":[{\"@type\":\"SearchAction\",\"target\":{\"@type\":\"EntryPoint\",\"urlTemplate\":\"https:\\\/\\\/loginfo24.com\\\/nl\\\/?s={search_term_string}\"},\"query-input\":{\"@type\":\"PropertyValueSpecification\",\"valueRequired\":true,\"valueName\":\"search_term_string\"}}],\"inLanguage\":\"nl-NL\"},{\"@type\":\"Organization\",\"@id\":\"https:\\\/\\\/loginfo24.com\\\/nl\\\/#organization\",\"name\":\"Logismedia Groep AG\",\"url\":\"https:\\\/\\\/loginfo24.com\\\/nl\\\/\",\"logo\":{\"@type\":\"ImageObject\",\"inLanguage\":\"nl-NL\",\"@id\":\"https:\\\/\\\/loginfo24.com\\\/nl\\\/#\\\/schema\\\/logo\\\/image\\\/\",\"url\":\"https:\\\/\\\/loginfo24.com\\\/wp-content\\\/uploads\\\/sites\\\/7\\\/2026\\\/01\\\/Logo_LogInfo24.png\",\"contentUrl\":\"https:\\\/\\\/loginfo24.com\\\/wp-content\\\/uploads\\\/sites\\\/7\\\/2026\\\/01\\\/Logo_LogInfo24.png\",\"width\":938,\"height\":351,\"caption\":\"Logismedia Groep AG\"},\"image\":{\"@id\":\"https:\\\/\\\/loginfo24.com\\\/nl\\\/#\\\/schema\\\/logo\\\/image\\\/\"},\"sameAs\":[\"https:\\\/\\\/www.facebook.com\\\/people\\\/Loginfo24\\\/100057360583332\\\/\",\"https:\\\/\\\/www.linkedin.com\\\/company\\\/lofinfo24\\\/\"]}]}<\/script>\n<!-- \/ Yoast SEO plugin. -->","yoast_head_json":{"title":"Duitse Logistiekcongres vanaf 2024 met een nieuw gezicht - Loginfo24","robots":{"index":"index","follow":"follow","max-snippet":"max-snippet:-1","max-image-preview":"max-image-preview:large","max-video-preview":"max-video-preview:-1"},"canonical":"https:\/\/loginfo24.com\/nl\/2023\/10\/18\/duitse-logistiekcongres-vanaf-2024-met-een-nieuw-gezicht\/","og_locale":"nl_NL","og_type":"article","og_title":"Duitse Logistiekcongres vanaf 2024 met een nieuw gezicht - Loginfo24","og_description":"Het 40e Duitse Logistiekcongres in Berlijn is geopend! Tot vrijdag komen meer dan 2.000 experts uit de supply chain en logistiek samen in de hotels InterContinental [\u2026]","og_url":"https:\/\/loginfo24.com\/nl\/2023\/10\/18\/duitse-logistiekcongres-vanaf-2024-met-een-nieuw-gezicht\/","og_site_name":"Loginfo24","article_publisher":"https:\/\/www.facebook.com\/people\/Loginfo24\/100057360583332\/","article_published_time":"2023-10-18T13:33:26+00:00","og_image":[{"width":845,"height":490,"url":"https:\/\/loginfo24.com\/wp-content\/uploads\/sites\/7\/2025\/12\/BVL_18.10.23.jpg","type":"image\/jpeg"}],"twitter_card":"summary_large_image","twitter_misc":{"Geschatte leestijd":"3 minuut"},"schema":{"@context":"https:\/\/schema.org","@graph":[{"@type":"Article","@id":"https:\/\/loginfo24.com\/nl\/2023\/10\/18\/duitse-logistiekcongres-vanaf-2024-met-een-nieuw-gezicht\/#article","isPartOf":{"@id":"https:\/\/loginfo24.com\/nl\/2023\/10\/18\/duitse-logistiekcongres-vanaf-2024-met-een-nieuw-gezicht\/"},"author":{"name":"","@id":""},"headline":"Duitse Logistiekcongres vanaf 2024 met een nieuw gezicht","datePublished":"2023-10-18T13:33:26+00:00","mainEntityOfPage":{"@id":"https:\/\/loginfo24.com\/nl\/2023\/10\/18\/duitse-logistiekcongres-vanaf-2024-met-een-nieuw-gezicht\/"},"wordCount":648,"commentCount":0,"publisher":{"@id":"https:\/\/loginfo24.com\/nl\/#organization"},"image":{"@id":"https:\/\/loginfo24.com\/nl\/2023\/10\/18\/duitse-logistiekcongres-vanaf-2024-met-een-nieuw-gezicht\/#primaryimage"},"thumbnailUrl":"https:\/\/loginfo24.com\/wp-content\/uploads\/sites\/7\/2025\/12\/BVL_18.10.23.jpg","articleSection":["Forwarding &amp; Logistics","Regions"],"inLanguage":"nl-NL","potentialAction":[{"@type":"CommentAction","name":"Comment","target":["https:\/\/loginfo24.com\/nl\/2023\/10\/18\/duitse-logistiekcongres-vanaf-2024-met-een-nieuw-gezicht\/#respond"]}]},{"@type":"WebPage","@id":"https:\/\/loginfo24.com\/nl\/2023\/10\/18\/duitse-logistiekcongres-vanaf-2024-met-een-nieuw-gezicht\/","url":"https:\/\/loginfo24.com\/nl\/2023\/10\/18\/duitse-logistiekcongres-vanaf-2024-met-een-nieuw-gezicht\/","name":"Duitse Logistiekcongres vanaf 2024 met een nieuw gezicht - Loginfo24","isPartOf":{"@id":"https:\/\/loginfo24.com\/nl\/#website"},"primaryImageOfPage":{"@id":"https:\/\/loginfo24.com\/nl\/2023\/10\/18\/duitse-logistiekcongres-vanaf-2024-met-een-nieuw-gezicht\/#primaryimage"},"image":{"@id":"https:\/\/loginfo24.com\/nl\/2023\/10\/18\/duitse-logistiekcongres-vanaf-2024-met-een-nieuw-gezicht\/#primaryimage"},"thumbnailUrl":"https:\/\/loginfo24.com\/wp-content\/uploads\/sites\/7\/2025\/12\/BVL_18.10.23.jpg","datePublished":"2023-10-18T13:33:26+00:00","breadcrumb":{"@id":"https:\/\/loginfo24.com\/nl\/2023\/10\/18\/duitse-logistiekcongres-vanaf-2024-met-een-nieuw-gezicht\/#breadcrumb"},"inLanguage":"nl-NL","potentialAction":[{"@type":"ReadAction","target":["https:\/\/loginfo24.com\/nl\/2023\/10\/18\/duitse-logistiekcongres-vanaf-2024-met-een-nieuw-gezicht\/"]}]},{"@type":"ImageObject","inLanguage":"nl-NL","@id":"https:\/\/loginfo24.com\/nl\/2023\/10\/18\/duitse-logistiekcongres-vanaf-2024-met-een-nieuw-gezicht\/#primaryimage","url":"https:\/\/loginfo24.com\/wp-content\/uploads\/sites\/7\/2025\/12\/BVL_18.10.23.jpg","contentUrl":"https:\/\/loginfo24.com\/wp-content\/uploads\/sites\/7\/2025\/12\/BVL_18.10.23.jpg","width":845,"height":490},{"@type":"BreadcrumbList","@id":"https:\/\/loginfo24.com\/nl\/2023\/10\/18\/duitse-logistiekcongres-vanaf-2024-met-een-nieuw-gezicht\/#breadcrumb","itemListElement":[{"@type":"ListItem","position":1,"name":"Startseite","item":"https:\/\/loginfo24.com\/nl\/"},{"@type":"ListItem","position":2,"name":"Duitse Logistiekcongres vanaf 2024 met een nieuw gezicht"}]},{"@type":"WebSite","@id":"https:\/\/loginfo24.com\/nl\/#website","url":"https:\/\/loginfo24.com\/nl\/","name":"Loginfo24","description":"Loginfo24 is het platform voor logistiek en toeleveringsketens en biedt 24 uur per dag informatie.","publisher":{"@id":"https:\/\/loginfo24.com\/nl\/#organization"},"potentialAction":[{"@type":"SearchAction","target":{"@type":"EntryPoint","urlTemplate":"https:\/\/loginfo24.com\/nl\/?s={search_term_string}"},"query-input":{"@type":"PropertyValueSpecification","valueRequired":true,"valueName":"search_term_string"}}],"inLanguage":"nl-NL"},{"@type":"Organization","@id":"https:\/\/loginfo24.com\/nl\/#organization","name":"Logismedia Groep AG","url":"https:\/\/loginfo24.com\/nl\/","logo":{"@type":"ImageObject","inLanguage":"nl-NL","@id":"https:\/\/loginfo24.com\/nl\/#\/schema\/logo\/image\/","url":"https:\/\/loginfo24.com\/wp-content\/uploads\/sites\/7\/2026\/01\/Logo_LogInfo24.png","contentUrl":"https:\/\/loginfo24.com\/wp-content\/uploads\/sites\/7\/2026\/01\/Logo_LogInfo24.png","width":938,"height":351,"caption":"Logismedia Groep AG"},"image":{"@id":"https:\/\/loginfo24.com\/nl\/#\/schema\/logo\/image\/"},"sameAs":["https:\/\/www.facebook.com\/people\/Loginfo24\/100057360583332\/","https:\/\/www.linkedin.com\/company\/lofinfo24\/"]}]}},"_links":{"self":[{"href":"https:\/\/loginfo24.com\/nl\/wp-json\/wp\/v2\/posts\/63105","targetHints":{"allow":["GET"]}}],"collection":[{"href":"https:\/\/loginfo24.com\/nl\/wp-json\/wp\/v2\/posts"}],"about":[{"href":"https:\/\/loginfo24.com\/nl\/wp-json\/wp\/v2\/types\/post"}],"replies":[{"embeddable":true,"href":"https:\/\/loginfo24.com\/nl\/wp-json\/wp\/v2\/comments?post=63105"}],"version-history":[{"count":0,"href":"https:\/\/loginfo24.com\/nl\/wp-json\/wp\/v2\/posts\/63105\/revisions"}],"wp:featuredmedia":[{"embeddable":true,"href":"https:\/\/loginfo24.com\/nl\/wp-json\/wp\/v2\/media\/7417"}],"wp:attachment":[{"href":"https:\/\/loginfo24.com\/nl\/wp-json\/wp\/v2\/media?parent=63105"}],"wp:term":[{"taxonomy":"category","embeddable":true,"href":"https:\/\/loginfo24.com\/nl\/wp-json\/wp\/v2\/categories?post=63105"},{"taxonomy":"post_tag","embeddable":true,"href":"https:\/\/loginfo24.com\/nl\/wp-json\/wp\/v2\/tags?post=63105"}],"curies":[{"name":"wp","href":"https:\/\/api.w.org\/{rel}","templated":true}]}}