{"id":60726,"date":"2023-02-26T16:11:40","date_gmt":"2023-02-26T15:11:40","guid":{"rendered":"https:\/\/blog.brand-architecture.at\/2023\/02\/26\/akos-maroy-wordt-chief-digital-officer-bij-nexxiot\/"},"modified":"2023-02-26T16:11:40","modified_gmt":"2023-02-26T15:11:40","slug":"akos-maroy-wordt-chief-digital-officer-bij-nexxiot","status":"publish","type":"post","link":"https:\/\/loginfo24.com\/nl\/2023\/02\/26\/akos-maroy-wordt-chief-digital-officer-bij-nexxiot\/","title":{"rendered":"\u00c1kos Mar\u00f3y wordt Chief Digital Officer bij Nexxiot"},"content":{"rendered":"<h5><strong>Met \u00c1kos Mar\u00f3y versterkt het TradeTech-bedrijf <\/strong><strong>Nexxiot<\/strong><strong> zich met een erkende professional die al meer dan 20 jaar voor enkele van de grootste technologiebedrijven ter wereld heeft gewerkt. Als CDO zal Mar\u00f3y de door Nexxiots Asset Intelligence-technologie verzamelde asset- en vrachtgegevens toezicht houden en analyseren. <\/strong><\/h5>\n<p>(Z\u00fcrich) \u00c1kos Mar\u00f3y heeft zowel bij Google als bij Meta gewerkt op het gebied van software-engineering en heeft ervaring als Chief Technology Officer. Bij zijn eerdere functies lag zijn focus op het gebruik van AI in verschillende gebieden. Bij Nexxiot zal hij zich vooral bezighouden met cloud-gebaseerde SAAS-architecturen in B2B-omgevingen en een op onderzoek en ontwikkeling gebaseerde aanpak \u2013 in het bijzonder door middel van machine learning en het gebruik van kunstmatige intelligentie.<\/p>\n<p>\u201eHet is een spannende tijd voor onze klanten met de vele mogelijkheden voor de transformatie van hun kernactiviteiten en de daarmee gepaard gaande transformatie van onzekerheden in duidelijke en actiegerichte inzichten,\u201d legt Mar\u00f3y uit. \u201eDe snelle omgeving, de dynamische bedrijfscultuur en de waarden gebaseerde aanpak van Nexxiot passen goed bij mij,\u201d is hij overtuigd.<\/p>\n<p>Met zijn jarenlange ervaring zal Mar\u00f3y nieuwe diensten aanbieden voor klanten uit de sectoren spoorwegen, scheepvaart en logistiek. De tot nu toe vaak rigide grenzen tussen verschillende sectoren zoals technologie, media, luchtvaart en biotechnologie zullen in de toekomst doorlaatbaarder worden. Samen met zijn team zal hij voorspelbare gegevens verzamelen, verwerken en verder bewerken om logistieke processen te verbeteren en onzekerheden in het goederenvervoer te minimaliseren.<\/p>\n<h5>Erkende expertise in platformtechnologie\u00ebn<\/h5>\n<p>Stefan Kalmund, CEO van Nexxiot, benadrukt: \u201e\u00c1kos Mar\u00f3y brengt vele jaren werkervaring mee, een erkende expertise in cloud-gebaseerde platformtechnologie\u00ebn en in het benutten van gegevens. Zijn staat van dienst bij de succesvolle uitvoering van idee\u00ebn vormt een belangrijke stap voor Nexxiot om te voldoen aan de behoeften van onze klanten.\u201d<\/p>\n<p>Foto: \u00a9 Nexxiot<\/p>\n","protected":false},"excerpt":{"rendered":"<p>Met \u00c1kos Mar\u00f3y versterkt het TradeTech-bedrijf Nexxiot zich met een erkende professional die al meer dan 20 jaar voor enkele van de grootste technologiebedrijven ter wereld<span class=\"excerpt-hellip\"> [\u2026]<\/span><\/p>\n","protected":false},"author":0,"featured_media":8447,"comment_status":"open","ping_status":"open","sticky":false,"template":"","format":"standard","meta":{"_acf_changed":false,"footnotes":""},"categories":[1665,1557,1561],"tags":[],"class_list":["post-60726","post","type-post","status-publish","format-standard","has-post-thumbnail","hentry","category-categories","category-forwarding-logistics","category-regions"],"acf":[],"yoast_head":"<!-- This site is optimized with the Yoast SEO plugin v27.3 - https:\/\/yoast.com\/product\/yoast-seo-wordpress\/ -->\n<title>\u00c1kos Mar\u00f3y wordt Chief Digital Officer bij Nexxiot - Loginfo24<\/title>\n<meta name=\"robots\" content=\"index, follow, max-snippet:-1, max-image-preview:large, max-video-preview:-1\" \/>\n<link rel=\"canonical\" href=\"https:\/\/loginfo24.com\/nl\/2023\/02\/26\/akos-maroy-wordt-chief-digital-officer-bij-nexxiot\/\" \/>\n<meta property=\"og:locale\" content=\"nl_NL\" \/>\n<meta property=\"og:type\" content=\"article\" \/>\n<meta property=\"og:title\" content=\"\u00c1kos Mar\u00f3y wordt Chief Digital Officer bij Nexxiot - Loginfo24\" \/>\n<meta property=\"og:description\" content=\"Met \u00c1kos Mar\u00f3y versterkt het TradeTech-bedrijf Nexxiot zich met een erkende professional die al meer dan 20 jaar voor enkele van de grootste technologiebedrijven ter wereld [\u2026]\" \/>\n<meta property=\"og:url\" content=\"https:\/\/loginfo24.com\/nl\/2023\/02\/26\/akos-maroy-wordt-chief-digital-officer-bij-nexxiot\/\" \/>\n<meta property=\"og:site_name\" content=\"Loginfo24\" \/>\n<meta property=\"article:publisher\" content=\"https:\/\/www.facebook.com\/people\/Loginfo24\/100057360583332\/\" \/>\n<meta property=\"article:published_time\" content=\"2023-02-26T15:11:40+00:00\" \/>\n<meta property=\"og:image\" content=\"https:\/\/loginfo24.com\/wp-content\/uploads\/sites\/7\/2025\/12\/Nexxiot_26.2.23.jpg\" \/>\n\t<meta property=\"og:image:width\" content=\"1302\" \/>\n\t<meta property=\"og:image:height\" content=\"799\" \/>\n\t<meta property=\"og:image:type\" content=\"image\/jpeg\" \/>\n<meta name=\"twitter:card\" content=\"summary_large_image\" \/>\n<meta name=\"twitter:label1\" content=\"Geschatte leestijd\" \/>\n\t<meta name=\"twitter:data1\" content=\"2 minuut\" \/>\n<script type=\"application\/ld+json\" class=\"yoast-schema-graph\">{\"@context\":\"https:\\\/\\\/schema.org\",\"@graph\":[{\"@type\":\"Article\",\"@id\":\"https:\\\/\\\/loginfo24.com\\\/nl\\\/2023\\\/02\\\/26\\\/akos-maroy-wordt-chief-digital-officer-bij-nexxiot\\\/#article\",\"isPartOf\":{\"@id\":\"https:\\\/\\\/loginfo24.com\\\/nl\\\/2023\\\/02\\\/26\\\/akos-maroy-wordt-chief-digital-officer-bij-nexxiot\\\/\"},\"author\":{\"name\":\"\",\"@id\":\"\"},\"headline\":\"\u00c1kos Mar\u00f3y wordt Chief Digital Officer bij Nexxiot\",\"datePublished\":\"2023-02-26T15:11:40+00:00\",\"mainEntityOfPage\":{\"@id\":\"https:\\\/\\\/loginfo24.com\\\/nl\\\/2023\\\/02\\\/26\\\/akos-maroy-wordt-chief-digital-officer-bij-nexxiot\\\/\"},\"wordCount\":311,\"commentCount\":0,\"publisher\":{\"@id\":\"https:\\\/\\\/loginfo24.com\\\/nl\\\/#organization\"},\"image\":{\"@id\":\"https:\\\/\\\/loginfo24.com\\\/nl\\\/2023\\\/02\\\/26\\\/akos-maroy-wordt-chief-digital-officer-bij-nexxiot\\\/#primaryimage\"},\"thumbnailUrl\":\"https:\\\/\\\/loginfo24.com\\\/wp-content\\\/uploads\\\/sites\\\/7\\\/2025\\\/12\\\/Nexxiot_26.2.23.jpg\",\"articleSection\":[\"Categories\",\"Forwarding &amp; Logistics\",\"Regions\"],\"inLanguage\":\"nl-NL\",\"potentialAction\":[{\"@type\":\"CommentAction\",\"name\":\"Comment\",\"target\":[\"https:\\\/\\\/loginfo24.com\\\/nl\\\/2023\\\/02\\\/26\\\/akos-maroy-wordt-chief-digital-officer-bij-nexxiot\\\/#respond\"]}]},{\"@type\":\"WebPage\",\"@id\":\"https:\\\/\\\/loginfo24.com\\\/nl\\\/2023\\\/02\\\/26\\\/akos-maroy-wordt-chief-digital-officer-bij-nexxiot\\\/\",\"url\":\"https:\\\/\\\/loginfo24.com\\\/nl\\\/2023\\\/02\\\/26\\\/akos-maroy-wordt-chief-digital-officer-bij-nexxiot\\\/\",\"name\":\"\u00c1kos Mar\u00f3y wordt Chief Digital Officer bij Nexxiot - Loginfo24\",\"isPartOf\":{\"@id\":\"https:\\\/\\\/loginfo24.com\\\/nl\\\/#website\"},\"primaryImageOfPage\":{\"@id\":\"https:\\\/\\\/loginfo24.com\\\/nl\\\/2023\\\/02\\\/26\\\/akos-maroy-wordt-chief-digital-officer-bij-nexxiot\\\/#primaryimage\"},\"image\":{\"@id\":\"https:\\\/\\\/loginfo24.com\\\/nl\\\/2023\\\/02\\\/26\\\/akos-maroy-wordt-chief-digital-officer-bij-nexxiot\\\/#primaryimage\"},\"thumbnailUrl\":\"https:\\\/\\\/loginfo24.com\\\/wp-content\\\/uploads\\\/sites\\\/7\\\/2025\\\/12\\\/Nexxiot_26.2.23.jpg\",\"datePublished\":\"2023-02-26T15:11:40+00:00\",\"breadcrumb\":{\"@id\":\"https:\\\/\\\/loginfo24.com\\\/nl\\\/2023\\\/02\\\/26\\\/akos-maroy-wordt-chief-digital-officer-bij-nexxiot\\\/#breadcrumb\"},\"inLanguage\":\"nl-NL\",\"potentialAction\":[{\"@type\":\"ReadAction\",\"target\":[\"https:\\\/\\\/loginfo24.com\\\/nl\\\/2023\\\/02\\\/26\\\/akos-maroy-wordt-chief-digital-officer-bij-nexxiot\\\/\"]}]},{\"@type\":\"ImageObject\",\"inLanguage\":\"nl-NL\",\"@id\":\"https:\\\/\\\/loginfo24.com\\\/nl\\\/2023\\\/02\\\/26\\\/akos-maroy-wordt-chief-digital-officer-bij-nexxiot\\\/#primaryimage\",\"url\":\"https:\\\/\\\/loginfo24.com\\\/wp-content\\\/uploads\\\/sites\\\/7\\\/2025\\\/12\\\/Nexxiot_26.2.23.jpg\",\"contentUrl\":\"https:\\\/\\\/loginfo24.com\\\/wp-content\\\/uploads\\\/sites\\\/7\\\/2025\\\/12\\\/Nexxiot_26.2.23.jpg\",\"width\":1302,\"height\":799},{\"@type\":\"BreadcrumbList\",\"@id\":\"https:\\\/\\\/loginfo24.com\\\/nl\\\/2023\\\/02\\\/26\\\/akos-maroy-wordt-chief-digital-officer-bij-nexxiot\\\/#breadcrumb\",\"itemListElement\":[{\"@type\":\"ListItem\",\"position\":1,\"name\":\"Startseite\",\"item\":\"https:\\\/\\\/loginfo24.com\\\/nl\\\/\"},{\"@type\":\"ListItem\",\"position\":2,\"name\":\"\u00c1kos Mar\u00f3y wordt Chief Digital Officer bij Nexxiot\"}]},{\"@type\":\"WebSite\",\"@id\":\"https:\\\/\\\/loginfo24.com\\\/nl\\\/#website\",\"url\":\"https:\\\/\\\/loginfo24.com\\\/nl\\\/\",\"name\":\"Loginfo24\",\"description\":\"Loginfo24 is het platform voor logistiek en toeleveringsketens en biedt 24 uur per dag informatie.\",\"publisher\":{\"@id\":\"https:\\\/\\\/loginfo24.com\\\/nl\\\/#organization\"},\"potentialAction\":[{\"@type\":\"SearchAction\",\"target\":{\"@type\":\"EntryPoint\",\"urlTemplate\":\"https:\\\/\\\/loginfo24.com\\\/nl\\\/?s={search_term_string}\"},\"query-input\":{\"@type\":\"PropertyValueSpecification\",\"valueRequired\":true,\"valueName\":\"search_term_string\"}}],\"inLanguage\":\"nl-NL\"},{\"@type\":\"Organization\",\"@id\":\"https:\\\/\\\/loginfo24.com\\\/nl\\\/#organization\",\"name\":\"Logismedia Groep AG\",\"url\":\"https:\\\/\\\/loginfo24.com\\\/nl\\\/\",\"logo\":{\"@type\":\"ImageObject\",\"inLanguage\":\"nl-NL\",\"@id\":\"https:\\\/\\\/loginfo24.com\\\/nl\\\/#\\\/schema\\\/logo\\\/image\\\/\",\"url\":\"https:\\\/\\\/loginfo24.com\\\/wp-content\\\/uploads\\\/sites\\\/7\\\/2026\\\/01\\\/Logo_LogInfo24.png\",\"contentUrl\":\"https:\\\/\\\/loginfo24.com\\\/wp-content\\\/uploads\\\/sites\\\/7\\\/2026\\\/01\\\/Logo_LogInfo24.png\",\"width\":938,\"height\":351,\"caption\":\"Logismedia Groep AG\"},\"image\":{\"@id\":\"https:\\\/\\\/loginfo24.com\\\/nl\\\/#\\\/schema\\\/logo\\\/image\\\/\"},\"sameAs\":[\"https:\\\/\\\/www.facebook.com\\\/people\\\/Loginfo24\\\/100057360583332\\\/\",\"https:\\\/\\\/www.linkedin.com\\\/company\\\/lofinfo24\\\/\"]}]}<\/script>\n<!-- \/ Yoast SEO plugin. -->","yoast_head_json":{"title":"\u00c1kos Mar\u00f3y wordt Chief Digital Officer bij Nexxiot - Loginfo24","robots":{"index":"index","follow":"follow","max-snippet":"max-snippet:-1","max-image-preview":"max-image-preview:large","max-video-preview":"max-video-preview:-1"},"canonical":"https:\/\/loginfo24.com\/nl\/2023\/02\/26\/akos-maroy-wordt-chief-digital-officer-bij-nexxiot\/","og_locale":"nl_NL","og_type":"article","og_title":"\u00c1kos Mar\u00f3y wordt Chief Digital Officer bij Nexxiot - Loginfo24","og_description":"Met \u00c1kos Mar\u00f3y versterkt het TradeTech-bedrijf Nexxiot zich met een erkende professional die al meer dan 20 jaar voor enkele van de grootste technologiebedrijven ter wereld [\u2026]","og_url":"https:\/\/loginfo24.com\/nl\/2023\/02\/26\/akos-maroy-wordt-chief-digital-officer-bij-nexxiot\/","og_site_name":"Loginfo24","article_publisher":"https:\/\/www.facebook.com\/people\/Loginfo24\/100057360583332\/","article_published_time":"2023-02-26T15:11:40+00:00","og_image":[{"width":1302,"height":799,"url":"https:\/\/loginfo24.com\/wp-content\/uploads\/sites\/7\/2025\/12\/Nexxiot_26.2.23.jpg","type":"image\/jpeg"}],"twitter_card":"summary_large_image","twitter_misc":{"Geschatte leestijd":"2 minuut"},"schema":{"@context":"https:\/\/schema.org","@graph":[{"@type":"Article","@id":"https:\/\/loginfo24.com\/nl\/2023\/02\/26\/akos-maroy-wordt-chief-digital-officer-bij-nexxiot\/#article","isPartOf":{"@id":"https:\/\/loginfo24.com\/nl\/2023\/02\/26\/akos-maroy-wordt-chief-digital-officer-bij-nexxiot\/"},"author":{"name":"","@id":""},"headline":"\u00c1kos Mar\u00f3y wordt Chief Digital Officer bij Nexxiot","datePublished":"2023-02-26T15:11:40+00:00","mainEntityOfPage":{"@id":"https:\/\/loginfo24.com\/nl\/2023\/02\/26\/akos-maroy-wordt-chief-digital-officer-bij-nexxiot\/"},"wordCount":311,"commentCount":0,"publisher":{"@id":"https:\/\/loginfo24.com\/nl\/#organization"},"image":{"@id":"https:\/\/loginfo24.com\/nl\/2023\/02\/26\/akos-maroy-wordt-chief-digital-officer-bij-nexxiot\/#primaryimage"},"thumbnailUrl":"https:\/\/loginfo24.com\/wp-content\/uploads\/sites\/7\/2025\/12\/Nexxiot_26.2.23.jpg","articleSection":["Categories","Forwarding &amp; Logistics","Regions"],"inLanguage":"nl-NL","potentialAction":[{"@type":"CommentAction","name":"Comment","target":["https:\/\/loginfo24.com\/nl\/2023\/02\/26\/akos-maroy-wordt-chief-digital-officer-bij-nexxiot\/#respond"]}]},{"@type":"WebPage","@id":"https:\/\/loginfo24.com\/nl\/2023\/02\/26\/akos-maroy-wordt-chief-digital-officer-bij-nexxiot\/","url":"https:\/\/loginfo24.com\/nl\/2023\/02\/26\/akos-maroy-wordt-chief-digital-officer-bij-nexxiot\/","name":"\u00c1kos Mar\u00f3y wordt Chief Digital Officer bij Nexxiot - Loginfo24","isPartOf":{"@id":"https:\/\/loginfo24.com\/nl\/#website"},"primaryImageOfPage":{"@id":"https:\/\/loginfo24.com\/nl\/2023\/02\/26\/akos-maroy-wordt-chief-digital-officer-bij-nexxiot\/#primaryimage"},"image":{"@id":"https:\/\/loginfo24.com\/nl\/2023\/02\/26\/akos-maroy-wordt-chief-digital-officer-bij-nexxiot\/#primaryimage"},"thumbnailUrl":"https:\/\/loginfo24.com\/wp-content\/uploads\/sites\/7\/2025\/12\/Nexxiot_26.2.23.jpg","datePublished":"2023-02-26T15:11:40+00:00","breadcrumb":{"@id":"https:\/\/loginfo24.com\/nl\/2023\/02\/26\/akos-maroy-wordt-chief-digital-officer-bij-nexxiot\/#breadcrumb"},"inLanguage":"nl-NL","potentialAction":[{"@type":"ReadAction","target":["https:\/\/loginfo24.com\/nl\/2023\/02\/26\/akos-maroy-wordt-chief-digital-officer-bij-nexxiot\/"]}]},{"@type":"ImageObject","inLanguage":"nl-NL","@id":"https:\/\/loginfo24.com\/nl\/2023\/02\/26\/akos-maroy-wordt-chief-digital-officer-bij-nexxiot\/#primaryimage","url":"https:\/\/loginfo24.com\/wp-content\/uploads\/sites\/7\/2025\/12\/Nexxiot_26.2.23.jpg","contentUrl":"https:\/\/loginfo24.com\/wp-content\/uploads\/sites\/7\/2025\/12\/Nexxiot_26.2.23.jpg","width":1302,"height":799},{"@type":"BreadcrumbList","@id":"https:\/\/loginfo24.com\/nl\/2023\/02\/26\/akos-maroy-wordt-chief-digital-officer-bij-nexxiot\/#breadcrumb","itemListElement":[{"@type":"ListItem","position":1,"name":"Startseite","item":"https:\/\/loginfo24.com\/nl\/"},{"@type":"ListItem","position":2,"name":"\u00c1kos Mar\u00f3y wordt Chief Digital Officer bij Nexxiot"}]},{"@type":"WebSite","@id":"https:\/\/loginfo24.com\/nl\/#website","url":"https:\/\/loginfo24.com\/nl\/","name":"Loginfo24","description":"Loginfo24 is het platform voor logistiek en toeleveringsketens en biedt 24 uur per dag informatie.","publisher":{"@id":"https:\/\/loginfo24.com\/nl\/#organization"},"potentialAction":[{"@type":"SearchAction","target":{"@type":"EntryPoint","urlTemplate":"https:\/\/loginfo24.com\/nl\/?s={search_term_string}"},"query-input":{"@type":"PropertyValueSpecification","valueRequired":true,"valueName":"search_term_string"}}],"inLanguage":"nl-NL"},{"@type":"Organization","@id":"https:\/\/loginfo24.com\/nl\/#organization","name":"Logismedia Groep AG","url":"https:\/\/loginfo24.com\/nl\/","logo":{"@type":"ImageObject","inLanguage":"nl-NL","@id":"https:\/\/loginfo24.com\/nl\/#\/schema\/logo\/image\/","url":"https:\/\/loginfo24.com\/wp-content\/uploads\/sites\/7\/2026\/01\/Logo_LogInfo24.png","contentUrl":"https:\/\/loginfo24.com\/wp-content\/uploads\/sites\/7\/2026\/01\/Logo_LogInfo24.png","width":938,"height":351,"caption":"Logismedia Groep AG"},"image":{"@id":"https:\/\/loginfo24.com\/nl\/#\/schema\/logo\/image\/"},"sameAs":["https:\/\/www.facebook.com\/people\/Loginfo24\/100057360583332\/","https:\/\/www.linkedin.com\/company\/lofinfo24\/"]}]}},"_links":{"self":[{"href":"https:\/\/loginfo24.com\/nl\/wp-json\/wp\/v2\/posts\/60726","targetHints":{"allow":["GET"]}}],"collection":[{"href":"https:\/\/loginfo24.com\/nl\/wp-json\/wp\/v2\/posts"}],"about":[{"href":"https:\/\/loginfo24.com\/nl\/wp-json\/wp\/v2\/types\/post"}],"replies":[{"embeddable":true,"href":"https:\/\/loginfo24.com\/nl\/wp-json\/wp\/v2\/comments?post=60726"}],"version-history":[{"count":0,"href":"https:\/\/loginfo24.com\/nl\/wp-json\/wp\/v2\/posts\/60726\/revisions"}],"wp:featuredmedia":[{"embeddable":true,"href":"https:\/\/loginfo24.com\/nl\/wp-json\/wp\/v2\/media\/8447"}],"wp:attachment":[{"href":"https:\/\/loginfo24.com\/nl\/wp-json\/wp\/v2\/media?parent=60726"}],"wp:term":[{"taxonomy":"category","embeddable":true,"href":"https:\/\/loginfo24.com\/nl\/wp-json\/wp\/v2\/categories?post=60726"},{"taxonomy":"post_tag","embeddable":true,"href":"https:\/\/loginfo24.com\/nl\/wp-json\/wp\/v2\/tags?post=60726"}],"curies":[{"name":"wp","href":"https:\/\/api.w.org\/{rel}","templated":true}]}}