{"id":55336,"date":"2022-03-24T13:57:47","date_gmt":"2022-03-24T12:57:47","guid":{"rendered":"https:\/\/blog.brand-architecture.at\/2022\/03\/24\/osterreichse-post-breidt-pakketlogistiekcentrum-in-wenen-uit\/"},"modified":"2022-03-24T13:57:47","modified_gmt":"2022-03-24T12:57:47","slug":"osterreichse-post-breidt-pakketlogistiekcentrum-in-wenen-uit","status":"publish","type":"post","link":"https:\/\/loginfo24.com\/nl\/2022\/03\/24\/osterreichse-post-breidt-pakketlogistiekcentrum-in-wenen-uit\/","title":{"rendered":"\u00d6sterreichse Post breidt pakketlogistiekcentrum in Wenen uit"},"content":{"rendered":"<h5>In Wenen-Inzersdorf vond vandaag de eerste paal voor het nieuwe pakketlogistiekcentrum van de \u00d6sterreichische Post plaats. Op een bijna 23.000 m\u00b2 groot terrein wordt tot augustus 2023 het meest innovatieve logistieke centrum van de post gebouwd. Het totale gebied zal naast het grootste brief-logistiekcentrum van Oostenrijk, het buitenlandcentrum, de vrachtwagenvloot van de transportlogistiek Oost en het druk- en enveloppecentrum van D2D \u2013 direct to document ook het nieuwe, innovatieve pakketlogistiekcentrum omvatten en samen meer dan 200.000 m\u00b2 beslaan.<\/h5>\n<p>(Wenen) De hal van het sinds 2002 bestaande pakketlogistiekcentrum blijft behouden en zal vanaf 2023 voornamelijk voor de bezorging worden gebruikt. Door het project worden meer dan 1.500 bestaande arbeidsplaatsen veiliggesteld en meer dan 100 nieuwe gecre\u00eberd. In totaal investeert de post bijna 70 miljoen euro in het bouwproject.<\/p>\n<p>De eerste paal werd geslagen in aanwezigheid van KommR Peter Hanke, wethouder voor Financi\u00ebn, Economie, Werk, Internationale Zaken en de Wener Stadtwerke, Gerald Bischof, districtshoofd van het 23e Wener gemeentebezirk, evenals de gehele raad van bestuur van de \u00d6sterreichische Post AG, algemeen directeur DI Dr. Georg P\u00f6lzl, plaatsvervangend algemeen directeur en bestuurslid voor Brief &amp; Financi\u00ebn, DI Walter Oblin, en bestuurslid voor Pakket &amp; Logistiek, DI Peter Umundum.<\/p>\n<p>\u201eDe nieuwbouw van het pakketlogistiekcentrum is een duidelijke bevestiging van de \u00d6sterreichische Post voor de locatie Wenen en een verrijking voor alle Weners. Zo worden niet alleen arbeidsplaatsen veiliggesteld, maar ook nieuwe gecre\u00eberd. De duurzame inrichting van het centrum draagt bovendien bij aan de klimaatdoelen van de stad\u201c, aldus Peter Hanke, verantwoordelijke wethouder voor Economie en Financi\u00ebn.<\/p>\n<h5>Grootste logistieke locatie van de post<\/h5>\n<p>\u201eMet de nieuwbouw van het pakketlogistiekcentrum wordt de locatie in Wenen-Inzersdorf de grootste logistieke locatie van de post. Naast innovatieve automatiseringsoplossingen en de uitbreiding van de sorteercapaciteit, zetten we ook milieuvriendelijke en duurzame maatregelen door. Daarom wordt deze locatie niet alleen groter, maar vooral ook groener. Bij de bouwwerkzaamheden gaan we ruimtebesparend te werk, leggen we groene daken aan en installeren we een nieuwe fotovolta\u00efsche installatie. Dit project is een voorbeeld van duurzame logistiek\u201c, legt DI Dr. Georg P\u00f6lzl, algemeen directeur van de \u00d6sterreichische Post AG, uit.<\/p>\n<p>\u201eIk ben blij dat dit project extra arbeidsplaatsen in het district brengt en dat bij de planning landschapsarchitecten en tuinbouwers zijn betrokken, waardoor er een zo ecologisch mogelijk, duurzaam project ontstaat\u201c, aldus districtshoofd Gerald Bischof.<\/p>\n<h5>Speciale sorteermachine<\/h5>\n<p>De nieuwbouw van het pakketlogistiekcentrum zal in de eerste fase een capaciteit van 25.500 pakketten per uur hebben, wat meer dan een verdubbeling is van de huidige pakketsorteercapaciteit op de locatie. Voor het eerst wordt een innovatief hybride model toegepast, waarbij afhankelijk van de grootte van de pakketten drie verschillende sorteermachines worden ingezet: Een traditionele dwarsgoed-sorteermachine verwerkt 15.000 pakketten per uur, nog eens 9.000 pakketten per uur worden verwerkt door een eigen kleine onderdelen-sorteermachine, die kleinere pakketten met een maximaal gewicht van vijf kilogram sorteert. Een verdere specialisatie wordt bereikt door een grote goederen-sorteermachine, die per uur 1.500 bijzonder grote en onhandige pakketten automatisch sorteert en verdeelt.<\/p>\n<div id=\"attachment_18218\" style=\"width: 1379px\" class=\"wp-caption alignnone\"><img loading=\"lazy\" decoding=\"async\" aria-describedby=\"caption-attachment-18218\" class=\"wp-image-18218 size-full\" src=\"https:\/\/loginfo24.com\/wp-content\/uploads\/sites\/7\/2025\/12\/Post_AT_24.3.22_2.jpg\" alt=\"\" width=\"1369\" height=\"708\" \/><p id=\"caption-attachment-18218\" class=\"wp-caption-text\">Zo zal het nieuwe pakketlogistiekcentrum eruitzien, in gebruik genomen in augustus 2023 (\u00a9 \u00d6sterreichische Post AG)<\/p><\/div>\n<p>Extra ondersteuning krijgen de medewerkers door de installatie van twee Rapid Unloader, een intelligent, automatisch pakketontlaadsysteem dat de ontlading van wisselopbouwbruggen (WAB) overneemt. Per uur kunnen zo 6.000 pakketten volledig automatisch worden ontladen. Daarnaast wordt er een kantoorgebouw en een montage- en wasinstallatie voor de vrachtwagenvloot van de transportlogistiek gebouwd. De eerste voorbereidende werkzaamheden voor de nieuwbouw zijn al in de herfst van 2021 begonnen.<\/p>\n<h5>Groenvoorzieningen voor bijen en vleermuizen<\/h5>\n<p>Voor de vrije en dakoppervlakken van het pakketlogistiekcentrum hebben landschapsarchitecten en tuinbouwers een ecologisch duurzaam groenconcept ontwikkeld, waarbij de daken worden vergroend en uitgerust met fotovolta\u00efsche modules. Alleen al op het dak van de nieuwbouw komt een fotovolta\u00efsche installatie met een capaciteit van twee megawatt piek, samen met de bestaande fotovolta\u00efsche installatie van het brief-logistiekcentrum wordt zo een totale capaciteit van 2,8 megawatt piek bereikt.<\/p>\n<p>De groenvoorzieningen worden aangelegd met inheemse of locatiegeschikte bomen, vaste planten en een inzaai van wilde bloemen, die in het voorjaar met hun bloei en in de zomer met veel groen opvallen en een natuurlijke habitat voor tal van diersoorten zoals wilde bijen en vleermuizen mogelijk maken.<\/p>\n<p>Titelfoto: (\u00a9 \u00d6sterreichische Post AG) \/<strong><em>Bijschrift <\/em><\/strong><em>(v.l.n.r.)<\/em><strong><em>:<\/em><\/strong><em> DI Walter Oblin, plaatsvervangend algemeen directeur, bestuurslid voor Brief &amp; Financi\u00ebn, \u00d6sterreichische Post AG, Gerald Bischof, districtshoofd van het 23e Wener gemeentebezirk, DI Dr. Georg P\u00f6lzl, algemeen directeur, \u00d6sterreichische Post AG, KommR Peter Hanke, wethouder voor Financi\u00ebn, Economie, Werk, Internationale Zaken en de Wener Stadtwerke, DI Peter Umundum, bestuurslid voor Pakket &amp; Logistiek, \u00d6sterreichische Post AG<\/em><\/p>\n","protected":false},"excerpt":{"rendered":"<p>In Wenen-Inzersdorf vond vandaag de eerste paal voor het nieuwe pakketlogistiekcentrum van de \u00d6sterreichische Post plaats. Op een bijna 23.000 m\u00b2 groot terrein wordt tot augustus<span class=\"excerpt-hellip\"> [\u2026]<\/span><\/p>\n","protected":false},"author":0,"featured_media":10681,"comment_status":"open","ping_status":"open","sticky":false,"template":"","format":"standard","meta":{"_acf_changed":false,"footnotes":""},"categories":[1557,1560,1561],"tags":[],"class_list":["post-55336","post","type-post","status-publish","format-standard","has-post-thumbnail","hentry","category-forwarding-logistics","category-intralogistics","category-regions"],"acf":[],"yoast_head":"<!-- This site is optimized with the Yoast SEO plugin v27.3 - https:\/\/yoast.com\/product\/yoast-seo-wordpress\/ -->\n<title>\u00d6sterreichse Post breidt pakketlogistiekcentrum in Wenen uit - Loginfo24<\/title>\n<meta name=\"robots\" content=\"index, follow, max-snippet:-1, max-image-preview:large, max-video-preview:-1\" \/>\n<link rel=\"canonical\" href=\"https:\/\/loginfo24.com\/nl\/2022\/03\/24\/osterreichse-post-breidt-pakketlogistiekcentrum-in-wenen-uit\/\" \/>\n<meta property=\"og:locale\" content=\"nl_NL\" \/>\n<meta property=\"og:type\" content=\"article\" \/>\n<meta property=\"og:title\" content=\"\u00d6sterreichse Post breidt pakketlogistiekcentrum in Wenen uit - Loginfo24\" \/>\n<meta property=\"og:description\" content=\"In Wenen-Inzersdorf vond vandaag de eerste paal voor het nieuwe pakketlogistiekcentrum van de \u00d6sterreichische Post plaats. Op een bijna 23.000 m\u00b2 groot terrein wordt tot augustus [\u2026]\" \/>\n<meta property=\"og:url\" content=\"https:\/\/loginfo24.com\/nl\/2022\/03\/24\/osterreichse-post-breidt-pakketlogistiekcentrum-in-wenen-uit\/\" \/>\n<meta property=\"og:site_name\" content=\"Loginfo24\" \/>\n<meta property=\"article:publisher\" content=\"https:\/\/www.facebook.com\/people\/Loginfo24\/100057360583332\/\" \/>\n<meta property=\"article:published_time\" content=\"2022-03-24T12:57:47+00:00\" \/>\n<meta property=\"og:image\" content=\"https:\/\/loginfo24.com\/wp-content\/uploads\/sites\/7\/2025\/12\/Post_AT_24.3.22_1.jpg\" \/>\n\t<meta property=\"og:image:width\" content=\"1373\" \/>\n\t<meta property=\"og:image:height\" content=\"892\" \/>\n\t<meta property=\"og:image:type\" content=\"image\/jpeg\" \/>\n<meta name=\"twitter:card\" content=\"summary_large_image\" \/>\n<meta name=\"twitter:label1\" content=\"Geschatte leestijd\" \/>\n\t<meta name=\"twitter:data1\" content=\"4 minuut\" \/>\n<script type=\"application\/ld+json\" class=\"yoast-schema-graph\">{\"@context\":\"https:\\\/\\\/schema.org\",\"@graph\":[{\"@type\":\"Article\",\"@id\":\"https:\\\/\\\/loginfo24.com\\\/nl\\\/2022\\\/03\\\/24\\\/osterreichse-post-breidt-pakketlogistiekcentrum-in-wenen-uit\\\/#article\",\"isPartOf\":{\"@id\":\"https:\\\/\\\/loginfo24.com\\\/nl\\\/2022\\\/03\\\/24\\\/osterreichse-post-breidt-pakketlogistiekcentrum-in-wenen-uit\\\/\"},\"author\":{\"name\":\"\",\"@id\":\"\"},\"headline\":\"\u00d6sterreichse Post breidt pakketlogistiekcentrum in Wenen uit\",\"datePublished\":\"2022-03-24T12:57:47+00:00\",\"mainEntityOfPage\":{\"@id\":\"https:\\\/\\\/loginfo24.com\\\/nl\\\/2022\\\/03\\\/24\\\/osterreichse-post-breidt-pakketlogistiekcentrum-in-wenen-uit\\\/\"},\"wordCount\":763,\"commentCount\":0,\"publisher\":{\"@id\":\"https:\\\/\\\/loginfo24.com\\\/nl\\\/#organization\"},\"image\":{\"@id\":\"https:\\\/\\\/loginfo24.com\\\/nl\\\/2022\\\/03\\\/24\\\/osterreichse-post-breidt-pakketlogistiekcentrum-in-wenen-uit\\\/#primaryimage\"},\"thumbnailUrl\":\"https:\\\/\\\/loginfo24.com\\\/wp-content\\\/uploads\\\/sites\\\/7\\\/2025\\\/12\\\/Post_AT_24.3.22_1.jpg\",\"articleSection\":[\"Forwarding &amp; Logistics\",\"Intralogistics\",\"Regions\"],\"inLanguage\":\"nl-NL\",\"potentialAction\":[{\"@type\":\"CommentAction\",\"name\":\"Comment\",\"target\":[\"https:\\\/\\\/loginfo24.com\\\/nl\\\/2022\\\/03\\\/24\\\/osterreichse-post-breidt-pakketlogistiekcentrum-in-wenen-uit\\\/#respond\"]}]},{\"@type\":\"WebPage\",\"@id\":\"https:\\\/\\\/loginfo24.com\\\/nl\\\/2022\\\/03\\\/24\\\/osterreichse-post-breidt-pakketlogistiekcentrum-in-wenen-uit\\\/\",\"url\":\"https:\\\/\\\/loginfo24.com\\\/nl\\\/2022\\\/03\\\/24\\\/osterreichse-post-breidt-pakketlogistiekcentrum-in-wenen-uit\\\/\",\"name\":\"\u00d6sterreichse Post breidt pakketlogistiekcentrum in Wenen uit - Loginfo24\",\"isPartOf\":{\"@id\":\"https:\\\/\\\/loginfo24.com\\\/nl\\\/#website\"},\"primaryImageOfPage\":{\"@id\":\"https:\\\/\\\/loginfo24.com\\\/nl\\\/2022\\\/03\\\/24\\\/osterreichse-post-breidt-pakketlogistiekcentrum-in-wenen-uit\\\/#primaryimage\"},\"image\":{\"@id\":\"https:\\\/\\\/loginfo24.com\\\/nl\\\/2022\\\/03\\\/24\\\/osterreichse-post-breidt-pakketlogistiekcentrum-in-wenen-uit\\\/#primaryimage\"},\"thumbnailUrl\":\"https:\\\/\\\/loginfo24.com\\\/wp-content\\\/uploads\\\/sites\\\/7\\\/2025\\\/12\\\/Post_AT_24.3.22_1.jpg\",\"datePublished\":\"2022-03-24T12:57:47+00:00\",\"breadcrumb\":{\"@id\":\"https:\\\/\\\/loginfo24.com\\\/nl\\\/2022\\\/03\\\/24\\\/osterreichse-post-breidt-pakketlogistiekcentrum-in-wenen-uit\\\/#breadcrumb\"},\"inLanguage\":\"nl-NL\",\"potentialAction\":[{\"@type\":\"ReadAction\",\"target\":[\"https:\\\/\\\/loginfo24.com\\\/nl\\\/2022\\\/03\\\/24\\\/osterreichse-post-breidt-pakketlogistiekcentrum-in-wenen-uit\\\/\"]}]},{\"@type\":\"ImageObject\",\"inLanguage\":\"nl-NL\",\"@id\":\"https:\\\/\\\/loginfo24.com\\\/nl\\\/2022\\\/03\\\/24\\\/osterreichse-post-breidt-pakketlogistiekcentrum-in-wenen-uit\\\/#primaryimage\",\"url\":\"https:\\\/\\\/loginfo24.com\\\/wp-content\\\/uploads\\\/sites\\\/7\\\/2025\\\/12\\\/Post_AT_24.3.22_1.jpg\",\"contentUrl\":\"https:\\\/\\\/loginfo24.com\\\/wp-content\\\/uploads\\\/sites\\\/7\\\/2025\\\/12\\\/Post_AT_24.3.22_1.jpg\",\"width\":1373,\"height\":892},{\"@type\":\"BreadcrumbList\",\"@id\":\"https:\\\/\\\/loginfo24.com\\\/nl\\\/2022\\\/03\\\/24\\\/osterreichse-post-breidt-pakketlogistiekcentrum-in-wenen-uit\\\/#breadcrumb\",\"itemListElement\":[{\"@type\":\"ListItem\",\"position\":1,\"name\":\"Startseite\",\"item\":\"https:\\\/\\\/loginfo24.com\\\/nl\\\/\"},{\"@type\":\"ListItem\",\"position\":2,\"name\":\"\u00d6sterreichse Post breidt pakketlogistiekcentrum in Wenen uit\"}]},{\"@type\":\"WebSite\",\"@id\":\"https:\\\/\\\/loginfo24.com\\\/nl\\\/#website\",\"url\":\"https:\\\/\\\/loginfo24.com\\\/nl\\\/\",\"name\":\"Loginfo24\",\"description\":\"Loginfo24 is het platform voor logistiek en toeleveringsketens en biedt 24 uur per dag informatie.\",\"publisher\":{\"@id\":\"https:\\\/\\\/loginfo24.com\\\/nl\\\/#organization\"},\"potentialAction\":[{\"@type\":\"SearchAction\",\"target\":{\"@type\":\"EntryPoint\",\"urlTemplate\":\"https:\\\/\\\/loginfo24.com\\\/nl\\\/?s={search_term_string}\"},\"query-input\":{\"@type\":\"PropertyValueSpecification\",\"valueRequired\":true,\"valueName\":\"search_term_string\"}}],\"inLanguage\":\"nl-NL\"},{\"@type\":\"Organization\",\"@id\":\"https:\\\/\\\/loginfo24.com\\\/nl\\\/#organization\",\"name\":\"Logismedia Groep AG\",\"url\":\"https:\\\/\\\/loginfo24.com\\\/nl\\\/\",\"logo\":{\"@type\":\"ImageObject\",\"inLanguage\":\"nl-NL\",\"@id\":\"https:\\\/\\\/loginfo24.com\\\/nl\\\/#\\\/schema\\\/logo\\\/image\\\/\",\"url\":\"https:\\\/\\\/loginfo24.com\\\/wp-content\\\/uploads\\\/sites\\\/7\\\/2026\\\/01\\\/Logo_LogInfo24.png\",\"contentUrl\":\"https:\\\/\\\/loginfo24.com\\\/wp-content\\\/uploads\\\/sites\\\/7\\\/2026\\\/01\\\/Logo_LogInfo24.png\",\"width\":938,\"height\":351,\"caption\":\"Logismedia Groep AG\"},\"image\":{\"@id\":\"https:\\\/\\\/loginfo24.com\\\/nl\\\/#\\\/schema\\\/logo\\\/image\\\/\"},\"sameAs\":[\"https:\\\/\\\/www.facebook.com\\\/people\\\/Loginfo24\\\/100057360583332\\\/\",\"https:\\\/\\\/www.linkedin.com\\\/company\\\/lofinfo24\\\/\"]}]}<\/script>\n<!-- \/ Yoast SEO plugin. -->","yoast_head_json":{"title":"\u00d6sterreichse Post breidt pakketlogistiekcentrum in Wenen uit - Loginfo24","robots":{"index":"index","follow":"follow","max-snippet":"max-snippet:-1","max-image-preview":"max-image-preview:large","max-video-preview":"max-video-preview:-1"},"canonical":"https:\/\/loginfo24.com\/nl\/2022\/03\/24\/osterreichse-post-breidt-pakketlogistiekcentrum-in-wenen-uit\/","og_locale":"nl_NL","og_type":"article","og_title":"\u00d6sterreichse Post breidt pakketlogistiekcentrum in Wenen uit - Loginfo24","og_description":"In Wenen-Inzersdorf vond vandaag de eerste paal voor het nieuwe pakketlogistiekcentrum van de \u00d6sterreichische Post plaats. Op een bijna 23.000 m\u00b2 groot terrein wordt tot augustus [\u2026]","og_url":"https:\/\/loginfo24.com\/nl\/2022\/03\/24\/osterreichse-post-breidt-pakketlogistiekcentrum-in-wenen-uit\/","og_site_name":"Loginfo24","article_publisher":"https:\/\/www.facebook.com\/people\/Loginfo24\/100057360583332\/","article_published_time":"2022-03-24T12:57:47+00:00","og_image":[{"width":1373,"height":892,"url":"https:\/\/loginfo24.com\/wp-content\/uploads\/sites\/7\/2025\/12\/Post_AT_24.3.22_1.jpg","type":"image\/jpeg"}],"twitter_card":"summary_large_image","twitter_misc":{"Geschatte leestijd":"4 minuut"},"schema":{"@context":"https:\/\/schema.org","@graph":[{"@type":"Article","@id":"https:\/\/loginfo24.com\/nl\/2022\/03\/24\/osterreichse-post-breidt-pakketlogistiekcentrum-in-wenen-uit\/#article","isPartOf":{"@id":"https:\/\/loginfo24.com\/nl\/2022\/03\/24\/osterreichse-post-breidt-pakketlogistiekcentrum-in-wenen-uit\/"},"author":{"name":"","@id":""},"headline":"\u00d6sterreichse Post breidt pakketlogistiekcentrum in Wenen uit","datePublished":"2022-03-24T12:57:47+00:00","mainEntityOfPage":{"@id":"https:\/\/loginfo24.com\/nl\/2022\/03\/24\/osterreichse-post-breidt-pakketlogistiekcentrum-in-wenen-uit\/"},"wordCount":763,"commentCount":0,"publisher":{"@id":"https:\/\/loginfo24.com\/nl\/#organization"},"image":{"@id":"https:\/\/loginfo24.com\/nl\/2022\/03\/24\/osterreichse-post-breidt-pakketlogistiekcentrum-in-wenen-uit\/#primaryimage"},"thumbnailUrl":"https:\/\/loginfo24.com\/wp-content\/uploads\/sites\/7\/2025\/12\/Post_AT_24.3.22_1.jpg","articleSection":["Forwarding &amp; Logistics","Intralogistics","Regions"],"inLanguage":"nl-NL","potentialAction":[{"@type":"CommentAction","name":"Comment","target":["https:\/\/loginfo24.com\/nl\/2022\/03\/24\/osterreichse-post-breidt-pakketlogistiekcentrum-in-wenen-uit\/#respond"]}]},{"@type":"WebPage","@id":"https:\/\/loginfo24.com\/nl\/2022\/03\/24\/osterreichse-post-breidt-pakketlogistiekcentrum-in-wenen-uit\/","url":"https:\/\/loginfo24.com\/nl\/2022\/03\/24\/osterreichse-post-breidt-pakketlogistiekcentrum-in-wenen-uit\/","name":"\u00d6sterreichse Post breidt pakketlogistiekcentrum in Wenen uit - Loginfo24","isPartOf":{"@id":"https:\/\/loginfo24.com\/nl\/#website"},"primaryImageOfPage":{"@id":"https:\/\/loginfo24.com\/nl\/2022\/03\/24\/osterreichse-post-breidt-pakketlogistiekcentrum-in-wenen-uit\/#primaryimage"},"image":{"@id":"https:\/\/loginfo24.com\/nl\/2022\/03\/24\/osterreichse-post-breidt-pakketlogistiekcentrum-in-wenen-uit\/#primaryimage"},"thumbnailUrl":"https:\/\/loginfo24.com\/wp-content\/uploads\/sites\/7\/2025\/12\/Post_AT_24.3.22_1.jpg","datePublished":"2022-03-24T12:57:47+00:00","breadcrumb":{"@id":"https:\/\/loginfo24.com\/nl\/2022\/03\/24\/osterreichse-post-breidt-pakketlogistiekcentrum-in-wenen-uit\/#breadcrumb"},"inLanguage":"nl-NL","potentialAction":[{"@type":"ReadAction","target":["https:\/\/loginfo24.com\/nl\/2022\/03\/24\/osterreichse-post-breidt-pakketlogistiekcentrum-in-wenen-uit\/"]}]},{"@type":"ImageObject","inLanguage":"nl-NL","@id":"https:\/\/loginfo24.com\/nl\/2022\/03\/24\/osterreichse-post-breidt-pakketlogistiekcentrum-in-wenen-uit\/#primaryimage","url":"https:\/\/loginfo24.com\/wp-content\/uploads\/sites\/7\/2025\/12\/Post_AT_24.3.22_1.jpg","contentUrl":"https:\/\/loginfo24.com\/wp-content\/uploads\/sites\/7\/2025\/12\/Post_AT_24.3.22_1.jpg","width":1373,"height":892},{"@type":"BreadcrumbList","@id":"https:\/\/loginfo24.com\/nl\/2022\/03\/24\/osterreichse-post-breidt-pakketlogistiekcentrum-in-wenen-uit\/#breadcrumb","itemListElement":[{"@type":"ListItem","position":1,"name":"Startseite","item":"https:\/\/loginfo24.com\/nl\/"},{"@type":"ListItem","position":2,"name":"\u00d6sterreichse Post breidt pakketlogistiekcentrum in Wenen uit"}]},{"@type":"WebSite","@id":"https:\/\/loginfo24.com\/nl\/#website","url":"https:\/\/loginfo24.com\/nl\/","name":"Loginfo24","description":"Loginfo24 is het platform voor logistiek en toeleveringsketens en biedt 24 uur per dag informatie.","publisher":{"@id":"https:\/\/loginfo24.com\/nl\/#organization"},"potentialAction":[{"@type":"SearchAction","target":{"@type":"EntryPoint","urlTemplate":"https:\/\/loginfo24.com\/nl\/?s={search_term_string}"},"query-input":{"@type":"PropertyValueSpecification","valueRequired":true,"valueName":"search_term_string"}}],"inLanguage":"nl-NL"},{"@type":"Organization","@id":"https:\/\/loginfo24.com\/nl\/#organization","name":"Logismedia Groep AG","url":"https:\/\/loginfo24.com\/nl\/","logo":{"@type":"ImageObject","inLanguage":"nl-NL","@id":"https:\/\/loginfo24.com\/nl\/#\/schema\/logo\/image\/","url":"https:\/\/loginfo24.com\/wp-content\/uploads\/sites\/7\/2026\/01\/Logo_LogInfo24.png","contentUrl":"https:\/\/loginfo24.com\/wp-content\/uploads\/sites\/7\/2026\/01\/Logo_LogInfo24.png","width":938,"height":351,"caption":"Logismedia Groep AG"},"image":{"@id":"https:\/\/loginfo24.com\/nl\/#\/schema\/logo\/image\/"},"sameAs":["https:\/\/www.facebook.com\/people\/Loginfo24\/100057360583332\/","https:\/\/www.linkedin.com\/company\/lofinfo24\/"]}]}},"_links":{"self":[{"href":"https:\/\/loginfo24.com\/nl\/wp-json\/wp\/v2\/posts\/55336","targetHints":{"allow":["GET"]}}],"collection":[{"href":"https:\/\/loginfo24.com\/nl\/wp-json\/wp\/v2\/posts"}],"about":[{"href":"https:\/\/loginfo24.com\/nl\/wp-json\/wp\/v2\/types\/post"}],"replies":[{"embeddable":true,"href":"https:\/\/loginfo24.com\/nl\/wp-json\/wp\/v2\/comments?post=55336"}],"version-history":[{"count":0,"href":"https:\/\/loginfo24.com\/nl\/wp-json\/wp\/v2\/posts\/55336\/revisions"}],"wp:featuredmedia":[{"embeddable":true,"href":"https:\/\/loginfo24.com\/nl\/wp-json\/wp\/v2\/media\/10681"}],"wp:attachment":[{"href":"https:\/\/loginfo24.com\/nl\/wp-json\/wp\/v2\/media?parent=55336"}],"wp:term":[{"taxonomy":"category","embeddable":true,"href":"https:\/\/loginfo24.com\/nl\/wp-json\/wp\/v2\/categories?post=55336"},{"taxonomy":"post_tag","embeddable":true,"href":"https:\/\/loginfo24.com\/nl\/wp-json\/wp\/v2\/tags?post=55336"}],"curies":[{"name":"wp","href":"https:\/\/api.w.org\/{rel}","templated":true}]}}