{"id":53467,"date":"2021-11-15T17:58:51","date_gmt":"2021-11-15T16:58:51","guid":{"rendered":"https:\/\/blog.brand-architecture.at\/2021\/11\/15\/gebr-weiss-met-eerste-landing-van-een-antonov-an-225-in-het-poolse-rzeszow\/"},"modified":"2021-11-15T17:58:51","modified_gmt":"2021-11-15T16:58:51","slug":"gebr-weiss-met-eerste-landing-van-een-antonov-an-225-in-het-poolse-rzeszow","status":"publish","type":"post","link":"https:\/\/loginfo24.com\/nl\/2021\/11\/15\/gebr-weiss-met-eerste-landing-van-een-antonov-an-225-in-het-poolse-rzeszow\/","title":{"rendered":"Gebr. Weiss met eerste landing van een Antonov An-225 in het Poolse Rzesz\u00f3w"},"content":{"rendered":"<h5><strong>Met een luchttransport van China naar Polen zorgde Gebr\u00fcder Weiss voor een spectaculaire eerste landing van &#8217;s werelds grootste vrachtvliegtuig op de luchthaven van Rzesz\u00f3w. De Antonov An-225 landde op 13 november rond 23 uur op de luchthaven, gelegen op 170 kilometer ten oosten van Krakau.<\/strong><\/h5>\n<p>(Rzesz\u00f3w\/Krakau\/Lauterach) Aan boord had het vrachtvliegtuig projectlading voor de Poolse industrie. De Antonov was een dag eerder opgestegen vanaf de Chinese luchthaven Tianjin.<\/p>\n<p>Stanislaw Rosciszewski, landleider Polen bij Gebr\u00fcder Weiss: \u201eOok al zijn chartervluchten een vast onderdeel van onze luchtservices, was het transport met een vrachtvliegtuig van deze afmetingen ook voor ons iets bijzonders. In een krap tijdsbestek en onder de verscherpte pandemieomstandigheden hebben onze luchtvrachtmanagers in Polen en China de hele toeleveringsketen tussen fabrikant en ontvanger optimaal georganiseerd.\u201d<\/p>\n<h5><strong>Snelle transport van grote volumineuze goederen<\/strong><\/h5>\n<p>De overdimensionale vrachtwagen is ideaal voor zwaar transport. \u201eDe situatie in de lucht- en zeevracht is nog steeds zeer gespannen, omdat er nog steeds niet genoeg vrachtcapaciteit is. Met de Antonov kunnen we voor onze klanten snel en vooral volumineuze goederen transporteren,\u201d legt Lothar Thoma, directeur Air &amp; Sea bij Gebr\u00fcder Weiss, uit. Het logistieke bedrijf had de reusachtige vrachtwagen al in oktober ingezet voor een transport naar Oostenrijk. Bovendien werd dit jaar meerdere keren de iets kleinere Antonov An-124 gecharterd voor vluchten naar Europa.<\/p>\n<div id=\"attachment_15604\" style=\"width: 1034px\" class=\"wp-caption alignnone\"><img loading=\"lazy\" decoding=\"async\" aria-describedby=\"caption-attachment-15604\" class=\"wp-image-15604 size-large\" src=\"https:\/\/loginfo24.com\/wp-content\/uploads\/sites\/7\/2025\/12\/Gebr_Weiss_15.11.21_2.jpg\" alt=\"\" width=\"1024\" height=\"501\" \/><p id=\"caption-attachment-15604\" class=\"wp-caption-text\">Het Gebr\u00fcder Weiss-team in Polen met landleider Stanislaw Rosciszewski (rechts) voor de Antonov An-225<\/p><\/div>\n<h5><strong>Sinds 2020 in Polen<\/strong><\/h5>\n<p>In Polen is Gebr\u00fcder Weiss sinds 2020 met zeven eigen locaties vertegenwoordigd (hoofdkantoor: Krakau). 85 medewerkers bieden industrie en handel oplossingen op het gebied van wegtransport, lucht- en zeevracht, projectexpeditie en logistiek.<\/p>\n<p>Foto&#8217;s: \u00a9 Gebr\u00fcder Weiss \/ Damian Szymula<\/p>\n","protected":false},"excerpt":{"rendered":"<p>Met een luchttransport van China naar Polen zorgde Gebr\u00fcder Weiss voor een spectaculaire eerste landing van &#8217;s werelds grootste vrachtvliegtuig op de luchthaven van Rzesz\u00f3w. De<span class=\"excerpt-hellip\"> [\u2026]<\/span><\/p>\n","protected":false},"author":0,"featured_media":11777,"comment_status":"open","ping_status":"open","sticky":false,"template":"","format":"standard","meta":{"_acf_changed":false,"footnotes":""},"categories":[1558,1557,1561],"tags":[],"class_list":["post-53467","post","type-post","status-publish","format-standard","has-post-thumbnail","hentry","category-air-freight","category-forwarding-logistics","category-regions"],"acf":[],"yoast_head":"<!-- This site is optimized with the Yoast SEO plugin v27.3 - https:\/\/yoast.com\/product\/yoast-seo-wordpress\/ -->\n<title>Gebr. Weiss met eerste landing van een Antonov An-225 in het Poolse Rzesz\u00f3w - Loginfo24<\/title>\n<meta name=\"robots\" content=\"index, follow, max-snippet:-1, max-image-preview:large, max-video-preview:-1\" \/>\n<link rel=\"canonical\" href=\"https:\/\/loginfo24.com\/nl\/2021\/11\/15\/gebr-weiss-met-eerste-landing-van-een-antonov-an-225-in-het-poolse-rzeszow\/\" \/>\n<meta property=\"og:locale\" content=\"nl_NL\" \/>\n<meta property=\"og:type\" content=\"article\" \/>\n<meta property=\"og:title\" content=\"Gebr. Weiss met eerste landing van een Antonov An-225 in het Poolse Rzesz\u00f3w - Loginfo24\" \/>\n<meta property=\"og:description\" content=\"Met een luchttransport van China naar Polen zorgde Gebr\u00fcder Weiss voor een spectaculaire eerste landing van &#8217;s werelds grootste vrachtvliegtuig op de luchthaven van Rzesz\u00f3w. De [\u2026]\" \/>\n<meta property=\"og:url\" content=\"https:\/\/loginfo24.com\/nl\/2021\/11\/15\/gebr-weiss-met-eerste-landing-van-een-antonov-an-225-in-het-poolse-rzeszow\/\" \/>\n<meta property=\"og:site_name\" content=\"Loginfo24\" \/>\n<meta property=\"article:publisher\" content=\"https:\/\/www.facebook.com\/people\/Loginfo24\/100057360583332\/\" \/>\n<meta property=\"article:published_time\" content=\"2021-11-15T16:58:51+00:00\" \/>\n<meta property=\"og:image\" content=\"https:\/\/loginfo24.com\/wp-content\/uploads\/sites\/7\/2025\/12\/Gebr_Weiss_15.11.21.jpg\" \/>\n\t<meta property=\"og:image:width\" content=\"1384\" \/>\n\t<meta property=\"og:image:height\" content=\"728\" \/>\n\t<meta property=\"og:image:type\" content=\"image\/jpeg\" \/>\n<meta name=\"twitter:card\" content=\"summary_large_image\" \/>\n<meta name=\"twitter:label1\" content=\"Geschatte leestijd\" \/>\n\t<meta name=\"twitter:data1\" content=\"1 minuut\" \/>\n<script type=\"application\/ld+json\" class=\"yoast-schema-graph\">{\"@context\":\"https:\\\/\\\/schema.org\",\"@graph\":[{\"@type\":\"Article\",\"@id\":\"https:\\\/\\\/loginfo24.com\\\/nl\\\/2021\\\/11\\\/15\\\/gebr-weiss-met-eerste-landing-van-een-antonov-an-225-in-het-poolse-rzeszow\\\/#article\",\"isPartOf\":{\"@id\":\"https:\\\/\\\/loginfo24.com\\\/nl\\\/2021\\\/11\\\/15\\\/gebr-weiss-met-eerste-landing-van-een-antonov-an-225-in-het-poolse-rzeszow\\\/\"},\"author\":{\"name\":\"\",\"@id\":\"\"},\"headline\":\"Gebr. Weiss met eerste landing van een Antonov An-225 in het Poolse Rzesz\u00f3w\",\"datePublished\":\"2021-11-15T16:58:51+00:00\",\"mainEntityOfPage\":{\"@id\":\"https:\\\/\\\/loginfo24.com\\\/nl\\\/2021\\\/11\\\/15\\\/gebr-weiss-met-eerste-landing-van-een-antonov-an-225-in-het-poolse-rzeszow\\\/\"},\"wordCount\":297,\"commentCount\":0,\"publisher\":{\"@id\":\"https:\\\/\\\/loginfo24.com\\\/nl\\\/#organization\"},\"image\":{\"@id\":\"https:\\\/\\\/loginfo24.com\\\/nl\\\/2021\\\/11\\\/15\\\/gebr-weiss-met-eerste-landing-van-een-antonov-an-225-in-het-poolse-rzeszow\\\/#primaryimage\"},\"thumbnailUrl\":\"https:\\\/\\\/loginfo24.com\\\/wp-content\\\/uploads\\\/sites\\\/7\\\/2025\\\/12\\\/Gebr_Weiss_15.11.21.jpg\",\"articleSection\":[\"Air Freight\",\"Forwarding &amp; Logistics\",\"Regions\"],\"inLanguage\":\"nl-NL\",\"potentialAction\":[{\"@type\":\"CommentAction\",\"name\":\"Comment\",\"target\":[\"https:\\\/\\\/loginfo24.com\\\/nl\\\/2021\\\/11\\\/15\\\/gebr-weiss-met-eerste-landing-van-een-antonov-an-225-in-het-poolse-rzeszow\\\/#respond\"]}]},{\"@type\":\"WebPage\",\"@id\":\"https:\\\/\\\/loginfo24.com\\\/nl\\\/2021\\\/11\\\/15\\\/gebr-weiss-met-eerste-landing-van-een-antonov-an-225-in-het-poolse-rzeszow\\\/\",\"url\":\"https:\\\/\\\/loginfo24.com\\\/nl\\\/2021\\\/11\\\/15\\\/gebr-weiss-met-eerste-landing-van-een-antonov-an-225-in-het-poolse-rzeszow\\\/\",\"name\":\"Gebr. Weiss met eerste landing van een Antonov An-225 in het Poolse Rzesz\u00f3w - Loginfo24\",\"isPartOf\":{\"@id\":\"https:\\\/\\\/loginfo24.com\\\/nl\\\/#website\"},\"primaryImageOfPage\":{\"@id\":\"https:\\\/\\\/loginfo24.com\\\/nl\\\/2021\\\/11\\\/15\\\/gebr-weiss-met-eerste-landing-van-een-antonov-an-225-in-het-poolse-rzeszow\\\/#primaryimage\"},\"image\":{\"@id\":\"https:\\\/\\\/loginfo24.com\\\/nl\\\/2021\\\/11\\\/15\\\/gebr-weiss-met-eerste-landing-van-een-antonov-an-225-in-het-poolse-rzeszow\\\/#primaryimage\"},\"thumbnailUrl\":\"https:\\\/\\\/loginfo24.com\\\/wp-content\\\/uploads\\\/sites\\\/7\\\/2025\\\/12\\\/Gebr_Weiss_15.11.21.jpg\",\"datePublished\":\"2021-11-15T16:58:51+00:00\",\"breadcrumb\":{\"@id\":\"https:\\\/\\\/loginfo24.com\\\/nl\\\/2021\\\/11\\\/15\\\/gebr-weiss-met-eerste-landing-van-een-antonov-an-225-in-het-poolse-rzeszow\\\/#breadcrumb\"},\"inLanguage\":\"nl-NL\",\"potentialAction\":[{\"@type\":\"ReadAction\",\"target\":[\"https:\\\/\\\/loginfo24.com\\\/nl\\\/2021\\\/11\\\/15\\\/gebr-weiss-met-eerste-landing-van-een-antonov-an-225-in-het-poolse-rzeszow\\\/\"]}]},{\"@type\":\"ImageObject\",\"inLanguage\":\"nl-NL\",\"@id\":\"https:\\\/\\\/loginfo24.com\\\/nl\\\/2021\\\/11\\\/15\\\/gebr-weiss-met-eerste-landing-van-een-antonov-an-225-in-het-poolse-rzeszow\\\/#primaryimage\",\"url\":\"https:\\\/\\\/loginfo24.com\\\/wp-content\\\/uploads\\\/sites\\\/7\\\/2025\\\/12\\\/Gebr_Weiss_15.11.21.jpg\",\"contentUrl\":\"https:\\\/\\\/loginfo24.com\\\/wp-content\\\/uploads\\\/sites\\\/7\\\/2025\\\/12\\\/Gebr_Weiss_15.11.21.jpg\",\"width\":1384,\"height\":728},{\"@type\":\"BreadcrumbList\",\"@id\":\"https:\\\/\\\/loginfo24.com\\\/nl\\\/2021\\\/11\\\/15\\\/gebr-weiss-met-eerste-landing-van-een-antonov-an-225-in-het-poolse-rzeszow\\\/#breadcrumb\",\"itemListElement\":[{\"@type\":\"ListItem\",\"position\":1,\"name\":\"Startseite\",\"item\":\"https:\\\/\\\/loginfo24.com\\\/nl\\\/\"},{\"@type\":\"ListItem\",\"position\":2,\"name\":\"Gebr. Weiss met eerste landing van een Antonov An-225 in het Poolse Rzesz\u00f3w\"}]},{\"@type\":\"WebSite\",\"@id\":\"https:\\\/\\\/loginfo24.com\\\/nl\\\/#website\",\"url\":\"https:\\\/\\\/loginfo24.com\\\/nl\\\/\",\"name\":\"Loginfo24\",\"description\":\"Loginfo24 is het platform voor logistiek en toeleveringsketens en biedt 24 uur per dag informatie.\",\"publisher\":{\"@id\":\"https:\\\/\\\/loginfo24.com\\\/nl\\\/#organization\"},\"potentialAction\":[{\"@type\":\"SearchAction\",\"target\":{\"@type\":\"EntryPoint\",\"urlTemplate\":\"https:\\\/\\\/loginfo24.com\\\/nl\\\/?s={search_term_string}\"},\"query-input\":{\"@type\":\"PropertyValueSpecification\",\"valueRequired\":true,\"valueName\":\"search_term_string\"}}],\"inLanguage\":\"nl-NL\"},{\"@type\":\"Organization\",\"@id\":\"https:\\\/\\\/loginfo24.com\\\/nl\\\/#organization\",\"name\":\"Logismedia Groep AG\",\"url\":\"https:\\\/\\\/loginfo24.com\\\/nl\\\/\",\"logo\":{\"@type\":\"ImageObject\",\"inLanguage\":\"nl-NL\",\"@id\":\"https:\\\/\\\/loginfo24.com\\\/nl\\\/#\\\/schema\\\/logo\\\/image\\\/\",\"url\":\"https:\\\/\\\/loginfo24.com\\\/wp-content\\\/uploads\\\/sites\\\/7\\\/2026\\\/01\\\/Logo_LogInfo24.png\",\"contentUrl\":\"https:\\\/\\\/loginfo24.com\\\/wp-content\\\/uploads\\\/sites\\\/7\\\/2026\\\/01\\\/Logo_LogInfo24.png\",\"width\":938,\"height\":351,\"caption\":\"Logismedia Groep AG\"},\"image\":{\"@id\":\"https:\\\/\\\/loginfo24.com\\\/nl\\\/#\\\/schema\\\/logo\\\/image\\\/\"},\"sameAs\":[\"https:\\\/\\\/www.facebook.com\\\/people\\\/Loginfo24\\\/100057360583332\\\/\",\"https:\\\/\\\/www.linkedin.com\\\/company\\\/lofinfo24\\\/\"]}]}<\/script>\n<!-- \/ Yoast SEO plugin. -->","yoast_head_json":{"title":"Gebr. Weiss met eerste landing van een Antonov An-225 in het Poolse Rzesz\u00f3w - Loginfo24","robots":{"index":"index","follow":"follow","max-snippet":"max-snippet:-1","max-image-preview":"max-image-preview:large","max-video-preview":"max-video-preview:-1"},"canonical":"https:\/\/loginfo24.com\/nl\/2021\/11\/15\/gebr-weiss-met-eerste-landing-van-een-antonov-an-225-in-het-poolse-rzeszow\/","og_locale":"nl_NL","og_type":"article","og_title":"Gebr. Weiss met eerste landing van een Antonov An-225 in het Poolse Rzesz\u00f3w - Loginfo24","og_description":"Met een luchttransport van China naar Polen zorgde Gebr\u00fcder Weiss voor een spectaculaire eerste landing van &#8217;s werelds grootste vrachtvliegtuig op de luchthaven van Rzesz\u00f3w. De [\u2026]","og_url":"https:\/\/loginfo24.com\/nl\/2021\/11\/15\/gebr-weiss-met-eerste-landing-van-een-antonov-an-225-in-het-poolse-rzeszow\/","og_site_name":"Loginfo24","article_publisher":"https:\/\/www.facebook.com\/people\/Loginfo24\/100057360583332\/","article_published_time":"2021-11-15T16:58:51+00:00","og_image":[{"width":1384,"height":728,"url":"https:\/\/loginfo24.com\/wp-content\/uploads\/sites\/7\/2025\/12\/Gebr_Weiss_15.11.21.jpg","type":"image\/jpeg"}],"twitter_card":"summary_large_image","twitter_misc":{"Geschatte leestijd":"1 minuut"},"schema":{"@context":"https:\/\/schema.org","@graph":[{"@type":"Article","@id":"https:\/\/loginfo24.com\/nl\/2021\/11\/15\/gebr-weiss-met-eerste-landing-van-een-antonov-an-225-in-het-poolse-rzeszow\/#article","isPartOf":{"@id":"https:\/\/loginfo24.com\/nl\/2021\/11\/15\/gebr-weiss-met-eerste-landing-van-een-antonov-an-225-in-het-poolse-rzeszow\/"},"author":{"name":"","@id":""},"headline":"Gebr. Weiss met eerste landing van een Antonov An-225 in het Poolse Rzesz\u00f3w","datePublished":"2021-11-15T16:58:51+00:00","mainEntityOfPage":{"@id":"https:\/\/loginfo24.com\/nl\/2021\/11\/15\/gebr-weiss-met-eerste-landing-van-een-antonov-an-225-in-het-poolse-rzeszow\/"},"wordCount":297,"commentCount":0,"publisher":{"@id":"https:\/\/loginfo24.com\/nl\/#organization"},"image":{"@id":"https:\/\/loginfo24.com\/nl\/2021\/11\/15\/gebr-weiss-met-eerste-landing-van-een-antonov-an-225-in-het-poolse-rzeszow\/#primaryimage"},"thumbnailUrl":"https:\/\/loginfo24.com\/wp-content\/uploads\/sites\/7\/2025\/12\/Gebr_Weiss_15.11.21.jpg","articleSection":["Air Freight","Forwarding &amp; Logistics","Regions"],"inLanguage":"nl-NL","potentialAction":[{"@type":"CommentAction","name":"Comment","target":["https:\/\/loginfo24.com\/nl\/2021\/11\/15\/gebr-weiss-met-eerste-landing-van-een-antonov-an-225-in-het-poolse-rzeszow\/#respond"]}]},{"@type":"WebPage","@id":"https:\/\/loginfo24.com\/nl\/2021\/11\/15\/gebr-weiss-met-eerste-landing-van-een-antonov-an-225-in-het-poolse-rzeszow\/","url":"https:\/\/loginfo24.com\/nl\/2021\/11\/15\/gebr-weiss-met-eerste-landing-van-een-antonov-an-225-in-het-poolse-rzeszow\/","name":"Gebr. Weiss met eerste landing van een Antonov An-225 in het Poolse Rzesz\u00f3w - Loginfo24","isPartOf":{"@id":"https:\/\/loginfo24.com\/nl\/#website"},"primaryImageOfPage":{"@id":"https:\/\/loginfo24.com\/nl\/2021\/11\/15\/gebr-weiss-met-eerste-landing-van-een-antonov-an-225-in-het-poolse-rzeszow\/#primaryimage"},"image":{"@id":"https:\/\/loginfo24.com\/nl\/2021\/11\/15\/gebr-weiss-met-eerste-landing-van-een-antonov-an-225-in-het-poolse-rzeszow\/#primaryimage"},"thumbnailUrl":"https:\/\/loginfo24.com\/wp-content\/uploads\/sites\/7\/2025\/12\/Gebr_Weiss_15.11.21.jpg","datePublished":"2021-11-15T16:58:51+00:00","breadcrumb":{"@id":"https:\/\/loginfo24.com\/nl\/2021\/11\/15\/gebr-weiss-met-eerste-landing-van-een-antonov-an-225-in-het-poolse-rzeszow\/#breadcrumb"},"inLanguage":"nl-NL","potentialAction":[{"@type":"ReadAction","target":["https:\/\/loginfo24.com\/nl\/2021\/11\/15\/gebr-weiss-met-eerste-landing-van-een-antonov-an-225-in-het-poolse-rzeszow\/"]}]},{"@type":"ImageObject","inLanguage":"nl-NL","@id":"https:\/\/loginfo24.com\/nl\/2021\/11\/15\/gebr-weiss-met-eerste-landing-van-een-antonov-an-225-in-het-poolse-rzeszow\/#primaryimage","url":"https:\/\/loginfo24.com\/wp-content\/uploads\/sites\/7\/2025\/12\/Gebr_Weiss_15.11.21.jpg","contentUrl":"https:\/\/loginfo24.com\/wp-content\/uploads\/sites\/7\/2025\/12\/Gebr_Weiss_15.11.21.jpg","width":1384,"height":728},{"@type":"BreadcrumbList","@id":"https:\/\/loginfo24.com\/nl\/2021\/11\/15\/gebr-weiss-met-eerste-landing-van-een-antonov-an-225-in-het-poolse-rzeszow\/#breadcrumb","itemListElement":[{"@type":"ListItem","position":1,"name":"Startseite","item":"https:\/\/loginfo24.com\/nl\/"},{"@type":"ListItem","position":2,"name":"Gebr. Weiss met eerste landing van een Antonov An-225 in het Poolse Rzesz\u00f3w"}]},{"@type":"WebSite","@id":"https:\/\/loginfo24.com\/nl\/#website","url":"https:\/\/loginfo24.com\/nl\/","name":"Loginfo24","description":"Loginfo24 is het platform voor logistiek en toeleveringsketens en biedt 24 uur per dag informatie.","publisher":{"@id":"https:\/\/loginfo24.com\/nl\/#organization"},"potentialAction":[{"@type":"SearchAction","target":{"@type":"EntryPoint","urlTemplate":"https:\/\/loginfo24.com\/nl\/?s={search_term_string}"},"query-input":{"@type":"PropertyValueSpecification","valueRequired":true,"valueName":"search_term_string"}}],"inLanguage":"nl-NL"},{"@type":"Organization","@id":"https:\/\/loginfo24.com\/nl\/#organization","name":"Logismedia Groep AG","url":"https:\/\/loginfo24.com\/nl\/","logo":{"@type":"ImageObject","inLanguage":"nl-NL","@id":"https:\/\/loginfo24.com\/nl\/#\/schema\/logo\/image\/","url":"https:\/\/loginfo24.com\/wp-content\/uploads\/sites\/7\/2026\/01\/Logo_LogInfo24.png","contentUrl":"https:\/\/loginfo24.com\/wp-content\/uploads\/sites\/7\/2026\/01\/Logo_LogInfo24.png","width":938,"height":351,"caption":"Logismedia Groep AG"},"image":{"@id":"https:\/\/loginfo24.com\/nl\/#\/schema\/logo\/image\/"},"sameAs":["https:\/\/www.facebook.com\/people\/Loginfo24\/100057360583332\/","https:\/\/www.linkedin.com\/company\/lofinfo24\/"]}]}},"_links":{"self":[{"href":"https:\/\/loginfo24.com\/nl\/wp-json\/wp\/v2\/posts\/53467","targetHints":{"allow":["GET"]}}],"collection":[{"href":"https:\/\/loginfo24.com\/nl\/wp-json\/wp\/v2\/posts"}],"about":[{"href":"https:\/\/loginfo24.com\/nl\/wp-json\/wp\/v2\/types\/post"}],"replies":[{"embeddable":true,"href":"https:\/\/loginfo24.com\/nl\/wp-json\/wp\/v2\/comments?post=53467"}],"version-history":[{"count":0,"href":"https:\/\/loginfo24.com\/nl\/wp-json\/wp\/v2\/posts\/53467\/revisions"}],"wp:featuredmedia":[{"embeddable":true,"href":"https:\/\/loginfo24.com\/nl\/wp-json\/wp\/v2\/media\/11777"}],"wp:attachment":[{"href":"https:\/\/loginfo24.com\/nl\/wp-json\/wp\/v2\/media?parent=53467"}],"wp:term":[{"taxonomy":"category","embeddable":true,"href":"https:\/\/loginfo24.com\/nl\/wp-json\/wp\/v2\/categories?post=53467"},{"taxonomy":"post_tag","embeddable":true,"href":"https:\/\/loginfo24.com\/nl\/wp-json\/wp\/v2\/tags?post=53467"}],"curies":[{"name":"wp","href":"https:\/\/api.w.org\/{rel}","templated":true}]}}