{"id":51660,"date":"2021-09-06T16:12:46","date_gmt":"2021-09-06T14:12:46","guid":{"rendered":"https:\/\/blog.brand-architecture.at\/2021\/09\/06\/voorzitter-volker-seefeldt-legt-functie-neer-bij-kolner-htag\/"},"modified":"2021-09-06T16:12:46","modified_gmt":"2021-09-06T14:12:46","slug":"voorzitter-volker-seefeldt-legt-functie-neer-bij-kolner-htag","status":"publish","type":"post","link":"https:\/\/loginfo24.com\/nl\/2021\/09\/06\/voorzitter-volker-seefeldt-legt-functie-neer-bij-kolner-htag\/","title":{"rendered":"Voorzitter Volker Seefeldt legt functie neer bij K\u00f6lner HTAG"},"content":{"rendered":"<p>Na 30 jaar in dienst van zijn bedrijf legt Volker Seefeldt zijn functie als voorzitter van de HTAG H\u00e4fen und Transport AG per 30 september 2021 neer en verlaat hij de actieve dienst. Deze beslissing heeft de 64-jarige in nauwe afstemming met de raad van toezicht van de HTAG genomen. Andreas Grzib is benoemd tot lid van de raad van bestuur van de HTAG.<\/p>\n<p class=\"Default\"><span style=\"font-family: 'Cambria',serif\">(Keulen) \u201eMet de geplande afsplitsing van de scheepvaartsector van de HTAG aan het einde van het jaar en de daaropvolgende overdracht van de onderneming naar een nieuwe eigendomsstructuur in de bedrijfssector HGK Logistics and Intermodal, zullen zowel de richting van het bedrijf als de aard van de leidinggevende taak aanzienlijk veranderen. Het is voor mij de perfecte tijd om na 47 jaar van een succesvolle loopbaan de scepter aan de volgende generatie door te geven\u201c, legt Volker Seefeldt zijn beslissing uit. <\/span><\/p>\n<p class=\"Default\"><span style=\"font-family: 'Cambria',serif\">De ervaren manager kijkt terug op een lange carri\u00e8re in de binnenvaart, transport en logistiek. Volker Seefeldt begon zijn loopbaan in 1974 met een opleiding bij de Stinnes Reederei AG in Duisburg, waar hij tot 1991 trouw aan bleef. Van daaruit stapte de afgestudeerde bedrijfskundige (VWA) over naar de HTAG, voorheen Harpen Transport AG, waar hij in verschillende functies werkzaam was. De laatste 21 jaar stond hij aanvankelijk als lid van de raad van bestuur en sinds 2011 als woordvoerder van de HTAG-raad aan de top van het bedrijf. Tussen 2015 en 2019 leidde Volker Seefeldt ook het HGK-dochteronderneming neska als voorzitter van de directie. <\/span><\/p>\n<h4><b><span style=\"font-family: 'Cambria',serif\">Dank en waardering voor de verdiensten<\/span><\/b><\/h4>\n<p class=\"Default\"><span style=\"font-family: 'Cambria',serif\">Volker Seefeldt is ook actief in verschillende brancheverenigingen. Zo was hij sinds 2003 lid van de raad van bestuur en tot mei 2013 voorzitter van de \u201eWerkgeversvereniging van de Duitse Binnenvaart e.V.\u201c (AdB). In de \u201eBundesverband der Deutschen Binnenschifffahrt e.V.\u201c (BDB) is hij sinds 2008 lid van de raad van bestuur. Sinds de fusie van de BDB met de AdB in 2013 fungeert Volker Seefeldt als vicevoorzitter van de BDB. In de \u201eVerein f\u00fcr Europ\u00e4ische Binnenschifffahrt und Wasserstra\u00dfen e.V.\u201c bekleedt hij sinds 2015 de functie van vicevoorzitter. \u201eMet Volker Seefeldt verlaat een bepalende persoonlijkheid de HGK-groep, die in haar bedrijf veel heeft bereikt. <\/span><\/p>\n<p class=\"Default\"><span style=\"font-family: 'Cambria',serif\">Ook dankzij zijn expertise heeft de HTAG zich kunnen handhaven als een van de grote spelers in de massagoedlogistiek\u201c, legt Uwe Wedig, voorzitter van de raad van bestuur van de H\u00e4fen und G\u00fcterverkehr K\u00f6ln AG, uit. \u201eDe HGK AG bedankt de heer Seefeldt hartelijk voor zijn verdiensten en wenst hem het allerbeste voor zijn verdere toekomst\u201c, aldus Uwe Wedig verder. <\/span><\/p>\n<p class=\"Default\"><span style=\"font-family: 'Cambria',serif\">Met ingang van 3 september 2021 heeft de raad van toezicht van de HTAG Andreas Grzib benoemd tot lid van de raad van bestuur van de HTAG. De 54-jarige zal deze functie uitoefenen naast zijn taken als directeur van de neska Schiffahrts- und Speditions-kontor GmbH, een bedrijf van de HGK-sector Logistics and Intermodal. <\/span><\/p>\n<p class=\"Default\"><span style=\"font-family: 'Cambria',serif\">Foto: \u00a9 HTAG \/ <b><i>Bijschrift:<\/i><\/b><i> Rochades in de raad van bestuur van de HTAG: Volker Seefeldt (links) treedt terug. Andreas Grzib (rechts) komt op.<\/i><\/span><\/p>\n","protected":false},"excerpt":{"rendered":"<p>Na 30 jaar in dienst van zijn bedrijf legt Volker Seefeldt zijn functie als voorzitter van de HTAG H\u00e4fen und Transport AG per 30 september 2021<span class=\"excerpt-hellip\"> [\u2026]<\/span><\/p>\n","protected":false},"author":0,"featured_media":0,"comment_status":"open","ping_status":"open","sticky":false,"template":"","format":"standard","meta":{"_acf_changed":false,"footnotes":""},"categories":[1557,1561,1559],"tags":[],"class_list":["post-51660","post","type-post","status-publish","format-standard","hentry","category-forwarding-logistics","category-regions","category-shipping-ports"],"acf":[],"yoast_head":"<!-- This site is optimized with the Yoast SEO plugin v27.3 - https:\/\/yoast.com\/product\/yoast-seo-wordpress\/ -->\n<title>Voorzitter Volker Seefeldt legt functie neer bij K\u00f6lner HTAG - Loginfo24<\/title>\n<meta name=\"robots\" content=\"index, follow, max-snippet:-1, max-image-preview:large, max-video-preview:-1\" \/>\n<link rel=\"canonical\" href=\"https:\/\/loginfo24.com\/nl\/2021\/09\/06\/voorzitter-volker-seefeldt-legt-functie-neer-bij-kolner-htag\/\" \/>\n<meta property=\"og:locale\" content=\"nl_NL\" \/>\n<meta property=\"og:type\" content=\"article\" \/>\n<meta property=\"og:title\" content=\"Voorzitter Volker Seefeldt legt functie neer bij K\u00f6lner HTAG - Loginfo24\" \/>\n<meta property=\"og:description\" content=\"Na 30 jaar in dienst van zijn bedrijf legt Volker Seefeldt zijn functie als voorzitter van de HTAG H\u00e4fen und Transport AG per 30 september 2021 [\u2026]\" \/>\n<meta property=\"og:url\" content=\"https:\/\/loginfo24.com\/nl\/2021\/09\/06\/voorzitter-volker-seefeldt-legt-functie-neer-bij-kolner-htag\/\" \/>\n<meta property=\"og:site_name\" content=\"Loginfo24\" \/>\n<meta property=\"article:publisher\" content=\"https:\/\/www.facebook.com\/people\/Loginfo24\/100057360583332\/\" \/>\n<meta property=\"article:published_time\" content=\"2021-09-06T14:12:46+00:00\" \/>\n<meta name=\"twitter:card\" content=\"summary_large_image\" \/>\n<meta name=\"twitter:label1\" content=\"Geschatte leestijd\" \/>\n\t<meta name=\"twitter:data1\" content=\"2 minuut\" \/>\n<script type=\"application\/ld+json\" class=\"yoast-schema-graph\">{\"@context\":\"https:\\\/\\\/schema.org\",\"@graph\":[{\"@type\":\"Article\",\"@id\":\"https:\\\/\\\/loginfo24.com\\\/nl\\\/2021\\\/09\\\/06\\\/voorzitter-volker-seefeldt-legt-functie-neer-bij-kolner-htag\\\/#article\",\"isPartOf\":{\"@id\":\"https:\\\/\\\/loginfo24.com\\\/nl\\\/2021\\\/09\\\/06\\\/voorzitter-volker-seefeldt-legt-functie-neer-bij-kolner-htag\\\/\"},\"author\":{\"name\":\"\",\"@id\":\"\"},\"headline\":\"Voorzitter Volker Seefeldt legt functie neer bij K\u00f6lner HTAG\",\"datePublished\":\"2021-09-06T14:12:46+00:00\",\"mainEntityOfPage\":{\"@id\":\"https:\\\/\\\/loginfo24.com\\\/nl\\\/2021\\\/09\\\/06\\\/voorzitter-volker-seefeldt-legt-functie-neer-bij-kolner-htag\\\/\"},\"wordCount\":498,\"commentCount\":0,\"publisher\":{\"@id\":\"https:\\\/\\\/loginfo24.com\\\/nl\\\/#organization\"},\"articleSection\":[\"Forwarding &amp; Logistics\",\"Regions\",\"Shipping &amp; Ports\"],\"inLanguage\":\"nl-NL\",\"potentialAction\":[{\"@type\":\"CommentAction\",\"name\":\"Comment\",\"target\":[\"https:\\\/\\\/loginfo24.com\\\/nl\\\/2021\\\/09\\\/06\\\/voorzitter-volker-seefeldt-legt-functie-neer-bij-kolner-htag\\\/#respond\"]}]},{\"@type\":\"WebPage\",\"@id\":\"https:\\\/\\\/loginfo24.com\\\/nl\\\/2021\\\/09\\\/06\\\/voorzitter-volker-seefeldt-legt-functie-neer-bij-kolner-htag\\\/\",\"url\":\"https:\\\/\\\/loginfo24.com\\\/nl\\\/2021\\\/09\\\/06\\\/voorzitter-volker-seefeldt-legt-functie-neer-bij-kolner-htag\\\/\",\"name\":\"Voorzitter Volker Seefeldt legt functie neer bij K\u00f6lner HTAG - Loginfo24\",\"isPartOf\":{\"@id\":\"https:\\\/\\\/loginfo24.com\\\/nl\\\/#website\"},\"datePublished\":\"2021-09-06T14:12:46+00:00\",\"breadcrumb\":{\"@id\":\"https:\\\/\\\/loginfo24.com\\\/nl\\\/2021\\\/09\\\/06\\\/voorzitter-volker-seefeldt-legt-functie-neer-bij-kolner-htag\\\/#breadcrumb\"},\"inLanguage\":\"nl-NL\",\"potentialAction\":[{\"@type\":\"ReadAction\",\"target\":[\"https:\\\/\\\/loginfo24.com\\\/nl\\\/2021\\\/09\\\/06\\\/voorzitter-volker-seefeldt-legt-functie-neer-bij-kolner-htag\\\/\"]}]},{\"@type\":\"BreadcrumbList\",\"@id\":\"https:\\\/\\\/loginfo24.com\\\/nl\\\/2021\\\/09\\\/06\\\/voorzitter-volker-seefeldt-legt-functie-neer-bij-kolner-htag\\\/#breadcrumb\",\"itemListElement\":[{\"@type\":\"ListItem\",\"position\":1,\"name\":\"Startseite\",\"item\":\"https:\\\/\\\/loginfo24.com\\\/nl\\\/\"},{\"@type\":\"ListItem\",\"position\":2,\"name\":\"Voorzitter Volker Seefeldt legt functie neer bij K\u00f6lner HTAG\"}]},{\"@type\":\"WebSite\",\"@id\":\"https:\\\/\\\/loginfo24.com\\\/nl\\\/#website\",\"url\":\"https:\\\/\\\/loginfo24.com\\\/nl\\\/\",\"name\":\"Loginfo24\",\"description\":\"Loginfo24 is het platform voor logistiek en toeleveringsketens en biedt 24 uur per dag informatie.\",\"publisher\":{\"@id\":\"https:\\\/\\\/loginfo24.com\\\/nl\\\/#organization\"},\"potentialAction\":[{\"@type\":\"SearchAction\",\"target\":{\"@type\":\"EntryPoint\",\"urlTemplate\":\"https:\\\/\\\/loginfo24.com\\\/nl\\\/?s={search_term_string}\"},\"query-input\":{\"@type\":\"PropertyValueSpecification\",\"valueRequired\":true,\"valueName\":\"search_term_string\"}}],\"inLanguage\":\"nl-NL\"},{\"@type\":\"Organization\",\"@id\":\"https:\\\/\\\/loginfo24.com\\\/nl\\\/#organization\",\"name\":\"Logismedia Groep AG\",\"url\":\"https:\\\/\\\/loginfo24.com\\\/nl\\\/\",\"logo\":{\"@type\":\"ImageObject\",\"inLanguage\":\"nl-NL\",\"@id\":\"https:\\\/\\\/loginfo24.com\\\/nl\\\/#\\\/schema\\\/logo\\\/image\\\/\",\"url\":\"https:\\\/\\\/loginfo24.com\\\/wp-content\\\/uploads\\\/sites\\\/7\\\/2026\\\/01\\\/Logo_LogInfo24.png\",\"contentUrl\":\"https:\\\/\\\/loginfo24.com\\\/wp-content\\\/uploads\\\/sites\\\/7\\\/2026\\\/01\\\/Logo_LogInfo24.png\",\"width\":938,\"height\":351,\"caption\":\"Logismedia Groep AG\"},\"image\":{\"@id\":\"https:\\\/\\\/loginfo24.com\\\/nl\\\/#\\\/schema\\\/logo\\\/image\\\/\"},\"sameAs\":[\"https:\\\/\\\/www.facebook.com\\\/people\\\/Loginfo24\\\/100057360583332\\\/\",\"https:\\\/\\\/www.linkedin.com\\\/company\\\/lofinfo24\\\/\"]}]}<\/script>\n<!-- \/ Yoast SEO plugin. -->","yoast_head_json":{"title":"Voorzitter Volker Seefeldt legt functie neer bij K\u00f6lner HTAG - Loginfo24","robots":{"index":"index","follow":"follow","max-snippet":"max-snippet:-1","max-image-preview":"max-image-preview:large","max-video-preview":"max-video-preview:-1"},"canonical":"https:\/\/loginfo24.com\/nl\/2021\/09\/06\/voorzitter-volker-seefeldt-legt-functie-neer-bij-kolner-htag\/","og_locale":"nl_NL","og_type":"article","og_title":"Voorzitter Volker Seefeldt legt functie neer bij K\u00f6lner HTAG - Loginfo24","og_description":"Na 30 jaar in dienst van zijn bedrijf legt Volker Seefeldt zijn functie als voorzitter van de HTAG H\u00e4fen und Transport AG per 30 september 2021 [\u2026]","og_url":"https:\/\/loginfo24.com\/nl\/2021\/09\/06\/voorzitter-volker-seefeldt-legt-functie-neer-bij-kolner-htag\/","og_site_name":"Loginfo24","article_publisher":"https:\/\/www.facebook.com\/people\/Loginfo24\/100057360583332\/","article_published_time":"2021-09-06T14:12:46+00:00","twitter_card":"summary_large_image","twitter_misc":{"Geschatte leestijd":"2 minuut"},"schema":{"@context":"https:\/\/schema.org","@graph":[{"@type":"Article","@id":"https:\/\/loginfo24.com\/nl\/2021\/09\/06\/voorzitter-volker-seefeldt-legt-functie-neer-bij-kolner-htag\/#article","isPartOf":{"@id":"https:\/\/loginfo24.com\/nl\/2021\/09\/06\/voorzitter-volker-seefeldt-legt-functie-neer-bij-kolner-htag\/"},"author":{"name":"","@id":""},"headline":"Voorzitter Volker Seefeldt legt functie neer bij K\u00f6lner HTAG","datePublished":"2021-09-06T14:12:46+00:00","mainEntityOfPage":{"@id":"https:\/\/loginfo24.com\/nl\/2021\/09\/06\/voorzitter-volker-seefeldt-legt-functie-neer-bij-kolner-htag\/"},"wordCount":498,"commentCount":0,"publisher":{"@id":"https:\/\/loginfo24.com\/nl\/#organization"},"articleSection":["Forwarding &amp; Logistics","Regions","Shipping &amp; Ports"],"inLanguage":"nl-NL","potentialAction":[{"@type":"CommentAction","name":"Comment","target":["https:\/\/loginfo24.com\/nl\/2021\/09\/06\/voorzitter-volker-seefeldt-legt-functie-neer-bij-kolner-htag\/#respond"]}]},{"@type":"WebPage","@id":"https:\/\/loginfo24.com\/nl\/2021\/09\/06\/voorzitter-volker-seefeldt-legt-functie-neer-bij-kolner-htag\/","url":"https:\/\/loginfo24.com\/nl\/2021\/09\/06\/voorzitter-volker-seefeldt-legt-functie-neer-bij-kolner-htag\/","name":"Voorzitter Volker Seefeldt legt functie neer bij K\u00f6lner HTAG - Loginfo24","isPartOf":{"@id":"https:\/\/loginfo24.com\/nl\/#website"},"datePublished":"2021-09-06T14:12:46+00:00","breadcrumb":{"@id":"https:\/\/loginfo24.com\/nl\/2021\/09\/06\/voorzitter-volker-seefeldt-legt-functie-neer-bij-kolner-htag\/#breadcrumb"},"inLanguage":"nl-NL","potentialAction":[{"@type":"ReadAction","target":["https:\/\/loginfo24.com\/nl\/2021\/09\/06\/voorzitter-volker-seefeldt-legt-functie-neer-bij-kolner-htag\/"]}]},{"@type":"BreadcrumbList","@id":"https:\/\/loginfo24.com\/nl\/2021\/09\/06\/voorzitter-volker-seefeldt-legt-functie-neer-bij-kolner-htag\/#breadcrumb","itemListElement":[{"@type":"ListItem","position":1,"name":"Startseite","item":"https:\/\/loginfo24.com\/nl\/"},{"@type":"ListItem","position":2,"name":"Voorzitter Volker Seefeldt legt functie neer bij K\u00f6lner HTAG"}]},{"@type":"WebSite","@id":"https:\/\/loginfo24.com\/nl\/#website","url":"https:\/\/loginfo24.com\/nl\/","name":"Loginfo24","description":"Loginfo24 is het platform voor logistiek en toeleveringsketens en biedt 24 uur per dag informatie.","publisher":{"@id":"https:\/\/loginfo24.com\/nl\/#organization"},"potentialAction":[{"@type":"SearchAction","target":{"@type":"EntryPoint","urlTemplate":"https:\/\/loginfo24.com\/nl\/?s={search_term_string}"},"query-input":{"@type":"PropertyValueSpecification","valueRequired":true,"valueName":"search_term_string"}}],"inLanguage":"nl-NL"},{"@type":"Organization","@id":"https:\/\/loginfo24.com\/nl\/#organization","name":"Logismedia Groep AG","url":"https:\/\/loginfo24.com\/nl\/","logo":{"@type":"ImageObject","inLanguage":"nl-NL","@id":"https:\/\/loginfo24.com\/nl\/#\/schema\/logo\/image\/","url":"https:\/\/loginfo24.com\/wp-content\/uploads\/sites\/7\/2026\/01\/Logo_LogInfo24.png","contentUrl":"https:\/\/loginfo24.com\/wp-content\/uploads\/sites\/7\/2026\/01\/Logo_LogInfo24.png","width":938,"height":351,"caption":"Logismedia Groep AG"},"image":{"@id":"https:\/\/loginfo24.com\/nl\/#\/schema\/logo\/image\/"},"sameAs":["https:\/\/www.facebook.com\/people\/Loginfo24\/100057360583332\/","https:\/\/www.linkedin.com\/company\/lofinfo24\/"]}]}},"_links":{"self":[{"href":"https:\/\/loginfo24.com\/nl\/wp-json\/wp\/v2\/posts\/51660","targetHints":{"allow":["GET"]}}],"collection":[{"href":"https:\/\/loginfo24.com\/nl\/wp-json\/wp\/v2\/posts"}],"about":[{"href":"https:\/\/loginfo24.com\/nl\/wp-json\/wp\/v2\/types\/post"}],"replies":[{"embeddable":true,"href":"https:\/\/loginfo24.com\/nl\/wp-json\/wp\/v2\/comments?post=51660"}],"version-history":[{"count":0,"href":"https:\/\/loginfo24.com\/nl\/wp-json\/wp\/v2\/posts\/51660\/revisions"}],"wp:attachment":[{"href":"https:\/\/loginfo24.com\/nl\/wp-json\/wp\/v2\/media?parent=51660"}],"wp:term":[{"taxonomy":"category","embeddable":true,"href":"https:\/\/loginfo24.com\/nl\/wp-json\/wp\/v2\/categories?post=51660"},{"taxonomy":"post_tag","embeddable":true,"href":"https:\/\/loginfo24.com\/nl\/wp-json\/wp\/v2\/tags?post=51660"}],"curies":[{"name":"wp","href":"https:\/\/api.w.org\/{rel}","templated":true}]}}