{"id":27447,"date":"2021-07-03T17:44:45","date_gmt":"2021-07-03T15:44:45","guid":{"rendered":"https:\/\/blog.brand-architecture.at\/2021\/07\/03\/werner-dettenthaler-wordt-regionaal-directeur-bij-gebruder-weiss\/"},"modified":"2025-12-15T13:09:59","modified_gmt":"2025-12-15T12:09:59","slug":"werner-dettenthaler-wordt-regionaal-directeur-bij-gebruder-weiss","status":"publish","type":"post","link":"https:\/\/loginfo24.com\/nl\/2021\/07\/03\/werner-dettenthaler-wordt-regionaal-directeur-bij-gebruder-weiss\/","title":{"rendered":"Werner Dettenthaler wordt regionaal directeur bij Gebr\u00fcder Weiss"},"content":{"rendered":"<p>Per 1 juli neemt Werner Dettenthaler de regionale leiding Landverkeer in Duitsland over bij de logistieke dienstverlener Gebr\u00fcder Weiss. Hij moet de groeidoelstellingen van de Oostenrijkse logistieke groep in Duitsland bevorderen. Dettenthaler was daarvoor jarenlang werkzaam bij de Geis Groep in vergelijkbare functies.<\/p>\n<p>(N\u00fcrnberg\/Lauterach) Werner Dettenthaler (54) neemt per 1 juli 2021 de regionale leiding Duitsland in het gebied Landverkeer over bij Gebr\u00fcder Weiss. &#8220;Met Werner Dettenthaler hebben we een specialist in het transport- en logistiekbedrijf aan boord gehaald, die ons zal ondersteunen bij de uitvoering van onze groeidoelstellingen in Duitsland met zijn uitstekende branchekennis,&#8221; aldus J\u00fcrgen Bauer, lid van de directie van Gebr\u00fcder Weiss. Hij volgt op deze positie de jarenlang bij Gebr\u00fcder Weiss werkzame manager Anton Hagg op, die vorig jaar is overleden.<\/p>\n<h5><strong>Jarenlange ervaring in de sector<\/strong><\/h5>\n<p>Voor zijn taken brengt de van oorsprong Frankische Dettenthaler meer dan 30 jaar werkervaring in leidinggevende posities bij gerenommeerde transportbedrijven mee. Laatstelijk was Werner Dettenthaler werkzaam in de directie van de internationaal opererende Greis Groep. Gebr\u00fcder Weiss beschikt in Zuid-Duitsland over een dicht netwerk van eigen landverkeerslocaties \u2013 van Esslingen, Aldingen, Lindau, Memmingen, N\u00fcrnberg tot Passau. Naast groeps- en directe transporten per vrachtwagen organiseert de dienstverlener spoortransporten en ontwikkelt hij voor zijn klanten individuele logistieke oplossingen. Hiervoor zijn ongeveer 100.000 vierkante meter opslag- en overslagruimte beschikbaar. In totaal heeft Gebr\u00fcder Weiss in het landverkeer 740 medewerkers in Duitsland.<br \/>Foto: \u00a9 Gebr\u00fcder Weiss; Christian Horn \/ <strong><em>Bijschrift:<\/em><\/strong><em> Werner Dettenthaler<\/em><\/p>\n","protected":false},"excerpt":{"rendered":"<p>Per 1 juli neemt Werner Dettenthaler de regionale leiding Landverkeer in Duitsland over bij de logistieke dienstverlener Gebr\u00fcder Weiss. Hij moet de groeidoelstellingen van de Oostenrijkse<span class=\"excerpt-hellip\"> [\u2026]<\/span><\/p>\n","protected":false},"author":0,"featured_media":0,"comment_status":"open","ping_status":"open","sticky":false,"template":"","format":"standard","meta":{"_acf_changed":false,"footnotes":""},"categories":[1557,1556,1561],"tags":[],"class_list":["post-27447","post","type-post","status-publish","format-standard","hentry","category-forwarding-logistics","category-intermodal-road","category-regions"],"acf":[],"yoast_head":"<!-- This site is optimized with the Yoast SEO plugin v27.3 - https:\/\/yoast.com\/product\/yoast-seo-wordpress\/ -->\n<title>Werner Dettenthaler wordt regionaal directeur bij Gebr\u00fcder Weiss - Loginfo24<\/title>\n<meta name=\"robots\" content=\"index, follow, max-snippet:-1, max-image-preview:large, max-video-preview:-1\" \/>\n<link rel=\"canonical\" href=\"https:\/\/loginfo24.com\/nl\/2021\/07\/03\/werner-dettenthaler-wordt-regionaal-directeur-bij-gebruder-weiss\/\" \/>\n<meta property=\"og:locale\" content=\"nl_NL\" \/>\n<meta property=\"og:type\" content=\"article\" \/>\n<meta property=\"og:title\" content=\"Werner Dettenthaler wordt regionaal directeur bij Gebr\u00fcder Weiss - Loginfo24\" \/>\n<meta property=\"og:description\" content=\"Per 1 juli neemt Werner Dettenthaler de regionale leiding Landverkeer in Duitsland over bij de logistieke dienstverlener Gebr\u00fcder Weiss. Hij moet de groeidoelstellingen van de Oostenrijkse [\u2026]\" \/>\n<meta property=\"og:url\" content=\"https:\/\/loginfo24.com\/nl\/2021\/07\/03\/werner-dettenthaler-wordt-regionaal-directeur-bij-gebruder-weiss\/\" \/>\n<meta property=\"og:site_name\" content=\"Loginfo24\" \/>\n<meta property=\"article:publisher\" content=\"https:\/\/www.facebook.com\/people\/Loginfo24\/100057360583332\/\" \/>\n<meta property=\"article:published_time\" content=\"2021-07-03T15:44:45+00:00\" \/>\n<meta property=\"article:modified_time\" content=\"2025-12-15T12:09:59+00:00\" \/>\n<meta name=\"twitter:card\" content=\"summary_large_image\" \/>\n<meta name=\"twitter:label1\" content=\"Geschatte leestijd\" \/>\n\t<meta name=\"twitter:data1\" content=\"1 minuut\" \/>\n<script type=\"application\/ld+json\" class=\"yoast-schema-graph\">{\"@context\":\"https:\\\/\\\/schema.org\",\"@graph\":[{\"@type\":\"Article\",\"@id\":\"https:\\\/\\\/loginfo24.com\\\/nl\\\/2021\\\/07\\\/03\\\/werner-dettenthaler-wordt-regionaal-directeur-bij-gebruder-weiss\\\/#article\",\"isPartOf\":{\"@id\":\"https:\\\/\\\/loginfo24.com\\\/nl\\\/2021\\\/07\\\/03\\\/werner-dettenthaler-wordt-regionaal-directeur-bij-gebruder-weiss\\\/\"},\"author\":{\"name\":\"\",\"@id\":\"\"},\"headline\":\"Werner Dettenthaler wordt regionaal directeur bij Gebr\u00fcder Weiss\",\"datePublished\":\"2021-07-03T15:44:45+00:00\",\"dateModified\":\"2025-12-15T12:09:59+00:00\",\"mainEntityOfPage\":{\"@id\":\"https:\\\/\\\/loginfo24.com\\\/nl\\\/2021\\\/07\\\/03\\\/werner-dettenthaler-wordt-regionaal-directeur-bij-gebruder-weiss\\\/\"},\"wordCount\":248,\"commentCount\":0,\"publisher\":{\"@id\":\"https:\\\/\\\/loginfo24.com\\\/nl\\\/#organization\"},\"articleSection\":[\"Forwarding &amp; Logistics\",\"Intermodal \\\/ Road\",\"Regions\"],\"inLanguage\":\"nl-NL\",\"potentialAction\":[{\"@type\":\"CommentAction\",\"name\":\"Comment\",\"target\":[\"https:\\\/\\\/loginfo24.com\\\/nl\\\/2021\\\/07\\\/03\\\/werner-dettenthaler-wordt-regionaal-directeur-bij-gebruder-weiss\\\/#respond\"]}]},{\"@type\":\"WebPage\",\"@id\":\"https:\\\/\\\/loginfo24.com\\\/nl\\\/2021\\\/07\\\/03\\\/werner-dettenthaler-wordt-regionaal-directeur-bij-gebruder-weiss\\\/\",\"url\":\"https:\\\/\\\/loginfo24.com\\\/nl\\\/2021\\\/07\\\/03\\\/werner-dettenthaler-wordt-regionaal-directeur-bij-gebruder-weiss\\\/\",\"name\":\"Werner Dettenthaler wordt regionaal directeur bij Gebr\u00fcder Weiss - Loginfo24\",\"isPartOf\":{\"@id\":\"https:\\\/\\\/loginfo24.com\\\/nl\\\/#website\"},\"datePublished\":\"2021-07-03T15:44:45+00:00\",\"dateModified\":\"2025-12-15T12:09:59+00:00\",\"breadcrumb\":{\"@id\":\"https:\\\/\\\/loginfo24.com\\\/nl\\\/2021\\\/07\\\/03\\\/werner-dettenthaler-wordt-regionaal-directeur-bij-gebruder-weiss\\\/#breadcrumb\"},\"inLanguage\":\"nl-NL\",\"potentialAction\":[{\"@type\":\"ReadAction\",\"target\":[\"https:\\\/\\\/loginfo24.com\\\/nl\\\/2021\\\/07\\\/03\\\/werner-dettenthaler-wordt-regionaal-directeur-bij-gebruder-weiss\\\/\"]}]},{\"@type\":\"BreadcrumbList\",\"@id\":\"https:\\\/\\\/loginfo24.com\\\/nl\\\/2021\\\/07\\\/03\\\/werner-dettenthaler-wordt-regionaal-directeur-bij-gebruder-weiss\\\/#breadcrumb\",\"itemListElement\":[{\"@type\":\"ListItem\",\"position\":1,\"name\":\"Startseite\",\"item\":\"https:\\\/\\\/loginfo24.com\\\/nl\\\/\"},{\"@type\":\"ListItem\",\"position\":2,\"name\":\"Werner Dettenthaler wordt regionaal directeur bij Gebr\u00fcder Weiss\"}]},{\"@type\":\"WebSite\",\"@id\":\"https:\\\/\\\/loginfo24.com\\\/nl\\\/#website\",\"url\":\"https:\\\/\\\/loginfo24.com\\\/nl\\\/\",\"name\":\"Loginfo24\",\"description\":\"Loginfo24 is het platform voor logistiek en toeleveringsketens en biedt 24 uur per dag informatie.\",\"publisher\":{\"@id\":\"https:\\\/\\\/loginfo24.com\\\/nl\\\/#organization\"},\"potentialAction\":[{\"@type\":\"SearchAction\",\"target\":{\"@type\":\"EntryPoint\",\"urlTemplate\":\"https:\\\/\\\/loginfo24.com\\\/nl\\\/?s={search_term_string}\"},\"query-input\":{\"@type\":\"PropertyValueSpecification\",\"valueRequired\":true,\"valueName\":\"search_term_string\"}}],\"inLanguage\":\"nl-NL\"},{\"@type\":\"Organization\",\"@id\":\"https:\\\/\\\/loginfo24.com\\\/nl\\\/#organization\",\"name\":\"Logismedia Groep AG\",\"url\":\"https:\\\/\\\/loginfo24.com\\\/nl\\\/\",\"logo\":{\"@type\":\"ImageObject\",\"inLanguage\":\"nl-NL\",\"@id\":\"https:\\\/\\\/loginfo24.com\\\/nl\\\/#\\\/schema\\\/logo\\\/image\\\/\",\"url\":\"https:\\\/\\\/loginfo24.com\\\/wp-content\\\/uploads\\\/sites\\\/7\\\/2026\\\/01\\\/Logo_LogInfo24.png\",\"contentUrl\":\"https:\\\/\\\/loginfo24.com\\\/wp-content\\\/uploads\\\/sites\\\/7\\\/2026\\\/01\\\/Logo_LogInfo24.png\",\"width\":938,\"height\":351,\"caption\":\"Logismedia Groep AG\"},\"image\":{\"@id\":\"https:\\\/\\\/loginfo24.com\\\/nl\\\/#\\\/schema\\\/logo\\\/image\\\/\"},\"sameAs\":[\"https:\\\/\\\/www.facebook.com\\\/people\\\/Loginfo24\\\/100057360583332\\\/\",\"https:\\\/\\\/www.linkedin.com\\\/company\\\/lofinfo24\\\/\"]}]}<\/script>\n<!-- \/ Yoast SEO plugin. -->","yoast_head_json":{"title":"Werner Dettenthaler wordt regionaal directeur bij Gebr\u00fcder Weiss - Loginfo24","robots":{"index":"index","follow":"follow","max-snippet":"max-snippet:-1","max-image-preview":"max-image-preview:large","max-video-preview":"max-video-preview:-1"},"canonical":"https:\/\/loginfo24.com\/nl\/2021\/07\/03\/werner-dettenthaler-wordt-regionaal-directeur-bij-gebruder-weiss\/","og_locale":"nl_NL","og_type":"article","og_title":"Werner Dettenthaler wordt regionaal directeur bij Gebr\u00fcder Weiss - Loginfo24","og_description":"Per 1 juli neemt Werner Dettenthaler de regionale leiding Landverkeer in Duitsland over bij de logistieke dienstverlener Gebr\u00fcder Weiss. Hij moet de groeidoelstellingen van de Oostenrijkse [\u2026]","og_url":"https:\/\/loginfo24.com\/nl\/2021\/07\/03\/werner-dettenthaler-wordt-regionaal-directeur-bij-gebruder-weiss\/","og_site_name":"Loginfo24","article_publisher":"https:\/\/www.facebook.com\/people\/Loginfo24\/100057360583332\/","article_published_time":"2021-07-03T15:44:45+00:00","article_modified_time":"2025-12-15T12:09:59+00:00","twitter_card":"summary_large_image","twitter_misc":{"Geschatte leestijd":"1 minuut"},"schema":{"@context":"https:\/\/schema.org","@graph":[{"@type":"Article","@id":"https:\/\/loginfo24.com\/nl\/2021\/07\/03\/werner-dettenthaler-wordt-regionaal-directeur-bij-gebruder-weiss\/#article","isPartOf":{"@id":"https:\/\/loginfo24.com\/nl\/2021\/07\/03\/werner-dettenthaler-wordt-regionaal-directeur-bij-gebruder-weiss\/"},"author":{"name":"","@id":""},"headline":"Werner Dettenthaler wordt regionaal directeur bij Gebr\u00fcder Weiss","datePublished":"2021-07-03T15:44:45+00:00","dateModified":"2025-12-15T12:09:59+00:00","mainEntityOfPage":{"@id":"https:\/\/loginfo24.com\/nl\/2021\/07\/03\/werner-dettenthaler-wordt-regionaal-directeur-bij-gebruder-weiss\/"},"wordCount":248,"commentCount":0,"publisher":{"@id":"https:\/\/loginfo24.com\/nl\/#organization"},"articleSection":["Forwarding &amp; Logistics","Intermodal \/ Road","Regions"],"inLanguage":"nl-NL","potentialAction":[{"@type":"CommentAction","name":"Comment","target":["https:\/\/loginfo24.com\/nl\/2021\/07\/03\/werner-dettenthaler-wordt-regionaal-directeur-bij-gebruder-weiss\/#respond"]}]},{"@type":"WebPage","@id":"https:\/\/loginfo24.com\/nl\/2021\/07\/03\/werner-dettenthaler-wordt-regionaal-directeur-bij-gebruder-weiss\/","url":"https:\/\/loginfo24.com\/nl\/2021\/07\/03\/werner-dettenthaler-wordt-regionaal-directeur-bij-gebruder-weiss\/","name":"Werner Dettenthaler wordt regionaal directeur bij Gebr\u00fcder Weiss - Loginfo24","isPartOf":{"@id":"https:\/\/loginfo24.com\/nl\/#website"},"datePublished":"2021-07-03T15:44:45+00:00","dateModified":"2025-12-15T12:09:59+00:00","breadcrumb":{"@id":"https:\/\/loginfo24.com\/nl\/2021\/07\/03\/werner-dettenthaler-wordt-regionaal-directeur-bij-gebruder-weiss\/#breadcrumb"},"inLanguage":"nl-NL","potentialAction":[{"@type":"ReadAction","target":["https:\/\/loginfo24.com\/nl\/2021\/07\/03\/werner-dettenthaler-wordt-regionaal-directeur-bij-gebruder-weiss\/"]}]},{"@type":"BreadcrumbList","@id":"https:\/\/loginfo24.com\/nl\/2021\/07\/03\/werner-dettenthaler-wordt-regionaal-directeur-bij-gebruder-weiss\/#breadcrumb","itemListElement":[{"@type":"ListItem","position":1,"name":"Startseite","item":"https:\/\/loginfo24.com\/nl\/"},{"@type":"ListItem","position":2,"name":"Werner Dettenthaler wordt regionaal directeur bij Gebr\u00fcder Weiss"}]},{"@type":"WebSite","@id":"https:\/\/loginfo24.com\/nl\/#website","url":"https:\/\/loginfo24.com\/nl\/","name":"Loginfo24","description":"Loginfo24 is het platform voor logistiek en toeleveringsketens en biedt 24 uur per dag informatie.","publisher":{"@id":"https:\/\/loginfo24.com\/nl\/#organization"},"potentialAction":[{"@type":"SearchAction","target":{"@type":"EntryPoint","urlTemplate":"https:\/\/loginfo24.com\/nl\/?s={search_term_string}"},"query-input":{"@type":"PropertyValueSpecification","valueRequired":true,"valueName":"search_term_string"}}],"inLanguage":"nl-NL"},{"@type":"Organization","@id":"https:\/\/loginfo24.com\/nl\/#organization","name":"Logismedia Groep AG","url":"https:\/\/loginfo24.com\/nl\/","logo":{"@type":"ImageObject","inLanguage":"nl-NL","@id":"https:\/\/loginfo24.com\/nl\/#\/schema\/logo\/image\/","url":"https:\/\/loginfo24.com\/wp-content\/uploads\/sites\/7\/2026\/01\/Logo_LogInfo24.png","contentUrl":"https:\/\/loginfo24.com\/wp-content\/uploads\/sites\/7\/2026\/01\/Logo_LogInfo24.png","width":938,"height":351,"caption":"Logismedia Groep AG"},"image":{"@id":"https:\/\/loginfo24.com\/nl\/#\/schema\/logo\/image\/"},"sameAs":["https:\/\/www.facebook.com\/people\/Loginfo24\/100057360583332\/","https:\/\/www.linkedin.com\/company\/lofinfo24\/"]}]}},"_links":{"self":[{"href":"https:\/\/loginfo24.com\/nl\/wp-json\/wp\/v2\/posts\/27447","targetHints":{"allow":["GET"]}}],"collection":[{"href":"https:\/\/loginfo24.com\/nl\/wp-json\/wp\/v2\/posts"}],"about":[{"href":"https:\/\/loginfo24.com\/nl\/wp-json\/wp\/v2\/types\/post"}],"replies":[{"embeddable":true,"href":"https:\/\/loginfo24.com\/nl\/wp-json\/wp\/v2\/comments?post=27447"}],"version-history":[{"count":1,"href":"https:\/\/loginfo24.com\/nl\/wp-json\/wp\/v2\/posts\/27447\/revisions"}],"predecessor-version":[{"id":49158,"href":"https:\/\/loginfo24.com\/nl\/wp-json\/wp\/v2\/posts\/27447\/revisions\/49158"}],"wp:attachment":[{"href":"https:\/\/loginfo24.com\/nl\/wp-json\/wp\/v2\/media?parent=27447"}],"wp:term":[{"taxonomy":"category","embeddable":true,"href":"https:\/\/loginfo24.com\/nl\/wp-json\/wp\/v2\/categories?post=27447"},{"taxonomy":"post_tag","embeddable":true,"href":"https:\/\/loginfo24.com\/nl\/wp-json\/wp\/v2\/tags?post=27447"}],"curies":[{"name":"wp","href":"https:\/\/api.w.org\/{rel}","templated":true}]}}