{"id":18652,"date":"2020-07-21T07:01:49","date_gmt":"2020-07-21T05:01:49","guid":{"rendered":"https:\/\/blog.brand-architecture.at\/2020\/07\/21\/het-nieuwe-amazon-logistiekcentrum-in-sulzetal-start-begin-augustus\/"},"modified":"2025-12-15T12:32:12","modified_gmt":"2025-12-15T11:32:12","slug":"het-nieuwe-amazon-logistiekcentrum-in-sulzetal-start-begin-augustus","status":"publish","type":"post","link":"https:\/\/loginfo24.com\/nl\/2020\/07\/21\/het-nieuwe-amazon-logistiekcentrum-in-sulzetal-start-begin-augustus\/","title":{"rendered":"Het nieuwe Amazon logistiekcentrum in S\u00fclzetal start begin augustus"},"content":{"rendered":"<p>Binnenkort is het zover, het nieuwe Amazon logistiekcentrum in S\u00fclzetal bij Magdeburg gaat van start. Vanaf 3 augustus gaat het logistiek. In totaal zullen ongeveer 1.000 medewerkers hier een werkplek vinden. We beginnen met ongeveer 170 personen. Op piekdagen zullen tot 100.000 pakketten het magazijn verlaten. De focus ligt op grotere artikelen, zoals tuingereedschap.<\/p>\n<p>(S\u00fclzetal) Het Amazon-logo hangt en de technici werken aan de transporttechniek: In het nieuwe Amazon logistiekcentrum S\u00fclzetal bij Magdeburg is de start-teller begonnen. Al vanaf 3 augustus 2020 worden daar klantbestellingen verwerkt.<\/p>\n<p>De pakketten uit S\u00fclzetal gaan naar klanten in de regio en uit heel Europa. Op piekdagen zullen er meer dan 100.000 pakketten vanuit het logistiekcentrum in S\u00fclzetal worden verzonden. Voordat het zover is, wordt er nog aan de techniek en de processen gewerkt, en wordt de goederen opgeslagen. In S\u00fclzetal zijn er ongeveer 13.200 palletplaatsen in de hoogbouw. Het logistiekcentrum richt zich op grotere artikelen zoals tuingereedschap of grote verpakkingen. De producten worden in de hoogbouw individueel of op pallets opgeslagen. In totaal is er 97.000 m\u00b2 aan oppervlakte beschikbaar. Dat komt overeen met de grootte van 13 voetbalvelden.<\/p>\n<h5><strong>Tot 1.000 medewerkers<\/strong><\/h5>\n<p>Ongeveer 1.000 medewerkers zullen ervoor zorgen dat de Amazon-bestellingen op tijd aankomen. Bij de start zullen er ongeveer 170 zijn, in de tweede week van de operatie zal het team al groeien tot meer dan 400 en vervolgens geleidelijk verder worden uitgebreid.<\/p>\n<p>Voor de regio is de vestiging van Amazon nu al een belangrijke economische factor geworden. &#8220;Ik ben dankbaar dat een groot bedrijf zoals Amazon zich hier bij ons heeft gevestigd,&#8221; zegt J\u00f6rg Methner, burgemeester van S\u00fclzetal: &#8220;Het is belangrijk dat er werkgelegenheid wordt gecre\u00eberd. Ook ben ik dankbaar dat de gemeentebelasting hier in onze eenheidsgemeente blijft. Hier zouden enkele bedrijven een voorbeeld aan moeten nemen.&#8221;<\/p>\n<h5><strong>Een teken voor de Landkreis B\u00f6rde<\/strong><\/h5>\n<p>De nieuwe Amazon-locatie zet een sterk teken in de Landkreis, constateert Martin Stichnoth, landraad van B\u00f6rde. &#8220;De investering in onze regio is, vooral in deze bijzondere situatie, een verrijking voor de regionale arbeidsmarkt en de algehele economische ontwikkeling in de Landkreis B\u00f6rde.&#8221;<\/p>\n<p>Verzendmedewerkers in S\u00fclzetal beginnen met een instapbasisloon van omstreeks 11,66 euro bruto per uur. Teamleiders beginnen met een uurloon van 17,07 euro bruto. Bij het basisloon komen nog extra voordelen zoals een gratis levens- en arbeidsongeschiktheidsverzekering en een bedrijfspensioen.<\/p>\n<p>Foto: \u00a9 Amazon Logistik Holger Peters<\/p>\n<p>Bron:  <a href=\"https:\/\/blog.aboutamazon.de\/logistikzentren\/\" target=\"_blank\" rel=\"noopener noreferrer\"><strong>Amazon Logistik Blog<\/strong><\/a> \/ Irmgard Jarosch<\/p>\n","protected":false},"excerpt":{"rendered":"<p>Binnenkort is het zover, het nieuwe Amazon logistiekcentrum in S\u00fclzetal bij Magdeburg gaat van start. Vanaf 3 augustus gaat het logistiek. In totaal zullen ongeveer 1.000<span class=\"excerpt-hellip\"> [\u2026]<\/span><\/p>\n","protected":false},"author":0,"featured_media":0,"comment_status":"open","ping_status":"open","sticky":false,"template":"","format":"standard","meta":{"_acf_changed":false,"footnotes":""},"categories":[1557,1560,1561],"tags":[],"class_list":["post-18652","post","type-post","status-publish","format-standard","hentry","category-forwarding-logistics","category-intralogistics","category-regions"],"acf":[],"yoast_head":"<!-- This site is optimized with the Yoast SEO plugin v27.3 - https:\/\/yoast.com\/product\/yoast-seo-wordpress\/ -->\n<title>Het nieuwe Amazon logistiekcentrum in S\u00fclzetal start begin augustus - Loginfo24<\/title>\n<meta name=\"robots\" content=\"index, follow, max-snippet:-1, max-image-preview:large, max-video-preview:-1\" \/>\n<link rel=\"canonical\" href=\"https:\/\/loginfo24.com\/nl\/2020\/07\/21\/het-nieuwe-amazon-logistiekcentrum-in-sulzetal-start-begin-augustus\/\" \/>\n<meta property=\"og:locale\" content=\"nl_NL\" \/>\n<meta property=\"og:type\" content=\"article\" \/>\n<meta property=\"og:title\" content=\"Het nieuwe Amazon logistiekcentrum in S\u00fclzetal start begin augustus - Loginfo24\" \/>\n<meta property=\"og:description\" content=\"Binnenkort is het zover, het nieuwe Amazon logistiekcentrum in S\u00fclzetal bij Magdeburg gaat van start. Vanaf 3 augustus gaat het logistiek. In totaal zullen ongeveer 1.000 [\u2026]\" \/>\n<meta property=\"og:url\" content=\"https:\/\/loginfo24.com\/nl\/2020\/07\/21\/het-nieuwe-amazon-logistiekcentrum-in-sulzetal-start-begin-augustus\/\" \/>\n<meta property=\"og:site_name\" content=\"Loginfo24\" \/>\n<meta property=\"article:publisher\" content=\"https:\/\/www.facebook.com\/people\/Loginfo24\/100057360583332\/\" \/>\n<meta property=\"article:published_time\" content=\"2020-07-21T05:01:49+00:00\" \/>\n<meta property=\"article:modified_time\" content=\"2025-12-15T11:32:12+00:00\" \/>\n<meta name=\"twitter:card\" content=\"summary_large_image\" \/>\n<meta name=\"twitter:label1\" content=\"Geschatte leestijd\" \/>\n\t<meta name=\"twitter:data1\" content=\"2 minuut\" \/>\n<script type=\"application\/ld+json\" class=\"yoast-schema-graph\">{\"@context\":\"https:\\\/\\\/schema.org\",\"@graph\":[{\"@type\":\"Article\",\"@id\":\"https:\\\/\\\/loginfo24.com\\\/nl\\\/2020\\\/07\\\/21\\\/het-nieuwe-amazon-logistiekcentrum-in-sulzetal-start-begin-augustus\\\/#article\",\"isPartOf\":{\"@id\":\"https:\\\/\\\/loginfo24.com\\\/nl\\\/2020\\\/07\\\/21\\\/het-nieuwe-amazon-logistiekcentrum-in-sulzetal-start-begin-augustus\\\/\"},\"author\":{\"name\":\"\",\"@id\":\"\"},\"headline\":\"Het nieuwe Amazon logistiekcentrum in S\u00fclzetal start begin augustus\",\"datePublished\":\"2020-07-21T05:01:49+00:00\",\"dateModified\":\"2025-12-15T11:32:12+00:00\",\"mainEntityOfPage\":{\"@id\":\"https:\\\/\\\/loginfo24.com\\\/nl\\\/2020\\\/07\\\/21\\\/het-nieuwe-amazon-logistiekcentrum-in-sulzetal-start-begin-augustus\\\/\"},\"wordCount\":400,\"commentCount\":0,\"publisher\":{\"@id\":\"https:\\\/\\\/loginfo24.com\\\/nl\\\/#organization\"},\"articleSection\":[\"Forwarding &amp; Logistics\",\"Intralogistics\",\"Regions\"],\"inLanguage\":\"nl-NL\",\"potentialAction\":[{\"@type\":\"CommentAction\",\"name\":\"Comment\",\"target\":[\"https:\\\/\\\/loginfo24.com\\\/nl\\\/2020\\\/07\\\/21\\\/het-nieuwe-amazon-logistiekcentrum-in-sulzetal-start-begin-augustus\\\/#respond\"]}]},{\"@type\":\"WebPage\",\"@id\":\"https:\\\/\\\/loginfo24.com\\\/nl\\\/2020\\\/07\\\/21\\\/het-nieuwe-amazon-logistiekcentrum-in-sulzetal-start-begin-augustus\\\/\",\"url\":\"https:\\\/\\\/loginfo24.com\\\/nl\\\/2020\\\/07\\\/21\\\/het-nieuwe-amazon-logistiekcentrum-in-sulzetal-start-begin-augustus\\\/\",\"name\":\"Het nieuwe Amazon logistiekcentrum in S\u00fclzetal start begin augustus - Loginfo24\",\"isPartOf\":{\"@id\":\"https:\\\/\\\/loginfo24.com\\\/nl\\\/#website\"},\"datePublished\":\"2020-07-21T05:01:49+00:00\",\"dateModified\":\"2025-12-15T11:32:12+00:00\",\"breadcrumb\":{\"@id\":\"https:\\\/\\\/loginfo24.com\\\/nl\\\/2020\\\/07\\\/21\\\/het-nieuwe-amazon-logistiekcentrum-in-sulzetal-start-begin-augustus\\\/#breadcrumb\"},\"inLanguage\":\"nl-NL\",\"potentialAction\":[{\"@type\":\"ReadAction\",\"target\":[\"https:\\\/\\\/loginfo24.com\\\/nl\\\/2020\\\/07\\\/21\\\/het-nieuwe-amazon-logistiekcentrum-in-sulzetal-start-begin-augustus\\\/\"]}]},{\"@type\":\"BreadcrumbList\",\"@id\":\"https:\\\/\\\/loginfo24.com\\\/nl\\\/2020\\\/07\\\/21\\\/het-nieuwe-amazon-logistiekcentrum-in-sulzetal-start-begin-augustus\\\/#breadcrumb\",\"itemListElement\":[{\"@type\":\"ListItem\",\"position\":1,\"name\":\"Startseite\",\"item\":\"https:\\\/\\\/loginfo24.com\\\/nl\\\/\"},{\"@type\":\"ListItem\",\"position\":2,\"name\":\"Het nieuwe Amazon logistiekcentrum in S\u00fclzetal start begin augustus\"}]},{\"@type\":\"WebSite\",\"@id\":\"https:\\\/\\\/loginfo24.com\\\/nl\\\/#website\",\"url\":\"https:\\\/\\\/loginfo24.com\\\/nl\\\/\",\"name\":\"Loginfo24\",\"description\":\"Loginfo24 is het platform voor logistiek en toeleveringsketens en biedt 24 uur per dag informatie.\",\"publisher\":{\"@id\":\"https:\\\/\\\/loginfo24.com\\\/nl\\\/#organization\"},\"potentialAction\":[{\"@type\":\"SearchAction\",\"target\":{\"@type\":\"EntryPoint\",\"urlTemplate\":\"https:\\\/\\\/loginfo24.com\\\/nl\\\/?s={search_term_string}\"},\"query-input\":{\"@type\":\"PropertyValueSpecification\",\"valueRequired\":true,\"valueName\":\"search_term_string\"}}],\"inLanguage\":\"nl-NL\"},{\"@type\":\"Organization\",\"@id\":\"https:\\\/\\\/loginfo24.com\\\/nl\\\/#organization\",\"name\":\"Logismedia Groep AG\",\"url\":\"https:\\\/\\\/loginfo24.com\\\/nl\\\/\",\"logo\":{\"@type\":\"ImageObject\",\"inLanguage\":\"nl-NL\",\"@id\":\"https:\\\/\\\/loginfo24.com\\\/nl\\\/#\\\/schema\\\/logo\\\/image\\\/\",\"url\":\"https:\\\/\\\/loginfo24.com\\\/wp-content\\\/uploads\\\/sites\\\/7\\\/2026\\\/01\\\/Logo_LogInfo24.png\",\"contentUrl\":\"https:\\\/\\\/loginfo24.com\\\/wp-content\\\/uploads\\\/sites\\\/7\\\/2026\\\/01\\\/Logo_LogInfo24.png\",\"width\":938,\"height\":351,\"caption\":\"Logismedia Groep AG\"},\"image\":{\"@id\":\"https:\\\/\\\/loginfo24.com\\\/nl\\\/#\\\/schema\\\/logo\\\/image\\\/\"},\"sameAs\":[\"https:\\\/\\\/www.facebook.com\\\/people\\\/Loginfo24\\\/100057360583332\\\/\",\"https:\\\/\\\/www.linkedin.com\\\/company\\\/lofinfo24\\\/\"]}]}<\/script>\n<!-- \/ Yoast SEO plugin. -->","yoast_head_json":{"title":"Het nieuwe Amazon logistiekcentrum in S\u00fclzetal start begin augustus - Loginfo24","robots":{"index":"index","follow":"follow","max-snippet":"max-snippet:-1","max-image-preview":"max-image-preview:large","max-video-preview":"max-video-preview:-1"},"canonical":"https:\/\/loginfo24.com\/nl\/2020\/07\/21\/het-nieuwe-amazon-logistiekcentrum-in-sulzetal-start-begin-augustus\/","og_locale":"nl_NL","og_type":"article","og_title":"Het nieuwe Amazon logistiekcentrum in S\u00fclzetal start begin augustus - Loginfo24","og_description":"Binnenkort is het zover, het nieuwe Amazon logistiekcentrum in S\u00fclzetal bij Magdeburg gaat van start. Vanaf 3 augustus gaat het logistiek. In totaal zullen ongeveer 1.000 [\u2026]","og_url":"https:\/\/loginfo24.com\/nl\/2020\/07\/21\/het-nieuwe-amazon-logistiekcentrum-in-sulzetal-start-begin-augustus\/","og_site_name":"Loginfo24","article_publisher":"https:\/\/www.facebook.com\/people\/Loginfo24\/100057360583332\/","article_published_time":"2020-07-21T05:01:49+00:00","article_modified_time":"2025-12-15T11:32:12+00:00","twitter_card":"summary_large_image","twitter_misc":{"Geschatte leestijd":"2 minuut"},"schema":{"@context":"https:\/\/schema.org","@graph":[{"@type":"Article","@id":"https:\/\/loginfo24.com\/nl\/2020\/07\/21\/het-nieuwe-amazon-logistiekcentrum-in-sulzetal-start-begin-augustus\/#article","isPartOf":{"@id":"https:\/\/loginfo24.com\/nl\/2020\/07\/21\/het-nieuwe-amazon-logistiekcentrum-in-sulzetal-start-begin-augustus\/"},"author":{"name":"","@id":""},"headline":"Het nieuwe Amazon logistiekcentrum in S\u00fclzetal start begin augustus","datePublished":"2020-07-21T05:01:49+00:00","dateModified":"2025-12-15T11:32:12+00:00","mainEntityOfPage":{"@id":"https:\/\/loginfo24.com\/nl\/2020\/07\/21\/het-nieuwe-amazon-logistiekcentrum-in-sulzetal-start-begin-augustus\/"},"wordCount":400,"commentCount":0,"publisher":{"@id":"https:\/\/loginfo24.com\/nl\/#organization"},"articleSection":["Forwarding &amp; Logistics","Intralogistics","Regions"],"inLanguage":"nl-NL","potentialAction":[{"@type":"CommentAction","name":"Comment","target":["https:\/\/loginfo24.com\/nl\/2020\/07\/21\/het-nieuwe-amazon-logistiekcentrum-in-sulzetal-start-begin-augustus\/#respond"]}]},{"@type":"WebPage","@id":"https:\/\/loginfo24.com\/nl\/2020\/07\/21\/het-nieuwe-amazon-logistiekcentrum-in-sulzetal-start-begin-augustus\/","url":"https:\/\/loginfo24.com\/nl\/2020\/07\/21\/het-nieuwe-amazon-logistiekcentrum-in-sulzetal-start-begin-augustus\/","name":"Het nieuwe Amazon logistiekcentrum in S\u00fclzetal start begin augustus - Loginfo24","isPartOf":{"@id":"https:\/\/loginfo24.com\/nl\/#website"},"datePublished":"2020-07-21T05:01:49+00:00","dateModified":"2025-12-15T11:32:12+00:00","breadcrumb":{"@id":"https:\/\/loginfo24.com\/nl\/2020\/07\/21\/het-nieuwe-amazon-logistiekcentrum-in-sulzetal-start-begin-augustus\/#breadcrumb"},"inLanguage":"nl-NL","potentialAction":[{"@type":"ReadAction","target":["https:\/\/loginfo24.com\/nl\/2020\/07\/21\/het-nieuwe-amazon-logistiekcentrum-in-sulzetal-start-begin-augustus\/"]}]},{"@type":"BreadcrumbList","@id":"https:\/\/loginfo24.com\/nl\/2020\/07\/21\/het-nieuwe-amazon-logistiekcentrum-in-sulzetal-start-begin-augustus\/#breadcrumb","itemListElement":[{"@type":"ListItem","position":1,"name":"Startseite","item":"https:\/\/loginfo24.com\/nl\/"},{"@type":"ListItem","position":2,"name":"Het nieuwe Amazon logistiekcentrum in S\u00fclzetal start begin augustus"}]},{"@type":"WebSite","@id":"https:\/\/loginfo24.com\/nl\/#website","url":"https:\/\/loginfo24.com\/nl\/","name":"Loginfo24","description":"Loginfo24 is het platform voor logistiek en toeleveringsketens en biedt 24 uur per dag informatie.","publisher":{"@id":"https:\/\/loginfo24.com\/nl\/#organization"},"potentialAction":[{"@type":"SearchAction","target":{"@type":"EntryPoint","urlTemplate":"https:\/\/loginfo24.com\/nl\/?s={search_term_string}"},"query-input":{"@type":"PropertyValueSpecification","valueRequired":true,"valueName":"search_term_string"}}],"inLanguage":"nl-NL"},{"@type":"Organization","@id":"https:\/\/loginfo24.com\/nl\/#organization","name":"Logismedia Groep AG","url":"https:\/\/loginfo24.com\/nl\/","logo":{"@type":"ImageObject","inLanguage":"nl-NL","@id":"https:\/\/loginfo24.com\/nl\/#\/schema\/logo\/image\/","url":"https:\/\/loginfo24.com\/wp-content\/uploads\/sites\/7\/2026\/01\/Logo_LogInfo24.png","contentUrl":"https:\/\/loginfo24.com\/wp-content\/uploads\/sites\/7\/2026\/01\/Logo_LogInfo24.png","width":938,"height":351,"caption":"Logismedia Groep AG"},"image":{"@id":"https:\/\/loginfo24.com\/nl\/#\/schema\/logo\/image\/"},"sameAs":["https:\/\/www.facebook.com\/people\/Loginfo24\/100057360583332\/","https:\/\/www.linkedin.com\/company\/lofinfo24\/"]}]}},"_links":{"self":[{"href":"https:\/\/loginfo24.com\/nl\/wp-json\/wp\/v2\/posts\/18652","targetHints":{"allow":["GET"]}}],"collection":[{"href":"https:\/\/loginfo24.com\/nl\/wp-json\/wp\/v2\/posts"}],"about":[{"href":"https:\/\/loginfo24.com\/nl\/wp-json\/wp\/v2\/types\/post"}],"replies":[{"embeddable":true,"href":"https:\/\/loginfo24.com\/nl\/wp-json\/wp\/v2\/comments?post=18652"}],"version-history":[{"count":1,"href":"https:\/\/loginfo24.com\/nl\/wp-json\/wp\/v2\/posts\/18652\/revisions"}],"predecessor-version":[{"id":33626,"href":"https:\/\/loginfo24.com\/nl\/wp-json\/wp\/v2\/posts\/18652\/revisions\/33626"}],"wp:attachment":[{"href":"https:\/\/loginfo24.com\/nl\/wp-json\/wp\/v2\/media?parent=18652"}],"wp:term":[{"taxonomy":"category","embeddable":true,"href":"https:\/\/loginfo24.com\/nl\/wp-json\/wp\/v2\/categories?post=18652"},{"taxonomy":"post_tag","embeddable":true,"href":"https:\/\/loginfo24.com\/nl\/wp-json\/wp\/v2\/tags?post=18652"}],"curies":[{"name":"wp","href":"https:\/\/api.w.org\/{rel}","templated":true}]}}