{"id":79801,"date":"2026-05-01T15:42:26","date_gmt":"2026-05-01T15:42:26","guid":{"rendered":"https:\/\/loginfo24.com\/2026\/05\/01\/sgkv-pubblica-il-rapporto-statistico-2025-per-i-membri\/"},"modified":"2026-05-01T15:42:26","modified_gmt":"2026-05-01T15:42:26","slug":"sgkv-pubblica-il-rapporto-statistico-2025-per-i-membri","status":"publish","type":"post","link":"https:\/\/loginfo24.com\/it\/2026\/05\/01\/sgkv-pubblica-il-rapporto-statistico-2025-per-i-membri\/","title":{"rendered":"SGKV pubblica il rapporto statistico 2025 per i membri"},"content":{"rendered":"<p>La Societ\u00e0 di Studi per il Trasporto Combinato (SGKV e.V.) ha pubblicato il suo attuale rapporto statistico &#8222;Numeri e Fatti 2025&#8220;, che \u00e8 ora accessibile ai membri. Il rapporto offre analisi complete basate su statistiche ufficiali ed \u00e8 consultabile sul sito web della SGKV all&#8217;indirizzo sgkv.de\/publikationen\/zahlen-und-fakten\/. Per il grande pubblico, il rapporto sar\u00e0 disponibile presumibilmente a met\u00e0 giugno 2026.<\/p>\n<h3>Punti focali del rapporto<\/h3>\n<p>Il rapporto statistico analizza sia il trasporto combinato su rotaia che quello via acqua, oltre al trasporto merci totale in Germania per l&#8217;anno 2025. Oltre alle statistiche ufficiali, il rapporto contiene anche previsioni sull&#8217;evoluzione dei volumi e delle prestazioni per il trasporto merci totale e il trasporto combinato. Due escursioni speciali offrono ulteriori approfondimenti: la prima tratta del consumo energetico totale di un trasporto container da Basilea a Rotterdam e confronta graficamente i diversi mezzi di trasporto. La seconda escursione si occupa delle esigenze di finanziamento previste per la sostituzione infrastrutturale, nonch\u00e9 per la costruzione e l&#8217;ampliamento di terminal KV fino al 2033, basandosi su un sondaggio della SGKV del 2025.<\/p>\n<h3>Sviluppi attuali nel trasporto merci<\/h3>\n<p>In anticipo sono state presentate tre scoperte centrali sul trasporto merci e il trasporto combinato in Germania. Nel 2025, quasi tutti i settori del trasporto merci hanno registrato cali, ad eccezione del trasporto marittimo. Il trasporto combinato stesso ha subito un calo sia nel volume di trasporto (-1,6%) che nella prestazione di trasporto (-1,4%) rispetto all&#8217;anno precedente, a causa della situazione economica generale. Tuttavia, secondo la &#8222;Previsione a medio termine mobile&#8220; di Intraplan Consult e BALM, il trasporto combinato su rotaia continua a essere considerato un motore di crescita nel trasporto merci su rotaia. Fino al 2029 si prevede un aumento del 3,0% nel volume di traffico e del 3,2% nella prestazione di traffico nel KV su rotaia in Germania.<\/p>\n<p>La pubblicazione del rapporto offre ai membri della SGKV informazioni preziose sulla situazione attuale e sugli sviluppi futuri nel settore del trasporto combinato e del trasporto merci in generale.<\/p>\n<p><a href=\"http:\/\/www.sgkv.de\" target=\"_blank\" rel=\"noopener noreferrer\">www.sgkv.de<\/a><\/p>\n","protected":false},"excerpt":{"rendered":"<p>La SGKV e.V. ha pubblicato il rapporto statistico &#8220;Numeri e fatti 2025&#8221;, che offre analisi complete sul trasporto combinato e sul trasporto merci in Germania.<\/p>\n","protected":false},"author":7,"featured_media":79797,"comment_status":"open","ping_status":"","sticky":false,"template":"","format":"standard","meta":{"_acf_changed":false,"footnotes":""},"categories":[6667,1628],"tags":[23536,23537,23538,23539,23540,23541,3353,13225,23542,23543,23544,10957,23545,7589,7593,23546,23547,23548,23549,23550,3872,23551,23552,23553,13238,5867,10972,23554,2869,23555,23556,2193,23557,1916,23558,23559,23560,23561,13243,7621,6544,3125,23562,23563,23564,23565,23566,23567,23568],"class_list":["post-79801","post","type-post","status-publish","format-standard","has-post-thumbnail","hentry","category-germania","category-intermodale-strada","tag-comparaison-des-modes-de-transport","tag-consommation-denergie-transport-de-conteneurs","tag-container-transport-energy-consumption","tag-containertransport-energieeinsatz","tag-deutsch-kombinierter-verkehr","tag-developpement-des-infrastructures-transport-combine","tag-digitalisierung-logistik","tag-durabilite-dans-le-transport-de-marchandises","tag-economie-du-transport-allemagne","tag-evolutions-du-transport-maritime","tag-expansion-des-terminaux-kv","tag-fachkraeftemangel-logistikbranche","tag-freight-transport-forecasts-2025","tag-freight-transport-germany","tag-gueterverkehr-deutschland","tag-infrastructure-development-combined-transport","tag-infrastrukturentwicklung-kombinierter-verkehr","tag-inland-waterway-freight-transport","tag-kv-terminals-expansion","tag-kv-terminals-ausbau","tag-logistics-digitalization","tag-logistics-service-providers-germany-francais-transport-combine","tag-logistikdienstleister-deutschland-english-combined-transport","tag-maritime-transport-developments","tag-nachhaltigkeit-im-gueterverkehr","tag-numerisation-de-la-logistique","tag-penurie-de-main-doeuvre-secteur-logistique","tag-politique-de-transport-allemagne","tag-prestataires-de-services-logistiques-allemagne","tag-previsions-transport-de-marchandises-2025","tag-prognosen-gueterverkehr-2025","tag-rail-freight-transport","tag-rapport-statistique-sgkv","tag-schienengueterverkehr","tag-seeverkehr-entwicklungen","tag-sgkv-statistical-report","tag-sgkv-statistikbericht","tag-skills-shortage-logistics-sector","tag-sustainability-in-freight-transport","tag-transport-de-marchandises-allemagne","tag-transport-economy-germany","tag-transport-ferroviaire-de-marchandises","tag-transport-fluvial-de-marchandises","tag-transport-modes-comparison","tag-transport-policy-germany","tag-verkehrspolitik-deutschland","tag-verkehrstraeger-vergleich","tag-verkehrswirtschaft-deutschland","tag-wasserstrassengueterverkehr"],"acf":[],"yoast_head":"<!-- This site is optimized with the Yoast SEO plugin v27.3 - https:\/\/yoast.com\/product\/yoast-seo-wordpress\/ -->\n<title>SGKV pubblica il rapporto statistico 2025 per i membri - Loginfo24<\/title>\n<meta name=\"robots\" content=\"index, follow, max-snippet:-1, max-image-preview:large, max-video-preview:-1\" \/>\n<link rel=\"canonical\" href=\"https:\/\/loginfo24.com\/it\/2026\/05\/01\/sgkv-pubblica-il-rapporto-statistico-2025-per-i-membri\/\" \/>\n<meta property=\"og:locale\" content=\"it_IT\" \/>\n<meta property=\"og:type\" content=\"article\" \/>\n<meta property=\"og:title\" content=\"SGKV pubblica il rapporto statistico 2025 per i membri - Loginfo24\" \/>\n<meta property=\"og:description\" content=\"La SGKV e.V. ha pubblicato il rapporto statistico &quot;Numeri e fatti 2025&quot;, che offre analisi complete sul trasporto combinato e sul trasporto merci in Germania.\" \/>\n<meta property=\"og:url\" content=\"https:\/\/loginfo24.com\/it\/2026\/05\/01\/sgkv-pubblica-il-rapporto-statistico-2025-per-i-membri\/\" \/>\n<meta property=\"og:site_name\" content=\"Loginfo24\" \/>\n<meta property=\"article:publisher\" content=\"https:\/\/www.facebook.com\/people\/Loginfo24\/100057360583332\/\" \/>\n<meta property=\"article:published_time\" content=\"2026-05-01T15:42:26+00:00\" \/>\n<meta property=\"og:image\" content=\"https:\/\/loginfo24.com\/wp-content\/uploads\/sites\/7\/2026\/05\/Kombinierter_Verkehr_2-aspect-ratio-1400-788.jpg\" \/>\n\t<meta property=\"og:image:width\" content=\"1467\" \/>\n\t<meta property=\"og:image:height\" content=\"826\" \/>\n\t<meta property=\"og:image:type\" content=\"image\/jpeg\" \/>\n<meta name=\"author\" content=\"Andreas M\u00fcller\" \/>\n<meta name=\"twitter:card\" content=\"summary_large_image\" \/>\n<meta name=\"twitter:label1\" content=\"Scritto da\" \/>\n\t<meta name=\"twitter:data1\" content=\"Andreas M\u00fcller\" \/>\n\t<meta name=\"twitter:label2\" content=\"Tempo di lettura stimato\" \/>\n\t<meta name=\"twitter:data2\" content=\"2 minuto\" \/>\n<script type=\"application\/ld+json\" class=\"yoast-schema-graph\">{\"@context\":\"https:\\\/\\\/schema.org\",\"@graph\":[{\"@type\":\"Article\",\"@id\":\"https:\\\/\\\/loginfo24.com\\\/it\\\/2026\\\/05\\\/01\\\/sgkv-pubblica-il-rapporto-statistico-2025-per-i-membri\\\/#article\",\"isPartOf\":{\"@id\":\"https:\\\/\\\/loginfo24.com\\\/it\\\/2026\\\/05\\\/01\\\/sgkv-pubblica-il-rapporto-statistico-2025-per-i-membri\\\/\"},\"author\":{\"name\":\"Andreas M\u00fcller\",\"@id\":\"https:\\\/\\\/loginfo24.com\\\/it\\\/#\\\/schema\\\/person\\\/7b1593b33567ba798d300c8a1b0b85b1\"},\"headline\":\"SGKV pubblica il rapporto statistico 2025 per i membri\",\"datePublished\":\"2026-05-01T15:42:26+00:00\",\"mainEntityOfPage\":{\"@id\":\"https:\\\/\\\/loginfo24.com\\\/it\\\/2026\\\/05\\\/01\\\/sgkv-pubblica-il-rapporto-statistico-2025-per-i-membri\\\/\"},\"wordCount\":337,\"commentCount\":0,\"publisher\":{\"@id\":\"https:\\\/\\\/loginfo24.com\\\/it\\\/#organization\"},\"image\":{\"@id\":\"https:\\\/\\\/loginfo24.com\\\/it\\\/2026\\\/05\\\/01\\\/sgkv-pubblica-il-rapporto-statistico-2025-per-i-membri\\\/#primaryimage\"},\"thumbnailUrl\":\"https:\\\/\\\/loginfo24.com\\\/wp-content\\\/uploads\\\/sites\\\/7\\\/2026\\\/05\\\/Kombinierter_Verkehr_2-aspect-ratio-1400-788.jpg\",\"keywords\":[\"comparaison des modes de transport\",\"consommation d'\u00e9nergie transport de conteneurs\",\"container transport energy consumption\",\"Containertransport Energieeinsatz\",\"Deutsch Kombinierter Verkehr\",\"d\u00e9veloppement des infrastructures transport combin\u00e9\",\"Digitalisierung Logistik\",\"durabilit\u00e9 dans le transport de marchandises\",\"\u00e9conomie du transport Allemagne\",\"\u00e9volutions du transport maritime\",\"expansion des terminaux KV\",\"Fachkr\u00e4ftemangel Logistikbranche\",\"freight transport forecasts 2025\",\"freight transport Germany\",\"G\u00fcterverkehr Deutschland\",\"infrastructure development combined transport\",\"Infrastrukturentwicklung Kombinierter Verkehr\",\"inland waterway freight transport\",\"KV terminals expansion\",\"KV-Terminals Ausbau\",\"logistics digitalization\",\"logistics service providers Germany Fran\u00e7ais Transport combin\u00e9\",\"Logistikdienstleister Deutschland English Combined transport\",\"maritime transport developments\",\"Nachhaltigkeit im G\u00fcterverkehr\",\"num\u00e9risation de la logistique\",\"p\u00e9nurie de main-d'\u0153uvre secteur logistique\",\"politique de transport Allemagne\",\"prestataires de services logistiques Allemagne\",\"pr\u00e9visions transport de marchandises 2025\",\"Prognosen G\u00fcterverkehr 2025\",\"rail freight transport\",\"rapport statistique SGKV\",\"Schieneng\u00fcterverkehr\",\"Seeverkehr Entwicklungen\",\"SGKV statistical report\",\"SGKV Statistikbericht\",\"skills shortage logistics sector\",\"sustainability in freight transport\",\"transport de marchandises Allemagne\",\"transport economy Germany\",\"transport ferroviaire de marchandises\",\"transport fluvial de marchandises\",\"transport modes comparison\",\"transport policy Germany\",\"Verkehrspolitik Deutschland\",\"Verkehrstr\u00e4ger Vergleich\",\"Verkehrswirtschaft Deutschland\",\"Wasserstra\u00dfeng\u00fcterverkehr\"],\"articleSection\":[\"Germania\",\"Intermodale \\\/ Strada\"],\"inLanguage\":\"it-IT\",\"potentialAction\":[{\"@type\":\"CommentAction\",\"name\":\"Comment\",\"target\":[\"https:\\\/\\\/loginfo24.com\\\/it\\\/2026\\\/05\\\/01\\\/sgkv-pubblica-il-rapporto-statistico-2025-per-i-membri\\\/#respond\"]}]},{\"@type\":\"WebPage\",\"@id\":\"https:\\\/\\\/loginfo24.com\\\/it\\\/2026\\\/05\\\/01\\\/sgkv-pubblica-il-rapporto-statistico-2025-per-i-membri\\\/\",\"url\":\"https:\\\/\\\/loginfo24.com\\\/it\\\/2026\\\/05\\\/01\\\/sgkv-pubblica-il-rapporto-statistico-2025-per-i-membri\\\/\",\"name\":\"SGKV pubblica il rapporto statistico 2025 per i membri - Loginfo24\",\"isPartOf\":{\"@id\":\"https:\\\/\\\/loginfo24.com\\\/it\\\/#website\"},\"primaryImageOfPage\":{\"@id\":\"https:\\\/\\\/loginfo24.com\\\/it\\\/2026\\\/05\\\/01\\\/sgkv-pubblica-il-rapporto-statistico-2025-per-i-membri\\\/#primaryimage\"},\"image\":{\"@id\":\"https:\\\/\\\/loginfo24.com\\\/it\\\/2026\\\/05\\\/01\\\/sgkv-pubblica-il-rapporto-statistico-2025-per-i-membri\\\/#primaryimage\"},\"thumbnailUrl\":\"https:\\\/\\\/loginfo24.com\\\/wp-content\\\/uploads\\\/sites\\\/7\\\/2026\\\/05\\\/Kombinierter_Verkehr_2-aspect-ratio-1400-788.jpg\",\"datePublished\":\"2026-05-01T15:42:26+00:00\",\"breadcrumb\":{\"@id\":\"https:\\\/\\\/loginfo24.com\\\/it\\\/2026\\\/05\\\/01\\\/sgkv-pubblica-il-rapporto-statistico-2025-per-i-membri\\\/#breadcrumb\"},\"inLanguage\":\"it-IT\",\"potentialAction\":[{\"@type\":\"ReadAction\",\"target\":[\"https:\\\/\\\/loginfo24.com\\\/it\\\/2026\\\/05\\\/01\\\/sgkv-pubblica-il-rapporto-statistico-2025-per-i-membri\\\/\"]}]},{\"@type\":\"ImageObject\",\"inLanguage\":\"it-IT\",\"@id\":\"https:\\\/\\\/loginfo24.com\\\/it\\\/2026\\\/05\\\/01\\\/sgkv-pubblica-il-rapporto-statistico-2025-per-i-membri\\\/#primaryimage\",\"url\":\"https:\\\/\\\/loginfo24.com\\\/wp-content\\\/uploads\\\/sites\\\/7\\\/2026\\\/05\\\/Kombinierter_Verkehr_2-aspect-ratio-1400-788.jpg\",\"contentUrl\":\"https:\\\/\\\/loginfo24.com\\\/wp-content\\\/uploads\\\/sites\\\/7\\\/2026\\\/05\\\/Kombinierter_Verkehr_2-aspect-ratio-1400-788.jpg\",\"width\":1467,\"height\":826},{\"@type\":\"BreadcrumbList\",\"@id\":\"https:\\\/\\\/loginfo24.com\\\/it\\\/2026\\\/05\\\/01\\\/sgkv-pubblica-il-rapporto-statistico-2025-per-i-membri\\\/#breadcrumb\",\"itemListElement\":[{\"@type\":\"ListItem\",\"position\":1,\"name\":\"Startseite\",\"item\":\"https:\\\/\\\/loginfo24.com\\\/it\\\/\"},{\"@type\":\"ListItem\",\"position\":2,\"name\":\"SGKV pubblica il rapporto statistico 2025 per i membri\"}]},{\"@type\":\"WebSite\",\"@id\":\"https:\\\/\\\/loginfo24.com\\\/it\\\/#website\",\"url\":\"https:\\\/\\\/loginfo24.com\\\/it\\\/\",\"name\":\"Loginfo24\",\"description\":\"Loginfo24 \u00e8 la piattaforma dedicata alla logistica e alle catene di fornitura con informazioni disponibili 24 ore su 24.\",\"publisher\":{\"@id\":\"https:\\\/\\\/loginfo24.com\\\/it\\\/#organization\"},\"potentialAction\":[{\"@type\":\"SearchAction\",\"target\":{\"@type\":\"EntryPoint\",\"urlTemplate\":\"https:\\\/\\\/loginfo24.com\\\/it\\\/?s={search_term_string}\"},\"query-input\":{\"@type\":\"PropertyValueSpecification\",\"valueRequired\":true,\"valueName\":\"search_term_string\"}}],\"inLanguage\":\"it-IT\"},{\"@type\":\"Organization\",\"@id\":\"https:\\\/\\\/loginfo24.com\\\/it\\\/#organization\",\"name\":\"Logismedia Group AG\",\"url\":\"https:\\\/\\\/loginfo24.com\\\/it\\\/\",\"logo\":{\"@type\":\"ImageObject\",\"inLanguage\":\"it-IT\",\"@id\":\"https:\\\/\\\/loginfo24.com\\\/it\\\/#\\\/schema\\\/logo\\\/image\\\/\",\"url\":\"https:\\\/\\\/loginfo24.com\\\/wp-content\\\/uploads\\\/sites\\\/7\\\/2026\\\/01\\\/Logo_LogInfo24.png\",\"contentUrl\":\"https:\\\/\\\/loginfo24.com\\\/wp-content\\\/uploads\\\/sites\\\/7\\\/2026\\\/01\\\/Logo_LogInfo24.png\",\"width\":938,\"height\":351,\"caption\":\"Logismedia Group AG\"},\"image\":{\"@id\":\"https:\\\/\\\/loginfo24.com\\\/it\\\/#\\\/schema\\\/logo\\\/image\\\/\"},\"sameAs\":[\"https:\\\/\\\/www.facebook.com\\\/people\\\/Loginfo24\\\/100057360583332\\\/\",\"https:\\\/\\\/www.linkedin.com\\\/company\\\/lofinfo24\\\/\"]},{\"@type\":\"Person\",\"@id\":\"https:\\\/\\\/loginfo24.com\\\/it\\\/#\\\/schema\\\/person\\\/7b1593b33567ba798d300c8a1b0b85b1\",\"name\":\"Andreas M\u00fcller\",\"url\":\"https:\\\/\\\/loginfo24.com\\\/it\\\/author\\\/logismedia\\\/\"}]}<\/script>\n<!-- \/ Yoast SEO plugin. -->","yoast_head_json":{"title":"SGKV pubblica il rapporto statistico 2025 per i membri - Loginfo24","robots":{"index":"index","follow":"follow","max-snippet":"max-snippet:-1","max-image-preview":"max-image-preview:large","max-video-preview":"max-video-preview:-1"},"canonical":"https:\/\/loginfo24.com\/it\/2026\/05\/01\/sgkv-pubblica-il-rapporto-statistico-2025-per-i-membri\/","og_locale":"it_IT","og_type":"article","og_title":"SGKV pubblica il rapporto statistico 2025 per i membri - Loginfo24","og_description":"La SGKV e.V. ha pubblicato il rapporto statistico \"Numeri e fatti 2025\", che offre analisi complete sul trasporto combinato e sul trasporto merci in Germania.","og_url":"https:\/\/loginfo24.com\/it\/2026\/05\/01\/sgkv-pubblica-il-rapporto-statistico-2025-per-i-membri\/","og_site_name":"Loginfo24","article_publisher":"https:\/\/www.facebook.com\/people\/Loginfo24\/100057360583332\/","article_published_time":"2026-05-01T15:42:26+00:00","og_image":[{"width":1467,"height":826,"url":"https:\/\/loginfo24.com\/wp-content\/uploads\/sites\/7\/2026\/05\/Kombinierter_Verkehr_2-aspect-ratio-1400-788.jpg","type":"image\/jpeg"}],"author":"Andreas M\u00fcller","twitter_card":"summary_large_image","twitter_misc":{"Scritto da":"Andreas M\u00fcller","Tempo di lettura stimato":"2 minuto"},"schema":{"@context":"https:\/\/schema.org","@graph":[{"@type":"Article","@id":"https:\/\/loginfo24.com\/it\/2026\/05\/01\/sgkv-pubblica-il-rapporto-statistico-2025-per-i-membri\/#article","isPartOf":{"@id":"https:\/\/loginfo24.com\/it\/2026\/05\/01\/sgkv-pubblica-il-rapporto-statistico-2025-per-i-membri\/"},"author":{"name":"Andreas M\u00fcller","@id":"https:\/\/loginfo24.com\/it\/#\/schema\/person\/7b1593b33567ba798d300c8a1b0b85b1"},"headline":"SGKV pubblica il rapporto statistico 2025 per i membri","datePublished":"2026-05-01T15:42:26+00:00","mainEntityOfPage":{"@id":"https:\/\/loginfo24.com\/it\/2026\/05\/01\/sgkv-pubblica-il-rapporto-statistico-2025-per-i-membri\/"},"wordCount":337,"commentCount":0,"publisher":{"@id":"https:\/\/loginfo24.com\/it\/#organization"},"image":{"@id":"https:\/\/loginfo24.com\/it\/2026\/05\/01\/sgkv-pubblica-il-rapporto-statistico-2025-per-i-membri\/#primaryimage"},"thumbnailUrl":"https:\/\/loginfo24.com\/wp-content\/uploads\/sites\/7\/2026\/05\/Kombinierter_Verkehr_2-aspect-ratio-1400-788.jpg","keywords":["comparaison des modes de transport","consommation d'\u00e9nergie transport de conteneurs","container transport energy consumption","Containertransport Energieeinsatz","Deutsch Kombinierter Verkehr","d\u00e9veloppement des infrastructures transport combin\u00e9","Digitalisierung Logistik","durabilit\u00e9 dans le transport de marchandises","\u00e9conomie du transport Allemagne","\u00e9volutions du transport maritime","expansion des terminaux KV","Fachkr\u00e4ftemangel Logistikbranche","freight transport forecasts 2025","freight transport Germany","G\u00fcterverkehr Deutschland","infrastructure development combined transport","Infrastrukturentwicklung Kombinierter Verkehr","inland waterway freight transport","KV terminals expansion","KV-Terminals Ausbau","logistics digitalization","logistics service providers Germany Fran\u00e7ais Transport combin\u00e9","Logistikdienstleister Deutschland English Combined transport","maritime transport developments","Nachhaltigkeit im G\u00fcterverkehr","num\u00e9risation de la logistique","p\u00e9nurie de main-d'\u0153uvre secteur logistique","politique de transport Allemagne","prestataires de services logistiques Allemagne","pr\u00e9visions transport de marchandises 2025","Prognosen G\u00fcterverkehr 2025","rail freight transport","rapport statistique SGKV","Schieneng\u00fcterverkehr","Seeverkehr Entwicklungen","SGKV statistical report","SGKV Statistikbericht","skills shortage logistics sector","sustainability in freight transport","transport de marchandises Allemagne","transport economy Germany","transport ferroviaire de marchandises","transport fluvial de marchandises","transport modes comparison","transport policy Germany","Verkehrspolitik Deutschland","Verkehrstr\u00e4ger Vergleich","Verkehrswirtschaft Deutschland","Wasserstra\u00dfeng\u00fcterverkehr"],"articleSection":["Germania","Intermodale \/ Strada"],"inLanguage":"it-IT","potentialAction":[{"@type":"CommentAction","name":"Comment","target":["https:\/\/loginfo24.com\/it\/2026\/05\/01\/sgkv-pubblica-il-rapporto-statistico-2025-per-i-membri\/#respond"]}]},{"@type":"WebPage","@id":"https:\/\/loginfo24.com\/it\/2026\/05\/01\/sgkv-pubblica-il-rapporto-statistico-2025-per-i-membri\/","url":"https:\/\/loginfo24.com\/it\/2026\/05\/01\/sgkv-pubblica-il-rapporto-statistico-2025-per-i-membri\/","name":"SGKV pubblica il rapporto statistico 2025 per i membri - Loginfo24","isPartOf":{"@id":"https:\/\/loginfo24.com\/it\/#website"},"primaryImageOfPage":{"@id":"https:\/\/loginfo24.com\/it\/2026\/05\/01\/sgkv-pubblica-il-rapporto-statistico-2025-per-i-membri\/#primaryimage"},"image":{"@id":"https:\/\/loginfo24.com\/it\/2026\/05\/01\/sgkv-pubblica-il-rapporto-statistico-2025-per-i-membri\/#primaryimage"},"thumbnailUrl":"https:\/\/loginfo24.com\/wp-content\/uploads\/sites\/7\/2026\/05\/Kombinierter_Verkehr_2-aspect-ratio-1400-788.jpg","datePublished":"2026-05-01T15:42:26+00:00","breadcrumb":{"@id":"https:\/\/loginfo24.com\/it\/2026\/05\/01\/sgkv-pubblica-il-rapporto-statistico-2025-per-i-membri\/#breadcrumb"},"inLanguage":"it-IT","potentialAction":[{"@type":"ReadAction","target":["https:\/\/loginfo24.com\/it\/2026\/05\/01\/sgkv-pubblica-il-rapporto-statistico-2025-per-i-membri\/"]}]},{"@type":"ImageObject","inLanguage":"it-IT","@id":"https:\/\/loginfo24.com\/it\/2026\/05\/01\/sgkv-pubblica-il-rapporto-statistico-2025-per-i-membri\/#primaryimage","url":"https:\/\/loginfo24.com\/wp-content\/uploads\/sites\/7\/2026\/05\/Kombinierter_Verkehr_2-aspect-ratio-1400-788.jpg","contentUrl":"https:\/\/loginfo24.com\/wp-content\/uploads\/sites\/7\/2026\/05\/Kombinierter_Verkehr_2-aspect-ratio-1400-788.jpg","width":1467,"height":826},{"@type":"BreadcrumbList","@id":"https:\/\/loginfo24.com\/it\/2026\/05\/01\/sgkv-pubblica-il-rapporto-statistico-2025-per-i-membri\/#breadcrumb","itemListElement":[{"@type":"ListItem","position":1,"name":"Startseite","item":"https:\/\/loginfo24.com\/it\/"},{"@type":"ListItem","position":2,"name":"SGKV pubblica il rapporto statistico 2025 per i membri"}]},{"@type":"WebSite","@id":"https:\/\/loginfo24.com\/it\/#website","url":"https:\/\/loginfo24.com\/it\/","name":"Loginfo24","description":"Loginfo24 \u00e8 la piattaforma dedicata alla logistica e alle catene di fornitura con informazioni disponibili 24 ore su 24.","publisher":{"@id":"https:\/\/loginfo24.com\/it\/#organization"},"potentialAction":[{"@type":"SearchAction","target":{"@type":"EntryPoint","urlTemplate":"https:\/\/loginfo24.com\/it\/?s={search_term_string}"},"query-input":{"@type":"PropertyValueSpecification","valueRequired":true,"valueName":"search_term_string"}}],"inLanguage":"it-IT"},{"@type":"Organization","@id":"https:\/\/loginfo24.com\/it\/#organization","name":"Logismedia Group AG","url":"https:\/\/loginfo24.com\/it\/","logo":{"@type":"ImageObject","inLanguage":"it-IT","@id":"https:\/\/loginfo24.com\/it\/#\/schema\/logo\/image\/","url":"https:\/\/loginfo24.com\/wp-content\/uploads\/sites\/7\/2026\/01\/Logo_LogInfo24.png","contentUrl":"https:\/\/loginfo24.com\/wp-content\/uploads\/sites\/7\/2026\/01\/Logo_LogInfo24.png","width":938,"height":351,"caption":"Logismedia Group AG"},"image":{"@id":"https:\/\/loginfo24.com\/it\/#\/schema\/logo\/image\/"},"sameAs":["https:\/\/www.facebook.com\/people\/Loginfo24\/100057360583332\/","https:\/\/www.linkedin.com\/company\/lofinfo24\/"]},{"@type":"Person","@id":"https:\/\/loginfo24.com\/it\/#\/schema\/person\/7b1593b33567ba798d300c8a1b0b85b1","name":"Andreas M\u00fcller","url":"https:\/\/loginfo24.com\/it\/author\/logismedia\/"}]}},"_links":{"self":[{"href":"https:\/\/loginfo24.com\/it\/wp-json\/wp\/v2\/posts\/79801","targetHints":{"allow":["GET"]}}],"collection":[{"href":"https:\/\/loginfo24.com\/it\/wp-json\/wp\/v2\/posts"}],"about":[{"href":"https:\/\/loginfo24.com\/it\/wp-json\/wp\/v2\/types\/post"}],"author":[{"embeddable":true,"href":"https:\/\/loginfo24.com\/it\/wp-json\/wp\/v2\/users\/7"}],"replies":[{"embeddable":true,"href":"https:\/\/loginfo24.com\/it\/wp-json\/wp\/v2\/comments?post=79801"}],"version-history":[{"count":0,"href":"https:\/\/loginfo24.com\/it\/wp-json\/wp\/v2\/posts\/79801\/revisions"}],"wp:featuredmedia":[{"embeddable":true,"href":"https:\/\/loginfo24.com\/it\/wp-json\/wp\/v2\/media\/79797"}],"wp:attachment":[{"href":"https:\/\/loginfo24.com\/it\/wp-json\/wp\/v2\/media?parent=79801"}],"wp:term":[{"taxonomy":"category","embeddable":true,"href":"https:\/\/loginfo24.com\/it\/wp-json\/wp\/v2\/categories?post=79801"},{"taxonomy":"post_tag","embeddable":true,"href":"https:\/\/loginfo24.com\/it\/wp-json\/wp\/v2\/tags?post=79801"}],"curies":[{"name":"wp","href":"https:\/\/api.w.org\/{rel}","templated":true}]}}