{"id":79777,"date":"2026-05-01T15:17:30","date_gmt":"2026-05-01T15:17:30","guid":{"rendered":"https:\/\/loginfo24.com\/2026\/05\/01\/forum-del-settore-dellassociazione-dei-naviganti-tedeschi\/"},"modified":"2026-05-01T15:17:30","modified_gmt":"2026-05-01T15:17:30","slug":"forum-del-settore-dellassociazione-dei-naviganti-tedeschi","status":"publish","type":"post","link":"https:\/\/loginfo24.com\/it\/2026\/05\/01\/forum-del-settore-dellassociazione-dei-naviganti-tedeschi\/","title":{"rendered":"Forum del Settore dell&#8217;Associazione dei Naviganti Tedeschi"},"content":{"rendered":"<p>La navigazione internazionale gioca un ruolo decisivo per l&#8217;economia e l&#8217;approvvigionamento della Germania. Circa il 90% del commercio mondiale e circa due terzi del commercio estero tedesco vengono gestiti via mare. In tempi di crisi, la navigazione \u00e8 inoltre fondamentale per il trasporto di attrezzature militari e aiuti umanitari. In questo contesto, i rappresentanti della politica, dell&#8217;economia e dei lavoratori hanno discusso al forum del settore dell&#8217;Associazione dei Naviganti Tedeschi (VDR) nell&#8217;ambito della Conferenza Marittima Nazionale (NMK) a Emden, riguardo al rafforzamento della resilienza marittima e della competitivit\u00e0 in tempi di tensioni geopolitiche.<\/p>\n<h3>Rafforzamento dell&#8217;infrastruttura marittima<\/h3>\n<p>Gaby Bornheim, presidente del VDR, ha sottolineato la necessit\u00e0 di una flotta commerciale forte e di condizioni quadro competitive per garantire la sicurezza dell&#8217;approvvigionamento della Germania. &#8222;L&#8217;impegno per una navigazione sicura e libera \u00e8 essenziale per la Germania. La nostra economia e il nostro approvvigionamento dipendono in larga misura da catene di approvvigionamento marittime funzionanti&#8220;, ha affermato Bornheim. Per aumentare la resilienza della navigazione, \u00e8 necessaria una base di personale nazionale pi\u00f9 ampia. Il numero di nuovi ingressi nella navigazione \u00e8 gi\u00e0 salito a 537 nel 2023, corrispondente a un aumento di quasi il 30% e rappresenta il livello pi\u00f9 alto da oltre dieci anni. Il VDR propone di introdurre un servizio navale volontario nell&#8217;ambito del nuovo servizio militare, per facilitare l&#8217;ingresso dei giovani nella navigazione e costruire una riserva marittima civile.<\/p>\n<p>Christian Hirte, segretario di Stato parlamentare presso il Ministero Federale dei Trasporti, ha sottolineato che il governo federale sta rafforzando in modo mirato la resilienza delle catene di approvvigionamento marittime e investendo nella formazione della nuova generazione marittima. &#8222;Porti efficienti, vie navigabili moderne e un&#8217;infrastruttura marittima affidabile sono strettamente legati alla stabilit\u00e0 economica, alla sicurezza e alla capacit\u00e0 di azione strategica&#8220;, ha dichiarato Hirte.<\/p>\n<h3>Resilienza marittima come politica di localizzazione<\/h3>\n<p>Melanie Leonhard, senatrice per l&#8217;economia, il lavoro e l&#8217;innovazione della Citt\u00e0 Libera e Anseatica di Amburgo, ha sottolineato l&#8217;importanza del porto di Amburgo per la navigazione, in particolare in tempi di crisi. Ha evidenziato che la resilienza marittima \u00e8 una politica di localizzazione concreta che contribuisce a mantenere stabili le catene di approvvigionamento e quindi a garantire prosperit\u00e0 e stabilit\u00e0 in Germania. Rolf Habben Jansen, CEO di Hapag-Lloyd, ha aggiunto che la navigazione oggi \u00e8 pi\u00f9 che mai in un contesto di tensioni geopolitiche. Una flotta commerciale forte e condizioni quadro competitive sono decisive per la stabilit\u00e0 economica e la sicurezza dell&#8217;approvvigionamento in Germania e in Europa.<\/p>\n<p>Uwe Schmidt, membro del Bundestag tedesco, ha evidenziato che gli investimenti nella formazione del personale nautico sono cruciali per la sicurezza. Proposte come un servizio navale volontario potrebbero aiutare a creare la profondit\u00e0 di personale necessaria per una navigazione affidabile. Dennis Dacke, responsabile del gruppo settoriale trasporto aereo e economia marittima presso ver.di, ha sottolineato che senza buone condizioni di lavoro e partecipazione non \u00e8 possibile una navigazione resiliente. Ha chiesto standard minimi vincolanti per i tempi di lavoro e di riposo a bordo, nonch\u00e9 un controllo rigoroso degli stati di bandiera.<\/p>\n<p>Il capitano Sebastian Die\u00dfner, presidente dell&#8217;Associazione dei Capitani e Ufficiali di Navi Tedeschi (VDKS), ha sottolineato che \u00e8 necessaria una prospettiva professionale a lungo termine per i professionisti, al fine di garantire l&#8217;expertise nella navigazione.<\/p>\n<p>La discussione ha evidenziato che la navigazione va ben oltre la sua importanza economica ed \u00e8 una componente centrale dell&#8217;infrastruttura di sicurezza della Germania e dell&#8217;Europa. Gli attacchi alle navi mercantili e le minacce ibride come gli attacchi informatici aumentano notevolmente i rischi per il settore.<\/p>\n<h3>Conclusione e prospettive<\/h3>\n<p>In conclusione, Christoph Plo\u00df, coordinatore del governo federale per l&#8217;economia marittima e il turismo, ha sottolineato il ruolo essenziale di una forte economia marittima per la Germania. Il governo federale sta lavorando per rafforzare la competitivit\u00e0 delle compagnie di navigazione, tra l&#8217;altro attraverso l&#8217;espansione della tassa sul tonnellaggio. La Conferenza Marittima Nazionale (NMK) funge da formato di dialogo centrale del governo federale con il settore marittimo e riunisce regolarmente attori della politica, dell&#8217;economia e dei sindacati per definire orientamenti strategici per il futuro dell&#8217;economia marittima.<\/p>\n<p><a href=\"http:\/\/www.reederverband.de\" target=\"_blank\" rel=\"noopener noreferrer\">www.reederverband.de<\/a><\/p>\n","protected":false},"excerpt":{"rendered":"<p>L&#8217;economia marittima \u00e8 fondamentale per la sicurezza e l&#8217;approvvigionamento della Germania, motivo per cui il governo federale ne rafforza la competitivit\u00e0 attraverso investimenti mirati e formati di dialogo.<\/p>\n","protected":false},"author":7,"featured_media":79773,"comment_status":"open","ping_status":"","sticky":false,"template":"","format":"standard","meta":{"_acf_changed":false,"footnotes":""},"categories":[6667,1631],"tags":[23444,23445,23446,20974,23447,16905,5010,22305,23448,23449,5225,5226,23450,2909,14490,14491,1808,2125,2702,20989,5016,3011,2054,23451,23452,5017,23453,23454,23455,23456,23457,2925,12724,14508,2929,2193,23458,23459,1916,23460,23461,23462,23463,21003,23464,23465,2295,23466,23467,3125,2155,1837,23468,23469,23470],"class_list":["post-79777","post","type-post","status-publish","format-standard","has-post-thumbnail","hentry","category-germania","category-spedizioni-e-porti","tag-association-des-armateurs-allemands","tag-ausbildung-nautisches-personal","tag-base-de-main-doeuvre-nationale","tag-chaines-dapprovisionnement","tag-conference-maritime-nationale","tag-deutsch-schifffahrt","tag-economie-maritime","tag-fachkraeftemangel-schifffahrt","tag-formation-du-personnel-nautique","tag-freiwilliger-seedienst","tag-geopolitical-tensions","tag-geopolitische-spannungen","tag-german-shipowners-association","tag-hafenbetrieb","tag-hamburg-port","tag-hamburger-hafen","tag-hapag-lloyd","tag-industrie-du-transport","tag-infrastructure-maritime","tag-lieferketten","tag-maritime-economy","tag-maritime-infrastructure","tag-maritime-infrastruktur","tag-maritime-resilience","tag-maritime-resilienz","tag-maritime-wirtschaft","tag-national-maritime-conference-francais-navigation","tag-national-workforce-base","tag-nationale-maritime-konferenz-english-shipping","tag-nationale-personalbasis","tag-nautical-personnel-training","tag-operations-portuaires","tag-penurie-de-main-doeuvre-maritime","tag-port-de-hambourg","tag-port-operations","tag-rail-freight-transport","tag-resilience-maritime","tag-resilienz-der-schifffahrt","tag-schienengueterverkehr","tag-securite-dapprovisionnement-allemagne","tag-service-maritime-volontaire","tag-shipping-resilience","tag-skilled-labor-shortage-shipping","tag-supply-chains","tag-supply-security-germany","tag-taxe-sur-le-tonnage","tag-tensions-geopolitiques","tag-tonnage-tax","tag-tonnagesteuer","tag-transport-ferroviaire-de-marchandises","tag-transport-industry","tag-transportwirtschaft","tag-verbands-deutscher-reeder","tag-versorgungssicherheit-deutschland","tag-voluntary-sea-service"],"acf":[],"yoast_head":"<!-- This site is optimized with the Yoast SEO plugin v27.3 - https:\/\/yoast.com\/product\/yoast-seo-wordpress\/ -->\n<title>Forum del Settore dell&#8217;Associazione dei Naviganti Tedeschi - Loginfo24<\/title>\n<meta name=\"robots\" content=\"index, follow, max-snippet:-1, max-image-preview:large, max-video-preview:-1\" \/>\n<link rel=\"canonical\" href=\"https:\/\/loginfo24.com\/it\/2026\/05\/01\/forum-del-settore-dellassociazione-dei-naviganti-tedeschi\/\" \/>\n<meta property=\"og:locale\" content=\"it_IT\" \/>\n<meta property=\"og:type\" content=\"article\" \/>\n<meta property=\"og:title\" content=\"Forum del Settore dell&#8217;Associazione dei Naviganti Tedeschi - Loginfo24\" \/>\n<meta property=\"og:description\" content=\"L&#039;economia marittima \u00e8 fondamentale per la sicurezza e l&#039;approvvigionamento della Germania, motivo per cui il governo federale ne rafforza la competitivit\u00e0 attraverso investimenti mirati e formati di dialogo.\" \/>\n<meta property=\"og:url\" content=\"https:\/\/loginfo24.com\/it\/2026\/05\/01\/forum-del-settore-dellassociazione-dei-naviganti-tedeschi\/\" \/>\n<meta property=\"og:site_name\" content=\"Loginfo24\" \/>\n<meta property=\"article:publisher\" content=\"https:\/\/www.facebook.com\/people\/Loginfo24\/100057360583332\/\" \/>\n<meta property=\"article:published_time\" content=\"2026-05-01T15:17:30+00:00\" \/>\n<meta property=\"og:image\" content=\"https:\/\/loginfo24.com\/wp-content\/uploads\/sites\/7\/2026\/05\/Pressemitteilung-NMK-2026-aspect-ratio-1400-788.jpg\" \/>\n\t<meta property=\"og:image:width\" content=\"1364\" \/>\n\t<meta property=\"og:image:height\" content=\"768\" \/>\n\t<meta property=\"og:image:type\" content=\"image\/jpeg\" \/>\n<meta name=\"author\" content=\"Andreas M\u00fcller\" \/>\n<meta name=\"twitter:card\" content=\"summary_large_image\" \/>\n<meta name=\"twitter:label1\" content=\"Scritto da\" \/>\n\t<meta name=\"twitter:data1\" content=\"Andreas M\u00fcller\" \/>\n\t<meta name=\"twitter:label2\" content=\"Tempo di lettura stimato\" \/>\n\t<meta name=\"twitter:data2\" content=\"3 minuto\" \/>\n<script type=\"application\/ld+json\" class=\"yoast-schema-graph\">{\"@context\":\"https:\\\/\\\/schema.org\",\"@graph\":[{\"@type\":\"Article\",\"@id\":\"https:\\\/\\\/loginfo24.com\\\/it\\\/2026\\\/05\\\/01\\\/forum-del-settore-dellassociazione-dei-naviganti-tedeschi\\\/#article\",\"isPartOf\":{\"@id\":\"https:\\\/\\\/loginfo24.com\\\/it\\\/2026\\\/05\\\/01\\\/forum-del-settore-dellassociazione-dei-naviganti-tedeschi\\\/\"},\"author\":{\"name\":\"Andreas M\u00fcller\",\"@id\":\"https:\\\/\\\/loginfo24.com\\\/it\\\/#\\\/schema\\\/person\\\/7b1593b33567ba798d300c8a1b0b85b1\"},\"headline\":\"Forum del Settore dell&#8217;Associazione dei Naviganti Tedeschi\",\"datePublished\":\"2026-05-01T15:17:30+00:00\",\"mainEntityOfPage\":{\"@id\":\"https:\\\/\\\/loginfo24.com\\\/it\\\/2026\\\/05\\\/01\\\/forum-del-settore-dellassociazione-dei-naviganti-tedeschi\\\/\"},\"wordCount\":690,\"commentCount\":0,\"publisher\":{\"@id\":\"https:\\\/\\\/loginfo24.com\\\/it\\\/#organization\"},\"image\":{\"@id\":\"https:\\\/\\\/loginfo24.com\\\/it\\\/2026\\\/05\\\/01\\\/forum-del-settore-dellassociazione-dei-naviganti-tedeschi\\\/#primaryimage\"},\"thumbnailUrl\":\"https:\\\/\\\/loginfo24.com\\\/wp-content\\\/uploads\\\/sites\\\/7\\\/2026\\\/05\\\/Pressemitteilung-NMK-2026-aspect-ratio-1400-788.jpg\",\"keywords\":[\"Association des armateurs allemands\",\"Ausbildung nautisches Personal\",\"base de main-d'\u0153uvre nationale\",\"cha\u00eenes d'approvisionnement\",\"Conf\u00e9rence maritime nationale\",\"Deutsch Schifffahrt\",\"\u00e9conomie maritime\",\"Fachkr\u00e4ftemangel Schifffahrt\",\"formation du personnel nautique\",\"freiwilliger Seedienst\",\"geopolitical tensions\",\"geopolitische Spannungen\",\"German Shipowners' Association\",\"Hafenbetrieb\",\"Hamburg port\",\"Hamburger Hafen\",\"Hapag-Lloyd\",\"industrie du transport\",\"infrastructure maritime\",\"Lieferketten\",\"maritime economy\",\"maritime infrastructure\",\"maritime Infrastruktur\",\"maritime resilience\",\"maritime Resilienz\",\"maritime Wirtschaft\",\"National Maritime Conference Fran\u00e7ais navigation\",\"national workforce base\",\"Nationale Maritime Konferenz English shipping\",\"nationale Personalbasis\",\"nautical personnel training\",\"op\u00e9rations portuaires\",\"p\u00e9nurie de main-d'\u0153uvre maritime\",\"port de Hambourg\",\"port operations\",\"rail freight transport\",\"r\u00e9silience maritime\",\"Resilienz der Schifffahrt\",\"Schieneng\u00fcterverkehr\",\"s\u00e9curit\u00e9 d'approvisionnement Allemagne\",\"service maritime volontaire\",\"shipping resilience\",\"skilled labor shortage shipping\",\"supply chains\",\"supply security Germany\",\"taxe sur le tonnage\",\"tensions g\u00e9opolitiques\",\"tonnage tax\",\"Tonnagesteuer\",\"transport ferroviaire de marchandises\",\"transport industry\",\"Transportwirtschaft\",\"Verbands Deutscher Reeder\",\"Versorgungssicherheit Deutschland\",\"voluntary sea service\"],\"articleSection\":[\"Germania\",\"Spedizioni e porti\"],\"inLanguage\":\"it-IT\",\"potentialAction\":[{\"@type\":\"CommentAction\",\"name\":\"Comment\",\"target\":[\"https:\\\/\\\/loginfo24.com\\\/it\\\/2026\\\/05\\\/01\\\/forum-del-settore-dellassociazione-dei-naviganti-tedeschi\\\/#respond\"]}]},{\"@type\":\"WebPage\",\"@id\":\"https:\\\/\\\/loginfo24.com\\\/it\\\/2026\\\/05\\\/01\\\/forum-del-settore-dellassociazione-dei-naviganti-tedeschi\\\/\",\"url\":\"https:\\\/\\\/loginfo24.com\\\/it\\\/2026\\\/05\\\/01\\\/forum-del-settore-dellassociazione-dei-naviganti-tedeschi\\\/\",\"name\":\"Forum del Settore dell&#8217;Associazione dei Naviganti Tedeschi - Loginfo24\",\"isPartOf\":{\"@id\":\"https:\\\/\\\/loginfo24.com\\\/it\\\/#website\"},\"primaryImageOfPage\":{\"@id\":\"https:\\\/\\\/loginfo24.com\\\/it\\\/2026\\\/05\\\/01\\\/forum-del-settore-dellassociazione-dei-naviganti-tedeschi\\\/#primaryimage\"},\"image\":{\"@id\":\"https:\\\/\\\/loginfo24.com\\\/it\\\/2026\\\/05\\\/01\\\/forum-del-settore-dellassociazione-dei-naviganti-tedeschi\\\/#primaryimage\"},\"thumbnailUrl\":\"https:\\\/\\\/loginfo24.com\\\/wp-content\\\/uploads\\\/sites\\\/7\\\/2026\\\/05\\\/Pressemitteilung-NMK-2026-aspect-ratio-1400-788.jpg\",\"datePublished\":\"2026-05-01T15:17:30+00:00\",\"breadcrumb\":{\"@id\":\"https:\\\/\\\/loginfo24.com\\\/it\\\/2026\\\/05\\\/01\\\/forum-del-settore-dellassociazione-dei-naviganti-tedeschi\\\/#breadcrumb\"},\"inLanguage\":\"it-IT\",\"potentialAction\":[{\"@type\":\"ReadAction\",\"target\":[\"https:\\\/\\\/loginfo24.com\\\/it\\\/2026\\\/05\\\/01\\\/forum-del-settore-dellassociazione-dei-naviganti-tedeschi\\\/\"]}]},{\"@type\":\"ImageObject\",\"inLanguage\":\"it-IT\",\"@id\":\"https:\\\/\\\/loginfo24.com\\\/it\\\/2026\\\/05\\\/01\\\/forum-del-settore-dellassociazione-dei-naviganti-tedeschi\\\/#primaryimage\",\"url\":\"https:\\\/\\\/loginfo24.com\\\/wp-content\\\/uploads\\\/sites\\\/7\\\/2026\\\/05\\\/Pressemitteilung-NMK-2026-aspect-ratio-1400-788.jpg\",\"contentUrl\":\"https:\\\/\\\/loginfo24.com\\\/wp-content\\\/uploads\\\/sites\\\/7\\\/2026\\\/05\\\/Pressemitteilung-NMK-2026-aspect-ratio-1400-788.jpg\",\"width\":1364,\"height\":768},{\"@type\":\"BreadcrumbList\",\"@id\":\"https:\\\/\\\/loginfo24.com\\\/it\\\/2026\\\/05\\\/01\\\/forum-del-settore-dellassociazione-dei-naviganti-tedeschi\\\/#breadcrumb\",\"itemListElement\":[{\"@type\":\"ListItem\",\"position\":1,\"name\":\"Startseite\",\"item\":\"https:\\\/\\\/loginfo24.com\\\/it\\\/\"},{\"@type\":\"ListItem\",\"position\":2,\"name\":\"Forum del Settore dell&#8217;Associazione dei Naviganti Tedeschi\"}]},{\"@type\":\"WebSite\",\"@id\":\"https:\\\/\\\/loginfo24.com\\\/it\\\/#website\",\"url\":\"https:\\\/\\\/loginfo24.com\\\/it\\\/\",\"name\":\"Loginfo24\",\"description\":\"Loginfo24 \u00e8 la piattaforma dedicata alla logistica e alle catene di fornitura con informazioni disponibili 24 ore su 24.\",\"publisher\":{\"@id\":\"https:\\\/\\\/loginfo24.com\\\/it\\\/#organization\"},\"potentialAction\":[{\"@type\":\"SearchAction\",\"target\":{\"@type\":\"EntryPoint\",\"urlTemplate\":\"https:\\\/\\\/loginfo24.com\\\/it\\\/?s={search_term_string}\"},\"query-input\":{\"@type\":\"PropertyValueSpecification\",\"valueRequired\":true,\"valueName\":\"search_term_string\"}}],\"inLanguage\":\"it-IT\"},{\"@type\":\"Organization\",\"@id\":\"https:\\\/\\\/loginfo24.com\\\/it\\\/#organization\",\"name\":\"Logismedia Group AG\",\"url\":\"https:\\\/\\\/loginfo24.com\\\/it\\\/\",\"logo\":{\"@type\":\"ImageObject\",\"inLanguage\":\"it-IT\",\"@id\":\"https:\\\/\\\/loginfo24.com\\\/it\\\/#\\\/schema\\\/logo\\\/image\\\/\",\"url\":\"https:\\\/\\\/loginfo24.com\\\/wp-content\\\/uploads\\\/sites\\\/7\\\/2026\\\/01\\\/Logo_LogInfo24.png\",\"contentUrl\":\"https:\\\/\\\/loginfo24.com\\\/wp-content\\\/uploads\\\/sites\\\/7\\\/2026\\\/01\\\/Logo_LogInfo24.png\",\"width\":938,\"height\":351,\"caption\":\"Logismedia Group AG\"},\"image\":{\"@id\":\"https:\\\/\\\/loginfo24.com\\\/it\\\/#\\\/schema\\\/logo\\\/image\\\/\"},\"sameAs\":[\"https:\\\/\\\/www.facebook.com\\\/people\\\/Loginfo24\\\/100057360583332\\\/\",\"https:\\\/\\\/www.linkedin.com\\\/company\\\/lofinfo24\\\/\"]},{\"@type\":\"Person\",\"@id\":\"https:\\\/\\\/loginfo24.com\\\/it\\\/#\\\/schema\\\/person\\\/7b1593b33567ba798d300c8a1b0b85b1\",\"name\":\"Andreas M\u00fcller\",\"url\":\"https:\\\/\\\/loginfo24.com\\\/it\\\/author\\\/logismedia\\\/\"}]}<\/script>\n<!-- \/ Yoast SEO plugin. -->","yoast_head_json":{"title":"Forum del Settore dell&#8217;Associazione dei Naviganti Tedeschi - Loginfo24","robots":{"index":"index","follow":"follow","max-snippet":"max-snippet:-1","max-image-preview":"max-image-preview:large","max-video-preview":"max-video-preview:-1"},"canonical":"https:\/\/loginfo24.com\/it\/2026\/05\/01\/forum-del-settore-dellassociazione-dei-naviganti-tedeschi\/","og_locale":"it_IT","og_type":"article","og_title":"Forum del Settore dell&#8217;Associazione dei Naviganti Tedeschi - Loginfo24","og_description":"L'economia marittima \u00e8 fondamentale per la sicurezza e l'approvvigionamento della Germania, motivo per cui il governo federale ne rafforza la competitivit\u00e0 attraverso investimenti mirati e formati di dialogo.","og_url":"https:\/\/loginfo24.com\/it\/2026\/05\/01\/forum-del-settore-dellassociazione-dei-naviganti-tedeschi\/","og_site_name":"Loginfo24","article_publisher":"https:\/\/www.facebook.com\/people\/Loginfo24\/100057360583332\/","article_published_time":"2026-05-01T15:17:30+00:00","og_image":[{"width":1364,"height":768,"url":"https:\/\/loginfo24.com\/wp-content\/uploads\/sites\/7\/2026\/05\/Pressemitteilung-NMK-2026-aspect-ratio-1400-788.jpg","type":"image\/jpeg"}],"author":"Andreas M\u00fcller","twitter_card":"summary_large_image","twitter_misc":{"Scritto da":"Andreas M\u00fcller","Tempo di lettura stimato":"3 minuto"},"schema":{"@context":"https:\/\/schema.org","@graph":[{"@type":"Article","@id":"https:\/\/loginfo24.com\/it\/2026\/05\/01\/forum-del-settore-dellassociazione-dei-naviganti-tedeschi\/#article","isPartOf":{"@id":"https:\/\/loginfo24.com\/it\/2026\/05\/01\/forum-del-settore-dellassociazione-dei-naviganti-tedeschi\/"},"author":{"name":"Andreas M\u00fcller","@id":"https:\/\/loginfo24.com\/it\/#\/schema\/person\/7b1593b33567ba798d300c8a1b0b85b1"},"headline":"Forum del Settore dell&#8217;Associazione dei Naviganti Tedeschi","datePublished":"2026-05-01T15:17:30+00:00","mainEntityOfPage":{"@id":"https:\/\/loginfo24.com\/it\/2026\/05\/01\/forum-del-settore-dellassociazione-dei-naviganti-tedeschi\/"},"wordCount":690,"commentCount":0,"publisher":{"@id":"https:\/\/loginfo24.com\/it\/#organization"},"image":{"@id":"https:\/\/loginfo24.com\/it\/2026\/05\/01\/forum-del-settore-dellassociazione-dei-naviganti-tedeschi\/#primaryimage"},"thumbnailUrl":"https:\/\/loginfo24.com\/wp-content\/uploads\/sites\/7\/2026\/05\/Pressemitteilung-NMK-2026-aspect-ratio-1400-788.jpg","keywords":["Association des armateurs allemands","Ausbildung nautisches Personal","base de main-d'\u0153uvre nationale","cha\u00eenes d'approvisionnement","Conf\u00e9rence maritime nationale","Deutsch Schifffahrt","\u00e9conomie maritime","Fachkr\u00e4ftemangel Schifffahrt","formation du personnel nautique","freiwilliger Seedienst","geopolitical tensions","geopolitische Spannungen","German Shipowners' Association","Hafenbetrieb","Hamburg port","Hamburger Hafen","Hapag-Lloyd","industrie du transport","infrastructure maritime","Lieferketten","maritime economy","maritime infrastructure","maritime Infrastruktur","maritime resilience","maritime Resilienz","maritime Wirtschaft","National Maritime Conference Fran\u00e7ais navigation","national workforce base","Nationale Maritime Konferenz English shipping","nationale Personalbasis","nautical personnel training","op\u00e9rations portuaires","p\u00e9nurie de main-d'\u0153uvre maritime","port de Hambourg","port operations","rail freight transport","r\u00e9silience maritime","Resilienz der Schifffahrt","Schieneng\u00fcterverkehr","s\u00e9curit\u00e9 d'approvisionnement Allemagne","service maritime volontaire","shipping resilience","skilled labor shortage shipping","supply chains","supply security Germany","taxe sur le tonnage","tensions g\u00e9opolitiques","tonnage tax","Tonnagesteuer","transport ferroviaire de marchandises","transport industry","Transportwirtschaft","Verbands Deutscher Reeder","Versorgungssicherheit Deutschland","voluntary sea service"],"articleSection":["Germania","Spedizioni e porti"],"inLanguage":"it-IT","potentialAction":[{"@type":"CommentAction","name":"Comment","target":["https:\/\/loginfo24.com\/it\/2026\/05\/01\/forum-del-settore-dellassociazione-dei-naviganti-tedeschi\/#respond"]}]},{"@type":"WebPage","@id":"https:\/\/loginfo24.com\/it\/2026\/05\/01\/forum-del-settore-dellassociazione-dei-naviganti-tedeschi\/","url":"https:\/\/loginfo24.com\/it\/2026\/05\/01\/forum-del-settore-dellassociazione-dei-naviganti-tedeschi\/","name":"Forum del Settore dell&#8217;Associazione dei Naviganti Tedeschi - Loginfo24","isPartOf":{"@id":"https:\/\/loginfo24.com\/it\/#website"},"primaryImageOfPage":{"@id":"https:\/\/loginfo24.com\/it\/2026\/05\/01\/forum-del-settore-dellassociazione-dei-naviganti-tedeschi\/#primaryimage"},"image":{"@id":"https:\/\/loginfo24.com\/it\/2026\/05\/01\/forum-del-settore-dellassociazione-dei-naviganti-tedeschi\/#primaryimage"},"thumbnailUrl":"https:\/\/loginfo24.com\/wp-content\/uploads\/sites\/7\/2026\/05\/Pressemitteilung-NMK-2026-aspect-ratio-1400-788.jpg","datePublished":"2026-05-01T15:17:30+00:00","breadcrumb":{"@id":"https:\/\/loginfo24.com\/it\/2026\/05\/01\/forum-del-settore-dellassociazione-dei-naviganti-tedeschi\/#breadcrumb"},"inLanguage":"it-IT","potentialAction":[{"@type":"ReadAction","target":["https:\/\/loginfo24.com\/it\/2026\/05\/01\/forum-del-settore-dellassociazione-dei-naviganti-tedeschi\/"]}]},{"@type":"ImageObject","inLanguage":"it-IT","@id":"https:\/\/loginfo24.com\/it\/2026\/05\/01\/forum-del-settore-dellassociazione-dei-naviganti-tedeschi\/#primaryimage","url":"https:\/\/loginfo24.com\/wp-content\/uploads\/sites\/7\/2026\/05\/Pressemitteilung-NMK-2026-aspect-ratio-1400-788.jpg","contentUrl":"https:\/\/loginfo24.com\/wp-content\/uploads\/sites\/7\/2026\/05\/Pressemitteilung-NMK-2026-aspect-ratio-1400-788.jpg","width":1364,"height":768},{"@type":"BreadcrumbList","@id":"https:\/\/loginfo24.com\/it\/2026\/05\/01\/forum-del-settore-dellassociazione-dei-naviganti-tedeschi\/#breadcrumb","itemListElement":[{"@type":"ListItem","position":1,"name":"Startseite","item":"https:\/\/loginfo24.com\/it\/"},{"@type":"ListItem","position":2,"name":"Forum del Settore dell&#8217;Associazione dei Naviganti Tedeschi"}]},{"@type":"WebSite","@id":"https:\/\/loginfo24.com\/it\/#website","url":"https:\/\/loginfo24.com\/it\/","name":"Loginfo24","description":"Loginfo24 \u00e8 la piattaforma dedicata alla logistica e alle catene di fornitura con informazioni disponibili 24 ore su 24.","publisher":{"@id":"https:\/\/loginfo24.com\/it\/#organization"},"potentialAction":[{"@type":"SearchAction","target":{"@type":"EntryPoint","urlTemplate":"https:\/\/loginfo24.com\/it\/?s={search_term_string}"},"query-input":{"@type":"PropertyValueSpecification","valueRequired":true,"valueName":"search_term_string"}}],"inLanguage":"it-IT"},{"@type":"Organization","@id":"https:\/\/loginfo24.com\/it\/#organization","name":"Logismedia Group AG","url":"https:\/\/loginfo24.com\/it\/","logo":{"@type":"ImageObject","inLanguage":"it-IT","@id":"https:\/\/loginfo24.com\/it\/#\/schema\/logo\/image\/","url":"https:\/\/loginfo24.com\/wp-content\/uploads\/sites\/7\/2026\/01\/Logo_LogInfo24.png","contentUrl":"https:\/\/loginfo24.com\/wp-content\/uploads\/sites\/7\/2026\/01\/Logo_LogInfo24.png","width":938,"height":351,"caption":"Logismedia Group AG"},"image":{"@id":"https:\/\/loginfo24.com\/it\/#\/schema\/logo\/image\/"},"sameAs":["https:\/\/www.facebook.com\/people\/Loginfo24\/100057360583332\/","https:\/\/www.linkedin.com\/company\/lofinfo24\/"]},{"@type":"Person","@id":"https:\/\/loginfo24.com\/it\/#\/schema\/person\/7b1593b33567ba798d300c8a1b0b85b1","name":"Andreas M\u00fcller","url":"https:\/\/loginfo24.com\/it\/author\/logismedia\/"}]}},"_links":{"self":[{"href":"https:\/\/loginfo24.com\/it\/wp-json\/wp\/v2\/posts\/79777","targetHints":{"allow":["GET"]}}],"collection":[{"href":"https:\/\/loginfo24.com\/it\/wp-json\/wp\/v2\/posts"}],"about":[{"href":"https:\/\/loginfo24.com\/it\/wp-json\/wp\/v2\/types\/post"}],"author":[{"embeddable":true,"href":"https:\/\/loginfo24.com\/it\/wp-json\/wp\/v2\/users\/7"}],"replies":[{"embeddable":true,"href":"https:\/\/loginfo24.com\/it\/wp-json\/wp\/v2\/comments?post=79777"}],"version-history":[{"count":0,"href":"https:\/\/loginfo24.com\/it\/wp-json\/wp\/v2\/posts\/79777\/revisions"}],"wp:featuredmedia":[{"embeddable":true,"href":"https:\/\/loginfo24.com\/it\/wp-json\/wp\/v2\/media\/79773"}],"wp:attachment":[{"href":"https:\/\/loginfo24.com\/it\/wp-json\/wp\/v2\/media?parent=79777"}],"wp:term":[{"taxonomy":"category","embeddable":true,"href":"https:\/\/loginfo24.com\/it\/wp-json\/wp\/v2\/categories?post=79777"},{"taxonomy":"post_tag","embeddable":true,"href":"https:\/\/loginfo24.com\/it\/wp-json\/wp\/v2\/tags?post=79777"}],"curies":[{"name":"wp","href":"https:\/\/api.w.org\/{rel}","templated":true}]}}