{"id":79748,"date":"2026-04-30T13:04:39","date_gmt":"2026-04-30T13:04:39","guid":{"rendered":"https:\/\/loginfo24.com\/2026\/04\/30\/nuovo-impianto-di-ricarica-per-veicoli-commerciali-post\/"},"modified":"2026-04-30T13:04:39","modified_gmt":"2026-04-30T13:04:39","slug":"nuovo-impianto-di-ricarica-per-veicoli-commerciali-post","status":"publish","type":"post","link":"https:\/\/loginfo24.com\/it\/2026\/04\/30\/nuovo-impianto-di-ricarica-per-veicoli-commerciali-post\/","title":{"rendered":"Nuovo impianto di ricarica per veicoli commerciali Post"},"content":{"rendered":"<p>Con l&#8217;attivazione di una nuova stazione di ricarica a Villmergen (AG), la Posta Svizzera compie un ulteriore passo verso l&#8217;elettrificazione della sua flotta di veicoli commerciali. Questa stazione, situata nell&#8217;area del nuovo centro logistico di Swiss Post Cargo, \u00e8 considerata una delle pi\u00f9 grandi del suo genere in Svizzera e offre un&#8217;infrastruttura potente per camion elettrici e autobus postali.<\/p>\n<h3>Infrastruttura di ricarica efficiente per veicoli commerciali elettrici<\/h3>\n<p>La nuova stazione di ricarica comprende un totale di 16 punti di ricarica, tra cui caricabatterie rapidi con una potenza fino a 400 kW. Queste capacit\u00e0 non solo consentono la ricarica efficiente dei propri veicoli commerciali pesanti, ma sono anche disponibili per partner logistici e altri clienti terzi. Con questa misura, la Posta intende non solo soddisfare le proprie esigenze operative, ma anche facilitare ad altre aziende la transizione verso propulsori elettrici.<\/p>\n<p>Una caratteristica particolare dell&#8217;infrastruttura di ricarica realizzata da Repower \u00e8 la gestione innovativa dei cavi, che si sviluppa in altezza. Questa soluzione consente alla Posta di utilizzare in modo ottimale lo spazio logistico disponibile, fornendo al contempo un&#8217;infrastruttura di ricarica potente.<\/p>\n<h3>Contributo alla transizione della mobilit\u00e0 nel trasporto pesante<\/h3>\n<p>La Posta vede nella nuova stazione di ricarica un importante contributo alla transizione della mobilit\u00e0 nel trasporto pesante. In un recente evento, partner dei settori logistico, dei trasporti e dell&#8217;energia hanno avuto l&#8217;opportunit\u00e0 di farsi un&#8217;idea della nuova infrastruttura. La combinazione di infrastruttura intelligente e alta potenza di ricarica dovrebbe contribuire a promuovere l&#8217;accettazione e l&#8217;uso di veicoli commerciali elettrici.<\/p>\n<p>Fornendo questa infrastruttura di ricarica, la Posta si posiziona come attore attivo nella trasformazione del settore dei trasporti e supporta l&#8217;industria nella ricerca di soluzioni pi\u00f9 sostenibili.<\/p>\n<p>&nbsp;<\/p>\n<p><a href=\"https:\/\/www.swisspost-cargo.com\/\" target=\"_blank\" rel=\"noopener noreferrer\">www.swisspost-cargo.com<\/a><\/p>\n<p>&nbsp;<\/p>\n","protected":false},"excerpt":{"rendered":"<p>La Posta svizzera ha inaugurato a Villmergen un nuovo impianto di ricarica per veicoli commerciali elettrici, per promuovere l&#8217;elettrificazione della propria flotta e la transizione verso la mobilit\u00e0 nel trasporto pesante.<\/p>\n","protected":false},"author":12,"featured_media":79744,"comment_status":"open","ping_status":"","sticky":false,"template":"","format":"standard","meta":{"_acf_changed":false,"footnotes":""},"categories":[6679,1628,1629,6669],"tags":[23197,23198,23199,23200,2115,2116,23201,23202,23203,23204,9534,23205,23206,9537,23207,10957,23208,23209,23210,23211,23212,23213,23214,23215,23216,23217,23218,23219,23220,23221,23222,6379,3157,23223,10972,23224,23225,23226,23227,23228,23229,23230,10206,4268,4269,23231,23232,23233,9559],"class_list":["post-79748","post","type-post","status-publish","format-standard","has-post-thumbnail","hentry","category-europa","category-intermodale-strada","category-spedizioni-e-logistica","category-svizzera","tag-centre-logistique-swiss-post-cargo","tag-chargeurs-rapides-400-kw","tag-charging-infrastructure-switzerland","tag-deutsch-ladeanlage-villmergen","tag-digitalisierung-in-der-logistik","tag-digitalization-in-logistics","tag-e-ladepunkte","tag-efficient-charging-of-commercial-vehicles","tag-effizientes-laden-von-nutzfahrzeugen","tag-electric-charging-points","tag-electric-commercial-vehicles","tag-electric-drives","tag-elektrische-antriebe","tag-elektrische-nutzfahrzeuge","tag-entrainements-electriques","tag-fachkraeftemangel-logistikbranche","tag-fast-chargers-400-kw","tag-gestion-innovante-des-cables","tag-heavy-freight-transport","tag-infrastructure-de-recharge-repower","tag-infrastructure-de-recharge-suisse","tag-innovative-cable-management-francais-station-de-recharge-villmergen","tag-innovative-kabelfuehrung-english-charging-station-villmergen","tag-labor-shortage-logistics-industry","tag-ladeinfrastruktur-schweiz","tag-logistics-center-swiss-post-cargo","tag-logistics-partners-electric-charging","tag-logistikpartner-e-ladung","tag-logistikzentrum-swiss-post-cargo","tag-mobilitaetswende-schwerverkehr","tag-mobility-transition-heavy-transport","tag-nachhaltige-transportloesungen","tag-numerisation-dans-la-logistique","tag-partenaires-logistiques-recharge-electrique","tag-penurie-de-main-doeuvre-secteur-logistique","tag-points-de-recharge-electriques","tag-poste-suisse","tag-recharge-efficace-des-vehicules-utilitaires","tag-repower-charging-infrastructure","tag-repower-ladeinfrastruktur","tag-schnelllader-400-kw","tag-schweizerische-post","tag-schwerlasttransport","tag-solutions-de-transport-durables","tag-sustainable-transport-solutions","tag-swiss-post","tag-transition-de-mobilite-transport-lourd","tag-transport-de-fret-lourd","tag-vehicules-utilitaires-electriques"],"acf":[],"yoast_head":"<!-- This site is optimized with the Yoast SEO plugin v27.3 - https:\/\/yoast.com\/product\/yoast-seo-wordpress\/ -->\n<title>Nuovo impianto di ricarica per veicoli commerciali Post - Loginfo24<\/title>\n<meta name=\"robots\" content=\"index, follow, max-snippet:-1, max-image-preview:large, max-video-preview:-1\" \/>\n<link rel=\"canonical\" href=\"https:\/\/loginfo24.com\/it\/2026\/04\/30\/nuovo-impianto-di-ricarica-per-veicoli-commerciali-post\/\" \/>\n<meta property=\"og:locale\" content=\"it_IT\" \/>\n<meta property=\"og:type\" content=\"article\" \/>\n<meta property=\"og:title\" content=\"Nuovo impianto di ricarica per veicoli commerciali Post - Loginfo24\" \/>\n<meta property=\"og:description\" content=\"La Posta svizzera ha inaugurato a Villmergen un nuovo impianto di ricarica per veicoli commerciali elettrici, per promuovere l&#039;elettrificazione della propria flotta e la transizione verso la mobilit\u00e0 nel trasporto pesante.\" \/>\n<meta property=\"og:url\" content=\"https:\/\/loginfo24.com\/it\/2026\/04\/30\/nuovo-impianto-di-ricarica-per-veicoli-commerciali-post\/\" \/>\n<meta property=\"og:site_name\" content=\"Loginfo24\" \/>\n<meta property=\"article:publisher\" content=\"https:\/\/www.facebook.com\/people\/Loginfo24\/100057360583332\/\" \/>\n<meta property=\"article:published_time\" content=\"2026-04-30T13:04:39+00:00\" \/>\n<meta property=\"og:image\" content=\"https:\/\/loginfo24.com\/wp-content\/uploads\/sites\/7\/2026\/04\/Post-CH-1776786129812-aspect-ratio-1400-788.jpg\" \/>\n\t<meta property=\"og:image:width\" content=\"1280\" \/>\n\t<meta property=\"og:image:height\" content=\"721\" \/>\n\t<meta property=\"og:image:type\" content=\"image\/jpeg\" \/>\n<meta name=\"author\" content=\"Andreas Haug\" \/>\n<meta name=\"twitter:card\" content=\"summary_large_image\" \/>\n<meta name=\"twitter:label1\" content=\"Scritto da\" \/>\n\t<meta name=\"twitter:data1\" content=\"Andreas Haug\" \/>\n\t<meta name=\"twitter:label2\" content=\"Tempo di lettura stimato\" \/>\n\t<meta name=\"twitter:data2\" content=\"1 minuto\" \/>\n<script type=\"application\/ld+json\" class=\"yoast-schema-graph\">{\"@context\":\"https:\\\/\\\/schema.org\",\"@graph\":[{\"@type\":\"Article\",\"@id\":\"https:\\\/\\\/loginfo24.com\\\/it\\\/2026\\\/04\\\/30\\\/nuovo-impianto-di-ricarica-per-veicoli-commerciali-post\\\/#article\",\"isPartOf\":{\"@id\":\"https:\\\/\\\/loginfo24.com\\\/it\\\/2026\\\/04\\\/30\\\/nuovo-impianto-di-ricarica-per-veicoli-commerciali-post\\\/\"},\"author\":{\"name\":\"Andreas Haug\",\"@id\":\"https:\\\/\\\/loginfo24.com\\\/it\\\/#\\\/schema\\\/person\\\/cf538b3157f15afd7589245a4b3dbd25\"},\"headline\":\"Nuovo impianto di ricarica per veicoli commerciali Post\",\"datePublished\":\"2026-04-30T13:04:39+00:00\",\"mainEntityOfPage\":{\"@id\":\"https:\\\/\\\/loginfo24.com\\\/it\\\/2026\\\/04\\\/30\\\/nuovo-impianto-di-ricarica-per-veicoli-commerciali-post\\\/\"},\"wordCount\":296,\"commentCount\":0,\"publisher\":{\"@id\":\"https:\\\/\\\/loginfo24.com\\\/it\\\/#organization\"},\"image\":{\"@id\":\"https:\\\/\\\/loginfo24.com\\\/it\\\/2026\\\/04\\\/30\\\/nuovo-impianto-di-ricarica-per-veicoli-commerciali-post\\\/#primaryimage\"},\"thumbnailUrl\":\"https:\\\/\\\/loginfo24.com\\\/wp-content\\\/uploads\\\/sites\\\/7\\\/2026\\\/04\\\/Post-CH-1776786129812-aspect-ratio-1400-788.jpg\",\"keywords\":[\"centre logistique Swiss Post Cargo\",\"chargeurs rapides 400 kW\",\"charging infrastructure Switzerland\",\"Deutsch Ladeanlage Villmergen\",\"Digitalisierung in der Logistik\",\"digitalization in logistics\",\"E-Ladepunkte\",\"efficient charging of commercial vehicles\",\"effizientes Laden von Nutzfahrzeugen\",\"electric charging points\",\"electric commercial vehicles\",\"electric drives\",\"elektrische Antriebe\",\"elektrische Nutzfahrzeuge\",\"entra\u00eenements \u00e9lectriques\",\"Fachkr\u00e4ftemangel Logistikbranche\",\"fast chargers 400 kW\",\"gestion innovante des c\u00e2bles\",\"heavy freight transport\",\"infrastructure de recharge Repower\",\"infrastructure de recharge Suisse\",\"innovative cable management Fran\u00e7ais station de recharge Villmergen\",\"innovative Kabelf\u00fchrung English charging station Villmergen\",\"labor shortage logistics industry\",\"Ladeinfrastruktur Schweiz\",\"logistics center Swiss Post Cargo\",\"logistics partners electric charging\",\"Logistikpartner E-Ladung\",\"Logistikzentrum Swiss Post Cargo\",\"Mobilit\u00e4tswende Schwerverkehr\",\"mobility transition heavy transport\",\"nachhaltige Transportl\u00f6sungen\",\"num\u00e9risation dans la logistique\",\"partenaires logistiques recharge \u00e9lectrique\",\"p\u00e9nurie de main-d'\u0153uvre secteur logistique\",\"points de recharge \u00e9lectriques\",\"Poste Suisse\",\"recharge efficace des v\u00e9hicules utilitaires\",\"Repower charging infrastructure\",\"Repower Ladeinfrastruktur\",\"Schnelllader 400 kW\",\"Schweizerische Post\",\"Schwerlasttransport\",\"solutions de transport durables\",\"sustainable transport solutions\",\"Swiss Post\",\"transition de mobilit\u00e9 transport lourd\",\"transport de fret lourd\",\"v\u00e9hicules utilitaires \u00e9lectriques\"],\"articleSection\":[\"Europa\",\"Intermodale \\\/ Strada\",\"Spedizioniere e Logistica\",\"Svizzera\"],\"inLanguage\":\"it-IT\",\"potentialAction\":[{\"@type\":\"CommentAction\",\"name\":\"Comment\",\"target\":[\"https:\\\/\\\/loginfo24.com\\\/it\\\/2026\\\/04\\\/30\\\/nuovo-impianto-di-ricarica-per-veicoli-commerciali-post\\\/#respond\"]}]},{\"@type\":\"WebPage\",\"@id\":\"https:\\\/\\\/loginfo24.com\\\/it\\\/2026\\\/04\\\/30\\\/nuovo-impianto-di-ricarica-per-veicoli-commerciali-post\\\/\",\"url\":\"https:\\\/\\\/loginfo24.com\\\/it\\\/2026\\\/04\\\/30\\\/nuovo-impianto-di-ricarica-per-veicoli-commerciali-post\\\/\",\"name\":\"Nuovo impianto di ricarica per veicoli commerciali Post - Loginfo24\",\"isPartOf\":{\"@id\":\"https:\\\/\\\/loginfo24.com\\\/it\\\/#website\"},\"primaryImageOfPage\":{\"@id\":\"https:\\\/\\\/loginfo24.com\\\/it\\\/2026\\\/04\\\/30\\\/nuovo-impianto-di-ricarica-per-veicoli-commerciali-post\\\/#primaryimage\"},\"image\":{\"@id\":\"https:\\\/\\\/loginfo24.com\\\/it\\\/2026\\\/04\\\/30\\\/nuovo-impianto-di-ricarica-per-veicoli-commerciali-post\\\/#primaryimage\"},\"thumbnailUrl\":\"https:\\\/\\\/loginfo24.com\\\/wp-content\\\/uploads\\\/sites\\\/7\\\/2026\\\/04\\\/Post-CH-1776786129812-aspect-ratio-1400-788.jpg\",\"datePublished\":\"2026-04-30T13:04:39+00:00\",\"breadcrumb\":{\"@id\":\"https:\\\/\\\/loginfo24.com\\\/it\\\/2026\\\/04\\\/30\\\/nuovo-impianto-di-ricarica-per-veicoli-commerciali-post\\\/#breadcrumb\"},\"inLanguage\":\"it-IT\",\"potentialAction\":[{\"@type\":\"ReadAction\",\"target\":[\"https:\\\/\\\/loginfo24.com\\\/it\\\/2026\\\/04\\\/30\\\/nuovo-impianto-di-ricarica-per-veicoli-commerciali-post\\\/\"]}]},{\"@type\":\"ImageObject\",\"inLanguage\":\"it-IT\",\"@id\":\"https:\\\/\\\/loginfo24.com\\\/it\\\/2026\\\/04\\\/30\\\/nuovo-impianto-di-ricarica-per-veicoli-commerciali-post\\\/#primaryimage\",\"url\":\"https:\\\/\\\/loginfo24.com\\\/wp-content\\\/uploads\\\/sites\\\/7\\\/2026\\\/04\\\/Post-CH-1776786129812-aspect-ratio-1400-788.jpg\",\"contentUrl\":\"https:\\\/\\\/loginfo24.com\\\/wp-content\\\/uploads\\\/sites\\\/7\\\/2026\\\/04\\\/Post-CH-1776786129812-aspect-ratio-1400-788.jpg\",\"width\":1280,\"height\":721},{\"@type\":\"BreadcrumbList\",\"@id\":\"https:\\\/\\\/loginfo24.com\\\/it\\\/2026\\\/04\\\/30\\\/nuovo-impianto-di-ricarica-per-veicoli-commerciali-post\\\/#breadcrumb\",\"itemListElement\":[{\"@type\":\"ListItem\",\"position\":1,\"name\":\"Startseite\",\"item\":\"https:\\\/\\\/loginfo24.com\\\/it\\\/\"},{\"@type\":\"ListItem\",\"position\":2,\"name\":\"Nuovo impianto di ricarica per veicoli commerciali Post\"}]},{\"@type\":\"WebSite\",\"@id\":\"https:\\\/\\\/loginfo24.com\\\/it\\\/#website\",\"url\":\"https:\\\/\\\/loginfo24.com\\\/it\\\/\",\"name\":\"Loginfo24\",\"description\":\"Loginfo24 \u00e8 la piattaforma dedicata alla logistica e alle catene di fornitura con informazioni disponibili 24 ore su 24.\",\"publisher\":{\"@id\":\"https:\\\/\\\/loginfo24.com\\\/it\\\/#organization\"},\"potentialAction\":[{\"@type\":\"SearchAction\",\"target\":{\"@type\":\"EntryPoint\",\"urlTemplate\":\"https:\\\/\\\/loginfo24.com\\\/it\\\/?s={search_term_string}\"},\"query-input\":{\"@type\":\"PropertyValueSpecification\",\"valueRequired\":true,\"valueName\":\"search_term_string\"}}],\"inLanguage\":\"it-IT\"},{\"@type\":\"Organization\",\"@id\":\"https:\\\/\\\/loginfo24.com\\\/it\\\/#organization\",\"name\":\"Logismedia Group AG\",\"url\":\"https:\\\/\\\/loginfo24.com\\\/it\\\/\",\"logo\":{\"@type\":\"ImageObject\",\"inLanguage\":\"it-IT\",\"@id\":\"https:\\\/\\\/loginfo24.com\\\/it\\\/#\\\/schema\\\/logo\\\/image\\\/\",\"url\":\"https:\\\/\\\/loginfo24.com\\\/wp-content\\\/uploads\\\/sites\\\/7\\\/2026\\\/01\\\/Logo_LogInfo24.png\",\"contentUrl\":\"https:\\\/\\\/loginfo24.com\\\/wp-content\\\/uploads\\\/sites\\\/7\\\/2026\\\/01\\\/Logo_LogInfo24.png\",\"width\":938,\"height\":351,\"caption\":\"Logismedia Group AG\"},\"image\":{\"@id\":\"https:\\\/\\\/loginfo24.com\\\/it\\\/#\\\/schema\\\/logo\\\/image\\\/\"},\"sameAs\":[\"https:\\\/\\\/www.facebook.com\\\/people\\\/Loginfo24\\\/100057360583332\\\/\",\"https:\\\/\\\/www.linkedin.com\\\/company\\\/lofinfo24\\\/\"]},{\"@type\":\"Person\",\"@id\":\"https:\\\/\\\/loginfo24.com\\\/it\\\/#\\\/schema\\\/person\\\/cf538b3157f15afd7589245a4b3dbd25\",\"name\":\"Andreas Haug\",\"url\":\"https:\\\/\\\/loginfo24.com\\\/it\\\/author\\\/andreas\\\/\"}]}<\/script>\n<!-- \/ Yoast SEO plugin. -->","yoast_head_json":{"title":"Nuovo impianto di ricarica per veicoli commerciali Post - Loginfo24","robots":{"index":"index","follow":"follow","max-snippet":"max-snippet:-1","max-image-preview":"max-image-preview:large","max-video-preview":"max-video-preview:-1"},"canonical":"https:\/\/loginfo24.com\/it\/2026\/04\/30\/nuovo-impianto-di-ricarica-per-veicoli-commerciali-post\/","og_locale":"it_IT","og_type":"article","og_title":"Nuovo impianto di ricarica per veicoli commerciali Post - Loginfo24","og_description":"La Posta svizzera ha inaugurato a Villmergen un nuovo impianto di ricarica per veicoli commerciali elettrici, per promuovere l'elettrificazione della propria flotta e la transizione verso la mobilit\u00e0 nel trasporto pesante.","og_url":"https:\/\/loginfo24.com\/it\/2026\/04\/30\/nuovo-impianto-di-ricarica-per-veicoli-commerciali-post\/","og_site_name":"Loginfo24","article_publisher":"https:\/\/www.facebook.com\/people\/Loginfo24\/100057360583332\/","article_published_time":"2026-04-30T13:04:39+00:00","og_image":[{"width":1280,"height":721,"url":"https:\/\/loginfo24.com\/wp-content\/uploads\/sites\/7\/2026\/04\/Post-CH-1776786129812-aspect-ratio-1400-788.jpg","type":"image\/jpeg"}],"author":"Andreas Haug","twitter_card":"summary_large_image","twitter_misc":{"Scritto da":"Andreas Haug","Tempo di lettura stimato":"1 minuto"},"schema":{"@context":"https:\/\/schema.org","@graph":[{"@type":"Article","@id":"https:\/\/loginfo24.com\/it\/2026\/04\/30\/nuovo-impianto-di-ricarica-per-veicoli-commerciali-post\/#article","isPartOf":{"@id":"https:\/\/loginfo24.com\/it\/2026\/04\/30\/nuovo-impianto-di-ricarica-per-veicoli-commerciali-post\/"},"author":{"name":"Andreas Haug","@id":"https:\/\/loginfo24.com\/it\/#\/schema\/person\/cf538b3157f15afd7589245a4b3dbd25"},"headline":"Nuovo impianto di ricarica per veicoli commerciali Post","datePublished":"2026-04-30T13:04:39+00:00","mainEntityOfPage":{"@id":"https:\/\/loginfo24.com\/it\/2026\/04\/30\/nuovo-impianto-di-ricarica-per-veicoli-commerciali-post\/"},"wordCount":296,"commentCount":0,"publisher":{"@id":"https:\/\/loginfo24.com\/it\/#organization"},"image":{"@id":"https:\/\/loginfo24.com\/it\/2026\/04\/30\/nuovo-impianto-di-ricarica-per-veicoli-commerciali-post\/#primaryimage"},"thumbnailUrl":"https:\/\/loginfo24.com\/wp-content\/uploads\/sites\/7\/2026\/04\/Post-CH-1776786129812-aspect-ratio-1400-788.jpg","keywords":["centre logistique Swiss Post Cargo","chargeurs rapides 400 kW","charging infrastructure Switzerland","Deutsch Ladeanlage Villmergen","Digitalisierung in der Logistik","digitalization in logistics","E-Ladepunkte","efficient charging of commercial vehicles","effizientes Laden von Nutzfahrzeugen","electric charging points","electric commercial vehicles","electric drives","elektrische Antriebe","elektrische Nutzfahrzeuge","entra\u00eenements \u00e9lectriques","Fachkr\u00e4ftemangel Logistikbranche","fast chargers 400 kW","gestion innovante des c\u00e2bles","heavy freight transport","infrastructure de recharge Repower","infrastructure de recharge Suisse","innovative cable management Fran\u00e7ais station de recharge Villmergen","innovative Kabelf\u00fchrung English charging station Villmergen","labor shortage logistics industry","Ladeinfrastruktur Schweiz","logistics center Swiss Post Cargo","logistics partners electric charging","Logistikpartner E-Ladung","Logistikzentrum Swiss Post Cargo","Mobilit\u00e4tswende Schwerverkehr","mobility transition heavy transport","nachhaltige Transportl\u00f6sungen","num\u00e9risation dans la logistique","partenaires logistiques recharge \u00e9lectrique","p\u00e9nurie de main-d'\u0153uvre secteur logistique","points de recharge \u00e9lectriques","Poste Suisse","recharge efficace des v\u00e9hicules utilitaires","Repower charging infrastructure","Repower Ladeinfrastruktur","Schnelllader 400 kW","Schweizerische Post","Schwerlasttransport","solutions de transport durables","sustainable transport solutions","Swiss Post","transition de mobilit\u00e9 transport lourd","transport de fret lourd","v\u00e9hicules utilitaires \u00e9lectriques"],"articleSection":["Europa","Intermodale \/ Strada","Spedizioniere e Logistica","Svizzera"],"inLanguage":"it-IT","potentialAction":[{"@type":"CommentAction","name":"Comment","target":["https:\/\/loginfo24.com\/it\/2026\/04\/30\/nuovo-impianto-di-ricarica-per-veicoli-commerciali-post\/#respond"]}]},{"@type":"WebPage","@id":"https:\/\/loginfo24.com\/it\/2026\/04\/30\/nuovo-impianto-di-ricarica-per-veicoli-commerciali-post\/","url":"https:\/\/loginfo24.com\/it\/2026\/04\/30\/nuovo-impianto-di-ricarica-per-veicoli-commerciali-post\/","name":"Nuovo impianto di ricarica per veicoli commerciali Post - Loginfo24","isPartOf":{"@id":"https:\/\/loginfo24.com\/it\/#website"},"primaryImageOfPage":{"@id":"https:\/\/loginfo24.com\/it\/2026\/04\/30\/nuovo-impianto-di-ricarica-per-veicoli-commerciali-post\/#primaryimage"},"image":{"@id":"https:\/\/loginfo24.com\/it\/2026\/04\/30\/nuovo-impianto-di-ricarica-per-veicoli-commerciali-post\/#primaryimage"},"thumbnailUrl":"https:\/\/loginfo24.com\/wp-content\/uploads\/sites\/7\/2026\/04\/Post-CH-1776786129812-aspect-ratio-1400-788.jpg","datePublished":"2026-04-30T13:04:39+00:00","breadcrumb":{"@id":"https:\/\/loginfo24.com\/it\/2026\/04\/30\/nuovo-impianto-di-ricarica-per-veicoli-commerciali-post\/#breadcrumb"},"inLanguage":"it-IT","potentialAction":[{"@type":"ReadAction","target":["https:\/\/loginfo24.com\/it\/2026\/04\/30\/nuovo-impianto-di-ricarica-per-veicoli-commerciali-post\/"]}]},{"@type":"ImageObject","inLanguage":"it-IT","@id":"https:\/\/loginfo24.com\/it\/2026\/04\/30\/nuovo-impianto-di-ricarica-per-veicoli-commerciali-post\/#primaryimage","url":"https:\/\/loginfo24.com\/wp-content\/uploads\/sites\/7\/2026\/04\/Post-CH-1776786129812-aspect-ratio-1400-788.jpg","contentUrl":"https:\/\/loginfo24.com\/wp-content\/uploads\/sites\/7\/2026\/04\/Post-CH-1776786129812-aspect-ratio-1400-788.jpg","width":1280,"height":721},{"@type":"BreadcrumbList","@id":"https:\/\/loginfo24.com\/it\/2026\/04\/30\/nuovo-impianto-di-ricarica-per-veicoli-commerciali-post\/#breadcrumb","itemListElement":[{"@type":"ListItem","position":1,"name":"Startseite","item":"https:\/\/loginfo24.com\/it\/"},{"@type":"ListItem","position":2,"name":"Nuovo impianto di ricarica per veicoli commerciali Post"}]},{"@type":"WebSite","@id":"https:\/\/loginfo24.com\/it\/#website","url":"https:\/\/loginfo24.com\/it\/","name":"Loginfo24","description":"Loginfo24 \u00e8 la piattaforma dedicata alla logistica e alle catene di fornitura con informazioni disponibili 24 ore su 24.","publisher":{"@id":"https:\/\/loginfo24.com\/it\/#organization"},"potentialAction":[{"@type":"SearchAction","target":{"@type":"EntryPoint","urlTemplate":"https:\/\/loginfo24.com\/it\/?s={search_term_string}"},"query-input":{"@type":"PropertyValueSpecification","valueRequired":true,"valueName":"search_term_string"}}],"inLanguage":"it-IT"},{"@type":"Organization","@id":"https:\/\/loginfo24.com\/it\/#organization","name":"Logismedia Group AG","url":"https:\/\/loginfo24.com\/it\/","logo":{"@type":"ImageObject","inLanguage":"it-IT","@id":"https:\/\/loginfo24.com\/it\/#\/schema\/logo\/image\/","url":"https:\/\/loginfo24.com\/wp-content\/uploads\/sites\/7\/2026\/01\/Logo_LogInfo24.png","contentUrl":"https:\/\/loginfo24.com\/wp-content\/uploads\/sites\/7\/2026\/01\/Logo_LogInfo24.png","width":938,"height":351,"caption":"Logismedia Group AG"},"image":{"@id":"https:\/\/loginfo24.com\/it\/#\/schema\/logo\/image\/"},"sameAs":["https:\/\/www.facebook.com\/people\/Loginfo24\/100057360583332\/","https:\/\/www.linkedin.com\/company\/lofinfo24\/"]},{"@type":"Person","@id":"https:\/\/loginfo24.com\/it\/#\/schema\/person\/cf538b3157f15afd7589245a4b3dbd25","name":"Andreas Haug","url":"https:\/\/loginfo24.com\/it\/author\/andreas\/"}]}},"_links":{"self":[{"href":"https:\/\/loginfo24.com\/it\/wp-json\/wp\/v2\/posts\/79748","targetHints":{"allow":["GET"]}}],"collection":[{"href":"https:\/\/loginfo24.com\/it\/wp-json\/wp\/v2\/posts"}],"about":[{"href":"https:\/\/loginfo24.com\/it\/wp-json\/wp\/v2\/types\/post"}],"author":[{"embeddable":true,"href":"https:\/\/loginfo24.com\/it\/wp-json\/wp\/v2\/users\/12"}],"replies":[{"embeddable":true,"href":"https:\/\/loginfo24.com\/it\/wp-json\/wp\/v2\/comments?post=79748"}],"version-history":[{"count":0,"href":"https:\/\/loginfo24.com\/it\/wp-json\/wp\/v2\/posts\/79748\/revisions"}],"wp:featuredmedia":[{"embeddable":true,"href":"https:\/\/loginfo24.com\/it\/wp-json\/wp\/v2\/media\/79744"}],"wp:attachment":[{"href":"https:\/\/loginfo24.com\/it\/wp-json\/wp\/v2\/media?parent=79748"}],"wp:term":[{"taxonomy":"category","embeddable":true,"href":"https:\/\/loginfo24.com\/it\/wp-json\/wp\/v2\/categories?post=79748"},{"taxonomy":"post_tag","embeddable":true,"href":"https:\/\/loginfo24.com\/it\/wp-json\/wp\/v2\/tags?post=79748"}],"curies":[{"name":"wp","href":"https:\/\/api.w.org\/{rel}","templated":true}]}}