{"id":79554,"date":"2026-04-29T11:34:56","date_gmt":"2026-04-29T11:34:56","guid":{"rendered":"https:\/\/loginfo24.com\/2026\/04\/29\/dvf-chiede-supporto-per-i-porti-e-la-navigazione\/"},"modified":"2026-04-29T11:34:56","modified_gmt":"2026-04-29T11:34:56","slug":"dvf-chiede-supporto-per-i-porti-e-la-navigazione","status":"publish","type":"post","link":"https:\/\/loginfo24.com\/it\/2026\/04\/29\/dvf-chiede-supporto-per-i-porti-e-la-navigazione\/","title":{"rendered":"DVF chiede supporto per i porti e la navigazione"},"content":{"rendered":"<p>In occasione della Conferenza Marittima Nazionale a Emden, il Forum dei Trasporti Tedeschi (DVF) ha esortato il governo federale a intraprendere misure mirate per sostenere i porti e la navigazione. Questi passi sono necessari per rafforzare l&#8217;economia tedesca. Matthias Magnor, presidente del consiglio di amministrazione di BLG LOGISTICS e vicepresidente del DVF, ha sottolineato l&#8217;urgenza di queste richieste e ha fatto riferimento al ruolo centrale dell&#8217;economia marittima per la posizione della Germania.<\/p>\n<h3>I porti come attori chiave dell&#8217;economia<\/h3>\n<p>Magnor ha evidenziato che i porti sono fondamentali non solo per lo sviluppo economico, ma anche per la trasformazione climatica e la capacit\u00e0 di difesa militare della Germania. Ha sottolineato che la navigazione gioca un ruolo fondamentale nelle relazioni commerciali e nell&#8217;approvvigionamento energetico. &#8222;Il governo federale e l&#8217;UE devono continuare a sostenere mercati aperti e un ordine basato su regole&#8220;, ha dichiarato Magnor. \u00c8 importante che la Germania mantenga la propria forza e competitivit\u00e0.<\/p>\n<p>Per raggiungere questo obiettivo, Magnor richiede un&#8217;infrastruttura eccellente e una riduzione degli ostacoli burocratici. &#8222;Il governo deve aumentare il finanziamento dei porti. Non in un secondo momento. Non con somme simboliche. Ma ora e con un finanziamento che rispecchi l&#8217;importanza strategica dei nostri porti&#8220;, ha continuato Magnor. Queste misure sono essenziali per garantire la competitivit\u00e0 dei porti tedeschi e rafforzare la base economica del paese.<\/p>\n<p>La conferenza di Emden viene utilizzata come piattaforma per comunicare queste esigenze e mettere in evidenza l&#8217;importanza dell&#8217;economia marittima nell&#8217;agenda politica.<\/p>\n<p><strong>Richieste centrali del DVF nel settore porti\/navigazione:<\/strong><\/p>\n<ul>\n<li>Ristrutturare e modernizzare le infrastrutture portuali con il supporto del governo federale &#8211; per la sicurezza energetica, la trasformazione, la capacit\u00e0 di difesa e la competitivit\u00e0 del sito industriale.<\/li>\n<li>Porre la finanziamento delle infrastrutture portuali su una nuova e sostenibile base &#8211; per i porti marittimi e interni.<\/li>\n<li>Proteggere le infrastrutture marittime, i porti e la navigazione da interventi esterni &#8211; tra l&#8217;altro attraverso una difesa efficace contro i droni.<\/li>\n<li>Aumentare le prestazioni degli accessi marittimi, delle vie navigabili, delle connessioni ferroviarie e stradali dei porti &#8211; garantire i budget per le infrastrutture di trasporto &#8211; accelerare i tassi di ristrutturazione.<\/li>\n<li>Accelerare progetti infrastrutturali importanti &#8211; tutti i progetti delle vie navigabili devono essere considerati di priorit\u00e0 e i porti devono essere posti nell&#8217;interesse pubblico predominante (Legge sul futuro delle infrastrutture).<\/li>\n<li>Affrontare finalmente la riforma da tempo attesa dell&#8217;imposta sul valore aggiunto all&#8217;importazione &#8211; introdurre un modello di compensazione.<\/li>\n<li>Sostenere la navigazione nella trasformazione &#8211; garantire l&#8217;approvvigionamento di combustibili sostenibili &#8211; reinvestire le entrate del mercato delle emissioni dell&#8217;UE nel settore.<\/li>\n<\/ul>\n<p>Modernizzare l&#8217;applicazione delle normative sugli aiuti di Stato all&#8217;economia marittima.<\/p>\n<p><a href=\"http:\/\/www.verkehrsforum.de\" target=\"_blank\" rel=\"noopener noreferrer\">www.verkehrsforum.de<\/a><\/p>\n","protected":false},"excerpt":{"rendered":"<p>Il Forum dei Trasporti Tedesco chiede al governo federale di adottare misure immediate a sostegno dei porti e della navigazione per garantire la competitivit\u00e0.<\/p>\n","protected":false},"author":7,"featured_media":79550,"comment_status":"open","ping_status":"","sticky":false,"template":"","format":"standard","meta":{"_acf_changed":false,"footnotes":""},"categories":[6667,1631],"tags":[22844,21082,22845,22846,6392,22847,22848,22849,22850,5322,5323,22851,5010,22852,22853,22854,1889,22855,22856,4052,2125,3682,4054,3683,22857,22858,5016,22859,5017,22860,6409,2231,6412,4096,4065,22861,22862,1766,22863,3609,22864,2236,4099,6426,22865,2155,16927,1837,22866,22867,16931,22868],"class_list":["post-79554","post","type-post","status-publish","format-standard","has-post-thumbnail","hentry","category-germania","category-spedizioni-e-porti","tag-approvisionnement-en-energie","tag-binnenhafen","tag-blg-logistics","tag-bundesregierung","tag-carburants-durables","tag-climate-policy-transformation","tag-competitiveness-of-ports","tag-competitivite-des-ports","tag-deutsch-haefen","tag-digitalisierung-in-der-schifffahrt","tag-digitalization-in-shipping","tag-dvf","tag-economie-maritime","tag-energieversorgung","tag-energy-supply","tag-eu","tag-fachkraeftemangel","tag-federal-government","tag-gouvernement-federal","tag-hafeninfrastruktur","tag-industrie-du-transport","tag-infrastructure","tag-infrastructure-portuaire","tag-infrastruktur","tag-inland-ports","tag-klimapolitische-transformation","tag-maritime-economy","tag-maritime-sector-francais-ports","tag-maritime-wirtschaft","tag-maritimer-sektor-english-ports","tag-nachhaltige-kraftstoffe","tag-navigation","tag-numerisation-dans-la-navigation","tag-penurie-de-main-doeuvre-qualifiee","tag-port-infrastructure","tag-ports-interieurs","tag-ports-maritimes","tag-schifffahrt","tag-seaports","tag-secteur-maritime","tag-seehaefen","tag-shipping","tag-skilled-labor-shortage","tag-sustainable-fuels","tag-transformation-climatique","tag-transport-industry","tag-transport-routes","tag-transportwirtschaft","tag-ue","tag-verkehrswege","tag-voies-de-transport","tag-wettbewerbsfaehigkeit-der-haefen"],"acf":[],"yoast_head":"<!-- This site is optimized with the Yoast SEO plugin v27.3 - https:\/\/yoast.com\/product\/yoast-seo-wordpress\/ -->\n<title>DVF chiede supporto per i porti e la navigazione - Loginfo24<\/title>\n<meta name=\"robots\" content=\"index, follow, max-snippet:-1, max-image-preview:large, max-video-preview:-1\" \/>\n<link rel=\"canonical\" href=\"https:\/\/loginfo24.com\/it\/2026\/04\/29\/dvf-chiede-supporto-per-i-porti-e-la-navigazione\/\" \/>\n<meta property=\"og:locale\" content=\"it_IT\" \/>\n<meta property=\"og:type\" content=\"article\" \/>\n<meta property=\"og:title\" content=\"DVF chiede supporto per i porti e la navigazione - Loginfo24\" \/>\n<meta property=\"og:description\" content=\"Il Forum dei Trasporti Tedesco chiede al governo federale di adottare misure immediate a sostegno dei porti e della navigazione per garantire la competitivit\u00e0.\" \/>\n<meta property=\"og:url\" content=\"https:\/\/loginfo24.com\/it\/2026\/04\/29\/dvf-chiede-supporto-per-i-porti-e-la-navigazione\/\" \/>\n<meta property=\"og:site_name\" content=\"Loginfo24\" \/>\n<meta property=\"article:publisher\" content=\"https:\/\/www.facebook.com\/people\/Loginfo24\/100057360583332\/\" \/>\n<meta property=\"article:published_time\" content=\"2026-04-29T11:34:56+00:00\" \/>\n<meta property=\"og:image\" content=\"https:\/\/loginfo24.com\/wp-content\/uploads\/sites\/7\/2026\/04\/csm_2025-matthias-magnor-img_26f6736e25-aspect-ratio-1400-788.jpg\" \/>\n\t<meta property=\"og:image:width\" content=\"470\" \/>\n\t<meta property=\"og:image:height\" content=\"265\" \/>\n\t<meta property=\"og:image:type\" content=\"image\/jpeg\" \/>\n<meta name=\"author\" content=\"Andreas M\u00fcller\" \/>\n<meta name=\"twitter:card\" content=\"summary_large_image\" \/>\n<meta name=\"twitter:label1\" content=\"Scritto da\" \/>\n\t<meta name=\"twitter:data1\" content=\"Andreas M\u00fcller\" \/>\n\t<meta name=\"twitter:label2\" content=\"Tempo di lettura stimato\" \/>\n\t<meta name=\"twitter:data2\" content=\"2 minuto\" \/>\n<script type=\"application\/ld+json\" class=\"yoast-schema-graph\">{\"@context\":\"https:\\\/\\\/schema.org\",\"@graph\":[{\"@type\":\"Article\",\"@id\":\"https:\\\/\\\/loginfo24.com\\\/it\\\/2026\\\/04\\\/29\\\/dvf-chiede-supporto-per-i-porti-e-la-navigazione\\\/#article\",\"isPartOf\":{\"@id\":\"https:\\\/\\\/loginfo24.com\\\/it\\\/2026\\\/04\\\/29\\\/dvf-chiede-supporto-per-i-porti-e-la-navigazione\\\/\"},\"author\":{\"name\":\"Andreas M\u00fcller\",\"@id\":\"https:\\\/\\\/loginfo24.com\\\/it\\\/#\\\/schema\\\/person\\\/7b1593b33567ba798d300c8a1b0b85b1\"},\"headline\":\"DVF chiede supporto per i porti e la navigazione\",\"datePublished\":\"2026-04-29T11:34:56+00:00\",\"mainEntityOfPage\":{\"@id\":\"https:\\\/\\\/loginfo24.com\\\/it\\\/2026\\\/04\\\/29\\\/dvf-chiede-supporto-per-i-porti-e-la-navigazione\\\/\"},\"wordCount\":448,\"commentCount\":0,\"publisher\":{\"@id\":\"https:\\\/\\\/loginfo24.com\\\/it\\\/#organization\"},\"image\":{\"@id\":\"https:\\\/\\\/loginfo24.com\\\/it\\\/2026\\\/04\\\/29\\\/dvf-chiede-supporto-per-i-porti-e-la-navigazione\\\/#primaryimage\"},\"thumbnailUrl\":\"https:\\\/\\\/loginfo24.com\\\/wp-content\\\/uploads\\\/sites\\\/7\\\/2026\\\/04\\\/csm_2025-matthias-magnor-img_26f6736e25-aspect-ratio-1400-788.jpg\",\"keywords\":[\"approvisionnement en \u00e9nergie\",\"Binnenhafen\",\"BLG LOGISTICS\",\"Bundesregierung\",\"carburants durables\",\"climate policy transformation\",\"competitiveness of ports\",\"comp\u00e9titivit\u00e9 des ports\",\"Deutsch H\u00e4fen\",\"Digitalisierung in der Schifffahrt\",\"digitalization in shipping\",\"DVF\",\"\u00e9conomie maritime\",\"Energieversorgung\",\"energy supply\",\"EU\",\"Fachkr\u00e4ftemangel\",\"federal government\",\"gouvernement f\u00e9d\u00e9ral\",\"Hafeninfrastruktur\",\"industrie du transport\",\"infrastructure\",\"infrastructure portuaire\",\"Infrastruktur\",\"inland ports\",\"klimapolitische Transformation\",\"maritime economy\",\"maritime sector Fran\u00e7ais ports\",\"maritime Wirtschaft\",\"maritimer Sektor English ports\",\"nachhaltige Kraftstoffe\",\"navigation\",\"num\u00e9risation dans la navigation\",\"p\u00e9nurie de main-d'\u0153uvre qualifi\u00e9e\",\"port infrastructure\",\"ports int\u00e9rieurs\",\"ports maritimes\",\"Schifffahrt\",\"seaports\",\"secteur maritime\",\"Seeh\u00e4fen\",\"shipping\",\"skilled labor shortage\",\"sustainable fuels\",\"transformation climatique\",\"transport industry\",\"transport routes\",\"Transportwirtschaft\",\"UE\",\"Verkehrswege\",\"voies de transport\",\"Wettbewerbsf\u00e4higkeit der H\u00e4fen\"],\"articleSection\":[\"Germania\",\"Spedizioni e porti\"],\"inLanguage\":\"it-IT\",\"potentialAction\":[{\"@type\":\"CommentAction\",\"name\":\"Comment\",\"target\":[\"https:\\\/\\\/loginfo24.com\\\/it\\\/2026\\\/04\\\/29\\\/dvf-chiede-supporto-per-i-porti-e-la-navigazione\\\/#respond\"]}]},{\"@type\":\"WebPage\",\"@id\":\"https:\\\/\\\/loginfo24.com\\\/it\\\/2026\\\/04\\\/29\\\/dvf-chiede-supporto-per-i-porti-e-la-navigazione\\\/\",\"url\":\"https:\\\/\\\/loginfo24.com\\\/it\\\/2026\\\/04\\\/29\\\/dvf-chiede-supporto-per-i-porti-e-la-navigazione\\\/\",\"name\":\"DVF chiede supporto per i porti e la navigazione - Loginfo24\",\"isPartOf\":{\"@id\":\"https:\\\/\\\/loginfo24.com\\\/it\\\/#website\"},\"primaryImageOfPage\":{\"@id\":\"https:\\\/\\\/loginfo24.com\\\/it\\\/2026\\\/04\\\/29\\\/dvf-chiede-supporto-per-i-porti-e-la-navigazione\\\/#primaryimage\"},\"image\":{\"@id\":\"https:\\\/\\\/loginfo24.com\\\/it\\\/2026\\\/04\\\/29\\\/dvf-chiede-supporto-per-i-porti-e-la-navigazione\\\/#primaryimage\"},\"thumbnailUrl\":\"https:\\\/\\\/loginfo24.com\\\/wp-content\\\/uploads\\\/sites\\\/7\\\/2026\\\/04\\\/csm_2025-matthias-magnor-img_26f6736e25-aspect-ratio-1400-788.jpg\",\"datePublished\":\"2026-04-29T11:34:56+00:00\",\"breadcrumb\":{\"@id\":\"https:\\\/\\\/loginfo24.com\\\/it\\\/2026\\\/04\\\/29\\\/dvf-chiede-supporto-per-i-porti-e-la-navigazione\\\/#breadcrumb\"},\"inLanguage\":\"it-IT\",\"potentialAction\":[{\"@type\":\"ReadAction\",\"target\":[\"https:\\\/\\\/loginfo24.com\\\/it\\\/2026\\\/04\\\/29\\\/dvf-chiede-supporto-per-i-porti-e-la-navigazione\\\/\"]}]},{\"@type\":\"ImageObject\",\"inLanguage\":\"it-IT\",\"@id\":\"https:\\\/\\\/loginfo24.com\\\/it\\\/2026\\\/04\\\/29\\\/dvf-chiede-supporto-per-i-porti-e-la-navigazione\\\/#primaryimage\",\"url\":\"https:\\\/\\\/loginfo24.com\\\/wp-content\\\/uploads\\\/sites\\\/7\\\/2026\\\/04\\\/csm_2025-matthias-magnor-img_26f6736e25-aspect-ratio-1400-788.jpg\",\"contentUrl\":\"https:\\\/\\\/loginfo24.com\\\/wp-content\\\/uploads\\\/sites\\\/7\\\/2026\\\/04\\\/csm_2025-matthias-magnor-img_26f6736e25-aspect-ratio-1400-788.jpg\",\"width\":470,\"height\":265},{\"@type\":\"BreadcrumbList\",\"@id\":\"https:\\\/\\\/loginfo24.com\\\/it\\\/2026\\\/04\\\/29\\\/dvf-chiede-supporto-per-i-porti-e-la-navigazione\\\/#breadcrumb\",\"itemListElement\":[{\"@type\":\"ListItem\",\"position\":1,\"name\":\"Startseite\",\"item\":\"https:\\\/\\\/loginfo24.com\\\/it\\\/\"},{\"@type\":\"ListItem\",\"position\":2,\"name\":\"DVF chiede supporto per i porti e la navigazione\"}]},{\"@type\":\"WebSite\",\"@id\":\"https:\\\/\\\/loginfo24.com\\\/it\\\/#website\",\"url\":\"https:\\\/\\\/loginfo24.com\\\/it\\\/\",\"name\":\"Loginfo24\",\"description\":\"Loginfo24 \u00e8 la piattaforma dedicata alla logistica e alle catene di fornitura con informazioni disponibili 24 ore su 24.\",\"publisher\":{\"@id\":\"https:\\\/\\\/loginfo24.com\\\/it\\\/#organization\"},\"potentialAction\":[{\"@type\":\"SearchAction\",\"target\":{\"@type\":\"EntryPoint\",\"urlTemplate\":\"https:\\\/\\\/loginfo24.com\\\/it\\\/?s={search_term_string}\"},\"query-input\":{\"@type\":\"PropertyValueSpecification\",\"valueRequired\":true,\"valueName\":\"search_term_string\"}}],\"inLanguage\":\"it-IT\"},{\"@type\":\"Organization\",\"@id\":\"https:\\\/\\\/loginfo24.com\\\/it\\\/#organization\",\"name\":\"Logismedia Group AG\",\"url\":\"https:\\\/\\\/loginfo24.com\\\/it\\\/\",\"logo\":{\"@type\":\"ImageObject\",\"inLanguage\":\"it-IT\",\"@id\":\"https:\\\/\\\/loginfo24.com\\\/it\\\/#\\\/schema\\\/logo\\\/image\\\/\",\"url\":\"https:\\\/\\\/loginfo24.com\\\/wp-content\\\/uploads\\\/sites\\\/7\\\/2026\\\/01\\\/Logo_LogInfo24.png\",\"contentUrl\":\"https:\\\/\\\/loginfo24.com\\\/wp-content\\\/uploads\\\/sites\\\/7\\\/2026\\\/01\\\/Logo_LogInfo24.png\",\"width\":938,\"height\":351,\"caption\":\"Logismedia Group AG\"},\"image\":{\"@id\":\"https:\\\/\\\/loginfo24.com\\\/it\\\/#\\\/schema\\\/logo\\\/image\\\/\"},\"sameAs\":[\"https:\\\/\\\/www.facebook.com\\\/people\\\/Loginfo24\\\/100057360583332\\\/\",\"https:\\\/\\\/www.linkedin.com\\\/company\\\/lofinfo24\\\/\"]},{\"@type\":\"Person\",\"@id\":\"https:\\\/\\\/loginfo24.com\\\/it\\\/#\\\/schema\\\/person\\\/7b1593b33567ba798d300c8a1b0b85b1\",\"name\":\"Andreas M\u00fcller\",\"url\":\"https:\\\/\\\/loginfo24.com\\\/it\\\/author\\\/logismedia\\\/\"}]}<\/script>\n<!-- \/ Yoast SEO plugin. -->","yoast_head_json":{"title":"DVF chiede supporto per i porti e la navigazione - Loginfo24","robots":{"index":"index","follow":"follow","max-snippet":"max-snippet:-1","max-image-preview":"max-image-preview:large","max-video-preview":"max-video-preview:-1"},"canonical":"https:\/\/loginfo24.com\/it\/2026\/04\/29\/dvf-chiede-supporto-per-i-porti-e-la-navigazione\/","og_locale":"it_IT","og_type":"article","og_title":"DVF chiede supporto per i porti e la navigazione - Loginfo24","og_description":"Il Forum dei Trasporti Tedesco chiede al governo federale di adottare misure immediate a sostegno dei porti e della navigazione per garantire la competitivit\u00e0.","og_url":"https:\/\/loginfo24.com\/it\/2026\/04\/29\/dvf-chiede-supporto-per-i-porti-e-la-navigazione\/","og_site_name":"Loginfo24","article_publisher":"https:\/\/www.facebook.com\/people\/Loginfo24\/100057360583332\/","article_published_time":"2026-04-29T11:34:56+00:00","og_image":[{"width":470,"height":265,"url":"https:\/\/loginfo24.com\/wp-content\/uploads\/sites\/7\/2026\/04\/csm_2025-matthias-magnor-img_26f6736e25-aspect-ratio-1400-788.jpg","type":"image\/jpeg"}],"author":"Andreas M\u00fcller","twitter_card":"summary_large_image","twitter_misc":{"Scritto da":"Andreas M\u00fcller","Tempo di lettura stimato":"2 minuto"},"schema":{"@context":"https:\/\/schema.org","@graph":[{"@type":"Article","@id":"https:\/\/loginfo24.com\/it\/2026\/04\/29\/dvf-chiede-supporto-per-i-porti-e-la-navigazione\/#article","isPartOf":{"@id":"https:\/\/loginfo24.com\/it\/2026\/04\/29\/dvf-chiede-supporto-per-i-porti-e-la-navigazione\/"},"author":{"name":"Andreas M\u00fcller","@id":"https:\/\/loginfo24.com\/it\/#\/schema\/person\/7b1593b33567ba798d300c8a1b0b85b1"},"headline":"DVF chiede supporto per i porti e la navigazione","datePublished":"2026-04-29T11:34:56+00:00","mainEntityOfPage":{"@id":"https:\/\/loginfo24.com\/it\/2026\/04\/29\/dvf-chiede-supporto-per-i-porti-e-la-navigazione\/"},"wordCount":448,"commentCount":0,"publisher":{"@id":"https:\/\/loginfo24.com\/it\/#organization"},"image":{"@id":"https:\/\/loginfo24.com\/it\/2026\/04\/29\/dvf-chiede-supporto-per-i-porti-e-la-navigazione\/#primaryimage"},"thumbnailUrl":"https:\/\/loginfo24.com\/wp-content\/uploads\/sites\/7\/2026\/04\/csm_2025-matthias-magnor-img_26f6736e25-aspect-ratio-1400-788.jpg","keywords":["approvisionnement en \u00e9nergie","Binnenhafen","BLG LOGISTICS","Bundesregierung","carburants durables","climate policy transformation","competitiveness of ports","comp\u00e9titivit\u00e9 des ports","Deutsch H\u00e4fen","Digitalisierung in der Schifffahrt","digitalization in shipping","DVF","\u00e9conomie maritime","Energieversorgung","energy supply","EU","Fachkr\u00e4ftemangel","federal government","gouvernement f\u00e9d\u00e9ral","Hafeninfrastruktur","industrie du transport","infrastructure","infrastructure portuaire","Infrastruktur","inland ports","klimapolitische Transformation","maritime economy","maritime sector Fran\u00e7ais ports","maritime Wirtschaft","maritimer Sektor English ports","nachhaltige Kraftstoffe","navigation","num\u00e9risation dans la navigation","p\u00e9nurie de main-d'\u0153uvre qualifi\u00e9e","port infrastructure","ports int\u00e9rieurs","ports maritimes","Schifffahrt","seaports","secteur maritime","Seeh\u00e4fen","shipping","skilled labor shortage","sustainable fuels","transformation climatique","transport industry","transport routes","Transportwirtschaft","UE","Verkehrswege","voies de transport","Wettbewerbsf\u00e4higkeit der H\u00e4fen"],"articleSection":["Germania","Spedizioni e porti"],"inLanguage":"it-IT","potentialAction":[{"@type":"CommentAction","name":"Comment","target":["https:\/\/loginfo24.com\/it\/2026\/04\/29\/dvf-chiede-supporto-per-i-porti-e-la-navigazione\/#respond"]}]},{"@type":"WebPage","@id":"https:\/\/loginfo24.com\/it\/2026\/04\/29\/dvf-chiede-supporto-per-i-porti-e-la-navigazione\/","url":"https:\/\/loginfo24.com\/it\/2026\/04\/29\/dvf-chiede-supporto-per-i-porti-e-la-navigazione\/","name":"DVF chiede supporto per i porti e la navigazione - Loginfo24","isPartOf":{"@id":"https:\/\/loginfo24.com\/it\/#website"},"primaryImageOfPage":{"@id":"https:\/\/loginfo24.com\/it\/2026\/04\/29\/dvf-chiede-supporto-per-i-porti-e-la-navigazione\/#primaryimage"},"image":{"@id":"https:\/\/loginfo24.com\/it\/2026\/04\/29\/dvf-chiede-supporto-per-i-porti-e-la-navigazione\/#primaryimage"},"thumbnailUrl":"https:\/\/loginfo24.com\/wp-content\/uploads\/sites\/7\/2026\/04\/csm_2025-matthias-magnor-img_26f6736e25-aspect-ratio-1400-788.jpg","datePublished":"2026-04-29T11:34:56+00:00","breadcrumb":{"@id":"https:\/\/loginfo24.com\/it\/2026\/04\/29\/dvf-chiede-supporto-per-i-porti-e-la-navigazione\/#breadcrumb"},"inLanguage":"it-IT","potentialAction":[{"@type":"ReadAction","target":["https:\/\/loginfo24.com\/it\/2026\/04\/29\/dvf-chiede-supporto-per-i-porti-e-la-navigazione\/"]}]},{"@type":"ImageObject","inLanguage":"it-IT","@id":"https:\/\/loginfo24.com\/it\/2026\/04\/29\/dvf-chiede-supporto-per-i-porti-e-la-navigazione\/#primaryimage","url":"https:\/\/loginfo24.com\/wp-content\/uploads\/sites\/7\/2026\/04\/csm_2025-matthias-magnor-img_26f6736e25-aspect-ratio-1400-788.jpg","contentUrl":"https:\/\/loginfo24.com\/wp-content\/uploads\/sites\/7\/2026\/04\/csm_2025-matthias-magnor-img_26f6736e25-aspect-ratio-1400-788.jpg","width":470,"height":265},{"@type":"BreadcrumbList","@id":"https:\/\/loginfo24.com\/it\/2026\/04\/29\/dvf-chiede-supporto-per-i-porti-e-la-navigazione\/#breadcrumb","itemListElement":[{"@type":"ListItem","position":1,"name":"Startseite","item":"https:\/\/loginfo24.com\/it\/"},{"@type":"ListItem","position":2,"name":"DVF chiede supporto per i porti e la navigazione"}]},{"@type":"WebSite","@id":"https:\/\/loginfo24.com\/it\/#website","url":"https:\/\/loginfo24.com\/it\/","name":"Loginfo24","description":"Loginfo24 \u00e8 la piattaforma dedicata alla logistica e alle catene di fornitura con informazioni disponibili 24 ore su 24.","publisher":{"@id":"https:\/\/loginfo24.com\/it\/#organization"},"potentialAction":[{"@type":"SearchAction","target":{"@type":"EntryPoint","urlTemplate":"https:\/\/loginfo24.com\/it\/?s={search_term_string}"},"query-input":{"@type":"PropertyValueSpecification","valueRequired":true,"valueName":"search_term_string"}}],"inLanguage":"it-IT"},{"@type":"Organization","@id":"https:\/\/loginfo24.com\/it\/#organization","name":"Logismedia Group AG","url":"https:\/\/loginfo24.com\/it\/","logo":{"@type":"ImageObject","inLanguage":"it-IT","@id":"https:\/\/loginfo24.com\/it\/#\/schema\/logo\/image\/","url":"https:\/\/loginfo24.com\/wp-content\/uploads\/sites\/7\/2026\/01\/Logo_LogInfo24.png","contentUrl":"https:\/\/loginfo24.com\/wp-content\/uploads\/sites\/7\/2026\/01\/Logo_LogInfo24.png","width":938,"height":351,"caption":"Logismedia Group AG"},"image":{"@id":"https:\/\/loginfo24.com\/it\/#\/schema\/logo\/image\/"},"sameAs":["https:\/\/www.facebook.com\/people\/Loginfo24\/100057360583332\/","https:\/\/www.linkedin.com\/company\/lofinfo24\/"]},{"@type":"Person","@id":"https:\/\/loginfo24.com\/it\/#\/schema\/person\/7b1593b33567ba798d300c8a1b0b85b1","name":"Andreas M\u00fcller","url":"https:\/\/loginfo24.com\/it\/author\/logismedia\/"}]}},"_links":{"self":[{"href":"https:\/\/loginfo24.com\/it\/wp-json\/wp\/v2\/posts\/79554","targetHints":{"allow":["GET"]}}],"collection":[{"href":"https:\/\/loginfo24.com\/it\/wp-json\/wp\/v2\/posts"}],"about":[{"href":"https:\/\/loginfo24.com\/it\/wp-json\/wp\/v2\/types\/post"}],"author":[{"embeddable":true,"href":"https:\/\/loginfo24.com\/it\/wp-json\/wp\/v2\/users\/7"}],"replies":[{"embeddable":true,"href":"https:\/\/loginfo24.com\/it\/wp-json\/wp\/v2\/comments?post=79554"}],"version-history":[{"count":0,"href":"https:\/\/loginfo24.com\/it\/wp-json\/wp\/v2\/posts\/79554\/revisions"}],"wp:featuredmedia":[{"embeddable":true,"href":"https:\/\/loginfo24.com\/it\/wp-json\/wp\/v2\/media\/79550"}],"wp:attachment":[{"href":"https:\/\/loginfo24.com\/it\/wp-json\/wp\/v2\/media?parent=79554"}],"wp:term":[{"taxonomy":"category","embeddable":true,"href":"https:\/\/loginfo24.com\/it\/wp-json\/wp\/v2\/categories?post=79554"},{"taxonomy":"post_tag","embeddable":true,"href":"https:\/\/loginfo24.com\/it\/wp-json\/wp\/v2\/tags?post=79554"}],"curies":[{"name":"wp","href":"https:\/\/api.w.org\/{rel}","templated":true}]}}