{"id":79538,"date":"2026-04-29T10:50:54","date_gmt":"2026-04-29T10:50:54","guid":{"rendered":"https:\/\/loginfo24.com\/2026\/04\/29\/garbe-industrial-costruisce-un-parco-commerciale-a-holzgerlingen\/"},"modified":"2026-04-29T10:50:54","modified_gmt":"2026-04-29T10:50:54","slug":"garbe-industrial-costruisce-un-parco-commerciale-a-holzgerlingen","status":"publish","type":"post","link":"https:\/\/loginfo24.com\/it\/2026\/04\/29\/garbe-industrial-costruisce-un-parco-commerciale-a-holzgerlingen\/","title":{"rendered":"Garbe Industrial costruisce un parco commerciale a Holzgerlingen"},"content":{"rendered":"<p>Le opere di costruzione del parco industriale di Garbe Industrial a Holzgerlingen, a sud di Stoccarda, procedono secondo i piani. Sei mesi dopo l&#8217;inizio dei lavori, si \u00e8 tenuta una cerimonia di inaugurazione, alla quale hanno partecipato rappresentanti della citt\u00e0, delle aziende coinvolte nella costruzione e partner commerciali. Il completamento dei lavori nel&#8217;area industriale &#8222;Buch&#8220; \u00e8 previsto per il terzo trimestre del 2026.<\/p>\n<h3>Dettagli sul parco industriale<\/h3>\n<p>Il parco industriale comprende due edifici con una superficie totale di circa 16.600 m\u00b2. La superficie dei capannoni \u00e8 di circa 14.300 m\u00b2, integrata da circa 560 m\u00b2 per uffici e spazi sociali, oltre a circa 1.700 m\u00b2 di superficie mezzanino, utilizzabile per lo stoccaggio di merci. Sono previste dodici rampe di carico e sette portoni sezionali a livello del suolo per il carico e scarico dei camion. Inoltre, verranno realizzati posti auto per 124 autovetture nell&#8217;area esterna.<\/p>\n<p>Kathrin Fuhrmann, responsabile regionale sud-ovest di Garbe Industrial, ha dichiarato: &#8222;Con il Garbe Industrial Park a Holzgerlingen creiamo in una zona industriale consolidata un moderno potenziale di insediamento che unisce costruzione sostenibile e possibilit\u00e0 di utilizzo flessibili.&#8220; Il nuovo edificio sar\u00e0 sviluppato secondo gli attuali standard ecologici e criteri ESG e si rivolge a aziende nei settori commerciale, light industrial e produzione.<\/p>\n<p>La superficie dei capannoni pu\u00f2 essere suddivisa in unit\u00e0 a partire da circa 1.300 m\u00b2, e la capacit\u00e0 portante del pavimento \u00e8 di sei tonnellate per metro quadrato. Al termine dei lavori, il parco industriale soddisfer\u00e0 lo standard di efficienza energetica BEG-40 e funzioner\u00e0 senza fonti di energia fossile. Il riscaldamento sar\u00e0 fornito da pompe di calore aria-aria, e sul tetto sar\u00e0 installato un impianto fotovoltaico con una potenza di 1,2 megawatt picco. Garbe Industrial punta inoltre a una certificazione secondo il Gold Standard della Deutsche Gesellschaft f\u00fcr Nachhaltiges Bauen.<\/p>\n<h3>Conclusione dello sviluppo<\/h3>\n<p>Con la terza fase di costruzione, si concluder\u00e0 lo sviluppo dell&#8217;area di 100.000 m\u00b2. Garbe Industrial ha acquisito il terreno, precedentemente utilizzato da un costruttore di impianti, nel 2021. Sono gi\u00e0 stati affittati un edificio esistente e un nuovo edificio completato nel 2023.<\/p>\n<p>Il sindaco Ioannis Delakos si \u00e8 espresso positivamente sulla rivitalizzazione della terza fase di costruzione: &#8222;Il parco industriale di Garbe Industrial rappresenta un importante impulso per lo sviluppo ulteriore dell&#8217;area industriale di Buch e rafforzer\u00e0 la posizione economica di Holzgerlingen.&#8220;<\/p>\n<p>Non \u00e8 ancora chiaro se e quali aziende si insedieranno nel nuovo parco industriale. &#8222;Attualmente siamo in trattative avanzate con potenziali interessati e ci aspettiamo di poter affittare il Garbe Industrial Park a breve, non da ultimo grazie alla sua posizione eccellente&#8220;, ha affermato Kathrin Fuhrmann. Holzgerlingen si trova nella regione metropolitana di Stoccarda ed \u00e8 collegata all&#8217;A 8 tramite la B 464 e l&#8217;A 81, che collega il sito a Karlsruhe a ovest e all&#8217;aeroporto di Stoccarda, Ulm e Monaco a est. Il parco industriale si trova inoltre a poche centinaia di metri dalla prossima fermata dei trasporti pubblici.<\/p>\n<p><a href=\"http:\/\/www.garbe-industrial.de\" target=\"_blank\" rel=\"noopener noreferrer\">www.garbe-industrial.de <\/a><\/p>\n","protected":false},"excerpt":{"rendered":"<p>I lavori di costruzione del parco commerciale a Holzgerlingen procedono secondo programma e il completamento \u00e8 previsto per il terzo trimestre del 2026.<\/p>\n","protected":false},"author":7,"featured_media":79534,"comment_status":"open","ping_status":"","sticky":false,"template":"","format":"standard","meta":{"_acf_changed":false,"footnotes":""},"categories":[6667,1629],"tags":[22759,22760,22761,22762,22763,22764,22765,22766,17943,22767,22768,18122,22769,22770,22771,22772,22773,21998,21999,22774,22775,22776,22777,22778,2125,22779,22780,22781,2133,1831,22782,22783,17967,22784,22014,22785,22786,7116,7117,22787,22788,22789,2829,22790,22791,22792,22793,22794,22795,22796,22797,17981,7127,2155,1837,22798,22799,22800],"class_list":["post-79538","post","type-post","status-publish","format-standard","has-post-thumbnail","hentry","category-germania","category-spedizioni-e-logistica","tag-air-air-heat-pumps","tag-bauarbeiten-gewerbepark","tag-bodentragfaehigkeit-english-garbe-industrial","tag-capacite-portante","tag-commerce-and-production","tag-commerce-et-production","tag-commercial-area-buch","tag-commercial-park-holzgerlingen","tag-construction-durable","tag-construction-works-commercial-park","tag-criteres-esg","tag-deutsch-garbe-industrial","tag-developpement-de-site-holzgerlingen","tag-energieeffizienzstandard","tag-energy-efficiency-standard","tag-esg-criteria","tag-esg-kriterien","tag-flexible-nutzungsmoeglichkeiten","tag-flexible-usage-options","tag-gewerbe-und-produktion","tag-gewerbegebiet-buch","tag-gewerbepark-holzgerlingen","tag-hall-area-m","tag-hallenflaeche-m","tag-industrie-du-transport","tag-load-bearing-capacity-francais-garbe-industrial","tag-loading-bridges","tag-location-development-holzgerlingen","tag-logistics-service-providers","tag-logistikdienstleister","tag-luft-luft-waermepumpen","tag-metropolregion-stuttgart","tag-nachhaltige-bauweise","tag-norme-defficacite-energetique","tag-options-dutilisation-flexibles","tag-parc-dactivites-holzgerlingen","tag-parking-spaces-cars","tag-photovoltaic-system","tag-photovoltaikanlage","tag-places-de-stationnement-voitures","tag-pompes-a-chaleur-air-air","tag-ponts-de-chargement","tag-prestataires-logistiques","tag-region-metropolitaine-de-stuttgart","tag-revitalisation-parc-dactivites","tag-revitalisierung-gewerbepark","tag-revitalization-commercial-park","tag-standortentwicklung-holzgerlingen","tag-stellplaetze-pkw","tag-stuttgart-metropolitan-region","tag-surface-de-hall-m","tag-sustainable-construction","tag-systeme-photovoltaique","tag-transport-industry","tag-transportwirtschaft","tag-travaux-de-construction-parc","tag-ueberladebruecken","tag-zone-commerciale-buch"],"acf":[],"yoast_head":"<!-- This site is optimized with the Yoast SEO plugin v27.3 - https:\/\/yoast.com\/product\/yoast-seo-wordpress\/ -->\n<title>Garbe Industrial costruisce un parco commerciale a Holzgerlingen - Loginfo24<\/title>\n<meta name=\"robots\" content=\"index, follow, max-snippet:-1, max-image-preview:large, max-video-preview:-1\" \/>\n<link rel=\"canonical\" href=\"https:\/\/loginfo24.com\/it\/2026\/04\/29\/garbe-industrial-costruisce-un-parco-commerciale-a-holzgerlingen\/\" \/>\n<meta property=\"og:locale\" content=\"it_IT\" \/>\n<meta property=\"og:type\" content=\"article\" \/>\n<meta property=\"og:title\" content=\"Garbe Industrial costruisce un parco commerciale a Holzgerlingen - Loginfo24\" \/>\n<meta property=\"og:description\" content=\"I lavori di costruzione del parco commerciale a Holzgerlingen procedono secondo programma e il completamento \u00e8 previsto per il terzo trimestre del 2026.\" \/>\n<meta property=\"og:url\" content=\"https:\/\/loginfo24.com\/it\/2026\/04\/29\/garbe-industrial-costruisce-un-parco-commerciale-a-holzgerlingen\/\" \/>\n<meta property=\"og:site_name\" content=\"Loginfo24\" \/>\n<meta property=\"article:publisher\" content=\"https:\/\/www.facebook.com\/people\/Loginfo24\/100057360583332\/\" \/>\n<meta property=\"article:published_time\" content=\"2026-04-29T10:50:54+00:00\" \/>\n<meta property=\"og:image\" content=\"https:\/\/loginfo24.com\/wp-content\/uploads\/sites\/7\/2026\/04\/Garbe_29.4.26-scaled-aspect-ratio-1400-788-scaled-1.jpg\" \/>\n\t<meta property=\"og:image:width\" content=\"2560\" \/>\n\t<meta property=\"og:image:height\" content=\"1440\" \/>\n\t<meta property=\"og:image:type\" content=\"image\/jpeg\" \/>\n<meta name=\"author\" content=\"Andreas M\u00fcller\" \/>\n<meta name=\"twitter:card\" content=\"summary_large_image\" \/>\n<meta name=\"twitter:label1\" content=\"Scritto da\" \/>\n\t<meta name=\"twitter:data1\" content=\"Andreas M\u00fcller\" \/>\n\t<meta name=\"twitter:label2\" content=\"Tempo di lettura stimato\" \/>\n\t<meta name=\"twitter:data2\" content=\"2 minuto\" \/>\n<script type=\"application\/ld+json\" class=\"yoast-schema-graph\">{\"@context\":\"https:\\\/\\\/schema.org\",\"@graph\":[{\"@type\":\"Article\",\"@id\":\"https:\\\/\\\/loginfo24.com\\\/it\\\/2026\\\/04\\\/29\\\/garbe-industrial-costruisce-un-parco-commerciale-a-holzgerlingen\\\/#article\",\"isPartOf\":{\"@id\":\"https:\\\/\\\/loginfo24.com\\\/it\\\/2026\\\/04\\\/29\\\/garbe-industrial-costruisce-un-parco-commerciale-a-holzgerlingen\\\/\"},\"author\":{\"name\":\"Andreas M\u00fcller\",\"@id\":\"https:\\\/\\\/loginfo24.com\\\/it\\\/#\\\/schema\\\/person\\\/7b1593b33567ba798d300c8a1b0b85b1\"},\"headline\":\"Garbe Industrial costruisce un parco commerciale a Holzgerlingen\",\"datePublished\":\"2026-04-29T10:50:54+00:00\",\"mainEntityOfPage\":{\"@id\":\"https:\\\/\\\/loginfo24.com\\\/it\\\/2026\\\/04\\\/29\\\/garbe-industrial-costruisce-un-parco-commerciale-a-holzgerlingen\\\/\"},\"wordCount\":482,\"commentCount\":0,\"publisher\":{\"@id\":\"https:\\\/\\\/loginfo24.com\\\/it\\\/#organization\"},\"image\":{\"@id\":\"https:\\\/\\\/loginfo24.com\\\/it\\\/2026\\\/04\\\/29\\\/garbe-industrial-costruisce-un-parco-commerciale-a-holzgerlingen\\\/#primaryimage\"},\"thumbnailUrl\":\"https:\\\/\\\/loginfo24.com\\\/wp-content\\\/uploads\\\/sites\\\/7\\\/2026\\\/04\\\/Garbe_29.4.26-scaled-aspect-ratio-1400-788-scaled-1.jpg\",\"keywords\":[\"air-air heat pumps\",\"Bauarbeiten Gewerbepark\",\"Bodentragf\u00e4higkeit English Garbe Industrial\",\"capacit\u00e9 portante\",\"commerce and production\",\"commerce et production\",\"commercial area Buch\",\"commercial park Holzgerlingen\",\"construction durable\",\"construction works commercial park\",\"crit\u00e8res ESG\",\"Deutsch Garbe Industrial\",\"d\u00e9veloppement de site Holzgerlingen\",\"Energieeffizienzstandard\",\"energy efficiency standard\",\"ESG criteria\",\"ESG-Kriterien\",\"flexible Nutzungsm\u00f6glichkeiten\",\"flexible usage options\",\"Gewerbe und Produktion\",\"Gewerbegebiet Buch\",\"Gewerbepark Holzgerlingen\",\"hall area m\u00b2\",\"Hallenfl\u00e4che m\u00b2\",\"industrie du transport\",\"load-bearing capacity Fran\u00e7ais Garbe Industrial\",\"loading bridges\",\"location development Holzgerlingen\",\"logistics service providers\",\"Logistikdienstleister\",\"Luft-Luft-W\u00e4rmepumpen\",\"Metropolregion Stuttgart\",\"nachhaltige Bauweise\",\"norme d'efficacit\u00e9 \u00e9nerg\u00e9tique\",\"options d'utilisation flexibles\",\"parc d'activit\u00e9s Holzgerlingen\",\"parking spaces cars\",\"photovoltaic system\",\"Photovoltaikanlage\",\"places de stationnement voitures\",\"pompes \u00e0 chaleur air-air\",\"ponts de chargement\",\"prestataires logistiques\",\"r\u00e9gion m\u00e9tropolitaine de Stuttgart\",\"revitalisation parc d'activit\u00e9s\",\"Revitalisierung Gewerbepark\",\"revitalization commercial park\",\"Standortentwicklung Holzgerlingen\",\"Stellpl\u00e4tze Pkw\",\"Stuttgart metropolitan region\",\"surface de hall m\u00b2\",\"sustainable construction\",\"syst\u00e8me photovolta\u00efque\",\"transport industry\",\"Transportwirtschaft\",\"travaux de construction parc\",\"\u00dcberladebr\u00fccken\",\"zone commerciale Buch\"],\"articleSection\":[\"Germania\",\"Spedizioniere e Logistica\"],\"inLanguage\":\"it-IT\",\"potentialAction\":[{\"@type\":\"CommentAction\",\"name\":\"Comment\",\"target\":[\"https:\\\/\\\/loginfo24.com\\\/it\\\/2026\\\/04\\\/29\\\/garbe-industrial-costruisce-un-parco-commerciale-a-holzgerlingen\\\/#respond\"]}]},{\"@type\":\"WebPage\",\"@id\":\"https:\\\/\\\/loginfo24.com\\\/it\\\/2026\\\/04\\\/29\\\/garbe-industrial-costruisce-un-parco-commerciale-a-holzgerlingen\\\/\",\"url\":\"https:\\\/\\\/loginfo24.com\\\/it\\\/2026\\\/04\\\/29\\\/garbe-industrial-costruisce-un-parco-commerciale-a-holzgerlingen\\\/\",\"name\":\"Garbe Industrial costruisce un parco commerciale a Holzgerlingen - Loginfo24\",\"isPartOf\":{\"@id\":\"https:\\\/\\\/loginfo24.com\\\/it\\\/#website\"},\"primaryImageOfPage\":{\"@id\":\"https:\\\/\\\/loginfo24.com\\\/it\\\/2026\\\/04\\\/29\\\/garbe-industrial-costruisce-un-parco-commerciale-a-holzgerlingen\\\/#primaryimage\"},\"image\":{\"@id\":\"https:\\\/\\\/loginfo24.com\\\/it\\\/2026\\\/04\\\/29\\\/garbe-industrial-costruisce-un-parco-commerciale-a-holzgerlingen\\\/#primaryimage\"},\"thumbnailUrl\":\"https:\\\/\\\/loginfo24.com\\\/wp-content\\\/uploads\\\/sites\\\/7\\\/2026\\\/04\\\/Garbe_29.4.26-scaled-aspect-ratio-1400-788-scaled-1.jpg\",\"datePublished\":\"2026-04-29T10:50:54+00:00\",\"breadcrumb\":{\"@id\":\"https:\\\/\\\/loginfo24.com\\\/it\\\/2026\\\/04\\\/29\\\/garbe-industrial-costruisce-un-parco-commerciale-a-holzgerlingen\\\/#breadcrumb\"},\"inLanguage\":\"it-IT\",\"potentialAction\":[{\"@type\":\"ReadAction\",\"target\":[\"https:\\\/\\\/loginfo24.com\\\/it\\\/2026\\\/04\\\/29\\\/garbe-industrial-costruisce-un-parco-commerciale-a-holzgerlingen\\\/\"]}]},{\"@type\":\"ImageObject\",\"inLanguage\":\"it-IT\",\"@id\":\"https:\\\/\\\/loginfo24.com\\\/it\\\/2026\\\/04\\\/29\\\/garbe-industrial-costruisce-un-parco-commerciale-a-holzgerlingen\\\/#primaryimage\",\"url\":\"https:\\\/\\\/loginfo24.com\\\/wp-content\\\/uploads\\\/sites\\\/7\\\/2026\\\/04\\\/Garbe_29.4.26-scaled-aspect-ratio-1400-788-scaled-1.jpg\",\"contentUrl\":\"https:\\\/\\\/loginfo24.com\\\/wp-content\\\/uploads\\\/sites\\\/7\\\/2026\\\/04\\\/Garbe_29.4.26-scaled-aspect-ratio-1400-788-scaled-1.jpg\",\"width\":2560,\"height\":1440},{\"@type\":\"BreadcrumbList\",\"@id\":\"https:\\\/\\\/loginfo24.com\\\/it\\\/2026\\\/04\\\/29\\\/garbe-industrial-costruisce-un-parco-commerciale-a-holzgerlingen\\\/#breadcrumb\",\"itemListElement\":[{\"@type\":\"ListItem\",\"position\":1,\"name\":\"Startseite\",\"item\":\"https:\\\/\\\/loginfo24.com\\\/it\\\/\"},{\"@type\":\"ListItem\",\"position\":2,\"name\":\"Garbe Industrial costruisce un parco commerciale a Holzgerlingen\"}]},{\"@type\":\"WebSite\",\"@id\":\"https:\\\/\\\/loginfo24.com\\\/it\\\/#website\",\"url\":\"https:\\\/\\\/loginfo24.com\\\/it\\\/\",\"name\":\"Loginfo24\",\"description\":\"Loginfo24 \u00e8 la piattaforma dedicata alla logistica e alle catene di fornitura con informazioni disponibili 24 ore su 24.\",\"publisher\":{\"@id\":\"https:\\\/\\\/loginfo24.com\\\/it\\\/#organization\"},\"potentialAction\":[{\"@type\":\"SearchAction\",\"target\":{\"@type\":\"EntryPoint\",\"urlTemplate\":\"https:\\\/\\\/loginfo24.com\\\/it\\\/?s={search_term_string}\"},\"query-input\":{\"@type\":\"PropertyValueSpecification\",\"valueRequired\":true,\"valueName\":\"search_term_string\"}}],\"inLanguage\":\"it-IT\"},{\"@type\":\"Organization\",\"@id\":\"https:\\\/\\\/loginfo24.com\\\/it\\\/#organization\",\"name\":\"Logismedia Group AG\",\"url\":\"https:\\\/\\\/loginfo24.com\\\/it\\\/\",\"logo\":{\"@type\":\"ImageObject\",\"inLanguage\":\"it-IT\",\"@id\":\"https:\\\/\\\/loginfo24.com\\\/it\\\/#\\\/schema\\\/logo\\\/image\\\/\",\"url\":\"https:\\\/\\\/loginfo24.com\\\/wp-content\\\/uploads\\\/sites\\\/7\\\/2026\\\/01\\\/Logo_LogInfo24.png\",\"contentUrl\":\"https:\\\/\\\/loginfo24.com\\\/wp-content\\\/uploads\\\/sites\\\/7\\\/2026\\\/01\\\/Logo_LogInfo24.png\",\"width\":938,\"height\":351,\"caption\":\"Logismedia Group AG\"},\"image\":{\"@id\":\"https:\\\/\\\/loginfo24.com\\\/it\\\/#\\\/schema\\\/logo\\\/image\\\/\"},\"sameAs\":[\"https:\\\/\\\/www.facebook.com\\\/people\\\/Loginfo24\\\/100057360583332\\\/\",\"https:\\\/\\\/www.linkedin.com\\\/company\\\/lofinfo24\\\/\"]},{\"@type\":\"Person\",\"@id\":\"https:\\\/\\\/loginfo24.com\\\/it\\\/#\\\/schema\\\/person\\\/7b1593b33567ba798d300c8a1b0b85b1\",\"name\":\"Andreas M\u00fcller\",\"url\":\"https:\\\/\\\/loginfo24.com\\\/it\\\/author\\\/logismedia\\\/\"}]}<\/script>\n<!-- \/ Yoast SEO plugin. -->","yoast_head_json":{"title":"Garbe Industrial costruisce un parco commerciale a Holzgerlingen - Loginfo24","robots":{"index":"index","follow":"follow","max-snippet":"max-snippet:-1","max-image-preview":"max-image-preview:large","max-video-preview":"max-video-preview:-1"},"canonical":"https:\/\/loginfo24.com\/it\/2026\/04\/29\/garbe-industrial-costruisce-un-parco-commerciale-a-holzgerlingen\/","og_locale":"it_IT","og_type":"article","og_title":"Garbe Industrial costruisce un parco commerciale a Holzgerlingen - Loginfo24","og_description":"I lavori di costruzione del parco commerciale a Holzgerlingen procedono secondo programma e il completamento \u00e8 previsto per il terzo trimestre del 2026.","og_url":"https:\/\/loginfo24.com\/it\/2026\/04\/29\/garbe-industrial-costruisce-un-parco-commerciale-a-holzgerlingen\/","og_site_name":"Loginfo24","article_publisher":"https:\/\/www.facebook.com\/people\/Loginfo24\/100057360583332\/","article_published_time":"2026-04-29T10:50:54+00:00","og_image":[{"width":2560,"height":1440,"url":"https:\/\/loginfo24.com\/wp-content\/uploads\/sites\/7\/2026\/04\/Garbe_29.4.26-scaled-aspect-ratio-1400-788-scaled-1.jpg","type":"image\/jpeg"}],"author":"Andreas M\u00fcller","twitter_card":"summary_large_image","twitter_misc":{"Scritto da":"Andreas M\u00fcller","Tempo di lettura stimato":"2 minuto"},"schema":{"@context":"https:\/\/schema.org","@graph":[{"@type":"Article","@id":"https:\/\/loginfo24.com\/it\/2026\/04\/29\/garbe-industrial-costruisce-un-parco-commerciale-a-holzgerlingen\/#article","isPartOf":{"@id":"https:\/\/loginfo24.com\/it\/2026\/04\/29\/garbe-industrial-costruisce-un-parco-commerciale-a-holzgerlingen\/"},"author":{"name":"Andreas M\u00fcller","@id":"https:\/\/loginfo24.com\/it\/#\/schema\/person\/7b1593b33567ba798d300c8a1b0b85b1"},"headline":"Garbe Industrial costruisce un parco commerciale a Holzgerlingen","datePublished":"2026-04-29T10:50:54+00:00","mainEntityOfPage":{"@id":"https:\/\/loginfo24.com\/it\/2026\/04\/29\/garbe-industrial-costruisce-un-parco-commerciale-a-holzgerlingen\/"},"wordCount":482,"commentCount":0,"publisher":{"@id":"https:\/\/loginfo24.com\/it\/#organization"},"image":{"@id":"https:\/\/loginfo24.com\/it\/2026\/04\/29\/garbe-industrial-costruisce-un-parco-commerciale-a-holzgerlingen\/#primaryimage"},"thumbnailUrl":"https:\/\/loginfo24.com\/wp-content\/uploads\/sites\/7\/2026\/04\/Garbe_29.4.26-scaled-aspect-ratio-1400-788-scaled-1.jpg","keywords":["air-air heat pumps","Bauarbeiten Gewerbepark","Bodentragf\u00e4higkeit English Garbe Industrial","capacit\u00e9 portante","commerce and production","commerce et production","commercial area Buch","commercial park Holzgerlingen","construction durable","construction works commercial park","crit\u00e8res ESG","Deutsch Garbe Industrial","d\u00e9veloppement de site Holzgerlingen","Energieeffizienzstandard","energy efficiency standard","ESG criteria","ESG-Kriterien","flexible Nutzungsm\u00f6glichkeiten","flexible usage options","Gewerbe und Produktion","Gewerbegebiet Buch","Gewerbepark Holzgerlingen","hall area m\u00b2","Hallenfl\u00e4che m\u00b2","industrie du transport","load-bearing capacity Fran\u00e7ais Garbe Industrial","loading bridges","location development Holzgerlingen","logistics service providers","Logistikdienstleister","Luft-Luft-W\u00e4rmepumpen","Metropolregion Stuttgart","nachhaltige Bauweise","norme d'efficacit\u00e9 \u00e9nerg\u00e9tique","options d'utilisation flexibles","parc d'activit\u00e9s Holzgerlingen","parking spaces cars","photovoltaic system","Photovoltaikanlage","places de stationnement voitures","pompes \u00e0 chaleur air-air","ponts de chargement","prestataires logistiques","r\u00e9gion m\u00e9tropolitaine de Stuttgart","revitalisation parc d'activit\u00e9s","Revitalisierung Gewerbepark","revitalization commercial park","Standortentwicklung Holzgerlingen","Stellpl\u00e4tze Pkw","Stuttgart metropolitan region","surface de hall m\u00b2","sustainable construction","syst\u00e8me photovolta\u00efque","transport industry","Transportwirtschaft","travaux de construction parc","\u00dcberladebr\u00fccken","zone commerciale Buch"],"articleSection":["Germania","Spedizioniere e Logistica"],"inLanguage":"it-IT","potentialAction":[{"@type":"CommentAction","name":"Comment","target":["https:\/\/loginfo24.com\/it\/2026\/04\/29\/garbe-industrial-costruisce-un-parco-commerciale-a-holzgerlingen\/#respond"]}]},{"@type":"WebPage","@id":"https:\/\/loginfo24.com\/it\/2026\/04\/29\/garbe-industrial-costruisce-un-parco-commerciale-a-holzgerlingen\/","url":"https:\/\/loginfo24.com\/it\/2026\/04\/29\/garbe-industrial-costruisce-un-parco-commerciale-a-holzgerlingen\/","name":"Garbe Industrial costruisce un parco commerciale a Holzgerlingen - Loginfo24","isPartOf":{"@id":"https:\/\/loginfo24.com\/it\/#website"},"primaryImageOfPage":{"@id":"https:\/\/loginfo24.com\/it\/2026\/04\/29\/garbe-industrial-costruisce-un-parco-commerciale-a-holzgerlingen\/#primaryimage"},"image":{"@id":"https:\/\/loginfo24.com\/it\/2026\/04\/29\/garbe-industrial-costruisce-un-parco-commerciale-a-holzgerlingen\/#primaryimage"},"thumbnailUrl":"https:\/\/loginfo24.com\/wp-content\/uploads\/sites\/7\/2026\/04\/Garbe_29.4.26-scaled-aspect-ratio-1400-788-scaled-1.jpg","datePublished":"2026-04-29T10:50:54+00:00","breadcrumb":{"@id":"https:\/\/loginfo24.com\/it\/2026\/04\/29\/garbe-industrial-costruisce-un-parco-commerciale-a-holzgerlingen\/#breadcrumb"},"inLanguage":"it-IT","potentialAction":[{"@type":"ReadAction","target":["https:\/\/loginfo24.com\/it\/2026\/04\/29\/garbe-industrial-costruisce-un-parco-commerciale-a-holzgerlingen\/"]}]},{"@type":"ImageObject","inLanguage":"it-IT","@id":"https:\/\/loginfo24.com\/it\/2026\/04\/29\/garbe-industrial-costruisce-un-parco-commerciale-a-holzgerlingen\/#primaryimage","url":"https:\/\/loginfo24.com\/wp-content\/uploads\/sites\/7\/2026\/04\/Garbe_29.4.26-scaled-aspect-ratio-1400-788-scaled-1.jpg","contentUrl":"https:\/\/loginfo24.com\/wp-content\/uploads\/sites\/7\/2026\/04\/Garbe_29.4.26-scaled-aspect-ratio-1400-788-scaled-1.jpg","width":2560,"height":1440},{"@type":"BreadcrumbList","@id":"https:\/\/loginfo24.com\/it\/2026\/04\/29\/garbe-industrial-costruisce-un-parco-commerciale-a-holzgerlingen\/#breadcrumb","itemListElement":[{"@type":"ListItem","position":1,"name":"Startseite","item":"https:\/\/loginfo24.com\/it\/"},{"@type":"ListItem","position":2,"name":"Garbe Industrial costruisce un parco commerciale a Holzgerlingen"}]},{"@type":"WebSite","@id":"https:\/\/loginfo24.com\/it\/#website","url":"https:\/\/loginfo24.com\/it\/","name":"Loginfo24","description":"Loginfo24 \u00e8 la piattaforma dedicata alla logistica e alle catene di fornitura con informazioni disponibili 24 ore su 24.","publisher":{"@id":"https:\/\/loginfo24.com\/it\/#organization"},"potentialAction":[{"@type":"SearchAction","target":{"@type":"EntryPoint","urlTemplate":"https:\/\/loginfo24.com\/it\/?s={search_term_string}"},"query-input":{"@type":"PropertyValueSpecification","valueRequired":true,"valueName":"search_term_string"}}],"inLanguage":"it-IT"},{"@type":"Organization","@id":"https:\/\/loginfo24.com\/it\/#organization","name":"Logismedia Group AG","url":"https:\/\/loginfo24.com\/it\/","logo":{"@type":"ImageObject","inLanguage":"it-IT","@id":"https:\/\/loginfo24.com\/it\/#\/schema\/logo\/image\/","url":"https:\/\/loginfo24.com\/wp-content\/uploads\/sites\/7\/2026\/01\/Logo_LogInfo24.png","contentUrl":"https:\/\/loginfo24.com\/wp-content\/uploads\/sites\/7\/2026\/01\/Logo_LogInfo24.png","width":938,"height":351,"caption":"Logismedia Group AG"},"image":{"@id":"https:\/\/loginfo24.com\/it\/#\/schema\/logo\/image\/"},"sameAs":["https:\/\/www.facebook.com\/people\/Loginfo24\/100057360583332\/","https:\/\/www.linkedin.com\/company\/lofinfo24\/"]},{"@type":"Person","@id":"https:\/\/loginfo24.com\/it\/#\/schema\/person\/7b1593b33567ba798d300c8a1b0b85b1","name":"Andreas M\u00fcller","url":"https:\/\/loginfo24.com\/it\/author\/logismedia\/"}]}},"_links":{"self":[{"href":"https:\/\/loginfo24.com\/it\/wp-json\/wp\/v2\/posts\/79538","targetHints":{"allow":["GET"]}}],"collection":[{"href":"https:\/\/loginfo24.com\/it\/wp-json\/wp\/v2\/posts"}],"about":[{"href":"https:\/\/loginfo24.com\/it\/wp-json\/wp\/v2\/types\/post"}],"author":[{"embeddable":true,"href":"https:\/\/loginfo24.com\/it\/wp-json\/wp\/v2\/users\/7"}],"replies":[{"embeddable":true,"href":"https:\/\/loginfo24.com\/it\/wp-json\/wp\/v2\/comments?post=79538"}],"version-history":[{"count":0,"href":"https:\/\/loginfo24.com\/it\/wp-json\/wp\/v2\/posts\/79538\/revisions"}],"wp:featuredmedia":[{"embeddable":true,"href":"https:\/\/loginfo24.com\/it\/wp-json\/wp\/v2\/media\/79534"}],"wp:attachment":[{"href":"https:\/\/loginfo24.com\/it\/wp-json\/wp\/v2\/media?parent=79538"}],"wp:term":[{"taxonomy":"category","embeddable":true,"href":"https:\/\/loginfo24.com\/it\/wp-json\/wp\/v2\/categories?post=79538"},{"taxonomy":"post_tag","embeddable":true,"href":"https:\/\/loginfo24.com\/it\/wp-json\/wp\/v2\/tags?post=79538"}],"curies":[{"name":"wp","href":"https:\/\/api.w.org\/{rel}","templated":true}]}}