{"id":79401,"date":"2026-04-28T10:54:12","date_gmt":"2026-04-28T10:54:12","guid":{"rendered":"https:\/\/loginfo24.com\/2026\/04\/28\/gebrueder-weiss-ordina-14-mercedes-benz-eactros-600\/"},"modified":"2026-04-28T10:54:12","modified_gmt":"2026-04-28T10:54:12","slug":"gebrueder-weiss-ordina-14-mercedes-benz-eactros-600","status":"publish","type":"post","link":"https:\/\/loginfo24.com\/it\/2026\/04\/28\/gebrueder-weiss-ordina-14-mercedes-benz-eactros-600\/","title":{"rendered":"Gebr\u00fcder Weiss ordina 14 Mercedes-Benz eActros 600"},"content":{"rendered":"<p>Il logisticista austriaco Gebr\u00fcder Weiss gestisce dal fine del 2025 quattordici camion elettrici del tipo Mercedes-Benz eActros 600, che utilizza nel trasporto quotidiano di merci, nel traffico di linea e nel trasporto a lungo raggio presso le sue sedi a Vienna, P\u00f6chlarn, Wels e Hall in Tirol, nonch\u00e9 nella sua sede principale a Lauterach. L&#8217;eActros 600 opera presso Gebr\u00fcder Weiss sia nei trasporti regionali che nel traffico di linea e a lungo raggio pi\u00f9 impegnativo. La base di ci\u00f2 \u00e8 un&#8217;infrastruttura di ricarica di propriet\u00e0 dell&#8217;azienda.<\/p>\n<p>\u201eL&#8217;eActros 600 \u00e8 un vero Game Changer. Dimostra che i camion elettrici non sono pi\u00f9 musica del futuro, ma realt\u00e0 \u2013 e non solo nel trasporto di distribuzione, ma anche nel trasporto a lungo raggio nazionale e internazionale\u201c, afferma Jens Tittel, amministratore delegato di Daimler Truck Austria. \u201ePer una trasformazione di successo sono necessari i prodotti giusti, un&#8217;infrastruttura di ricarica funzionante e clienti che abbiano il coraggio di andare avanti. Ringraziamo Gebr\u00fcder Weiss per gli investimenti e il chiaro impegno verso soluzioni di trasporto CO\u2082-neutre.\u201c<\/p>\n<p>Gebr\u00fcder Weiss rappresenta da oltre 500 anni continuit\u00e0 attraverso le generazioni e l&#8217;ambizione di ripensare continuamente la logistica. Proprio perch\u00e9 un&#8217;economia sostenibile non inizia solo oggi, ma deve essere pianificata a lungo termine, l&#8217;azienda punta precocemente sulla mobilit\u00e0 elettrica nel settore dei trasporti pesanti. \u201eUn&#8217;azienda pu\u00f2 avere successo solo se opera in modo sostenibile e pianifica gli investimenti a lungo termine\u201c, afferma J\u00fcrgen Bauer, membro della direzione di Gebr\u00fcder Weiss. \u201ePer questo motivo abbiamo scelto precocemente una strategia elettrica. Collaboriamo con Daimler Truck nel settore dei motori a combustione da dieci anni. Per noi sono determinanti la leadership tecnologica, l&#8217;efficienza e la sicurezza. L&#8217;eActros 600 \u00e8 stato il primo a soddisfare le esigenze di autonomia nei nostri trasporti di rete \u2013 e con la rete di assistenza di Daimler Truck in tutta Europa, il pacchetto complessivo si adatta alle nostre esigenze.\u201c<\/p>\n<p>Un elemento centrale della strategia di elettrificazione \u00e8 l&#8217;infrastruttura energetica e di ricarica di propriet\u00e0 dell&#8217;azienda. Poich\u00e9 le offerte di ricarica pubbliche per i camion elettrici non sono ancora sufficienti in molte aree, Gebr\u00fcder Weiss ha installato sistemi di ricarica e fornitura energetica propri in diverse sedi in Austria e nel sud della Germania. L&#8217;energia proviene dall&#8217;impianto fotovoltaico di propriet\u00e0 dell&#8217;azienda o da energia verde certificata.<\/p>\n<p>\u201eI nostri clienti si aspettano affidabilit\u00e0 e puntualit\u00e0 anche nei trasporti senza emissioni\u201c, sottolinea Stefan Oberhauser, responsabile della filiale Land &amp; Logistik Vorarlberg di Gebr\u00fcder Weiss. \u201eCon la nostra fornitura energetica e le nuove soluzioni veicolari, il trasporto sostenibile su strada pu\u00f2 essere realizzato in modo ideale. Inoltre, i veicoli possono ricaricare mentre caricano o scaricano merci \u2013 senza tempi di attesa aggiuntivi.\u201c<\/p>\n<p>I camion elettrici presso la sede di Vorarlberg (Austria) sono in servizio giorno e notte. Vengono utilizzati per trasporti regionali in Vorarlberg, per tour in Svizzera e Germania, nonch\u00e9 per traffico di linea verso Hall in Tirol e Friburgo in Brisgovia. Oberhauser: \u201eLa mobilit\u00e0 elettrica significa anche una nuova mentalit\u00e0 \u2013 pi\u00f9 pianificazione, gestione del carico pulita e una programmazione che integra in modo intelligente i tempi di ricarica. Mostra anche dove l&#8217;infrastruttura e le condizioni quadro devono ancora migliorare.\u201c<\/p>\n<p>Gebr\u00fcder Weiss prevede di espandere la propria infrastruttura di ricarica anche in altre sedi, per poter effettuare tour ancora pi\u00f9 indipendenti dalle stazioni di ricarica esterne. Entro la fine del 2026, la flotta elettrica in Austria dovrebbe crescere fino a un totale di 25 Mercedes-Benz eActros.<\/p>\n<p><a href=\"http:\/\/www.daimlertruck.com\" target=\"_blank\" rel=\"noopener noreferrer\">www.daimlertruck.com<\/a><\/p>\n","protected":false},"excerpt":{"rendered":"<p>Il logistic operator Gebr\u00fcder Weiss utilizzer\u00e0 un totale di 25 Mercedes-Benz eActros entro la fine del 2026 e amplier\u00e0 la propria infrastruttura di ricarica in diverse sedi.<\/p>\n","protected":false},"author":7,"featured_media":79397,"comment_status":"open","ping_status":"","sticky":false,"template":"","format":"standard","meta":{"_acf_changed":false,"footnotes":""},"categories":[6668,6667,1628],"tags":[22387,22388,22389,22390,22391,22392,22393,22394,18083,3353,3354,22395,22396,22397,22398,22399,22400,22401,22402,22403,2999,3000,22404,22405,22406,22407,22408,10506,22409,22410,22411,22412,22413,3146,3147,2622,22414,22415,1800,3379,22416,13559,3158,22417,22418,22419,22420,22421,2641,22422,22423,6757,22424,3033,22425,6759],"class_list":["post-79401","post","type-post","status-publish","format-standard","has-post-thumbnail","hentry","category-austria","category-germania","category-intermodale-strada","tag-camions-electriques-autriche","tag-camions-lourds-electriques","tag-charging-infrastructure-electric-trucks","tag-co-neutral-transport-solutions","tag-co-neutrale-transportloesungen","tag-daimler-truck-austria","tag-daimler-truck-autriche","tag-daimler-truck-oesterreich","tag-deutsch-gebrueder-weiss","tag-digitalisierung-logistik","tag-digitalization-logistics","tag-e-fleet-expansion-francais-gebrueder-weiss","tag-e-flotte-ausbau-english-gebrueder-weiss","tag-e-lkw-oesterreich","tag-e-mobilitaet-strategie","tag-e-mobility-strategy","tag-electric-trucks-austria","tag-electromobilite-transport","tag-electromobility-transport","tag-elektromobilitaet-transport","tag-emission-free-transport","tag-emissionsfreier-transport","tag-energieversorgungssysteme","tag-energy-supply-systems","tag-expansion-flotte-electrique","tag-fernverkehr-e-lkw","tag-heavy-duty-electric-trucks","tag-industrie-du-transport-autriche","tag-infrastructure-charging-points","tag-infrastructure-de-recharge-camions-electriques","tag-infrastructure-points-de-recharge","tag-infrastruktur-ladepunkte","tag-ladeinfrastruktur-e-lkw","tag-logistics-service-providers-austria","tag-logistikdienstleister-oesterreich","tag-logistique-durable","tag-long-distance-transport-electric-trucks","tag-mercedes-benz-eactros-600","tag-nachhaltige-logistik","tag-numerisation-logistique","tag-photovoltaic-systems-logistics","tag-photovoltaikanlage-logistik","tag-prestataires-de-services-logistiques-autriche","tag-regional-transport-vorarlberg","tag-regionale-verkehre-vorarlberg","tag-schwerlastverkehr-e-lkw","tag-solutions-de-transport-neutres-en-co","tag-strategie-delectromobilite","tag-sustainable-logistics","tag-systemes-dapprovisionnement-en-energie","tag-systemes-photovoltaiques-logistique","tag-transport-industry-austria","tag-transport-longue-distance-camions-electriques","tag-transport-sans-emissions","tag-transports-regionaux-vorarlberg","tag-transportwirtschaft-oesterreich"],"acf":[],"yoast_head":"<!-- This site is optimized with the Yoast SEO plugin v27.3 - https:\/\/yoast.com\/product\/yoast-seo-wordpress\/ -->\n<title>Gebr\u00fcder Weiss ordina 14 Mercedes-Benz eActros 600 - Loginfo24<\/title>\n<meta name=\"robots\" content=\"index, follow, max-snippet:-1, max-image-preview:large, max-video-preview:-1\" \/>\n<link rel=\"canonical\" href=\"https:\/\/loginfo24.com\/it\/2026\/04\/28\/gebrueder-weiss-ordina-14-mercedes-benz-eactros-600\/\" \/>\n<meta property=\"og:locale\" content=\"it_IT\" \/>\n<meta property=\"og:type\" content=\"article\" \/>\n<meta property=\"og:title\" content=\"Gebr\u00fcder Weiss ordina 14 Mercedes-Benz eActros 600 - Loginfo24\" \/>\n<meta property=\"og:description\" content=\"Il logistic operator Gebr\u00fcder Weiss utilizzer\u00e0 un totale di 25 Mercedes-Benz eActros entro la fine del 2026 e amplier\u00e0 la propria infrastruttura di ricarica in diverse sedi.\" \/>\n<meta property=\"og:url\" content=\"https:\/\/loginfo24.com\/it\/2026\/04\/28\/gebrueder-weiss-ordina-14-mercedes-benz-eactros-600\/\" \/>\n<meta property=\"og:site_name\" content=\"Loginfo24\" \/>\n<meta property=\"article:publisher\" content=\"https:\/\/www.facebook.com\/people\/Loginfo24\/100057360583332\/\" \/>\n<meta property=\"article:published_time\" content=\"2026-04-28T10:54:12+00:00\" \/>\n<meta property=\"og:image\" content=\"https:\/\/loginfo24.com\/wp-content\/uploads\/sites\/7\/2026\/04\/26DT076_001-scaled-aspect-ratio-1400-788-scaled-1.jpg\" \/>\n\t<meta property=\"og:image:width\" content=\"2560\" \/>\n\t<meta property=\"og:image:height\" content=\"1441\" \/>\n\t<meta property=\"og:image:type\" content=\"image\/jpeg\" \/>\n<meta name=\"author\" content=\"Andreas M\u00fcller\" \/>\n<meta name=\"twitter:card\" content=\"summary_large_image\" \/>\n<meta name=\"twitter:label1\" content=\"Scritto da\" \/>\n\t<meta name=\"twitter:data1\" content=\"Andreas M\u00fcller\" \/>\n\t<meta name=\"twitter:label2\" content=\"Tempo di lettura stimato\" \/>\n\t<meta name=\"twitter:data2\" content=\"3 minuto\" \/>\n<script type=\"application\/ld+json\" class=\"yoast-schema-graph\">{\"@context\":\"https:\\\/\\\/schema.org\",\"@graph\":[{\"@type\":\"Article\",\"@id\":\"https:\\\/\\\/loginfo24.com\\\/it\\\/2026\\\/04\\\/28\\\/gebrueder-weiss-ordina-14-mercedes-benz-eactros-600\\\/#article\",\"isPartOf\":{\"@id\":\"https:\\\/\\\/loginfo24.com\\\/it\\\/2026\\\/04\\\/28\\\/gebrueder-weiss-ordina-14-mercedes-benz-eactros-600\\\/\"},\"author\":{\"name\":\"Andreas M\u00fcller\",\"@id\":\"https:\\\/\\\/loginfo24.com\\\/it\\\/#\\\/schema\\\/person\\\/7b1593b33567ba798d300c8a1b0b85b1\"},\"headline\":\"Gebr\u00fcder Weiss ordina 14 Mercedes-Benz eActros 600\",\"datePublished\":\"2026-04-28T10:54:12+00:00\",\"mainEntityOfPage\":{\"@id\":\"https:\\\/\\\/loginfo24.com\\\/it\\\/2026\\\/04\\\/28\\\/gebrueder-weiss-ordina-14-mercedes-benz-eactros-600\\\/\"},\"wordCount\":588,\"commentCount\":0,\"publisher\":{\"@id\":\"https:\\\/\\\/loginfo24.com\\\/it\\\/#organization\"},\"image\":{\"@id\":\"https:\\\/\\\/loginfo24.com\\\/it\\\/2026\\\/04\\\/28\\\/gebrueder-weiss-ordina-14-mercedes-benz-eactros-600\\\/#primaryimage\"},\"thumbnailUrl\":\"https:\\\/\\\/loginfo24.com\\\/wp-content\\\/uploads\\\/sites\\\/7\\\/2026\\\/04\\\/26DT076_001-scaled-aspect-ratio-1400-788-scaled-1.jpg\",\"keywords\":[\"camions \u00e9lectriques Autriche\",\"camions lourds \u00e9lectriques\",\"charging infrastructure electric trucks\",\"CO\u2082-neutral transport solutions\",\"CO\u2082-neutrale Transportl\u00f6sungen\",\"Daimler Truck Austria\",\"Daimler Truck Autriche\",\"Daimler Truck \u00d6sterreich\",\"Deutsch Gebr\u00fcder Weiss\",\"Digitalisierung Logistik\",\"digitalization logistics\",\"e-fleet expansion Fran\u00e7ais Gebr\u00fcder Weiss\",\"E-Flotte Ausbau English Gebr\u00fcder Weiss\",\"E-Lkw \u00d6sterreich\",\"E-Mobilit\u00e4t Strategie\",\"e-mobility strategy\",\"electric trucks Austria\",\"\u00e9lectromobilit\u00e9 transport\",\"electromobility transport\",\"Elektromobilit\u00e4t Transport\",\"emission-free transport\",\"emissionsfreier Transport\",\"Energieversorgungssysteme\",\"energy supply systems\",\"expansion flotte \u00e9lectrique\",\"Fernverkehr E-Lkw\",\"heavy-duty electric trucks\",\"industrie du transport Autriche\",\"infrastructure charging points\",\"infrastructure de recharge camions \u00e9lectriques\",\"infrastructure points de recharge\",\"Infrastruktur Ladepunkte\",\"Ladeinfrastruktur E-Lkw\",\"logistics service providers Austria\",\"Logistikdienstleister \u00d6sterreich\",\"logistique durable\",\"long-distance transport electric trucks\",\"Mercedes-Benz eActros 600\",\"nachhaltige Logistik\",\"num\u00e9risation logistique\",\"photovoltaic systems logistics\",\"Photovoltaikanlage Logistik\",\"prestataires de services logistiques Autriche\",\"regional transport Vorarlberg\",\"regionale Verkehre Vorarlberg\",\"Schwerlastverkehr E-Lkw\",\"solutions de transport neutres en CO\u2082\",\"strat\u00e9gie d'\u00e9lectromobilit\u00e9\",\"sustainable logistics\",\"syst\u00e8mes d'approvisionnement en \u00e9nergie\",\"syst\u00e8mes photovolta\u00efques logistique\",\"transport industry Austria\",\"transport longue distance camions \u00e9lectriques\",\"transport sans \u00e9missions\",\"transports r\u00e9gionaux Vorarlberg\",\"Transportwirtschaft \u00d6sterreich\"],\"articleSection\":[\"Austria\",\"Germania\",\"Intermodale \\\/ Strada\"],\"inLanguage\":\"it-IT\",\"potentialAction\":[{\"@type\":\"CommentAction\",\"name\":\"Comment\",\"target\":[\"https:\\\/\\\/loginfo24.com\\\/it\\\/2026\\\/04\\\/28\\\/gebrueder-weiss-ordina-14-mercedes-benz-eactros-600\\\/#respond\"]}]},{\"@type\":\"WebPage\",\"@id\":\"https:\\\/\\\/loginfo24.com\\\/it\\\/2026\\\/04\\\/28\\\/gebrueder-weiss-ordina-14-mercedes-benz-eactros-600\\\/\",\"url\":\"https:\\\/\\\/loginfo24.com\\\/it\\\/2026\\\/04\\\/28\\\/gebrueder-weiss-ordina-14-mercedes-benz-eactros-600\\\/\",\"name\":\"Gebr\u00fcder Weiss ordina 14 Mercedes-Benz eActros 600 - Loginfo24\",\"isPartOf\":{\"@id\":\"https:\\\/\\\/loginfo24.com\\\/it\\\/#website\"},\"primaryImageOfPage\":{\"@id\":\"https:\\\/\\\/loginfo24.com\\\/it\\\/2026\\\/04\\\/28\\\/gebrueder-weiss-ordina-14-mercedes-benz-eactros-600\\\/#primaryimage\"},\"image\":{\"@id\":\"https:\\\/\\\/loginfo24.com\\\/it\\\/2026\\\/04\\\/28\\\/gebrueder-weiss-ordina-14-mercedes-benz-eactros-600\\\/#primaryimage\"},\"thumbnailUrl\":\"https:\\\/\\\/loginfo24.com\\\/wp-content\\\/uploads\\\/sites\\\/7\\\/2026\\\/04\\\/26DT076_001-scaled-aspect-ratio-1400-788-scaled-1.jpg\",\"datePublished\":\"2026-04-28T10:54:12+00:00\",\"breadcrumb\":{\"@id\":\"https:\\\/\\\/loginfo24.com\\\/it\\\/2026\\\/04\\\/28\\\/gebrueder-weiss-ordina-14-mercedes-benz-eactros-600\\\/#breadcrumb\"},\"inLanguage\":\"it-IT\",\"potentialAction\":[{\"@type\":\"ReadAction\",\"target\":[\"https:\\\/\\\/loginfo24.com\\\/it\\\/2026\\\/04\\\/28\\\/gebrueder-weiss-ordina-14-mercedes-benz-eactros-600\\\/\"]}]},{\"@type\":\"ImageObject\",\"inLanguage\":\"it-IT\",\"@id\":\"https:\\\/\\\/loginfo24.com\\\/it\\\/2026\\\/04\\\/28\\\/gebrueder-weiss-ordina-14-mercedes-benz-eactros-600\\\/#primaryimage\",\"url\":\"https:\\\/\\\/loginfo24.com\\\/wp-content\\\/uploads\\\/sites\\\/7\\\/2026\\\/04\\\/26DT076_001-scaled-aspect-ratio-1400-788-scaled-1.jpg\",\"contentUrl\":\"https:\\\/\\\/loginfo24.com\\\/wp-content\\\/uploads\\\/sites\\\/7\\\/2026\\\/04\\\/26DT076_001-scaled-aspect-ratio-1400-788-scaled-1.jpg\",\"width\":2560,\"height\":1441},{\"@type\":\"BreadcrumbList\",\"@id\":\"https:\\\/\\\/loginfo24.com\\\/it\\\/2026\\\/04\\\/28\\\/gebrueder-weiss-ordina-14-mercedes-benz-eactros-600\\\/#breadcrumb\",\"itemListElement\":[{\"@type\":\"ListItem\",\"position\":1,\"name\":\"Startseite\",\"item\":\"https:\\\/\\\/loginfo24.com\\\/it\\\/\"},{\"@type\":\"ListItem\",\"position\":2,\"name\":\"Gebr\u00fcder Weiss ordina 14 Mercedes-Benz eActros 600\"}]},{\"@type\":\"WebSite\",\"@id\":\"https:\\\/\\\/loginfo24.com\\\/it\\\/#website\",\"url\":\"https:\\\/\\\/loginfo24.com\\\/it\\\/\",\"name\":\"Loginfo24\",\"description\":\"Loginfo24 \u00e8 la piattaforma dedicata alla logistica e alle catene di fornitura con informazioni disponibili 24 ore su 24.\",\"publisher\":{\"@id\":\"https:\\\/\\\/loginfo24.com\\\/it\\\/#organization\"},\"potentialAction\":[{\"@type\":\"SearchAction\",\"target\":{\"@type\":\"EntryPoint\",\"urlTemplate\":\"https:\\\/\\\/loginfo24.com\\\/it\\\/?s={search_term_string}\"},\"query-input\":{\"@type\":\"PropertyValueSpecification\",\"valueRequired\":true,\"valueName\":\"search_term_string\"}}],\"inLanguage\":\"it-IT\"},{\"@type\":\"Organization\",\"@id\":\"https:\\\/\\\/loginfo24.com\\\/it\\\/#organization\",\"name\":\"Logismedia Group AG\",\"url\":\"https:\\\/\\\/loginfo24.com\\\/it\\\/\",\"logo\":{\"@type\":\"ImageObject\",\"inLanguage\":\"it-IT\",\"@id\":\"https:\\\/\\\/loginfo24.com\\\/it\\\/#\\\/schema\\\/logo\\\/image\\\/\",\"url\":\"https:\\\/\\\/loginfo24.com\\\/wp-content\\\/uploads\\\/sites\\\/7\\\/2026\\\/01\\\/Logo_LogInfo24.png\",\"contentUrl\":\"https:\\\/\\\/loginfo24.com\\\/wp-content\\\/uploads\\\/sites\\\/7\\\/2026\\\/01\\\/Logo_LogInfo24.png\",\"width\":938,\"height\":351,\"caption\":\"Logismedia Group AG\"},\"image\":{\"@id\":\"https:\\\/\\\/loginfo24.com\\\/it\\\/#\\\/schema\\\/logo\\\/image\\\/\"},\"sameAs\":[\"https:\\\/\\\/www.facebook.com\\\/people\\\/Loginfo24\\\/100057360583332\\\/\",\"https:\\\/\\\/www.linkedin.com\\\/company\\\/lofinfo24\\\/\"]},{\"@type\":\"Person\",\"@id\":\"https:\\\/\\\/loginfo24.com\\\/it\\\/#\\\/schema\\\/person\\\/7b1593b33567ba798d300c8a1b0b85b1\",\"name\":\"Andreas M\u00fcller\",\"url\":\"https:\\\/\\\/loginfo24.com\\\/it\\\/author\\\/logismedia\\\/\"}]}<\/script>\n<!-- \/ Yoast SEO plugin. -->","yoast_head_json":{"title":"Gebr\u00fcder Weiss ordina 14 Mercedes-Benz eActros 600 - Loginfo24","robots":{"index":"index","follow":"follow","max-snippet":"max-snippet:-1","max-image-preview":"max-image-preview:large","max-video-preview":"max-video-preview:-1"},"canonical":"https:\/\/loginfo24.com\/it\/2026\/04\/28\/gebrueder-weiss-ordina-14-mercedes-benz-eactros-600\/","og_locale":"it_IT","og_type":"article","og_title":"Gebr\u00fcder Weiss ordina 14 Mercedes-Benz eActros 600 - Loginfo24","og_description":"Il logistic operator Gebr\u00fcder Weiss utilizzer\u00e0 un totale di 25 Mercedes-Benz eActros entro la fine del 2026 e amplier\u00e0 la propria infrastruttura di ricarica in diverse sedi.","og_url":"https:\/\/loginfo24.com\/it\/2026\/04\/28\/gebrueder-weiss-ordina-14-mercedes-benz-eactros-600\/","og_site_name":"Loginfo24","article_publisher":"https:\/\/www.facebook.com\/people\/Loginfo24\/100057360583332\/","article_published_time":"2026-04-28T10:54:12+00:00","og_image":[{"width":2560,"height":1441,"url":"https:\/\/loginfo24.com\/wp-content\/uploads\/sites\/7\/2026\/04\/26DT076_001-scaled-aspect-ratio-1400-788-scaled-1.jpg","type":"image\/jpeg"}],"author":"Andreas M\u00fcller","twitter_card":"summary_large_image","twitter_misc":{"Scritto da":"Andreas M\u00fcller","Tempo di lettura stimato":"3 minuto"},"schema":{"@context":"https:\/\/schema.org","@graph":[{"@type":"Article","@id":"https:\/\/loginfo24.com\/it\/2026\/04\/28\/gebrueder-weiss-ordina-14-mercedes-benz-eactros-600\/#article","isPartOf":{"@id":"https:\/\/loginfo24.com\/it\/2026\/04\/28\/gebrueder-weiss-ordina-14-mercedes-benz-eactros-600\/"},"author":{"name":"Andreas M\u00fcller","@id":"https:\/\/loginfo24.com\/it\/#\/schema\/person\/7b1593b33567ba798d300c8a1b0b85b1"},"headline":"Gebr\u00fcder Weiss ordina 14 Mercedes-Benz eActros 600","datePublished":"2026-04-28T10:54:12+00:00","mainEntityOfPage":{"@id":"https:\/\/loginfo24.com\/it\/2026\/04\/28\/gebrueder-weiss-ordina-14-mercedes-benz-eactros-600\/"},"wordCount":588,"commentCount":0,"publisher":{"@id":"https:\/\/loginfo24.com\/it\/#organization"},"image":{"@id":"https:\/\/loginfo24.com\/it\/2026\/04\/28\/gebrueder-weiss-ordina-14-mercedes-benz-eactros-600\/#primaryimage"},"thumbnailUrl":"https:\/\/loginfo24.com\/wp-content\/uploads\/sites\/7\/2026\/04\/26DT076_001-scaled-aspect-ratio-1400-788-scaled-1.jpg","keywords":["camions \u00e9lectriques Autriche","camions lourds \u00e9lectriques","charging infrastructure electric trucks","CO\u2082-neutral transport solutions","CO\u2082-neutrale Transportl\u00f6sungen","Daimler Truck Austria","Daimler Truck Autriche","Daimler Truck \u00d6sterreich","Deutsch Gebr\u00fcder Weiss","Digitalisierung Logistik","digitalization logistics","e-fleet expansion Fran\u00e7ais Gebr\u00fcder Weiss","E-Flotte Ausbau English Gebr\u00fcder Weiss","E-Lkw \u00d6sterreich","E-Mobilit\u00e4t Strategie","e-mobility strategy","electric trucks Austria","\u00e9lectromobilit\u00e9 transport","electromobility transport","Elektromobilit\u00e4t Transport","emission-free transport","emissionsfreier Transport","Energieversorgungssysteme","energy supply systems","expansion flotte \u00e9lectrique","Fernverkehr E-Lkw","heavy-duty electric trucks","industrie du transport Autriche","infrastructure charging points","infrastructure de recharge camions \u00e9lectriques","infrastructure points de recharge","Infrastruktur Ladepunkte","Ladeinfrastruktur E-Lkw","logistics service providers Austria","Logistikdienstleister \u00d6sterreich","logistique durable","long-distance transport electric trucks","Mercedes-Benz eActros 600","nachhaltige Logistik","num\u00e9risation logistique","photovoltaic systems logistics","Photovoltaikanlage Logistik","prestataires de services logistiques Autriche","regional transport Vorarlberg","regionale Verkehre Vorarlberg","Schwerlastverkehr E-Lkw","solutions de transport neutres en CO\u2082","strat\u00e9gie d'\u00e9lectromobilit\u00e9","sustainable logistics","syst\u00e8mes d'approvisionnement en \u00e9nergie","syst\u00e8mes photovolta\u00efques logistique","transport industry Austria","transport longue distance camions \u00e9lectriques","transport sans \u00e9missions","transports r\u00e9gionaux Vorarlberg","Transportwirtschaft \u00d6sterreich"],"articleSection":["Austria","Germania","Intermodale \/ Strada"],"inLanguage":"it-IT","potentialAction":[{"@type":"CommentAction","name":"Comment","target":["https:\/\/loginfo24.com\/it\/2026\/04\/28\/gebrueder-weiss-ordina-14-mercedes-benz-eactros-600\/#respond"]}]},{"@type":"WebPage","@id":"https:\/\/loginfo24.com\/it\/2026\/04\/28\/gebrueder-weiss-ordina-14-mercedes-benz-eactros-600\/","url":"https:\/\/loginfo24.com\/it\/2026\/04\/28\/gebrueder-weiss-ordina-14-mercedes-benz-eactros-600\/","name":"Gebr\u00fcder Weiss ordina 14 Mercedes-Benz eActros 600 - Loginfo24","isPartOf":{"@id":"https:\/\/loginfo24.com\/it\/#website"},"primaryImageOfPage":{"@id":"https:\/\/loginfo24.com\/it\/2026\/04\/28\/gebrueder-weiss-ordina-14-mercedes-benz-eactros-600\/#primaryimage"},"image":{"@id":"https:\/\/loginfo24.com\/it\/2026\/04\/28\/gebrueder-weiss-ordina-14-mercedes-benz-eactros-600\/#primaryimage"},"thumbnailUrl":"https:\/\/loginfo24.com\/wp-content\/uploads\/sites\/7\/2026\/04\/26DT076_001-scaled-aspect-ratio-1400-788-scaled-1.jpg","datePublished":"2026-04-28T10:54:12+00:00","breadcrumb":{"@id":"https:\/\/loginfo24.com\/it\/2026\/04\/28\/gebrueder-weiss-ordina-14-mercedes-benz-eactros-600\/#breadcrumb"},"inLanguage":"it-IT","potentialAction":[{"@type":"ReadAction","target":["https:\/\/loginfo24.com\/it\/2026\/04\/28\/gebrueder-weiss-ordina-14-mercedes-benz-eactros-600\/"]}]},{"@type":"ImageObject","inLanguage":"it-IT","@id":"https:\/\/loginfo24.com\/it\/2026\/04\/28\/gebrueder-weiss-ordina-14-mercedes-benz-eactros-600\/#primaryimage","url":"https:\/\/loginfo24.com\/wp-content\/uploads\/sites\/7\/2026\/04\/26DT076_001-scaled-aspect-ratio-1400-788-scaled-1.jpg","contentUrl":"https:\/\/loginfo24.com\/wp-content\/uploads\/sites\/7\/2026\/04\/26DT076_001-scaled-aspect-ratio-1400-788-scaled-1.jpg","width":2560,"height":1441},{"@type":"BreadcrumbList","@id":"https:\/\/loginfo24.com\/it\/2026\/04\/28\/gebrueder-weiss-ordina-14-mercedes-benz-eactros-600\/#breadcrumb","itemListElement":[{"@type":"ListItem","position":1,"name":"Startseite","item":"https:\/\/loginfo24.com\/it\/"},{"@type":"ListItem","position":2,"name":"Gebr\u00fcder Weiss ordina 14 Mercedes-Benz eActros 600"}]},{"@type":"WebSite","@id":"https:\/\/loginfo24.com\/it\/#website","url":"https:\/\/loginfo24.com\/it\/","name":"Loginfo24","description":"Loginfo24 \u00e8 la piattaforma dedicata alla logistica e alle catene di fornitura con informazioni disponibili 24 ore su 24.","publisher":{"@id":"https:\/\/loginfo24.com\/it\/#organization"},"potentialAction":[{"@type":"SearchAction","target":{"@type":"EntryPoint","urlTemplate":"https:\/\/loginfo24.com\/it\/?s={search_term_string}"},"query-input":{"@type":"PropertyValueSpecification","valueRequired":true,"valueName":"search_term_string"}}],"inLanguage":"it-IT"},{"@type":"Organization","@id":"https:\/\/loginfo24.com\/it\/#organization","name":"Logismedia Group AG","url":"https:\/\/loginfo24.com\/it\/","logo":{"@type":"ImageObject","inLanguage":"it-IT","@id":"https:\/\/loginfo24.com\/it\/#\/schema\/logo\/image\/","url":"https:\/\/loginfo24.com\/wp-content\/uploads\/sites\/7\/2026\/01\/Logo_LogInfo24.png","contentUrl":"https:\/\/loginfo24.com\/wp-content\/uploads\/sites\/7\/2026\/01\/Logo_LogInfo24.png","width":938,"height":351,"caption":"Logismedia Group AG"},"image":{"@id":"https:\/\/loginfo24.com\/it\/#\/schema\/logo\/image\/"},"sameAs":["https:\/\/www.facebook.com\/people\/Loginfo24\/100057360583332\/","https:\/\/www.linkedin.com\/company\/lofinfo24\/"]},{"@type":"Person","@id":"https:\/\/loginfo24.com\/it\/#\/schema\/person\/7b1593b33567ba798d300c8a1b0b85b1","name":"Andreas M\u00fcller","url":"https:\/\/loginfo24.com\/it\/author\/logismedia\/"}]}},"_links":{"self":[{"href":"https:\/\/loginfo24.com\/it\/wp-json\/wp\/v2\/posts\/79401","targetHints":{"allow":["GET"]}}],"collection":[{"href":"https:\/\/loginfo24.com\/it\/wp-json\/wp\/v2\/posts"}],"about":[{"href":"https:\/\/loginfo24.com\/it\/wp-json\/wp\/v2\/types\/post"}],"author":[{"embeddable":true,"href":"https:\/\/loginfo24.com\/it\/wp-json\/wp\/v2\/users\/7"}],"replies":[{"embeddable":true,"href":"https:\/\/loginfo24.com\/it\/wp-json\/wp\/v2\/comments?post=79401"}],"version-history":[{"count":0,"href":"https:\/\/loginfo24.com\/it\/wp-json\/wp\/v2\/posts\/79401\/revisions"}],"wp:featuredmedia":[{"embeddable":true,"href":"https:\/\/loginfo24.com\/it\/wp-json\/wp\/v2\/media\/79397"}],"wp:attachment":[{"href":"https:\/\/loginfo24.com\/it\/wp-json\/wp\/v2\/media?parent=79401"}],"wp:term":[{"taxonomy":"category","embeddable":true,"href":"https:\/\/loginfo24.com\/it\/wp-json\/wp\/v2\/categories?post=79401"},{"taxonomy":"post_tag","embeddable":true,"href":"https:\/\/loginfo24.com\/it\/wp-json\/wp\/v2\/tags?post=79401"}],"curies":[{"name":"wp","href":"https:\/\/api.w.org\/{rel}","templated":true}]}}