{"id":79284,"date":"2026-04-27T10:59:38","date_gmt":"2026-04-27T10:59:38","guid":{"rendered":"https:\/\/loginfo24.com\/2026\/04\/27\/four-parx-con-la-posa-della-prima-pietra-per-il-parco-commerciale-kirchheim-munich\/"},"modified":"2026-04-27T10:59:38","modified_gmt":"2026-04-27T10:59:38","slug":"four-parx-con-la-posa-della-prima-pietra-per-il-parco-commerciale-kirchheim-munich","status":"publish","type":"post","link":"https:\/\/loginfo24.com\/it\/2026\/04\/27\/four-parx-con-la-posa-della-prima-pietra-per-il-parco-commerciale-kirchheim-munich\/","title":{"rendered":"Four Parx con la posa della prima pietra per il parco commerciale Kirchheim\/Munich"},"content":{"rendered":"<p>Il sviluppatore di progetti FOUR PARX di Dreieich ha celebrato il 24 aprile 2026 l&#8217;inizio ufficiale dei lavori per una nuova sede commerciale e produttiva a Kirchheim, nella periferia orientale di Monaco. All&#8217;evento hanno partecipato, oltre ai rappresentanti delle due aziende, anche Stephan Keck, sindaco di Kirchheim, e altri membri della comunit\u00e0.<\/p>\n<h3>Nuovo parco commerciale a Kirchheim<\/h3>\n<p>Il progetto si estende su un terreno di circa 76.500 m\u00b2 in Feldkirchener Stra\u00dfe 15-17. \u00c8 prevista una propriet\u00e0 commerciale con una superficie affittabile di circa 52.550 m\u00b2, concepita per diversi utenti nei settori commerciale, produttivo, light industrial e logistico. Il completamento del progetto \u00e8 previsto per il secondo trimestre del 2027.<\/p>\n<p>Stephan Keck si \u00e8 espresso positivamente riguardo al progetto: \u201eCon la nuova sede commerciale e produttiva, FOUR PARX e QUINCAP non solo creano spazi aggiuntivi per le aziende che desiderano espandersi o riposizionarsi nella forte area economica di Monaco. Il progetto rafforza anche lo sviluppo economico della nostra comunit\u00e0.\u201d Ha sottolineato che innovazione e sostenibilit\u00e0 sono strettamente collegate in questo progetto e ha ringraziato tutti i partecipanti per la collaborazione.<\/p>\n<h3>Opportunit\u00e0 di utilizzo flessibili e sostenibilit\u00e0<\/h3>\n<p>Il parco commerciale di Monaco-Kirchheim comprender\u00e0 due capannoni, dotati di unit\u00e0 combinabili in modo variabile e un&#8217;altezza libera di 12 m (UKB). Gli spazi per uffici e servizi integrati si estenderanno su pi\u00f9 livelli, consentendo un adattamento flessibile a diverse esigenze operative. La propriet\u00e0 sar\u00e0 realizzata secondo gli attuali standard di sostenibilit\u00e0, con l&#8217;obiettivo di ottenere una certificazione DGNB Gold.<\/p>\n<p>Un impianto fotovoltaico con una potenza di circa 4,8 MW contribuir\u00e0 all&#8217;approvvigionamento energetico del sito. Inoltre, sono previsti impianti tecnici ad alta efficienza energetica, una soluzione con pompe di calore e sistemi intelligenti di gestione dei consumi. Una certificazione secondo lo standard WiredScore garantir\u00e0 inoltre una connettivit\u00e0 performante e a prova di futuro.<\/p>\n<p>Oliver Schmitt, amministratore delegato di FOUR PARX GmbH, ha sottolineato l&#8217;importanza del progetto: \u201eCon la prima pietra abbiamo raggiunto un passo importante nello sviluppo di questo progetto. Kirchheim \u00e8 uno dei luoghi commerciali pi\u00f9 richiesti nella parte orientale di Monaco e siamo lieti di rafforzare ulteriormente la qualit\u00e0 della sede con il parco commerciale di Monaco-Kirchheim.\u201d<\/p>\n<p>Johannes Siekmann, Managing Partner di QUINCAP Investment Partners GmbH &amp; Co. KG, ha aggiunto: \u201ePer noi lo sviluppo sostenibile del sito \u00e8 al centro. Vediamo in questo progetto un&#8217;opportunit\u00e0 a lungo termine per coniugare stabilit\u00e0 economica con standard moderni nei settori dell&#8217;efficienza energetica e delle infrastrutture digitali.\u201d<\/p>\n<p><a href=\"http:\/\/www.four-parx.com\" target=\"_blank\" rel=\"noopener noreferrer\">www.four-parx.com<\/a><\/p>\n","protected":false},"excerpt":{"rendered":"<p>Il 24 aprile 2026 FOUR PARX e QUINCAP hanno celebrato l&#8217;inizio dei lavori per un nuovo parco commerciale a Kirchheim, che dovrebbe essere completato entro il secondo trimestre del 2027.<\/p>\n","protected":false},"author":7,"featured_media":79280,"comment_status":"open","ping_status":"","sticky":false,"template":"","format":"standard","meta":{"_acf_changed":false,"footnotes":""},"categories":[6679,6667,1629],"tags":[21984,21985,21986,21987,21988,21989,21990,21991,21992,21993,21994,2166,21995,21996,21997,21998,21999,22000,22001,22002,22003,22004,22005,22006,22007,22008,21186,22009,22010,22011,22012,22013,2139,22014,22015,22016,22017,22018,22019,22020,22021,22022,22023,22024,22025,22026,22027,22028,22029,2154,22030,22031,22032,22033],"class_list":["post-79284","post","type-post","status-publish","format-standard","has-post-thumbnail","hentry","category-europa","category-germania","category-spedizioni-e-logistica","tag-bauvorhaben-muenchen","tag-ceremonie-de-pose-de-la-premiere-pierre-parc-dactivites","tag-certification-dgnb-gold","tag-commercial-property-munich","tag-construction-project-munich","tag-deutsch-gewerbepark-kirchheim","tag-developpement-economique-kirchheim","tag-dgnb-gold-certification","tag-dgnb-gold-zertifizierung","tag-digital-infrastructure-logistics","tag-digitale-infrastruktur-logistik","tag-durabilite-dans-la-logistique","tag-economic-development-kirchheim","tag-energieeffiziente-technische-anlagen","tag-energy-efficient-technical-systems","tag-flexible-nutzungsmoeglichkeiten","tag-flexible-usage-options","tag-four-parx","tag-gewerbeimmobilie-muenchen","tag-groundbreaking-business-park","tag-heat-pump-solutions","tag-infrastructure-numerique-logistique","tag-innovation-hub-munich-francais-parc-dactivites-kirchheim","tag-innovationsstandort-muenchen-english-kirchheim-business-park","tag-kirchheim-outskirts","tag-kirchheim-umland","tag-light-industrial-immobilien","tag-light-industrial-properties","tag-location-quality-munich","tag-logistics-munich","tag-logistik-muenchen","tag-logistique-munich","tag-nachhaltigkeit-in-der-logistik","tag-options-dutilisation-flexibles","tag-peripherie-de-kirchheim","tag-photovoltaic-system-business-park","tag-photovoltaikanlage-gewerbepark","tag-pole-dinnovation-munich","tag-production-site-kirchheim","tag-produktionsstandort-kirchheim","tag-projet-de-construction-munich","tag-propriete-commerciale-munich","tag-proprietes-industrielles-legeres","tag-qualite-demplacement-munich","tag-quincap-investment-partners","tag-site-de-production-kirchheim","tag-solutions-de-pompe-a-chaleur","tag-spatenstich-gewerbepark","tag-standortqualitaet-muenchen","tag-sustainability-in-logistics","tag-systeme-photovoltaique-parc-dactivites","tag-systemes-techniques-ecoenergetiques","tag-waermepumpenloesungen","tag-wirtschaftliche-entwicklung-kirchheim"],"acf":[],"yoast_head":"<!-- This site is optimized with the Yoast SEO plugin v27.3 - https:\/\/yoast.com\/product\/yoast-seo-wordpress\/ -->\n<title>Four Parx con la posa della prima pietra per il parco commerciale Kirchheim\/Munich - Loginfo24<\/title>\n<meta name=\"robots\" content=\"index, follow, max-snippet:-1, max-image-preview:large, max-video-preview:-1\" \/>\n<link rel=\"canonical\" href=\"https:\/\/loginfo24.com\/it\/2026\/04\/27\/four-parx-con-la-posa-della-prima-pietra-per-il-parco-commerciale-kirchheim-munich\/\" \/>\n<meta property=\"og:locale\" content=\"it_IT\" \/>\n<meta property=\"og:type\" content=\"article\" \/>\n<meta property=\"og:title\" content=\"Four Parx con la posa della prima pietra per il parco commerciale Kirchheim\/Munich - Loginfo24\" \/>\n<meta property=\"og:description\" content=\"Il 24 aprile 2026 FOUR PARX e QUINCAP hanno celebrato l&#039;inizio dei lavori per un nuovo parco commerciale a Kirchheim, che dovrebbe essere completato entro il secondo trimestre del 2027.\" \/>\n<meta property=\"og:url\" content=\"https:\/\/loginfo24.com\/it\/2026\/04\/27\/four-parx-con-la-posa-della-prima-pietra-per-il-parco-commerciale-kirchheim-munich\/\" \/>\n<meta property=\"og:site_name\" content=\"Loginfo24\" \/>\n<meta property=\"article:publisher\" content=\"https:\/\/www.facebook.com\/people\/Loginfo24\/100057360583332\/\" \/>\n<meta property=\"article:published_time\" content=\"2026-04-27T10:59:38+00:00\" \/>\n<meta property=\"og:image\" content=\"https:\/\/loginfo24.com\/wp-content\/uploads\/sites\/7\/2026\/04\/Four-Parx_Spatenstich-Kirchheim-scaled-aspect-ratio-1400-788-scaled-1.jpg\" \/>\n\t<meta property=\"og:image:width\" content=\"2560\" \/>\n\t<meta property=\"og:image:height\" content=\"1441\" \/>\n\t<meta property=\"og:image:type\" content=\"image\/jpeg\" \/>\n<meta name=\"author\" content=\"Andreas M\u00fcller\" \/>\n<meta name=\"twitter:card\" content=\"summary_large_image\" \/>\n<meta name=\"twitter:label1\" content=\"Scritto da\" \/>\n\t<meta name=\"twitter:data1\" content=\"Andreas M\u00fcller\" \/>\n\t<meta name=\"twitter:label2\" content=\"Tempo di lettura stimato\" \/>\n\t<meta name=\"twitter:data2\" content=\"2 minuto\" \/>\n<script type=\"application\/ld+json\" class=\"yoast-schema-graph\">{\"@context\":\"https:\\\/\\\/schema.org\",\"@graph\":[{\"@type\":\"Article\",\"@id\":\"https:\\\/\\\/loginfo24.com\\\/it\\\/2026\\\/04\\\/27\\\/four-parx-con-la-posa-della-prima-pietra-per-il-parco-commerciale-kirchheim-munich\\\/#article\",\"isPartOf\":{\"@id\":\"https:\\\/\\\/loginfo24.com\\\/it\\\/2026\\\/04\\\/27\\\/four-parx-con-la-posa-della-prima-pietra-per-il-parco-commerciale-kirchheim-munich\\\/\"},\"author\":{\"name\":\"Andreas M\u00fcller\",\"@id\":\"https:\\\/\\\/loginfo24.com\\\/it\\\/#\\\/schema\\\/person\\\/7b1593b33567ba798d300c8a1b0b85b1\"},\"headline\":\"Four Parx con la posa della prima pietra per il parco commerciale Kirchheim\\\/Munich\",\"datePublished\":\"2026-04-27T10:59:38+00:00\",\"mainEntityOfPage\":{\"@id\":\"https:\\\/\\\/loginfo24.com\\\/it\\\/2026\\\/04\\\/27\\\/four-parx-con-la-posa-della-prima-pietra-per-il-parco-commerciale-kirchheim-munich\\\/\"},\"wordCount\":415,\"commentCount\":0,\"publisher\":{\"@id\":\"https:\\\/\\\/loginfo24.com\\\/it\\\/#organization\"},\"image\":{\"@id\":\"https:\\\/\\\/loginfo24.com\\\/it\\\/2026\\\/04\\\/27\\\/four-parx-con-la-posa-della-prima-pietra-per-il-parco-commerciale-kirchheim-munich\\\/#primaryimage\"},\"thumbnailUrl\":\"https:\\\/\\\/loginfo24.com\\\/wp-content\\\/uploads\\\/sites\\\/7\\\/2026\\\/04\\\/Four-Parx_Spatenstich-Kirchheim-scaled-aspect-ratio-1400-788-scaled-1.jpg\",\"keywords\":[\"Bauvorhaben M\u00fcnchen\",\"c\u00e9r\u00e9monie de pose de la premi\u00e8re pierre parc d'activit\u00e9s\",\"certification DGNB Gold\",\"commercial property Munich\",\"construction project Munich\",\"Deutsch Gewerbepark Kirchheim\",\"d\u00e9veloppement \u00e9conomique Kirchheim\",\"DGNB Gold certification\",\"DGNB Gold Zertifizierung\",\"digital infrastructure logistics\",\"digitale Infrastruktur Logistik\",\"durabilit\u00e9 dans la logistique\",\"economic development Kirchheim\",\"energieeffiziente technische Anlagen\",\"energy-efficient technical systems\",\"flexible Nutzungsm\u00f6glichkeiten\",\"flexible usage options\",\"FOUR PARX\",\"Gewerbeimmobilie M\u00fcnchen\",\"groundbreaking business park\",\"heat pump solutions\",\"infrastructure num\u00e9rique logistique\",\"innovation hub Munich Fran\u00e7ais parc d'activit\u00e9s Kirchheim\",\"Innovationsstandort M\u00fcnchen English Kirchheim business park\",\"Kirchheim outskirts\",\"Kirchheim Umland\",\"Light Industrial Immobilien\",\"light industrial properties\",\"location quality Munich\",\"logistics Munich\",\"Logistik M\u00fcnchen\",\"logistique Munich\",\"Nachhaltigkeit in der Logistik\",\"options d'utilisation flexibles\",\"p\u00e9riph\u00e9rie de Kirchheim\",\"photovoltaic system business park\",\"Photovoltaikanlage Gewerbepark\",\"p\u00f4le d'innovation Munich\",\"production site Kirchheim\",\"Produktionsstandort Kirchheim\",\"projet de construction Munich\",\"propri\u00e9t\u00e9 commerciale Munich\",\"propri\u00e9t\u00e9s industrielles l\u00e9g\u00e8res\",\"qualit\u00e9 d'emplacement Munich\",\"QUINCAP Investment Partners\",\"site de production Kirchheim\",\"solutions de pompe \u00e0 chaleur\",\"Spatenstich Gewerbepark\",\"Standortqualit\u00e4t M\u00fcnchen\",\"sustainability in logistics\",\"syst\u00e8me photovolta\u00efque parc d'activit\u00e9s\",\"syst\u00e8mes techniques \u00e9co\u00e9nerg\u00e9tiques\",\"W\u00e4rmepumpenl\u00f6sungen\",\"wirtschaftliche Entwicklung Kirchheim\"],\"articleSection\":[\"Europa\",\"Germania\",\"Spedizioniere e Logistica\"],\"inLanguage\":\"it-IT\",\"potentialAction\":[{\"@type\":\"CommentAction\",\"name\":\"Comment\",\"target\":[\"https:\\\/\\\/loginfo24.com\\\/it\\\/2026\\\/04\\\/27\\\/four-parx-con-la-posa-della-prima-pietra-per-il-parco-commerciale-kirchheim-munich\\\/#respond\"]}]},{\"@type\":\"WebPage\",\"@id\":\"https:\\\/\\\/loginfo24.com\\\/it\\\/2026\\\/04\\\/27\\\/four-parx-con-la-posa-della-prima-pietra-per-il-parco-commerciale-kirchheim-munich\\\/\",\"url\":\"https:\\\/\\\/loginfo24.com\\\/it\\\/2026\\\/04\\\/27\\\/four-parx-con-la-posa-della-prima-pietra-per-il-parco-commerciale-kirchheim-munich\\\/\",\"name\":\"Four Parx con la posa della prima pietra per il parco commerciale Kirchheim\\\/Munich - Loginfo24\",\"isPartOf\":{\"@id\":\"https:\\\/\\\/loginfo24.com\\\/it\\\/#website\"},\"primaryImageOfPage\":{\"@id\":\"https:\\\/\\\/loginfo24.com\\\/it\\\/2026\\\/04\\\/27\\\/four-parx-con-la-posa-della-prima-pietra-per-il-parco-commerciale-kirchheim-munich\\\/#primaryimage\"},\"image\":{\"@id\":\"https:\\\/\\\/loginfo24.com\\\/it\\\/2026\\\/04\\\/27\\\/four-parx-con-la-posa-della-prima-pietra-per-il-parco-commerciale-kirchheim-munich\\\/#primaryimage\"},\"thumbnailUrl\":\"https:\\\/\\\/loginfo24.com\\\/wp-content\\\/uploads\\\/sites\\\/7\\\/2026\\\/04\\\/Four-Parx_Spatenstich-Kirchheim-scaled-aspect-ratio-1400-788-scaled-1.jpg\",\"datePublished\":\"2026-04-27T10:59:38+00:00\",\"breadcrumb\":{\"@id\":\"https:\\\/\\\/loginfo24.com\\\/it\\\/2026\\\/04\\\/27\\\/four-parx-con-la-posa-della-prima-pietra-per-il-parco-commerciale-kirchheim-munich\\\/#breadcrumb\"},\"inLanguage\":\"it-IT\",\"potentialAction\":[{\"@type\":\"ReadAction\",\"target\":[\"https:\\\/\\\/loginfo24.com\\\/it\\\/2026\\\/04\\\/27\\\/four-parx-con-la-posa-della-prima-pietra-per-il-parco-commerciale-kirchheim-munich\\\/\"]}]},{\"@type\":\"ImageObject\",\"inLanguage\":\"it-IT\",\"@id\":\"https:\\\/\\\/loginfo24.com\\\/it\\\/2026\\\/04\\\/27\\\/four-parx-con-la-posa-della-prima-pietra-per-il-parco-commerciale-kirchheim-munich\\\/#primaryimage\",\"url\":\"https:\\\/\\\/loginfo24.com\\\/wp-content\\\/uploads\\\/sites\\\/7\\\/2026\\\/04\\\/Four-Parx_Spatenstich-Kirchheim-scaled-aspect-ratio-1400-788-scaled-1.jpg\",\"contentUrl\":\"https:\\\/\\\/loginfo24.com\\\/wp-content\\\/uploads\\\/sites\\\/7\\\/2026\\\/04\\\/Four-Parx_Spatenstich-Kirchheim-scaled-aspect-ratio-1400-788-scaled-1.jpg\",\"width\":2560,\"height\":1441},{\"@type\":\"BreadcrumbList\",\"@id\":\"https:\\\/\\\/loginfo24.com\\\/it\\\/2026\\\/04\\\/27\\\/four-parx-con-la-posa-della-prima-pietra-per-il-parco-commerciale-kirchheim-munich\\\/#breadcrumb\",\"itemListElement\":[{\"@type\":\"ListItem\",\"position\":1,\"name\":\"Startseite\",\"item\":\"https:\\\/\\\/loginfo24.com\\\/it\\\/\"},{\"@type\":\"ListItem\",\"position\":2,\"name\":\"Four Parx con la posa della prima pietra per il parco commerciale Kirchheim\\\/Munich\"}]},{\"@type\":\"WebSite\",\"@id\":\"https:\\\/\\\/loginfo24.com\\\/it\\\/#website\",\"url\":\"https:\\\/\\\/loginfo24.com\\\/it\\\/\",\"name\":\"Loginfo24\",\"description\":\"Loginfo24 \u00e8 la piattaforma dedicata alla logistica e alle catene di fornitura con informazioni disponibili 24 ore su 24.\",\"publisher\":{\"@id\":\"https:\\\/\\\/loginfo24.com\\\/it\\\/#organization\"},\"potentialAction\":[{\"@type\":\"SearchAction\",\"target\":{\"@type\":\"EntryPoint\",\"urlTemplate\":\"https:\\\/\\\/loginfo24.com\\\/it\\\/?s={search_term_string}\"},\"query-input\":{\"@type\":\"PropertyValueSpecification\",\"valueRequired\":true,\"valueName\":\"search_term_string\"}}],\"inLanguage\":\"it-IT\"},{\"@type\":\"Organization\",\"@id\":\"https:\\\/\\\/loginfo24.com\\\/it\\\/#organization\",\"name\":\"Logismedia Group AG\",\"url\":\"https:\\\/\\\/loginfo24.com\\\/it\\\/\",\"logo\":{\"@type\":\"ImageObject\",\"inLanguage\":\"it-IT\",\"@id\":\"https:\\\/\\\/loginfo24.com\\\/it\\\/#\\\/schema\\\/logo\\\/image\\\/\",\"url\":\"https:\\\/\\\/loginfo24.com\\\/wp-content\\\/uploads\\\/sites\\\/7\\\/2026\\\/01\\\/Logo_LogInfo24.png\",\"contentUrl\":\"https:\\\/\\\/loginfo24.com\\\/wp-content\\\/uploads\\\/sites\\\/7\\\/2026\\\/01\\\/Logo_LogInfo24.png\",\"width\":938,\"height\":351,\"caption\":\"Logismedia Group AG\"},\"image\":{\"@id\":\"https:\\\/\\\/loginfo24.com\\\/it\\\/#\\\/schema\\\/logo\\\/image\\\/\"},\"sameAs\":[\"https:\\\/\\\/www.facebook.com\\\/people\\\/Loginfo24\\\/100057360583332\\\/\",\"https:\\\/\\\/www.linkedin.com\\\/company\\\/lofinfo24\\\/\"]},{\"@type\":\"Person\",\"@id\":\"https:\\\/\\\/loginfo24.com\\\/it\\\/#\\\/schema\\\/person\\\/7b1593b33567ba798d300c8a1b0b85b1\",\"name\":\"Andreas M\u00fcller\",\"url\":\"https:\\\/\\\/loginfo24.com\\\/it\\\/author\\\/logismedia\\\/\"}]}<\/script>\n<!-- \/ Yoast SEO plugin. -->","yoast_head_json":{"title":"Four Parx con la posa della prima pietra per il parco commerciale Kirchheim\/Munich - Loginfo24","robots":{"index":"index","follow":"follow","max-snippet":"max-snippet:-1","max-image-preview":"max-image-preview:large","max-video-preview":"max-video-preview:-1"},"canonical":"https:\/\/loginfo24.com\/it\/2026\/04\/27\/four-parx-con-la-posa-della-prima-pietra-per-il-parco-commerciale-kirchheim-munich\/","og_locale":"it_IT","og_type":"article","og_title":"Four Parx con la posa della prima pietra per il parco commerciale Kirchheim\/Munich - Loginfo24","og_description":"Il 24 aprile 2026 FOUR PARX e QUINCAP hanno celebrato l'inizio dei lavori per un nuovo parco commerciale a Kirchheim, che dovrebbe essere completato entro il secondo trimestre del 2027.","og_url":"https:\/\/loginfo24.com\/it\/2026\/04\/27\/four-parx-con-la-posa-della-prima-pietra-per-il-parco-commerciale-kirchheim-munich\/","og_site_name":"Loginfo24","article_publisher":"https:\/\/www.facebook.com\/people\/Loginfo24\/100057360583332\/","article_published_time":"2026-04-27T10:59:38+00:00","og_image":[{"width":2560,"height":1441,"url":"https:\/\/loginfo24.com\/wp-content\/uploads\/sites\/7\/2026\/04\/Four-Parx_Spatenstich-Kirchheim-scaled-aspect-ratio-1400-788-scaled-1.jpg","type":"image\/jpeg"}],"author":"Andreas M\u00fcller","twitter_card":"summary_large_image","twitter_misc":{"Scritto da":"Andreas M\u00fcller","Tempo di lettura stimato":"2 minuto"},"schema":{"@context":"https:\/\/schema.org","@graph":[{"@type":"Article","@id":"https:\/\/loginfo24.com\/it\/2026\/04\/27\/four-parx-con-la-posa-della-prima-pietra-per-il-parco-commerciale-kirchheim-munich\/#article","isPartOf":{"@id":"https:\/\/loginfo24.com\/it\/2026\/04\/27\/four-parx-con-la-posa-della-prima-pietra-per-il-parco-commerciale-kirchheim-munich\/"},"author":{"name":"Andreas M\u00fcller","@id":"https:\/\/loginfo24.com\/it\/#\/schema\/person\/7b1593b33567ba798d300c8a1b0b85b1"},"headline":"Four Parx con la posa della prima pietra per il parco commerciale Kirchheim\/Munich","datePublished":"2026-04-27T10:59:38+00:00","mainEntityOfPage":{"@id":"https:\/\/loginfo24.com\/it\/2026\/04\/27\/four-parx-con-la-posa-della-prima-pietra-per-il-parco-commerciale-kirchheim-munich\/"},"wordCount":415,"commentCount":0,"publisher":{"@id":"https:\/\/loginfo24.com\/it\/#organization"},"image":{"@id":"https:\/\/loginfo24.com\/it\/2026\/04\/27\/four-parx-con-la-posa-della-prima-pietra-per-il-parco-commerciale-kirchheim-munich\/#primaryimage"},"thumbnailUrl":"https:\/\/loginfo24.com\/wp-content\/uploads\/sites\/7\/2026\/04\/Four-Parx_Spatenstich-Kirchheim-scaled-aspect-ratio-1400-788-scaled-1.jpg","keywords":["Bauvorhaben M\u00fcnchen","c\u00e9r\u00e9monie de pose de la premi\u00e8re pierre parc d'activit\u00e9s","certification DGNB Gold","commercial property Munich","construction project Munich","Deutsch Gewerbepark Kirchheim","d\u00e9veloppement \u00e9conomique Kirchheim","DGNB Gold certification","DGNB Gold Zertifizierung","digital infrastructure logistics","digitale Infrastruktur Logistik","durabilit\u00e9 dans la logistique","economic development Kirchheim","energieeffiziente technische Anlagen","energy-efficient technical systems","flexible Nutzungsm\u00f6glichkeiten","flexible usage options","FOUR PARX","Gewerbeimmobilie M\u00fcnchen","groundbreaking business park","heat pump solutions","infrastructure num\u00e9rique logistique","innovation hub Munich Fran\u00e7ais parc d'activit\u00e9s Kirchheim","Innovationsstandort M\u00fcnchen English Kirchheim business park","Kirchheim outskirts","Kirchheim Umland","Light Industrial Immobilien","light industrial properties","location quality Munich","logistics Munich","Logistik M\u00fcnchen","logistique Munich","Nachhaltigkeit in der Logistik","options d'utilisation flexibles","p\u00e9riph\u00e9rie de Kirchheim","photovoltaic system business park","Photovoltaikanlage Gewerbepark","p\u00f4le d'innovation Munich","production site Kirchheim","Produktionsstandort Kirchheim","projet de construction Munich","propri\u00e9t\u00e9 commerciale Munich","propri\u00e9t\u00e9s industrielles l\u00e9g\u00e8res","qualit\u00e9 d'emplacement Munich","QUINCAP Investment Partners","site de production Kirchheim","solutions de pompe \u00e0 chaleur","Spatenstich Gewerbepark","Standortqualit\u00e4t M\u00fcnchen","sustainability in logistics","syst\u00e8me photovolta\u00efque parc d'activit\u00e9s","syst\u00e8mes techniques \u00e9co\u00e9nerg\u00e9tiques","W\u00e4rmepumpenl\u00f6sungen","wirtschaftliche Entwicklung Kirchheim"],"articleSection":["Europa","Germania","Spedizioniere e Logistica"],"inLanguage":"it-IT","potentialAction":[{"@type":"CommentAction","name":"Comment","target":["https:\/\/loginfo24.com\/it\/2026\/04\/27\/four-parx-con-la-posa-della-prima-pietra-per-il-parco-commerciale-kirchheim-munich\/#respond"]}]},{"@type":"WebPage","@id":"https:\/\/loginfo24.com\/it\/2026\/04\/27\/four-parx-con-la-posa-della-prima-pietra-per-il-parco-commerciale-kirchheim-munich\/","url":"https:\/\/loginfo24.com\/it\/2026\/04\/27\/four-parx-con-la-posa-della-prima-pietra-per-il-parco-commerciale-kirchheim-munich\/","name":"Four Parx con la posa della prima pietra per il parco commerciale Kirchheim\/Munich - Loginfo24","isPartOf":{"@id":"https:\/\/loginfo24.com\/it\/#website"},"primaryImageOfPage":{"@id":"https:\/\/loginfo24.com\/it\/2026\/04\/27\/four-parx-con-la-posa-della-prima-pietra-per-il-parco-commerciale-kirchheim-munich\/#primaryimage"},"image":{"@id":"https:\/\/loginfo24.com\/it\/2026\/04\/27\/four-parx-con-la-posa-della-prima-pietra-per-il-parco-commerciale-kirchheim-munich\/#primaryimage"},"thumbnailUrl":"https:\/\/loginfo24.com\/wp-content\/uploads\/sites\/7\/2026\/04\/Four-Parx_Spatenstich-Kirchheim-scaled-aspect-ratio-1400-788-scaled-1.jpg","datePublished":"2026-04-27T10:59:38+00:00","breadcrumb":{"@id":"https:\/\/loginfo24.com\/it\/2026\/04\/27\/four-parx-con-la-posa-della-prima-pietra-per-il-parco-commerciale-kirchheim-munich\/#breadcrumb"},"inLanguage":"it-IT","potentialAction":[{"@type":"ReadAction","target":["https:\/\/loginfo24.com\/it\/2026\/04\/27\/four-parx-con-la-posa-della-prima-pietra-per-il-parco-commerciale-kirchheim-munich\/"]}]},{"@type":"ImageObject","inLanguage":"it-IT","@id":"https:\/\/loginfo24.com\/it\/2026\/04\/27\/four-parx-con-la-posa-della-prima-pietra-per-il-parco-commerciale-kirchheim-munich\/#primaryimage","url":"https:\/\/loginfo24.com\/wp-content\/uploads\/sites\/7\/2026\/04\/Four-Parx_Spatenstich-Kirchheim-scaled-aspect-ratio-1400-788-scaled-1.jpg","contentUrl":"https:\/\/loginfo24.com\/wp-content\/uploads\/sites\/7\/2026\/04\/Four-Parx_Spatenstich-Kirchheim-scaled-aspect-ratio-1400-788-scaled-1.jpg","width":2560,"height":1441},{"@type":"BreadcrumbList","@id":"https:\/\/loginfo24.com\/it\/2026\/04\/27\/four-parx-con-la-posa-della-prima-pietra-per-il-parco-commerciale-kirchheim-munich\/#breadcrumb","itemListElement":[{"@type":"ListItem","position":1,"name":"Startseite","item":"https:\/\/loginfo24.com\/it\/"},{"@type":"ListItem","position":2,"name":"Four Parx con la posa della prima pietra per il parco commerciale Kirchheim\/Munich"}]},{"@type":"WebSite","@id":"https:\/\/loginfo24.com\/it\/#website","url":"https:\/\/loginfo24.com\/it\/","name":"Loginfo24","description":"Loginfo24 \u00e8 la piattaforma dedicata alla logistica e alle catene di fornitura con informazioni disponibili 24 ore su 24.","publisher":{"@id":"https:\/\/loginfo24.com\/it\/#organization"},"potentialAction":[{"@type":"SearchAction","target":{"@type":"EntryPoint","urlTemplate":"https:\/\/loginfo24.com\/it\/?s={search_term_string}"},"query-input":{"@type":"PropertyValueSpecification","valueRequired":true,"valueName":"search_term_string"}}],"inLanguage":"it-IT"},{"@type":"Organization","@id":"https:\/\/loginfo24.com\/it\/#organization","name":"Logismedia Group AG","url":"https:\/\/loginfo24.com\/it\/","logo":{"@type":"ImageObject","inLanguage":"it-IT","@id":"https:\/\/loginfo24.com\/it\/#\/schema\/logo\/image\/","url":"https:\/\/loginfo24.com\/wp-content\/uploads\/sites\/7\/2026\/01\/Logo_LogInfo24.png","contentUrl":"https:\/\/loginfo24.com\/wp-content\/uploads\/sites\/7\/2026\/01\/Logo_LogInfo24.png","width":938,"height":351,"caption":"Logismedia Group AG"},"image":{"@id":"https:\/\/loginfo24.com\/it\/#\/schema\/logo\/image\/"},"sameAs":["https:\/\/www.facebook.com\/people\/Loginfo24\/100057360583332\/","https:\/\/www.linkedin.com\/company\/lofinfo24\/"]},{"@type":"Person","@id":"https:\/\/loginfo24.com\/it\/#\/schema\/person\/7b1593b33567ba798d300c8a1b0b85b1","name":"Andreas M\u00fcller","url":"https:\/\/loginfo24.com\/it\/author\/logismedia\/"}]}},"_links":{"self":[{"href":"https:\/\/loginfo24.com\/it\/wp-json\/wp\/v2\/posts\/79284","targetHints":{"allow":["GET"]}}],"collection":[{"href":"https:\/\/loginfo24.com\/it\/wp-json\/wp\/v2\/posts"}],"about":[{"href":"https:\/\/loginfo24.com\/it\/wp-json\/wp\/v2\/types\/post"}],"author":[{"embeddable":true,"href":"https:\/\/loginfo24.com\/it\/wp-json\/wp\/v2\/users\/7"}],"replies":[{"embeddable":true,"href":"https:\/\/loginfo24.com\/it\/wp-json\/wp\/v2\/comments?post=79284"}],"version-history":[{"count":0,"href":"https:\/\/loginfo24.com\/it\/wp-json\/wp\/v2\/posts\/79284\/revisions"}],"wp:featuredmedia":[{"embeddable":true,"href":"https:\/\/loginfo24.com\/it\/wp-json\/wp\/v2\/media\/79280"}],"wp:attachment":[{"href":"https:\/\/loginfo24.com\/it\/wp-json\/wp\/v2\/media?parent=79284"}],"wp:term":[{"taxonomy":"category","embeddable":true,"href":"https:\/\/loginfo24.com\/it\/wp-json\/wp\/v2\/categories?post=79284"},{"taxonomy":"post_tag","embeddable":true,"href":"https:\/\/loginfo24.com\/it\/wp-json\/wp\/v2\/tags?post=79284"}],"curies":[{"name":"wp","href":"https:\/\/api.w.org\/{rel}","templated":true}]}}