{"id":76605,"date":"2026-03-13T07:57:08","date_gmt":"2026-03-13T07:57:08","guid":{"rendered":"https:\/\/loginfo24.com\/2026\/03\/13\/efw-modifica-la330-per-apal\/"},"modified":"2026-03-13T11:05:40","modified_gmt":"2026-03-13T10:05:40","slug":"efw-modifica-la330-per-apal","status":"publish","type":"post","link":"https:\/\/loginfo24.com\/it\/2026\/03\/13\/efw-modifica-la330-per-apal\/","title":{"rendered":"EFW modifica l&#8217;A330 per APAL"},"content":{"rendered":"<p>Le Elbe Flugzeugwerke (EFW) hanno firmato un contratto con l&#8217;Asia Pacific Aviation Leasing Group (APAL) di Hong Kong per convertire un Airbus A330-300 da aereo passeggeri a cargo. La conversione dell&#8217;aereo avverr\u00e0 nel secondo trimestre del 2026 in uno dei siti di conversione all&#8217;interno della rete EFW. La pianificazione tecnica e la certificazione del progetto saranno effettuate presso la sede centrale di Dresda.<\/p>\n<h3>Collaborazione per la modernizzazione della flotta<\/h3>\n<p>Hong Wei Zhao, CEO di APAL, ha espresso un giudizio positivo sulla collaborazione con EFW e ha sottolineato l&#8217;importanza dell&#8217;expertise dell&#8217;azienda nella conversione di aerei cargo. Questa partnership \u00e8 fondamentale per la modernizzazione della flotta di APAL e per adattarsi alle crescenti esigenze del mercato cargo cinese. Zhao ha dichiarato che l&#8217;azienda prevede di investire ulteriori risorse in questo mercato per offrire ai propri clienti soluzioni cargo innovative.<\/p>\n<p>Jordi Boto, CEO di EFW, ha evidenziato il ruolo dell&#8217;Airbus A330P2F nel segmento degli aerei cargo di medie dimensioni e ha sottolineato il supporto di APAL nella costruzione della loro flotta cargo con questa soluzione.<\/p>\n<p>EFW, una joint venture di ST Engineering e Airbus, \u00e8 specializzata nella conversione di aerei passeggeri in aerei cargo e vanta oltre 20 anni di esperienza in questo settore. L&#8217;azienda impiega circa 2.000 persone e ha oltre 40 clienti di conversione in tutto il mondo, tra cui importanti corrieri espressi e spedizionieri cargo e combinati.<\/p>\n<p>&nbsp;<\/p>\n<p><a href=\"http:\/\/www.apalg.com\/\" target=\"_blank\" rel=\"noopener noreferrer\">www.apalg.com<\/a><\/p>\n<p>&nbsp;<\/p>\n<p><a href=\"https:\/\/www.elbeflugzeugwerke.com\/\" target=\"_blank\" rel=\"noopener noreferrer\">www.elbeflugzeugwerke.com<\/a><\/p>\n<p>&nbsp;<\/p>\n","protected":false},"excerpt":{"rendered":"<p>Elbe Flugzeugwerke ha firmato un contratto per la modifica di un Airbus A330-300 con il gruppo Asia Pacific Aviation Leasing per servire il mercato cargo.<\/p>\n","protected":false},"author":12,"featured_media":76601,"comment_status":"open","ping_status":"","sticky":false,"template":"","format":"standard","meta":{"_acf_changed":false,"footnotes":""},"categories":[8983,6679,6667,1630],"tags":[2252,14189,14190,14191,4373,3398,3402,6950,14192,14193,14194,14195,14196,9908,9909,14197,14198,14199,6591,2419,6956,2421,6960,3417,4286,14200,4289,14201,14202,14203,2277,2125,14204,14205,14206,4392,2634,14207,3427,14208,14209,14210,14211,6539,4304,14212,14213,14214,2448,2155,1837,14215,14216,14217],"class_list":["post-76605","post","type-post","status-publish","format-standard","has-post-thumbnail","hentry","category-asien-pazifik","category-europa","category-germania","category-trasporto-aereo","tag-air-freight-industry","tag-airbus-a330p2f","tag-aircraft-modification-certification","tag-apal","tag-aviation-technology","tag-avion-cargo","tag-cargo-aircraft","tag-cargo-fleet","tag-certification-de-modification-davion","tag-chinese-cargo-market","tag-coentreprise-st-engineering","tag-conversion-passager-en-fret","tag-deutsch-airbus-a330","tag-dresde","tag-dresden","tag-efw","tag-efw-modification-sites","tag-efw-technical-planning","tag-fachkraeftemangel-luftfahrt","tag-fleet-modernization","tag-flotte-de-fret","tag-flottenmodernisierung","tag-frachtflotte","tag-frachtflugzeug","tag-frachtloesungen","tag-frachtmarkt-china","tag-freight-solutions","tag-hong-kong","tag-hong-kong-francais-airbus-a330","tag-hongkong-english-airbus-a330","tag-industrie-du-fret-aerien","tag-industrie-du-transport","tag-innovative-frachtloesungen","tag-innovative-freight-solutions","tag-joint-venture-st-engineering","tag-luftfahrttechnik","tag-luftfrachtindustrie","tag-marche-du-fret-chinois","tag-modernisation-de-flotte","tag-passenger-to-freighter-conversion","tag-penurie-de-main-doeuvre-aeronautique","tag-planification-technique-efw","tag-sites-de-modification-efw","tag-skilled-labor-shortage-aviation","tag-solutions-de-fret","tag-solutions-de-fret-innovantes","tag-st-engineering-joint-venture","tag-technische-planung-efw","tag-technologie-aeronautique","tag-transport-industry","tag-transportwirtschaft","tag-umrueststandorte-efw","tag-umruestung-passagierflugzeug","tag-zertifizierung-flugzeugumbau"],"acf":[],"yoast_head":"<!-- This site is optimized with the Yoast SEO plugin v27.3 - https:\/\/yoast.com\/product\/yoast-seo-wordpress\/ -->\n<title>EFW modifica l&#8217;A330 per APAL - Loginfo24<\/title>\n<meta name=\"robots\" content=\"index, follow, max-snippet:-1, max-image-preview:large, max-video-preview:-1\" \/>\n<link rel=\"canonical\" href=\"https:\/\/loginfo24.com\/it\/2026\/03\/13\/efw-modifica-la330-per-apal\/\" \/>\n<meta property=\"og:locale\" content=\"it_IT\" \/>\n<meta property=\"og:type\" content=\"article\" \/>\n<meta property=\"og:title\" content=\"EFW modifica l&#8217;A330 per APAL - Loginfo24\" \/>\n<meta property=\"og:description\" content=\"Elbe Flugzeugwerke ha firmato un contratto per la modifica di un Airbus A330-300 con il gruppo Asia Pacific Aviation Leasing per servire il mercato cargo.\" \/>\n<meta property=\"og:url\" content=\"https:\/\/loginfo24.com\/it\/2026\/03\/13\/efw-modifica-la330-per-apal\/\" \/>\n<meta property=\"og:site_name\" content=\"Loginfo24\" \/>\n<meta property=\"article:publisher\" content=\"https:\/\/www.facebook.com\/people\/Loginfo24\/100057360583332\/\" \/>\n<meta property=\"article:published_time\" content=\"2026-03-13T07:57:08+00:00\" \/>\n<meta property=\"article:modified_time\" content=\"2026-03-13T10:05:40+00:00\" \/>\n<meta property=\"og:image\" content=\"https:\/\/loginfo24.com\/wp-content\/uploads\/sites\/7\/2026\/03\/APAL-banner1-aspect-ratio-1400-788.jpg\" \/>\n\t<meta property=\"og:image:width\" content=\"959\" \/>\n\t<meta property=\"og:image:height\" content=\"540\" \/>\n\t<meta property=\"og:image:type\" content=\"image\/jpeg\" \/>\n<meta name=\"author\" content=\"Andreas Haug\" \/>\n<meta name=\"twitter:card\" content=\"summary_large_image\" \/>\n<meta name=\"twitter:label1\" content=\"Scritto da\" \/>\n\t<meta name=\"twitter:data1\" content=\"Andreas Haug\" \/>\n\t<meta name=\"twitter:label2\" content=\"Tempo di lettura stimato\" \/>\n\t<meta name=\"twitter:data2\" content=\"1 minuto\" \/>\n<script type=\"application\/ld+json\" class=\"yoast-schema-graph\">{\"@context\":\"https:\\\/\\\/schema.org\",\"@graph\":[{\"@type\":\"Article\",\"@id\":\"https:\\\/\\\/loginfo24.com\\\/it\\\/2026\\\/03\\\/13\\\/efw-modifica-la330-per-apal\\\/#article\",\"isPartOf\":{\"@id\":\"https:\\\/\\\/loginfo24.com\\\/it\\\/2026\\\/03\\\/13\\\/efw-modifica-la330-per-apal\\\/\"},\"author\":{\"name\":\"Andreas Haug\",\"@id\":\"https:\\\/\\\/loginfo24.com\\\/it\\\/#\\\/schema\\\/person\\\/cf538b3157f15afd7589245a4b3dbd25\"},\"headline\":\"EFW modifica l&#8217;A330 per APAL\",\"datePublished\":\"2026-03-13T07:57:08+00:00\",\"dateModified\":\"2026-03-13T10:05:40+00:00\",\"mainEntityOfPage\":{\"@id\":\"https:\\\/\\\/loginfo24.com\\\/it\\\/2026\\\/03\\\/13\\\/efw-modifica-la330-per-apal\\\/\"},\"wordCount\":248,\"commentCount\":0,\"publisher\":{\"@id\":\"https:\\\/\\\/loginfo24.com\\\/it\\\/#organization\"},\"image\":{\"@id\":\"https:\\\/\\\/loginfo24.com\\\/it\\\/2026\\\/03\\\/13\\\/efw-modifica-la330-per-apal\\\/#primaryimage\"},\"thumbnailUrl\":\"https:\\\/\\\/loginfo24.com\\\/wp-content\\\/uploads\\\/sites\\\/7\\\/2026\\\/03\\\/APAL-banner1-aspect-ratio-1400-788.jpg\",\"keywords\":[\"air freight industry\",\"Airbus A330P2F\",\"aircraft modification certification\",\"APAL\",\"aviation technology\",\"avion cargo\",\"cargo aircraft\",\"cargo fleet\",\"certification de modification d'avion\",\"Chinese cargo market\",\"coentreprise ST Engineering\",\"conversion passager en fret\",\"Deutsch Airbus A330\",\"Dresde\",\"Dresden\",\"EFW\",\"EFW modification sites\",\"EFW technical planning\",\"Fachkr\u00e4ftemangel Luftfahrt\",\"fleet modernization\",\"flotte de fret\",\"Flottenmodernisierung\",\"Frachtflotte\",\"Frachtflugzeug\",\"Frachtl\u00f6sungen\",\"Frachtmarkt China\",\"freight solutions\",\"Hong Kong\",\"Hong Kong Fran\u00e7ais Airbus A330\",\"Hongkong English Airbus A330\",\"industrie du fret a\u00e9rien\",\"industrie du transport\",\"innovative Frachtl\u00f6sungen\",\"innovative freight solutions\",\"Joint Venture ST Engineering\",\"Luftfahrttechnik\",\"Luftfrachtindustrie\",\"march\u00e9 du fret chinois\",\"modernisation de flotte\",\"passenger-to-freighter conversion\",\"p\u00e9nurie de main-d'\u0153uvre a\u00e9ronautique\",\"planification technique EFW\",\"sites de modification EFW\",\"skilled labor shortage aviation\",\"solutions de fret\",\"solutions de fret innovantes\",\"ST Engineering joint venture\",\"technische Planung EFW\",\"technologie a\u00e9ronautique\",\"transport industry\",\"Transportwirtschaft\",\"Umr\u00fcststandorte EFW\",\"Umr\u00fcstung Passagierflugzeug\",\"Zertifizierung Flugzeugumbau\"],\"articleSection\":[\"Asien \\\/ Pazifik\",\"Europa\",\"Germania\",\"Trasporto aereo\"],\"inLanguage\":\"it-IT\",\"potentialAction\":[{\"@type\":\"CommentAction\",\"name\":\"Comment\",\"target\":[\"https:\\\/\\\/loginfo24.com\\\/it\\\/2026\\\/03\\\/13\\\/efw-modifica-la330-per-apal\\\/#respond\"]}]},{\"@type\":\"WebPage\",\"@id\":\"https:\\\/\\\/loginfo24.com\\\/it\\\/2026\\\/03\\\/13\\\/efw-modifica-la330-per-apal\\\/\",\"url\":\"https:\\\/\\\/loginfo24.com\\\/it\\\/2026\\\/03\\\/13\\\/efw-modifica-la330-per-apal\\\/\",\"name\":\"EFW modifica l&#8217;A330 per APAL - Loginfo24\",\"isPartOf\":{\"@id\":\"https:\\\/\\\/loginfo24.com\\\/it\\\/#website\"},\"primaryImageOfPage\":{\"@id\":\"https:\\\/\\\/loginfo24.com\\\/it\\\/2026\\\/03\\\/13\\\/efw-modifica-la330-per-apal\\\/#primaryimage\"},\"image\":{\"@id\":\"https:\\\/\\\/loginfo24.com\\\/it\\\/2026\\\/03\\\/13\\\/efw-modifica-la330-per-apal\\\/#primaryimage\"},\"thumbnailUrl\":\"https:\\\/\\\/loginfo24.com\\\/wp-content\\\/uploads\\\/sites\\\/7\\\/2026\\\/03\\\/APAL-banner1-aspect-ratio-1400-788.jpg\",\"datePublished\":\"2026-03-13T07:57:08+00:00\",\"dateModified\":\"2026-03-13T10:05:40+00:00\",\"breadcrumb\":{\"@id\":\"https:\\\/\\\/loginfo24.com\\\/it\\\/2026\\\/03\\\/13\\\/efw-modifica-la330-per-apal\\\/#breadcrumb\"},\"inLanguage\":\"it-IT\",\"potentialAction\":[{\"@type\":\"ReadAction\",\"target\":[\"https:\\\/\\\/loginfo24.com\\\/it\\\/2026\\\/03\\\/13\\\/efw-modifica-la330-per-apal\\\/\"]}]},{\"@type\":\"ImageObject\",\"inLanguage\":\"it-IT\",\"@id\":\"https:\\\/\\\/loginfo24.com\\\/it\\\/2026\\\/03\\\/13\\\/efw-modifica-la330-per-apal\\\/#primaryimage\",\"url\":\"https:\\\/\\\/loginfo24.com\\\/wp-content\\\/uploads\\\/sites\\\/7\\\/2026\\\/03\\\/APAL-banner1-aspect-ratio-1400-788.jpg\",\"contentUrl\":\"https:\\\/\\\/loginfo24.com\\\/wp-content\\\/uploads\\\/sites\\\/7\\\/2026\\\/03\\\/APAL-banner1-aspect-ratio-1400-788.jpg\",\"width\":959,\"height\":540},{\"@type\":\"BreadcrumbList\",\"@id\":\"https:\\\/\\\/loginfo24.com\\\/it\\\/2026\\\/03\\\/13\\\/efw-modifica-la330-per-apal\\\/#breadcrumb\",\"itemListElement\":[{\"@type\":\"ListItem\",\"position\":1,\"name\":\"Startseite\",\"item\":\"https:\\\/\\\/loginfo24.com\\\/it\\\/\"},{\"@type\":\"ListItem\",\"position\":2,\"name\":\"EFW modifica l&#8217;A330 per APAL\"}]},{\"@type\":\"WebSite\",\"@id\":\"https:\\\/\\\/loginfo24.com\\\/it\\\/#website\",\"url\":\"https:\\\/\\\/loginfo24.com\\\/it\\\/\",\"name\":\"Loginfo24\",\"description\":\"Loginfo24 \u00e8 la piattaforma dedicata alla logistica e alle catene di fornitura con informazioni disponibili 24 ore su 24.\",\"publisher\":{\"@id\":\"https:\\\/\\\/loginfo24.com\\\/it\\\/#organization\"},\"potentialAction\":[{\"@type\":\"SearchAction\",\"target\":{\"@type\":\"EntryPoint\",\"urlTemplate\":\"https:\\\/\\\/loginfo24.com\\\/it\\\/?s={search_term_string}\"},\"query-input\":{\"@type\":\"PropertyValueSpecification\",\"valueRequired\":true,\"valueName\":\"search_term_string\"}}],\"inLanguage\":\"it-IT\"},{\"@type\":\"Organization\",\"@id\":\"https:\\\/\\\/loginfo24.com\\\/it\\\/#organization\",\"name\":\"Logismedia Group AG\",\"url\":\"https:\\\/\\\/loginfo24.com\\\/it\\\/\",\"logo\":{\"@type\":\"ImageObject\",\"inLanguage\":\"it-IT\",\"@id\":\"https:\\\/\\\/loginfo24.com\\\/it\\\/#\\\/schema\\\/logo\\\/image\\\/\",\"url\":\"https:\\\/\\\/loginfo24.com\\\/wp-content\\\/uploads\\\/sites\\\/7\\\/2026\\\/01\\\/Logo_LogInfo24.png\",\"contentUrl\":\"https:\\\/\\\/loginfo24.com\\\/wp-content\\\/uploads\\\/sites\\\/7\\\/2026\\\/01\\\/Logo_LogInfo24.png\",\"width\":938,\"height\":351,\"caption\":\"Logismedia Group AG\"},\"image\":{\"@id\":\"https:\\\/\\\/loginfo24.com\\\/it\\\/#\\\/schema\\\/logo\\\/image\\\/\"},\"sameAs\":[\"https:\\\/\\\/www.facebook.com\\\/people\\\/Loginfo24\\\/100057360583332\\\/\",\"https:\\\/\\\/www.linkedin.com\\\/company\\\/lofinfo24\\\/\"]},{\"@type\":\"Person\",\"@id\":\"https:\\\/\\\/loginfo24.com\\\/it\\\/#\\\/schema\\\/person\\\/cf538b3157f15afd7589245a4b3dbd25\",\"name\":\"Andreas Haug\",\"url\":\"https:\\\/\\\/loginfo24.com\\\/it\\\/author\\\/andreas\\\/\"}]}<\/script>\n<!-- \/ Yoast SEO plugin. -->","yoast_head_json":{"title":"EFW modifica l&#8217;A330 per APAL - Loginfo24","robots":{"index":"index","follow":"follow","max-snippet":"max-snippet:-1","max-image-preview":"max-image-preview:large","max-video-preview":"max-video-preview:-1"},"canonical":"https:\/\/loginfo24.com\/it\/2026\/03\/13\/efw-modifica-la330-per-apal\/","og_locale":"it_IT","og_type":"article","og_title":"EFW modifica l&#8217;A330 per APAL - Loginfo24","og_description":"Elbe Flugzeugwerke ha firmato un contratto per la modifica di un Airbus A330-300 con il gruppo Asia Pacific Aviation Leasing per servire il mercato cargo.","og_url":"https:\/\/loginfo24.com\/it\/2026\/03\/13\/efw-modifica-la330-per-apal\/","og_site_name":"Loginfo24","article_publisher":"https:\/\/www.facebook.com\/people\/Loginfo24\/100057360583332\/","article_published_time":"2026-03-13T07:57:08+00:00","article_modified_time":"2026-03-13T10:05:40+00:00","og_image":[{"width":959,"height":540,"url":"https:\/\/loginfo24.com\/wp-content\/uploads\/sites\/7\/2026\/03\/APAL-banner1-aspect-ratio-1400-788.jpg","type":"image\/jpeg"}],"author":"Andreas Haug","twitter_card":"summary_large_image","twitter_misc":{"Scritto da":"Andreas Haug","Tempo di lettura stimato":"1 minuto"},"schema":{"@context":"https:\/\/schema.org","@graph":[{"@type":"Article","@id":"https:\/\/loginfo24.com\/it\/2026\/03\/13\/efw-modifica-la330-per-apal\/#article","isPartOf":{"@id":"https:\/\/loginfo24.com\/it\/2026\/03\/13\/efw-modifica-la330-per-apal\/"},"author":{"name":"Andreas Haug","@id":"https:\/\/loginfo24.com\/it\/#\/schema\/person\/cf538b3157f15afd7589245a4b3dbd25"},"headline":"EFW modifica l&#8217;A330 per APAL","datePublished":"2026-03-13T07:57:08+00:00","dateModified":"2026-03-13T10:05:40+00:00","mainEntityOfPage":{"@id":"https:\/\/loginfo24.com\/it\/2026\/03\/13\/efw-modifica-la330-per-apal\/"},"wordCount":248,"commentCount":0,"publisher":{"@id":"https:\/\/loginfo24.com\/it\/#organization"},"image":{"@id":"https:\/\/loginfo24.com\/it\/2026\/03\/13\/efw-modifica-la330-per-apal\/#primaryimage"},"thumbnailUrl":"https:\/\/loginfo24.com\/wp-content\/uploads\/sites\/7\/2026\/03\/APAL-banner1-aspect-ratio-1400-788.jpg","keywords":["air freight industry","Airbus A330P2F","aircraft modification certification","APAL","aviation technology","avion cargo","cargo aircraft","cargo fleet","certification de modification d'avion","Chinese cargo market","coentreprise ST Engineering","conversion passager en fret","Deutsch Airbus A330","Dresde","Dresden","EFW","EFW modification sites","EFW technical planning","Fachkr\u00e4ftemangel Luftfahrt","fleet modernization","flotte de fret","Flottenmodernisierung","Frachtflotte","Frachtflugzeug","Frachtl\u00f6sungen","Frachtmarkt China","freight solutions","Hong Kong","Hong Kong Fran\u00e7ais Airbus A330","Hongkong English Airbus A330","industrie du fret a\u00e9rien","industrie du transport","innovative Frachtl\u00f6sungen","innovative freight solutions","Joint Venture ST Engineering","Luftfahrttechnik","Luftfrachtindustrie","march\u00e9 du fret chinois","modernisation de flotte","passenger-to-freighter conversion","p\u00e9nurie de main-d'\u0153uvre a\u00e9ronautique","planification technique EFW","sites de modification EFW","skilled labor shortage aviation","solutions de fret","solutions de fret innovantes","ST Engineering joint venture","technische Planung EFW","technologie a\u00e9ronautique","transport industry","Transportwirtschaft","Umr\u00fcststandorte EFW","Umr\u00fcstung Passagierflugzeug","Zertifizierung Flugzeugumbau"],"articleSection":["Asien \/ Pazifik","Europa","Germania","Trasporto aereo"],"inLanguage":"it-IT","potentialAction":[{"@type":"CommentAction","name":"Comment","target":["https:\/\/loginfo24.com\/it\/2026\/03\/13\/efw-modifica-la330-per-apal\/#respond"]}]},{"@type":"WebPage","@id":"https:\/\/loginfo24.com\/it\/2026\/03\/13\/efw-modifica-la330-per-apal\/","url":"https:\/\/loginfo24.com\/it\/2026\/03\/13\/efw-modifica-la330-per-apal\/","name":"EFW modifica l&#8217;A330 per APAL - Loginfo24","isPartOf":{"@id":"https:\/\/loginfo24.com\/it\/#website"},"primaryImageOfPage":{"@id":"https:\/\/loginfo24.com\/it\/2026\/03\/13\/efw-modifica-la330-per-apal\/#primaryimage"},"image":{"@id":"https:\/\/loginfo24.com\/it\/2026\/03\/13\/efw-modifica-la330-per-apal\/#primaryimage"},"thumbnailUrl":"https:\/\/loginfo24.com\/wp-content\/uploads\/sites\/7\/2026\/03\/APAL-banner1-aspect-ratio-1400-788.jpg","datePublished":"2026-03-13T07:57:08+00:00","dateModified":"2026-03-13T10:05:40+00:00","breadcrumb":{"@id":"https:\/\/loginfo24.com\/it\/2026\/03\/13\/efw-modifica-la330-per-apal\/#breadcrumb"},"inLanguage":"it-IT","potentialAction":[{"@type":"ReadAction","target":["https:\/\/loginfo24.com\/it\/2026\/03\/13\/efw-modifica-la330-per-apal\/"]}]},{"@type":"ImageObject","inLanguage":"it-IT","@id":"https:\/\/loginfo24.com\/it\/2026\/03\/13\/efw-modifica-la330-per-apal\/#primaryimage","url":"https:\/\/loginfo24.com\/wp-content\/uploads\/sites\/7\/2026\/03\/APAL-banner1-aspect-ratio-1400-788.jpg","contentUrl":"https:\/\/loginfo24.com\/wp-content\/uploads\/sites\/7\/2026\/03\/APAL-banner1-aspect-ratio-1400-788.jpg","width":959,"height":540},{"@type":"BreadcrumbList","@id":"https:\/\/loginfo24.com\/it\/2026\/03\/13\/efw-modifica-la330-per-apal\/#breadcrumb","itemListElement":[{"@type":"ListItem","position":1,"name":"Startseite","item":"https:\/\/loginfo24.com\/it\/"},{"@type":"ListItem","position":2,"name":"EFW modifica l&#8217;A330 per APAL"}]},{"@type":"WebSite","@id":"https:\/\/loginfo24.com\/it\/#website","url":"https:\/\/loginfo24.com\/it\/","name":"Loginfo24","description":"Loginfo24 \u00e8 la piattaforma dedicata alla logistica e alle catene di fornitura con informazioni disponibili 24 ore su 24.","publisher":{"@id":"https:\/\/loginfo24.com\/it\/#organization"},"potentialAction":[{"@type":"SearchAction","target":{"@type":"EntryPoint","urlTemplate":"https:\/\/loginfo24.com\/it\/?s={search_term_string}"},"query-input":{"@type":"PropertyValueSpecification","valueRequired":true,"valueName":"search_term_string"}}],"inLanguage":"it-IT"},{"@type":"Organization","@id":"https:\/\/loginfo24.com\/it\/#organization","name":"Logismedia Group AG","url":"https:\/\/loginfo24.com\/it\/","logo":{"@type":"ImageObject","inLanguage":"it-IT","@id":"https:\/\/loginfo24.com\/it\/#\/schema\/logo\/image\/","url":"https:\/\/loginfo24.com\/wp-content\/uploads\/sites\/7\/2026\/01\/Logo_LogInfo24.png","contentUrl":"https:\/\/loginfo24.com\/wp-content\/uploads\/sites\/7\/2026\/01\/Logo_LogInfo24.png","width":938,"height":351,"caption":"Logismedia Group AG"},"image":{"@id":"https:\/\/loginfo24.com\/it\/#\/schema\/logo\/image\/"},"sameAs":["https:\/\/www.facebook.com\/people\/Loginfo24\/100057360583332\/","https:\/\/www.linkedin.com\/company\/lofinfo24\/"]},{"@type":"Person","@id":"https:\/\/loginfo24.com\/it\/#\/schema\/person\/cf538b3157f15afd7589245a4b3dbd25","name":"Andreas Haug","url":"https:\/\/loginfo24.com\/it\/author\/andreas\/"}]}},"_links":{"self":[{"href":"https:\/\/loginfo24.com\/it\/wp-json\/wp\/v2\/posts\/76605","targetHints":{"allow":["GET"]}}],"collection":[{"href":"https:\/\/loginfo24.com\/it\/wp-json\/wp\/v2\/posts"}],"about":[{"href":"https:\/\/loginfo24.com\/it\/wp-json\/wp\/v2\/types\/post"}],"author":[{"embeddable":true,"href":"https:\/\/loginfo24.com\/it\/wp-json\/wp\/v2\/users\/12"}],"replies":[{"embeddable":true,"href":"https:\/\/loginfo24.com\/it\/wp-json\/wp\/v2\/comments?post=76605"}],"version-history":[{"count":1,"href":"https:\/\/loginfo24.com\/it\/wp-json\/wp\/v2\/posts\/76605\/revisions"}],"predecessor-version":[{"id":76620,"href":"https:\/\/loginfo24.com\/it\/wp-json\/wp\/v2\/posts\/76605\/revisions\/76620"}],"wp:featuredmedia":[{"embeddable":true,"href":"https:\/\/loginfo24.com\/it\/wp-json\/wp\/v2\/media\/76601"}],"wp:attachment":[{"href":"https:\/\/loginfo24.com\/it\/wp-json\/wp\/v2\/media?parent=76605"}],"wp:term":[{"taxonomy":"category","embeddable":true,"href":"https:\/\/loginfo24.com\/it\/wp-json\/wp\/v2\/categories?post=76605"},{"taxonomy":"post_tag","embeddable":true,"href":"https:\/\/loginfo24.com\/it\/wp-json\/wp\/v2\/tags?post=76605"}],"curies":[{"name":"wp","href":"https:\/\/api.w.org\/{rel}","templated":true}]}}