{"id":76560,"date":"2026-03-12T13:07:30","date_gmt":"2026-03-12T13:07:30","guid":{"rendered":"https:\/\/loginfo24.com\/2026\/03\/12\/posta-svizzera-con-calo-dei-ricavi-2025\/"},"modified":"2026-03-12T13:07:30","modified_gmt":"2026-03-12T13:07:30","slug":"posta-svizzera-con-calo-dei-ricavi-2025","status":"publish","type":"post","link":"https:\/\/loginfo24.com\/it\/2026\/03\/12\/posta-svizzera-con-calo-dei-ricavi-2025\/","title":{"rendered":"Posta Svizzera con calo dei ricavi 2025"},"content":{"rendered":"<p>La Posta ha presentato il suo bilancio annuale in condizioni difficili, oscurate da una tragica fatalit\u00e0. In un incendio di un furgone postale nella comunit\u00e0 di Kerzers, nel cantone di Friburgo, diverse persone hanno perso la vita, incluso l&#8217;autista del veicolo. Il consiglio di amministrazione e la direzione del gruppo esprimono le loro condoglianze ai familiari e supportano le indagini in corso delle autorit\u00e0 competenti. Nonostante queste circostanze tragiche, la Posta presenta il suo bilancio annuale, dimostrando cos\u00ec la sua responsabilit\u00e0 nei confronti della popolazione.<\/p>\n<h3>Risultati finanziari in sintesi<\/h3>\n<p>Nel settore operativo, la Posta ha registrato un risultato operativo di 332 milioni di franchi, con una diminuzione di 82 milioni di franchi rispetto all&#8217;anno precedente. L&#8217;utile del gruppo \u00e8 sceso di 20 milioni di franchi a 315 milioni di franchi. Il successo di PostFinance ha contribuito in modo significativo a questo risultato, nonostante le sfide di un difficile contesto dei tassi d&#8217;interesse. Il CEO Pascal Grieder sottolinea che senza il contributo di PostFinance, il risultato operativo sarebbe stato quasi in pareggio. Alex Glanzmann, responsabile delle finanze, evidenzia che la Posta \u00e8 rimasta performante nonostante le difficili condizioni quadro.<\/p>\n<p>La trasformazione digitale mostra sviluppi positivi. La nuova app della Posta sta guadagnando sempre pi\u00f9 popolarit\u00e0 e il numero delle spedizioni inviate digitalmente \u00e8 aumentato nel 2025 del 60% a 4,5 milioni. Inoltre, 360.000 clienti privati hanno sottoscritto la ricezione di spedizioni digitali, con un incremento del 90% rispetto all&#8217;anno precedente. Questi sviluppi evidenziano l&#8217;importanza crescente della comunicazione digitale.<\/p>\n<h3>Sviluppi nel mercato della logistica e della corrispondenza<\/h3>\n<p>Nel settore della logistica, la Posta ha registrato un aumento del volume dei pacchi a 186,6 milioni di spedizioni, corrispondente a un incremento del 3,7%. PostFinance ha ottenuto un risultato operativo di 290 milioni di franchi, supportato da nuove soluzioni digitali per investimenti e previdenza. Al contrario, il mercato della corrispondenza ha subito una diminuzione del 4,2% nelle spedizioni indirizzate, portando a una riduzione del fatturato di 85 milioni di franchi nel settore della corrispondenza e dei giornali.<\/p>\n<p>Per affrontare le sfide finanziarie, la Posta prevede di affinare la sua strategia entro il 2030. L&#8217;attenzione sar\u00e0 rivolta al rafforzamento delle aree chiave della logistica, comunicazione, mobilit\u00e0 e servizi finanziari. Il CEO Grieder spiega che la Posta desidera lavorare meno, ma con maggiore focus e impatto. L&#8217;obiettivo \u00e8 aumentare il contributo all&#8217;utile del settore pacchi e accelerare la crescita nel settore degli investimenti.<\/p>\n<h3>Prospettive e misure strategiche<\/h3>\n<p>La Posta continuer\u00e0 a effettuare adeguamenti dei prezzi e dovr\u00e0 ridurre i costi interni per garantire una fornitura di base finanziariamente sostenibile. Entro il 2030, i processi nelle aree interne dovranno essere semplificati per lavorare in modo pi\u00f9 efficiente. Inoltre, la Posta avr\u00e0 bisogno del supporto della politica per avviare un dialogo sull&#8217;ambito della fornitura di base e mantenere la libert\u00e0 imprenditoriale.<\/p>\n<p>Il CEO Grieder riconosce la coesione all&#8217;interno dell&#8217;azienda e sottolinea la forza del team, soprattutto in tempi difficili. La Posta continuer\u00e0 a offrire i suoi servizi e ad affrontare le sfide del mercato, mantenendo al contempo i pensieri per le vittime della tragica fatalit\u00e0.<\/p>\n<p><a href=\"http:\/\/www.post.ch\" target=\"_blank\" rel=\"noopener noreferrer\">www.post.ch<\/a><\/p>\n","protected":false},"excerpt":{"rendered":"<p>Quantit\u00e0 di pacchi a 186,6 milioni di spedizioni, corrispondente a un aumento del 3,7 percento.<\/p>\n","protected":false},"author":7,"featured_media":76556,"comment_status":"open","ping_status":"","sticky":false,"template":"","format":"standard","meta":{"_acf_changed":false,"footnotes":""},"categories":[6679,1628,6669],"tags":[14068,14069,14070,14071,14072,14073,14025,14074,14075,14076,14077,14078,14079,14080,14081,2211,14082,2212,14083,14084,14085,14086,14087,14088,14089,14090,14091,2133,1831,3750,14092,14093,7448,7449,14094,14095,14096,14097,3756,3757,14098,14099,2148,14100,14101,14102,14103,14104,12108,14105,14106,14107,7456,14108,14109,2242,14110],"class_list":["post-76560","post","type-post","status-publish","format-standard","has-post-thumbnail","hentry","category-europa","category-intermodale-strada","category-svizzera","tag-accident-tragique","tag-activite-dinvestissement","tag-ajustements-de-prix","tag-anlagegeschaeft","tag-annual-report","tag-baisse-de-revenus","tag-baisse-des-revenus-2025","tag-basic-services","tag-betriebsergebnis","tag-briefmarkt","tag-challenges-of-the-post-francais-poste-suisse","tag-communication-numerique","tag-defis-de-la-poste","tag-deutsch-schweizerische-post","tag-digital-communication","tag-digital-transformation","tag-digitale-kommunikation","tag-digitale-transformation","tag-ertragsrueckgang-2025","tag-financial-services","tag-finanzdienstleistungen","tag-grundversorgung","tag-herausforderungen-der-post-english-swiss-post","tag-interne-kosten-senken","tag-investment-business","tag-jahresbilanz","tag-kerzers","tag-logistics-service-providers","tag-logistikdienstleister","tag-logistique-de-colis","tag-mail-market","tag-marche-postal","tag-market-strategies","tag-marktstrategien","tag-mobilitaet","tag-mobilite","tag-mobility","tag-operating-result","tag-paketlogistik","tag-parcel-logistics","tag-postfinance","tag-preisanpassungen","tag-prestataires-de-services-logistiques","tag-price-adjustments","tag-rapport-annuel","tag-reduce-internal-costs","tag-reduction-des-couts-internes","tag-resultat-dexploitation","tag-revenue-decline-2025","tag-revenue-drop","tag-services-de-base","tag-services-financiers","tag-strategies-de-marche","tag-tragic-accident","tag-tragisches-unglueck","tag-transformation-numerique","tag-umsatzrueckgang"],"acf":[],"yoast_head":"<!-- This site is optimized with the Yoast SEO plugin v27.3 - https:\/\/yoast.com\/product\/yoast-seo-wordpress\/ -->\n<title>Posta Svizzera con calo dei ricavi 2025 - Loginfo24<\/title>\n<meta name=\"robots\" content=\"index, follow, max-snippet:-1, max-image-preview:large, max-video-preview:-1\" \/>\n<link rel=\"canonical\" href=\"https:\/\/loginfo24.com\/it\/2026\/03\/12\/posta-svizzera-con-calo-dei-ricavi-2025\/\" \/>\n<meta property=\"og:locale\" content=\"it_IT\" \/>\n<meta property=\"og:type\" content=\"article\" \/>\n<meta property=\"og:title\" content=\"Posta Svizzera con calo dei ricavi 2025 - Loginfo24\" \/>\n<meta property=\"og:description\" content=\"Quantit\u00e0 di pacchi a 186,6 milioni di spedizioni, corrispondente a un aumento del 3,7 percento.\" \/>\n<meta property=\"og:url\" content=\"https:\/\/loginfo24.com\/it\/2026\/03\/12\/posta-svizzera-con-calo-dei-ricavi-2025\/\" \/>\n<meta property=\"og:site_name\" content=\"Loginfo24\" \/>\n<meta property=\"article:publisher\" content=\"https:\/\/www.facebook.com\/people\/Loginfo24\/100057360583332\/\" \/>\n<meta property=\"article:published_time\" content=\"2026-03-12T13:07:30+00:00\" \/>\n<meta property=\"og:image\" content=\"https:\/\/loginfo24.com\/wp-content\/uploads\/sites\/7\/2026\/03\/Post_CH_12.3.26-scaled-1.jpg\" \/>\n\t<meta property=\"og:image:width\" content=\"2560\" \/>\n\t<meta property=\"og:image:height\" content=\"1440\" \/>\n\t<meta property=\"og:image:type\" content=\"image\/jpeg\" \/>\n<meta name=\"author\" content=\"Andreas M\u00fcller\" \/>\n<meta name=\"twitter:card\" content=\"summary_large_image\" \/>\n<meta name=\"twitter:label1\" content=\"Scritto da\" \/>\n\t<meta name=\"twitter:data1\" content=\"Andreas M\u00fcller\" \/>\n\t<meta name=\"twitter:label2\" content=\"Tempo di lettura stimato\" \/>\n\t<meta name=\"twitter:data2\" content=\"3 minuto\" \/>\n<script type=\"application\/ld+json\" class=\"yoast-schema-graph\">{\"@context\":\"https:\\\/\\\/schema.org\",\"@graph\":[{\"@type\":\"Article\",\"@id\":\"https:\\\/\\\/loginfo24.com\\\/it\\\/2026\\\/03\\\/12\\\/posta-svizzera-con-calo-dei-ricavi-2025\\\/#article\",\"isPartOf\":{\"@id\":\"https:\\\/\\\/loginfo24.com\\\/it\\\/2026\\\/03\\\/12\\\/posta-svizzera-con-calo-dei-ricavi-2025\\\/\"},\"author\":{\"name\":\"Andreas M\u00fcller\",\"@id\":\"https:\\\/\\\/loginfo24.com\\\/it\\\/#\\\/schema\\\/person\\\/7b1593b33567ba798d300c8a1b0b85b1\"},\"headline\":\"Posta Svizzera con calo dei ricavi 2025\",\"datePublished\":\"2026-03-12T13:07:30+00:00\",\"mainEntityOfPage\":{\"@id\":\"https:\\\/\\\/loginfo24.com\\\/it\\\/2026\\\/03\\\/12\\\/posta-svizzera-con-calo-dei-ricavi-2025\\\/\"},\"wordCount\":508,\"commentCount\":0,\"publisher\":{\"@id\":\"https:\\\/\\\/loginfo24.com\\\/it\\\/#organization\"},\"image\":{\"@id\":\"https:\\\/\\\/loginfo24.com\\\/it\\\/2026\\\/03\\\/12\\\/posta-svizzera-con-calo-dei-ricavi-2025\\\/#primaryimage\"},\"thumbnailUrl\":\"https:\\\/\\\/loginfo24.com\\\/wp-content\\\/uploads\\\/sites\\\/7\\\/2026\\\/03\\\/Post_CH_12.3.26-scaled-1.jpg\",\"keywords\":[\"accident tragique\",\"activit\u00e9 d'investissement\",\"ajustements de prix\",\"Anlagegesch\u00e4ft\",\"annual report\",\"baisse de revenus\",\"baisse des revenus 2025\",\"basic services\",\"Betriebsergebnis\",\"Briefmarkt\",\"challenges of the Post Fran\u00e7ais Poste suisse\",\"communication num\u00e9rique\",\"d\u00e9fis de la Poste\",\"Deutsch Schweizerische Post\",\"digital communication\",\"digital transformation\",\"digitale Kommunikation\",\"digitale Transformation\",\"Ertragsr\u00fcckgang 2025\",\"financial services\",\"Finanzdienstleistungen\",\"Grundversorgung\",\"Herausforderungen der Post English Swiss Post\",\"interne Kosten senken\",\"investment business\",\"Jahresbilanz\",\"Kerzers\",\"logistics service providers\",\"Logistikdienstleister\",\"logistique de colis\",\"mail market\",\"march\u00e9 postal\",\"market strategies\",\"Marktstrategien\",\"Mobilit\u00e4t\",\"mobilit\u00e9\",\"mobility\",\"operating result\",\"Paketlogistik\",\"parcel logistics\",\"PostFinance\",\"Preisanpassungen\",\"prestataires de services logistiques\",\"price adjustments\",\"rapport annuel\",\"reduce internal costs\",\"r\u00e9duction des co\u00fbts internes\",\"r\u00e9sultat d'exploitation\",\"revenue decline 2025\",\"revenue drop\",\"services de base\",\"services financiers\",\"strat\u00e9gies de march\u00e9\",\"tragic accident\",\"tragisches Ungl\u00fcck\",\"transformation num\u00e9rique\",\"Umsatzr\u00fcckgang\"],\"articleSection\":[\"Europa\",\"Intermodale \\\/ Strada\",\"Svizzera\"],\"inLanguage\":\"it-IT\",\"potentialAction\":[{\"@type\":\"CommentAction\",\"name\":\"Comment\",\"target\":[\"https:\\\/\\\/loginfo24.com\\\/it\\\/2026\\\/03\\\/12\\\/posta-svizzera-con-calo-dei-ricavi-2025\\\/#respond\"]}]},{\"@type\":\"WebPage\",\"@id\":\"https:\\\/\\\/loginfo24.com\\\/it\\\/2026\\\/03\\\/12\\\/posta-svizzera-con-calo-dei-ricavi-2025\\\/\",\"url\":\"https:\\\/\\\/loginfo24.com\\\/it\\\/2026\\\/03\\\/12\\\/posta-svizzera-con-calo-dei-ricavi-2025\\\/\",\"name\":\"Posta Svizzera con calo dei ricavi 2025 - Loginfo24\",\"isPartOf\":{\"@id\":\"https:\\\/\\\/loginfo24.com\\\/it\\\/#website\"},\"primaryImageOfPage\":{\"@id\":\"https:\\\/\\\/loginfo24.com\\\/it\\\/2026\\\/03\\\/12\\\/posta-svizzera-con-calo-dei-ricavi-2025\\\/#primaryimage\"},\"image\":{\"@id\":\"https:\\\/\\\/loginfo24.com\\\/it\\\/2026\\\/03\\\/12\\\/posta-svizzera-con-calo-dei-ricavi-2025\\\/#primaryimage\"},\"thumbnailUrl\":\"https:\\\/\\\/loginfo24.com\\\/wp-content\\\/uploads\\\/sites\\\/7\\\/2026\\\/03\\\/Post_CH_12.3.26-scaled-1.jpg\",\"datePublished\":\"2026-03-12T13:07:30+00:00\",\"breadcrumb\":{\"@id\":\"https:\\\/\\\/loginfo24.com\\\/it\\\/2026\\\/03\\\/12\\\/posta-svizzera-con-calo-dei-ricavi-2025\\\/#breadcrumb\"},\"inLanguage\":\"it-IT\",\"potentialAction\":[{\"@type\":\"ReadAction\",\"target\":[\"https:\\\/\\\/loginfo24.com\\\/it\\\/2026\\\/03\\\/12\\\/posta-svizzera-con-calo-dei-ricavi-2025\\\/\"]}]},{\"@type\":\"ImageObject\",\"inLanguage\":\"it-IT\",\"@id\":\"https:\\\/\\\/loginfo24.com\\\/it\\\/2026\\\/03\\\/12\\\/posta-svizzera-con-calo-dei-ricavi-2025\\\/#primaryimage\",\"url\":\"https:\\\/\\\/loginfo24.com\\\/wp-content\\\/uploads\\\/sites\\\/7\\\/2026\\\/03\\\/Post_CH_12.3.26-scaled-1.jpg\",\"contentUrl\":\"https:\\\/\\\/loginfo24.com\\\/wp-content\\\/uploads\\\/sites\\\/7\\\/2026\\\/03\\\/Post_CH_12.3.26-scaled-1.jpg\",\"width\":2560,\"height\":1440},{\"@type\":\"BreadcrumbList\",\"@id\":\"https:\\\/\\\/loginfo24.com\\\/it\\\/2026\\\/03\\\/12\\\/posta-svizzera-con-calo-dei-ricavi-2025\\\/#breadcrumb\",\"itemListElement\":[{\"@type\":\"ListItem\",\"position\":1,\"name\":\"Startseite\",\"item\":\"https:\\\/\\\/loginfo24.com\\\/it\\\/\"},{\"@type\":\"ListItem\",\"position\":2,\"name\":\"Posta Svizzera con calo dei ricavi 2025\"}]},{\"@type\":\"WebSite\",\"@id\":\"https:\\\/\\\/loginfo24.com\\\/it\\\/#website\",\"url\":\"https:\\\/\\\/loginfo24.com\\\/it\\\/\",\"name\":\"Loginfo24\",\"description\":\"Loginfo24 \u00e8 la piattaforma dedicata alla logistica e alle catene di fornitura con informazioni disponibili 24 ore su 24.\",\"publisher\":{\"@id\":\"https:\\\/\\\/loginfo24.com\\\/it\\\/#organization\"},\"potentialAction\":[{\"@type\":\"SearchAction\",\"target\":{\"@type\":\"EntryPoint\",\"urlTemplate\":\"https:\\\/\\\/loginfo24.com\\\/it\\\/?s={search_term_string}\"},\"query-input\":{\"@type\":\"PropertyValueSpecification\",\"valueRequired\":true,\"valueName\":\"search_term_string\"}}],\"inLanguage\":\"it-IT\"},{\"@type\":\"Organization\",\"@id\":\"https:\\\/\\\/loginfo24.com\\\/it\\\/#organization\",\"name\":\"Logismedia Group AG\",\"url\":\"https:\\\/\\\/loginfo24.com\\\/it\\\/\",\"logo\":{\"@type\":\"ImageObject\",\"inLanguage\":\"it-IT\",\"@id\":\"https:\\\/\\\/loginfo24.com\\\/it\\\/#\\\/schema\\\/logo\\\/image\\\/\",\"url\":\"https:\\\/\\\/loginfo24.com\\\/wp-content\\\/uploads\\\/sites\\\/7\\\/2026\\\/01\\\/Logo_LogInfo24.png\",\"contentUrl\":\"https:\\\/\\\/loginfo24.com\\\/wp-content\\\/uploads\\\/sites\\\/7\\\/2026\\\/01\\\/Logo_LogInfo24.png\",\"width\":938,\"height\":351,\"caption\":\"Logismedia Group AG\"},\"image\":{\"@id\":\"https:\\\/\\\/loginfo24.com\\\/it\\\/#\\\/schema\\\/logo\\\/image\\\/\"},\"sameAs\":[\"https:\\\/\\\/www.facebook.com\\\/people\\\/Loginfo24\\\/100057360583332\\\/\",\"https:\\\/\\\/www.linkedin.com\\\/company\\\/lofinfo24\\\/\"]},{\"@type\":\"Person\",\"@id\":\"https:\\\/\\\/loginfo24.com\\\/it\\\/#\\\/schema\\\/person\\\/7b1593b33567ba798d300c8a1b0b85b1\",\"name\":\"Andreas M\u00fcller\",\"url\":\"https:\\\/\\\/loginfo24.com\\\/it\\\/author\\\/logismedia\\\/\"}]}<\/script>\n<!-- \/ Yoast SEO plugin. -->","yoast_head_json":{"title":"Posta Svizzera con calo dei ricavi 2025 - Loginfo24","robots":{"index":"index","follow":"follow","max-snippet":"max-snippet:-1","max-image-preview":"max-image-preview:large","max-video-preview":"max-video-preview:-1"},"canonical":"https:\/\/loginfo24.com\/it\/2026\/03\/12\/posta-svizzera-con-calo-dei-ricavi-2025\/","og_locale":"it_IT","og_type":"article","og_title":"Posta Svizzera con calo dei ricavi 2025 - Loginfo24","og_description":"Quantit\u00e0 di pacchi a 186,6 milioni di spedizioni, corrispondente a un aumento del 3,7 percento.","og_url":"https:\/\/loginfo24.com\/it\/2026\/03\/12\/posta-svizzera-con-calo-dei-ricavi-2025\/","og_site_name":"Loginfo24","article_publisher":"https:\/\/www.facebook.com\/people\/Loginfo24\/100057360583332\/","article_published_time":"2026-03-12T13:07:30+00:00","og_image":[{"width":2560,"height":1440,"url":"https:\/\/loginfo24.com\/wp-content\/uploads\/sites\/7\/2026\/03\/Post_CH_12.3.26-scaled-1.jpg","type":"image\/jpeg"}],"author":"Andreas M\u00fcller","twitter_card":"summary_large_image","twitter_misc":{"Scritto da":"Andreas M\u00fcller","Tempo di lettura stimato":"3 minuto"},"schema":{"@context":"https:\/\/schema.org","@graph":[{"@type":"Article","@id":"https:\/\/loginfo24.com\/it\/2026\/03\/12\/posta-svizzera-con-calo-dei-ricavi-2025\/#article","isPartOf":{"@id":"https:\/\/loginfo24.com\/it\/2026\/03\/12\/posta-svizzera-con-calo-dei-ricavi-2025\/"},"author":{"name":"Andreas M\u00fcller","@id":"https:\/\/loginfo24.com\/it\/#\/schema\/person\/7b1593b33567ba798d300c8a1b0b85b1"},"headline":"Posta Svizzera con calo dei ricavi 2025","datePublished":"2026-03-12T13:07:30+00:00","mainEntityOfPage":{"@id":"https:\/\/loginfo24.com\/it\/2026\/03\/12\/posta-svizzera-con-calo-dei-ricavi-2025\/"},"wordCount":508,"commentCount":0,"publisher":{"@id":"https:\/\/loginfo24.com\/it\/#organization"},"image":{"@id":"https:\/\/loginfo24.com\/it\/2026\/03\/12\/posta-svizzera-con-calo-dei-ricavi-2025\/#primaryimage"},"thumbnailUrl":"https:\/\/loginfo24.com\/wp-content\/uploads\/sites\/7\/2026\/03\/Post_CH_12.3.26-scaled-1.jpg","keywords":["accident tragique","activit\u00e9 d'investissement","ajustements de prix","Anlagegesch\u00e4ft","annual report","baisse de revenus","baisse des revenus 2025","basic services","Betriebsergebnis","Briefmarkt","challenges of the Post Fran\u00e7ais Poste suisse","communication num\u00e9rique","d\u00e9fis de la Poste","Deutsch Schweizerische Post","digital communication","digital transformation","digitale Kommunikation","digitale Transformation","Ertragsr\u00fcckgang 2025","financial services","Finanzdienstleistungen","Grundversorgung","Herausforderungen der Post English Swiss Post","interne Kosten senken","investment business","Jahresbilanz","Kerzers","logistics service providers","Logistikdienstleister","logistique de colis","mail market","march\u00e9 postal","market strategies","Marktstrategien","Mobilit\u00e4t","mobilit\u00e9","mobility","operating result","Paketlogistik","parcel logistics","PostFinance","Preisanpassungen","prestataires de services logistiques","price adjustments","rapport annuel","reduce internal costs","r\u00e9duction des co\u00fbts internes","r\u00e9sultat d'exploitation","revenue decline 2025","revenue drop","services de base","services financiers","strat\u00e9gies de march\u00e9","tragic accident","tragisches Ungl\u00fcck","transformation num\u00e9rique","Umsatzr\u00fcckgang"],"articleSection":["Europa","Intermodale \/ Strada","Svizzera"],"inLanguage":"it-IT","potentialAction":[{"@type":"CommentAction","name":"Comment","target":["https:\/\/loginfo24.com\/it\/2026\/03\/12\/posta-svizzera-con-calo-dei-ricavi-2025\/#respond"]}]},{"@type":"WebPage","@id":"https:\/\/loginfo24.com\/it\/2026\/03\/12\/posta-svizzera-con-calo-dei-ricavi-2025\/","url":"https:\/\/loginfo24.com\/it\/2026\/03\/12\/posta-svizzera-con-calo-dei-ricavi-2025\/","name":"Posta Svizzera con calo dei ricavi 2025 - Loginfo24","isPartOf":{"@id":"https:\/\/loginfo24.com\/it\/#website"},"primaryImageOfPage":{"@id":"https:\/\/loginfo24.com\/it\/2026\/03\/12\/posta-svizzera-con-calo-dei-ricavi-2025\/#primaryimage"},"image":{"@id":"https:\/\/loginfo24.com\/it\/2026\/03\/12\/posta-svizzera-con-calo-dei-ricavi-2025\/#primaryimage"},"thumbnailUrl":"https:\/\/loginfo24.com\/wp-content\/uploads\/sites\/7\/2026\/03\/Post_CH_12.3.26-scaled-1.jpg","datePublished":"2026-03-12T13:07:30+00:00","breadcrumb":{"@id":"https:\/\/loginfo24.com\/it\/2026\/03\/12\/posta-svizzera-con-calo-dei-ricavi-2025\/#breadcrumb"},"inLanguage":"it-IT","potentialAction":[{"@type":"ReadAction","target":["https:\/\/loginfo24.com\/it\/2026\/03\/12\/posta-svizzera-con-calo-dei-ricavi-2025\/"]}]},{"@type":"ImageObject","inLanguage":"it-IT","@id":"https:\/\/loginfo24.com\/it\/2026\/03\/12\/posta-svizzera-con-calo-dei-ricavi-2025\/#primaryimage","url":"https:\/\/loginfo24.com\/wp-content\/uploads\/sites\/7\/2026\/03\/Post_CH_12.3.26-scaled-1.jpg","contentUrl":"https:\/\/loginfo24.com\/wp-content\/uploads\/sites\/7\/2026\/03\/Post_CH_12.3.26-scaled-1.jpg","width":2560,"height":1440},{"@type":"BreadcrumbList","@id":"https:\/\/loginfo24.com\/it\/2026\/03\/12\/posta-svizzera-con-calo-dei-ricavi-2025\/#breadcrumb","itemListElement":[{"@type":"ListItem","position":1,"name":"Startseite","item":"https:\/\/loginfo24.com\/it\/"},{"@type":"ListItem","position":2,"name":"Posta Svizzera con calo dei ricavi 2025"}]},{"@type":"WebSite","@id":"https:\/\/loginfo24.com\/it\/#website","url":"https:\/\/loginfo24.com\/it\/","name":"Loginfo24","description":"Loginfo24 \u00e8 la piattaforma dedicata alla logistica e alle catene di fornitura con informazioni disponibili 24 ore su 24.","publisher":{"@id":"https:\/\/loginfo24.com\/it\/#organization"},"potentialAction":[{"@type":"SearchAction","target":{"@type":"EntryPoint","urlTemplate":"https:\/\/loginfo24.com\/it\/?s={search_term_string}"},"query-input":{"@type":"PropertyValueSpecification","valueRequired":true,"valueName":"search_term_string"}}],"inLanguage":"it-IT"},{"@type":"Organization","@id":"https:\/\/loginfo24.com\/it\/#organization","name":"Logismedia Group AG","url":"https:\/\/loginfo24.com\/it\/","logo":{"@type":"ImageObject","inLanguage":"it-IT","@id":"https:\/\/loginfo24.com\/it\/#\/schema\/logo\/image\/","url":"https:\/\/loginfo24.com\/wp-content\/uploads\/sites\/7\/2026\/01\/Logo_LogInfo24.png","contentUrl":"https:\/\/loginfo24.com\/wp-content\/uploads\/sites\/7\/2026\/01\/Logo_LogInfo24.png","width":938,"height":351,"caption":"Logismedia Group AG"},"image":{"@id":"https:\/\/loginfo24.com\/it\/#\/schema\/logo\/image\/"},"sameAs":["https:\/\/www.facebook.com\/people\/Loginfo24\/100057360583332\/","https:\/\/www.linkedin.com\/company\/lofinfo24\/"]},{"@type":"Person","@id":"https:\/\/loginfo24.com\/it\/#\/schema\/person\/7b1593b33567ba798d300c8a1b0b85b1","name":"Andreas M\u00fcller","url":"https:\/\/loginfo24.com\/it\/author\/logismedia\/"}]}},"_links":{"self":[{"href":"https:\/\/loginfo24.com\/it\/wp-json\/wp\/v2\/posts\/76560","targetHints":{"allow":["GET"]}}],"collection":[{"href":"https:\/\/loginfo24.com\/it\/wp-json\/wp\/v2\/posts"}],"about":[{"href":"https:\/\/loginfo24.com\/it\/wp-json\/wp\/v2\/types\/post"}],"author":[{"embeddable":true,"href":"https:\/\/loginfo24.com\/it\/wp-json\/wp\/v2\/users\/7"}],"replies":[{"embeddable":true,"href":"https:\/\/loginfo24.com\/it\/wp-json\/wp\/v2\/comments?post=76560"}],"version-history":[{"count":0,"href":"https:\/\/loginfo24.com\/it\/wp-json\/wp\/v2\/posts\/76560\/revisions"}],"wp:featuredmedia":[{"embeddable":true,"href":"https:\/\/loginfo24.com\/it\/wp-json\/wp\/v2\/media\/76556"}],"wp:attachment":[{"href":"https:\/\/loginfo24.com\/it\/wp-json\/wp\/v2\/media?parent=76560"}],"wp:term":[{"taxonomy":"category","embeddable":true,"href":"https:\/\/loginfo24.com\/it\/wp-json\/wp\/v2\/categories?post=76560"},{"taxonomy":"post_tag","embeddable":true,"href":"https:\/\/loginfo24.com\/it\/wp-json\/wp\/v2\/tags?post=76560"}],"curies":[{"name":"wp","href":"https:\/\/api.w.org\/{rel}","templated":true}]}}