{"id":76552,"date":"2026-03-12T12:45:13","date_gmt":"2026-03-12T12:45:13","guid":{"rendered":"https:\/\/loginfo24.com\/2026\/03\/12\/posta-austriaca-con-calo-del-fatturato-2025\/"},"modified":"2026-03-12T12:45:13","modified_gmt":"2026-03-12T12:45:13","slug":"posta-austriaca-con-calo-del-fatturato-2025","status":"publish","type":"post","link":"https:\/\/loginfo24.com\/it\/2026\/03\/12\/posta-austriaca-con-calo-del-fatturato-2025\/","title":{"rendered":"Posta austriaca con calo del fatturato 2025"},"content":{"rendered":"<p>Le tendenze strutturali nel mercato internazionale della corrispondenza e dei pacchi continueranno anche nel 2025. Secondo l&#8217;Austria Post, la digitalizzazione e la pressione sui costi hanno portato a una diminuzione dei volumi di lettere e pubblicit\u00e0 sia per i clienti privati che pubblici. Al contrario, il mercato dei pacchi rimane caratterizzato da una concorrenza intensa. In questo contesto, l&#8217;Austria Post ha ampliato la sua offerta di servizi. In Austria, i servizi sono disponibili in quasi 3.000 uffici postali, mentre a livello internazionale si aggiungono circa 14.400 punti di accesso fuori casa. Inoltre, l&#8217;azienda prevede di lanciare il proprio marchio di telefonia mobile YELLLOW nell&#8217;aprile 2026. Nel settore internazionale dei pacchi sono stati compiuti ulteriori passi attraverso due acquisizioni, tra cui un fornitore di servizi di pacchi in Ungheria e un fornitore di servizi di e-commerce in CEE\/SEE.<\/p>\n<p>Walter Oblin, amministratore delegato dell&#8217;Austria Post, ha commentato lo sviluppo operativo dell&#8217;azienda: &#8222;Nonostante un ambiente di mercato impegnativo e gli effetti positivi straordinari dell&#8217;anno precedente, l&#8217;Austria Post ha mostrato uno sviluppo operativo solido nell&#8217;anno fiscale 2025.&#8220; Ha sottolineato che l&#8217;azienda \u00e8 riuscita a mantenere la sua posizione di mercato leader nel settore dei pacchi per clienti privati con una quota del 63 %.<\/p>\n<h3>Sviluppo del fatturato e dei risultati<\/h3>\n<p>Nel 2025, l&#8217;Austria Post ha registrato ricavi di 3.043,3 milioni di EUR, con una diminuzione del 2,6 % rispetto al 2024, ma superiore dell&#8217;11,0 % rispetto al livello del 2023. Nella divisione Corrispondenza &amp; Pubblicit\u00e0, il fatturato \u00e8 diminuito del 6,8 % rispetto al 2024 e del 3,0 % rispetto al 2023. Questa diminuzione \u00e8 attribuibile alla sostituzione elettronica e all&#8217;assenza di effetti straordinari positivi dell&#8217;anno precedente. Inoltre, si osserva un clima di investimento cauto e minori spese pubblicitarie da parte delle aziende.<\/p>\n<p>Nella divisione Pacchi &amp; Logistica, i ricavi sono aumentati dell&#8217;1,2 % rispetto all&#8217;anno precedente e del 21,4 % rispetto al 2023. In Austria, i ricavi hanno mostrato un andamento positivo con un aumento del 5,8 %. Tuttavia, nella regione dell&#8217;Europa sudorientale e orientale si \u00e8 registrata una diminuzione, in particolare in Turchia, dove l&#8217;alta inflazione e le fluttuazioni dei tassi di cambio hanno influenzato fortemente il business.<\/p>\n<p>L&#8217;EBITDA \u00e8 diminuito del 2,2 % rispetto all&#8217;anno precedente, attestandosi a 413,3 milioni di EUR, mentre il risultato prima degli interessi e delle imposte (EBIT) \u00e8 sceso del 5,0 % a 196,9 milioni di EUR. Entrambi i valori, tuttavia, sono superiori a quelli del 2023. Un calo nel settore della corrispondenza e una minore redditivit\u00e0 nell&#8217;Europa sudorientale e orientale si contrappongono a un miglioramento dei risultati nella divisione Filiale &amp; Banca. La bank99, fondata nel 2020, ha contribuito positivamente al risultato complessivo con circa 300.000 clienti in Austria.<\/p>\n<p>Il risultato di periodo per il 2025 ammonta a 134,0 milioni di EUR, con una diminuzione dell&#8217;8,1 %. La proposta per l&#8217;assemblea generale del 15 aprile 2026 prevede un dividendo di 1,83 EUR per azione, corrispondente a un rendimento del dividendo del 5,9 % rispetto al prezzo di chiusura del 31 dicembre 2025.<\/p>\n<h3>Prospettive per il 2026<\/h3>\n<p>L&#8217;Austria Post si aspetta che le tendenze di base sfidanti dei mercati internazionali della corrispondenza e dei pacchi continueranno anche nel 2026. Per l&#8217;anno in corso si prevede un leggero aumento del fatturato, mentre si prevedono ulteriori aumenti dei costi legati all&#8217;inflazione. Per garantire il livello di risultato, verranno intraprese ampie iniziative. L&#8217;azienda punta a uno sviluppo dei risultati sostanzialmente stabile, supportato dalla bank99 e dal passaggio al proprio marchio di telefonia mobile YELLLOW.<\/p>\n<p>Walter Oblin ha sottolineato l&#8217;importanza dei dipendenti per la qualit\u00e0 dei servizi: &#8222;Il fatto che offriamo una qualit\u00e0 eccellente lo dobbiamo soprattutto ai nostri dipendenti, che lavorano giorno dopo giorno con grande impegno e professionalit\u00e0. A loro va il nostro particolare ringraziamento.&#8220;<\/p>\n<h3><strong>Fatti in sintesi <\/strong>(aggiornato a marzo 2026)<\/h3>\n<ul>\n<li>Fatturato 2025: 3.043,3\u202fmilioni\u202fEUR (\u20132,6\u202f% rispetto al 2024 \/ +11,0\u202f% rispetto al 2023).<\/li>\n<li>Risultato: EBITDA 413,3\u202fmilioni\u202fEUR (\u20132,2\u202f%), EBIT 196,9\u202fmilioni\u202fEUR (\u20135,0\u202f%), risultato di periodo 134\u202fmilioni\u202fEUR (\u20138,1\u202f%), risultato per azione 1,96\u202fEUR.<\/li>\n<li>Segmenti: Corrispondenza &amp; Pubblicit\u00e0 1.155,2\u202fmilioni\u202fEUR (\u20136,8\u202f% \/ \u20133,0\u202f%); Pacchi &amp; Logistica 1.719,9\u202fmilioni\u202fEUR (+1,2\u202f% rettificato \/ +21,4\u202f%); Filiale &amp; Banca 183,8\u202fmilioni\u202fEUR (\u20138,8\u202f% \/ +9,0\u202f%).<\/li>\n<li>Cashflow\/Bilancio: Cashflow operativo 280,1\u202fmilioni\u202fEUR (+10,3\u202f%), patrimonio netto 767,6\u202fmilioni\u202fEUR (+0,8\u202f%).<\/li>\n<li>Dividendo: proposta 1,83\u202fEUR per azione (rendimento 5,9\u202f%).<\/li>\n<li>Ambiente di mercato: diminuzione dei volumi di corrispondenza, mercati dei pacchi eterogenei, inflazione, effetti dei tassi di cambio; quota di mercato dei pacchi 63\u202f% in Austria.<\/li>\n<li>Strategia\/Transazioni: preparazione del marchio di telefonia mobile YELLLOW a partire da aprile 2026; due acquisizioni nel settore internazionale dei pacchi.<\/li>\n<li>Prospettive 2026: leggero aumento del fatturato, sviluppo stabile dei risultati, si prevede un primo semestre pi\u00f9 debole e un secondo semestre pi\u00f9 forte.<\/li>\n<\/ul>\n<p><a href=\"http:\/\/www.post.at\" rel=\"noopener noreferrer\">www.post.at<\/a><\/p>\n","protected":false},"excerpt":{"rendered":"<p>La Posta austriaca prevede per il 2026 un leggero aumento del fatturato e pianifica ampie iniziative per stabilizzare il risultato in un contesto di mercato sfidante.<\/p>\n","protected":false},"author":7,"featured_media":76548,"comment_status":"open","ping_status":"","sticky":false,"template":"","format":"standard","meta":{"_acf_changed":false,"footnotes":""},"categories":[6668,6679,1628],"tags":[14023,14024,14025,14026,14027,14028,14029,14030,14031,14032,3950,14033,2115,4521,14034,6877,14035,14036,14037,14038,14039,14040,14041,14042,14043,14044,14045,14046,14047,14048,14049,14050,12284,6737,14051,14052,14053,14054,14055,14056,14057,3157,14058,14059,3756,3757,14060,14061,14062,14063,14064,14065,14066,12108,14067,6752,6754,12114],"class_list":["post-76552","post","type-post","status-publish","format-standard","has-post-thumbnail","hentry","category-austria","category-europa","category-intermodale-strada","tag-acquisitions-internationales","tag-baisse-de-lebit","tag-baisse-des-revenus-2025","tag-bank99-austria","tag-bank99-autriche","tag-bank99-oesterreich","tag-brief-und-paketmarkt","tag-brief-und-werbepost","tag-cost-pressure-in-shipping","tag-courrier-et-publicite","tag-deutsch-oesterreichische-post","tag-developpement-de-lebitda","tag-digitalisierung-in-der-logistik","tag-digitization-in-logistics","tag-e-commerce-service-providers","tag-e-commerce-dienstleister","tag-earnings-forecast-2026","tag-ebit-decline","tag-ebit-rueckgang","tag-ebitda-development","tag-ebitda-entwicklung","tag-emplacements-hors-domicile","tag-employee-quality-in-logistics-francais-poste-autrichienne","tag-ergebnisprognose-2026","tag-inflation-en-turquie","tag-inflation-in-der-tuerkei","tag-inflation-in-turkey","tag-international-acquisitions","tag-internationale-akquisitionen","tag-kostendruck-im-versand","tag-letter-and-advertising-mail","tag-letter-and-parcel-market","tag-logistique-des-colis","tag-logistique-en-europe-du-sud-est","tag-marche-des-lettres-et-des-colis","tag-market-share-parcel-market","tag-marktanteil-paketmarkt","tag-marque-mobile-yelllow","tag-mitarbeiterqualitaet-in-der-logistik-english-austrian-post","tag-mobile-brand-yelllow","tag-mobilfunkmarke-yelllow","tag-numerisation-dans-la-logistique","tag-out-of-home-locations","tag-out-of-home-standorte","tag-paketlogistik","tag-parcel-logistics","tag-part-de-marche-du-marche-des-colis","tag-postal-services-austria","tag-postdienstleistungen-oesterreich","tag-pression-sur-les-couts-dexpedition","tag-prestataires-de-services-e-commerce","tag-previsions-de-resultats-2026","tag-qualite-des-employes-dans-la-logistique","tag-revenue-decline-2025","tag-services-postaux-autriche","tag-southeast-europe-logistics","tag-suedosteuropa-logistik","tag-umsatzrueckgang-2025"],"acf":[],"yoast_head":"<!-- This site is optimized with the Yoast SEO plugin v27.3 - https:\/\/yoast.com\/product\/yoast-seo-wordpress\/ -->\n<title>Posta austriaca con calo del fatturato 2025 - Loginfo24<\/title>\n<meta name=\"robots\" content=\"index, follow, max-snippet:-1, max-image-preview:large, max-video-preview:-1\" \/>\n<link rel=\"canonical\" href=\"https:\/\/loginfo24.com\/it\/2026\/03\/12\/posta-austriaca-con-calo-del-fatturato-2025\/\" \/>\n<meta property=\"og:locale\" content=\"it_IT\" \/>\n<meta property=\"og:type\" content=\"article\" \/>\n<meta property=\"og:title\" content=\"Posta austriaca con calo del fatturato 2025 - Loginfo24\" \/>\n<meta property=\"og:description\" content=\"La Posta austriaca prevede per il 2026 un leggero aumento del fatturato e pianifica ampie iniziative per stabilizzare il risultato in un contesto di mercato sfidante.\" \/>\n<meta property=\"og:url\" content=\"https:\/\/loginfo24.com\/it\/2026\/03\/12\/posta-austriaca-con-calo-del-fatturato-2025\/\" \/>\n<meta property=\"og:site_name\" content=\"Loginfo24\" \/>\n<meta property=\"article:publisher\" content=\"https:\/\/www.facebook.com\/people\/Loginfo24\/100057360583332\/\" \/>\n<meta property=\"article:published_time\" content=\"2026-03-12T12:45:13+00:00\" \/>\n<meta property=\"og:image\" content=\"https:\/\/loginfo24.com\/wp-content\/uploads\/sites\/7\/2026\/03\/Post_AT_12.3.26-aspect-ratio-1400-788.jpg\" \/>\n\t<meta property=\"og:image:width\" content=\"2000\" \/>\n\t<meta property=\"og:image:height\" content=\"1126\" \/>\n\t<meta property=\"og:image:type\" content=\"image\/jpeg\" \/>\n<meta name=\"author\" content=\"Andreas M\u00fcller\" \/>\n<meta name=\"twitter:card\" content=\"summary_large_image\" \/>\n<meta name=\"twitter:label1\" content=\"Scritto da\" \/>\n\t<meta name=\"twitter:data1\" content=\"Andreas M\u00fcller\" \/>\n\t<meta name=\"twitter:label2\" content=\"Tempo di lettura stimato\" \/>\n\t<meta name=\"twitter:data2\" content=\"4 minuto\" \/>\n<script type=\"application\/ld+json\" class=\"yoast-schema-graph\">{\"@context\":\"https:\\\/\\\/schema.org\",\"@graph\":[{\"@type\":\"Article\",\"@id\":\"https:\\\/\\\/loginfo24.com\\\/it\\\/2026\\\/03\\\/12\\\/posta-austriaca-con-calo-del-fatturato-2025\\\/#article\",\"isPartOf\":{\"@id\":\"https:\\\/\\\/loginfo24.com\\\/it\\\/2026\\\/03\\\/12\\\/posta-austriaca-con-calo-del-fatturato-2025\\\/\"},\"author\":{\"name\":\"Andreas M\u00fcller\",\"@id\":\"https:\\\/\\\/loginfo24.com\\\/it\\\/#\\\/schema\\\/person\\\/7b1593b33567ba798d300c8a1b0b85b1\"},\"headline\":\"Posta austriaca con calo del fatturato 2025\",\"datePublished\":\"2026-03-12T12:45:13+00:00\",\"mainEntityOfPage\":{\"@id\":\"https:\\\/\\\/loginfo24.com\\\/it\\\/2026\\\/03\\\/12\\\/posta-austriaca-con-calo-del-fatturato-2025\\\/\"},\"wordCount\":728,\"commentCount\":0,\"publisher\":{\"@id\":\"https:\\\/\\\/loginfo24.com\\\/it\\\/#organization\"},\"image\":{\"@id\":\"https:\\\/\\\/loginfo24.com\\\/it\\\/2026\\\/03\\\/12\\\/posta-austriaca-con-calo-del-fatturato-2025\\\/#primaryimage\"},\"thumbnailUrl\":\"https:\\\/\\\/loginfo24.com\\\/wp-content\\\/uploads\\\/sites\\\/7\\\/2026\\\/03\\\/Post_AT_12.3.26-aspect-ratio-1400-788.jpg\",\"keywords\":[\"acquisitions internationales\",\"baisse de l'EBIT\",\"baisse des revenus 2025\",\"bank99 Austria\",\"bank99 Autriche\",\"bank99 \u00d6sterreich\",\"Brief- und Paketmarkt\",\"Brief- und Werbepost\",\"cost pressure in shipping\",\"courrier et publicit\u00e9\",\"Deutsch \u00d6sterreichische Post\",\"d\u00e9veloppement de l'EBITDA\",\"Digitalisierung in der Logistik\",\"digitization in logistics\",\"e-commerce service providers\",\"E-Commerce-Dienstleister\",\"earnings forecast 2026\",\"EBIT decline\",\"EBIT R\u00fcckgang\",\"EBITDA development\",\"EBITDA Entwicklung\",\"emplacements hors domicile\",\"employee quality in logistics Fran\u00e7ais Poste autrichienne\",\"Ergebnisprognose 2026\",\"inflation en Turquie\",\"Inflation in der T\u00fcrkei\",\"inflation in Turkey\",\"international acquisitions\",\"internationale Akquisitionen\",\"Kostendruck im Versand\",\"letter and advertising mail\",\"letter and parcel market\",\"logistique des colis\",\"logistique en Europe du Sud-Est\",\"march\u00e9 des lettres et des colis\",\"market share parcel market\",\"Marktanteil Paketmarkt\",\"marque mobile YELLLOW\",\"Mitarbeiterqualit\u00e4t in der Logistik English Austrian Post\",\"mobile brand YELLLOW\",\"Mobilfunkmarke YELLLOW\",\"num\u00e9risation dans la logistique\",\"out-of-home locations\",\"Out-of-Home-Standorte\",\"Paketlogistik\",\"parcel logistics\",\"part de march\u00e9 du march\u00e9 des colis\",\"postal services Austria\",\"Postdienstleistungen \u00d6sterreich\",\"pression sur les co\u00fbts d'exp\u00e9dition\",\"prestataires de services e-commerce\",\"pr\u00e9visions de r\u00e9sultats 2026\",\"qualit\u00e9 des employ\u00e9s dans la logistique\",\"revenue decline 2025\",\"services postaux Autriche\",\"Southeast Europe logistics\",\"S\u00fcdosteuropa Logistik\",\"Umsatzr\u00fcckgang 2025\"],\"articleSection\":[\"Austria\",\"Europa\",\"Intermodale \\\/ Strada\"],\"inLanguage\":\"it-IT\",\"potentialAction\":[{\"@type\":\"CommentAction\",\"name\":\"Comment\",\"target\":[\"https:\\\/\\\/loginfo24.com\\\/it\\\/2026\\\/03\\\/12\\\/posta-austriaca-con-calo-del-fatturato-2025\\\/#respond\"]}]},{\"@type\":\"WebPage\",\"@id\":\"https:\\\/\\\/loginfo24.com\\\/it\\\/2026\\\/03\\\/12\\\/posta-austriaca-con-calo-del-fatturato-2025\\\/\",\"url\":\"https:\\\/\\\/loginfo24.com\\\/it\\\/2026\\\/03\\\/12\\\/posta-austriaca-con-calo-del-fatturato-2025\\\/\",\"name\":\"Posta austriaca con calo del fatturato 2025 - Loginfo24\",\"isPartOf\":{\"@id\":\"https:\\\/\\\/loginfo24.com\\\/it\\\/#website\"},\"primaryImageOfPage\":{\"@id\":\"https:\\\/\\\/loginfo24.com\\\/it\\\/2026\\\/03\\\/12\\\/posta-austriaca-con-calo-del-fatturato-2025\\\/#primaryimage\"},\"image\":{\"@id\":\"https:\\\/\\\/loginfo24.com\\\/it\\\/2026\\\/03\\\/12\\\/posta-austriaca-con-calo-del-fatturato-2025\\\/#primaryimage\"},\"thumbnailUrl\":\"https:\\\/\\\/loginfo24.com\\\/wp-content\\\/uploads\\\/sites\\\/7\\\/2026\\\/03\\\/Post_AT_12.3.26-aspect-ratio-1400-788.jpg\",\"datePublished\":\"2026-03-12T12:45:13+00:00\",\"breadcrumb\":{\"@id\":\"https:\\\/\\\/loginfo24.com\\\/it\\\/2026\\\/03\\\/12\\\/posta-austriaca-con-calo-del-fatturato-2025\\\/#breadcrumb\"},\"inLanguage\":\"it-IT\",\"potentialAction\":[{\"@type\":\"ReadAction\",\"target\":[\"https:\\\/\\\/loginfo24.com\\\/it\\\/2026\\\/03\\\/12\\\/posta-austriaca-con-calo-del-fatturato-2025\\\/\"]}]},{\"@type\":\"ImageObject\",\"inLanguage\":\"it-IT\",\"@id\":\"https:\\\/\\\/loginfo24.com\\\/it\\\/2026\\\/03\\\/12\\\/posta-austriaca-con-calo-del-fatturato-2025\\\/#primaryimage\",\"url\":\"https:\\\/\\\/loginfo24.com\\\/wp-content\\\/uploads\\\/sites\\\/7\\\/2026\\\/03\\\/Post_AT_12.3.26-aspect-ratio-1400-788.jpg\",\"contentUrl\":\"https:\\\/\\\/loginfo24.com\\\/wp-content\\\/uploads\\\/sites\\\/7\\\/2026\\\/03\\\/Post_AT_12.3.26-aspect-ratio-1400-788.jpg\",\"width\":2000,\"height\":1126},{\"@type\":\"BreadcrumbList\",\"@id\":\"https:\\\/\\\/loginfo24.com\\\/it\\\/2026\\\/03\\\/12\\\/posta-austriaca-con-calo-del-fatturato-2025\\\/#breadcrumb\",\"itemListElement\":[{\"@type\":\"ListItem\",\"position\":1,\"name\":\"Startseite\",\"item\":\"https:\\\/\\\/loginfo24.com\\\/it\\\/\"},{\"@type\":\"ListItem\",\"position\":2,\"name\":\"Posta austriaca con calo del fatturato 2025\"}]},{\"@type\":\"WebSite\",\"@id\":\"https:\\\/\\\/loginfo24.com\\\/it\\\/#website\",\"url\":\"https:\\\/\\\/loginfo24.com\\\/it\\\/\",\"name\":\"Loginfo24\",\"description\":\"Loginfo24 \u00e8 la piattaforma dedicata alla logistica e alle catene di fornitura con informazioni disponibili 24 ore su 24.\",\"publisher\":{\"@id\":\"https:\\\/\\\/loginfo24.com\\\/it\\\/#organization\"},\"potentialAction\":[{\"@type\":\"SearchAction\",\"target\":{\"@type\":\"EntryPoint\",\"urlTemplate\":\"https:\\\/\\\/loginfo24.com\\\/it\\\/?s={search_term_string}\"},\"query-input\":{\"@type\":\"PropertyValueSpecification\",\"valueRequired\":true,\"valueName\":\"search_term_string\"}}],\"inLanguage\":\"it-IT\"},{\"@type\":\"Organization\",\"@id\":\"https:\\\/\\\/loginfo24.com\\\/it\\\/#organization\",\"name\":\"Logismedia Group AG\",\"url\":\"https:\\\/\\\/loginfo24.com\\\/it\\\/\",\"logo\":{\"@type\":\"ImageObject\",\"inLanguage\":\"it-IT\",\"@id\":\"https:\\\/\\\/loginfo24.com\\\/it\\\/#\\\/schema\\\/logo\\\/image\\\/\",\"url\":\"https:\\\/\\\/loginfo24.com\\\/wp-content\\\/uploads\\\/sites\\\/7\\\/2026\\\/01\\\/Logo_LogInfo24.png\",\"contentUrl\":\"https:\\\/\\\/loginfo24.com\\\/wp-content\\\/uploads\\\/sites\\\/7\\\/2026\\\/01\\\/Logo_LogInfo24.png\",\"width\":938,\"height\":351,\"caption\":\"Logismedia Group AG\"},\"image\":{\"@id\":\"https:\\\/\\\/loginfo24.com\\\/it\\\/#\\\/schema\\\/logo\\\/image\\\/\"},\"sameAs\":[\"https:\\\/\\\/www.facebook.com\\\/people\\\/Loginfo24\\\/100057360583332\\\/\",\"https:\\\/\\\/www.linkedin.com\\\/company\\\/lofinfo24\\\/\"]},{\"@type\":\"Person\",\"@id\":\"https:\\\/\\\/loginfo24.com\\\/it\\\/#\\\/schema\\\/person\\\/7b1593b33567ba798d300c8a1b0b85b1\",\"name\":\"Andreas M\u00fcller\",\"url\":\"https:\\\/\\\/loginfo24.com\\\/it\\\/author\\\/logismedia\\\/\"}]}<\/script>\n<!-- \/ Yoast SEO plugin. -->","yoast_head_json":{"title":"Posta austriaca con calo del fatturato 2025 - Loginfo24","robots":{"index":"index","follow":"follow","max-snippet":"max-snippet:-1","max-image-preview":"max-image-preview:large","max-video-preview":"max-video-preview:-1"},"canonical":"https:\/\/loginfo24.com\/it\/2026\/03\/12\/posta-austriaca-con-calo-del-fatturato-2025\/","og_locale":"it_IT","og_type":"article","og_title":"Posta austriaca con calo del fatturato 2025 - Loginfo24","og_description":"La Posta austriaca prevede per il 2026 un leggero aumento del fatturato e pianifica ampie iniziative per stabilizzare il risultato in un contesto di mercato sfidante.","og_url":"https:\/\/loginfo24.com\/it\/2026\/03\/12\/posta-austriaca-con-calo-del-fatturato-2025\/","og_site_name":"Loginfo24","article_publisher":"https:\/\/www.facebook.com\/people\/Loginfo24\/100057360583332\/","article_published_time":"2026-03-12T12:45:13+00:00","og_image":[{"width":2000,"height":1126,"url":"https:\/\/loginfo24.com\/wp-content\/uploads\/sites\/7\/2026\/03\/Post_AT_12.3.26-aspect-ratio-1400-788.jpg","type":"image\/jpeg"}],"author":"Andreas M\u00fcller","twitter_card":"summary_large_image","twitter_misc":{"Scritto da":"Andreas M\u00fcller","Tempo di lettura stimato":"4 minuto"},"schema":{"@context":"https:\/\/schema.org","@graph":[{"@type":"Article","@id":"https:\/\/loginfo24.com\/it\/2026\/03\/12\/posta-austriaca-con-calo-del-fatturato-2025\/#article","isPartOf":{"@id":"https:\/\/loginfo24.com\/it\/2026\/03\/12\/posta-austriaca-con-calo-del-fatturato-2025\/"},"author":{"name":"Andreas M\u00fcller","@id":"https:\/\/loginfo24.com\/it\/#\/schema\/person\/7b1593b33567ba798d300c8a1b0b85b1"},"headline":"Posta austriaca con calo del fatturato 2025","datePublished":"2026-03-12T12:45:13+00:00","mainEntityOfPage":{"@id":"https:\/\/loginfo24.com\/it\/2026\/03\/12\/posta-austriaca-con-calo-del-fatturato-2025\/"},"wordCount":728,"commentCount":0,"publisher":{"@id":"https:\/\/loginfo24.com\/it\/#organization"},"image":{"@id":"https:\/\/loginfo24.com\/it\/2026\/03\/12\/posta-austriaca-con-calo-del-fatturato-2025\/#primaryimage"},"thumbnailUrl":"https:\/\/loginfo24.com\/wp-content\/uploads\/sites\/7\/2026\/03\/Post_AT_12.3.26-aspect-ratio-1400-788.jpg","keywords":["acquisitions internationales","baisse de l'EBIT","baisse des revenus 2025","bank99 Austria","bank99 Autriche","bank99 \u00d6sterreich","Brief- und Paketmarkt","Brief- und Werbepost","cost pressure in shipping","courrier et publicit\u00e9","Deutsch \u00d6sterreichische Post","d\u00e9veloppement de l'EBITDA","Digitalisierung in der Logistik","digitization in logistics","e-commerce service providers","E-Commerce-Dienstleister","earnings forecast 2026","EBIT decline","EBIT R\u00fcckgang","EBITDA development","EBITDA Entwicklung","emplacements hors domicile","employee quality in logistics Fran\u00e7ais Poste autrichienne","Ergebnisprognose 2026","inflation en Turquie","Inflation in der T\u00fcrkei","inflation in Turkey","international acquisitions","internationale Akquisitionen","Kostendruck im Versand","letter and advertising mail","letter and parcel market","logistique des colis","logistique en Europe du Sud-Est","march\u00e9 des lettres et des colis","market share parcel market","Marktanteil Paketmarkt","marque mobile YELLLOW","Mitarbeiterqualit\u00e4t in der Logistik English Austrian Post","mobile brand YELLLOW","Mobilfunkmarke YELLLOW","num\u00e9risation dans la logistique","out-of-home locations","Out-of-Home-Standorte","Paketlogistik","parcel logistics","part de march\u00e9 du march\u00e9 des colis","postal services Austria","Postdienstleistungen \u00d6sterreich","pression sur les co\u00fbts d'exp\u00e9dition","prestataires de services e-commerce","pr\u00e9visions de r\u00e9sultats 2026","qualit\u00e9 des employ\u00e9s dans la logistique","revenue decline 2025","services postaux Autriche","Southeast Europe logistics","S\u00fcdosteuropa Logistik","Umsatzr\u00fcckgang 2025"],"articleSection":["Austria","Europa","Intermodale \/ Strada"],"inLanguage":"it-IT","potentialAction":[{"@type":"CommentAction","name":"Comment","target":["https:\/\/loginfo24.com\/it\/2026\/03\/12\/posta-austriaca-con-calo-del-fatturato-2025\/#respond"]}]},{"@type":"WebPage","@id":"https:\/\/loginfo24.com\/it\/2026\/03\/12\/posta-austriaca-con-calo-del-fatturato-2025\/","url":"https:\/\/loginfo24.com\/it\/2026\/03\/12\/posta-austriaca-con-calo-del-fatturato-2025\/","name":"Posta austriaca con calo del fatturato 2025 - Loginfo24","isPartOf":{"@id":"https:\/\/loginfo24.com\/it\/#website"},"primaryImageOfPage":{"@id":"https:\/\/loginfo24.com\/it\/2026\/03\/12\/posta-austriaca-con-calo-del-fatturato-2025\/#primaryimage"},"image":{"@id":"https:\/\/loginfo24.com\/it\/2026\/03\/12\/posta-austriaca-con-calo-del-fatturato-2025\/#primaryimage"},"thumbnailUrl":"https:\/\/loginfo24.com\/wp-content\/uploads\/sites\/7\/2026\/03\/Post_AT_12.3.26-aspect-ratio-1400-788.jpg","datePublished":"2026-03-12T12:45:13+00:00","breadcrumb":{"@id":"https:\/\/loginfo24.com\/it\/2026\/03\/12\/posta-austriaca-con-calo-del-fatturato-2025\/#breadcrumb"},"inLanguage":"it-IT","potentialAction":[{"@type":"ReadAction","target":["https:\/\/loginfo24.com\/it\/2026\/03\/12\/posta-austriaca-con-calo-del-fatturato-2025\/"]}]},{"@type":"ImageObject","inLanguage":"it-IT","@id":"https:\/\/loginfo24.com\/it\/2026\/03\/12\/posta-austriaca-con-calo-del-fatturato-2025\/#primaryimage","url":"https:\/\/loginfo24.com\/wp-content\/uploads\/sites\/7\/2026\/03\/Post_AT_12.3.26-aspect-ratio-1400-788.jpg","contentUrl":"https:\/\/loginfo24.com\/wp-content\/uploads\/sites\/7\/2026\/03\/Post_AT_12.3.26-aspect-ratio-1400-788.jpg","width":2000,"height":1126},{"@type":"BreadcrumbList","@id":"https:\/\/loginfo24.com\/it\/2026\/03\/12\/posta-austriaca-con-calo-del-fatturato-2025\/#breadcrumb","itemListElement":[{"@type":"ListItem","position":1,"name":"Startseite","item":"https:\/\/loginfo24.com\/it\/"},{"@type":"ListItem","position":2,"name":"Posta austriaca con calo del fatturato 2025"}]},{"@type":"WebSite","@id":"https:\/\/loginfo24.com\/it\/#website","url":"https:\/\/loginfo24.com\/it\/","name":"Loginfo24","description":"Loginfo24 \u00e8 la piattaforma dedicata alla logistica e alle catene di fornitura con informazioni disponibili 24 ore su 24.","publisher":{"@id":"https:\/\/loginfo24.com\/it\/#organization"},"potentialAction":[{"@type":"SearchAction","target":{"@type":"EntryPoint","urlTemplate":"https:\/\/loginfo24.com\/it\/?s={search_term_string}"},"query-input":{"@type":"PropertyValueSpecification","valueRequired":true,"valueName":"search_term_string"}}],"inLanguage":"it-IT"},{"@type":"Organization","@id":"https:\/\/loginfo24.com\/it\/#organization","name":"Logismedia Group AG","url":"https:\/\/loginfo24.com\/it\/","logo":{"@type":"ImageObject","inLanguage":"it-IT","@id":"https:\/\/loginfo24.com\/it\/#\/schema\/logo\/image\/","url":"https:\/\/loginfo24.com\/wp-content\/uploads\/sites\/7\/2026\/01\/Logo_LogInfo24.png","contentUrl":"https:\/\/loginfo24.com\/wp-content\/uploads\/sites\/7\/2026\/01\/Logo_LogInfo24.png","width":938,"height":351,"caption":"Logismedia Group AG"},"image":{"@id":"https:\/\/loginfo24.com\/it\/#\/schema\/logo\/image\/"},"sameAs":["https:\/\/www.facebook.com\/people\/Loginfo24\/100057360583332\/","https:\/\/www.linkedin.com\/company\/lofinfo24\/"]},{"@type":"Person","@id":"https:\/\/loginfo24.com\/it\/#\/schema\/person\/7b1593b33567ba798d300c8a1b0b85b1","name":"Andreas M\u00fcller","url":"https:\/\/loginfo24.com\/it\/author\/logismedia\/"}]}},"_links":{"self":[{"href":"https:\/\/loginfo24.com\/it\/wp-json\/wp\/v2\/posts\/76552","targetHints":{"allow":["GET"]}}],"collection":[{"href":"https:\/\/loginfo24.com\/it\/wp-json\/wp\/v2\/posts"}],"about":[{"href":"https:\/\/loginfo24.com\/it\/wp-json\/wp\/v2\/types\/post"}],"author":[{"embeddable":true,"href":"https:\/\/loginfo24.com\/it\/wp-json\/wp\/v2\/users\/7"}],"replies":[{"embeddable":true,"href":"https:\/\/loginfo24.com\/it\/wp-json\/wp\/v2\/comments?post=76552"}],"version-history":[{"count":0,"href":"https:\/\/loginfo24.com\/it\/wp-json\/wp\/v2\/posts\/76552\/revisions"}],"wp:featuredmedia":[{"embeddable":true,"href":"https:\/\/loginfo24.com\/it\/wp-json\/wp\/v2\/media\/76548"}],"wp:attachment":[{"href":"https:\/\/loginfo24.com\/it\/wp-json\/wp\/v2\/media?parent=76552"}],"wp:term":[{"taxonomy":"category","embeddable":true,"href":"https:\/\/loginfo24.com\/it\/wp-json\/wp\/v2\/categories?post=76552"},{"taxonomy":"post_tag","embeddable":true,"href":"https:\/\/loginfo24.com\/it\/wp-json\/wp\/v2\/tags?post=76552"}],"curies":[{"name":"wp","href":"https:\/\/api.w.org\/{rel}","templated":true}]}}