{"id":76486,"date":"2026-03-11T14:41:50","date_gmt":"2026-03-11T14:41:50","guid":{"rendered":"https:\/\/loginfo24.com\/2026\/03\/11\/scandlines-avvia-la-ferry-cargo-senza-emissioni\/"},"modified":"2026-03-12T09:30:30","modified_gmt":"2026-03-12T08:30:30","slug":"scandlines-avvia-la-ferry-cargo-senza-emissioni","status":"publish","type":"post","link":"https:\/\/loginfo24.com\/it\/2026\/03\/11\/scandlines-avvia-la-ferry-cargo-senza-emissioni\/","title":{"rendered":"Scandlines avvia la ferry cargo senza emissioni"},"content":{"rendered":"<p>Scandlines ha messo in servizio il nuovo traghetto merci &#8222;The Baltic Whale&#8220; sulla rotta R\u00f8dby\u2013Puttgarden. Il traghetto \u00e8 uno dei pi\u00f9 grandi della sua categoria, in grado di operare esclusivamente con energia elettrica da terra. Con questa messa in servizio, la compagnia marittima mira a realizzare un&#8217;operazione traghettale senza emissioni entro il 2040, aumentando al contempo le capacit\u00e0 per i clienti merci.<\/p>\n<p>Il viaggio inaugurale della &#8222;The Baltic Whale&#8220; \u00e8 iniziato il 10 marzo 2026 alle 08:05. A bordo, oltre all&#8217;equipaggio, c&#8217;erano anche clienti merci che hanno potuto assistere alla prima traversata. Il traghetto \u00e8 dotato di uno dei pi\u00f9 grandi sistemi di batterie attualmente disponibili su un traghetto e pu\u00f2 effettuare la traversata senza emissioni dirette. Inoltre, riduce le emissioni sonore sia sopra che sotto l&#8217;acqua, il che ha effetti positivi sull&#8217;esperienza dei passeggeri e sull&#8217;ambiente marino.<\/p>\n<p>Michael Guldmann Petersen, COO di Scandlines: &#8222;Questa messa in servizio sul Fehmarnbelt \u00e8 un traguardo per Scandlines \u2013 un giorno che abbiamo atteso per molti anni.&#8220; L&#8217;idea di un traghetto elettrico \u00e8 stata sviluppata gi\u00e0 nel 2018.<\/p>\n<h3>Traghetto merci per il futuro<\/h3>\n<p>La &#8222;The Baltic Whale&#8220; \u00e8 stata progettata specificamente per il traffico merci e offre spazio per 66 camion su due ponti. \u00c8 in grado di trasportare in modo efficiente vari tipi di merci pericolose, come prodotti industriali e parti di automobili. Questo consente un trasferimento di merci su questo traghetto, creando ulteriori capacit\u00e0 per auto e passeggeri sugli altri traghetti Scandlines, soprattutto in alta stagione.<\/p>\n<p>Petersen sottolinea l&#8217;importanza del nuovo traghetto per la strategia aziendale: &#8222;Il nuovo traghetto \u00e8 un elemento chiave dell&#8217;Ambizione Verde di Scandlines, per garantire un&#8217;operazione traghettale senza emissioni dirette entro il 2040.&#8220; Con la messa in servizio, la capacit\u00e0 di trasporto per unit\u00e0 di carico sulla rotta R\u00f8dby\u2013Puttgarden aumenta del 27%, offrendo condizioni migliori ai clienti merci a bordo.<\/p>\n<p>Il traghetto percorre il tratto lungo 18,5 km in circa 45 minuti. Grazie a un&#8217;infrastruttura di ricarica moderna nei porti, il tempo di ricarica \u00e8 di soli dodici minuti. Una stazione di ricarica intelligente garantisce che il traghetto sia operativo in meno di 15 secondi, indipendentemente dai livelli dell&#8217;acqua. Inoltre, la nave \u00e8 dotata di generatori diesel che possono essere utilizzati per un funzionamento ibrido, se necessario.<\/p>\n<p>Le specifiche tecniche della &#8222;The Baltic Whale&#8220; includono una lunghezza di 147,4 m, una larghezza di 25,4 m e una capacit\u00e0 di carico di 66 unit\u00e0 di carico. Il numero massimo di passeggeri \u00e8 di 140, e la velocit\u00e0 di servizio \u00e8 di 16 nodi. L&#8217;investimento totale nel progetto ammonta a 84 milioni di EUR.<\/p>\n<p>&nbsp;<\/p>\n<p><a href=\"https:\/\/www.scandlines.de\/\" target=\"_blank\" rel=\"noopener noreferrer\">www.scandlines.de<\/a><\/p>\n<p>&nbsp;<\/p>\n","protected":false},"excerpt":{"rendered":"<p>Scandlines ha messo in servizio la ferry cargo senza emissioni &#8220;The Baltic Whale&#8221; per aumentare le capacit\u00e0 per i clienti cargo entro il 2040.<\/p>\n","protected":false},"author":12,"featured_media":76482,"comment_status":"open","ping_status":"","sticky":false,"template":"","format":"standard","meta":{"_acf_changed":false,"footnotes":""},"categories":[6679,6667,1631],"tags":[13885,2794,13886,13887,13888,13889,5322,5323,13890,13891,13892,13893,13894,13895,13896,13897,13898,13899,13900,13901,13902,2810,13903,13904,2854,13905,13906,2857,13907,13908,13909,2223,13910,13911,13912,13913,13914,13915,13916,5333,13917,13918,13919,13920,1766,2728,13921,13922,13923,13924,2888,1837],"class_list":["post-76486","post","type-post","status-publish","format-standard","has-post-thumbnail","hentry","category-europa","category-germania","category-spedizioni-e-porti","tag-augmentation-de-la-capacite-de-transport","tag-augmenter-la-capacite-de-fret","tag-batteriesystem-faehre","tag-battery-system-ferry","tag-clients-de-fret","tag-deutsch-frachtfaehre","tag-digitalisierung-in-der-schifffahrt","tag-digitalization-in-shipping","tag-emission-free-ferry","tag-emission-free-ferry-operation","tag-emissionsfreie-faehre","tag-emissionsfreier-faehrbetrieb","tag-environnement-marin","tag-exploitation-de-ferry-sans-emissions","tag-faehre-fuer-die-zukunft-english-freight-ferry","tag-fehmarnbelt","tag-ferry-a-alimentation-terrestre","tag-ferry-a-batterie","tag-ferry-for-the-future","tag-ferry-pour-lavenir","tag-ferry-sans-emissions","tag-frachtkapazitaet-erhoehen","tag-frachtkunden","tag-freight-customers","tag-gefahrguttransport","tag-green-logistics","tag-gruene-logistik","tag-hazardous-goods-transport","tag-hybrid-operation-ferry","tag-hybridbetrieb-faehre","tag-increase-freight-capacity","tag-industrie-maritime","tag-infrastructure-de-recharge-portuaire","tag-ladeinfrastruktur-haefen","tag-landstrom-faehre","tag-logistique-verte","tag-marine-environment","tag-maritime-umwelt","tag-nachhaltiger-frachtverkehr","tag-numerisation-dans-le-transport-maritime","tag-operation-hybride-ferry","tag-port-charging-infrastructure","tag-rodby-puttgarden","tag-scandlines","tag-schifffahrt","tag-shipping-industry","tag-shore-power-ferry","tag-sustainable-freight-transport","tag-transport-capacity-increase-francais-ferry-de-fret","tag-transport-de-fret-durable","tag-transport-de-marchandises-dangereuses","tag-transportwirtschaft"],"acf":[],"yoast_head":"<!-- This site is optimized with the Yoast SEO plugin v27.3 - https:\/\/yoast.com\/product\/yoast-seo-wordpress\/ -->\n<title>Scandlines avvia la ferry cargo senza emissioni - Loginfo24<\/title>\n<meta name=\"robots\" content=\"index, follow, max-snippet:-1, max-image-preview:large, max-video-preview:-1\" \/>\n<link rel=\"canonical\" href=\"https:\/\/loginfo24.com\/it\/2026\/03\/11\/scandlines-avvia-la-ferry-cargo-senza-emissioni\/\" \/>\n<meta property=\"og:locale\" content=\"it_IT\" \/>\n<meta property=\"og:type\" content=\"article\" \/>\n<meta property=\"og:title\" content=\"Scandlines avvia la ferry cargo senza emissioni - Loginfo24\" \/>\n<meta property=\"og:description\" content=\"Scandlines ha messo in servizio la ferry cargo senza emissioni &quot;The Baltic Whale&quot; per aumentare le capacit\u00e0 per i clienti cargo entro il 2040.\" \/>\n<meta property=\"og:url\" content=\"https:\/\/loginfo24.com\/it\/2026\/03\/11\/scandlines-avvia-la-ferry-cargo-senza-emissioni\/\" \/>\n<meta property=\"og:site_name\" content=\"Loginfo24\" \/>\n<meta property=\"article:publisher\" content=\"https:\/\/www.facebook.com\/people\/Loginfo24\/100057360583332\/\" \/>\n<meta property=\"article:published_time\" content=\"2026-03-11T14:41:50+00:00\" \/>\n<meta property=\"article:modified_time\" content=\"2026-03-12T08:30:30+00:00\" \/>\n<meta property=\"og:image\" content=\"https:\/\/loginfo24.com\/wp-content\/uploads\/sites\/7\/2026\/03\/The-Baltic-Whale_5532x3512px_small-scaled-aspect-ratio-1400-788-scaled-1.jpg\" \/>\n\t<meta property=\"og:image:width\" content=\"2560\" \/>\n\t<meta property=\"og:image:height\" content=\"1441\" \/>\n\t<meta property=\"og:image:type\" content=\"image\/jpeg\" \/>\n<meta name=\"author\" content=\"Andreas Haug\" \/>\n<meta name=\"twitter:card\" content=\"summary_large_image\" \/>\n<meta name=\"twitter:label1\" content=\"Scritto da\" \/>\n\t<meta name=\"twitter:data1\" content=\"Andreas Haug\" \/>\n\t<meta name=\"twitter:label2\" content=\"Tempo di lettura stimato\" \/>\n\t<meta name=\"twitter:data2\" content=\"2 minuto\" \/>\n<script type=\"application\/ld+json\" class=\"yoast-schema-graph\">{\"@context\":\"https:\\\/\\\/schema.org\",\"@graph\":[{\"@type\":\"Article\",\"@id\":\"https:\\\/\\\/loginfo24.com\\\/it\\\/2026\\\/03\\\/11\\\/scandlines-avvia-la-ferry-cargo-senza-emissioni\\\/#article\",\"isPartOf\":{\"@id\":\"https:\\\/\\\/loginfo24.com\\\/it\\\/2026\\\/03\\\/11\\\/scandlines-avvia-la-ferry-cargo-senza-emissioni\\\/\"},\"author\":{\"name\":\"Andreas Haug\",\"@id\":\"https:\\\/\\\/loginfo24.com\\\/it\\\/#\\\/schema\\\/person\\\/cf538b3157f15afd7589245a4b3dbd25\"},\"headline\":\"Scandlines avvia la ferry cargo senza emissioni\",\"datePublished\":\"2026-03-11T14:41:50+00:00\",\"dateModified\":\"2026-03-12T08:30:30+00:00\",\"mainEntityOfPage\":{\"@id\":\"https:\\\/\\\/loginfo24.com\\\/it\\\/2026\\\/03\\\/11\\\/scandlines-avvia-la-ferry-cargo-senza-emissioni\\\/\"},\"wordCount\":424,\"commentCount\":0,\"publisher\":{\"@id\":\"https:\\\/\\\/loginfo24.com\\\/it\\\/#organization\"},\"image\":{\"@id\":\"https:\\\/\\\/loginfo24.com\\\/it\\\/2026\\\/03\\\/11\\\/scandlines-avvia-la-ferry-cargo-senza-emissioni\\\/#primaryimage\"},\"thumbnailUrl\":\"https:\\\/\\\/loginfo24.com\\\/wp-content\\\/uploads\\\/sites\\\/7\\\/2026\\\/03\\\/The-Baltic-Whale_5532x3512px_small-scaled-aspect-ratio-1400-788-scaled-1.jpg\",\"keywords\":[\"augmentation de la capacit\u00e9 de transport\",\"augmenter la capacit\u00e9 de fret\",\"Batteriesystem F\u00e4hre\",\"battery system ferry\",\"clients de fret\",\"Deutsch Frachtf\u00e4hre\",\"Digitalisierung in der Schifffahrt\",\"digitalization in shipping\",\"emission-free ferry\",\"emission-free ferry operation\",\"emissionsfreie F\u00e4hre\",\"emissionsfreier F\u00e4hrbetrieb\",\"environnement marin\",\"exploitation de ferry sans \u00e9missions\",\"F\u00e4hre f\u00fcr die Zukunft English freight ferry\",\"Fehmarnbelt\",\"ferry \u00e0 alimentation terrestre\",\"ferry \u00e0 batterie\",\"ferry for the future\",\"ferry pour l'avenir\",\"ferry sans \u00e9missions\",\"Frachtkapazit\u00e4t erh\u00f6hen\",\"Frachtkunden\",\"freight customers\",\"Gefahrguttransport\",\"green logistics\",\"gr\u00fcne Logistik\",\"hazardous goods transport\",\"hybrid operation ferry\",\"Hybridbetrieb F\u00e4hre\",\"increase freight capacity\",\"industrie maritime\",\"infrastructure de recharge portuaire\",\"Ladeinfrastruktur H\u00e4fen\",\"Landstrom F\u00e4hre\",\"logistique verte\",\"marine environment\",\"maritime Umwelt\",\"nachhaltiger Frachtverkehr\",\"num\u00e9risation dans le transport maritime\",\"op\u00e9ration hybride ferry\",\"port charging infrastructure\",\"R\u00f8dby Puttgarden\",\"Scandlines\",\"Schifffahrt\",\"shipping industry\",\"shore power ferry\",\"sustainable freight transport\",\"transport capacity increase Fran\u00e7ais ferry de fret\",\"transport de fret durable\",\"transport de marchandises dangereuses\",\"Transportwirtschaft\"],\"articleSection\":[\"Europa\",\"Germania\",\"Spedizioni e porti\"],\"inLanguage\":\"it-IT\",\"potentialAction\":[{\"@type\":\"CommentAction\",\"name\":\"Comment\",\"target\":[\"https:\\\/\\\/loginfo24.com\\\/it\\\/2026\\\/03\\\/11\\\/scandlines-avvia-la-ferry-cargo-senza-emissioni\\\/#respond\"]}]},{\"@type\":\"WebPage\",\"@id\":\"https:\\\/\\\/loginfo24.com\\\/it\\\/2026\\\/03\\\/11\\\/scandlines-avvia-la-ferry-cargo-senza-emissioni\\\/\",\"url\":\"https:\\\/\\\/loginfo24.com\\\/it\\\/2026\\\/03\\\/11\\\/scandlines-avvia-la-ferry-cargo-senza-emissioni\\\/\",\"name\":\"Scandlines avvia la ferry cargo senza emissioni - Loginfo24\",\"isPartOf\":{\"@id\":\"https:\\\/\\\/loginfo24.com\\\/it\\\/#website\"},\"primaryImageOfPage\":{\"@id\":\"https:\\\/\\\/loginfo24.com\\\/it\\\/2026\\\/03\\\/11\\\/scandlines-avvia-la-ferry-cargo-senza-emissioni\\\/#primaryimage\"},\"image\":{\"@id\":\"https:\\\/\\\/loginfo24.com\\\/it\\\/2026\\\/03\\\/11\\\/scandlines-avvia-la-ferry-cargo-senza-emissioni\\\/#primaryimage\"},\"thumbnailUrl\":\"https:\\\/\\\/loginfo24.com\\\/wp-content\\\/uploads\\\/sites\\\/7\\\/2026\\\/03\\\/The-Baltic-Whale_5532x3512px_small-scaled-aspect-ratio-1400-788-scaled-1.jpg\",\"datePublished\":\"2026-03-11T14:41:50+00:00\",\"dateModified\":\"2026-03-12T08:30:30+00:00\",\"breadcrumb\":{\"@id\":\"https:\\\/\\\/loginfo24.com\\\/it\\\/2026\\\/03\\\/11\\\/scandlines-avvia-la-ferry-cargo-senza-emissioni\\\/#breadcrumb\"},\"inLanguage\":\"it-IT\",\"potentialAction\":[{\"@type\":\"ReadAction\",\"target\":[\"https:\\\/\\\/loginfo24.com\\\/it\\\/2026\\\/03\\\/11\\\/scandlines-avvia-la-ferry-cargo-senza-emissioni\\\/\"]}]},{\"@type\":\"ImageObject\",\"inLanguage\":\"it-IT\",\"@id\":\"https:\\\/\\\/loginfo24.com\\\/it\\\/2026\\\/03\\\/11\\\/scandlines-avvia-la-ferry-cargo-senza-emissioni\\\/#primaryimage\",\"url\":\"https:\\\/\\\/loginfo24.com\\\/wp-content\\\/uploads\\\/sites\\\/7\\\/2026\\\/03\\\/The-Baltic-Whale_5532x3512px_small-scaled-aspect-ratio-1400-788-scaled-1.jpg\",\"contentUrl\":\"https:\\\/\\\/loginfo24.com\\\/wp-content\\\/uploads\\\/sites\\\/7\\\/2026\\\/03\\\/The-Baltic-Whale_5532x3512px_small-scaled-aspect-ratio-1400-788-scaled-1.jpg\",\"width\":2560,\"height\":1441},{\"@type\":\"BreadcrumbList\",\"@id\":\"https:\\\/\\\/loginfo24.com\\\/it\\\/2026\\\/03\\\/11\\\/scandlines-avvia-la-ferry-cargo-senza-emissioni\\\/#breadcrumb\",\"itemListElement\":[{\"@type\":\"ListItem\",\"position\":1,\"name\":\"Startseite\",\"item\":\"https:\\\/\\\/loginfo24.com\\\/it\\\/\"},{\"@type\":\"ListItem\",\"position\":2,\"name\":\"Scandlines avvia la ferry cargo senza emissioni\"}]},{\"@type\":\"WebSite\",\"@id\":\"https:\\\/\\\/loginfo24.com\\\/it\\\/#website\",\"url\":\"https:\\\/\\\/loginfo24.com\\\/it\\\/\",\"name\":\"Loginfo24\",\"description\":\"Loginfo24 \u00e8 la piattaforma dedicata alla logistica e alle catene di fornitura con informazioni disponibili 24 ore su 24.\",\"publisher\":{\"@id\":\"https:\\\/\\\/loginfo24.com\\\/it\\\/#organization\"},\"potentialAction\":[{\"@type\":\"SearchAction\",\"target\":{\"@type\":\"EntryPoint\",\"urlTemplate\":\"https:\\\/\\\/loginfo24.com\\\/it\\\/?s={search_term_string}\"},\"query-input\":{\"@type\":\"PropertyValueSpecification\",\"valueRequired\":true,\"valueName\":\"search_term_string\"}}],\"inLanguage\":\"it-IT\"},{\"@type\":\"Organization\",\"@id\":\"https:\\\/\\\/loginfo24.com\\\/it\\\/#organization\",\"name\":\"Logismedia Group AG\",\"url\":\"https:\\\/\\\/loginfo24.com\\\/it\\\/\",\"logo\":{\"@type\":\"ImageObject\",\"inLanguage\":\"it-IT\",\"@id\":\"https:\\\/\\\/loginfo24.com\\\/it\\\/#\\\/schema\\\/logo\\\/image\\\/\",\"url\":\"https:\\\/\\\/loginfo24.com\\\/wp-content\\\/uploads\\\/sites\\\/7\\\/2026\\\/01\\\/Logo_LogInfo24.png\",\"contentUrl\":\"https:\\\/\\\/loginfo24.com\\\/wp-content\\\/uploads\\\/sites\\\/7\\\/2026\\\/01\\\/Logo_LogInfo24.png\",\"width\":938,\"height\":351,\"caption\":\"Logismedia Group AG\"},\"image\":{\"@id\":\"https:\\\/\\\/loginfo24.com\\\/it\\\/#\\\/schema\\\/logo\\\/image\\\/\"},\"sameAs\":[\"https:\\\/\\\/www.facebook.com\\\/people\\\/Loginfo24\\\/100057360583332\\\/\",\"https:\\\/\\\/www.linkedin.com\\\/company\\\/lofinfo24\\\/\"]},{\"@type\":\"Person\",\"@id\":\"https:\\\/\\\/loginfo24.com\\\/it\\\/#\\\/schema\\\/person\\\/cf538b3157f15afd7589245a4b3dbd25\",\"name\":\"Andreas Haug\",\"url\":\"https:\\\/\\\/loginfo24.com\\\/it\\\/author\\\/andreas\\\/\"}]}<\/script>\n<!-- \/ Yoast SEO plugin. -->","yoast_head_json":{"title":"Scandlines avvia la ferry cargo senza emissioni - Loginfo24","robots":{"index":"index","follow":"follow","max-snippet":"max-snippet:-1","max-image-preview":"max-image-preview:large","max-video-preview":"max-video-preview:-1"},"canonical":"https:\/\/loginfo24.com\/it\/2026\/03\/11\/scandlines-avvia-la-ferry-cargo-senza-emissioni\/","og_locale":"it_IT","og_type":"article","og_title":"Scandlines avvia la ferry cargo senza emissioni - Loginfo24","og_description":"Scandlines ha messo in servizio la ferry cargo senza emissioni \"The Baltic Whale\" per aumentare le capacit\u00e0 per i clienti cargo entro il 2040.","og_url":"https:\/\/loginfo24.com\/it\/2026\/03\/11\/scandlines-avvia-la-ferry-cargo-senza-emissioni\/","og_site_name":"Loginfo24","article_publisher":"https:\/\/www.facebook.com\/people\/Loginfo24\/100057360583332\/","article_published_time":"2026-03-11T14:41:50+00:00","article_modified_time":"2026-03-12T08:30:30+00:00","og_image":[{"width":2560,"height":1441,"url":"https:\/\/loginfo24.com\/wp-content\/uploads\/sites\/7\/2026\/03\/The-Baltic-Whale_5532x3512px_small-scaled-aspect-ratio-1400-788-scaled-1.jpg","type":"image\/jpeg"}],"author":"Andreas Haug","twitter_card":"summary_large_image","twitter_misc":{"Scritto da":"Andreas Haug","Tempo di lettura stimato":"2 minuto"},"schema":{"@context":"https:\/\/schema.org","@graph":[{"@type":"Article","@id":"https:\/\/loginfo24.com\/it\/2026\/03\/11\/scandlines-avvia-la-ferry-cargo-senza-emissioni\/#article","isPartOf":{"@id":"https:\/\/loginfo24.com\/it\/2026\/03\/11\/scandlines-avvia-la-ferry-cargo-senza-emissioni\/"},"author":{"name":"Andreas Haug","@id":"https:\/\/loginfo24.com\/it\/#\/schema\/person\/cf538b3157f15afd7589245a4b3dbd25"},"headline":"Scandlines avvia la ferry cargo senza emissioni","datePublished":"2026-03-11T14:41:50+00:00","dateModified":"2026-03-12T08:30:30+00:00","mainEntityOfPage":{"@id":"https:\/\/loginfo24.com\/it\/2026\/03\/11\/scandlines-avvia-la-ferry-cargo-senza-emissioni\/"},"wordCount":424,"commentCount":0,"publisher":{"@id":"https:\/\/loginfo24.com\/it\/#organization"},"image":{"@id":"https:\/\/loginfo24.com\/it\/2026\/03\/11\/scandlines-avvia-la-ferry-cargo-senza-emissioni\/#primaryimage"},"thumbnailUrl":"https:\/\/loginfo24.com\/wp-content\/uploads\/sites\/7\/2026\/03\/The-Baltic-Whale_5532x3512px_small-scaled-aspect-ratio-1400-788-scaled-1.jpg","keywords":["augmentation de la capacit\u00e9 de transport","augmenter la capacit\u00e9 de fret","Batteriesystem F\u00e4hre","battery system ferry","clients de fret","Deutsch Frachtf\u00e4hre","Digitalisierung in der Schifffahrt","digitalization in shipping","emission-free ferry","emission-free ferry operation","emissionsfreie F\u00e4hre","emissionsfreier F\u00e4hrbetrieb","environnement marin","exploitation de ferry sans \u00e9missions","F\u00e4hre f\u00fcr die Zukunft English freight ferry","Fehmarnbelt","ferry \u00e0 alimentation terrestre","ferry \u00e0 batterie","ferry for the future","ferry pour l'avenir","ferry sans \u00e9missions","Frachtkapazit\u00e4t erh\u00f6hen","Frachtkunden","freight customers","Gefahrguttransport","green logistics","gr\u00fcne Logistik","hazardous goods transport","hybrid operation ferry","Hybridbetrieb F\u00e4hre","increase freight capacity","industrie maritime","infrastructure de recharge portuaire","Ladeinfrastruktur H\u00e4fen","Landstrom F\u00e4hre","logistique verte","marine environment","maritime Umwelt","nachhaltiger Frachtverkehr","num\u00e9risation dans le transport maritime","op\u00e9ration hybride ferry","port charging infrastructure","R\u00f8dby Puttgarden","Scandlines","Schifffahrt","shipping industry","shore power ferry","sustainable freight transport","transport capacity increase Fran\u00e7ais ferry de fret","transport de fret durable","transport de marchandises dangereuses","Transportwirtschaft"],"articleSection":["Europa","Germania","Spedizioni e porti"],"inLanguage":"it-IT","potentialAction":[{"@type":"CommentAction","name":"Comment","target":["https:\/\/loginfo24.com\/it\/2026\/03\/11\/scandlines-avvia-la-ferry-cargo-senza-emissioni\/#respond"]}]},{"@type":"WebPage","@id":"https:\/\/loginfo24.com\/it\/2026\/03\/11\/scandlines-avvia-la-ferry-cargo-senza-emissioni\/","url":"https:\/\/loginfo24.com\/it\/2026\/03\/11\/scandlines-avvia-la-ferry-cargo-senza-emissioni\/","name":"Scandlines avvia la ferry cargo senza emissioni - Loginfo24","isPartOf":{"@id":"https:\/\/loginfo24.com\/it\/#website"},"primaryImageOfPage":{"@id":"https:\/\/loginfo24.com\/it\/2026\/03\/11\/scandlines-avvia-la-ferry-cargo-senza-emissioni\/#primaryimage"},"image":{"@id":"https:\/\/loginfo24.com\/it\/2026\/03\/11\/scandlines-avvia-la-ferry-cargo-senza-emissioni\/#primaryimage"},"thumbnailUrl":"https:\/\/loginfo24.com\/wp-content\/uploads\/sites\/7\/2026\/03\/The-Baltic-Whale_5532x3512px_small-scaled-aspect-ratio-1400-788-scaled-1.jpg","datePublished":"2026-03-11T14:41:50+00:00","dateModified":"2026-03-12T08:30:30+00:00","breadcrumb":{"@id":"https:\/\/loginfo24.com\/it\/2026\/03\/11\/scandlines-avvia-la-ferry-cargo-senza-emissioni\/#breadcrumb"},"inLanguage":"it-IT","potentialAction":[{"@type":"ReadAction","target":["https:\/\/loginfo24.com\/it\/2026\/03\/11\/scandlines-avvia-la-ferry-cargo-senza-emissioni\/"]}]},{"@type":"ImageObject","inLanguage":"it-IT","@id":"https:\/\/loginfo24.com\/it\/2026\/03\/11\/scandlines-avvia-la-ferry-cargo-senza-emissioni\/#primaryimage","url":"https:\/\/loginfo24.com\/wp-content\/uploads\/sites\/7\/2026\/03\/The-Baltic-Whale_5532x3512px_small-scaled-aspect-ratio-1400-788-scaled-1.jpg","contentUrl":"https:\/\/loginfo24.com\/wp-content\/uploads\/sites\/7\/2026\/03\/The-Baltic-Whale_5532x3512px_small-scaled-aspect-ratio-1400-788-scaled-1.jpg","width":2560,"height":1441},{"@type":"BreadcrumbList","@id":"https:\/\/loginfo24.com\/it\/2026\/03\/11\/scandlines-avvia-la-ferry-cargo-senza-emissioni\/#breadcrumb","itemListElement":[{"@type":"ListItem","position":1,"name":"Startseite","item":"https:\/\/loginfo24.com\/it\/"},{"@type":"ListItem","position":2,"name":"Scandlines avvia la ferry cargo senza emissioni"}]},{"@type":"WebSite","@id":"https:\/\/loginfo24.com\/it\/#website","url":"https:\/\/loginfo24.com\/it\/","name":"Loginfo24","description":"Loginfo24 \u00e8 la piattaforma dedicata alla logistica e alle catene di fornitura con informazioni disponibili 24 ore su 24.","publisher":{"@id":"https:\/\/loginfo24.com\/it\/#organization"},"potentialAction":[{"@type":"SearchAction","target":{"@type":"EntryPoint","urlTemplate":"https:\/\/loginfo24.com\/it\/?s={search_term_string}"},"query-input":{"@type":"PropertyValueSpecification","valueRequired":true,"valueName":"search_term_string"}}],"inLanguage":"it-IT"},{"@type":"Organization","@id":"https:\/\/loginfo24.com\/it\/#organization","name":"Logismedia Group AG","url":"https:\/\/loginfo24.com\/it\/","logo":{"@type":"ImageObject","inLanguage":"it-IT","@id":"https:\/\/loginfo24.com\/it\/#\/schema\/logo\/image\/","url":"https:\/\/loginfo24.com\/wp-content\/uploads\/sites\/7\/2026\/01\/Logo_LogInfo24.png","contentUrl":"https:\/\/loginfo24.com\/wp-content\/uploads\/sites\/7\/2026\/01\/Logo_LogInfo24.png","width":938,"height":351,"caption":"Logismedia Group AG"},"image":{"@id":"https:\/\/loginfo24.com\/it\/#\/schema\/logo\/image\/"},"sameAs":["https:\/\/www.facebook.com\/people\/Loginfo24\/100057360583332\/","https:\/\/www.linkedin.com\/company\/lofinfo24\/"]},{"@type":"Person","@id":"https:\/\/loginfo24.com\/it\/#\/schema\/person\/cf538b3157f15afd7589245a4b3dbd25","name":"Andreas Haug","url":"https:\/\/loginfo24.com\/it\/author\/andreas\/"}]}},"_links":{"self":[{"href":"https:\/\/loginfo24.com\/it\/wp-json\/wp\/v2\/posts\/76486","targetHints":{"allow":["GET"]}}],"collection":[{"href":"https:\/\/loginfo24.com\/it\/wp-json\/wp\/v2\/posts"}],"about":[{"href":"https:\/\/loginfo24.com\/it\/wp-json\/wp\/v2\/types\/post"}],"author":[{"embeddable":true,"href":"https:\/\/loginfo24.com\/it\/wp-json\/wp\/v2\/users\/12"}],"replies":[{"embeddable":true,"href":"https:\/\/loginfo24.com\/it\/wp-json\/wp\/v2\/comments?post=76486"}],"version-history":[{"count":1,"href":"https:\/\/loginfo24.com\/it\/wp-json\/wp\/v2\/posts\/76486\/revisions"}],"predecessor-version":[{"id":76515,"href":"https:\/\/loginfo24.com\/it\/wp-json\/wp\/v2\/posts\/76486\/revisions\/76515"}],"wp:featuredmedia":[{"embeddable":true,"href":"https:\/\/loginfo24.com\/it\/wp-json\/wp\/v2\/media\/76482"}],"wp:attachment":[{"href":"https:\/\/loginfo24.com\/it\/wp-json\/wp\/v2\/media?parent=76486"}],"wp:term":[{"taxonomy":"category","embeddable":true,"href":"https:\/\/loginfo24.com\/it\/wp-json\/wp\/v2\/categories?post=76486"},{"taxonomy":"post_tag","embeddable":true,"href":"https:\/\/loginfo24.com\/it\/wp-json\/wp\/v2\/tags?post=76486"}],"curies":[{"name":"wp","href":"https:\/\/api.w.org\/{rel}","templated":true}]}}