{"id":76464,"date":"2026-03-11T14:31:19","date_gmt":"2026-03-11T14:31:19","guid":{"rendered":"https:\/\/loginfo24.com\/2026\/03\/11\/i-piloti-di-lufthansa-pianificano-uno-sciopero-di-due-giorni\/"},"modified":"2026-03-11T15:47:13","modified_gmt":"2026-03-11T14:47:13","slug":"i-piloti-di-lufthansa-pianificano-uno-sciopero-di-due-giorni","status":"publish","type":"post","link":"https:\/\/loginfo24.com\/it\/2026\/03\/11\/i-piloti-di-lufthansa-pianificano-uno-sciopero-di-due-giorni\/","title":{"rendered":"I piloti di Lufthansa pianificano uno sciopero di due giorni"},"content":{"rendered":"<p>Presso Lufthansa si profila uno sciopero dei piloti. Il sindacato Vereinigung Cockpit (VC) ha invitato i suoi membri a incrociare le braccia gioved\u00ec e venerd\u00ec (12-13 marzo). La protesta \u00e8 prevista per durare 48 ore e potrebbe influenzare numerosi voli del gruppo Lufthansa.<\/p>\n<p>Saranno particolarmente colpiti i decolli in Germania, comprese le rotte del marchio Lufthansa, della sua compagnia di cargo Lufthansa Cargo e della compagnia aerea regionale Lufthansa Cityline. Il motivo sono le trattative salariali ancora irrisolte tra la compagnia aerea e i rappresentanti dei piloti.<\/p>\n<p>Gi\u00e0 a met\u00e0 febbraio si era verificato uno sciopero di un giorno nell&#8217;ambito della trattativa in corso. Anche questa volta i piloti delle compagnie aeree interessate si sono espressi a favore di misure di sciopero in consultazioni. Presso Eurowings \u00e8 ancora in corso una consultazione, motivo per cui i loro dipendenti probabilmente non parteciperanno agli scioperi attuali.<\/p>\n<p>I voli verso il Medio Oriente non saranno espressamente colpiti dallo sciopero. Il sindacato giustifica questa decisione con la situazione tesa nel traffico aereo regionale.<\/p>\n<p>Secondo il VC, il conflitto \u00e8 dovuto a colloqui infruttuosi sulla previdenza pensionistica aziendale presso Lufthansa e Lufthansa Cargo. Il sindacato richiede un&#8217;offerta migliorata da parte dell&#8217;azienda.<\/p>\n<p><a href=\"https:\/\/newsroom.lufthansagroup.com\" target=\"_blank\" rel=\"noopener noreferrer\">www.newsroom.lufthansagroup.com<\/a><\/p>\n<p><a href=\"https:\/\/www.zdfheute.de\" target=\"_blank\" rel=\"noopener noreferrer\">www.zdfheute.de<\/a><\/p>\n","protected":false},"excerpt":{"rendered":"<p>Uno sciopero dei piloti presso Lufthansa \u00e8 annunciato per il 12 e 13 marzo, il che potrebbe influenzare numerosi voli della compagnia aerea.<\/p>\n","protected":false},"author":14,"featured_media":76460,"comment_status":"open","ping_status":"","sticky":false,"template":"","format":"standard","meta":{"_acf_changed":false,"footnotes":""},"categories":[6679,1630],"tags":[13833,13834,13835,13836,13837,13838,13839,3397,13840,13841,13842,13843,13844,13845,13846,13847,13848,13849,13850,13851,13852,13853,13854,13855,13856,13857,13858,3418,13859,4293,2035,13860,13861,13862,13863,13864,13865,13866,13867,13868,13869,13870,13871,13872,13873,13874,13875,13876,13877,13878,13879,13880,13881,13882,13883,13884],"class_list":["post-76464","post","type-post","status-publish","format-standard","has-post-thumbnail","hentry","category-europa","category-trasporto-aereo","tag-actions-de-greve","tag-affected-flights","tag-air-freight-logistics-francais-lufthansa","tag-air-traffic-middle-east","tag-annonce-de-greve","tag-arbeitskampf","tag-arbeitskampfmassnahmen","tag-aviation-industry","tag-bargaining-round","tag-betriebliche-altersversorgung","tag-collective-bargaining","tag-compagnie-regionale-lufthansa-cityline","tag-conflit-de-travail","tag-deutsch-lufthansa","tag-droits-des-passagers","tag-duree-de-greve-48-heures","tag-eurowings-streik","tag-eurowings-strike","tag-flights-germany","tag-fluege-beeintraechtigt","tag-fluege-deutschland","tag-fluggastrechte","tag-frachtgesellschaft-lufthansa","tag-freight-company-lufthansa","tag-gewerkschaft-vereinigung-cockpit","tag-greve-des-pilotes","tag-greve-eurowings","tag-industrie-aeronautique","tag-labor-dispute","tag-logistique-aerienne","tag-luftfahrtbranche","tag-luftfahrtlogistik-english-lufthansa","tag-lufthansa-cargo","tag-luftverkehr-naher-osten","tag-negociations-collectives","tag-occupational-pension-scheme","tag-passenger-rights","tag-pilotenstreik","tag-pilots-strike","tag-regime-de-retraite-professionnel","tag-regional-airline-lufthansa-cityline","tag-regionalfluglinie-lufthansa-cityline","tag-ronde-de-negociations","tag-societe-de-fret-lufthansa","tag-streikankuendigung","tag-streikdauer-48-stunden","tag-strike-actions","tag-strike-announcement","tag-strike-duration-48-hours","tag-syndicat-vereinigung-cockpit","tag-tarifrunde","tag-tarifverhandlungen","tag-trafic-aerien-moyen-orient","tag-vereinigung-cockpit-union","tag-vols-affectes","tag-vols-allemagne"],"acf":[],"yoast_head":"<!-- This site is optimized with the Yoast SEO plugin v27.3 - https:\/\/yoast.com\/product\/yoast-seo-wordpress\/ -->\n<title>I piloti di Lufthansa pianificano uno sciopero di due giorni - Loginfo24<\/title>\n<meta name=\"robots\" content=\"index, follow, max-snippet:-1, max-image-preview:large, max-video-preview:-1\" \/>\n<link rel=\"canonical\" href=\"https:\/\/loginfo24.com\/it\/2026\/03\/11\/i-piloti-di-lufthansa-pianificano-uno-sciopero-di-due-giorni\/\" \/>\n<meta property=\"og:locale\" content=\"it_IT\" \/>\n<meta property=\"og:type\" content=\"article\" \/>\n<meta property=\"og:title\" content=\"I piloti di Lufthansa pianificano uno sciopero di due giorni - Loginfo24\" \/>\n<meta property=\"og:description\" content=\"Uno sciopero dei piloti presso Lufthansa \u00e8 annunciato per il 12 e 13 marzo, il che potrebbe influenzare numerosi voli della compagnia aerea.\" \/>\n<meta property=\"og:url\" content=\"https:\/\/loginfo24.com\/it\/2026\/03\/11\/i-piloti-di-lufthansa-pianificano-uno-sciopero-di-due-giorni\/\" \/>\n<meta property=\"og:site_name\" content=\"Loginfo24\" \/>\n<meta property=\"article:publisher\" content=\"https:\/\/www.facebook.com\/people\/Loginfo24\/100057360583332\/\" \/>\n<meta property=\"article:published_time\" content=\"2026-03-11T14:31:19+00:00\" \/>\n<meta property=\"article:modified_time\" content=\"2026-03-11T14:47:13+00:00\" \/>\n<meta property=\"og:image\" content=\"https:\/\/loginfo24.com\/wp-content\/uploads\/sites\/7\/2026\/03\/NEW_A321F_B777F_Lateral_PPT_Min-scaled-aspect-ratio-1400-788-2.jpg\" \/>\n\t<meta property=\"og:image:width\" content=\"2471\" \/>\n\t<meta property=\"og:image:height\" content=\"1391\" \/>\n\t<meta property=\"og:image:type\" content=\"image\/jpeg\" \/>\n<meta name=\"author\" content=\"Gyan Sharan\" \/>\n<meta name=\"twitter:card\" content=\"summary_large_image\" \/>\n<meta name=\"twitter:label1\" content=\"Scritto da\" \/>\n\t<meta name=\"twitter:data1\" content=\"Gyan Sharan\" \/>\n\t<meta name=\"twitter:label2\" content=\"Tempo di lettura stimato\" \/>\n\t<meta name=\"twitter:data2\" content=\"1 minuto\" \/>\n<script type=\"application\/ld+json\" class=\"yoast-schema-graph\">{\"@context\":\"https:\\\/\\\/schema.org\",\"@graph\":[{\"@type\":\"Article\",\"@id\":\"https:\\\/\\\/loginfo24.com\\\/it\\\/2026\\\/03\\\/11\\\/i-piloti-di-lufthansa-pianificano-uno-sciopero-di-due-giorni\\\/#article\",\"isPartOf\":{\"@id\":\"https:\\\/\\\/loginfo24.com\\\/it\\\/2026\\\/03\\\/11\\\/i-piloti-di-lufthansa-pianificano-uno-sciopero-di-due-giorni\\\/\"},\"author\":{\"name\":\"Gyan Sharan\",\"@id\":\"https:\\\/\\\/loginfo24.com\\\/it\\\/#\\\/schema\\\/person\\\/13a9fc605c753db60ef7750a229cd042\"},\"headline\":\"I piloti di Lufthansa pianificano uno sciopero di due giorni\",\"datePublished\":\"2026-03-11T14:31:19+00:00\",\"dateModified\":\"2026-03-11T14:47:13+00:00\",\"mainEntityOfPage\":{\"@id\":\"https:\\\/\\\/loginfo24.com\\\/it\\\/2026\\\/03\\\/11\\\/i-piloti-di-lufthansa-pianificano-uno-sciopero-di-due-giorni\\\/\"},\"wordCount\":212,\"commentCount\":0,\"publisher\":{\"@id\":\"https:\\\/\\\/loginfo24.com\\\/it\\\/#organization\"},\"image\":{\"@id\":\"https:\\\/\\\/loginfo24.com\\\/it\\\/2026\\\/03\\\/11\\\/i-piloti-di-lufthansa-pianificano-uno-sciopero-di-due-giorni\\\/#primaryimage\"},\"thumbnailUrl\":\"https:\\\/\\\/loginfo24.com\\\/wp-content\\\/uploads\\\/sites\\\/7\\\/2026\\\/03\\\/NEW_A321F_B777F_Lateral_PPT_Min-scaled-aspect-ratio-1400-788-2.jpg\",\"keywords\":[\"actions de gr\u00e8ve\",\"affected flights\",\"air freight logistics Fran\u00e7ais Lufthansa\",\"air traffic Middle East\",\"annonce de gr\u00e8ve\",\"Arbeitskampf\",\"Arbeitskampfmassnahmen\",\"aviation industry\",\"bargaining round\",\"betriebliche Altersversorgung\",\"collective bargaining\",\"compagnie r\u00e9gionale Lufthansa Cityline\",\"conflit de travail\",\"Deutsch Lufthansa\",\"droits des passagers\",\"dur\u00e9e de gr\u00e8ve 48 heures\",\"Eurowings Streik\",\"Eurowings strike\",\"flights Germany\",\"Fl\u00fcge beeintr\u00e4chtigt\",\"Fl\u00fcge Deutschland\",\"Fluggastrechte\",\"Frachtgesellschaft Lufthansa\",\"freight company Lufthansa\",\"Gewerkschaft Vereinigung Cockpit\",\"gr\u00e8ve des pilotes\",\"gr\u00e8ve Eurowings\",\"industrie a\u00e9ronautique\",\"labor dispute\",\"logistique a\u00e9rienne\",\"Luftfahrtbranche\",\"Luftfahrtlogistik English Lufthansa\",\"Lufthansa Cargo\",\"Luftverkehr Naher Osten\",\"n\u00e9gociations collectives\",\"occupational pension scheme\",\"passenger rights\",\"Pilotenstreik\",\"pilots strike\",\"r\u00e9gime de retraite professionnel\",\"regional airline Lufthansa Cityline\",\"Regionalfluglinie Lufthansa Cityline\",\"ronde de n\u00e9gociations\",\"soci\u00e9t\u00e9 de fret Lufthansa\",\"Streikank\u00fcndigung\",\"Streikdauer 48 Stunden\",\"strike actions\",\"strike announcement\",\"strike duration 48 hours\",\"syndicat Vereinigung Cockpit\",\"Tarifrunde\",\"Tarifverhandlungen\",\"trafic a\u00e9rien Moyen-Orient\",\"Vereinigung Cockpit union\",\"vols affect\u00e9s\",\"vols Allemagne\"],\"articleSection\":[\"Europa\",\"Trasporto aereo\"],\"inLanguage\":\"it-IT\",\"potentialAction\":[{\"@type\":\"CommentAction\",\"name\":\"Comment\",\"target\":[\"https:\\\/\\\/loginfo24.com\\\/it\\\/2026\\\/03\\\/11\\\/i-piloti-di-lufthansa-pianificano-uno-sciopero-di-due-giorni\\\/#respond\"]}]},{\"@type\":\"WebPage\",\"@id\":\"https:\\\/\\\/loginfo24.com\\\/it\\\/2026\\\/03\\\/11\\\/i-piloti-di-lufthansa-pianificano-uno-sciopero-di-due-giorni\\\/\",\"url\":\"https:\\\/\\\/loginfo24.com\\\/it\\\/2026\\\/03\\\/11\\\/i-piloti-di-lufthansa-pianificano-uno-sciopero-di-due-giorni\\\/\",\"name\":\"I piloti di Lufthansa pianificano uno sciopero di due giorni - Loginfo24\",\"isPartOf\":{\"@id\":\"https:\\\/\\\/loginfo24.com\\\/it\\\/#website\"},\"primaryImageOfPage\":{\"@id\":\"https:\\\/\\\/loginfo24.com\\\/it\\\/2026\\\/03\\\/11\\\/i-piloti-di-lufthansa-pianificano-uno-sciopero-di-due-giorni\\\/#primaryimage\"},\"image\":{\"@id\":\"https:\\\/\\\/loginfo24.com\\\/it\\\/2026\\\/03\\\/11\\\/i-piloti-di-lufthansa-pianificano-uno-sciopero-di-due-giorni\\\/#primaryimage\"},\"thumbnailUrl\":\"https:\\\/\\\/loginfo24.com\\\/wp-content\\\/uploads\\\/sites\\\/7\\\/2026\\\/03\\\/NEW_A321F_B777F_Lateral_PPT_Min-scaled-aspect-ratio-1400-788-2.jpg\",\"datePublished\":\"2026-03-11T14:31:19+00:00\",\"dateModified\":\"2026-03-11T14:47:13+00:00\",\"breadcrumb\":{\"@id\":\"https:\\\/\\\/loginfo24.com\\\/it\\\/2026\\\/03\\\/11\\\/i-piloti-di-lufthansa-pianificano-uno-sciopero-di-due-giorni\\\/#breadcrumb\"},\"inLanguage\":\"it-IT\",\"potentialAction\":[{\"@type\":\"ReadAction\",\"target\":[\"https:\\\/\\\/loginfo24.com\\\/it\\\/2026\\\/03\\\/11\\\/i-piloti-di-lufthansa-pianificano-uno-sciopero-di-due-giorni\\\/\"]}]},{\"@type\":\"ImageObject\",\"inLanguage\":\"it-IT\",\"@id\":\"https:\\\/\\\/loginfo24.com\\\/it\\\/2026\\\/03\\\/11\\\/i-piloti-di-lufthansa-pianificano-uno-sciopero-di-due-giorni\\\/#primaryimage\",\"url\":\"https:\\\/\\\/loginfo24.com\\\/wp-content\\\/uploads\\\/sites\\\/7\\\/2026\\\/03\\\/NEW_A321F_B777F_Lateral_PPT_Min-scaled-aspect-ratio-1400-788-2.jpg\",\"contentUrl\":\"https:\\\/\\\/loginfo24.com\\\/wp-content\\\/uploads\\\/sites\\\/7\\\/2026\\\/03\\\/NEW_A321F_B777F_Lateral_PPT_Min-scaled-aspect-ratio-1400-788-2.jpg\",\"width\":2471,\"height\":1391},{\"@type\":\"BreadcrumbList\",\"@id\":\"https:\\\/\\\/loginfo24.com\\\/it\\\/2026\\\/03\\\/11\\\/i-piloti-di-lufthansa-pianificano-uno-sciopero-di-due-giorni\\\/#breadcrumb\",\"itemListElement\":[{\"@type\":\"ListItem\",\"position\":1,\"name\":\"Startseite\",\"item\":\"https:\\\/\\\/loginfo24.com\\\/it\\\/\"},{\"@type\":\"ListItem\",\"position\":2,\"name\":\"I piloti di Lufthansa pianificano uno sciopero di due giorni\"}]},{\"@type\":\"WebSite\",\"@id\":\"https:\\\/\\\/loginfo24.com\\\/it\\\/#website\",\"url\":\"https:\\\/\\\/loginfo24.com\\\/it\\\/\",\"name\":\"Loginfo24\",\"description\":\"Loginfo24 \u00e8 la piattaforma dedicata alla logistica e alle catene di fornitura con informazioni disponibili 24 ore su 24.\",\"publisher\":{\"@id\":\"https:\\\/\\\/loginfo24.com\\\/it\\\/#organization\"},\"potentialAction\":[{\"@type\":\"SearchAction\",\"target\":{\"@type\":\"EntryPoint\",\"urlTemplate\":\"https:\\\/\\\/loginfo24.com\\\/it\\\/?s={search_term_string}\"},\"query-input\":{\"@type\":\"PropertyValueSpecification\",\"valueRequired\":true,\"valueName\":\"search_term_string\"}}],\"inLanguage\":\"it-IT\"},{\"@type\":\"Organization\",\"@id\":\"https:\\\/\\\/loginfo24.com\\\/it\\\/#organization\",\"name\":\"Logismedia Group AG\",\"url\":\"https:\\\/\\\/loginfo24.com\\\/it\\\/\",\"logo\":{\"@type\":\"ImageObject\",\"inLanguage\":\"it-IT\",\"@id\":\"https:\\\/\\\/loginfo24.com\\\/it\\\/#\\\/schema\\\/logo\\\/image\\\/\",\"url\":\"https:\\\/\\\/loginfo24.com\\\/wp-content\\\/uploads\\\/sites\\\/7\\\/2026\\\/01\\\/Logo_LogInfo24.png\",\"contentUrl\":\"https:\\\/\\\/loginfo24.com\\\/wp-content\\\/uploads\\\/sites\\\/7\\\/2026\\\/01\\\/Logo_LogInfo24.png\",\"width\":938,\"height\":351,\"caption\":\"Logismedia Group AG\"},\"image\":{\"@id\":\"https:\\\/\\\/loginfo24.com\\\/it\\\/#\\\/schema\\\/logo\\\/image\\\/\"},\"sameAs\":[\"https:\\\/\\\/www.facebook.com\\\/people\\\/Loginfo24\\\/100057360583332\\\/\",\"https:\\\/\\\/www.linkedin.com\\\/company\\\/lofinfo24\\\/\"]},{\"@type\":\"Person\",\"@id\":\"https:\\\/\\\/loginfo24.com\\\/it\\\/#\\\/schema\\\/person\\\/13a9fc605c753db60ef7750a229cd042\",\"name\":\"Gyan Sharan\",\"url\":\"https:\\\/\\\/loginfo24.com\\\/it\\\/author\\\/gyan\\\/\"}]}<\/script>\n<!-- \/ Yoast SEO plugin. -->","yoast_head_json":{"title":"I piloti di Lufthansa pianificano uno sciopero di due giorni - Loginfo24","robots":{"index":"index","follow":"follow","max-snippet":"max-snippet:-1","max-image-preview":"max-image-preview:large","max-video-preview":"max-video-preview:-1"},"canonical":"https:\/\/loginfo24.com\/it\/2026\/03\/11\/i-piloti-di-lufthansa-pianificano-uno-sciopero-di-due-giorni\/","og_locale":"it_IT","og_type":"article","og_title":"I piloti di Lufthansa pianificano uno sciopero di due giorni - Loginfo24","og_description":"Uno sciopero dei piloti presso Lufthansa \u00e8 annunciato per il 12 e 13 marzo, il che potrebbe influenzare numerosi voli della compagnia aerea.","og_url":"https:\/\/loginfo24.com\/it\/2026\/03\/11\/i-piloti-di-lufthansa-pianificano-uno-sciopero-di-due-giorni\/","og_site_name":"Loginfo24","article_publisher":"https:\/\/www.facebook.com\/people\/Loginfo24\/100057360583332\/","article_published_time":"2026-03-11T14:31:19+00:00","article_modified_time":"2026-03-11T14:47:13+00:00","og_image":[{"width":2471,"height":1391,"url":"https:\/\/loginfo24.com\/wp-content\/uploads\/sites\/7\/2026\/03\/NEW_A321F_B777F_Lateral_PPT_Min-scaled-aspect-ratio-1400-788-2.jpg","type":"image\/jpeg"}],"author":"Gyan Sharan","twitter_card":"summary_large_image","twitter_misc":{"Scritto da":"Gyan Sharan","Tempo di lettura stimato":"1 minuto"},"schema":{"@context":"https:\/\/schema.org","@graph":[{"@type":"Article","@id":"https:\/\/loginfo24.com\/it\/2026\/03\/11\/i-piloti-di-lufthansa-pianificano-uno-sciopero-di-due-giorni\/#article","isPartOf":{"@id":"https:\/\/loginfo24.com\/it\/2026\/03\/11\/i-piloti-di-lufthansa-pianificano-uno-sciopero-di-due-giorni\/"},"author":{"name":"Gyan Sharan","@id":"https:\/\/loginfo24.com\/it\/#\/schema\/person\/13a9fc605c753db60ef7750a229cd042"},"headline":"I piloti di Lufthansa pianificano uno sciopero di due giorni","datePublished":"2026-03-11T14:31:19+00:00","dateModified":"2026-03-11T14:47:13+00:00","mainEntityOfPage":{"@id":"https:\/\/loginfo24.com\/it\/2026\/03\/11\/i-piloti-di-lufthansa-pianificano-uno-sciopero-di-due-giorni\/"},"wordCount":212,"commentCount":0,"publisher":{"@id":"https:\/\/loginfo24.com\/it\/#organization"},"image":{"@id":"https:\/\/loginfo24.com\/it\/2026\/03\/11\/i-piloti-di-lufthansa-pianificano-uno-sciopero-di-due-giorni\/#primaryimage"},"thumbnailUrl":"https:\/\/loginfo24.com\/wp-content\/uploads\/sites\/7\/2026\/03\/NEW_A321F_B777F_Lateral_PPT_Min-scaled-aspect-ratio-1400-788-2.jpg","keywords":["actions de gr\u00e8ve","affected flights","air freight logistics Fran\u00e7ais Lufthansa","air traffic Middle East","annonce de gr\u00e8ve","Arbeitskampf","Arbeitskampfmassnahmen","aviation industry","bargaining round","betriebliche Altersversorgung","collective bargaining","compagnie r\u00e9gionale Lufthansa Cityline","conflit de travail","Deutsch Lufthansa","droits des passagers","dur\u00e9e de gr\u00e8ve 48 heures","Eurowings Streik","Eurowings strike","flights Germany","Fl\u00fcge beeintr\u00e4chtigt","Fl\u00fcge Deutschland","Fluggastrechte","Frachtgesellschaft Lufthansa","freight company Lufthansa","Gewerkschaft Vereinigung Cockpit","gr\u00e8ve des pilotes","gr\u00e8ve Eurowings","industrie a\u00e9ronautique","labor dispute","logistique a\u00e9rienne","Luftfahrtbranche","Luftfahrtlogistik English Lufthansa","Lufthansa Cargo","Luftverkehr Naher Osten","n\u00e9gociations collectives","occupational pension scheme","passenger rights","Pilotenstreik","pilots strike","r\u00e9gime de retraite professionnel","regional airline Lufthansa Cityline","Regionalfluglinie Lufthansa Cityline","ronde de n\u00e9gociations","soci\u00e9t\u00e9 de fret Lufthansa","Streikank\u00fcndigung","Streikdauer 48 Stunden","strike actions","strike announcement","strike duration 48 hours","syndicat Vereinigung Cockpit","Tarifrunde","Tarifverhandlungen","trafic a\u00e9rien Moyen-Orient","Vereinigung Cockpit union","vols affect\u00e9s","vols Allemagne"],"articleSection":["Europa","Trasporto aereo"],"inLanguage":"it-IT","potentialAction":[{"@type":"CommentAction","name":"Comment","target":["https:\/\/loginfo24.com\/it\/2026\/03\/11\/i-piloti-di-lufthansa-pianificano-uno-sciopero-di-due-giorni\/#respond"]}]},{"@type":"WebPage","@id":"https:\/\/loginfo24.com\/it\/2026\/03\/11\/i-piloti-di-lufthansa-pianificano-uno-sciopero-di-due-giorni\/","url":"https:\/\/loginfo24.com\/it\/2026\/03\/11\/i-piloti-di-lufthansa-pianificano-uno-sciopero-di-due-giorni\/","name":"I piloti di Lufthansa pianificano uno sciopero di due giorni - Loginfo24","isPartOf":{"@id":"https:\/\/loginfo24.com\/it\/#website"},"primaryImageOfPage":{"@id":"https:\/\/loginfo24.com\/it\/2026\/03\/11\/i-piloti-di-lufthansa-pianificano-uno-sciopero-di-due-giorni\/#primaryimage"},"image":{"@id":"https:\/\/loginfo24.com\/it\/2026\/03\/11\/i-piloti-di-lufthansa-pianificano-uno-sciopero-di-due-giorni\/#primaryimage"},"thumbnailUrl":"https:\/\/loginfo24.com\/wp-content\/uploads\/sites\/7\/2026\/03\/NEW_A321F_B777F_Lateral_PPT_Min-scaled-aspect-ratio-1400-788-2.jpg","datePublished":"2026-03-11T14:31:19+00:00","dateModified":"2026-03-11T14:47:13+00:00","breadcrumb":{"@id":"https:\/\/loginfo24.com\/it\/2026\/03\/11\/i-piloti-di-lufthansa-pianificano-uno-sciopero-di-due-giorni\/#breadcrumb"},"inLanguage":"it-IT","potentialAction":[{"@type":"ReadAction","target":["https:\/\/loginfo24.com\/it\/2026\/03\/11\/i-piloti-di-lufthansa-pianificano-uno-sciopero-di-due-giorni\/"]}]},{"@type":"ImageObject","inLanguage":"it-IT","@id":"https:\/\/loginfo24.com\/it\/2026\/03\/11\/i-piloti-di-lufthansa-pianificano-uno-sciopero-di-due-giorni\/#primaryimage","url":"https:\/\/loginfo24.com\/wp-content\/uploads\/sites\/7\/2026\/03\/NEW_A321F_B777F_Lateral_PPT_Min-scaled-aspect-ratio-1400-788-2.jpg","contentUrl":"https:\/\/loginfo24.com\/wp-content\/uploads\/sites\/7\/2026\/03\/NEW_A321F_B777F_Lateral_PPT_Min-scaled-aspect-ratio-1400-788-2.jpg","width":2471,"height":1391},{"@type":"BreadcrumbList","@id":"https:\/\/loginfo24.com\/it\/2026\/03\/11\/i-piloti-di-lufthansa-pianificano-uno-sciopero-di-due-giorni\/#breadcrumb","itemListElement":[{"@type":"ListItem","position":1,"name":"Startseite","item":"https:\/\/loginfo24.com\/it\/"},{"@type":"ListItem","position":2,"name":"I piloti di Lufthansa pianificano uno sciopero di due giorni"}]},{"@type":"WebSite","@id":"https:\/\/loginfo24.com\/it\/#website","url":"https:\/\/loginfo24.com\/it\/","name":"Loginfo24","description":"Loginfo24 \u00e8 la piattaforma dedicata alla logistica e alle catene di fornitura con informazioni disponibili 24 ore su 24.","publisher":{"@id":"https:\/\/loginfo24.com\/it\/#organization"},"potentialAction":[{"@type":"SearchAction","target":{"@type":"EntryPoint","urlTemplate":"https:\/\/loginfo24.com\/it\/?s={search_term_string}"},"query-input":{"@type":"PropertyValueSpecification","valueRequired":true,"valueName":"search_term_string"}}],"inLanguage":"it-IT"},{"@type":"Organization","@id":"https:\/\/loginfo24.com\/it\/#organization","name":"Logismedia Group AG","url":"https:\/\/loginfo24.com\/it\/","logo":{"@type":"ImageObject","inLanguage":"it-IT","@id":"https:\/\/loginfo24.com\/it\/#\/schema\/logo\/image\/","url":"https:\/\/loginfo24.com\/wp-content\/uploads\/sites\/7\/2026\/01\/Logo_LogInfo24.png","contentUrl":"https:\/\/loginfo24.com\/wp-content\/uploads\/sites\/7\/2026\/01\/Logo_LogInfo24.png","width":938,"height":351,"caption":"Logismedia Group AG"},"image":{"@id":"https:\/\/loginfo24.com\/it\/#\/schema\/logo\/image\/"},"sameAs":["https:\/\/www.facebook.com\/people\/Loginfo24\/100057360583332\/","https:\/\/www.linkedin.com\/company\/lofinfo24\/"]},{"@type":"Person","@id":"https:\/\/loginfo24.com\/it\/#\/schema\/person\/13a9fc605c753db60ef7750a229cd042","name":"Gyan Sharan","url":"https:\/\/loginfo24.com\/it\/author\/gyan\/"}]}},"_links":{"self":[{"href":"https:\/\/loginfo24.com\/it\/wp-json\/wp\/v2\/posts\/76464","targetHints":{"allow":["GET"]}}],"collection":[{"href":"https:\/\/loginfo24.com\/it\/wp-json\/wp\/v2\/posts"}],"about":[{"href":"https:\/\/loginfo24.com\/it\/wp-json\/wp\/v2\/types\/post"}],"author":[{"embeddable":true,"href":"https:\/\/loginfo24.com\/it\/wp-json\/wp\/v2\/users\/14"}],"replies":[{"embeddable":true,"href":"https:\/\/loginfo24.com\/it\/wp-json\/wp\/v2\/comments?post=76464"}],"version-history":[{"count":2,"href":"https:\/\/loginfo24.com\/it\/wp-json\/wp\/v2\/posts\/76464\/revisions"}],"predecessor-version":[{"id":76478,"href":"https:\/\/loginfo24.com\/it\/wp-json\/wp\/v2\/posts\/76464\/revisions\/76478"}],"wp:featuredmedia":[{"embeddable":true,"href":"https:\/\/loginfo24.com\/it\/wp-json\/wp\/v2\/media\/76460"}],"wp:attachment":[{"href":"https:\/\/loginfo24.com\/it\/wp-json\/wp\/v2\/media?parent=76464"}],"wp:term":[{"taxonomy":"category","embeddable":true,"href":"https:\/\/loginfo24.com\/it\/wp-json\/wp\/v2\/categories?post=76464"},{"taxonomy":"post_tag","embeddable":true,"href":"https:\/\/loginfo24.com\/it\/wp-json\/wp\/v2\/tags?post=76464"}],"curies":[{"name":"wp","href":"https:\/\/api.w.org\/{rel}","templated":true}]}}