{"id":76182,"date":"2026-03-10T10:14:01","date_gmt":"2026-03-10T10:14:01","guid":{"rendered":"https:\/\/loginfo24.com\/2026\/03\/10\/hoelkemeier-costruisce-un-centro-logistico-per-melitta-a-kalldorf\/"},"modified":"2026-03-12T20:17:47","modified_gmt":"2026-03-12T19:17:47","slug":"hoelkemeier-costruisce-un-centro-logistico-per-melitta-a-kalldorf","status":"publish","type":"post","link":"https:\/\/loginfo24.com\/it\/2026\/03\/10\/hoelkemeier-costruisce-un-centro-logistico-per-melitta-a-kalldorf\/","title":{"rendered":"H\u00f6lkemeier costruisce un centro logistico per Melitta a Kalldorf"},"content":{"rendered":"<p>La H\u00f6lkemeier Spedition GmbH ha annunciato l&#8217;espansione della sua rete di sedi in Renania Settentrionale-Vestfalia. Su un&#8217;area dell&#8217;ex sito Meyra nel quartiere di Kalldorf verr\u00e0 costruito un nuovo centro logistico. La filiale del gruppo Braker L.I.T. investir\u00e0 insieme alla ESM Ertl Systemlogistik GmbH &amp; Co. KG circa 20 milioni di euro nella creazione di un magazzino centrale europeo per i prodotti per la casa del gruppo Melitta.<\/p>\n<h3>Infrastruttura pianificata e posti di lavoro<\/h3>\n<p>Prima dell&#8217;inizio dei lavori di demolizione nell&#8217;area, il futuro utilizzo \u00e8 gi\u00e0 stato definito. L&#8217;edificio amministrativo esistente sar\u00e0 demolito, mentre il magazzino a scaffale alto e il magazzino esistente adiacente, con una superficie di circa 18.000 m\u00b2, saranno mantenuti e integrati nel nuovo concetto logistico. Inoltre, sono previsti nuovi padiglioni con una superficie utile di circa 19.000 m\u00b2.<\/p>\n<p>Con il nuovo centro logistico saranno creati circa 50 posti di lavoro. Si cercano collaboratori con diversi livelli di qualificazione, tra cui personale operativo per il magazzino, specialisti per i processi logistici e specialisti IT.<\/p>\n<p>Lars H\u00f6lkemeier, amministratore delegato della H\u00f6lkemeier Spedition GmbH e della ESM Ertl Systemlogistik GmbH &amp; Co. KG, ha commentato i piani: \u201eCon il nuovo centro logistico a Kalletal, espandiamo strategicamente la nostra collaborazione con Melitta e centralizziamo in futuro i flussi di merci a livello europeo in una sede centrale. \u00c8 importante per noi attrarre collaboratori qualificati dalla regione. Percorsi brevi tra il luogo di residenza e quello di lavoro creano stabilit\u00e0 e rafforzano il legame con la sede.\u201c<\/p>\n<h3>Processi logistici efficienti e orientamento sostenibile<\/h3>\n<p>Il nuovo centro logistico sar\u00e0 progettato per una gestione strutturata delle merci e una distribuzione basata sulle esigenze. Le merci saranno immagazzinate centralmente e consegnate in modo efficiente a pallet nei mercati europei. Attraverso flussi di merci chiaramente pianificati e processi coordinati, si intende garantire un&#8217;operativit\u00e0 stabile e ben controllabile. Inoltre, l&#8217;uso di camion elettrici supporter\u00e0 una logistica a basse emissioni.<\/p>\n<p>L&#8217;orientamento sostenibile del progetto si collega a precedenti investimenti del gruppo aziendale. Lo scorso anno \u00e8 stata messa in funzione una nuova hall logistica presso il Regioport di Minden, dotata di un ampio impianto fotovoltaico. Qui sono gi\u00e0 in uso camion elettrici nel servizio navetta.<\/p>\n<p>Julian Lachnitt, membro del consiglio di amministrazione del gruppo L.I.T., ha sottolineato l&#8217;importanza dell&#8217;investimento: \u201eL&#8217;investimento a Kalletal sottolinea la nostra strategia di crescita a lungo termine nella logistica contrattuale. Con infrastrutture moderne, concetti energeticamente efficienti e processi digitalmente controllati, creiamo le basi per soluzioni logistiche sostenibili e scalabili in Europa. Allo stesso tempo, rafforziamo miratamente la nostra presenza regionale in Ostwestfalen-Lippe.\u201c<\/p>\n<p>Con il nuovo magazzino centrale, il gruppo L.I.T. amplia le sue capacit\u00e0 nel settore della logistica dei beni di consumo e consolida la sua posizione come partner per i produttori di marchi internazionali.<\/p>\n<p><a href=\"http:\/\/www.lit.de\" target=\"_blank\" rel=\"noopener noreferrer\">www.lit.de<\/a><\/p>\n","protected":false},"excerpt":{"rendered":"<p>La H\u00f6lkemeier Spedition GmbH sta realizzando un nuovo centro logistico a Kalldorf, creando 50 posti di lavoro e investendo 20 milioni di euro nelle infrastrutture.<\/p>\n","protected":false},"author":7,"featured_media":76178,"comment_status":"open","ping_status":"","sticky":false,"template":"","format":"standard","meta":{"_acf_changed":false,"footnotes":""},"categories":[6679,6667,1629],"tags":[13527,13528,13529,12087,12089,13530,13531,2355,2356,13532,13533,13534,13535,13536,13537,13538,13539,13540,2122,2123,13541,13542,7598,13543,13544,13545,12099,2373,13546,13547,13548,13549,13550,13551,13552,13553,13554,13555,13556,13557,2145,13558,13559,13560,13561,13562,13563,13564,2394,2106,13565,13566,9192,6545,13567,13568,13569],"class_list":["post-76182","post","type-post","status-publish","format-standard","has-post-thumbnail","hentry","category-europa","category-germania","category-spedizioni-e-logistica","tag-arbeitsplaetze-logistikzentrum","tag-camions-electriques-logistique","tag-centre-logistique-kalldorf","tag-contract-logistics-growth","tag-croissance-logistique-contractuelle","tag-deutsch-hoelkemeier-spedition","tag-developpement-des-infrastructures-kalletal","tag-digital-logistics-solutions","tag-digitale-logistikloesungen","tag-e-lkw-logistik","tag-electric-trucks-logistics","tag-emplois-centre-logistique","tag-energieeffiziente-logistik","tag-energy-efficient-logistics","tag-entreposage-europe","tag-entrepot-central-europeen","tag-europaeisches-zentrallager","tag-european-central-warehouse","tag-fachkraeftemangel-logistik","tag-gestion-de-la-chaine-dapprovisionnement","tag-groupe-melitta","tag-halles-logistiques-minden","tag-industrie-du-transport-allemagne","tag-infrastructure-development-kalletal","tag-infrastrukturentwicklung-kalletal","tag-jobs-logistics-center","tag-kontraktlogistik-wachstum","tag-labor-shortage-logistics","tag-logistics-center-kalldorf","tag-logistics-hall-minden","tag-logistics-service-providers-north-rhine-westphalia","tag-logistikdienstleister-nordrhein-westfalen","tag-logistikhalle-minden","tag-logistikzentrum-kalldorf","tag-logistique-ecoenergetique","tag-melitta-group","tag-melitta-gruppe","tag-nachhaltige-logistikprozesse","tag-optimiser-les-flux-de-marchandises","tag-optimize-goods-flows-francais-hoelkemeier-spedition","tag-penurie-de-main-doeuvre-logistique","tag-photovoltaic-system-logistics","tag-photovoltaikanlage-logistik","tag-presence-regionale-ostwestfalen-lippe","tag-prestataires-logistiques-rhenanie-du-nord-westphalie","tag-processus-logistiques-durables","tag-regional-presence-east-westphalia-lippe","tag-regionale-praesenz-ostwestfalen-lippe","tag-solutions-logistiques-numeriques","tag-supply-chain-management","tag-sustainable-logistics-processes","tag-systeme-photovoltaique-logistique","tag-transport-industry-germany","tag-transportwirtschaft-deutschland","tag-warehousing-europe","tag-warenlagerung-europa","tag-warenstroeme-optimieren-english-hoelkemeier-spedition"],"acf":[],"yoast_head":"<!-- This site is optimized with the Yoast SEO plugin v27.3 - https:\/\/yoast.com\/product\/yoast-seo-wordpress\/ -->\n<title>H\u00f6lkemeier costruisce un centro logistico per Melitta a Kalldorf - Loginfo24<\/title>\n<meta name=\"robots\" content=\"index, follow, max-snippet:-1, max-image-preview:large, max-video-preview:-1\" \/>\n<link rel=\"canonical\" href=\"https:\/\/loginfo24.com\/it\/2026\/03\/10\/hoelkemeier-costruisce-un-centro-logistico-per-melitta-a-kalldorf\/\" \/>\n<meta property=\"og:locale\" content=\"it_IT\" \/>\n<meta property=\"og:type\" content=\"article\" \/>\n<meta property=\"og:title\" content=\"H\u00f6lkemeier costruisce un centro logistico per Melitta a Kalldorf - Loginfo24\" \/>\n<meta property=\"og:description\" content=\"La H\u00f6lkemeier Spedition GmbH sta realizzando un nuovo centro logistico a Kalldorf, creando 50 posti di lavoro e investendo 20 milioni di euro nelle infrastrutture.\" \/>\n<meta property=\"og:url\" content=\"https:\/\/loginfo24.com\/it\/2026\/03\/10\/hoelkemeier-costruisce-un-centro-logistico-per-melitta-a-kalldorf\/\" \/>\n<meta property=\"og:site_name\" content=\"Loginfo24\" \/>\n<meta property=\"article:publisher\" content=\"https:\/\/www.facebook.com\/people\/Loginfo24\/100057360583332\/\" \/>\n<meta property=\"article:published_time\" content=\"2026-03-10T10:14:01+00:00\" \/>\n<meta property=\"article:modified_time\" content=\"2026-03-12T19:17:47+00:00\" \/>\n<meta property=\"og:image\" content=\"https:\/\/loginfo24.com\/wp-content\/uploads\/sites\/7\/2026\/03\/LIT_10.3.26-aspect-ratio-1400-788.png\" \/>\n\t<meta property=\"og:image:width\" content=\"1200\" \/>\n\t<meta property=\"og:image:height\" content=\"676\" \/>\n\t<meta property=\"og:image:type\" content=\"image\/png\" \/>\n<meta name=\"author\" content=\"Andreas M\u00fcller\" \/>\n<meta name=\"twitter:card\" content=\"summary_large_image\" \/>\n<meta name=\"twitter:label1\" content=\"Scritto da\" \/>\n\t<meta name=\"twitter:data1\" content=\"Andreas M\u00fcller\" \/>\n\t<meta name=\"twitter:label2\" content=\"Tempo di lettura stimato\" \/>\n\t<meta name=\"twitter:data2\" content=\"2 minuto\" \/>\n<script type=\"application\/ld+json\" class=\"yoast-schema-graph\">{\"@context\":\"https:\\\/\\\/schema.org\",\"@graph\":[{\"@type\":\"Article\",\"@id\":\"https:\\\/\\\/loginfo24.com\\\/it\\\/2026\\\/03\\\/10\\\/hoelkemeier-costruisce-un-centro-logistico-per-melitta-a-kalldorf\\\/#article\",\"isPartOf\":{\"@id\":\"https:\\\/\\\/loginfo24.com\\\/it\\\/2026\\\/03\\\/10\\\/hoelkemeier-costruisce-un-centro-logistico-per-melitta-a-kalldorf\\\/\"},\"author\":{\"name\":\"Andreas M\u00fcller\",\"@id\":\"https:\\\/\\\/loginfo24.com\\\/it\\\/#\\\/schema\\\/person\\\/7b1593b33567ba798d300c8a1b0b85b1\"},\"headline\":\"H\u00f6lkemeier costruisce un centro logistico per Melitta a Kalldorf\",\"datePublished\":\"2026-03-10T10:14:01+00:00\",\"dateModified\":\"2026-03-12T19:17:47+00:00\",\"mainEntityOfPage\":{\"@id\":\"https:\\\/\\\/loginfo24.com\\\/it\\\/2026\\\/03\\\/10\\\/hoelkemeier-costruisce-un-centro-logistico-per-melitta-a-kalldorf\\\/\"},\"wordCount\":478,\"commentCount\":0,\"publisher\":{\"@id\":\"https:\\\/\\\/loginfo24.com\\\/it\\\/#organization\"},\"image\":{\"@id\":\"https:\\\/\\\/loginfo24.com\\\/it\\\/2026\\\/03\\\/10\\\/hoelkemeier-costruisce-un-centro-logistico-per-melitta-a-kalldorf\\\/#primaryimage\"},\"thumbnailUrl\":\"https:\\\/\\\/loginfo24.com\\\/wp-content\\\/uploads\\\/sites\\\/7\\\/2026\\\/03\\\/LIT_10.3.26-aspect-ratio-1400-788.png\",\"keywords\":[\"Arbeitspl\u00e4tze Logistikzentrum\",\"camions \u00e9lectriques logistique\",\"centre logistique Kalldorf\",\"contract logistics growth\",\"croissance logistique contractuelle\",\"Deutsch H\u00f6lkemeier Spedition\",\"d\u00e9veloppement des infrastructures Kalletal\",\"digital logistics solutions\",\"digitale Logistikl\u00f6sungen\",\"E-Lkw Logistik\",\"electric trucks logistics\",\"emplois centre logistique\",\"energieeffiziente Logistik\",\"energy-efficient logistics\",\"entreposage Europe\",\"entrep\u00f4t central europ\u00e9en\",\"europ\u00e4isches Zentrallager\",\"European central warehouse\",\"Fachkr\u00e4ftemangel Logistik\",\"gestion de la cha\u00eene d'approvisionnement\",\"groupe Melitta\",\"halles logistiques Minden\",\"industrie du transport Allemagne\",\"infrastructure development Kalletal\",\"Infrastrukturentwicklung Kalletal\",\"jobs logistics center\",\"Kontraktlogistik Wachstum\",\"labor shortage logistics\",\"logistics center Kalldorf\",\"logistics hall Minden\",\"logistics service providers North Rhine-Westphalia\",\"Logistikdienstleister Nordrhein-Westfalen\",\"Logistikhalle Minden\",\"Logistikzentrum Kalldorf\",\"logistique \u00e9co\u00e9nerg\u00e9tique\",\"Melitta Group\",\"Melitta Gruppe\",\"nachhaltige Logistikprozesse\",\"optimiser les flux de marchandises\",\"optimize goods flows Fran\u00e7ais H\u00f6lkemeier Spedition\",\"p\u00e9nurie de main-d'\u0153uvre logistique\",\"photovoltaic system logistics\",\"Photovoltaikanlage Logistik\",\"pr\u00e9sence r\u00e9gionale Ostwestfalen-Lippe\",\"prestataires logistiques Rh\u00e9nanie-du-Nord-Westphalie\",\"processus logistiques durables\",\"regional presence East Westphalia-Lippe\",\"regionale Pr\u00e4senz Ostwestfalen-Lippe\",\"solutions logistiques num\u00e9riques\",\"Supply Chain Management\",\"sustainable logistics processes\",\"syst\u00e8me photovolta\u00efque logistique\",\"transport industry Germany\",\"Transportwirtschaft Deutschland\",\"warehousing Europe\",\"Warenlagerung Europa\",\"Warenstr\u00f6me optimieren English H\u00f6lkemeier Spedition\"],\"articleSection\":[\"Europa\",\"Germania\",\"Spedizioniere e Logistica\"],\"inLanguage\":\"it-IT\",\"potentialAction\":[{\"@type\":\"CommentAction\",\"name\":\"Comment\",\"target\":[\"https:\\\/\\\/loginfo24.com\\\/it\\\/2026\\\/03\\\/10\\\/hoelkemeier-costruisce-un-centro-logistico-per-melitta-a-kalldorf\\\/#respond\"]}]},{\"@type\":\"WebPage\",\"@id\":\"https:\\\/\\\/loginfo24.com\\\/it\\\/2026\\\/03\\\/10\\\/hoelkemeier-costruisce-un-centro-logistico-per-melitta-a-kalldorf\\\/\",\"url\":\"https:\\\/\\\/loginfo24.com\\\/it\\\/2026\\\/03\\\/10\\\/hoelkemeier-costruisce-un-centro-logistico-per-melitta-a-kalldorf\\\/\",\"name\":\"H\u00f6lkemeier costruisce un centro logistico per Melitta a Kalldorf - Loginfo24\",\"isPartOf\":{\"@id\":\"https:\\\/\\\/loginfo24.com\\\/it\\\/#website\"},\"primaryImageOfPage\":{\"@id\":\"https:\\\/\\\/loginfo24.com\\\/it\\\/2026\\\/03\\\/10\\\/hoelkemeier-costruisce-un-centro-logistico-per-melitta-a-kalldorf\\\/#primaryimage\"},\"image\":{\"@id\":\"https:\\\/\\\/loginfo24.com\\\/it\\\/2026\\\/03\\\/10\\\/hoelkemeier-costruisce-un-centro-logistico-per-melitta-a-kalldorf\\\/#primaryimage\"},\"thumbnailUrl\":\"https:\\\/\\\/loginfo24.com\\\/wp-content\\\/uploads\\\/sites\\\/7\\\/2026\\\/03\\\/LIT_10.3.26-aspect-ratio-1400-788.png\",\"datePublished\":\"2026-03-10T10:14:01+00:00\",\"dateModified\":\"2026-03-12T19:17:47+00:00\",\"breadcrumb\":{\"@id\":\"https:\\\/\\\/loginfo24.com\\\/it\\\/2026\\\/03\\\/10\\\/hoelkemeier-costruisce-un-centro-logistico-per-melitta-a-kalldorf\\\/#breadcrumb\"},\"inLanguage\":\"it-IT\",\"potentialAction\":[{\"@type\":\"ReadAction\",\"target\":[\"https:\\\/\\\/loginfo24.com\\\/it\\\/2026\\\/03\\\/10\\\/hoelkemeier-costruisce-un-centro-logistico-per-melitta-a-kalldorf\\\/\"]}]},{\"@type\":\"ImageObject\",\"inLanguage\":\"it-IT\",\"@id\":\"https:\\\/\\\/loginfo24.com\\\/it\\\/2026\\\/03\\\/10\\\/hoelkemeier-costruisce-un-centro-logistico-per-melitta-a-kalldorf\\\/#primaryimage\",\"url\":\"https:\\\/\\\/loginfo24.com\\\/wp-content\\\/uploads\\\/sites\\\/7\\\/2026\\\/03\\\/LIT_10.3.26-aspect-ratio-1400-788.png\",\"contentUrl\":\"https:\\\/\\\/loginfo24.com\\\/wp-content\\\/uploads\\\/sites\\\/7\\\/2026\\\/03\\\/LIT_10.3.26-aspect-ratio-1400-788.png\",\"width\":1200,\"height\":676},{\"@type\":\"BreadcrumbList\",\"@id\":\"https:\\\/\\\/loginfo24.com\\\/it\\\/2026\\\/03\\\/10\\\/hoelkemeier-costruisce-un-centro-logistico-per-melitta-a-kalldorf\\\/#breadcrumb\",\"itemListElement\":[{\"@type\":\"ListItem\",\"position\":1,\"name\":\"Startseite\",\"item\":\"https:\\\/\\\/loginfo24.com\\\/it\\\/\"},{\"@type\":\"ListItem\",\"position\":2,\"name\":\"H\u00f6lkemeier costruisce un centro logistico per Melitta a Kalldorf\"}]},{\"@type\":\"WebSite\",\"@id\":\"https:\\\/\\\/loginfo24.com\\\/it\\\/#website\",\"url\":\"https:\\\/\\\/loginfo24.com\\\/it\\\/\",\"name\":\"Loginfo24\",\"description\":\"Loginfo24 \u00e8 la piattaforma dedicata alla logistica e alle catene di fornitura con informazioni disponibili 24 ore su 24.\",\"publisher\":{\"@id\":\"https:\\\/\\\/loginfo24.com\\\/it\\\/#organization\"},\"potentialAction\":[{\"@type\":\"SearchAction\",\"target\":{\"@type\":\"EntryPoint\",\"urlTemplate\":\"https:\\\/\\\/loginfo24.com\\\/it\\\/?s={search_term_string}\"},\"query-input\":{\"@type\":\"PropertyValueSpecification\",\"valueRequired\":true,\"valueName\":\"search_term_string\"}}],\"inLanguage\":\"it-IT\"},{\"@type\":\"Organization\",\"@id\":\"https:\\\/\\\/loginfo24.com\\\/it\\\/#organization\",\"name\":\"Logismedia Group AG\",\"url\":\"https:\\\/\\\/loginfo24.com\\\/it\\\/\",\"logo\":{\"@type\":\"ImageObject\",\"inLanguage\":\"it-IT\",\"@id\":\"https:\\\/\\\/loginfo24.com\\\/it\\\/#\\\/schema\\\/logo\\\/image\\\/\",\"url\":\"https:\\\/\\\/loginfo24.com\\\/wp-content\\\/uploads\\\/sites\\\/7\\\/2026\\\/01\\\/Logo_LogInfo24.png\",\"contentUrl\":\"https:\\\/\\\/loginfo24.com\\\/wp-content\\\/uploads\\\/sites\\\/7\\\/2026\\\/01\\\/Logo_LogInfo24.png\",\"width\":938,\"height\":351,\"caption\":\"Logismedia Group AG\"},\"image\":{\"@id\":\"https:\\\/\\\/loginfo24.com\\\/it\\\/#\\\/schema\\\/logo\\\/image\\\/\"},\"sameAs\":[\"https:\\\/\\\/www.facebook.com\\\/people\\\/Loginfo24\\\/100057360583332\\\/\",\"https:\\\/\\\/www.linkedin.com\\\/company\\\/lofinfo24\\\/\"]},{\"@type\":\"Person\",\"@id\":\"https:\\\/\\\/loginfo24.com\\\/it\\\/#\\\/schema\\\/person\\\/7b1593b33567ba798d300c8a1b0b85b1\",\"name\":\"Andreas M\u00fcller\",\"url\":\"https:\\\/\\\/loginfo24.com\\\/it\\\/author\\\/logismedia\\\/\"}]}<\/script>\n<!-- \/ Yoast SEO plugin. -->","yoast_head_json":{"title":"H\u00f6lkemeier costruisce un centro logistico per Melitta a Kalldorf - Loginfo24","robots":{"index":"index","follow":"follow","max-snippet":"max-snippet:-1","max-image-preview":"max-image-preview:large","max-video-preview":"max-video-preview:-1"},"canonical":"https:\/\/loginfo24.com\/it\/2026\/03\/10\/hoelkemeier-costruisce-un-centro-logistico-per-melitta-a-kalldorf\/","og_locale":"it_IT","og_type":"article","og_title":"H\u00f6lkemeier costruisce un centro logistico per Melitta a Kalldorf - Loginfo24","og_description":"La H\u00f6lkemeier Spedition GmbH sta realizzando un nuovo centro logistico a Kalldorf, creando 50 posti di lavoro e investendo 20 milioni di euro nelle infrastrutture.","og_url":"https:\/\/loginfo24.com\/it\/2026\/03\/10\/hoelkemeier-costruisce-un-centro-logistico-per-melitta-a-kalldorf\/","og_site_name":"Loginfo24","article_publisher":"https:\/\/www.facebook.com\/people\/Loginfo24\/100057360583332\/","article_published_time":"2026-03-10T10:14:01+00:00","article_modified_time":"2026-03-12T19:17:47+00:00","og_image":[{"width":1200,"height":676,"url":"https:\/\/loginfo24.com\/wp-content\/uploads\/sites\/7\/2026\/03\/LIT_10.3.26-aspect-ratio-1400-788.png","type":"image\/png"}],"author":"Andreas M\u00fcller","twitter_card":"summary_large_image","twitter_misc":{"Scritto da":"Andreas M\u00fcller","Tempo di lettura stimato":"2 minuto"},"schema":{"@context":"https:\/\/schema.org","@graph":[{"@type":"Article","@id":"https:\/\/loginfo24.com\/it\/2026\/03\/10\/hoelkemeier-costruisce-un-centro-logistico-per-melitta-a-kalldorf\/#article","isPartOf":{"@id":"https:\/\/loginfo24.com\/it\/2026\/03\/10\/hoelkemeier-costruisce-un-centro-logistico-per-melitta-a-kalldorf\/"},"author":{"name":"Andreas M\u00fcller","@id":"https:\/\/loginfo24.com\/it\/#\/schema\/person\/7b1593b33567ba798d300c8a1b0b85b1"},"headline":"H\u00f6lkemeier costruisce un centro logistico per Melitta a Kalldorf","datePublished":"2026-03-10T10:14:01+00:00","dateModified":"2026-03-12T19:17:47+00:00","mainEntityOfPage":{"@id":"https:\/\/loginfo24.com\/it\/2026\/03\/10\/hoelkemeier-costruisce-un-centro-logistico-per-melitta-a-kalldorf\/"},"wordCount":478,"commentCount":0,"publisher":{"@id":"https:\/\/loginfo24.com\/it\/#organization"},"image":{"@id":"https:\/\/loginfo24.com\/it\/2026\/03\/10\/hoelkemeier-costruisce-un-centro-logistico-per-melitta-a-kalldorf\/#primaryimage"},"thumbnailUrl":"https:\/\/loginfo24.com\/wp-content\/uploads\/sites\/7\/2026\/03\/LIT_10.3.26-aspect-ratio-1400-788.png","keywords":["Arbeitspl\u00e4tze Logistikzentrum","camions \u00e9lectriques logistique","centre logistique Kalldorf","contract logistics growth","croissance logistique contractuelle","Deutsch H\u00f6lkemeier Spedition","d\u00e9veloppement des infrastructures Kalletal","digital logistics solutions","digitale Logistikl\u00f6sungen","E-Lkw Logistik","electric trucks logistics","emplois centre logistique","energieeffiziente Logistik","energy-efficient logistics","entreposage Europe","entrep\u00f4t central europ\u00e9en","europ\u00e4isches Zentrallager","European central warehouse","Fachkr\u00e4ftemangel Logistik","gestion de la cha\u00eene d'approvisionnement","groupe Melitta","halles logistiques Minden","industrie du transport Allemagne","infrastructure development Kalletal","Infrastrukturentwicklung Kalletal","jobs logistics center","Kontraktlogistik Wachstum","labor shortage logistics","logistics center Kalldorf","logistics hall Minden","logistics service providers North Rhine-Westphalia","Logistikdienstleister Nordrhein-Westfalen","Logistikhalle Minden","Logistikzentrum Kalldorf","logistique \u00e9co\u00e9nerg\u00e9tique","Melitta Group","Melitta Gruppe","nachhaltige Logistikprozesse","optimiser les flux de marchandises","optimize goods flows Fran\u00e7ais H\u00f6lkemeier Spedition","p\u00e9nurie de main-d'\u0153uvre logistique","photovoltaic system logistics","Photovoltaikanlage Logistik","pr\u00e9sence r\u00e9gionale Ostwestfalen-Lippe","prestataires logistiques Rh\u00e9nanie-du-Nord-Westphalie","processus logistiques durables","regional presence East Westphalia-Lippe","regionale Pr\u00e4senz Ostwestfalen-Lippe","solutions logistiques num\u00e9riques","Supply Chain Management","sustainable logistics processes","syst\u00e8me photovolta\u00efque logistique","transport industry Germany","Transportwirtschaft Deutschland","warehousing Europe","Warenlagerung Europa","Warenstr\u00f6me optimieren English H\u00f6lkemeier Spedition"],"articleSection":["Europa","Germania","Spedizioniere e Logistica"],"inLanguage":"it-IT","potentialAction":[{"@type":"CommentAction","name":"Comment","target":["https:\/\/loginfo24.com\/it\/2026\/03\/10\/hoelkemeier-costruisce-un-centro-logistico-per-melitta-a-kalldorf\/#respond"]}]},{"@type":"WebPage","@id":"https:\/\/loginfo24.com\/it\/2026\/03\/10\/hoelkemeier-costruisce-un-centro-logistico-per-melitta-a-kalldorf\/","url":"https:\/\/loginfo24.com\/it\/2026\/03\/10\/hoelkemeier-costruisce-un-centro-logistico-per-melitta-a-kalldorf\/","name":"H\u00f6lkemeier costruisce un centro logistico per Melitta a Kalldorf - Loginfo24","isPartOf":{"@id":"https:\/\/loginfo24.com\/it\/#website"},"primaryImageOfPage":{"@id":"https:\/\/loginfo24.com\/it\/2026\/03\/10\/hoelkemeier-costruisce-un-centro-logistico-per-melitta-a-kalldorf\/#primaryimage"},"image":{"@id":"https:\/\/loginfo24.com\/it\/2026\/03\/10\/hoelkemeier-costruisce-un-centro-logistico-per-melitta-a-kalldorf\/#primaryimage"},"thumbnailUrl":"https:\/\/loginfo24.com\/wp-content\/uploads\/sites\/7\/2026\/03\/LIT_10.3.26-aspect-ratio-1400-788.png","datePublished":"2026-03-10T10:14:01+00:00","dateModified":"2026-03-12T19:17:47+00:00","breadcrumb":{"@id":"https:\/\/loginfo24.com\/it\/2026\/03\/10\/hoelkemeier-costruisce-un-centro-logistico-per-melitta-a-kalldorf\/#breadcrumb"},"inLanguage":"it-IT","potentialAction":[{"@type":"ReadAction","target":["https:\/\/loginfo24.com\/it\/2026\/03\/10\/hoelkemeier-costruisce-un-centro-logistico-per-melitta-a-kalldorf\/"]}]},{"@type":"ImageObject","inLanguage":"it-IT","@id":"https:\/\/loginfo24.com\/it\/2026\/03\/10\/hoelkemeier-costruisce-un-centro-logistico-per-melitta-a-kalldorf\/#primaryimage","url":"https:\/\/loginfo24.com\/wp-content\/uploads\/sites\/7\/2026\/03\/LIT_10.3.26-aspect-ratio-1400-788.png","contentUrl":"https:\/\/loginfo24.com\/wp-content\/uploads\/sites\/7\/2026\/03\/LIT_10.3.26-aspect-ratio-1400-788.png","width":1200,"height":676},{"@type":"BreadcrumbList","@id":"https:\/\/loginfo24.com\/it\/2026\/03\/10\/hoelkemeier-costruisce-un-centro-logistico-per-melitta-a-kalldorf\/#breadcrumb","itemListElement":[{"@type":"ListItem","position":1,"name":"Startseite","item":"https:\/\/loginfo24.com\/it\/"},{"@type":"ListItem","position":2,"name":"H\u00f6lkemeier costruisce un centro logistico per Melitta a Kalldorf"}]},{"@type":"WebSite","@id":"https:\/\/loginfo24.com\/it\/#website","url":"https:\/\/loginfo24.com\/it\/","name":"Loginfo24","description":"Loginfo24 \u00e8 la piattaforma dedicata alla logistica e alle catene di fornitura con informazioni disponibili 24 ore su 24.","publisher":{"@id":"https:\/\/loginfo24.com\/it\/#organization"},"potentialAction":[{"@type":"SearchAction","target":{"@type":"EntryPoint","urlTemplate":"https:\/\/loginfo24.com\/it\/?s={search_term_string}"},"query-input":{"@type":"PropertyValueSpecification","valueRequired":true,"valueName":"search_term_string"}}],"inLanguage":"it-IT"},{"@type":"Organization","@id":"https:\/\/loginfo24.com\/it\/#organization","name":"Logismedia Group AG","url":"https:\/\/loginfo24.com\/it\/","logo":{"@type":"ImageObject","inLanguage":"it-IT","@id":"https:\/\/loginfo24.com\/it\/#\/schema\/logo\/image\/","url":"https:\/\/loginfo24.com\/wp-content\/uploads\/sites\/7\/2026\/01\/Logo_LogInfo24.png","contentUrl":"https:\/\/loginfo24.com\/wp-content\/uploads\/sites\/7\/2026\/01\/Logo_LogInfo24.png","width":938,"height":351,"caption":"Logismedia Group AG"},"image":{"@id":"https:\/\/loginfo24.com\/it\/#\/schema\/logo\/image\/"},"sameAs":["https:\/\/www.facebook.com\/people\/Loginfo24\/100057360583332\/","https:\/\/www.linkedin.com\/company\/lofinfo24\/"]},{"@type":"Person","@id":"https:\/\/loginfo24.com\/it\/#\/schema\/person\/7b1593b33567ba798d300c8a1b0b85b1","name":"Andreas M\u00fcller","url":"https:\/\/loginfo24.com\/it\/author\/logismedia\/"}]}},"_links":{"self":[{"href":"https:\/\/loginfo24.com\/it\/wp-json\/wp\/v2\/posts\/76182","targetHints":{"allow":["GET"]}}],"collection":[{"href":"https:\/\/loginfo24.com\/it\/wp-json\/wp\/v2\/posts"}],"about":[{"href":"https:\/\/loginfo24.com\/it\/wp-json\/wp\/v2\/types\/post"}],"author":[{"embeddable":true,"href":"https:\/\/loginfo24.com\/it\/wp-json\/wp\/v2\/users\/7"}],"replies":[{"embeddable":true,"href":"https:\/\/loginfo24.com\/it\/wp-json\/wp\/v2\/comments?post=76182"}],"version-history":[{"count":16,"href":"https:\/\/loginfo24.com\/it\/wp-json\/wp\/v2\/posts\/76182\/revisions"}],"predecessor-version":[{"id":76589,"href":"https:\/\/loginfo24.com\/it\/wp-json\/wp\/v2\/posts\/76182\/revisions\/76589"}],"wp:featuredmedia":[{"embeddable":true,"href":"https:\/\/loginfo24.com\/it\/wp-json\/wp\/v2\/media\/76178"}],"wp:attachment":[{"href":"https:\/\/loginfo24.com\/it\/wp-json\/wp\/v2\/media?parent=76182"}],"wp:term":[{"taxonomy":"category","embeddable":true,"href":"https:\/\/loginfo24.com\/it\/wp-json\/wp\/v2\/categories?post=76182"},{"taxonomy":"post_tag","embeddable":true,"href":"https:\/\/loginfo24.com\/it\/wp-json\/wp\/v2\/tags?post=76182"}],"curies":[{"name":"wp","href":"https:\/\/api.w.org\/{rel}","templated":true}]}}