{"id":73829,"date":"2026-01-27T09:40:45","date_gmt":"2026-01-27T09:40:45","guid":{"rendered":"https:\/\/loginfo24.com\/2026\/01\/27\/lufthansa-cargo-espande-la-rete-di-trasporto-merci\/"},"modified":"2026-01-27T09:40:45","modified_gmt":"2026-01-27T09:40:45","slug":"lufthansa-cargo-espande-la-rete-di-trasporto-merci","status":"publish","type":"post","link":"https:\/\/loginfo24.com\/it\/2026\/01\/27\/lufthansa-cargo-espande-la-rete-di-trasporto-merci\/","title":{"rendered":"Lufthansa Cargo espande la rete di trasporto merci"},"content":{"rendered":"<p>Lufthansa Cargo espande la sua rete per il trasporto merci a corto e medio raggio e dal febbraio 2026 attiver\u00e0 due nuove destinazioni. La compagnia aerea includer\u00e0 Roma-Fiumicino (FCO) nel suo programma regolare di voli cargo. A partire dal 7 febbraio 2026, la connessione da Francoforte (FRA) a Roma sar\u00e0 offerta una volta alla settimana, il sabato, con il numero di volo LH8344. Il volo proseguir\u00e0 da Roma verso Istanbul (IST) e verso il hub di Monaco (MUC). Gi\u00e0 da dicembre 2025, aerei cargo A321 sono stati impiegati ad-hoc per Roma, per far fronte all&#8217;aumento della domanda. L&#8217;inserimento nel programma regolare sottolinea l&#8217;importanza strategica del nuovo hub nel sud Europa.<\/p>\n<h3>Espansione verso l&#8217;Africa<\/h3>\n<p>In aggiunta, l&#8217;aeroporto di Algeri (ALG) sar\u00e0 incluso nella rete a partire dal 10 febbraio 2026. La connessione sar\u00e0 offerta il marted\u00ec con il numero di volo LH8308. Con questa nuova destinazione, i clienti possono ora prenotare collegamenti cargo diretti verso un totale di sette localit\u00e0 nella regione del Medio Oriente e Africa, tra cui Beirut, Casablanca, Il Cairo, Erevan, Tel Aviv e Tunisi.<\/p>\n<p>Ashwin Bhat, CEO di Lufthansa Cargo, ha commentato le nuove destinazioni: \u201eSiamo lieti di poter offrire ai nostri clienti, all&#8217;inizio dell&#8217;anno, una rete di trasporto merci a corto e medio raggio ampliata e ancora pi\u00f9 connettivit\u00e0. Con nuove destinazioni nella rete, Lufthansa Cargo continua a spianare la strada per una logistica pi\u00f9 rapida, affidabile e flessibile in tutto il continente per i nostri clienti.\u201d<\/p>\n<p>La rete di corto e medio raggio della compagnia aerea comprende ora un totale di 22 destinazioni, servite da una flotta di quattro aerei cargo A321. Inoltre, 18 aerei cargo Boeing 777 della flotta a lungo raggio e capacit\u00e0 di carico supplementare di Lufthansa Airlines, Austrian Airlines, Brussels Airlines, Discover Airlines, ITA Airways e SunExpress completano la rete globale di Lufthansa Cargo. Gli hub di Francoforte, Monaco, Vienna, Bruxelles e Roma costituiscono la base infrastrutturale per un rapido trasporto merci e consentono una rete globale con circa 350 destinazioni in 100 paesi.<\/p>\n<p>Lufthansa Cargo \u00e8 una delle principali compagnie aeree cargo a livello mondiale ed \u00e8 parte del Lufthansa Group. Ogni giorno, l&#8217;azienda trasporta in media 2.500 tonnellate di merci attraverso i suoi cinque hub cargo. La compagnia aerea commercializza le capacit\u00e0 di carico dei suoi aerei passeggeri e della propria flotta di cargo, impiegando quotidianamente circa 300 camion con un numero di volo Lufthansa Cargo. L&#8217;azienda mira a connettere i mercati globali e i partner commerciali attraverso soluzioni logistiche su misura, investendo in tecnologie innovative e sostenibilit\u00e0. Nel 2024, Lufthansa Cargo ha registrato un fatturato di 3,26 miliardi di EUR e una performance di trasporto di 8,5 miliardi di tonnellate-chilometro. Attualmente, circa 4.200 dipendenti sono impiegati in tutto il mondo.<\/p>\n<p>&nbsp;<\/p>\n<p><a href=\"https:\/\/www.lufthansa-cargo.com\/\" target=\"_blank\" rel=\"noopener noreferrer\">www.lufthansa-cargo.com<\/a><\/p>\n<p>&nbsp;<\/p>\n","protected":false},"excerpt":{"rendered":"<p>Lufthansa Cargo espande la sua rete a partire da febbraio 2026 con nuove destinazioni a Roma e Algeri, per migliorare la logistica nel sud Europa e in Africa.<\/p>\n","protected":false},"author":12,"featured_media":73825,"comment_status":"open","ping_status":"open","sticky":false,"template":"","format":"standard","meta":{"_acf_changed":false,"footnotes":""},"categories":[6944,6679,6667,1630],"tags":[6945,6946,2648,3447,6947,5215,6948,6949,6950,2207,6951,6952,3458,3460,2116,6953,2166,6954,2700,6955,6956,6957,6958,6959,6960,6961,6962,6963,6964,1958,6965,6966,4091,6967,2655,6968,6969,4769,6970,6971,6972,6973,2125,6974,6975,6976,6977,2469,1831,2622,3471,1962,3472,3475,4780,6978,6979,2139,3157,2232,2720,2481,6980,6981,6982,6983,2731,1857,2154,2641,6984,4105,2155,1837],"class_list":["post-73829","post","type-post","status-publish","format-standard","has-post-thumbnail","hentry","category-afrika","category-europa","category-germania","category-trasporto-aereo","tag-aeroport-dalger","tag-aeroport-de-rome","tag-air-freight","tag-air-freight-market","tag-algiers-airport","tag-capacites-de-fret","tag-cargo-airline","tag-cargo-capacities","tag-cargo-fleet","tag-chaine-dapprovisionnement","tag-compagnie-aerienne-de-fret","tag-deutsch-lufthansa-cargo","tag-digital-logistics","tag-digitale-logistik","tag-digitalization-in-logistics","tag-drehkreuze-in-europa","tag-durabilite-dans-la-logistique","tag-fachkraeftemangel-english-lufthansa-cargo","tag-fachkraeftemangel-in-der-logistik","tag-flotte-de-freighters","tag-flotte-de-fret","tag-flughafen-algier","tag-flughafen-rom","tag-frachterflotte","tag-frachtflotte","tag-frachtfluggesellschaft","tag-frachtkapazitaeten","tag-frachtnetzwerk","tag-frachttonnenkilometer","tag-frachttransport","tag-freight-network","tag-freight-ton-kilometers","tag-freight-transport","tag-freighter-fleet","tag-fret-aerien","tag-fret-court-courrier","tag-fret-moyen-courrier","tag-global-markets","tag-global-markets-francais-lufthansa-cargo","tag-globale-maerkte-english-lufthansa-cargo","tag-hubs-en-europe","tag-hubs-in-europe","tag-industrie-du-transport","tag-innovative-technologien","tag-innovative-technologies","tag-kilometres-tonne-de-fret","tag-kurzstreckenfracht","tag-logistics-service-provider","tag-logistikdienstleister","tag-logistique-durable","tag-logistique-numerique","tag-luftfracht","tag-luftfrachtmarkt","tag-marche-du-fret-aerien","tag-marches-mondiaux","tag-medium-haul-freight","tag-mittelstreckenfracht","tag-nachhaltigkeit-in-der-logistik","tag-numerisation-dans-la-logistique","tag-penurie-de-main-doeuvre","tag-penurie-de-main-doeuvre-dans-la-logistique","tag-prestataire-logistique","tag-reseau-de-fret","tag-rome-airport","tag-short-haul-freight","tag-skilled-labor-shortage-francais-lufthansa-cargo","tag-skills-shortage-in-logistics","tag-supply-chain","tag-sustainability-in-logistics","tag-sustainable-logistics","tag-technologies-innovantes","tag-transport-de-fret","tag-transport-industry","tag-transportwirtschaft"],"acf":[],"yoast_head":"<!-- This site is optimized with the Yoast SEO plugin v27.3 - https:\/\/yoast.com\/product\/yoast-seo-wordpress\/ -->\n<title>Lufthansa Cargo espande la rete di trasporto merci - Loginfo24<\/title>\n<meta name=\"robots\" content=\"index, follow, max-snippet:-1, max-image-preview:large, max-video-preview:-1\" \/>\n<link rel=\"canonical\" href=\"https:\/\/loginfo24.com\/it\/2026\/01\/27\/lufthansa-cargo-espande-la-rete-di-trasporto-merci\/\" \/>\n<meta property=\"og:locale\" content=\"it_IT\" \/>\n<meta property=\"og:type\" content=\"article\" \/>\n<meta property=\"og:title\" content=\"Lufthansa Cargo espande la rete di trasporto merci - Loginfo24\" \/>\n<meta property=\"og:description\" content=\"Lufthansa Cargo espande la sua rete a partire da febbraio 2026 con nuove destinazioni a Roma e Algeri, per migliorare la logistica nel sud Europa e in Africa.\" \/>\n<meta property=\"og:url\" content=\"https:\/\/loginfo24.com\/it\/2026\/01\/27\/lufthansa-cargo-espande-la-rete-di-trasporto-merci\/\" \/>\n<meta property=\"og:site_name\" content=\"Loginfo24\" \/>\n<meta property=\"article:publisher\" content=\"https:\/\/www.facebook.com\/people\/Loginfo24\/100057360583332\/\" \/>\n<meta property=\"article:published_time\" content=\"2026-01-27T09:40:45+00:00\" \/>\n<meta property=\"og:image\" content=\"https:\/\/loginfo24.com\/wp-content\/uploads\/sites\/7\/2026\/01\/Screenshot-2026-01-27-104543-aspect-ratio-1400-788.png\" \/>\n\t<meta property=\"og:image:width\" content=\"887\" \/>\n\t<meta property=\"og:image:height\" content=\"499\" \/>\n\t<meta property=\"og:image:type\" content=\"image\/png\" \/>\n<meta name=\"author\" content=\"Andreas Haug\" \/>\n<meta name=\"twitter:card\" content=\"summary_large_image\" \/>\n<meta name=\"twitter:label1\" content=\"Scritto da\" \/>\n\t<meta name=\"twitter:data1\" content=\"Andreas Haug\" \/>\n\t<meta name=\"twitter:label2\" content=\"Tempo di lettura stimato\" \/>\n\t<meta name=\"twitter:data2\" content=\"2 minuto\" \/>\n<script type=\"application\/ld+json\" class=\"yoast-schema-graph\">{\"@context\":\"https:\\\/\\\/schema.org\",\"@graph\":[{\"@type\":\"Article\",\"@id\":\"https:\\\/\\\/loginfo24.com\\\/it\\\/2026\\\/01\\\/27\\\/lufthansa-cargo-espande-la-rete-di-trasporto-merci\\\/#article\",\"isPartOf\":{\"@id\":\"https:\\\/\\\/loginfo24.com\\\/it\\\/2026\\\/01\\\/27\\\/lufthansa-cargo-espande-la-rete-di-trasporto-merci\\\/\"},\"author\":{\"name\":\"Andreas Haug\",\"@id\":\"https:\\\/\\\/loginfo24.com\\\/it\\\/#\\\/schema\\\/person\\\/cf538b3157f15afd7589245a4b3dbd25\"},\"headline\":\"Lufthansa Cargo espande la rete di trasporto merci\",\"datePublished\":\"2026-01-27T09:40:45+00:00\",\"mainEntityOfPage\":{\"@id\":\"https:\\\/\\\/loginfo24.com\\\/it\\\/2026\\\/01\\\/27\\\/lufthansa-cargo-espande-la-rete-di-trasporto-merci\\\/\"},\"wordCount\":455,\"commentCount\":0,\"publisher\":{\"@id\":\"https:\\\/\\\/loginfo24.com\\\/it\\\/#organization\"},\"image\":{\"@id\":\"https:\\\/\\\/loginfo24.com\\\/it\\\/2026\\\/01\\\/27\\\/lufthansa-cargo-espande-la-rete-di-trasporto-merci\\\/#primaryimage\"},\"thumbnailUrl\":\"https:\\\/\\\/loginfo24.com\\\/wp-content\\\/uploads\\\/sites\\\/7\\\/2026\\\/01\\\/Screenshot-2026-01-27-104543-aspect-ratio-1400-788.png\",\"keywords\":[\"a\u00e9roport d'Alger\",\"a\u00e9roport de Rome\",\"air freight\",\"air freight market\",\"Algiers airport\",\"capacit\u00e9s de fret\",\"cargo airline\",\"cargo capacities\",\"cargo fleet\",\"cha\u00eene d'approvisionnement\",\"compagnie a\u00e9rienne de fret\",\"Deutsch Lufthansa Cargo\",\"digital logistics\",\"digitale Logistik\",\"digitalization in logistics\",\"Drehkreuze in Europa\",\"durabilit\u00e9 dans la logistique\",\"Fachkr\u00e4ftemangel English Lufthansa Cargo\",\"Fachkr\u00e4ftemangel in der Logistik\",\"flotte de freighters\",\"flotte de fret\",\"Flughafen Algier\",\"Flughafen Rom\",\"Frachterflotte\",\"Frachtflotte\",\"Frachtfluggesellschaft\",\"Frachtkapazit\u00e4ten\",\"Frachtnetzwerk\",\"Frachttonnenkilometer\",\"Frachttransport\",\"freight network\",\"freight ton kilometers\",\"freight transport\",\"freighter fleet\",\"fret a\u00e9rien\",\"fret court-courrier\",\"fret moyen-courrier\",\"global markets\",\"global markets Fran\u00e7ais Lufthansa Cargo\",\"globale M\u00e4rkte English Lufthansa Cargo\",\"hubs en Europe\",\"hubs in Europe\",\"industrie du transport\",\"innovative Technologien\",\"innovative technologies\",\"kilom\u00e8tres-tonne de fret\",\"Kurzstreckenfracht\",\"logistics service provider\",\"Logistikdienstleister\",\"logistique durable\",\"logistique num\u00e9rique\",\"Luftfracht\",\"Luftfrachtmarkt\",\"march\u00e9 du fret a\u00e9rien\",\"march\u00e9s mondiaux\",\"medium-haul freight\",\"Mittelstreckenfracht\",\"Nachhaltigkeit in der Logistik\",\"num\u00e9risation dans la logistique\",\"p\u00e9nurie de main-d'\u0153uvre\",\"p\u00e9nurie de main-d'\u0153uvre dans la logistique\",\"prestataire logistique\",\"r\u00e9seau de fret\",\"Rome airport\",\"short-haul freight\",\"skilled labor shortage Fran\u00e7ais Lufthansa Cargo\",\"skills shortage in logistics\",\"Supply Chain\",\"sustainability in logistics\",\"sustainable logistics\",\"technologies innovantes\",\"transport de fret\",\"transport industry\",\"Transportwirtschaft\"],\"articleSection\":[\"Afrika\",\"Europa\",\"Germania\",\"Trasporto aereo\"],\"inLanguage\":\"it-IT\",\"potentialAction\":[{\"@type\":\"CommentAction\",\"name\":\"Comment\",\"target\":[\"https:\\\/\\\/loginfo24.com\\\/it\\\/2026\\\/01\\\/27\\\/lufthansa-cargo-espande-la-rete-di-trasporto-merci\\\/#respond\"]}]},{\"@type\":\"WebPage\",\"@id\":\"https:\\\/\\\/loginfo24.com\\\/it\\\/2026\\\/01\\\/27\\\/lufthansa-cargo-espande-la-rete-di-trasporto-merci\\\/\",\"url\":\"https:\\\/\\\/loginfo24.com\\\/it\\\/2026\\\/01\\\/27\\\/lufthansa-cargo-espande-la-rete-di-trasporto-merci\\\/\",\"name\":\"Lufthansa Cargo espande la rete di trasporto merci - Loginfo24\",\"isPartOf\":{\"@id\":\"https:\\\/\\\/loginfo24.com\\\/it\\\/#website\"},\"primaryImageOfPage\":{\"@id\":\"https:\\\/\\\/loginfo24.com\\\/it\\\/2026\\\/01\\\/27\\\/lufthansa-cargo-espande-la-rete-di-trasporto-merci\\\/#primaryimage\"},\"image\":{\"@id\":\"https:\\\/\\\/loginfo24.com\\\/it\\\/2026\\\/01\\\/27\\\/lufthansa-cargo-espande-la-rete-di-trasporto-merci\\\/#primaryimage\"},\"thumbnailUrl\":\"https:\\\/\\\/loginfo24.com\\\/wp-content\\\/uploads\\\/sites\\\/7\\\/2026\\\/01\\\/Screenshot-2026-01-27-104543-aspect-ratio-1400-788.png\",\"datePublished\":\"2026-01-27T09:40:45+00:00\",\"breadcrumb\":{\"@id\":\"https:\\\/\\\/loginfo24.com\\\/it\\\/2026\\\/01\\\/27\\\/lufthansa-cargo-espande-la-rete-di-trasporto-merci\\\/#breadcrumb\"},\"inLanguage\":\"it-IT\",\"potentialAction\":[{\"@type\":\"ReadAction\",\"target\":[\"https:\\\/\\\/loginfo24.com\\\/it\\\/2026\\\/01\\\/27\\\/lufthansa-cargo-espande-la-rete-di-trasporto-merci\\\/\"]}]},{\"@type\":\"ImageObject\",\"inLanguage\":\"it-IT\",\"@id\":\"https:\\\/\\\/loginfo24.com\\\/it\\\/2026\\\/01\\\/27\\\/lufthansa-cargo-espande-la-rete-di-trasporto-merci\\\/#primaryimage\",\"url\":\"https:\\\/\\\/loginfo24.com\\\/wp-content\\\/uploads\\\/sites\\\/7\\\/2026\\\/01\\\/Screenshot-2026-01-27-104543-aspect-ratio-1400-788.png\",\"contentUrl\":\"https:\\\/\\\/loginfo24.com\\\/wp-content\\\/uploads\\\/sites\\\/7\\\/2026\\\/01\\\/Screenshot-2026-01-27-104543-aspect-ratio-1400-788.png\",\"width\":887,\"height\":499},{\"@type\":\"BreadcrumbList\",\"@id\":\"https:\\\/\\\/loginfo24.com\\\/it\\\/2026\\\/01\\\/27\\\/lufthansa-cargo-espande-la-rete-di-trasporto-merci\\\/#breadcrumb\",\"itemListElement\":[{\"@type\":\"ListItem\",\"position\":1,\"name\":\"Startseite\",\"item\":\"https:\\\/\\\/loginfo24.com\\\/it\\\/\"},{\"@type\":\"ListItem\",\"position\":2,\"name\":\"Lufthansa Cargo espande la rete di trasporto merci\"}]},{\"@type\":\"WebSite\",\"@id\":\"https:\\\/\\\/loginfo24.com\\\/it\\\/#website\",\"url\":\"https:\\\/\\\/loginfo24.com\\\/it\\\/\",\"name\":\"Loginfo24\",\"description\":\"Loginfo24 \u00e8 la piattaforma dedicata alla logistica e alle catene di fornitura con informazioni disponibili 24 ore su 24.\",\"publisher\":{\"@id\":\"https:\\\/\\\/loginfo24.com\\\/it\\\/#organization\"},\"potentialAction\":[{\"@type\":\"SearchAction\",\"target\":{\"@type\":\"EntryPoint\",\"urlTemplate\":\"https:\\\/\\\/loginfo24.com\\\/it\\\/?s={search_term_string}\"},\"query-input\":{\"@type\":\"PropertyValueSpecification\",\"valueRequired\":true,\"valueName\":\"search_term_string\"}}],\"inLanguage\":\"it-IT\"},{\"@type\":\"Organization\",\"@id\":\"https:\\\/\\\/loginfo24.com\\\/it\\\/#organization\",\"name\":\"Logismedia Group AG\",\"url\":\"https:\\\/\\\/loginfo24.com\\\/it\\\/\",\"logo\":{\"@type\":\"ImageObject\",\"inLanguage\":\"it-IT\",\"@id\":\"https:\\\/\\\/loginfo24.com\\\/it\\\/#\\\/schema\\\/logo\\\/image\\\/\",\"url\":\"https:\\\/\\\/loginfo24.com\\\/wp-content\\\/uploads\\\/sites\\\/7\\\/2026\\\/01\\\/Logo_LogInfo24.png\",\"contentUrl\":\"https:\\\/\\\/loginfo24.com\\\/wp-content\\\/uploads\\\/sites\\\/7\\\/2026\\\/01\\\/Logo_LogInfo24.png\",\"width\":938,\"height\":351,\"caption\":\"Logismedia Group AG\"},\"image\":{\"@id\":\"https:\\\/\\\/loginfo24.com\\\/it\\\/#\\\/schema\\\/logo\\\/image\\\/\"},\"sameAs\":[\"https:\\\/\\\/www.facebook.com\\\/people\\\/Loginfo24\\\/100057360583332\\\/\",\"https:\\\/\\\/www.linkedin.com\\\/company\\\/lofinfo24\\\/\"]},{\"@type\":\"Person\",\"@id\":\"https:\\\/\\\/loginfo24.com\\\/it\\\/#\\\/schema\\\/person\\\/cf538b3157f15afd7589245a4b3dbd25\",\"name\":\"Andreas Haug\",\"url\":\"https:\\\/\\\/loginfo24.com\\\/it\\\/author\\\/andreas\\\/\"}]}<\/script>\n<!-- \/ Yoast SEO plugin. -->","yoast_head_json":{"title":"Lufthansa Cargo espande la rete di trasporto merci - Loginfo24","robots":{"index":"index","follow":"follow","max-snippet":"max-snippet:-1","max-image-preview":"max-image-preview:large","max-video-preview":"max-video-preview:-1"},"canonical":"https:\/\/loginfo24.com\/it\/2026\/01\/27\/lufthansa-cargo-espande-la-rete-di-trasporto-merci\/","og_locale":"it_IT","og_type":"article","og_title":"Lufthansa Cargo espande la rete di trasporto merci - Loginfo24","og_description":"Lufthansa Cargo espande la sua rete a partire da febbraio 2026 con nuove destinazioni a Roma e Algeri, per migliorare la logistica nel sud Europa e in Africa.","og_url":"https:\/\/loginfo24.com\/it\/2026\/01\/27\/lufthansa-cargo-espande-la-rete-di-trasporto-merci\/","og_site_name":"Loginfo24","article_publisher":"https:\/\/www.facebook.com\/people\/Loginfo24\/100057360583332\/","article_published_time":"2026-01-27T09:40:45+00:00","og_image":[{"width":887,"height":499,"url":"https:\/\/loginfo24.com\/wp-content\/uploads\/sites\/7\/2026\/01\/Screenshot-2026-01-27-104543-aspect-ratio-1400-788.png","type":"image\/png"}],"author":"Andreas Haug","twitter_card":"summary_large_image","twitter_misc":{"Scritto da":"Andreas Haug","Tempo di lettura stimato":"2 minuto"},"schema":{"@context":"https:\/\/schema.org","@graph":[{"@type":"Article","@id":"https:\/\/loginfo24.com\/it\/2026\/01\/27\/lufthansa-cargo-espande-la-rete-di-trasporto-merci\/#article","isPartOf":{"@id":"https:\/\/loginfo24.com\/it\/2026\/01\/27\/lufthansa-cargo-espande-la-rete-di-trasporto-merci\/"},"author":{"name":"Andreas Haug","@id":"https:\/\/loginfo24.com\/it\/#\/schema\/person\/cf538b3157f15afd7589245a4b3dbd25"},"headline":"Lufthansa Cargo espande la rete di trasporto merci","datePublished":"2026-01-27T09:40:45+00:00","mainEntityOfPage":{"@id":"https:\/\/loginfo24.com\/it\/2026\/01\/27\/lufthansa-cargo-espande-la-rete-di-trasporto-merci\/"},"wordCount":455,"commentCount":0,"publisher":{"@id":"https:\/\/loginfo24.com\/it\/#organization"},"image":{"@id":"https:\/\/loginfo24.com\/it\/2026\/01\/27\/lufthansa-cargo-espande-la-rete-di-trasporto-merci\/#primaryimage"},"thumbnailUrl":"https:\/\/loginfo24.com\/wp-content\/uploads\/sites\/7\/2026\/01\/Screenshot-2026-01-27-104543-aspect-ratio-1400-788.png","keywords":["a\u00e9roport d'Alger","a\u00e9roport de Rome","air freight","air freight market","Algiers airport","capacit\u00e9s de fret","cargo airline","cargo capacities","cargo fleet","cha\u00eene d'approvisionnement","compagnie a\u00e9rienne de fret","Deutsch Lufthansa Cargo","digital logistics","digitale Logistik","digitalization in logistics","Drehkreuze in Europa","durabilit\u00e9 dans la logistique","Fachkr\u00e4ftemangel English Lufthansa Cargo","Fachkr\u00e4ftemangel in der Logistik","flotte de freighters","flotte de fret","Flughafen Algier","Flughafen Rom","Frachterflotte","Frachtflotte","Frachtfluggesellschaft","Frachtkapazit\u00e4ten","Frachtnetzwerk","Frachttonnenkilometer","Frachttransport","freight network","freight ton kilometers","freight transport","freighter fleet","fret a\u00e9rien","fret court-courrier","fret moyen-courrier","global markets","global markets Fran\u00e7ais Lufthansa Cargo","globale M\u00e4rkte English Lufthansa Cargo","hubs en Europe","hubs in Europe","industrie du transport","innovative Technologien","innovative technologies","kilom\u00e8tres-tonne de fret","Kurzstreckenfracht","logistics service provider","Logistikdienstleister","logistique durable","logistique num\u00e9rique","Luftfracht","Luftfrachtmarkt","march\u00e9 du fret a\u00e9rien","march\u00e9s mondiaux","medium-haul freight","Mittelstreckenfracht","Nachhaltigkeit in der Logistik","num\u00e9risation dans la logistique","p\u00e9nurie de main-d'\u0153uvre","p\u00e9nurie de main-d'\u0153uvre dans la logistique","prestataire logistique","r\u00e9seau de fret","Rome airport","short-haul freight","skilled labor shortage Fran\u00e7ais Lufthansa Cargo","skills shortage in logistics","Supply Chain","sustainability in logistics","sustainable logistics","technologies innovantes","transport de fret","transport industry","Transportwirtschaft"],"articleSection":["Afrika","Europa","Germania","Trasporto aereo"],"inLanguage":"it-IT","potentialAction":[{"@type":"CommentAction","name":"Comment","target":["https:\/\/loginfo24.com\/it\/2026\/01\/27\/lufthansa-cargo-espande-la-rete-di-trasporto-merci\/#respond"]}]},{"@type":"WebPage","@id":"https:\/\/loginfo24.com\/it\/2026\/01\/27\/lufthansa-cargo-espande-la-rete-di-trasporto-merci\/","url":"https:\/\/loginfo24.com\/it\/2026\/01\/27\/lufthansa-cargo-espande-la-rete-di-trasporto-merci\/","name":"Lufthansa Cargo espande la rete di trasporto merci - Loginfo24","isPartOf":{"@id":"https:\/\/loginfo24.com\/it\/#website"},"primaryImageOfPage":{"@id":"https:\/\/loginfo24.com\/it\/2026\/01\/27\/lufthansa-cargo-espande-la-rete-di-trasporto-merci\/#primaryimage"},"image":{"@id":"https:\/\/loginfo24.com\/it\/2026\/01\/27\/lufthansa-cargo-espande-la-rete-di-trasporto-merci\/#primaryimage"},"thumbnailUrl":"https:\/\/loginfo24.com\/wp-content\/uploads\/sites\/7\/2026\/01\/Screenshot-2026-01-27-104543-aspect-ratio-1400-788.png","datePublished":"2026-01-27T09:40:45+00:00","breadcrumb":{"@id":"https:\/\/loginfo24.com\/it\/2026\/01\/27\/lufthansa-cargo-espande-la-rete-di-trasporto-merci\/#breadcrumb"},"inLanguage":"it-IT","potentialAction":[{"@type":"ReadAction","target":["https:\/\/loginfo24.com\/it\/2026\/01\/27\/lufthansa-cargo-espande-la-rete-di-trasporto-merci\/"]}]},{"@type":"ImageObject","inLanguage":"it-IT","@id":"https:\/\/loginfo24.com\/it\/2026\/01\/27\/lufthansa-cargo-espande-la-rete-di-trasporto-merci\/#primaryimage","url":"https:\/\/loginfo24.com\/wp-content\/uploads\/sites\/7\/2026\/01\/Screenshot-2026-01-27-104543-aspect-ratio-1400-788.png","contentUrl":"https:\/\/loginfo24.com\/wp-content\/uploads\/sites\/7\/2026\/01\/Screenshot-2026-01-27-104543-aspect-ratio-1400-788.png","width":887,"height":499},{"@type":"BreadcrumbList","@id":"https:\/\/loginfo24.com\/it\/2026\/01\/27\/lufthansa-cargo-espande-la-rete-di-trasporto-merci\/#breadcrumb","itemListElement":[{"@type":"ListItem","position":1,"name":"Startseite","item":"https:\/\/loginfo24.com\/it\/"},{"@type":"ListItem","position":2,"name":"Lufthansa Cargo espande la rete di trasporto merci"}]},{"@type":"WebSite","@id":"https:\/\/loginfo24.com\/it\/#website","url":"https:\/\/loginfo24.com\/it\/","name":"Loginfo24","description":"Loginfo24 \u00e8 la piattaforma dedicata alla logistica e alle catene di fornitura con informazioni disponibili 24 ore su 24.","publisher":{"@id":"https:\/\/loginfo24.com\/it\/#organization"},"potentialAction":[{"@type":"SearchAction","target":{"@type":"EntryPoint","urlTemplate":"https:\/\/loginfo24.com\/it\/?s={search_term_string}"},"query-input":{"@type":"PropertyValueSpecification","valueRequired":true,"valueName":"search_term_string"}}],"inLanguage":"it-IT"},{"@type":"Organization","@id":"https:\/\/loginfo24.com\/it\/#organization","name":"Logismedia Group AG","url":"https:\/\/loginfo24.com\/it\/","logo":{"@type":"ImageObject","inLanguage":"it-IT","@id":"https:\/\/loginfo24.com\/it\/#\/schema\/logo\/image\/","url":"https:\/\/loginfo24.com\/wp-content\/uploads\/sites\/7\/2026\/01\/Logo_LogInfo24.png","contentUrl":"https:\/\/loginfo24.com\/wp-content\/uploads\/sites\/7\/2026\/01\/Logo_LogInfo24.png","width":938,"height":351,"caption":"Logismedia Group AG"},"image":{"@id":"https:\/\/loginfo24.com\/it\/#\/schema\/logo\/image\/"},"sameAs":["https:\/\/www.facebook.com\/people\/Loginfo24\/100057360583332\/","https:\/\/www.linkedin.com\/company\/lofinfo24\/"]},{"@type":"Person","@id":"https:\/\/loginfo24.com\/it\/#\/schema\/person\/cf538b3157f15afd7589245a4b3dbd25","name":"Andreas Haug","url":"https:\/\/loginfo24.com\/it\/author\/andreas\/"}]}},"_links":{"self":[{"href":"https:\/\/loginfo24.com\/it\/wp-json\/wp\/v2\/posts\/73829","targetHints":{"allow":["GET"]}}],"collection":[{"href":"https:\/\/loginfo24.com\/it\/wp-json\/wp\/v2\/posts"}],"about":[{"href":"https:\/\/loginfo24.com\/it\/wp-json\/wp\/v2\/types\/post"}],"author":[{"embeddable":true,"href":"https:\/\/loginfo24.com\/it\/wp-json\/wp\/v2\/users\/12"}],"replies":[{"embeddable":true,"href":"https:\/\/loginfo24.com\/it\/wp-json\/wp\/v2\/comments?post=73829"}],"version-history":[{"count":0,"href":"https:\/\/loginfo24.com\/it\/wp-json\/wp\/v2\/posts\/73829\/revisions"}],"wp:featuredmedia":[{"embeddable":true,"href":"https:\/\/loginfo24.com\/it\/wp-json\/wp\/v2\/media\/73825"}],"wp:attachment":[{"href":"https:\/\/loginfo24.com\/it\/wp-json\/wp\/v2\/media?parent=73829"}],"wp:term":[{"taxonomy":"category","embeddable":true,"href":"https:\/\/loginfo24.com\/it\/wp-json\/wp\/v2\/categories?post=73829"},{"taxonomy":"post_tag","embeddable":true,"href":"https:\/\/loginfo24.com\/it\/wp-json\/wp\/v2\/tags?post=73829"}],"curies":[{"name":"wp","href":"https:\/\/api.w.org\/{rel}","templated":true}]}}