{"id":73528,"date":"2026-01-23T11:00:01","date_gmt":"2026-01-23T11:00:01","guid":{"rendered":"https:\/\/loginfo24.brand-architecture.at\/2026\/01\/23\/roland-weil-nuovo-vice-president-di-wfs\/"},"modified":"2026-01-23T11:00:01","modified_gmt":"2026-01-23T11:00:01","slug":"roland-weil-nuovo-vice-president-di-wfs","status":"publish","type":"post","link":"https:\/\/loginfo24.com\/it\/2026\/01\/23\/roland-weil-nuovo-vice-president-di-wfs\/","title":{"rendered":"Roland Weil nuovo Vice President di WFS"},"content":{"rendered":"<p>Roland Weil ha assunto la sua nuova posizione di Vice President Business Development EFFH Germany presso Worldwide Flight Services (WFS). In questo ruolo, supporter\u00e0 l&#8217;espansione della sede di Francoforte dell&#8217;azienda, che svolge un ruolo di leadership nel settore dell&#8217;handling del cargo aereo. In precedenza, Weil ha lavorato come Vice President Sales Cargo presso l&#8217;aeroporto di Francoforte ed \u00e8 stato membro fondatore e primo amministratore delegato della Air Cargo Community Frankfurt. Ora porter\u00e0 la sua vasta esperienza nello sviluppo dell&#8217;azienda.<\/p>\n<h3>Espansione presso la sede di Francoforte<\/h3>\n<p>WFS prevede di ampliare significativamente le proprie attivit\u00e0 nel pi\u00f9 importante hub di cargo aereo tedesco, in particolare nel settore della spedizione e dell&#8217;e-commerce. Per raggiungere questi obiettivi, l&#8217;azienda occuper\u00e0 un grande centro logistico nella Cargo City S\u00fcd, precedentemente utilizzato da DHL. Questa misura mira a rafforzare la competitivit\u00e0 di WFS nel settore del cargo aereo.<\/p>\n<p>Roland Weil porta con s\u00e9 40 anni di esperienza nel settore dell&#8217;aviazione. Ha iniziato la sua carriera nel dipartimento vendite di Air Canada a Francoforte sul Meno. Successivamente, ha lavorato per molti anni presso Delta Air Lines, dove ha ricoperto diverse posizioni di vendita, l&#8217;ultima delle quali come Regional Director Sales Southern Europe and Southeast Asia. Nel marzo 2005, \u00e8 passato a Fraport come Vice President Sales, dove ha agito come punto di contatto centrale per i pianificatori di rotte e reti delle compagnie aeree, assicurando lo sviluppo dei voli di linea verso e attraverso Francoforte. Nel febbraio 2013, ha assunto la nuova posizione di Vice President Sales Cargo presso Fraport ed \u00e8 stato fondamentale nell&#8217;espansione del business del cargo aereo presso l&#8217;aeroporto di Francoforte.<\/p>\n<p>Claus Wagner, amministratore delegato di FCS, la filiale di Francoforte di WFS, ha espresso un parere positivo sul nuovo ingresso: &#8222;Siamo lieti di dare il benvenuto a Roland Weil nella famiglia WFS. Nella sua nuova funzione, supporter\u00e0 lo sviluppo di nuovi prodotti e l&#8217;espansione delle nostre attivit\u00e0 di handling del cargo aereo. Guardiamo con grande ottimismo alla collaborazione con lui nel contesto dello sviluppo delle nostre attivit\u00e0 a Francoforte.&#8220;<\/p>\n<p>Worldwide Flight Services \u00e8 stata fondata nel 1984 ed \u00e8, come membro del gruppo SATS, il pi\u00f9 grande fornitore di servizi di logistica per il cargo aereo a livello mondiale. L&#8217;azienda \u00e8 anche uno dei principali fornitori di servizi di handling a terra e ha registrato un fatturato annuale di 2 miliardi di EUR. Con una rete di oltre 225 stazioni di cargo e handling a terra in 27 paesi, WFS copre rotte commerciali responsabili di oltre il 50% del volume globale di cargo aereo.<\/p>\n<p>&nbsp;<\/p>\n<p><a href=\"https:\/\/www.wfs.aero\/\" target=\"_blank\" rel=\"noopener noreferrer\">www.wfs.aero<\/a><\/p>\n<p>&nbsp;<\/p>\n","protected":false},"excerpt":{"rendered":"<p>Roland Weil ha assunto il suo nuovo ruolo di Vice President Business Development EFFH Germany presso Worldwide Flight Services per sviluppare la sede di Francoforte.<\/p>\n","protected":false},"author":12,"featured_media":73524,"comment_status":"open","ping_status":"open","sticky":false,"template":"","format":"standard","meta":{"_acf_changed":false,"footnotes":""},"categories":[1627,1630],"tags":[6505,2648,2600,6580,6581,6582,6583,6584,6585,6586,2207,6587,6588,6589,6590,1996,2115,2266,6591,6592,6528,6593,6594,2655,6595,6596,2125,3520,3521,3872,2469,1831,6597,1962,6598,6599,6600,6601,5867,5531,4031,6602,6603,1857,2837,2155,1837,6604,6605,6606],"class_list":["post-73528","post","type-post","status-publish","format-standard","has-post-thumbnail","hentry","category-persone-e-aziende","category-trasporto-aereo","tag-aeroport-de-francfort","tag-air-freight","tag-air-freight-infrastructure","tag-air-freight-sector","tag-air-cargo-handling","tag-aviation-labor-shortage","tag-business-development-francais-roland-weil","tag-cargo-city-south-logistics-center","tag-cargo-handling","tag-centre-logistique-cargo-city-sud","tag-chaine-dapprovisionnement","tag-competitiveness","tag-competitivite","tag-deutsch-roland-weil","tag-developpement-commercial","tag-dhl","tag-digitalisierung-in-der-logistik","tag-e-commerce","tag-fachkraeftemangel-luftfahrt","tag-frachtabfertigung","tag-frankfurt-airport","tag-frankfurter-flughafen","tag-freight-forwarding","tag-fret-aerien","tag-germany-air-freight-hub","tag-hub-de-fret-aerien-en-allemagne","tag-industrie-du-transport","tag-infrastructure-de-fret-aerien","tag-infrastruktur-luftfracht","tag-logistics-digitalization","tag-logistics-service-provider","tag-logistikdienstleister","tag-logistikzentrum-cargo-city-sued","tag-luftfracht","tag-luftfracht-hub-deutschland","tag-luftfrachtsektor","tag-manutention-de-cargaison","tag-manutention-de-fret-aerien","tag-numerisation-de-la-logistique","tag-penurie-de-main-doeuvre-dans-laviation","tag-prestataire-de-services-logistiques","tag-secteur-du-fret-aerien","tag-spedition","tag-supply-chain","tag-transport-de-marchandises","tag-transport-industry","tag-transportwirtschaft","tag-wettbewerbsfaehigkeit-english-roland-weil","tag-wfs","tag-worldwide-flight-services"],"acf":[],"yoast_head":"<!-- This site is optimized with the Yoast SEO plugin v27.3 - https:\/\/yoast.com\/product\/yoast-seo-wordpress\/ -->\n<title>Roland Weil nuovo Vice President di WFS - Loginfo24<\/title>\n<meta name=\"robots\" content=\"index, follow, max-snippet:-1, max-image-preview:large, max-video-preview:-1\" \/>\n<link rel=\"canonical\" href=\"https:\/\/loginfo24.com\/it\/2026\/01\/23\/roland-weil-nuovo-vice-president-di-wfs\/\" \/>\n<meta property=\"og:locale\" content=\"it_IT\" \/>\n<meta property=\"og:type\" content=\"article\" \/>\n<meta property=\"og:title\" content=\"Roland Weil nuovo Vice President di WFS - Loginfo24\" \/>\n<meta property=\"og:description\" content=\"Roland Weil ha assunto il suo nuovo ruolo di Vice President Business Development EFFH Germany presso Worldwide Flight Services per sviluppare la sede di Francoforte.\" \/>\n<meta property=\"og:url\" content=\"https:\/\/loginfo24.com\/it\/2026\/01\/23\/roland-weil-nuovo-vice-president-di-wfs\/\" \/>\n<meta property=\"og:site_name\" content=\"Loginfo24\" \/>\n<meta property=\"article:publisher\" content=\"https:\/\/www.facebook.com\/people\/Loginfo24\/100057360583332\/\" \/>\n<meta property=\"article:published_time\" content=\"2026-01-23T11:00:01+00:00\" \/>\n<meta property=\"og:image\" content=\"https:\/\/loginfo24.com\/wp-content\/uploads\/sites\/7\/2026\/01\/Bild_Roland_Weil-aspect-ratio-1400-788.jpg\" \/>\n\t<meta property=\"og:image:width\" content=\"750\" \/>\n\t<meta property=\"og:image:height\" content=\"422\" \/>\n\t<meta property=\"og:image:type\" content=\"image\/jpeg\" \/>\n<meta name=\"author\" content=\"Andreas Haug\" \/>\n<meta name=\"twitter:card\" content=\"summary_large_image\" \/>\n<meta name=\"twitter:label1\" content=\"Scritto da\" \/>\n\t<meta name=\"twitter:data1\" content=\"Andreas Haug\" \/>\n\t<meta name=\"twitter:label2\" content=\"Tempo di lettura stimato\" \/>\n\t<meta name=\"twitter:data2\" content=\"2 minuto\" \/>\n<script type=\"application\/ld+json\" class=\"yoast-schema-graph\">{\"@context\":\"https:\\\/\\\/schema.org\",\"@graph\":[{\"@type\":\"Article\",\"@id\":\"https:\\\/\\\/loginfo24.com\\\/it\\\/2026\\\/01\\\/23\\\/roland-weil-nuovo-vice-president-di-wfs\\\/#article\",\"isPartOf\":{\"@id\":\"https:\\\/\\\/loginfo24.com\\\/it\\\/2026\\\/01\\\/23\\\/roland-weil-nuovo-vice-president-di-wfs\\\/\"},\"author\":{\"name\":\"Andreas Haug\",\"@id\":\"https:\\\/\\\/loginfo24.com\\\/it\\\/#\\\/schema\\\/person\\\/cf538b3157f15afd7589245a4b3dbd25\"},\"headline\":\"Roland Weil nuovo Vice President di WFS\",\"datePublished\":\"2026-01-23T11:00:01+00:00\",\"mainEntityOfPage\":{\"@id\":\"https:\\\/\\\/loginfo24.com\\\/it\\\/2026\\\/01\\\/23\\\/roland-weil-nuovo-vice-president-di-wfs\\\/\"},\"wordCount\":432,\"commentCount\":0,\"publisher\":{\"@id\":\"https:\\\/\\\/loginfo24.com\\\/it\\\/#organization\"},\"image\":{\"@id\":\"https:\\\/\\\/loginfo24.com\\\/it\\\/2026\\\/01\\\/23\\\/roland-weil-nuovo-vice-president-di-wfs\\\/#primaryimage\"},\"thumbnailUrl\":\"https:\\\/\\\/loginfo24.com\\\/wp-content\\\/uploads\\\/sites\\\/7\\\/2026\\\/01\\\/Bild_Roland_Weil-aspect-ratio-1400-788.jpg\",\"keywords\":[\"a\u00e9roport de Francfort\",\"air freight\",\"air freight infrastructure\",\"air freight sector\",\"Air-Cargo-Handling\",\"aviation labor shortage\",\"business development Fran\u00e7ais Roland Weil\",\"Cargo City South logistics center\",\"cargo handling\",\"centre logistique Cargo City Sud\",\"cha\u00eene d'approvisionnement\",\"competitiveness\",\"comp\u00e9titivit\u00e9\",\"Deutsch Roland Weil\",\"d\u00e9veloppement commercial\",\"DHL\",\"Digitalisierung in der Logistik\",\"E-Commerce\",\"Fachkr\u00e4ftemangel Luftfahrt\",\"Frachtabfertigung\",\"Frankfurt Airport\",\"Frankfurter Flughafen\",\"freight forwarding\",\"fret a\u00e9rien\",\"Germany air freight hub\",\"hub de fret a\u00e9rien en Allemagne\",\"industrie du transport\",\"infrastructure de fret a\u00e9rien\",\"Infrastruktur Luftfracht\",\"logistics digitalization\",\"logistics service provider\",\"Logistikdienstleister\",\"Logistikzentrum Cargo City S\u00fcd\",\"Luftfracht\",\"Luftfracht-Hub Deutschland\",\"Luftfrachtsektor\",\"manutention de cargaison\",\"manutention de fret a\u00e9rien\",\"num\u00e9risation de la logistique\",\"p\u00e9nurie de main-d'\u0153uvre dans l'aviation\",\"prestataire de services logistiques\",\"secteur du fret a\u00e9rien\",\"Spedition\",\"Supply Chain\",\"transport de marchandises\",\"transport industry\",\"Transportwirtschaft\",\"Wettbewerbsf\u00e4higkeit English Roland Weil\",\"WFS\",\"Worldwide Flight Services\"],\"articleSection\":[\"Persone e aziende\",\"Trasporto aereo\"],\"inLanguage\":\"it-IT\",\"potentialAction\":[{\"@type\":\"CommentAction\",\"name\":\"Comment\",\"target\":[\"https:\\\/\\\/loginfo24.com\\\/it\\\/2026\\\/01\\\/23\\\/roland-weil-nuovo-vice-president-di-wfs\\\/#respond\"]}]},{\"@type\":\"WebPage\",\"@id\":\"https:\\\/\\\/loginfo24.com\\\/it\\\/2026\\\/01\\\/23\\\/roland-weil-nuovo-vice-president-di-wfs\\\/\",\"url\":\"https:\\\/\\\/loginfo24.com\\\/it\\\/2026\\\/01\\\/23\\\/roland-weil-nuovo-vice-president-di-wfs\\\/\",\"name\":\"Roland Weil nuovo Vice President di WFS - Loginfo24\",\"isPartOf\":{\"@id\":\"https:\\\/\\\/loginfo24.com\\\/it\\\/#website\"},\"primaryImageOfPage\":{\"@id\":\"https:\\\/\\\/loginfo24.com\\\/it\\\/2026\\\/01\\\/23\\\/roland-weil-nuovo-vice-president-di-wfs\\\/#primaryimage\"},\"image\":{\"@id\":\"https:\\\/\\\/loginfo24.com\\\/it\\\/2026\\\/01\\\/23\\\/roland-weil-nuovo-vice-president-di-wfs\\\/#primaryimage\"},\"thumbnailUrl\":\"https:\\\/\\\/loginfo24.com\\\/wp-content\\\/uploads\\\/sites\\\/7\\\/2026\\\/01\\\/Bild_Roland_Weil-aspect-ratio-1400-788.jpg\",\"datePublished\":\"2026-01-23T11:00:01+00:00\",\"breadcrumb\":{\"@id\":\"https:\\\/\\\/loginfo24.com\\\/it\\\/2026\\\/01\\\/23\\\/roland-weil-nuovo-vice-president-di-wfs\\\/#breadcrumb\"},\"inLanguage\":\"it-IT\",\"potentialAction\":[{\"@type\":\"ReadAction\",\"target\":[\"https:\\\/\\\/loginfo24.com\\\/it\\\/2026\\\/01\\\/23\\\/roland-weil-nuovo-vice-president-di-wfs\\\/\"]}]},{\"@type\":\"ImageObject\",\"inLanguage\":\"it-IT\",\"@id\":\"https:\\\/\\\/loginfo24.com\\\/it\\\/2026\\\/01\\\/23\\\/roland-weil-nuovo-vice-president-di-wfs\\\/#primaryimage\",\"url\":\"https:\\\/\\\/loginfo24.com\\\/wp-content\\\/uploads\\\/sites\\\/7\\\/2026\\\/01\\\/Bild_Roland_Weil-aspect-ratio-1400-788.jpg\",\"contentUrl\":\"https:\\\/\\\/loginfo24.com\\\/wp-content\\\/uploads\\\/sites\\\/7\\\/2026\\\/01\\\/Bild_Roland_Weil-aspect-ratio-1400-788.jpg\",\"width\":750,\"height\":422},{\"@type\":\"BreadcrumbList\",\"@id\":\"https:\\\/\\\/loginfo24.com\\\/it\\\/2026\\\/01\\\/23\\\/roland-weil-nuovo-vice-president-di-wfs\\\/#breadcrumb\",\"itemListElement\":[{\"@type\":\"ListItem\",\"position\":1,\"name\":\"Startseite\",\"item\":\"https:\\\/\\\/loginfo24.com\\\/it\\\/\"},{\"@type\":\"ListItem\",\"position\":2,\"name\":\"Roland Weil nuovo Vice President di WFS\"}]},{\"@type\":\"WebSite\",\"@id\":\"https:\\\/\\\/loginfo24.com\\\/it\\\/#website\",\"url\":\"https:\\\/\\\/loginfo24.com\\\/it\\\/\",\"name\":\"Loginfo24\",\"description\":\"Loginfo24 \u00e8 la piattaforma dedicata alla logistica e alle catene di fornitura con informazioni disponibili 24 ore su 24.\",\"publisher\":{\"@id\":\"https:\\\/\\\/loginfo24.com\\\/it\\\/#organization\"},\"potentialAction\":[{\"@type\":\"SearchAction\",\"target\":{\"@type\":\"EntryPoint\",\"urlTemplate\":\"https:\\\/\\\/loginfo24.com\\\/it\\\/?s={search_term_string}\"},\"query-input\":{\"@type\":\"PropertyValueSpecification\",\"valueRequired\":true,\"valueName\":\"search_term_string\"}}],\"inLanguage\":\"it-IT\"},{\"@type\":\"Organization\",\"@id\":\"https:\\\/\\\/loginfo24.com\\\/it\\\/#organization\",\"name\":\"Logismedia Group AG\",\"url\":\"https:\\\/\\\/loginfo24.com\\\/it\\\/\",\"logo\":{\"@type\":\"ImageObject\",\"inLanguage\":\"it-IT\",\"@id\":\"https:\\\/\\\/loginfo24.com\\\/it\\\/#\\\/schema\\\/logo\\\/image\\\/\",\"url\":\"https:\\\/\\\/loginfo24.com\\\/wp-content\\\/uploads\\\/sites\\\/7\\\/2026\\\/01\\\/Logo_LogInfo24.png\",\"contentUrl\":\"https:\\\/\\\/loginfo24.com\\\/wp-content\\\/uploads\\\/sites\\\/7\\\/2026\\\/01\\\/Logo_LogInfo24.png\",\"width\":938,\"height\":351,\"caption\":\"Logismedia Group AG\"},\"image\":{\"@id\":\"https:\\\/\\\/loginfo24.com\\\/it\\\/#\\\/schema\\\/logo\\\/image\\\/\"},\"sameAs\":[\"https:\\\/\\\/www.facebook.com\\\/people\\\/Loginfo24\\\/100057360583332\\\/\",\"https:\\\/\\\/www.linkedin.com\\\/company\\\/lofinfo24\\\/\"]},{\"@type\":\"Person\",\"@id\":\"https:\\\/\\\/loginfo24.com\\\/it\\\/#\\\/schema\\\/person\\\/cf538b3157f15afd7589245a4b3dbd25\",\"name\":\"Andreas Haug\",\"url\":\"https:\\\/\\\/loginfo24.com\\\/it\\\/author\\\/andreas\\\/\"}]}<\/script>\n<!-- \/ Yoast SEO plugin. -->","yoast_head_json":{"title":"Roland Weil nuovo Vice President di WFS - Loginfo24","robots":{"index":"index","follow":"follow","max-snippet":"max-snippet:-1","max-image-preview":"max-image-preview:large","max-video-preview":"max-video-preview:-1"},"canonical":"https:\/\/loginfo24.com\/it\/2026\/01\/23\/roland-weil-nuovo-vice-president-di-wfs\/","og_locale":"it_IT","og_type":"article","og_title":"Roland Weil nuovo Vice President di WFS - Loginfo24","og_description":"Roland Weil ha assunto il suo nuovo ruolo di Vice President Business Development EFFH Germany presso Worldwide Flight Services per sviluppare la sede di Francoforte.","og_url":"https:\/\/loginfo24.com\/it\/2026\/01\/23\/roland-weil-nuovo-vice-president-di-wfs\/","og_site_name":"Loginfo24","article_publisher":"https:\/\/www.facebook.com\/people\/Loginfo24\/100057360583332\/","article_published_time":"2026-01-23T11:00:01+00:00","og_image":[{"width":750,"height":422,"url":"https:\/\/loginfo24.com\/wp-content\/uploads\/sites\/7\/2026\/01\/Bild_Roland_Weil-aspect-ratio-1400-788.jpg","type":"image\/jpeg"}],"author":"Andreas Haug","twitter_card":"summary_large_image","twitter_misc":{"Scritto da":"Andreas Haug","Tempo di lettura stimato":"2 minuto"},"schema":{"@context":"https:\/\/schema.org","@graph":[{"@type":"Article","@id":"https:\/\/loginfo24.com\/it\/2026\/01\/23\/roland-weil-nuovo-vice-president-di-wfs\/#article","isPartOf":{"@id":"https:\/\/loginfo24.com\/it\/2026\/01\/23\/roland-weil-nuovo-vice-president-di-wfs\/"},"author":{"name":"Andreas Haug","@id":"https:\/\/loginfo24.com\/it\/#\/schema\/person\/cf538b3157f15afd7589245a4b3dbd25"},"headline":"Roland Weil nuovo Vice President di WFS","datePublished":"2026-01-23T11:00:01+00:00","mainEntityOfPage":{"@id":"https:\/\/loginfo24.com\/it\/2026\/01\/23\/roland-weil-nuovo-vice-president-di-wfs\/"},"wordCount":432,"commentCount":0,"publisher":{"@id":"https:\/\/loginfo24.com\/it\/#organization"},"image":{"@id":"https:\/\/loginfo24.com\/it\/2026\/01\/23\/roland-weil-nuovo-vice-president-di-wfs\/#primaryimage"},"thumbnailUrl":"https:\/\/loginfo24.com\/wp-content\/uploads\/sites\/7\/2026\/01\/Bild_Roland_Weil-aspect-ratio-1400-788.jpg","keywords":["a\u00e9roport de Francfort","air freight","air freight infrastructure","air freight sector","Air-Cargo-Handling","aviation labor shortage","business development Fran\u00e7ais Roland Weil","Cargo City South logistics center","cargo handling","centre logistique Cargo City Sud","cha\u00eene d'approvisionnement","competitiveness","comp\u00e9titivit\u00e9","Deutsch Roland Weil","d\u00e9veloppement commercial","DHL","Digitalisierung in der Logistik","E-Commerce","Fachkr\u00e4ftemangel Luftfahrt","Frachtabfertigung","Frankfurt Airport","Frankfurter Flughafen","freight forwarding","fret a\u00e9rien","Germany air freight hub","hub de fret a\u00e9rien en Allemagne","industrie du transport","infrastructure de fret a\u00e9rien","Infrastruktur Luftfracht","logistics digitalization","logistics service provider","Logistikdienstleister","Logistikzentrum Cargo City S\u00fcd","Luftfracht","Luftfracht-Hub Deutschland","Luftfrachtsektor","manutention de cargaison","manutention de fret a\u00e9rien","num\u00e9risation de la logistique","p\u00e9nurie de main-d'\u0153uvre dans l'aviation","prestataire de services logistiques","secteur du fret a\u00e9rien","Spedition","Supply Chain","transport de marchandises","transport industry","Transportwirtschaft","Wettbewerbsf\u00e4higkeit English Roland Weil","WFS","Worldwide Flight Services"],"articleSection":["Persone e aziende","Trasporto aereo"],"inLanguage":"it-IT","potentialAction":[{"@type":"CommentAction","name":"Comment","target":["https:\/\/loginfo24.com\/it\/2026\/01\/23\/roland-weil-nuovo-vice-president-di-wfs\/#respond"]}]},{"@type":"WebPage","@id":"https:\/\/loginfo24.com\/it\/2026\/01\/23\/roland-weil-nuovo-vice-president-di-wfs\/","url":"https:\/\/loginfo24.com\/it\/2026\/01\/23\/roland-weil-nuovo-vice-president-di-wfs\/","name":"Roland Weil nuovo Vice President di WFS - Loginfo24","isPartOf":{"@id":"https:\/\/loginfo24.com\/it\/#website"},"primaryImageOfPage":{"@id":"https:\/\/loginfo24.com\/it\/2026\/01\/23\/roland-weil-nuovo-vice-president-di-wfs\/#primaryimage"},"image":{"@id":"https:\/\/loginfo24.com\/it\/2026\/01\/23\/roland-weil-nuovo-vice-president-di-wfs\/#primaryimage"},"thumbnailUrl":"https:\/\/loginfo24.com\/wp-content\/uploads\/sites\/7\/2026\/01\/Bild_Roland_Weil-aspect-ratio-1400-788.jpg","datePublished":"2026-01-23T11:00:01+00:00","breadcrumb":{"@id":"https:\/\/loginfo24.com\/it\/2026\/01\/23\/roland-weil-nuovo-vice-president-di-wfs\/#breadcrumb"},"inLanguage":"it-IT","potentialAction":[{"@type":"ReadAction","target":["https:\/\/loginfo24.com\/it\/2026\/01\/23\/roland-weil-nuovo-vice-president-di-wfs\/"]}]},{"@type":"ImageObject","inLanguage":"it-IT","@id":"https:\/\/loginfo24.com\/it\/2026\/01\/23\/roland-weil-nuovo-vice-president-di-wfs\/#primaryimage","url":"https:\/\/loginfo24.com\/wp-content\/uploads\/sites\/7\/2026\/01\/Bild_Roland_Weil-aspect-ratio-1400-788.jpg","contentUrl":"https:\/\/loginfo24.com\/wp-content\/uploads\/sites\/7\/2026\/01\/Bild_Roland_Weil-aspect-ratio-1400-788.jpg","width":750,"height":422},{"@type":"BreadcrumbList","@id":"https:\/\/loginfo24.com\/it\/2026\/01\/23\/roland-weil-nuovo-vice-president-di-wfs\/#breadcrumb","itemListElement":[{"@type":"ListItem","position":1,"name":"Startseite","item":"https:\/\/loginfo24.com\/it\/"},{"@type":"ListItem","position":2,"name":"Roland Weil nuovo Vice President di WFS"}]},{"@type":"WebSite","@id":"https:\/\/loginfo24.com\/it\/#website","url":"https:\/\/loginfo24.com\/it\/","name":"Loginfo24","description":"Loginfo24 \u00e8 la piattaforma dedicata alla logistica e alle catene di fornitura con informazioni disponibili 24 ore su 24.","publisher":{"@id":"https:\/\/loginfo24.com\/it\/#organization"},"potentialAction":[{"@type":"SearchAction","target":{"@type":"EntryPoint","urlTemplate":"https:\/\/loginfo24.com\/it\/?s={search_term_string}"},"query-input":{"@type":"PropertyValueSpecification","valueRequired":true,"valueName":"search_term_string"}}],"inLanguage":"it-IT"},{"@type":"Organization","@id":"https:\/\/loginfo24.com\/it\/#organization","name":"Logismedia Group AG","url":"https:\/\/loginfo24.com\/it\/","logo":{"@type":"ImageObject","inLanguage":"it-IT","@id":"https:\/\/loginfo24.com\/it\/#\/schema\/logo\/image\/","url":"https:\/\/loginfo24.com\/wp-content\/uploads\/sites\/7\/2026\/01\/Logo_LogInfo24.png","contentUrl":"https:\/\/loginfo24.com\/wp-content\/uploads\/sites\/7\/2026\/01\/Logo_LogInfo24.png","width":938,"height":351,"caption":"Logismedia Group AG"},"image":{"@id":"https:\/\/loginfo24.com\/it\/#\/schema\/logo\/image\/"},"sameAs":["https:\/\/www.facebook.com\/people\/Loginfo24\/100057360583332\/","https:\/\/www.linkedin.com\/company\/lofinfo24\/"]},{"@type":"Person","@id":"https:\/\/loginfo24.com\/it\/#\/schema\/person\/cf538b3157f15afd7589245a4b3dbd25","name":"Andreas Haug","url":"https:\/\/loginfo24.com\/it\/author\/andreas\/"}]}},"_links":{"self":[{"href":"https:\/\/loginfo24.com\/it\/wp-json\/wp\/v2\/posts\/73528","targetHints":{"allow":["GET"]}}],"collection":[{"href":"https:\/\/loginfo24.com\/it\/wp-json\/wp\/v2\/posts"}],"about":[{"href":"https:\/\/loginfo24.com\/it\/wp-json\/wp\/v2\/types\/post"}],"author":[{"embeddable":true,"href":"https:\/\/loginfo24.com\/it\/wp-json\/wp\/v2\/users\/12"}],"replies":[{"embeddable":true,"href":"https:\/\/loginfo24.com\/it\/wp-json\/wp\/v2\/comments?post=73528"}],"version-history":[{"count":0,"href":"https:\/\/loginfo24.com\/it\/wp-json\/wp\/v2\/posts\/73528\/revisions"}],"wp:featuredmedia":[{"embeddable":true,"href":"https:\/\/loginfo24.com\/it\/wp-json\/wp\/v2\/media\/73524"}],"wp:attachment":[{"href":"https:\/\/loginfo24.com\/it\/wp-json\/wp\/v2\/media?parent=73528"}],"wp:term":[{"taxonomy":"category","embeddable":true,"href":"https:\/\/loginfo24.com\/it\/wp-json\/wp\/v2\/categories?post=73528"},{"taxonomy":"post_tag","embeddable":true,"href":"https:\/\/loginfo24.com\/it\/wp-json\/wp\/v2\/tags?post=73528"}],"curies":[{"name":"wp","href":"https:\/\/api.w.org\/{rel}","templated":true}]}}