{"id":73502,"date":"2026-01-23T08:03:06","date_gmt":"2026-01-23T08:03:06","guid":{"rendered":"https:\/\/loginfo24.brand-architecture.at\/2026\/01\/23\/barig-new-year-event-in-anniversary-year\/"},"modified":"2026-01-23T09:17:34","modified_gmt":"2026-01-23T08:17:34","slug":"barig-new-year-event-in-anniversary-year","status":"publish","type":"post","link":"https:\/\/loginfo24.com\/it\/2026\/01\/23\/barig-new-year-event-in-anniversary-year\/","title":{"rendered":"BARIG: Evento di inizio anno nell\u2019anno dell\u2019anniversario"},"content":{"rendered":"<p>150 esperti e dirigenti del settore aereo nazionale e internazionale si sono recentemente incontrati presso l&#8217;Hilton Frankfurt Airport Hotel per il New Year\u2019s Event 2026 del Board of Airline Representatives in Germany (BARIG) e dell&#8217;Airline Operators Committee Frankfurt (AOC FRA). L&#8217;evento ha offerto una piattaforma per lo scambio tra rappresentanti di compagnie aeree, gestori di aeroporti, politica locale, polizia federale, dogana e altre autorit\u00e0 e fornitori di servizi. L&#8217;obiettivo era discutere le sfide del 2026 e rafforzare la collaborazione nel settore.<\/p>\n<h3>Anniversario e collaborazione al centro<\/h3>\n<p>Michael Hoppe (centro), Chairman e Executive Director del BARIG, ha sottolineato l&#8217;importanza dell&#8217;evento di Capodanno come avvio del 75\u00b0 anniversario dell&#8217;associazione. &#8222;Dal 1951 rappresentiamo gli interessi delle compagnie aeree nei confronti della politica, degli aeroporti e delle autorit\u00e0, promuovendo la collaborazione partner&#8220;, ha dichiarato Hoppe. L&#8217;alto numero di partecipanti evidenzia quanto sia importante la collaborazione e l&#8217;azione comune per il settore aereo in Germania.<\/p>\n<p>Klaus Marx (2\u00b0 da sinistra), Chairman dell&#8217;AOC FRA, ha aggiunto che il coordinamento stretto tra i vari attori dell&#8217;aeroporto di Francoforte \u00e8 fondamentale per garantire qualit\u00e0 e stabilit\u00e0. Ha evidenziato che eventi come il New Year\u2019s Event promuovono la comprensione reciproca necessaria per futuri miglioramenti.<\/p>\n<h3>Stimoli politici per il settore aereo<\/h3>\n<p>Nel suo intervento, Kaweh Mansoori (2\u00b0 da destra), Vicepresidente e Ministro dell&#8217;Economia, dell&#8217;Energia, dei Trasporti, dell&#8217;Edilizia e dello Spazio Rurale dell&#8217;Assia, ha sottolineato il ruolo centrale del settore aereo per l&#8217;Assia e la Germania. Ha definito l&#8217;aeroporto di Francoforte un importante motore economico e fattore di competitivit\u00e0. Mansoori ha annunciato di impegnarsi per la riduzione della tassa sul traffico aereo e di pianificare ulteriori alleggerimenti e miglioramenti di efficienza in vari settori.<\/p>\n<p>Aletta von Massenbach (tutta a destra), CEO della Flughafen Berlin Brandenburg GmbH e Presidente dell&#8217;associazione aeroportuale ADV, ha richiamato l&#8217;attenzione sulle grandi trasformazioni che il settore deve affrontare, tra cui digitalizzazione e sostenibilit\u00e0. Ha sottolineato che queste sfide possono essere affrontate solo insieme e che il New Year\u2019s Event ha dimostrato la forza delle reti e la disponibilit\u00e0 al cambiamento.<\/p>\n<p>Dr. Pierre Dominique Pr\u00fcmm (tutto a sinistra), membro del consiglio di amministrazione della Fraport AG, ha sottolineato la necessit\u00e0 di comunicazione e collaborazione per migliorare l&#8217;efficienza operativa. Ha chiesto un ulteriore sviluppo delle infrastrutture nel settore aereo e l&#8217;eliminazione degli attuali svantaggi competitivi.<\/p>\n<h3>Uno sguardo al futuro del settore aereo<\/h3>\n<p>Il New Year\u2019s Event ha segnato per la comunit\u00e0 BARIG non solo l&#8217;inizio dell&#8217;anno, ma anche l&#8217;inizio di un anno di anniversario. L&#8217;associazione si \u00e8 evoluta continuamente dalla sua fondazione nel 1951 e si impegna per gli interessi delle compagnie aeree che operano in Germania. BARIG richiede condizioni quadro eque, efficienza dei costi e un&#8217;infrastruttura moderna per garantire la competitivit\u00e0 globale del settore aereo in Germania.<\/p>\n<p>&nbsp;<\/p>\n<p><a href=\"https:\/\/www.barig.aero\/\" target=\"_blank\" rel=\"noopener noreferrer\">www.barig.aero<\/a><\/p>\n<p>&nbsp;<\/p>\n","protected":false},"excerpt":{"rendered":"<p>Circa 150 professionisti e dirigenti del settore dell&#8217;aviazione si sono recentemente incontrati a Francoforte per discutere le sfide e rafforzare la collaborazione per il 2026.<\/p>\n","protected":false},"author":12,"featured_media":73498,"comment_status":"open","ping_status":"open","sticky":false,"template":"","format":"standard","meta":{"_acf_changed":false,"footnotes":""},"categories":[1627,1630],"tags":[6502,6503,6504,6505,6506,6507,6508,6509,6510,6511,6512,6513,6514,6515,3225,6516,6517,6518,4282,4951,6519,6520,6521,6522,6523,6524,6525,6526,6527,6528,6529,6530,6531,6532,6533,6534,4962,6535,4298,6536,5531,6537,6538,6539,4974,6540,6541,6542,6543,6544,6545,6546,6547,6548],"class_list":["post-73502","post","type-post","status-publish","format-standard","has-post-thumbnail","hentry","category-persone-e-aziende","category-trasporto-aereo","tag-75-ans-de-barig","tag-75-jahre-barig-english-air-transport-industry","tag-75-years-barig-francais-secteur-aerien","tag-aeroport-de-francfort","tag-air-traffic-tax","tag-air-transport-location-hesse","tag-airline-operators-committee","tag-airport-operators","tag-amelioration-de-lefficacite-du-transport-aerien","tag-barig","tag-collaboration-dans-laviation","tag-collaboration-in-aviation","tag-comite-des-operateurs-aeriens","tag-competitiveness-airlines","tag-competitivite-des-compagnies-aeriennes","tag-deutsch-luftverkehrsbranche","tag-developpement-des-infrastructures-aeronautiques","tag-digitalisierung-im-luftverkehr","tag-digitalization-in-aviation","tag-durabilite-dans-laviation","tag-economic-significance-air-transport","tag-economie-du-transport-en-allemagne","tag-efficiency-improvement-air-transport","tag-effizienzsteigerung-luftverkehr","tag-emplacement-aerien-hesse","tag-evenement-du-nouvel-an","tag-fachkraeftemangel-luftverkehr","tag-flughafen-frankfurt","tag-flughafenbetreiber","tag-frankfurt-airport","tag-importance-economique-du-transport-aerien","tag-impulsions-politiques-pour-le-transport-aerien","tag-infrastructure-development-aviation","tag-infrastrukturentwicklung-luftverkehr","tag-luftverkehrsstandort-hessen","tag-luftverkehrssteuer","tag-nachhaltigkeit-in-der-luftfahrt","tag-new-years-event","tag-numerisation-dans-laviation","tag-operateurs-daeroport","tag-penurie-de-main-doeuvre-dans-laviation","tag-political-impulses-air-transport","tag-politische-impulse-luftverkehr","tag-skilled-labor-shortage-aviation","tag-sustainability-in-aviation","tag-taxe-sur-le-transport-aerien","tag-transformation-aviation-industry","tag-transformation-du-secteur-aerien","tag-transformation-luftfahrtbranche","tag-transport-economy-germany","tag-transportwirtschaft-deutschland","tag-wettbewerbsfaehigkeit-fluggesellschaften","tag-wirtschaftliche-bedeutung-luftverkehr","tag-zusammenarbeit-in-der-luftfahrt"],"acf":[],"yoast_head":"<!-- This site is optimized with the Yoast SEO plugin v27.3 - https:\/\/yoast.com\/product\/yoast-seo-wordpress\/ -->\n<title>BARIG: Evento di inizio anno nell\u2019anno dell\u2019anniversario - Loginfo24<\/title>\n<meta name=\"robots\" content=\"index, follow, max-snippet:-1, max-image-preview:large, max-video-preview:-1\" \/>\n<link rel=\"canonical\" href=\"https:\/\/loginfo24.com\/it\/2026\/01\/23\/barig-new-year-event-in-anniversary-year\/\" \/>\n<meta property=\"og:locale\" content=\"it_IT\" \/>\n<meta property=\"og:type\" content=\"article\" \/>\n<meta property=\"og:title\" content=\"BARIG: Evento di inizio anno nell\u2019anno dell\u2019anniversario - Loginfo24\" \/>\n<meta property=\"og:description\" content=\"Circa 150 professionisti e dirigenti del settore dell&#039;aviazione si sono recentemente incontrati a Francoforte per discutere le sfide e rafforzare la collaborazione per il 2026.\" \/>\n<meta property=\"og:url\" content=\"https:\/\/loginfo24.com\/it\/2026\/01\/23\/barig-new-year-event-in-anniversary-year\/\" \/>\n<meta property=\"og:site_name\" content=\"Loginfo24\" \/>\n<meta property=\"article:publisher\" content=\"https:\/\/www.facebook.com\/people\/Loginfo24\/100057360583332\/\" \/>\n<meta property=\"article:published_time\" content=\"2026-01-23T08:03:06+00:00\" \/>\n<meta property=\"article:modified_time\" content=\"2026-01-23T08:17:34+00:00\" \/>\n<meta property=\"og:image\" content=\"https:\/\/loginfo24.com\/wp-content\/uploads\/sites\/7\/2026\/01\/2026_BARIG_AOC_FRA_New_Years_Event-c-BARIG-aspect-ratio-1400-788-1.jpg\" \/>\n\t<meta property=\"og:image:width\" content=\"1582\" \/>\n\t<meta property=\"og:image:height\" content=\"891\" \/>\n\t<meta property=\"og:image:type\" content=\"image\/jpeg\" \/>\n<meta name=\"author\" content=\"Andreas Haug\" \/>\n<meta name=\"twitter:card\" content=\"summary_large_image\" \/>\n<meta name=\"twitter:label1\" content=\"Scritto da\" \/>\n\t<meta name=\"twitter:data1\" content=\"Andreas Haug\" \/>\n\t<meta name=\"twitter:label2\" content=\"Tempo di lettura stimato\" \/>\n\t<meta name=\"twitter:data2\" content=\"2 minuto\" \/>\n<script type=\"application\/ld+json\" class=\"yoast-schema-graph\">{\"@context\":\"https:\\\/\\\/schema.org\",\"@graph\":[{\"@type\":\"Article\",\"@id\":\"https:\\\/\\\/loginfo24.com\\\/it\\\/2026\\\/01\\\/23\\\/barig-new-year-event-in-anniversary-year\\\/#article\",\"isPartOf\":{\"@id\":\"https:\\\/\\\/loginfo24.com\\\/it\\\/2026\\\/01\\\/23\\\/barig-new-year-event-in-anniversary-year\\\/\"},\"author\":{\"name\":\"Andreas Haug\",\"@id\":\"https:\\\/\\\/loginfo24.com\\\/it\\\/#\\\/schema\\\/person\\\/cf538b3157f15afd7589245a4b3dbd25\"},\"headline\":\"BARIG: Evento di inizio anno nell\u2019anno dell\u2019anniversario\",\"datePublished\":\"2026-01-23T08:03:06+00:00\",\"dateModified\":\"2026-01-23T08:17:34+00:00\",\"mainEntityOfPage\":{\"@id\":\"https:\\\/\\\/loginfo24.com\\\/it\\\/2026\\\/01\\\/23\\\/barig-new-year-event-in-anniversary-year\\\/\"},\"wordCount\":484,\"commentCount\":0,\"publisher\":{\"@id\":\"https:\\\/\\\/loginfo24.com\\\/it\\\/#organization\"},\"image\":{\"@id\":\"https:\\\/\\\/loginfo24.com\\\/it\\\/2026\\\/01\\\/23\\\/barig-new-year-event-in-anniversary-year\\\/#primaryimage\"},\"thumbnailUrl\":\"https:\\\/\\\/loginfo24.com\\\/wp-content\\\/uploads\\\/sites\\\/7\\\/2026\\\/01\\\/2026_BARIG_AOC_FRA_New_Years_Event-c-BARIG-aspect-ratio-1400-788-1.jpg\",\"keywords\":[\"75 ans de BARIG\",\"75 Jahre BARIG English air transport industry\",\"75 years BARIG Fran\u00e7ais secteur a\u00e9rien\",\"a\u00e9roport de Francfort\",\"air traffic tax\",\"air transport location Hesse\",\"Airline Operators Committee\",\"airport operators\",\"am\u00e9lioration de l'efficacit\u00e9 du transport a\u00e9rien\",\"BARIG\",\"collaboration dans l'aviation\",\"collaboration in aviation\",\"Comit\u00e9 des op\u00e9rateurs a\u00e9riens\",\"competitiveness airlines\",\"comp\u00e9titivit\u00e9 des compagnies a\u00e9riennes\",\"Deutsch Luftverkehrsbranche\",\"d\u00e9veloppement des infrastructures a\u00e9ronautiques\",\"Digitalisierung im Luftverkehr\",\"digitalization in aviation\",\"durabilit\u00e9 dans l'aviation\",\"economic significance air transport\",\"\u00e9conomie du transport en Allemagne\",\"efficiency improvement air transport\",\"Effizienzsteigerung Luftverkehr\",\"emplacement a\u00e9rien Hesse\",\"\u00e9v\u00e9nement du Nouvel An\",\"Fachkr\u00e4ftemangel Luftverkehr\",\"Flughafen Frankfurt\",\"Flughafenbetreiber\",\"Frankfurt Airport\",\"importance \u00e9conomique du transport a\u00e9rien\",\"impulsions politiques pour le transport a\u00e9rien\",\"infrastructure development aviation\",\"Infrastrukturentwicklung Luftverkehr\",\"Luftverkehrsstandort Hessen\",\"Luftverkehrssteuer\",\"Nachhaltigkeit in der Luftfahrt\",\"New Year\u2019s Event\",\"num\u00e9risation dans l'aviation\",\"op\u00e9rateurs d'a\u00e9roport\",\"p\u00e9nurie de main-d'\u0153uvre dans l'aviation\",\"political impulses air transport\",\"politische Impulse Luftverkehr\",\"skilled labor shortage aviation\",\"sustainability in aviation\",\"taxe sur le transport a\u00e9rien\",\"transformation aviation industry\",\"transformation du secteur a\u00e9rien\",\"Transformation Luftfahrtbranche\",\"transport economy Germany\",\"Transportwirtschaft Deutschland\",\"Wettbewerbsf\u00e4higkeit Fluggesellschaften\",\"wirtschaftliche Bedeutung Luftverkehr\",\"Zusammenarbeit in der Luftfahrt\"],\"articleSection\":[\"Persone e aziende\",\"Trasporto aereo\"],\"inLanguage\":\"it-IT\",\"potentialAction\":[{\"@type\":\"CommentAction\",\"name\":\"Comment\",\"target\":[\"https:\\\/\\\/loginfo24.com\\\/it\\\/2026\\\/01\\\/23\\\/barig-new-year-event-in-anniversary-year\\\/#respond\"]}]},{\"@type\":\"WebPage\",\"@id\":\"https:\\\/\\\/loginfo24.com\\\/it\\\/2026\\\/01\\\/23\\\/barig-new-year-event-in-anniversary-year\\\/\",\"url\":\"https:\\\/\\\/loginfo24.com\\\/it\\\/2026\\\/01\\\/23\\\/barig-new-year-event-in-anniversary-year\\\/\",\"name\":\"BARIG: Evento di inizio anno nell\u2019anno dell\u2019anniversario - Loginfo24\",\"isPartOf\":{\"@id\":\"https:\\\/\\\/loginfo24.com\\\/it\\\/#website\"},\"primaryImageOfPage\":{\"@id\":\"https:\\\/\\\/loginfo24.com\\\/it\\\/2026\\\/01\\\/23\\\/barig-new-year-event-in-anniversary-year\\\/#primaryimage\"},\"image\":{\"@id\":\"https:\\\/\\\/loginfo24.com\\\/it\\\/2026\\\/01\\\/23\\\/barig-new-year-event-in-anniversary-year\\\/#primaryimage\"},\"thumbnailUrl\":\"https:\\\/\\\/loginfo24.com\\\/wp-content\\\/uploads\\\/sites\\\/7\\\/2026\\\/01\\\/2026_BARIG_AOC_FRA_New_Years_Event-c-BARIG-aspect-ratio-1400-788-1.jpg\",\"datePublished\":\"2026-01-23T08:03:06+00:00\",\"dateModified\":\"2026-01-23T08:17:34+00:00\",\"breadcrumb\":{\"@id\":\"https:\\\/\\\/loginfo24.com\\\/it\\\/2026\\\/01\\\/23\\\/barig-new-year-event-in-anniversary-year\\\/#breadcrumb\"},\"inLanguage\":\"it-IT\",\"potentialAction\":[{\"@type\":\"ReadAction\",\"target\":[\"https:\\\/\\\/loginfo24.com\\\/it\\\/2026\\\/01\\\/23\\\/barig-new-year-event-in-anniversary-year\\\/\"]}]},{\"@type\":\"ImageObject\",\"inLanguage\":\"it-IT\",\"@id\":\"https:\\\/\\\/loginfo24.com\\\/it\\\/2026\\\/01\\\/23\\\/barig-new-year-event-in-anniversary-year\\\/#primaryimage\",\"url\":\"https:\\\/\\\/loginfo24.com\\\/wp-content\\\/uploads\\\/sites\\\/7\\\/2026\\\/01\\\/2026_BARIG_AOC_FRA_New_Years_Event-c-BARIG-aspect-ratio-1400-788-1.jpg\",\"contentUrl\":\"https:\\\/\\\/loginfo24.com\\\/wp-content\\\/uploads\\\/sites\\\/7\\\/2026\\\/01\\\/2026_BARIG_AOC_FRA_New_Years_Event-c-BARIG-aspect-ratio-1400-788-1.jpg\",\"width\":1582,\"height\":891},{\"@type\":\"BreadcrumbList\",\"@id\":\"https:\\\/\\\/loginfo24.com\\\/it\\\/2026\\\/01\\\/23\\\/barig-new-year-event-in-anniversary-year\\\/#breadcrumb\",\"itemListElement\":[{\"@type\":\"ListItem\",\"position\":1,\"name\":\"Startseite\",\"item\":\"https:\\\/\\\/loginfo24.com\\\/it\\\/\"},{\"@type\":\"ListItem\",\"position\":2,\"name\":\"BARIG: Evento di inizio anno nell\u2019anno dell\u2019anniversario\"}]},{\"@type\":\"WebSite\",\"@id\":\"https:\\\/\\\/loginfo24.com\\\/it\\\/#website\",\"url\":\"https:\\\/\\\/loginfo24.com\\\/it\\\/\",\"name\":\"Loginfo24\",\"description\":\"Loginfo24 \u00e8 la piattaforma dedicata alla logistica e alle catene di fornitura con informazioni disponibili 24 ore su 24.\",\"publisher\":{\"@id\":\"https:\\\/\\\/loginfo24.com\\\/it\\\/#organization\"},\"potentialAction\":[{\"@type\":\"SearchAction\",\"target\":{\"@type\":\"EntryPoint\",\"urlTemplate\":\"https:\\\/\\\/loginfo24.com\\\/it\\\/?s={search_term_string}\"},\"query-input\":{\"@type\":\"PropertyValueSpecification\",\"valueRequired\":true,\"valueName\":\"search_term_string\"}}],\"inLanguage\":\"it-IT\"},{\"@type\":\"Organization\",\"@id\":\"https:\\\/\\\/loginfo24.com\\\/it\\\/#organization\",\"name\":\"Logismedia Group AG\",\"url\":\"https:\\\/\\\/loginfo24.com\\\/it\\\/\",\"logo\":{\"@type\":\"ImageObject\",\"inLanguage\":\"it-IT\",\"@id\":\"https:\\\/\\\/loginfo24.com\\\/it\\\/#\\\/schema\\\/logo\\\/image\\\/\",\"url\":\"https:\\\/\\\/loginfo24.com\\\/wp-content\\\/uploads\\\/sites\\\/7\\\/2026\\\/01\\\/Logo_LogInfo24.png\",\"contentUrl\":\"https:\\\/\\\/loginfo24.com\\\/wp-content\\\/uploads\\\/sites\\\/7\\\/2026\\\/01\\\/Logo_LogInfo24.png\",\"width\":938,\"height\":351,\"caption\":\"Logismedia Group AG\"},\"image\":{\"@id\":\"https:\\\/\\\/loginfo24.com\\\/it\\\/#\\\/schema\\\/logo\\\/image\\\/\"},\"sameAs\":[\"https:\\\/\\\/www.facebook.com\\\/people\\\/Loginfo24\\\/100057360583332\\\/\",\"https:\\\/\\\/www.linkedin.com\\\/company\\\/lofinfo24\\\/\"]},{\"@type\":\"Person\",\"@id\":\"https:\\\/\\\/loginfo24.com\\\/it\\\/#\\\/schema\\\/person\\\/cf538b3157f15afd7589245a4b3dbd25\",\"name\":\"Andreas Haug\",\"url\":\"https:\\\/\\\/loginfo24.com\\\/it\\\/author\\\/andreas\\\/\"}]}<\/script>\n<!-- \/ Yoast SEO plugin. -->","yoast_head_json":{"title":"BARIG: Evento di inizio anno nell\u2019anno dell\u2019anniversario - Loginfo24","robots":{"index":"index","follow":"follow","max-snippet":"max-snippet:-1","max-image-preview":"max-image-preview:large","max-video-preview":"max-video-preview:-1"},"canonical":"https:\/\/loginfo24.com\/it\/2026\/01\/23\/barig-new-year-event-in-anniversary-year\/","og_locale":"it_IT","og_type":"article","og_title":"BARIG: Evento di inizio anno nell\u2019anno dell\u2019anniversario - Loginfo24","og_description":"Circa 150 professionisti e dirigenti del settore dell'aviazione si sono recentemente incontrati a Francoforte per discutere le sfide e rafforzare la collaborazione per il 2026.","og_url":"https:\/\/loginfo24.com\/it\/2026\/01\/23\/barig-new-year-event-in-anniversary-year\/","og_site_name":"Loginfo24","article_publisher":"https:\/\/www.facebook.com\/people\/Loginfo24\/100057360583332\/","article_published_time":"2026-01-23T08:03:06+00:00","article_modified_time":"2026-01-23T08:17:34+00:00","og_image":[{"width":1582,"height":891,"url":"https:\/\/loginfo24.com\/wp-content\/uploads\/sites\/7\/2026\/01\/2026_BARIG_AOC_FRA_New_Years_Event-c-BARIG-aspect-ratio-1400-788-1.jpg","type":"image\/jpeg"}],"author":"Andreas Haug","twitter_card":"summary_large_image","twitter_misc":{"Scritto da":"Andreas Haug","Tempo di lettura stimato":"2 minuto"},"schema":{"@context":"https:\/\/schema.org","@graph":[{"@type":"Article","@id":"https:\/\/loginfo24.com\/it\/2026\/01\/23\/barig-new-year-event-in-anniversary-year\/#article","isPartOf":{"@id":"https:\/\/loginfo24.com\/it\/2026\/01\/23\/barig-new-year-event-in-anniversary-year\/"},"author":{"name":"Andreas Haug","@id":"https:\/\/loginfo24.com\/it\/#\/schema\/person\/cf538b3157f15afd7589245a4b3dbd25"},"headline":"BARIG: Evento di inizio anno nell\u2019anno dell\u2019anniversario","datePublished":"2026-01-23T08:03:06+00:00","dateModified":"2026-01-23T08:17:34+00:00","mainEntityOfPage":{"@id":"https:\/\/loginfo24.com\/it\/2026\/01\/23\/barig-new-year-event-in-anniversary-year\/"},"wordCount":484,"commentCount":0,"publisher":{"@id":"https:\/\/loginfo24.com\/it\/#organization"},"image":{"@id":"https:\/\/loginfo24.com\/it\/2026\/01\/23\/barig-new-year-event-in-anniversary-year\/#primaryimage"},"thumbnailUrl":"https:\/\/loginfo24.com\/wp-content\/uploads\/sites\/7\/2026\/01\/2026_BARIG_AOC_FRA_New_Years_Event-c-BARIG-aspect-ratio-1400-788-1.jpg","keywords":["75 ans de BARIG","75 Jahre BARIG English air transport industry","75 years BARIG Fran\u00e7ais secteur a\u00e9rien","a\u00e9roport de Francfort","air traffic tax","air transport location Hesse","Airline Operators Committee","airport operators","am\u00e9lioration de l'efficacit\u00e9 du transport a\u00e9rien","BARIG","collaboration dans l'aviation","collaboration in aviation","Comit\u00e9 des op\u00e9rateurs a\u00e9riens","competitiveness airlines","comp\u00e9titivit\u00e9 des compagnies a\u00e9riennes","Deutsch Luftverkehrsbranche","d\u00e9veloppement des infrastructures a\u00e9ronautiques","Digitalisierung im Luftverkehr","digitalization in aviation","durabilit\u00e9 dans l'aviation","economic significance air transport","\u00e9conomie du transport en Allemagne","efficiency improvement air transport","Effizienzsteigerung Luftverkehr","emplacement a\u00e9rien Hesse","\u00e9v\u00e9nement du Nouvel An","Fachkr\u00e4ftemangel Luftverkehr","Flughafen Frankfurt","Flughafenbetreiber","Frankfurt Airport","importance \u00e9conomique du transport a\u00e9rien","impulsions politiques pour le transport a\u00e9rien","infrastructure development aviation","Infrastrukturentwicklung Luftverkehr","Luftverkehrsstandort Hessen","Luftverkehrssteuer","Nachhaltigkeit in der Luftfahrt","New Year\u2019s Event","num\u00e9risation dans l'aviation","op\u00e9rateurs d'a\u00e9roport","p\u00e9nurie de main-d'\u0153uvre dans l'aviation","political impulses air transport","politische Impulse Luftverkehr","skilled labor shortage aviation","sustainability in aviation","taxe sur le transport a\u00e9rien","transformation aviation industry","transformation du secteur a\u00e9rien","Transformation Luftfahrtbranche","transport economy Germany","Transportwirtschaft Deutschland","Wettbewerbsf\u00e4higkeit Fluggesellschaften","wirtschaftliche Bedeutung Luftverkehr","Zusammenarbeit in der Luftfahrt"],"articleSection":["Persone e aziende","Trasporto aereo"],"inLanguage":"it-IT","potentialAction":[{"@type":"CommentAction","name":"Comment","target":["https:\/\/loginfo24.com\/it\/2026\/01\/23\/barig-new-year-event-in-anniversary-year\/#respond"]}]},{"@type":"WebPage","@id":"https:\/\/loginfo24.com\/it\/2026\/01\/23\/barig-new-year-event-in-anniversary-year\/","url":"https:\/\/loginfo24.com\/it\/2026\/01\/23\/barig-new-year-event-in-anniversary-year\/","name":"BARIG: Evento di inizio anno nell\u2019anno dell\u2019anniversario - Loginfo24","isPartOf":{"@id":"https:\/\/loginfo24.com\/it\/#website"},"primaryImageOfPage":{"@id":"https:\/\/loginfo24.com\/it\/2026\/01\/23\/barig-new-year-event-in-anniversary-year\/#primaryimage"},"image":{"@id":"https:\/\/loginfo24.com\/it\/2026\/01\/23\/barig-new-year-event-in-anniversary-year\/#primaryimage"},"thumbnailUrl":"https:\/\/loginfo24.com\/wp-content\/uploads\/sites\/7\/2026\/01\/2026_BARIG_AOC_FRA_New_Years_Event-c-BARIG-aspect-ratio-1400-788-1.jpg","datePublished":"2026-01-23T08:03:06+00:00","dateModified":"2026-01-23T08:17:34+00:00","breadcrumb":{"@id":"https:\/\/loginfo24.com\/it\/2026\/01\/23\/barig-new-year-event-in-anniversary-year\/#breadcrumb"},"inLanguage":"it-IT","potentialAction":[{"@type":"ReadAction","target":["https:\/\/loginfo24.com\/it\/2026\/01\/23\/barig-new-year-event-in-anniversary-year\/"]}]},{"@type":"ImageObject","inLanguage":"it-IT","@id":"https:\/\/loginfo24.com\/it\/2026\/01\/23\/barig-new-year-event-in-anniversary-year\/#primaryimage","url":"https:\/\/loginfo24.com\/wp-content\/uploads\/sites\/7\/2026\/01\/2026_BARIG_AOC_FRA_New_Years_Event-c-BARIG-aspect-ratio-1400-788-1.jpg","contentUrl":"https:\/\/loginfo24.com\/wp-content\/uploads\/sites\/7\/2026\/01\/2026_BARIG_AOC_FRA_New_Years_Event-c-BARIG-aspect-ratio-1400-788-1.jpg","width":1582,"height":891},{"@type":"BreadcrumbList","@id":"https:\/\/loginfo24.com\/it\/2026\/01\/23\/barig-new-year-event-in-anniversary-year\/#breadcrumb","itemListElement":[{"@type":"ListItem","position":1,"name":"Startseite","item":"https:\/\/loginfo24.com\/it\/"},{"@type":"ListItem","position":2,"name":"BARIG: Evento di inizio anno nell\u2019anno dell\u2019anniversario"}]},{"@type":"WebSite","@id":"https:\/\/loginfo24.com\/it\/#website","url":"https:\/\/loginfo24.com\/it\/","name":"Loginfo24","description":"Loginfo24 \u00e8 la piattaforma dedicata alla logistica e alle catene di fornitura con informazioni disponibili 24 ore su 24.","publisher":{"@id":"https:\/\/loginfo24.com\/it\/#organization"},"potentialAction":[{"@type":"SearchAction","target":{"@type":"EntryPoint","urlTemplate":"https:\/\/loginfo24.com\/it\/?s={search_term_string}"},"query-input":{"@type":"PropertyValueSpecification","valueRequired":true,"valueName":"search_term_string"}}],"inLanguage":"it-IT"},{"@type":"Organization","@id":"https:\/\/loginfo24.com\/it\/#organization","name":"Logismedia Group AG","url":"https:\/\/loginfo24.com\/it\/","logo":{"@type":"ImageObject","inLanguage":"it-IT","@id":"https:\/\/loginfo24.com\/it\/#\/schema\/logo\/image\/","url":"https:\/\/loginfo24.com\/wp-content\/uploads\/sites\/7\/2026\/01\/Logo_LogInfo24.png","contentUrl":"https:\/\/loginfo24.com\/wp-content\/uploads\/sites\/7\/2026\/01\/Logo_LogInfo24.png","width":938,"height":351,"caption":"Logismedia Group AG"},"image":{"@id":"https:\/\/loginfo24.com\/it\/#\/schema\/logo\/image\/"},"sameAs":["https:\/\/www.facebook.com\/people\/Loginfo24\/100057360583332\/","https:\/\/www.linkedin.com\/company\/lofinfo24\/"]},{"@type":"Person","@id":"https:\/\/loginfo24.com\/it\/#\/schema\/person\/cf538b3157f15afd7589245a4b3dbd25","name":"Andreas Haug","url":"https:\/\/loginfo24.com\/it\/author\/andreas\/"}]}},"_links":{"self":[{"href":"https:\/\/loginfo24.com\/it\/wp-json\/wp\/v2\/posts\/73502","targetHints":{"allow":["GET"]}}],"collection":[{"href":"https:\/\/loginfo24.com\/it\/wp-json\/wp\/v2\/posts"}],"about":[{"href":"https:\/\/loginfo24.com\/it\/wp-json\/wp\/v2\/types\/post"}],"author":[{"embeddable":true,"href":"https:\/\/loginfo24.com\/it\/wp-json\/wp\/v2\/users\/12"}],"replies":[{"embeddable":true,"href":"https:\/\/loginfo24.com\/it\/wp-json\/wp\/v2\/comments?post=73502"}],"version-history":[{"count":1,"href":"https:\/\/loginfo24.com\/it\/wp-json\/wp\/v2\/posts\/73502\/revisions"}],"predecessor-version":[{"id":73509,"href":"https:\/\/loginfo24.com\/it\/wp-json\/wp\/v2\/posts\/73502\/revisions\/73509"}],"wp:featuredmedia":[{"embeddable":true,"href":"https:\/\/loginfo24.com\/it\/wp-json\/wp\/v2\/media\/73498"}],"wp:attachment":[{"href":"https:\/\/loginfo24.com\/it\/wp-json\/wp\/v2\/media?parent=73502"}],"wp:term":[{"taxonomy":"category","embeddable":true,"href":"https:\/\/loginfo24.com\/it\/wp-json\/wp\/v2\/categories?post=73502"},{"taxonomy":"post_tag","embeddable":true,"href":"https:\/\/loginfo24.com\/it\/wp-json\/wp\/v2\/tags?post=73502"}],"curies":[{"name":"wp","href":"https:\/\/api.w.org\/{rel}","templated":true}]}}