{"id":73487,"date":"2026-01-22T10:20:46","date_gmt":"2026-01-22T10:20:46","guid":{"rendered":"https:\/\/loginfo24.brand-architecture.at\/2026\/01\/22\/cambio-di-leadership-in-zetes\/"},"modified":"2026-01-22T10:20:46","modified_gmt":"2026-01-22T10:20:46","slug":"cambio-di-leadership-in-zetes","status":"publish","type":"post","link":"https:\/\/loginfo24.com\/it\/2026\/01\/22\/cambio-di-leadership-in-zetes\/","title":{"rendered":"Cambio di leadership in Zetes"},"content":{"rendered":"<p>Pierre Lambert (a sinistra), l&#8217;attuale CEO di Zetes, sar\u00e0 sostituito da Ronny Depoortere il 1\u00b0 aprile 2026. Lambert, che lavora in azienda da oltre 20 anni, ha contribuito in modo significativo allo sviluppo dell&#8217;azienda durante il suo periodo come CFO e successivamente come CEO. In una comunicazione ha dichiarato che \u00e8 stato un onore sviluppare Zetes negli ultimi 25 anni e guidarla come CEO negli ultimi quattro. Ha sottolineato di avere grande fiducia in Depoortere e di essere ansioso di supportarlo nel suo nuovo ruolo di presidente non esecutivo del consiglio di amministrazione di Zetes.<\/p>\n<p>Ronny Depoortere porta con s\u00e9 oltre 30 anni di esperienza nel settore delle tecnologie dell&#8217;informazione e della comunicazione (ICT), di cui quasi 25 anni nel campo dell&#8217;identit\u00e0 dei cittadini. \u00c8 entrato in azienda nel 2002 per fondare la People ID Division ed \u00e8 stato Senior Vice President di questo dipartimento per quasi 20 anni. Nell&#8217;aprile 2022 \u00e8 diventato presidente e membro del consiglio. Con un background accademico in ingegneria elettrica, economia aziendale e diritto societario, ha trasformato il settore dell&#8217;identit\u00e0 dei cittadini di Zetes in un&#8217;attivit\u00e0 riconosciuta a livello internazionale. Depoortere ha dichiarato di sentirsi onorato di succedere a Lambert e di essere entusiasta di collaborare con il team di leadership e i dipendenti per plasmare la prossima fase dell&#8217;azienda.<\/p>\n<h3>Cambiamenti nel consiglio e nella struttura aziendale<\/h3>\n<p>Oltre ai cambiamenti nella leadership, Satoshi Mizobata si dimetter\u00e0 dopo cinque anni come presidente del consiglio di amministrazione di Zetes nel giugno 2026. Bart Crols succeder\u00e0 a Depoortere come presidente della People ID Division il 1\u00b0 aprile 2026. Tiago Concei\u00e7\u00e3o, nominato presidente della Goods ID Division nell&#8217;aprile 2025, continuer\u00e0 a ricoprire questa posizione. Jo\u00ebl Criqui \u00e8 stato nominato Group CFO nel team di leadership di Zetes nel gennaio 2026.<\/p>\n<p>Zetes \u00e8 un&#8217;azienda tecnologica con sede a Bruxelles, specializzata in soluzioni per l&#8217;ottimizzazione delle catene di approvvigionamento e per l&#8217;identificazione dei cittadini. L&#8217;azienda impiega oltre 1.300 persone in 23 paesi nella regione EMEA ed \u00e8 diventata una filiale della Panasonic Corporation nel 2017. Nel 2024, Zetes ha acquisito una partecipazione del 50% nell&#8217;azienda danese Robotize, un produttore leader di robot mobili autonomi.<\/p>\n<p>&nbsp;<\/p>\n<p><a href=\"https:\/\/www.zetes.com\/\" target=\"_blank\" rel=\"noopener noreferrer\">www.zetes.com<\/a><\/p>\n<p>&nbsp;<\/p>\n","protected":false},"excerpt":{"rendered":"<p>Pierre Lambert sar\u00e0 sostituito da Ronny Depoortere come CEO di Zetes il 1 aprile 2026, dopo aver influenzato l&#8217;azienda per 25 anni.<\/p>\n","protected":false},"author":12,"featured_media":73483,"comment_status":"open","ping_status":"open","sticky":false,"template":"","format":"standard","meta":{"_acf_changed":false,"footnotes":""},"categories":[1627,1629],"tags":[6461,6462,6463,6464,6465,6466,6467,6468,6469,6470,2211,2212,6471,6472,4114,6473,6474,6475,6476,6477,6478,6479,6480,6481,6482,6483,6484,5733,6485,4784,6486,6487,6488,6489,6490,6491,4140,6492,6493,6494,5424,6495,6496,5748,5430,6497,6498,6499,2242,6500,6501],"class_list":["post-73487","post","type-post","status-publish","format-standard","has-post-thumbnail","hentry","category-persone-e-aziende","category-spedizioni-e-logistica","tag-autonome-mobile-roboter","tag-autonomous-mobile-robots","tag-board-zetes","tag-buergeridentifikation","tag-ceo-zetes","tag-changement-de-direction-zetes","tag-citizen-identification","tag-conseil-zetes","tag-corporate-structure-zetes","tag-deutsch-zetes","tag-digital-transformation","tag-digitale-transformation","tag-division-goods-id","tag-division-people-id","tag-emea-region","tag-employees-zetes","tag-employes-zetes","tag-entreprise-technologique-bruxelles","tag-fachkraeftemangel-ikt","tag-filiale-de-panasonic-corporation","tag-fuehrungswechsel-zetes","tag-goods-id-division-english-zetes","tag-goods-id-division-francais-zetes","tag-identification-des-citoyens","tag-information-and-communication-technology","tag-informations-und-kommunikationstechnologie","tag-leadership-change-zetes","tag-lieferkettenoptimierung","tag-mitarbeiter-zetes","tag-optimisation-de-la-chaine-dapprovisionnement","tag-panasonic-corporation-subsidiary","tag-panasonic-corporation-tochtergesellschaft","tag-pdg-zetes","tag-penurie-de-competences-tic","tag-people-id-division","tag-pierre-lambert","tag-region-emea","tag-robots-mobiles-autonomes","tag-ronny-depoortere","tag-skills-shortage-ict","tag-solutions-de-chaine-dapprovisionnement","tag-structure-dentreprise-zetes","tag-supply-chain-loesungen","tag-supply-chain-optimization","tag-supply-chain-solutions","tag-technologies-de-linformation-et-de-la-communication","tag-technologieunternehmen-bruessel","tag-technology-company-brussels","tag-transformation-numerique","tag-unternehmensstruktur-zetes","tag-vorstand-zetes"],"acf":[],"yoast_head":"<!-- This site is optimized with the Yoast SEO plugin v27.3 - https:\/\/yoast.com\/product\/yoast-seo-wordpress\/ -->\n<title>Cambio di leadership in Zetes - Loginfo24<\/title>\n<meta name=\"robots\" content=\"index, follow, max-snippet:-1, max-image-preview:large, max-video-preview:-1\" \/>\n<link rel=\"canonical\" href=\"https:\/\/loginfo24.com\/it\/2026\/01\/22\/cambio-di-leadership-in-zetes\/\" \/>\n<meta property=\"og:locale\" content=\"it_IT\" \/>\n<meta property=\"og:type\" content=\"article\" \/>\n<meta property=\"og:title\" content=\"Cambio di leadership in Zetes - Loginfo24\" \/>\n<meta property=\"og:description\" content=\"Pierre Lambert sar\u00e0 sostituito da Ronny Depoortere come CEO di Zetes il 1 aprile 2026, dopo aver influenzato l&#039;azienda per 25 anni.\" \/>\n<meta property=\"og:url\" content=\"https:\/\/loginfo24.com\/it\/2026\/01\/22\/cambio-di-leadership-in-zetes\/\" \/>\n<meta property=\"og:site_name\" content=\"Loginfo24\" \/>\n<meta property=\"article:publisher\" content=\"https:\/\/www.facebook.com\/people\/Loginfo24\/100057360583332\/\" \/>\n<meta property=\"article:published_time\" content=\"2026-01-22T10:20:46+00:00\" \/>\n<meta property=\"og:image\" content=\"https:\/\/loginfo24.com\/wp-content\/uploads\/sites\/7\/2026\/01\/2026_01_13-Zetes-82_low-aspect-ratio-1400-788.jpg\" \/>\n\t<meta property=\"og:image:width\" content=\"1192\" \/>\n\t<meta property=\"og:image:height\" content=\"671\" \/>\n\t<meta property=\"og:image:type\" content=\"image\/jpeg\" \/>\n<meta name=\"author\" content=\"Andreas Haug\" \/>\n<meta name=\"twitter:card\" content=\"summary_large_image\" \/>\n<meta name=\"twitter:label1\" content=\"Scritto da\" \/>\n\t<meta name=\"twitter:data1\" content=\"Andreas Haug\" \/>\n\t<meta name=\"twitter:label2\" content=\"Tempo di lettura stimato\" \/>\n\t<meta name=\"twitter:data2\" content=\"2 minuto\" \/>\n<script type=\"application\/ld+json\" class=\"yoast-schema-graph\">{\"@context\":\"https:\\\/\\\/schema.org\",\"@graph\":[{\"@type\":\"Article\",\"@id\":\"https:\\\/\\\/loginfo24.com\\\/it\\\/2026\\\/01\\\/22\\\/cambio-di-leadership-in-zetes\\\/#article\",\"isPartOf\":{\"@id\":\"https:\\\/\\\/loginfo24.com\\\/it\\\/2026\\\/01\\\/22\\\/cambio-di-leadership-in-zetes\\\/\"},\"author\":{\"name\":\"Andreas Haug\",\"@id\":\"https:\\\/\\\/loginfo24.com\\\/it\\\/#\\\/schema\\\/person\\\/cf538b3157f15afd7589245a4b3dbd25\"},\"headline\":\"Cambio di leadership in Zetes\",\"datePublished\":\"2026-01-22T10:20:46+00:00\",\"mainEntityOfPage\":{\"@id\":\"https:\\\/\\\/loginfo24.com\\\/it\\\/2026\\\/01\\\/22\\\/cambio-di-leadership-in-zetes\\\/\"},\"wordCount\":353,\"commentCount\":0,\"publisher\":{\"@id\":\"https:\\\/\\\/loginfo24.com\\\/it\\\/#organization\"},\"image\":{\"@id\":\"https:\\\/\\\/loginfo24.com\\\/it\\\/2026\\\/01\\\/22\\\/cambio-di-leadership-in-zetes\\\/#primaryimage\"},\"thumbnailUrl\":\"https:\\\/\\\/loginfo24.com\\\/wp-content\\\/uploads\\\/sites\\\/7\\\/2026\\\/01\\\/2026_01_13-Zetes-82_low-aspect-ratio-1400-788.jpg\",\"keywords\":[\"autonome mobile Roboter\",\"autonomous mobile robots\",\"board Zetes\",\"B\u00fcrgeridentifikation\",\"CEO Zetes\",\"changement de direction Zetes\",\"citizen identification\",\"conseil Zetes\",\"corporate structure Zetes\",\"Deutsch Zetes\",\"digital transformation\",\"digitale Transformation\",\"division Goods ID\",\"division People ID\",\"EMEA-Region\",\"employees Zetes\",\"employ\u00e9s Zetes\",\"entreprise technologique Bruxelles\",\"Fachkr\u00e4ftemangel IKT\",\"filiale de Panasonic Corporation\",\"F\u00fchrungswechsel Zetes\",\"Goods ID Division English Zetes\",\"Goods ID Division Fran\u00e7ais Zetes\",\"identification des citoyens\",\"information and communication technology\",\"Informations- und Kommunikationstechnologie\",\"leadership change Zetes\",\"Lieferkettenoptimierung\",\"Mitarbeiter Zetes\",\"optimisation de la cha\u00eene d'approvisionnement\",\"Panasonic Corporation subsidiary\",\"Panasonic Corporation Tochtergesellschaft\",\"PDG Zetes\",\"p\u00e9nurie de comp\u00e9tences TIC\",\"People ID Division\",\"Pierre Lambert\",\"r\u00e9gion EMEA\",\"robots mobiles autonomes\",\"Ronny Depoortere\",\"skills shortage ICT\",\"solutions de cha\u00eene d'approvisionnement\",\"structure d'entreprise Zetes\",\"Supply Chain L\u00f6sungen\",\"supply chain optimization\",\"supply chain solutions\",\"technologies de l'information et de la communication\",\"Technologieunternehmen Br\u00fcssel\",\"technology company Brussels\",\"transformation num\u00e9rique\",\"Unternehmensstruktur Zetes\",\"Vorstand Zetes\"],\"articleSection\":[\"Persone e aziende\",\"Spedizioniere e Logistica\"],\"inLanguage\":\"it-IT\",\"potentialAction\":[{\"@type\":\"CommentAction\",\"name\":\"Comment\",\"target\":[\"https:\\\/\\\/loginfo24.com\\\/it\\\/2026\\\/01\\\/22\\\/cambio-di-leadership-in-zetes\\\/#respond\"]}]},{\"@type\":\"WebPage\",\"@id\":\"https:\\\/\\\/loginfo24.com\\\/it\\\/2026\\\/01\\\/22\\\/cambio-di-leadership-in-zetes\\\/\",\"url\":\"https:\\\/\\\/loginfo24.com\\\/it\\\/2026\\\/01\\\/22\\\/cambio-di-leadership-in-zetes\\\/\",\"name\":\"Cambio di leadership in Zetes - Loginfo24\",\"isPartOf\":{\"@id\":\"https:\\\/\\\/loginfo24.com\\\/it\\\/#website\"},\"primaryImageOfPage\":{\"@id\":\"https:\\\/\\\/loginfo24.com\\\/it\\\/2026\\\/01\\\/22\\\/cambio-di-leadership-in-zetes\\\/#primaryimage\"},\"image\":{\"@id\":\"https:\\\/\\\/loginfo24.com\\\/it\\\/2026\\\/01\\\/22\\\/cambio-di-leadership-in-zetes\\\/#primaryimage\"},\"thumbnailUrl\":\"https:\\\/\\\/loginfo24.com\\\/wp-content\\\/uploads\\\/sites\\\/7\\\/2026\\\/01\\\/2026_01_13-Zetes-82_low-aspect-ratio-1400-788.jpg\",\"datePublished\":\"2026-01-22T10:20:46+00:00\",\"breadcrumb\":{\"@id\":\"https:\\\/\\\/loginfo24.com\\\/it\\\/2026\\\/01\\\/22\\\/cambio-di-leadership-in-zetes\\\/#breadcrumb\"},\"inLanguage\":\"it-IT\",\"potentialAction\":[{\"@type\":\"ReadAction\",\"target\":[\"https:\\\/\\\/loginfo24.com\\\/it\\\/2026\\\/01\\\/22\\\/cambio-di-leadership-in-zetes\\\/\"]}]},{\"@type\":\"ImageObject\",\"inLanguage\":\"it-IT\",\"@id\":\"https:\\\/\\\/loginfo24.com\\\/it\\\/2026\\\/01\\\/22\\\/cambio-di-leadership-in-zetes\\\/#primaryimage\",\"url\":\"https:\\\/\\\/loginfo24.com\\\/wp-content\\\/uploads\\\/sites\\\/7\\\/2026\\\/01\\\/2026_01_13-Zetes-82_low-aspect-ratio-1400-788.jpg\",\"contentUrl\":\"https:\\\/\\\/loginfo24.com\\\/wp-content\\\/uploads\\\/sites\\\/7\\\/2026\\\/01\\\/2026_01_13-Zetes-82_low-aspect-ratio-1400-788.jpg\",\"width\":1192,\"height\":671},{\"@type\":\"BreadcrumbList\",\"@id\":\"https:\\\/\\\/loginfo24.com\\\/it\\\/2026\\\/01\\\/22\\\/cambio-di-leadership-in-zetes\\\/#breadcrumb\",\"itemListElement\":[{\"@type\":\"ListItem\",\"position\":1,\"name\":\"Startseite\",\"item\":\"https:\\\/\\\/loginfo24.com\\\/it\\\/\"},{\"@type\":\"ListItem\",\"position\":2,\"name\":\"Cambio di leadership in Zetes\"}]},{\"@type\":\"WebSite\",\"@id\":\"https:\\\/\\\/loginfo24.com\\\/it\\\/#website\",\"url\":\"https:\\\/\\\/loginfo24.com\\\/it\\\/\",\"name\":\"Loginfo24\",\"description\":\"Loginfo24 \u00e8 la piattaforma dedicata alla logistica e alle catene di fornitura con informazioni disponibili 24 ore su 24.\",\"publisher\":{\"@id\":\"https:\\\/\\\/loginfo24.com\\\/it\\\/#organization\"},\"potentialAction\":[{\"@type\":\"SearchAction\",\"target\":{\"@type\":\"EntryPoint\",\"urlTemplate\":\"https:\\\/\\\/loginfo24.com\\\/it\\\/?s={search_term_string}\"},\"query-input\":{\"@type\":\"PropertyValueSpecification\",\"valueRequired\":true,\"valueName\":\"search_term_string\"}}],\"inLanguage\":\"it-IT\"},{\"@type\":\"Organization\",\"@id\":\"https:\\\/\\\/loginfo24.com\\\/it\\\/#organization\",\"name\":\"Logismedia Group AG\",\"url\":\"https:\\\/\\\/loginfo24.com\\\/it\\\/\",\"logo\":{\"@type\":\"ImageObject\",\"inLanguage\":\"it-IT\",\"@id\":\"https:\\\/\\\/loginfo24.com\\\/it\\\/#\\\/schema\\\/logo\\\/image\\\/\",\"url\":\"https:\\\/\\\/loginfo24.com\\\/wp-content\\\/uploads\\\/sites\\\/7\\\/2026\\\/01\\\/Logo_LogInfo24.png\",\"contentUrl\":\"https:\\\/\\\/loginfo24.com\\\/wp-content\\\/uploads\\\/sites\\\/7\\\/2026\\\/01\\\/Logo_LogInfo24.png\",\"width\":938,\"height\":351,\"caption\":\"Logismedia Group AG\"},\"image\":{\"@id\":\"https:\\\/\\\/loginfo24.com\\\/it\\\/#\\\/schema\\\/logo\\\/image\\\/\"},\"sameAs\":[\"https:\\\/\\\/www.facebook.com\\\/people\\\/Loginfo24\\\/100057360583332\\\/\",\"https:\\\/\\\/www.linkedin.com\\\/company\\\/lofinfo24\\\/\"]},{\"@type\":\"Person\",\"@id\":\"https:\\\/\\\/loginfo24.com\\\/it\\\/#\\\/schema\\\/person\\\/cf538b3157f15afd7589245a4b3dbd25\",\"name\":\"Andreas Haug\",\"url\":\"https:\\\/\\\/loginfo24.com\\\/it\\\/author\\\/andreas\\\/\"}]}<\/script>\n<!-- \/ Yoast SEO plugin. -->","yoast_head_json":{"title":"Cambio di leadership in Zetes - Loginfo24","robots":{"index":"index","follow":"follow","max-snippet":"max-snippet:-1","max-image-preview":"max-image-preview:large","max-video-preview":"max-video-preview:-1"},"canonical":"https:\/\/loginfo24.com\/it\/2026\/01\/22\/cambio-di-leadership-in-zetes\/","og_locale":"it_IT","og_type":"article","og_title":"Cambio di leadership in Zetes - Loginfo24","og_description":"Pierre Lambert sar\u00e0 sostituito da Ronny Depoortere come CEO di Zetes il 1 aprile 2026, dopo aver influenzato l'azienda per 25 anni.","og_url":"https:\/\/loginfo24.com\/it\/2026\/01\/22\/cambio-di-leadership-in-zetes\/","og_site_name":"Loginfo24","article_publisher":"https:\/\/www.facebook.com\/people\/Loginfo24\/100057360583332\/","article_published_time":"2026-01-22T10:20:46+00:00","og_image":[{"width":1192,"height":671,"url":"https:\/\/loginfo24.com\/wp-content\/uploads\/sites\/7\/2026\/01\/2026_01_13-Zetes-82_low-aspect-ratio-1400-788.jpg","type":"image\/jpeg"}],"author":"Andreas Haug","twitter_card":"summary_large_image","twitter_misc":{"Scritto da":"Andreas Haug","Tempo di lettura stimato":"2 minuto"},"schema":{"@context":"https:\/\/schema.org","@graph":[{"@type":"Article","@id":"https:\/\/loginfo24.com\/it\/2026\/01\/22\/cambio-di-leadership-in-zetes\/#article","isPartOf":{"@id":"https:\/\/loginfo24.com\/it\/2026\/01\/22\/cambio-di-leadership-in-zetes\/"},"author":{"name":"Andreas Haug","@id":"https:\/\/loginfo24.com\/it\/#\/schema\/person\/cf538b3157f15afd7589245a4b3dbd25"},"headline":"Cambio di leadership in Zetes","datePublished":"2026-01-22T10:20:46+00:00","mainEntityOfPage":{"@id":"https:\/\/loginfo24.com\/it\/2026\/01\/22\/cambio-di-leadership-in-zetes\/"},"wordCount":353,"commentCount":0,"publisher":{"@id":"https:\/\/loginfo24.com\/it\/#organization"},"image":{"@id":"https:\/\/loginfo24.com\/it\/2026\/01\/22\/cambio-di-leadership-in-zetes\/#primaryimage"},"thumbnailUrl":"https:\/\/loginfo24.com\/wp-content\/uploads\/sites\/7\/2026\/01\/2026_01_13-Zetes-82_low-aspect-ratio-1400-788.jpg","keywords":["autonome mobile Roboter","autonomous mobile robots","board Zetes","B\u00fcrgeridentifikation","CEO Zetes","changement de direction Zetes","citizen identification","conseil Zetes","corporate structure Zetes","Deutsch Zetes","digital transformation","digitale Transformation","division Goods ID","division People ID","EMEA-Region","employees Zetes","employ\u00e9s Zetes","entreprise technologique Bruxelles","Fachkr\u00e4ftemangel IKT","filiale de Panasonic Corporation","F\u00fchrungswechsel Zetes","Goods ID Division English Zetes","Goods ID Division Fran\u00e7ais Zetes","identification des citoyens","information and communication technology","Informations- und Kommunikationstechnologie","leadership change Zetes","Lieferkettenoptimierung","Mitarbeiter Zetes","optimisation de la cha\u00eene d'approvisionnement","Panasonic Corporation subsidiary","Panasonic Corporation Tochtergesellschaft","PDG Zetes","p\u00e9nurie de comp\u00e9tences TIC","People ID Division","Pierre Lambert","r\u00e9gion EMEA","robots mobiles autonomes","Ronny Depoortere","skills shortage ICT","solutions de cha\u00eene d'approvisionnement","structure d'entreprise Zetes","Supply Chain L\u00f6sungen","supply chain optimization","supply chain solutions","technologies de l'information et de la communication","Technologieunternehmen Br\u00fcssel","technology company Brussels","transformation num\u00e9rique","Unternehmensstruktur Zetes","Vorstand Zetes"],"articleSection":["Persone e aziende","Spedizioniere e Logistica"],"inLanguage":"it-IT","potentialAction":[{"@type":"CommentAction","name":"Comment","target":["https:\/\/loginfo24.com\/it\/2026\/01\/22\/cambio-di-leadership-in-zetes\/#respond"]}]},{"@type":"WebPage","@id":"https:\/\/loginfo24.com\/it\/2026\/01\/22\/cambio-di-leadership-in-zetes\/","url":"https:\/\/loginfo24.com\/it\/2026\/01\/22\/cambio-di-leadership-in-zetes\/","name":"Cambio di leadership in Zetes - Loginfo24","isPartOf":{"@id":"https:\/\/loginfo24.com\/it\/#website"},"primaryImageOfPage":{"@id":"https:\/\/loginfo24.com\/it\/2026\/01\/22\/cambio-di-leadership-in-zetes\/#primaryimage"},"image":{"@id":"https:\/\/loginfo24.com\/it\/2026\/01\/22\/cambio-di-leadership-in-zetes\/#primaryimage"},"thumbnailUrl":"https:\/\/loginfo24.com\/wp-content\/uploads\/sites\/7\/2026\/01\/2026_01_13-Zetes-82_low-aspect-ratio-1400-788.jpg","datePublished":"2026-01-22T10:20:46+00:00","breadcrumb":{"@id":"https:\/\/loginfo24.com\/it\/2026\/01\/22\/cambio-di-leadership-in-zetes\/#breadcrumb"},"inLanguage":"it-IT","potentialAction":[{"@type":"ReadAction","target":["https:\/\/loginfo24.com\/it\/2026\/01\/22\/cambio-di-leadership-in-zetes\/"]}]},{"@type":"ImageObject","inLanguage":"it-IT","@id":"https:\/\/loginfo24.com\/it\/2026\/01\/22\/cambio-di-leadership-in-zetes\/#primaryimage","url":"https:\/\/loginfo24.com\/wp-content\/uploads\/sites\/7\/2026\/01\/2026_01_13-Zetes-82_low-aspect-ratio-1400-788.jpg","contentUrl":"https:\/\/loginfo24.com\/wp-content\/uploads\/sites\/7\/2026\/01\/2026_01_13-Zetes-82_low-aspect-ratio-1400-788.jpg","width":1192,"height":671},{"@type":"BreadcrumbList","@id":"https:\/\/loginfo24.com\/it\/2026\/01\/22\/cambio-di-leadership-in-zetes\/#breadcrumb","itemListElement":[{"@type":"ListItem","position":1,"name":"Startseite","item":"https:\/\/loginfo24.com\/it\/"},{"@type":"ListItem","position":2,"name":"Cambio di leadership in Zetes"}]},{"@type":"WebSite","@id":"https:\/\/loginfo24.com\/it\/#website","url":"https:\/\/loginfo24.com\/it\/","name":"Loginfo24","description":"Loginfo24 \u00e8 la piattaforma dedicata alla logistica e alle catene di fornitura con informazioni disponibili 24 ore su 24.","publisher":{"@id":"https:\/\/loginfo24.com\/it\/#organization"},"potentialAction":[{"@type":"SearchAction","target":{"@type":"EntryPoint","urlTemplate":"https:\/\/loginfo24.com\/it\/?s={search_term_string}"},"query-input":{"@type":"PropertyValueSpecification","valueRequired":true,"valueName":"search_term_string"}}],"inLanguage":"it-IT"},{"@type":"Organization","@id":"https:\/\/loginfo24.com\/it\/#organization","name":"Logismedia Group AG","url":"https:\/\/loginfo24.com\/it\/","logo":{"@type":"ImageObject","inLanguage":"it-IT","@id":"https:\/\/loginfo24.com\/it\/#\/schema\/logo\/image\/","url":"https:\/\/loginfo24.com\/wp-content\/uploads\/sites\/7\/2026\/01\/Logo_LogInfo24.png","contentUrl":"https:\/\/loginfo24.com\/wp-content\/uploads\/sites\/7\/2026\/01\/Logo_LogInfo24.png","width":938,"height":351,"caption":"Logismedia Group AG"},"image":{"@id":"https:\/\/loginfo24.com\/it\/#\/schema\/logo\/image\/"},"sameAs":["https:\/\/www.facebook.com\/people\/Loginfo24\/100057360583332\/","https:\/\/www.linkedin.com\/company\/lofinfo24\/"]},{"@type":"Person","@id":"https:\/\/loginfo24.com\/it\/#\/schema\/person\/cf538b3157f15afd7589245a4b3dbd25","name":"Andreas Haug","url":"https:\/\/loginfo24.com\/it\/author\/andreas\/"}]}},"_links":{"self":[{"href":"https:\/\/loginfo24.com\/it\/wp-json\/wp\/v2\/posts\/73487","targetHints":{"allow":["GET"]}}],"collection":[{"href":"https:\/\/loginfo24.com\/it\/wp-json\/wp\/v2\/posts"}],"about":[{"href":"https:\/\/loginfo24.com\/it\/wp-json\/wp\/v2\/types\/post"}],"author":[{"embeddable":true,"href":"https:\/\/loginfo24.com\/it\/wp-json\/wp\/v2\/users\/12"}],"replies":[{"embeddable":true,"href":"https:\/\/loginfo24.com\/it\/wp-json\/wp\/v2\/comments?post=73487"}],"version-history":[{"count":0,"href":"https:\/\/loginfo24.com\/it\/wp-json\/wp\/v2\/posts\/73487\/revisions"}],"wp:featuredmedia":[{"embeddable":true,"href":"https:\/\/loginfo24.com\/it\/wp-json\/wp\/v2\/media\/73483"}],"wp:attachment":[{"href":"https:\/\/loginfo24.com\/it\/wp-json\/wp\/v2\/media?parent=73487"}],"wp:term":[{"taxonomy":"category","embeddable":true,"href":"https:\/\/loginfo24.com\/it\/wp-json\/wp\/v2\/categories?post=73487"},{"taxonomy":"post_tag","embeddable":true,"href":"https:\/\/loginfo24.com\/it\/wp-json\/wp\/v2\/tags?post=73487"}],"curies":[{"name":"wp","href":"https:\/\/api.w.org\/{rel}","templated":true}]}}