{"id":73472,"date":"2026-01-22T09:58:05","date_gmt":"2026-01-22T09:58:05","guid":{"rendered":"https:\/\/loginfo24.brand-architecture.at\/2026\/01\/22\/cambio-nella-direzione-di-ctd\/"},"modified":"2026-01-22T11:06:06","modified_gmt":"2026-01-22T10:06:06","slug":"cambio-nella-direzione-di-ctd","status":"publish","type":"post","link":"https:\/\/loginfo24.com\/it\/2026\/01\/22\/cambio-nella-direzione-di-ctd\/","title":{"rendered":"Cambio nella direzione di CTD"},"content":{"rendered":"<p>Torsten Sch\u00fctte ha concluso il suo mandato come amministratore delegato della Container Terminal Dortmund GmbH alla fine del 2025, dopo due decenni di servizio. Durante questo periodo, ha plasmato in modo decisivo l&#8217;azienda e l&#8217;ha sviluppata strategicamente. Sotto la sua guida, il terminal container ha potuto ampliare il suo ruolo come importante sito logistico a Dortmund.<\/p>\n<h3>Michael Kirschner assume la direzione<\/h3>\n<p>A partire dal 1 gennaio 2026, Michael Kirschner assumer\u00e0 la direzione della Container Terminal Dortmund GmbH. Kirschner porta con s\u00e9 30 anni di esperienza nel settore dei terminal container e nel trasporto combinato. La sua ampia conoscenza del settore e la sua esperienza nella leadership contribuiranno allo sviluppo dell&#8217;azienda. &#8222;Sono molto felice di affrontare questo nuovo compito e di lavorare insieme ai fantastici e esperti collaboratori della Container Terminal Dortmund GmbH per prepararla alle sfide future&#8220;, ha dichiarato Kirschner.<\/p>\n<p>Bettina Brennenstuhl, membro del consiglio di amministrazione della Dortmunder Hafen AG e presidente del consiglio di amministrazione della Container Terminal Dortmund GmbH, ha elogiato l&#8217;impegno di Sch\u00fctte e le decisioni prese negli ultimi anni. Ha sottolineato l&#8217;importanza di Kirschner come esperto del settore e i passi previsti per lo sviluppo dei terminal. &#8222;Con lui, porteremo avanti lo sviluppo dei nostri terminal, rendendoli pi\u00f9 digitali e competitivi, rafforzando cos\u00ec ulteriormente il sito logistico di Dortmund&#8220;, ha affermato Brennenstuhl.<\/p>\n<p>La Container Terminal Dortmund GmbH gestisce due terminal nel porto di Dortmund su una superficie totale di 145.000 m\u00b2 e impiega circa 70 collaboratori.<\/p>\n<p>&nbsp;<\/p>\n<p><a href=\"https:\/\/www.ctddortmund.de\/\" target=\"_blank\" rel=\"noopener noreferrer\">www.ctddortmund.de<\/a><\/p>\n<p>&nbsp;<\/p>\n","protected":false},"excerpt":{"rendered":"<p>Torsten Sch\u00fctte si ritira dopo 20 anni come amministratore delegato della Container Terminal Dortmund GmbH, mentre Michael Kirschner assumer\u00e0 la direzione a partire dal 2026<\/p>\n","protected":false},"author":12,"featured_media":73468,"comment_status":"open","ping_status":"open","sticky":false,"template":"","format":"standard","meta":{"_acf_changed":false,"footnotes":""},"categories":[1628,1627,1631],"tags":[6430,6431,6432,6433,6434,6435,6436,6437,6438,2115,2116,6439,6440,2213,2700,6441,2123,6442,2910,6443,6444,2913,6445,6446,6447,2918,2133,2135,1831,6448,6449,2622,6450,1800,3157,6451,2720,6452,6453,2148,6454,6455,2106,2641,6456,6457,6458,6459,2297,2930,1837,6460],"class_list":["post-73472","post","type-post","status-publish","format-standard","has-post-thumbnail","hentry","category-intermodale-strada","category-persone-e-aziende","category-spedizioni-e-porti","tag-ag-port-de-dortmund","tag-business-management-logistics-francais-terminal-a-conteneurs-dortmund","tag-container-logistics","tag-container-terminals-germany","tag-containerlogistik","tag-containerterminals-deutschland","tag-deutsch-container-terminal-dortmund","tag-developpement-des-terminaux","tag-developpement-strategique-des-entreprises","tag-digitalisierung-in-der-logistik","tag-digitalization-in-logistics","tag-dortmund-port-ag","tag-dortmunder-hafen-ag","tag-economie-du-transport","tag-fachkraeftemangel-in-der-logistik","tag-gestion-dentreprise-logistique","tag-gestion-de-la-chaine-dapprovisionnement","tag-hafenbetrieb-dortmund","tag-industrie-logistique","tag-infrastructure-dortmund","tag-infrastruktur-dortmund","tag-intermodal-transport","tag-kombinierter-verkehr","tag-labor-shortage-in-logistics","tag-logistics-hub-dortmund","tag-logistics-industry","tag-logistics-service-providers","tag-logistikbranche","tag-logistikdienstleister","tag-logistikstandort-dortmund","tag-logistique-de-conteneurs","tag-logistique-durable","tag-michael-kirschner","tag-nachhaltige-logistik","tag-numerisation-dans-la-logistique","tag-operations-portuaires-dortmund","tag-penurie-de-main-doeuvre-dans-la-logistique","tag-pole-logistique-dortmund","tag-port-operations-dortmund","tag-prestataires-de-services-logistiques","tag-strategic-business-development","tag-strategische-unternehmensentwicklung","tag-supply-chain-management","tag-sustainable-logistics","tag-terminal-development","tag-terminalweiterentwicklung","tag-terminaux-a-conteneurs-allemagne","tag-torsten-schuette","tag-transport-economy","tag-transport-intermodal","tag-transportwirtschaft","tag-unternehmensfuehrung-logistik-english-container-terminal-dortmund"],"acf":[],"yoast_head":"<!-- This site is optimized with the Yoast SEO plugin v27.3 - https:\/\/yoast.com\/product\/yoast-seo-wordpress\/ -->\n<title>Cambio nella direzione di CTD - Loginfo24<\/title>\n<meta name=\"robots\" content=\"index, follow, max-snippet:-1, max-image-preview:large, max-video-preview:-1\" \/>\n<link rel=\"canonical\" href=\"https:\/\/loginfo24.com\/it\/2026\/01\/22\/cambio-nella-direzione-di-ctd\/\" \/>\n<meta property=\"og:locale\" content=\"it_IT\" \/>\n<meta property=\"og:type\" content=\"article\" \/>\n<meta property=\"og:title\" content=\"Cambio nella direzione di CTD - Loginfo24\" \/>\n<meta property=\"og:description\" content=\"Torsten Sch\u00fctte si ritira dopo 20 anni come amministratore delegato della Container Terminal Dortmund GmbH, mentre Michael Kirschner assumer\u00e0 la direzione a partire dal 2026\" \/>\n<meta property=\"og:url\" content=\"https:\/\/loginfo24.com\/it\/2026\/01\/22\/cambio-nella-direzione-di-ctd\/\" \/>\n<meta property=\"og:site_name\" content=\"Loginfo24\" \/>\n<meta property=\"article:publisher\" content=\"https:\/\/www.facebook.com\/people\/Loginfo24\/100057360583332\/\" \/>\n<meta property=\"article:published_time\" content=\"2026-01-22T09:58:05+00:00\" \/>\n<meta property=\"article:modified_time\" content=\"2026-01-22T10:06:06+00:00\" \/>\n<meta property=\"og:image\" content=\"https:\/\/loginfo24.com\/wp-content\/uploads\/sites\/7\/2026\/01\/CTD-Michael-Kirschner-400x271-1-aspect-ratio-1400-788.jpg\" \/>\n\t<meta property=\"og:image:width\" content=\"313\" \/>\n\t<meta property=\"og:image:height\" content=\"177\" \/>\n\t<meta property=\"og:image:type\" content=\"image\/jpeg\" \/>\n<meta name=\"author\" content=\"Andreas Haug\" \/>\n<meta name=\"twitter:card\" content=\"summary_large_image\" \/>\n<meta name=\"twitter:label1\" content=\"Scritto da\" \/>\n\t<meta name=\"twitter:data1\" content=\"Andreas Haug\" \/>\n\t<meta name=\"twitter:label2\" content=\"Tempo di lettura stimato\" \/>\n\t<meta name=\"twitter:data2\" content=\"1 minuto\" \/>\n<script type=\"application\/ld+json\" class=\"yoast-schema-graph\">{\"@context\":\"https:\\\/\\\/schema.org\",\"@graph\":[{\"@type\":\"Article\",\"@id\":\"https:\\\/\\\/loginfo24.com\\\/it\\\/2026\\\/01\\\/22\\\/cambio-nella-direzione-di-ctd\\\/#article\",\"isPartOf\":{\"@id\":\"https:\\\/\\\/loginfo24.com\\\/it\\\/2026\\\/01\\\/22\\\/cambio-nella-direzione-di-ctd\\\/\"},\"author\":{\"name\":\"Andreas Haug\",\"@id\":\"https:\\\/\\\/loginfo24.com\\\/it\\\/#\\\/schema\\\/person\\\/cf538b3157f15afd7589245a4b3dbd25\"},\"headline\":\"Cambio nella direzione di CTD\",\"datePublished\":\"2026-01-22T09:58:05+00:00\",\"dateModified\":\"2026-01-22T10:06:06+00:00\",\"mainEntityOfPage\":{\"@id\":\"https:\\\/\\\/loginfo24.com\\\/it\\\/2026\\\/01\\\/22\\\/cambio-nella-direzione-di-ctd\\\/\"},\"wordCount\":252,\"commentCount\":0,\"publisher\":{\"@id\":\"https:\\\/\\\/loginfo24.com\\\/it\\\/#organization\"},\"image\":{\"@id\":\"https:\\\/\\\/loginfo24.com\\\/it\\\/2026\\\/01\\\/22\\\/cambio-nella-direzione-di-ctd\\\/#primaryimage\"},\"thumbnailUrl\":\"https:\\\/\\\/loginfo24.com\\\/wp-content\\\/uploads\\\/sites\\\/7\\\/2026\\\/01\\\/CTD-Michael-Kirschner-400x271-1-aspect-ratio-1400-788.jpg\",\"keywords\":[\"AG Port de Dortmund\",\"business management logistics Fran\u00e7ais Terminal \u00e0 conteneurs Dortmund\",\"container logistics\",\"container terminals Germany\",\"Containerlogistik\",\"Containerterminals Deutschland\",\"Deutsch Container Terminal Dortmund\",\"d\u00e9veloppement des terminaux\",\"d\u00e9veloppement strat\u00e9gique des entreprises\",\"Digitalisierung in der Logistik\",\"digitalization in logistics\",\"Dortmund Port AG\",\"Dortmunder Hafen AG\",\"\u00e9conomie du transport\",\"Fachkr\u00e4ftemangel in der Logistik\",\"gestion d'entreprise logistique\",\"gestion de la cha\u00eene d'approvisionnement\",\"Hafenbetrieb Dortmund\",\"industrie logistique\",\"infrastructure Dortmund\",\"Infrastruktur Dortmund\",\"intermodal transport\",\"kombinierter Verkehr\",\"labor shortage in logistics\",\"logistics hub Dortmund\",\"logistics industry\",\"logistics service providers\",\"Logistikbranche\",\"Logistikdienstleister\",\"Logistikstandort Dortmund\",\"logistique de conteneurs\",\"logistique durable\",\"Michael Kirschner\",\"nachhaltige Logistik\",\"num\u00e9risation dans la logistique\",\"op\u00e9rations portuaires Dortmund\",\"p\u00e9nurie de main-d'\u0153uvre dans la logistique\",\"p\u00f4le logistique Dortmund\",\"port operations Dortmund\",\"prestataires de services logistiques\",\"strategic business development\",\"strategische Unternehmensentwicklung\",\"Supply Chain Management\",\"sustainable logistics\",\"terminal development\",\"Terminalweiterentwicklung\",\"terminaux \u00e0 conteneurs Allemagne\",\"Torsten Sch\u00fctte\",\"transport economy\",\"transport intermodal\",\"Transportwirtschaft\",\"Unternehmensf\u00fchrung Logistik English Container Terminal Dortmund\"],\"articleSection\":[\"Intermodale \\\/ Strada\",\"Persone e aziende\",\"Spedizioni e porti\"],\"inLanguage\":\"it-IT\",\"potentialAction\":[{\"@type\":\"CommentAction\",\"name\":\"Comment\",\"target\":[\"https:\\\/\\\/loginfo24.com\\\/it\\\/2026\\\/01\\\/22\\\/cambio-nella-direzione-di-ctd\\\/#respond\"]}]},{\"@type\":\"WebPage\",\"@id\":\"https:\\\/\\\/loginfo24.com\\\/it\\\/2026\\\/01\\\/22\\\/cambio-nella-direzione-di-ctd\\\/\",\"url\":\"https:\\\/\\\/loginfo24.com\\\/it\\\/2026\\\/01\\\/22\\\/cambio-nella-direzione-di-ctd\\\/\",\"name\":\"Cambio nella direzione di CTD - Loginfo24\",\"isPartOf\":{\"@id\":\"https:\\\/\\\/loginfo24.com\\\/it\\\/#website\"},\"primaryImageOfPage\":{\"@id\":\"https:\\\/\\\/loginfo24.com\\\/it\\\/2026\\\/01\\\/22\\\/cambio-nella-direzione-di-ctd\\\/#primaryimage\"},\"image\":{\"@id\":\"https:\\\/\\\/loginfo24.com\\\/it\\\/2026\\\/01\\\/22\\\/cambio-nella-direzione-di-ctd\\\/#primaryimage\"},\"thumbnailUrl\":\"https:\\\/\\\/loginfo24.com\\\/wp-content\\\/uploads\\\/sites\\\/7\\\/2026\\\/01\\\/CTD-Michael-Kirschner-400x271-1-aspect-ratio-1400-788.jpg\",\"datePublished\":\"2026-01-22T09:58:05+00:00\",\"dateModified\":\"2026-01-22T10:06:06+00:00\",\"breadcrumb\":{\"@id\":\"https:\\\/\\\/loginfo24.com\\\/it\\\/2026\\\/01\\\/22\\\/cambio-nella-direzione-di-ctd\\\/#breadcrumb\"},\"inLanguage\":\"it-IT\",\"potentialAction\":[{\"@type\":\"ReadAction\",\"target\":[\"https:\\\/\\\/loginfo24.com\\\/it\\\/2026\\\/01\\\/22\\\/cambio-nella-direzione-di-ctd\\\/\"]}]},{\"@type\":\"ImageObject\",\"inLanguage\":\"it-IT\",\"@id\":\"https:\\\/\\\/loginfo24.com\\\/it\\\/2026\\\/01\\\/22\\\/cambio-nella-direzione-di-ctd\\\/#primaryimage\",\"url\":\"https:\\\/\\\/loginfo24.com\\\/wp-content\\\/uploads\\\/sites\\\/7\\\/2026\\\/01\\\/CTD-Michael-Kirschner-400x271-1-aspect-ratio-1400-788.jpg\",\"contentUrl\":\"https:\\\/\\\/loginfo24.com\\\/wp-content\\\/uploads\\\/sites\\\/7\\\/2026\\\/01\\\/CTD-Michael-Kirschner-400x271-1-aspect-ratio-1400-788.jpg\",\"width\":313,\"height\":177},{\"@type\":\"BreadcrumbList\",\"@id\":\"https:\\\/\\\/loginfo24.com\\\/it\\\/2026\\\/01\\\/22\\\/cambio-nella-direzione-di-ctd\\\/#breadcrumb\",\"itemListElement\":[{\"@type\":\"ListItem\",\"position\":1,\"name\":\"Startseite\",\"item\":\"https:\\\/\\\/loginfo24.com\\\/it\\\/\"},{\"@type\":\"ListItem\",\"position\":2,\"name\":\"Cambio nella direzione di CTD\"}]},{\"@type\":\"WebSite\",\"@id\":\"https:\\\/\\\/loginfo24.com\\\/it\\\/#website\",\"url\":\"https:\\\/\\\/loginfo24.com\\\/it\\\/\",\"name\":\"Loginfo24\",\"description\":\"Loginfo24 \u00e8 la piattaforma dedicata alla logistica e alle catene di fornitura con informazioni disponibili 24 ore su 24.\",\"publisher\":{\"@id\":\"https:\\\/\\\/loginfo24.com\\\/it\\\/#organization\"},\"potentialAction\":[{\"@type\":\"SearchAction\",\"target\":{\"@type\":\"EntryPoint\",\"urlTemplate\":\"https:\\\/\\\/loginfo24.com\\\/it\\\/?s={search_term_string}\"},\"query-input\":{\"@type\":\"PropertyValueSpecification\",\"valueRequired\":true,\"valueName\":\"search_term_string\"}}],\"inLanguage\":\"it-IT\"},{\"@type\":\"Organization\",\"@id\":\"https:\\\/\\\/loginfo24.com\\\/it\\\/#organization\",\"name\":\"Logismedia Group AG\",\"url\":\"https:\\\/\\\/loginfo24.com\\\/it\\\/\",\"logo\":{\"@type\":\"ImageObject\",\"inLanguage\":\"it-IT\",\"@id\":\"https:\\\/\\\/loginfo24.com\\\/it\\\/#\\\/schema\\\/logo\\\/image\\\/\",\"url\":\"https:\\\/\\\/loginfo24.com\\\/wp-content\\\/uploads\\\/sites\\\/7\\\/2026\\\/01\\\/Logo_LogInfo24.png\",\"contentUrl\":\"https:\\\/\\\/loginfo24.com\\\/wp-content\\\/uploads\\\/sites\\\/7\\\/2026\\\/01\\\/Logo_LogInfo24.png\",\"width\":938,\"height\":351,\"caption\":\"Logismedia Group AG\"},\"image\":{\"@id\":\"https:\\\/\\\/loginfo24.com\\\/it\\\/#\\\/schema\\\/logo\\\/image\\\/\"},\"sameAs\":[\"https:\\\/\\\/www.facebook.com\\\/people\\\/Loginfo24\\\/100057360583332\\\/\",\"https:\\\/\\\/www.linkedin.com\\\/company\\\/lofinfo24\\\/\"]},{\"@type\":\"Person\",\"@id\":\"https:\\\/\\\/loginfo24.com\\\/it\\\/#\\\/schema\\\/person\\\/cf538b3157f15afd7589245a4b3dbd25\",\"name\":\"Andreas Haug\",\"url\":\"https:\\\/\\\/loginfo24.com\\\/it\\\/author\\\/andreas\\\/\"}]}<\/script>\n<!-- \/ Yoast SEO plugin. -->","yoast_head_json":{"title":"Cambio nella direzione di CTD - Loginfo24","robots":{"index":"index","follow":"follow","max-snippet":"max-snippet:-1","max-image-preview":"max-image-preview:large","max-video-preview":"max-video-preview:-1"},"canonical":"https:\/\/loginfo24.com\/it\/2026\/01\/22\/cambio-nella-direzione-di-ctd\/","og_locale":"it_IT","og_type":"article","og_title":"Cambio nella direzione di CTD - Loginfo24","og_description":"Torsten Sch\u00fctte si ritira dopo 20 anni come amministratore delegato della Container Terminal Dortmund GmbH, mentre Michael Kirschner assumer\u00e0 la direzione a partire dal 2026","og_url":"https:\/\/loginfo24.com\/it\/2026\/01\/22\/cambio-nella-direzione-di-ctd\/","og_site_name":"Loginfo24","article_publisher":"https:\/\/www.facebook.com\/people\/Loginfo24\/100057360583332\/","article_published_time":"2026-01-22T09:58:05+00:00","article_modified_time":"2026-01-22T10:06:06+00:00","og_image":[{"width":313,"height":177,"url":"https:\/\/loginfo24.com\/wp-content\/uploads\/sites\/7\/2026\/01\/CTD-Michael-Kirschner-400x271-1-aspect-ratio-1400-788.jpg","type":"image\/jpeg"}],"author":"Andreas Haug","twitter_card":"summary_large_image","twitter_misc":{"Scritto da":"Andreas Haug","Tempo di lettura stimato":"1 minuto"},"schema":{"@context":"https:\/\/schema.org","@graph":[{"@type":"Article","@id":"https:\/\/loginfo24.com\/it\/2026\/01\/22\/cambio-nella-direzione-di-ctd\/#article","isPartOf":{"@id":"https:\/\/loginfo24.com\/it\/2026\/01\/22\/cambio-nella-direzione-di-ctd\/"},"author":{"name":"Andreas Haug","@id":"https:\/\/loginfo24.com\/it\/#\/schema\/person\/cf538b3157f15afd7589245a4b3dbd25"},"headline":"Cambio nella direzione di CTD","datePublished":"2026-01-22T09:58:05+00:00","dateModified":"2026-01-22T10:06:06+00:00","mainEntityOfPage":{"@id":"https:\/\/loginfo24.com\/it\/2026\/01\/22\/cambio-nella-direzione-di-ctd\/"},"wordCount":252,"commentCount":0,"publisher":{"@id":"https:\/\/loginfo24.com\/it\/#organization"},"image":{"@id":"https:\/\/loginfo24.com\/it\/2026\/01\/22\/cambio-nella-direzione-di-ctd\/#primaryimage"},"thumbnailUrl":"https:\/\/loginfo24.com\/wp-content\/uploads\/sites\/7\/2026\/01\/CTD-Michael-Kirschner-400x271-1-aspect-ratio-1400-788.jpg","keywords":["AG Port de Dortmund","business management logistics Fran\u00e7ais Terminal \u00e0 conteneurs Dortmund","container logistics","container terminals Germany","Containerlogistik","Containerterminals Deutschland","Deutsch Container Terminal Dortmund","d\u00e9veloppement des terminaux","d\u00e9veloppement strat\u00e9gique des entreprises","Digitalisierung in der Logistik","digitalization in logistics","Dortmund Port AG","Dortmunder Hafen AG","\u00e9conomie du transport","Fachkr\u00e4ftemangel in der Logistik","gestion d'entreprise logistique","gestion de la cha\u00eene d'approvisionnement","Hafenbetrieb Dortmund","industrie logistique","infrastructure Dortmund","Infrastruktur Dortmund","intermodal transport","kombinierter Verkehr","labor shortage in logistics","logistics hub Dortmund","logistics industry","logistics service providers","Logistikbranche","Logistikdienstleister","Logistikstandort Dortmund","logistique de conteneurs","logistique durable","Michael Kirschner","nachhaltige Logistik","num\u00e9risation dans la logistique","op\u00e9rations portuaires Dortmund","p\u00e9nurie de main-d'\u0153uvre dans la logistique","p\u00f4le logistique Dortmund","port operations Dortmund","prestataires de services logistiques","strategic business development","strategische Unternehmensentwicklung","Supply Chain Management","sustainable logistics","terminal development","Terminalweiterentwicklung","terminaux \u00e0 conteneurs Allemagne","Torsten Sch\u00fctte","transport economy","transport intermodal","Transportwirtschaft","Unternehmensf\u00fchrung Logistik English Container Terminal Dortmund"],"articleSection":["Intermodale \/ Strada","Persone e aziende","Spedizioni e porti"],"inLanguage":"it-IT","potentialAction":[{"@type":"CommentAction","name":"Comment","target":["https:\/\/loginfo24.com\/it\/2026\/01\/22\/cambio-nella-direzione-di-ctd\/#respond"]}]},{"@type":"WebPage","@id":"https:\/\/loginfo24.com\/it\/2026\/01\/22\/cambio-nella-direzione-di-ctd\/","url":"https:\/\/loginfo24.com\/it\/2026\/01\/22\/cambio-nella-direzione-di-ctd\/","name":"Cambio nella direzione di CTD - Loginfo24","isPartOf":{"@id":"https:\/\/loginfo24.com\/it\/#website"},"primaryImageOfPage":{"@id":"https:\/\/loginfo24.com\/it\/2026\/01\/22\/cambio-nella-direzione-di-ctd\/#primaryimage"},"image":{"@id":"https:\/\/loginfo24.com\/it\/2026\/01\/22\/cambio-nella-direzione-di-ctd\/#primaryimage"},"thumbnailUrl":"https:\/\/loginfo24.com\/wp-content\/uploads\/sites\/7\/2026\/01\/CTD-Michael-Kirschner-400x271-1-aspect-ratio-1400-788.jpg","datePublished":"2026-01-22T09:58:05+00:00","dateModified":"2026-01-22T10:06:06+00:00","breadcrumb":{"@id":"https:\/\/loginfo24.com\/it\/2026\/01\/22\/cambio-nella-direzione-di-ctd\/#breadcrumb"},"inLanguage":"it-IT","potentialAction":[{"@type":"ReadAction","target":["https:\/\/loginfo24.com\/it\/2026\/01\/22\/cambio-nella-direzione-di-ctd\/"]}]},{"@type":"ImageObject","inLanguage":"it-IT","@id":"https:\/\/loginfo24.com\/it\/2026\/01\/22\/cambio-nella-direzione-di-ctd\/#primaryimage","url":"https:\/\/loginfo24.com\/wp-content\/uploads\/sites\/7\/2026\/01\/CTD-Michael-Kirschner-400x271-1-aspect-ratio-1400-788.jpg","contentUrl":"https:\/\/loginfo24.com\/wp-content\/uploads\/sites\/7\/2026\/01\/CTD-Michael-Kirschner-400x271-1-aspect-ratio-1400-788.jpg","width":313,"height":177},{"@type":"BreadcrumbList","@id":"https:\/\/loginfo24.com\/it\/2026\/01\/22\/cambio-nella-direzione-di-ctd\/#breadcrumb","itemListElement":[{"@type":"ListItem","position":1,"name":"Startseite","item":"https:\/\/loginfo24.com\/it\/"},{"@type":"ListItem","position":2,"name":"Cambio nella direzione di CTD"}]},{"@type":"WebSite","@id":"https:\/\/loginfo24.com\/it\/#website","url":"https:\/\/loginfo24.com\/it\/","name":"Loginfo24","description":"Loginfo24 \u00e8 la piattaforma dedicata alla logistica e alle catene di fornitura con informazioni disponibili 24 ore su 24.","publisher":{"@id":"https:\/\/loginfo24.com\/it\/#organization"},"potentialAction":[{"@type":"SearchAction","target":{"@type":"EntryPoint","urlTemplate":"https:\/\/loginfo24.com\/it\/?s={search_term_string}"},"query-input":{"@type":"PropertyValueSpecification","valueRequired":true,"valueName":"search_term_string"}}],"inLanguage":"it-IT"},{"@type":"Organization","@id":"https:\/\/loginfo24.com\/it\/#organization","name":"Logismedia Group AG","url":"https:\/\/loginfo24.com\/it\/","logo":{"@type":"ImageObject","inLanguage":"it-IT","@id":"https:\/\/loginfo24.com\/it\/#\/schema\/logo\/image\/","url":"https:\/\/loginfo24.com\/wp-content\/uploads\/sites\/7\/2026\/01\/Logo_LogInfo24.png","contentUrl":"https:\/\/loginfo24.com\/wp-content\/uploads\/sites\/7\/2026\/01\/Logo_LogInfo24.png","width":938,"height":351,"caption":"Logismedia Group AG"},"image":{"@id":"https:\/\/loginfo24.com\/it\/#\/schema\/logo\/image\/"},"sameAs":["https:\/\/www.facebook.com\/people\/Loginfo24\/100057360583332\/","https:\/\/www.linkedin.com\/company\/lofinfo24\/"]},{"@type":"Person","@id":"https:\/\/loginfo24.com\/it\/#\/schema\/person\/cf538b3157f15afd7589245a4b3dbd25","name":"Andreas Haug","url":"https:\/\/loginfo24.com\/it\/author\/andreas\/"}]}},"_links":{"self":[{"href":"https:\/\/loginfo24.com\/it\/wp-json\/wp\/v2\/posts\/73472","targetHints":{"allow":["GET"]}}],"collection":[{"href":"https:\/\/loginfo24.com\/it\/wp-json\/wp\/v2\/posts"}],"about":[{"href":"https:\/\/loginfo24.com\/it\/wp-json\/wp\/v2\/types\/post"}],"author":[{"embeddable":true,"href":"https:\/\/loginfo24.com\/it\/wp-json\/wp\/v2\/users\/12"}],"replies":[{"embeddable":true,"href":"https:\/\/loginfo24.com\/it\/wp-json\/wp\/v2\/comments?post=73472"}],"version-history":[{"count":1,"href":"https:\/\/loginfo24.com\/it\/wp-json\/wp\/v2\/posts\/73472\/revisions"}],"predecessor-version":[{"id":73479,"href":"https:\/\/loginfo24.com\/it\/wp-json\/wp\/v2\/posts\/73472\/revisions\/73479"}],"wp:featuredmedia":[{"embeddable":true,"href":"https:\/\/loginfo24.com\/it\/wp-json\/wp\/v2\/media\/73468"}],"wp:attachment":[{"href":"https:\/\/loginfo24.com\/it\/wp-json\/wp\/v2\/media?parent=73472"}],"wp:term":[{"taxonomy":"category","embeddable":true,"href":"https:\/\/loginfo24.com\/it\/wp-json\/wp\/v2\/categories?post=73472"},{"taxonomy":"post_tag","embeddable":true,"href":"https:\/\/loginfo24.com\/it\/wp-json\/wp\/v2\/tags?post=73472"}],"curies":[{"name":"wp","href":"https:\/\/api.w.org\/{rel}","templated":true}]}}