{"id":73128,"date":"2026-01-15T08:26:37","date_gmt":"2026-01-15T08:26:37","guid":{"rendered":"https:\/\/loginfo24.dashboard.brand-architecture.at\/2026\/01\/15\/declino-dei-passeggeri-e-aumento-del-carico\/"},"modified":"2026-01-15T08:26:37","modified_gmt":"2026-01-15T08:26:37","slug":"declino-dei-passeggeri-e-aumento-del-carico","status":"publish","type":"post","link":"https:\/\/loginfo24.com\/it\/2026\/01\/15\/declino-dei-passeggeri-e-aumento-del-carico\/","title":{"rendered":"Declino dei passeggeri e aumento del carico"},"content":{"rendered":"<p>Maastricht Aachen Airport ha pubblicato i primi risultati per l&#8217;anno 2025. Gli operatori dell&#8217;aeroporto segnalano un notevole aumento del volume di merci aeree, mentre il numero di passeggeri \u00e8 diminuito rispetto all&#8217;anno precedente. In totale, nel 2025, l&#8217;aeroporto ha gestito 41.636 t di merci, mentre il numero di passeggeri si \u00e8 attestato a 159.270. Il numero di movimenti aerei \u00e8 stato di 7.549, di cui 1.737 riguardavano aerei cargo e 994 aerei passeggeri. I restanti movimenti sono stati causati da elicotteri, aerei leggeri e voli di manutenzione.<\/p>\n<h3>Calano i passeggeri e aumentano le merci<\/h3>\n<p>A differenza dei numeri dei passeggeri, l&#8217;aeroporto ha registrato un significativo aumento nel settore delle merci aeree. Dopo un calo dei volumi di merci dalla ristrutturazione della pista di atterraggio, l&#8217;aeroporto ha ottenuto nel 2025 un incremento di oltre il 40%. Questo sviluppo \u00e8 considerato la prima conseguenza positiva degli investimenti nella gestione delle merci, in particolare nella seconda met\u00e0 del 2025.<\/p>\n<p>Alla fine del 2024, Maastricht Aachen Airport aveva annunciato di voler concentrare l&#8217;attenzione sulle merci aeree. La strategia commerciale a lungo termine prevede di raggiungere 500.000 passeggeri e 200.000 t di merci. Sebbene entrambi i settori siano importanti per l&#8217;aeroporto, si prevede una redditivit\u00e0 pi\u00f9 rapida nel settore delle merci aeree. Questa strategia si riflette gi\u00e0 nei volumi di merci aumentati nel 2025.<\/p>\n<h3>Nuova delibera aeroportuale e misure infrastrutturali<\/h3>\n<p>Inoltre, Maastricht Aachen Airport ha presentato all&#8217;inizio di gennaio 2026 una richiesta per una nuova delibera aeroportuale. Questo passo fa parte degli sforzi per trasformare l&#8217;aeroporto in una struttura sostenibile e futura. La richiesta include, tra l&#8217;altro, un&#8217;estensione della pista operativa a 2.750 m, che consentir\u00e0 agli aerei cargo di decollare con carichi pi\u00f9 pesanti o di raggiungere destinazioni pi\u00f9 lontane. Queste misure non solo mirano a rafforzare la competitivit\u00e0 dell&#8217;aeroporto, ma anche a ridurre il carico per le comunit\u00e0 circostanti.<\/p>\n<p>&nbsp;<\/p>\n<p><a href=\"https:\/\/www.maa.nl\/\" target=\"_blank\" rel=\"noopener noreferrer\">www.maa.nl<\/a><\/p>\n<p>&nbsp;<\/p>\n","protected":false},"excerpt":{"rendered":"<p>Maastricht Aachen Airport ha registrato nel 2025 un aumento del volume di merci aeree di oltre il 40%, mentre il numero di passeggeri \u00e8 sceso a 159.270.<\/p>\n","protected":false},"author":12,"featured_media":73124,"comment_status":"open","ping_status":"open","sticky":false,"template":"","format":"standard","meta":{"_acf_changed":false,"footnotes":""},"categories":[1634,1630],"tags":[3447,5501,5502,3619,5503,5504,5505,5506,5507,5508,3402,2265,5509,5510,2115,4521,5511,5512,5513,5514,5515,3632,5516,2032,5517,1958,5291,5518,4091,5293,5519,2125,3643,5520,5521,5522,5523,2133,1831,3472,5524,5525,5526,3475,5527,3157,5528,5529,5530,5531,2148,5532,5533,5534,5535,4105,2155,1837,5311],"class_list":["post-73128","post","type-post","status-publish","format-standard","has-post-thumbnail","hentry","category-regioni","category-trasporto-aereo","tag-air-freight-market","tag-air-freight-strategy","tag-air-traffic","tag-airport-infrastructure","tag-airport-management-francais-fret-aerien","tag-airport-operations","tag-airport-resolution","tag-augmentation-du-fret","tag-avions-cargo","tag-baisse-du-nombre-de-passagers","tag-cargo-aircraft","tag-deutsch-luftfracht","tag-developpement-aeroportuaire-durable","tag-developpement-aeroportuaire-europeen","tag-digitalisierung-in-der-logistik","tag-digitization-in-logistics","tag-europaeische-flughafenentwicklung","tag-european-airport-development","tag-fachkraeftemangel-in-der-luftfahrt","tag-flughafenbeschluss","tag-flughafenbetrieb","tag-flughafeninfrastruktur","tag-flughafenmanagement-english-air-freight","tag-frachtflugzeuge","tag-frachtsteigerung","tag-frachttransport","tag-frachtvolumen-2025","tag-freight-increase","tag-freight-transport","tag-freight-volume-2025","tag-gestion-aeroportuaire","tag-industrie-du-transport","tag-infrastructure-aeroportuaire","tag-investissements-dans-le-traitement-du-fret","tag-investitionen-in-frachtabwicklung","tag-investments-in-freight-handling","tag-labor-shortage-in-aviation","tag-logistics-service-providers","tag-logistikdienstleister","tag-luftfrachtmarkt","tag-luftfrachtstrategie","tag-luftverkehr","tag-maastricht-aachen-airport","tag-marche-du-fret-aerien","tag-nachhaltige-flughafenentwicklung","tag-numerisation-dans-la-logistique","tag-operations-aeroportuaires","tag-passagierzahlen-rueckgang","tag-passenger-numbers-decline","tag-penurie-de-main-doeuvre-dans-laviation","tag-prestataires-de-services-logistiques","tag-resolution-aeroportuaire","tag-strategie-de-fret-aerien","tag-sustainable-airport-development","tag-trafic-aerien","tag-transport-de-fret","tag-transport-industry","tag-transportwirtschaft","tag-volume-de-fret-2025"],"acf":[],"yoast_head":"<!-- This site is optimized with the Yoast SEO plugin v27.3 - https:\/\/yoast.com\/product\/yoast-seo-wordpress\/ -->\n<title>Declino dei passeggeri e aumento del carico - Loginfo24<\/title>\n<meta name=\"robots\" content=\"index, follow, max-snippet:-1, max-image-preview:large, max-video-preview:-1\" \/>\n<link rel=\"canonical\" href=\"https:\/\/loginfo24.com\/it\/2026\/01\/15\/declino-dei-passeggeri-e-aumento-del-carico\/\" \/>\n<meta property=\"og:locale\" content=\"it_IT\" \/>\n<meta property=\"og:type\" content=\"article\" \/>\n<meta property=\"og:title\" content=\"Declino dei passeggeri e aumento del carico - Loginfo24\" \/>\n<meta property=\"og:description\" content=\"Maastricht Aachen Airport ha registrato nel 2025 un aumento del volume di merci aeree di oltre il 40%, mentre il numero di passeggeri \u00e8 sceso a 159.270.\" \/>\n<meta property=\"og:url\" content=\"https:\/\/loginfo24.com\/it\/2026\/01\/15\/declino-dei-passeggeri-e-aumento-del-carico\/\" \/>\n<meta property=\"og:site_name\" content=\"Loginfo24\" \/>\n<meta property=\"article:publisher\" content=\"https:\/\/www.facebook.com\/people\/Loginfo24\/100057360583332\/\" \/>\n<meta property=\"article:published_time\" content=\"2026-01-15T08:26:37+00:00\" \/>\n<meta property=\"og:image\" content=\"https:\/\/loginfo24.com\/wp-content\/uploads\/sites\/7\/2026\/01\/MAA-615821362_1440700054442875_7059948635848186391_n-aspect-ratio-1400-788.jpg\" \/>\n\t<meta property=\"og:image:width\" content=\"2048\" \/>\n\t<meta property=\"og:image:height\" content=\"1153\" \/>\n\t<meta property=\"og:image:type\" content=\"image\/jpeg\" \/>\n<meta name=\"author\" content=\"Andreas Haug\" \/>\n<meta name=\"twitter:card\" content=\"summary_large_image\" \/>\n<meta name=\"twitter:label1\" content=\"Scritto da\" \/>\n\t<meta name=\"twitter:data1\" content=\"Andreas Haug\" \/>\n\t<meta name=\"twitter:label2\" content=\"Tempo di lettura stimato\" \/>\n\t<meta name=\"twitter:data2\" content=\"2 minuto\" \/>\n<script type=\"application\/ld+json\" class=\"yoast-schema-graph\">{\"@context\":\"https:\\\/\\\/schema.org\",\"@graph\":[{\"@type\":\"Article\",\"@id\":\"https:\\\/\\\/loginfo24.com\\\/it\\\/2026\\\/01\\\/15\\\/declino-dei-passeggeri-e-aumento-del-carico\\\/#article\",\"isPartOf\":{\"@id\":\"https:\\\/\\\/loginfo24.com\\\/it\\\/2026\\\/01\\\/15\\\/declino-dei-passeggeri-e-aumento-del-carico\\\/\"},\"author\":{\"name\":\"Andreas Haug\",\"@id\":\"https:\\\/\\\/loginfo24.com\\\/it\\\/#\\\/schema\\\/person\\\/cf538b3157f15afd7589245a4b3dbd25\"},\"headline\":\"Declino dei passeggeri e aumento del carico\",\"datePublished\":\"2026-01-15T08:26:37+00:00\",\"mainEntityOfPage\":{\"@id\":\"https:\\\/\\\/loginfo24.com\\\/it\\\/2026\\\/01\\\/15\\\/declino-dei-passeggeri-e-aumento-del-carico\\\/\"},\"wordCount\":311,\"commentCount\":0,\"publisher\":{\"@id\":\"https:\\\/\\\/loginfo24.com\\\/it\\\/#organization\"},\"image\":{\"@id\":\"https:\\\/\\\/loginfo24.com\\\/it\\\/2026\\\/01\\\/15\\\/declino-dei-passeggeri-e-aumento-del-carico\\\/#primaryimage\"},\"thumbnailUrl\":\"https:\\\/\\\/loginfo24.com\\\/wp-content\\\/uploads\\\/sites\\\/7\\\/2026\\\/01\\\/MAA-615821362_1440700054442875_7059948635848186391_n-aspect-ratio-1400-788.jpg\",\"keywords\":[\"air freight market\",\"air freight strategy\",\"air traffic\",\"airport infrastructure\",\"airport management Fran\u00e7ais fret a\u00e9rien\",\"airport operations\",\"airport resolution\",\"augmentation du fret\",\"avions cargo\",\"baisse du nombre de passagers\",\"cargo aircraft\",\"Deutsch Luftfracht\",\"d\u00e9veloppement a\u00e9roportuaire durable\",\"d\u00e9veloppement a\u00e9roportuaire europ\u00e9en\",\"Digitalisierung in der Logistik\",\"digitization in logistics\",\"europ\u00e4ische Flughafenentwicklung\",\"European airport development\",\"Fachkr\u00e4ftemangel in der Luftfahrt\",\"Flughafenbeschluss\",\"Flughafenbetrieb\",\"Flughafeninfrastruktur\",\"Flughafenmanagement English air freight\",\"Frachtflugzeuge\",\"Frachtsteigerung\",\"Frachttransport\",\"Frachtvolumen 2025\",\"freight increase\",\"freight transport\",\"freight volume 2025\",\"gestion a\u00e9roportuaire\",\"industrie du transport\",\"infrastructure a\u00e9roportuaire\",\"investissements dans le traitement du fret\",\"Investitionen in Frachtabwicklung\",\"investments in freight handling\",\"labor shortage in aviation\",\"logistics service providers\",\"Logistikdienstleister\",\"Luftfrachtmarkt\",\"Luftfrachtstrategie\",\"Luftverkehr\",\"Maastricht Aachen Airport\",\"march\u00e9 du fret a\u00e9rien\",\"nachhaltige Flughafenentwicklung\",\"num\u00e9risation dans la logistique\",\"op\u00e9rations a\u00e9roportuaires\",\"Passagierzahlen R\u00fcckgang\",\"passenger numbers decline\",\"p\u00e9nurie de main-d'\u0153uvre dans l'aviation\",\"prestataires de services logistiques\",\"r\u00e9solution a\u00e9roportuaire\",\"strat\u00e9gie de fret a\u00e9rien\",\"sustainable airport development\",\"trafic a\u00e9rien\",\"transport de fret\",\"transport industry\",\"Transportwirtschaft\",\"volume de fret 2025\"],\"articleSection\":[\"Regioni\",\"Trasporto aereo\"],\"inLanguage\":\"it-IT\",\"potentialAction\":[{\"@type\":\"CommentAction\",\"name\":\"Comment\",\"target\":[\"https:\\\/\\\/loginfo24.com\\\/it\\\/2026\\\/01\\\/15\\\/declino-dei-passeggeri-e-aumento-del-carico\\\/#respond\"]}]},{\"@type\":\"WebPage\",\"@id\":\"https:\\\/\\\/loginfo24.com\\\/it\\\/2026\\\/01\\\/15\\\/declino-dei-passeggeri-e-aumento-del-carico\\\/\",\"url\":\"https:\\\/\\\/loginfo24.com\\\/it\\\/2026\\\/01\\\/15\\\/declino-dei-passeggeri-e-aumento-del-carico\\\/\",\"name\":\"Declino dei passeggeri e aumento del carico - Loginfo24\",\"isPartOf\":{\"@id\":\"https:\\\/\\\/loginfo24.com\\\/it\\\/#website\"},\"primaryImageOfPage\":{\"@id\":\"https:\\\/\\\/loginfo24.com\\\/it\\\/2026\\\/01\\\/15\\\/declino-dei-passeggeri-e-aumento-del-carico\\\/#primaryimage\"},\"image\":{\"@id\":\"https:\\\/\\\/loginfo24.com\\\/it\\\/2026\\\/01\\\/15\\\/declino-dei-passeggeri-e-aumento-del-carico\\\/#primaryimage\"},\"thumbnailUrl\":\"https:\\\/\\\/loginfo24.com\\\/wp-content\\\/uploads\\\/sites\\\/7\\\/2026\\\/01\\\/MAA-615821362_1440700054442875_7059948635848186391_n-aspect-ratio-1400-788.jpg\",\"datePublished\":\"2026-01-15T08:26:37+00:00\",\"breadcrumb\":{\"@id\":\"https:\\\/\\\/loginfo24.com\\\/it\\\/2026\\\/01\\\/15\\\/declino-dei-passeggeri-e-aumento-del-carico\\\/#breadcrumb\"},\"inLanguage\":\"it-IT\",\"potentialAction\":[{\"@type\":\"ReadAction\",\"target\":[\"https:\\\/\\\/loginfo24.com\\\/it\\\/2026\\\/01\\\/15\\\/declino-dei-passeggeri-e-aumento-del-carico\\\/\"]}]},{\"@type\":\"ImageObject\",\"inLanguage\":\"it-IT\",\"@id\":\"https:\\\/\\\/loginfo24.com\\\/it\\\/2026\\\/01\\\/15\\\/declino-dei-passeggeri-e-aumento-del-carico\\\/#primaryimage\",\"url\":\"https:\\\/\\\/loginfo24.com\\\/wp-content\\\/uploads\\\/sites\\\/7\\\/2026\\\/01\\\/MAA-615821362_1440700054442875_7059948635848186391_n-aspect-ratio-1400-788.jpg\",\"contentUrl\":\"https:\\\/\\\/loginfo24.com\\\/wp-content\\\/uploads\\\/sites\\\/7\\\/2026\\\/01\\\/MAA-615821362_1440700054442875_7059948635848186391_n-aspect-ratio-1400-788.jpg\",\"width\":2048,\"height\":1153},{\"@type\":\"BreadcrumbList\",\"@id\":\"https:\\\/\\\/loginfo24.com\\\/it\\\/2026\\\/01\\\/15\\\/declino-dei-passeggeri-e-aumento-del-carico\\\/#breadcrumb\",\"itemListElement\":[{\"@type\":\"ListItem\",\"position\":1,\"name\":\"Startseite\",\"item\":\"https:\\\/\\\/loginfo24.com\\\/it\\\/\"},{\"@type\":\"ListItem\",\"position\":2,\"name\":\"Declino dei passeggeri e aumento del carico\"}]},{\"@type\":\"WebSite\",\"@id\":\"https:\\\/\\\/loginfo24.com\\\/it\\\/#website\",\"url\":\"https:\\\/\\\/loginfo24.com\\\/it\\\/\",\"name\":\"Loginfo24\",\"description\":\"Loginfo24 \u00e8 la piattaforma dedicata alla logistica e alle catene di fornitura con informazioni disponibili 24 ore su 24.\",\"publisher\":{\"@id\":\"https:\\\/\\\/loginfo24.com\\\/it\\\/#organization\"},\"potentialAction\":[{\"@type\":\"SearchAction\",\"target\":{\"@type\":\"EntryPoint\",\"urlTemplate\":\"https:\\\/\\\/loginfo24.com\\\/it\\\/?s={search_term_string}\"},\"query-input\":{\"@type\":\"PropertyValueSpecification\",\"valueRequired\":true,\"valueName\":\"search_term_string\"}}],\"inLanguage\":\"it-IT\"},{\"@type\":\"Organization\",\"@id\":\"https:\\\/\\\/loginfo24.com\\\/it\\\/#organization\",\"name\":\"Logismedia Group AG\",\"url\":\"https:\\\/\\\/loginfo24.com\\\/it\\\/\",\"logo\":{\"@type\":\"ImageObject\",\"inLanguage\":\"it-IT\",\"@id\":\"https:\\\/\\\/loginfo24.com\\\/it\\\/#\\\/schema\\\/logo\\\/image\\\/\",\"url\":\"https:\\\/\\\/loginfo24.com\\\/wp-content\\\/uploads\\\/sites\\\/7\\\/2026\\\/01\\\/Logo_LogInfo24.png\",\"contentUrl\":\"https:\\\/\\\/loginfo24.com\\\/wp-content\\\/uploads\\\/sites\\\/7\\\/2026\\\/01\\\/Logo_LogInfo24.png\",\"width\":938,\"height\":351,\"caption\":\"Logismedia Group AG\"},\"image\":{\"@id\":\"https:\\\/\\\/loginfo24.com\\\/it\\\/#\\\/schema\\\/logo\\\/image\\\/\"},\"sameAs\":[\"https:\\\/\\\/www.facebook.com\\\/people\\\/Loginfo24\\\/100057360583332\\\/\",\"https:\\\/\\\/www.linkedin.com\\\/company\\\/lofinfo24\\\/\"]},{\"@type\":\"Person\",\"@id\":\"https:\\\/\\\/loginfo24.com\\\/it\\\/#\\\/schema\\\/person\\\/cf538b3157f15afd7589245a4b3dbd25\",\"name\":\"Andreas Haug\",\"url\":\"https:\\\/\\\/loginfo24.com\\\/it\\\/author\\\/andreas\\\/\"}]}<\/script>\n<!-- \/ Yoast SEO plugin. -->","yoast_head_json":{"title":"Declino dei passeggeri e aumento del carico - Loginfo24","robots":{"index":"index","follow":"follow","max-snippet":"max-snippet:-1","max-image-preview":"max-image-preview:large","max-video-preview":"max-video-preview:-1"},"canonical":"https:\/\/loginfo24.com\/it\/2026\/01\/15\/declino-dei-passeggeri-e-aumento-del-carico\/","og_locale":"it_IT","og_type":"article","og_title":"Declino dei passeggeri e aumento del carico - Loginfo24","og_description":"Maastricht Aachen Airport ha registrato nel 2025 un aumento del volume di merci aeree di oltre il 40%, mentre il numero di passeggeri \u00e8 sceso a 159.270.","og_url":"https:\/\/loginfo24.com\/it\/2026\/01\/15\/declino-dei-passeggeri-e-aumento-del-carico\/","og_site_name":"Loginfo24","article_publisher":"https:\/\/www.facebook.com\/people\/Loginfo24\/100057360583332\/","article_published_time":"2026-01-15T08:26:37+00:00","og_image":[{"width":2048,"height":1153,"url":"https:\/\/loginfo24.com\/wp-content\/uploads\/sites\/7\/2026\/01\/MAA-615821362_1440700054442875_7059948635848186391_n-aspect-ratio-1400-788.jpg","type":"image\/jpeg"}],"author":"Andreas Haug","twitter_card":"summary_large_image","twitter_misc":{"Scritto da":"Andreas Haug","Tempo di lettura stimato":"2 minuto"},"schema":{"@context":"https:\/\/schema.org","@graph":[{"@type":"Article","@id":"https:\/\/loginfo24.com\/it\/2026\/01\/15\/declino-dei-passeggeri-e-aumento-del-carico\/#article","isPartOf":{"@id":"https:\/\/loginfo24.com\/it\/2026\/01\/15\/declino-dei-passeggeri-e-aumento-del-carico\/"},"author":{"name":"Andreas Haug","@id":"https:\/\/loginfo24.com\/it\/#\/schema\/person\/cf538b3157f15afd7589245a4b3dbd25"},"headline":"Declino dei passeggeri e aumento del carico","datePublished":"2026-01-15T08:26:37+00:00","mainEntityOfPage":{"@id":"https:\/\/loginfo24.com\/it\/2026\/01\/15\/declino-dei-passeggeri-e-aumento-del-carico\/"},"wordCount":311,"commentCount":0,"publisher":{"@id":"https:\/\/loginfo24.com\/it\/#organization"},"image":{"@id":"https:\/\/loginfo24.com\/it\/2026\/01\/15\/declino-dei-passeggeri-e-aumento-del-carico\/#primaryimage"},"thumbnailUrl":"https:\/\/loginfo24.com\/wp-content\/uploads\/sites\/7\/2026\/01\/MAA-615821362_1440700054442875_7059948635848186391_n-aspect-ratio-1400-788.jpg","keywords":["air freight market","air freight strategy","air traffic","airport infrastructure","airport management Fran\u00e7ais fret a\u00e9rien","airport operations","airport resolution","augmentation du fret","avions cargo","baisse du nombre de passagers","cargo aircraft","Deutsch Luftfracht","d\u00e9veloppement a\u00e9roportuaire durable","d\u00e9veloppement a\u00e9roportuaire europ\u00e9en","Digitalisierung in der Logistik","digitization in logistics","europ\u00e4ische Flughafenentwicklung","European airport development","Fachkr\u00e4ftemangel in der Luftfahrt","Flughafenbeschluss","Flughafenbetrieb","Flughafeninfrastruktur","Flughafenmanagement English air freight","Frachtflugzeuge","Frachtsteigerung","Frachttransport","Frachtvolumen 2025","freight increase","freight transport","freight volume 2025","gestion a\u00e9roportuaire","industrie du transport","infrastructure a\u00e9roportuaire","investissements dans le traitement du fret","Investitionen in Frachtabwicklung","investments in freight handling","labor shortage in aviation","logistics service providers","Logistikdienstleister","Luftfrachtmarkt","Luftfrachtstrategie","Luftverkehr","Maastricht Aachen Airport","march\u00e9 du fret a\u00e9rien","nachhaltige Flughafenentwicklung","num\u00e9risation dans la logistique","op\u00e9rations a\u00e9roportuaires","Passagierzahlen R\u00fcckgang","passenger numbers decline","p\u00e9nurie de main-d'\u0153uvre dans l'aviation","prestataires de services logistiques","r\u00e9solution a\u00e9roportuaire","strat\u00e9gie de fret a\u00e9rien","sustainable airport development","trafic a\u00e9rien","transport de fret","transport industry","Transportwirtschaft","volume de fret 2025"],"articleSection":["Regioni","Trasporto aereo"],"inLanguage":"it-IT","potentialAction":[{"@type":"CommentAction","name":"Comment","target":["https:\/\/loginfo24.com\/it\/2026\/01\/15\/declino-dei-passeggeri-e-aumento-del-carico\/#respond"]}]},{"@type":"WebPage","@id":"https:\/\/loginfo24.com\/it\/2026\/01\/15\/declino-dei-passeggeri-e-aumento-del-carico\/","url":"https:\/\/loginfo24.com\/it\/2026\/01\/15\/declino-dei-passeggeri-e-aumento-del-carico\/","name":"Declino dei passeggeri e aumento del carico - Loginfo24","isPartOf":{"@id":"https:\/\/loginfo24.com\/it\/#website"},"primaryImageOfPage":{"@id":"https:\/\/loginfo24.com\/it\/2026\/01\/15\/declino-dei-passeggeri-e-aumento-del-carico\/#primaryimage"},"image":{"@id":"https:\/\/loginfo24.com\/it\/2026\/01\/15\/declino-dei-passeggeri-e-aumento-del-carico\/#primaryimage"},"thumbnailUrl":"https:\/\/loginfo24.com\/wp-content\/uploads\/sites\/7\/2026\/01\/MAA-615821362_1440700054442875_7059948635848186391_n-aspect-ratio-1400-788.jpg","datePublished":"2026-01-15T08:26:37+00:00","breadcrumb":{"@id":"https:\/\/loginfo24.com\/it\/2026\/01\/15\/declino-dei-passeggeri-e-aumento-del-carico\/#breadcrumb"},"inLanguage":"it-IT","potentialAction":[{"@type":"ReadAction","target":["https:\/\/loginfo24.com\/it\/2026\/01\/15\/declino-dei-passeggeri-e-aumento-del-carico\/"]}]},{"@type":"ImageObject","inLanguage":"it-IT","@id":"https:\/\/loginfo24.com\/it\/2026\/01\/15\/declino-dei-passeggeri-e-aumento-del-carico\/#primaryimage","url":"https:\/\/loginfo24.com\/wp-content\/uploads\/sites\/7\/2026\/01\/MAA-615821362_1440700054442875_7059948635848186391_n-aspect-ratio-1400-788.jpg","contentUrl":"https:\/\/loginfo24.com\/wp-content\/uploads\/sites\/7\/2026\/01\/MAA-615821362_1440700054442875_7059948635848186391_n-aspect-ratio-1400-788.jpg","width":2048,"height":1153},{"@type":"BreadcrumbList","@id":"https:\/\/loginfo24.com\/it\/2026\/01\/15\/declino-dei-passeggeri-e-aumento-del-carico\/#breadcrumb","itemListElement":[{"@type":"ListItem","position":1,"name":"Startseite","item":"https:\/\/loginfo24.com\/it\/"},{"@type":"ListItem","position":2,"name":"Declino dei passeggeri e aumento del carico"}]},{"@type":"WebSite","@id":"https:\/\/loginfo24.com\/it\/#website","url":"https:\/\/loginfo24.com\/it\/","name":"Loginfo24","description":"Loginfo24 \u00e8 la piattaforma dedicata alla logistica e alle catene di fornitura con informazioni disponibili 24 ore su 24.","publisher":{"@id":"https:\/\/loginfo24.com\/it\/#organization"},"potentialAction":[{"@type":"SearchAction","target":{"@type":"EntryPoint","urlTemplate":"https:\/\/loginfo24.com\/it\/?s={search_term_string}"},"query-input":{"@type":"PropertyValueSpecification","valueRequired":true,"valueName":"search_term_string"}}],"inLanguage":"it-IT"},{"@type":"Organization","@id":"https:\/\/loginfo24.com\/it\/#organization","name":"Logismedia Group AG","url":"https:\/\/loginfo24.com\/it\/","logo":{"@type":"ImageObject","inLanguage":"it-IT","@id":"https:\/\/loginfo24.com\/it\/#\/schema\/logo\/image\/","url":"https:\/\/loginfo24.com\/wp-content\/uploads\/sites\/7\/2026\/01\/Logo_LogInfo24.png","contentUrl":"https:\/\/loginfo24.com\/wp-content\/uploads\/sites\/7\/2026\/01\/Logo_LogInfo24.png","width":938,"height":351,"caption":"Logismedia Group AG"},"image":{"@id":"https:\/\/loginfo24.com\/it\/#\/schema\/logo\/image\/"},"sameAs":["https:\/\/www.facebook.com\/people\/Loginfo24\/100057360583332\/","https:\/\/www.linkedin.com\/company\/lofinfo24\/"]},{"@type":"Person","@id":"https:\/\/loginfo24.com\/it\/#\/schema\/person\/cf538b3157f15afd7589245a4b3dbd25","name":"Andreas Haug","url":"https:\/\/loginfo24.com\/it\/author\/andreas\/"}]}},"_links":{"self":[{"href":"https:\/\/loginfo24.com\/it\/wp-json\/wp\/v2\/posts\/73128","targetHints":{"allow":["GET"]}}],"collection":[{"href":"https:\/\/loginfo24.com\/it\/wp-json\/wp\/v2\/posts"}],"about":[{"href":"https:\/\/loginfo24.com\/it\/wp-json\/wp\/v2\/types\/post"}],"author":[{"embeddable":true,"href":"https:\/\/loginfo24.com\/it\/wp-json\/wp\/v2\/users\/12"}],"replies":[{"embeddable":true,"href":"https:\/\/loginfo24.com\/it\/wp-json\/wp\/v2\/comments?post=73128"}],"version-history":[{"count":0,"href":"https:\/\/loginfo24.com\/it\/wp-json\/wp\/v2\/posts\/73128\/revisions"}],"wp:featuredmedia":[{"embeddable":true,"href":"https:\/\/loginfo24.com\/it\/wp-json\/wp\/v2\/media\/73124"}],"wp:attachment":[{"href":"https:\/\/loginfo24.com\/it\/wp-json\/wp\/v2\/media?parent=73128"}],"wp:term":[{"taxonomy":"category","embeddable":true,"href":"https:\/\/loginfo24.com\/it\/wp-json\/wp\/v2\/categories?post=73128"},{"taxonomy":"post_tag","embeddable":true,"href":"https:\/\/loginfo24.com\/it\/wp-json\/wp\/v2\/tags?post=73128"}],"curies":[{"name":"wp","href":"https:\/\/api.w.org\/{rel}","templated":true}]}}