{"id":71728,"date":"2026-01-06T12:26:20","date_gmt":"2026-01-06T12:26:20","guid":{"rendered":"https:\/\/loginfo24.dashboard.brand-architecture.at\/2026\/01\/06\/aumenti-degli-ordini-per-veicoli-commerciali-negli-stati-uniti\/"},"modified":"2026-01-06T14:00:58","modified_gmt":"2026-01-06T13:00:58","slug":"aumenti-degli-ordini-per-veicoli-commerciali-negli-stati-uniti","status":"publish","type":"post","link":"https:\/\/loginfo24.com\/it\/2026\/01\/06\/aumenti-degli-ordini-per-veicoli-commerciali-negli-stati-uniti\/","title":{"rendered":"Aumenti degli ordini per veicoli commerciali negli Stati Uniti"},"content":{"rendered":"<p>Le ordinazioni nordamericane per veicoli commerciali di classe 8 hanno registrato a dicembre 2025 un aumento a 42.700 unit\u00e0, corrispondente a un incremento del 16% rispetto all&#8217;anno precedente. I dati completi del settore per il mese di dicembre, comprese le cifre finali degli ordini, saranno pubblicati da ACT Research a met\u00e0 gennaio.<\/p>\n<p>Carter Vieth, analista di ricerca presso ACT Research, ha spiegato che dopo un lungo periodo di stagnazione delle tariffe di carico e incertezze dovute a condizioni politiche e normative, la domanda di nuovi veicoli \u00e8 aumentata nuovamente a dicembre. &#8222;Un contesto economico pi\u00f9 stabile, flotte di veicoli sempre pi\u00f9 obsolete e la certezza di costi in aumento e nuove tecnologie nel 2027 sono stati, a nostro avviso, i motivi di questo improvviso cambiamento di umore&#8220;, ha affermato Vieth. Ha aggiunto che le condizioni fondamentali nel settore dei trasporti sono sottili, ma in miglioramento, e che i dati di dicembre per la classe 8 potrebbero rappresentare una sovrastima del reale miglioramento.<\/p>\n<p>Il rapporto differenzia gli indicatori di mercato per classe 5, classi 6-7 e classe 8, presentando diverse misure legate all&#8217;attivit\u00e0 come portafoglio ordini, produzione, scorte, nuovi ordini, cancellazioni, ordini netti e vendite al dettaglio. Inoltre, le classi 5 e 6-7 sono suddivise in camion, autobus, camper e configurazioni Step-Van. Il mercato della classe 8 \u00e8 suddiviso in camion e trattori, sia con che senza cabine letto.<\/p>\n","protected":false},"excerpt":{"rendered":"<p>Nel dicembre 2025, gli ordini nordamericani per veicoli commerciali di classe 8 sono aumentati a 42.700 unit\u00e0, registrando un incremento del 16% rispetto all&#8217;anno precedente<\/p>\n","protected":false},"author":10,"featured_media":71724,"comment_status":"open","ping_status":"open","sticky":false,"template":"","format":"standard","meta":{"_acf_changed":false,"footnotes":""},"categories":[1628],"tags":[1921,1976,1946,1977,1978,1979,1980,1981,1982,1983,1984,1985],"class_list":["post-71728","post","type-post","status-publish","format-standard","has-post-thumbnail","hentry","category-intermodale-strada","tag-act-research","tag-auftragsbestand-nutzfahrzeuge","tag-deutsch","tag-fahrzeugflotten-alter","tag-frachtraten-usa","tag-klasse-8-nutzfahrzeuge","tag-marktindikatoren-nutzfahrzeuge","tag-neue-technologien-nutzfahrzeuge","tag-nutzfahrzeugbestellungen","tag-politische-rahmenbedingungen-logistik","tag-transportwesen-usa","tag-wirtschaftlicher-hintergrund-transport"],"acf":[],"yoast_head":"<!-- This site is optimized with the Yoast SEO plugin v27.3 - https:\/\/yoast.com\/product\/yoast-seo-wordpress\/ -->\n<title>Aumenti degli ordini per veicoli commerciali negli Stati Uniti - Loginfo24<\/title>\n<meta name=\"robots\" content=\"index, follow, max-snippet:-1, max-image-preview:large, max-video-preview:-1\" \/>\n<link rel=\"canonical\" href=\"https:\/\/loginfo24.com\/it\/2026\/01\/06\/aumenti-degli-ordini-per-veicoli-commerciali-negli-stati-uniti\/\" \/>\n<meta property=\"og:locale\" content=\"it_IT\" \/>\n<meta property=\"og:type\" content=\"article\" \/>\n<meta property=\"og:title\" content=\"Aumenti degli ordini per veicoli commerciali negli Stati Uniti - Loginfo24\" \/>\n<meta property=\"og:description\" content=\"Nel dicembre 2025, gli ordini nordamericani per veicoli commerciali di classe 8 sono aumentati a 42.700 unit\u00e0, registrando un incremento del 16% rispetto all&#039;anno precedente\" \/>\n<meta property=\"og:url\" content=\"https:\/\/loginfo24.com\/it\/2026\/01\/06\/aumenti-degli-ordini-per-veicoli-commerciali-negli-stati-uniti\/\" \/>\n<meta property=\"og:site_name\" content=\"Loginfo24\" \/>\n<meta property=\"article:publisher\" content=\"https:\/\/www.facebook.com\/people\/Loginfo24\/100057360583332\/\" \/>\n<meta property=\"article:published_time\" content=\"2026-01-06T12:26:20+00:00\" \/>\n<meta property=\"article:modified_time\" content=\"2026-01-06T13:00:58+00:00\" \/>\n<meta property=\"og:image\" content=\"https:\/\/loginfo24.com\/wp-content\/uploads\/sites\/7\/2026\/01\/ACT-aspect-ratio-1400-788.jpg\" \/>\n\t<meta property=\"og:image:width\" content=\"1137\" \/>\n\t<meta property=\"og:image:height\" content=\"640\" \/>\n\t<meta property=\"og:image:type\" content=\"image\/jpeg\" \/>\n<meta name=\"author\" content=\"Jeremy Soland\" \/>\n<meta name=\"twitter:card\" content=\"summary_large_image\" \/>\n<meta name=\"twitter:label1\" content=\"Scritto da\" \/>\n\t<meta name=\"twitter:data1\" content=\"Jeremy Soland\" \/>\n\t<meta name=\"twitter:label2\" content=\"Tempo di lettura stimato\" \/>\n\t<meta name=\"twitter:data2\" content=\"1 minuto\" \/>\n<script type=\"application\/ld+json\" class=\"yoast-schema-graph\">{\"@context\":\"https:\\\/\\\/schema.org\",\"@graph\":[{\"@type\":\"Article\",\"@id\":\"https:\\\/\\\/loginfo24.com\\\/it\\\/2026\\\/01\\\/06\\\/aumenti-degli-ordini-per-veicoli-commerciali-negli-stati-uniti\\\/#article\",\"isPartOf\":{\"@id\":\"https:\\\/\\\/loginfo24.com\\\/it\\\/2026\\\/01\\\/06\\\/aumenti-degli-ordini-per-veicoli-commerciali-negli-stati-uniti\\\/\"},\"author\":{\"name\":\"Jeremy Soland\",\"@id\":\"https:\\\/\\\/loginfo24.com\\\/it\\\/#\\\/schema\\\/person\\\/41d36b5474b623392fa613e97e2363fa\"},\"headline\":\"Aumenti degli ordini per veicoli commerciali negli Stati Uniti\",\"datePublished\":\"2026-01-06T12:26:20+00:00\",\"dateModified\":\"2026-01-06T13:00:58+00:00\",\"mainEntityOfPage\":{\"@id\":\"https:\\\/\\\/loginfo24.com\\\/it\\\/2026\\\/01\\\/06\\\/aumenti-degli-ordini-per-veicoli-commerciali-negli-stati-uniti\\\/\"},\"wordCount\":227,\"commentCount\":0,\"publisher\":{\"@id\":\"https:\\\/\\\/loginfo24.com\\\/it\\\/#organization\"},\"image\":{\"@id\":\"https:\\\/\\\/loginfo24.com\\\/it\\\/2026\\\/01\\\/06\\\/aumenti-degli-ordini-per-veicoli-commerciali-negli-stati-uniti\\\/#primaryimage\"},\"thumbnailUrl\":\"https:\\\/\\\/loginfo24.com\\\/wp-content\\\/uploads\\\/sites\\\/7\\\/2026\\\/01\\\/ACT-aspect-ratio-1400-788.jpg\",\"keywords\":[\"ACT Research\",\"Auftragsbestand Nutzfahrzeuge\",\"Deutsch\",\"Fahrzeugflotten Alter\",\"Frachtraten USA\",\"Klasse 8 Nutzfahrzeuge\",\"Marktindikatoren Nutzfahrzeuge\",\"neue Technologien Nutzfahrzeuge\",\"Nutzfahrzeugbestellungen\",\"politische Rahmenbedingungen Logistik\",\"Transportwesen USA\",\"wirtschaftlicher Hintergrund Transport\"],\"articleSection\":[\"Intermodale \\\/ Strada\"],\"inLanguage\":\"it-IT\",\"potentialAction\":[{\"@type\":\"CommentAction\",\"name\":\"Comment\",\"target\":[\"https:\\\/\\\/loginfo24.com\\\/it\\\/2026\\\/01\\\/06\\\/aumenti-degli-ordini-per-veicoli-commerciali-negli-stati-uniti\\\/#respond\"]}]},{\"@type\":\"WebPage\",\"@id\":\"https:\\\/\\\/loginfo24.com\\\/it\\\/2026\\\/01\\\/06\\\/aumenti-degli-ordini-per-veicoli-commerciali-negli-stati-uniti\\\/\",\"url\":\"https:\\\/\\\/loginfo24.com\\\/it\\\/2026\\\/01\\\/06\\\/aumenti-degli-ordini-per-veicoli-commerciali-negli-stati-uniti\\\/\",\"name\":\"Aumenti degli ordini per veicoli commerciali negli Stati Uniti - Loginfo24\",\"isPartOf\":{\"@id\":\"https:\\\/\\\/loginfo24.com\\\/it\\\/#website\"},\"primaryImageOfPage\":{\"@id\":\"https:\\\/\\\/loginfo24.com\\\/it\\\/2026\\\/01\\\/06\\\/aumenti-degli-ordini-per-veicoli-commerciali-negli-stati-uniti\\\/#primaryimage\"},\"image\":{\"@id\":\"https:\\\/\\\/loginfo24.com\\\/it\\\/2026\\\/01\\\/06\\\/aumenti-degli-ordini-per-veicoli-commerciali-negli-stati-uniti\\\/#primaryimage\"},\"thumbnailUrl\":\"https:\\\/\\\/loginfo24.com\\\/wp-content\\\/uploads\\\/sites\\\/7\\\/2026\\\/01\\\/ACT-aspect-ratio-1400-788.jpg\",\"datePublished\":\"2026-01-06T12:26:20+00:00\",\"dateModified\":\"2026-01-06T13:00:58+00:00\",\"breadcrumb\":{\"@id\":\"https:\\\/\\\/loginfo24.com\\\/it\\\/2026\\\/01\\\/06\\\/aumenti-degli-ordini-per-veicoli-commerciali-negli-stati-uniti\\\/#breadcrumb\"},\"inLanguage\":\"it-IT\",\"potentialAction\":[{\"@type\":\"ReadAction\",\"target\":[\"https:\\\/\\\/loginfo24.com\\\/it\\\/2026\\\/01\\\/06\\\/aumenti-degli-ordini-per-veicoli-commerciali-negli-stati-uniti\\\/\"]}]},{\"@type\":\"ImageObject\",\"inLanguage\":\"it-IT\",\"@id\":\"https:\\\/\\\/loginfo24.com\\\/it\\\/2026\\\/01\\\/06\\\/aumenti-degli-ordini-per-veicoli-commerciali-negli-stati-uniti\\\/#primaryimage\",\"url\":\"https:\\\/\\\/loginfo24.com\\\/wp-content\\\/uploads\\\/sites\\\/7\\\/2026\\\/01\\\/ACT-aspect-ratio-1400-788.jpg\",\"contentUrl\":\"https:\\\/\\\/loginfo24.com\\\/wp-content\\\/uploads\\\/sites\\\/7\\\/2026\\\/01\\\/ACT-aspect-ratio-1400-788.jpg\",\"width\":1137,\"height\":640,\"caption\":\"Grafik: ACT Research\"},{\"@type\":\"BreadcrumbList\",\"@id\":\"https:\\\/\\\/loginfo24.com\\\/it\\\/2026\\\/01\\\/06\\\/aumenti-degli-ordini-per-veicoli-commerciali-negli-stati-uniti\\\/#breadcrumb\",\"itemListElement\":[{\"@type\":\"ListItem\",\"position\":1,\"name\":\"Startseite\",\"item\":\"https:\\\/\\\/loginfo24.com\\\/it\\\/\"},{\"@type\":\"ListItem\",\"position\":2,\"name\":\"Aumenti degli ordini per veicoli commerciali negli Stati Uniti\"}]},{\"@type\":\"WebSite\",\"@id\":\"https:\\\/\\\/loginfo24.com\\\/it\\\/#website\",\"url\":\"https:\\\/\\\/loginfo24.com\\\/it\\\/\",\"name\":\"Loginfo24\",\"description\":\"Loginfo24 \u00e8 la piattaforma dedicata alla logistica e alle catene di fornitura con informazioni disponibili 24 ore su 24.\",\"publisher\":{\"@id\":\"https:\\\/\\\/loginfo24.com\\\/it\\\/#organization\"},\"potentialAction\":[{\"@type\":\"SearchAction\",\"target\":{\"@type\":\"EntryPoint\",\"urlTemplate\":\"https:\\\/\\\/loginfo24.com\\\/it\\\/?s={search_term_string}\"},\"query-input\":{\"@type\":\"PropertyValueSpecification\",\"valueRequired\":true,\"valueName\":\"search_term_string\"}}],\"inLanguage\":\"it-IT\"},{\"@type\":\"Organization\",\"@id\":\"https:\\\/\\\/loginfo24.com\\\/it\\\/#organization\",\"name\":\"Logismedia Group AG\",\"url\":\"https:\\\/\\\/loginfo24.com\\\/it\\\/\",\"logo\":{\"@type\":\"ImageObject\",\"inLanguage\":\"it-IT\",\"@id\":\"https:\\\/\\\/loginfo24.com\\\/it\\\/#\\\/schema\\\/logo\\\/image\\\/\",\"url\":\"https:\\\/\\\/loginfo24.com\\\/wp-content\\\/uploads\\\/sites\\\/7\\\/2026\\\/01\\\/Logo_LogInfo24.png\",\"contentUrl\":\"https:\\\/\\\/loginfo24.com\\\/wp-content\\\/uploads\\\/sites\\\/7\\\/2026\\\/01\\\/Logo_LogInfo24.png\",\"width\":938,\"height\":351,\"caption\":\"Logismedia Group AG\"},\"image\":{\"@id\":\"https:\\\/\\\/loginfo24.com\\\/it\\\/#\\\/schema\\\/logo\\\/image\\\/\"},\"sameAs\":[\"https:\\\/\\\/www.facebook.com\\\/people\\\/Loginfo24\\\/100057360583332\\\/\",\"https:\\\/\\\/www.linkedin.com\\\/company\\\/lofinfo24\\\/\"]},{\"@type\":\"Person\",\"@id\":\"https:\\\/\\\/loginfo24.com\\\/it\\\/#\\\/schema\\\/person\\\/41d36b5474b623392fa613e97e2363fa\",\"name\":\"Jeremy Soland\",\"url\":\"https:\\\/\\\/loginfo24.com\\\/it\\\/author\\\/jeremy\\\/\"}]}<\/script>\n<!-- \/ Yoast SEO plugin. -->","yoast_head_json":{"title":"Aumenti degli ordini per veicoli commerciali negli Stati Uniti - Loginfo24","robots":{"index":"index","follow":"follow","max-snippet":"max-snippet:-1","max-image-preview":"max-image-preview:large","max-video-preview":"max-video-preview:-1"},"canonical":"https:\/\/loginfo24.com\/it\/2026\/01\/06\/aumenti-degli-ordini-per-veicoli-commerciali-negli-stati-uniti\/","og_locale":"it_IT","og_type":"article","og_title":"Aumenti degli ordini per veicoli commerciali negli Stati Uniti - Loginfo24","og_description":"Nel dicembre 2025, gli ordini nordamericani per veicoli commerciali di classe 8 sono aumentati a 42.700 unit\u00e0, registrando un incremento del 16% rispetto all'anno precedente","og_url":"https:\/\/loginfo24.com\/it\/2026\/01\/06\/aumenti-degli-ordini-per-veicoli-commerciali-negli-stati-uniti\/","og_site_name":"Loginfo24","article_publisher":"https:\/\/www.facebook.com\/people\/Loginfo24\/100057360583332\/","article_published_time":"2026-01-06T12:26:20+00:00","article_modified_time":"2026-01-06T13:00:58+00:00","og_image":[{"width":1137,"height":640,"url":"https:\/\/loginfo24.com\/wp-content\/uploads\/sites\/7\/2026\/01\/ACT-aspect-ratio-1400-788.jpg","type":"image\/jpeg"}],"author":"Jeremy Soland","twitter_card":"summary_large_image","twitter_misc":{"Scritto da":"Jeremy Soland","Tempo di lettura stimato":"1 minuto"},"schema":{"@context":"https:\/\/schema.org","@graph":[{"@type":"Article","@id":"https:\/\/loginfo24.com\/it\/2026\/01\/06\/aumenti-degli-ordini-per-veicoli-commerciali-negli-stati-uniti\/#article","isPartOf":{"@id":"https:\/\/loginfo24.com\/it\/2026\/01\/06\/aumenti-degli-ordini-per-veicoli-commerciali-negli-stati-uniti\/"},"author":{"name":"Jeremy Soland","@id":"https:\/\/loginfo24.com\/it\/#\/schema\/person\/41d36b5474b623392fa613e97e2363fa"},"headline":"Aumenti degli ordini per veicoli commerciali negli Stati Uniti","datePublished":"2026-01-06T12:26:20+00:00","dateModified":"2026-01-06T13:00:58+00:00","mainEntityOfPage":{"@id":"https:\/\/loginfo24.com\/it\/2026\/01\/06\/aumenti-degli-ordini-per-veicoli-commerciali-negli-stati-uniti\/"},"wordCount":227,"commentCount":0,"publisher":{"@id":"https:\/\/loginfo24.com\/it\/#organization"},"image":{"@id":"https:\/\/loginfo24.com\/it\/2026\/01\/06\/aumenti-degli-ordini-per-veicoli-commerciali-negli-stati-uniti\/#primaryimage"},"thumbnailUrl":"https:\/\/loginfo24.com\/wp-content\/uploads\/sites\/7\/2026\/01\/ACT-aspect-ratio-1400-788.jpg","keywords":["ACT Research","Auftragsbestand Nutzfahrzeuge","Deutsch","Fahrzeugflotten Alter","Frachtraten USA","Klasse 8 Nutzfahrzeuge","Marktindikatoren Nutzfahrzeuge","neue Technologien Nutzfahrzeuge","Nutzfahrzeugbestellungen","politische Rahmenbedingungen Logistik","Transportwesen USA","wirtschaftlicher Hintergrund Transport"],"articleSection":["Intermodale \/ Strada"],"inLanguage":"it-IT","potentialAction":[{"@type":"CommentAction","name":"Comment","target":["https:\/\/loginfo24.com\/it\/2026\/01\/06\/aumenti-degli-ordini-per-veicoli-commerciali-negli-stati-uniti\/#respond"]}]},{"@type":"WebPage","@id":"https:\/\/loginfo24.com\/it\/2026\/01\/06\/aumenti-degli-ordini-per-veicoli-commerciali-negli-stati-uniti\/","url":"https:\/\/loginfo24.com\/it\/2026\/01\/06\/aumenti-degli-ordini-per-veicoli-commerciali-negli-stati-uniti\/","name":"Aumenti degli ordini per veicoli commerciali negli Stati Uniti - Loginfo24","isPartOf":{"@id":"https:\/\/loginfo24.com\/it\/#website"},"primaryImageOfPage":{"@id":"https:\/\/loginfo24.com\/it\/2026\/01\/06\/aumenti-degli-ordini-per-veicoli-commerciali-negli-stati-uniti\/#primaryimage"},"image":{"@id":"https:\/\/loginfo24.com\/it\/2026\/01\/06\/aumenti-degli-ordini-per-veicoli-commerciali-negli-stati-uniti\/#primaryimage"},"thumbnailUrl":"https:\/\/loginfo24.com\/wp-content\/uploads\/sites\/7\/2026\/01\/ACT-aspect-ratio-1400-788.jpg","datePublished":"2026-01-06T12:26:20+00:00","dateModified":"2026-01-06T13:00:58+00:00","breadcrumb":{"@id":"https:\/\/loginfo24.com\/it\/2026\/01\/06\/aumenti-degli-ordini-per-veicoli-commerciali-negli-stati-uniti\/#breadcrumb"},"inLanguage":"it-IT","potentialAction":[{"@type":"ReadAction","target":["https:\/\/loginfo24.com\/it\/2026\/01\/06\/aumenti-degli-ordini-per-veicoli-commerciali-negli-stati-uniti\/"]}]},{"@type":"ImageObject","inLanguage":"it-IT","@id":"https:\/\/loginfo24.com\/it\/2026\/01\/06\/aumenti-degli-ordini-per-veicoli-commerciali-negli-stati-uniti\/#primaryimage","url":"https:\/\/loginfo24.com\/wp-content\/uploads\/sites\/7\/2026\/01\/ACT-aspect-ratio-1400-788.jpg","contentUrl":"https:\/\/loginfo24.com\/wp-content\/uploads\/sites\/7\/2026\/01\/ACT-aspect-ratio-1400-788.jpg","width":1137,"height":640,"caption":"Grafik: ACT Research"},{"@type":"BreadcrumbList","@id":"https:\/\/loginfo24.com\/it\/2026\/01\/06\/aumenti-degli-ordini-per-veicoli-commerciali-negli-stati-uniti\/#breadcrumb","itemListElement":[{"@type":"ListItem","position":1,"name":"Startseite","item":"https:\/\/loginfo24.com\/it\/"},{"@type":"ListItem","position":2,"name":"Aumenti degli ordini per veicoli commerciali negli Stati Uniti"}]},{"@type":"WebSite","@id":"https:\/\/loginfo24.com\/it\/#website","url":"https:\/\/loginfo24.com\/it\/","name":"Loginfo24","description":"Loginfo24 \u00e8 la piattaforma dedicata alla logistica e alle catene di fornitura con informazioni disponibili 24 ore su 24.","publisher":{"@id":"https:\/\/loginfo24.com\/it\/#organization"},"potentialAction":[{"@type":"SearchAction","target":{"@type":"EntryPoint","urlTemplate":"https:\/\/loginfo24.com\/it\/?s={search_term_string}"},"query-input":{"@type":"PropertyValueSpecification","valueRequired":true,"valueName":"search_term_string"}}],"inLanguage":"it-IT"},{"@type":"Organization","@id":"https:\/\/loginfo24.com\/it\/#organization","name":"Logismedia Group AG","url":"https:\/\/loginfo24.com\/it\/","logo":{"@type":"ImageObject","inLanguage":"it-IT","@id":"https:\/\/loginfo24.com\/it\/#\/schema\/logo\/image\/","url":"https:\/\/loginfo24.com\/wp-content\/uploads\/sites\/7\/2026\/01\/Logo_LogInfo24.png","contentUrl":"https:\/\/loginfo24.com\/wp-content\/uploads\/sites\/7\/2026\/01\/Logo_LogInfo24.png","width":938,"height":351,"caption":"Logismedia Group AG"},"image":{"@id":"https:\/\/loginfo24.com\/it\/#\/schema\/logo\/image\/"},"sameAs":["https:\/\/www.facebook.com\/people\/Loginfo24\/100057360583332\/","https:\/\/www.linkedin.com\/company\/lofinfo24\/"]},{"@type":"Person","@id":"https:\/\/loginfo24.com\/it\/#\/schema\/person\/41d36b5474b623392fa613e97e2363fa","name":"Jeremy Soland","url":"https:\/\/loginfo24.com\/it\/author\/jeremy\/"}]}},"_links":{"self":[{"href":"https:\/\/loginfo24.com\/it\/wp-json\/wp\/v2\/posts\/71728","targetHints":{"allow":["GET"]}}],"collection":[{"href":"https:\/\/loginfo24.com\/it\/wp-json\/wp\/v2\/posts"}],"about":[{"href":"https:\/\/loginfo24.com\/it\/wp-json\/wp\/v2\/types\/post"}],"author":[{"embeddable":true,"href":"https:\/\/loginfo24.com\/it\/wp-json\/wp\/v2\/users\/10"}],"replies":[{"embeddable":true,"href":"https:\/\/loginfo24.com\/it\/wp-json\/wp\/v2\/comments?post=71728"}],"version-history":[{"count":1,"href":"https:\/\/loginfo24.com\/it\/wp-json\/wp\/v2\/posts\/71728\/revisions"}],"predecessor-version":[{"id":71735,"href":"https:\/\/loginfo24.com\/it\/wp-json\/wp\/v2\/posts\/71728\/revisions\/71735"}],"wp:featuredmedia":[{"embeddable":true,"href":"https:\/\/loginfo24.com\/it\/wp-json\/wp\/v2\/media\/71724"}],"wp:attachment":[{"href":"https:\/\/loginfo24.com\/it\/wp-json\/wp\/v2\/media?parent=71728"}],"wp:term":[{"taxonomy":"category","embeddable":true,"href":"https:\/\/loginfo24.com\/it\/wp-json\/wp\/v2\/categories?post=71728"},{"taxonomy":"post_tag","embeddable":true,"href":"https:\/\/loginfo24.com\/it\/wp-json\/wp\/v2\/tags?post=71728"}],"curies":[{"name":"wp","href":"https:\/\/api.w.org\/{rel}","templated":true}]}}