{"id":71138,"date":"2025-11-18T11:21:19","date_gmt":"2025-11-18T10:21:19","guid":{"rendered":"https:\/\/blog.brand-architecture.at\/2025\/11\/18\/ctl-amplia-larea-presso-il-central-hub-di-homberg\/"},"modified":"2025-11-18T11:21:19","modified_gmt":"2025-11-18T10:21:19","slug":"ctl-amplia-larea-presso-il-central-hub-di-homberg","status":"publish","type":"post","link":"https:\/\/loginfo24.com\/it\/2025\/11\/18\/ctl-amplia-larea-presso-il-central-hub-di-homberg\/","title":{"rendered":"CTL amplia l&#8217;area presso il Central HUB di Homberg"},"content":{"rendered":"<h5><strong>La Cargo Trans Logistik AG (CTL) amplia le proprie aree presso il Central HUB di Homberg: con un nuovo accesso per camion, 50 ulteriori posti di sosta per rimorchi e processi digitalizzati, la rete di merce a carico parziale risponde al crescente volume degli ordini e alle crescenti esigenze di catene di approvvigionamento efficienti. Grazie all&#8217;espansione dell&#8217;area, i partner beneficiano, tra l&#8217;altro, di processi pi\u00f9 rapidi nelle operazioni di carico e scarico presso il sito HUB.<\/strong><\/h5>\n<p> (Homberg\/Efze) Le espansioni servono anche come preparazione per una propria infrastruttura di ricarica per camion elettrici e dovrebbero essere completate gi\u00e0 nella primavera del 2026. &#8220;L&#8217;efficienza nel carico e scarico non inizia alla rampa, ma nel piazzale \u2013 con processi chiari, percorsi brevi e un&#8217;infrastruttura ben progettata&#8221;, afferma Francesco De Lauso, CEO della CTL AG. L&#8217;ampliamento dell&#8217;area del sito presso il Central HUB \u00e8 necessario per soddisfare la propria crescita e sviluppare ulteriormente i processi logistici a Homberg. &#8220;Ottimizzando continuamente il transito delle merci nel nostro sito, rimaniamo affidabili e orientati al futuro, come i nostri partner si aspettano da noi&#8221;, continua De Lauso.<\/p>\n<h5><strong>Progetto pilota di successo: la &#8216;Fastlane&#8217; per camion aumenta l&#8217;efficienza<\/strong><\/h5>\n<p> Attualmente, la rete di merce a carico parziale sta testando una gestione degli accessi completamente digitale: i camion si registrano gi\u00e0 durante l&#8217;avvicinamento, ricevono in anticipo il loro gate o il loro posto di sosta e possono entrare nel sito senza interruzioni. &#8220;Il sistema &#8216;Fastlane&#8217; consente, tramite il riconoscimento della targa, un passaggio diretto e riduce notevolmente i tempi di attesa e i passaggi manuali&#8221;, afferma De Lauso. Il progetto pilota sta procedendo con successo, ma finora \u00e8 utilizzabile solo in modo limitato a causa dell&#8217;accesso esistente. &#8220;Con l&#8217;espansione del nostro sito, possiamo integrare in modo molto pi\u00f9 efficiente e senza soluzione di continuit\u00e0 un numero maggiore di veicoli nelle operazioni del sito&#8221;, riassume De Lauso. In combinazione con i nuovi posti di sosta per rimorchi vicino al capannone, i percorsi si accorciano e la gestione del piazzale diventa pi\u00f9 efficiente. &#8220;I tempi di transito per il posizionamento dei rimorchi si riducono e anche il caricamento delle banchine di scarico viene accelerato&#8221;, afferma De Lauso. Ci\u00f2 aumenta complessivamente la velocit\u00e0 del transito delle merci \u2013 un fattore decisivo per soddisfare le crescenti esigenze del mercato della merce a carico parziale.<\/p>\n<h5><strong>Inizio dei lavori preparato: completamento entro la primavera del 2026<\/strong><\/h5>\n<p> I preparativi per l&#8217;espansione sono gi\u00e0 iniziati. Abraham Garcia Martinez, CFO della CTL AG, sottolinea: &#8220;Siamo pronti a partire: l&#8217;approvazione del consiglio di sorveglianza \u00e8 stata ottenuta, la domanda di costruzione \u00e8 stata presentata.&#8221; L&#8217;investimento, nell&#8217;ordine di sette cifre, sar\u00e0 finanziato interamente con liquidit\u00e0 propria. La gara d&#8217;appalto per la costruzione \u00e8 gi\u00e0 in corso. &#8220;Siamo fiduciosi che i lavori di costruzione possano iniziare ancora quest&#8217;anno e che possiamo completare il progetto entro la primavera del 2026&#8221;, aggiunge Garcia Martinez.<\/p>\n<h5><strong>L&#8217;espansione consente un&#8217;area di ricarica per camion elettrici<\/strong><\/h5>\n<p> L&#8217;ampliamento dell&#8217;area non solo ottimizza i processi nel sito, ma crea anche la base per un ulteriore progetto edilizio orientato al futuro della CTL: un&#8217;area di ricarica per camion elettrici. La fornitura di energia di 2,5 megawatt da parte dell&#8217;operatore di rete locale \u00e8 gi\u00e0 stata ottenuta. &#8220;Con l&#8217;espansione del nostro sito, iniziamo ora concretamente la pianificazione della nostra infrastruttura di ricarica e facciamo un passo importante verso processi logistici pi\u00f9 sostenibili&#8221;, afferma Garcia Martinez.<br \/>Foto: \u00a9 CTL<\/p>\n","protected":false},"excerpt":{"rendered":"<p>La Cargo Trans Logistik AG (CTL) amplia le proprie aree presso il Central HUB di Homberg: con un nuovo accesso per camion, 50 ulteriori posti di<span class=\"excerpt-hellip\"> [\u2026]<\/span><\/p>\n","protected":false},"author":0,"featured_media":4221,"comment_status":"open","ping_status":"open","sticky":false,"template":"","format":"standard","meta":{"_acf_changed":false,"footnotes":""},"categories":[1561],"tags":[],"class_list":["post-71138","post","type-post","status-publish","format-standard","has-post-thumbnail","hentry","category-regions"],"acf":[],"yoast_head":"<!-- This site is optimized with the Yoast SEO plugin v27.3 - https:\/\/yoast.com\/product\/yoast-seo-wordpress\/ -->\n<title>CTL amplia l&#039;area presso il Central HUB di Homberg - Loginfo24<\/title>\n<meta name=\"robots\" content=\"index, follow, max-snippet:-1, max-image-preview:large, max-video-preview:-1\" \/>\n<link rel=\"canonical\" href=\"https:\/\/loginfo24.com\/it\/2025\/11\/18\/ctl-amplia-larea-presso-il-central-hub-di-homberg\/\" \/>\n<meta property=\"og:locale\" content=\"it_IT\" \/>\n<meta property=\"og:type\" content=\"article\" \/>\n<meta property=\"og:title\" content=\"CTL amplia l&#039;area presso il Central HUB di Homberg - Loginfo24\" \/>\n<meta property=\"og:description\" content=\"La Cargo Trans Logistik AG (CTL) amplia le proprie aree presso il Central HUB di Homberg: con un nuovo accesso per camion, 50 ulteriori posti di [\u2026]\" \/>\n<meta property=\"og:url\" content=\"https:\/\/loginfo24.com\/it\/2025\/11\/18\/ctl-amplia-larea-presso-il-central-hub-di-homberg\/\" \/>\n<meta property=\"og:site_name\" content=\"Loginfo24\" \/>\n<meta property=\"article:publisher\" content=\"https:\/\/www.facebook.com\/people\/Loginfo24\/100057360583332\/\" \/>\n<meta property=\"article:published_time\" content=\"2025-11-18T10:21:19+00:00\" \/>\n<meta property=\"og:image\" content=\"https:\/\/loginfo24.com\/wp-content\/uploads\/sites\/7\/2025\/12\/CTL_18.11.25.jpg\" \/>\n\t<meta property=\"og:image:width\" content=\"1116\" \/>\n\t<meta property=\"og:image:height\" content=\"620\" \/>\n\t<meta property=\"og:image:type\" content=\"image\/jpeg\" \/>\n<meta name=\"twitter:card\" content=\"summary_large_image\" \/>\n<meta name=\"twitter:label1\" content=\"Tempo di lettura stimato\" \/>\n\t<meta name=\"twitter:data1\" content=\"3 minuto\" \/>\n<script type=\"application\/ld+json\" class=\"yoast-schema-graph\">{\"@context\":\"https:\\\/\\\/schema.org\",\"@graph\":[{\"@type\":\"Article\",\"@id\":\"https:\\\/\\\/loginfo24.com\\\/it\\\/2025\\\/11\\\/18\\\/ctl-amplia-larea-presso-il-central-hub-di-homberg\\\/#article\",\"isPartOf\":{\"@id\":\"https:\\\/\\\/loginfo24.com\\\/it\\\/2025\\\/11\\\/18\\\/ctl-amplia-larea-presso-il-central-hub-di-homberg\\\/\"},\"author\":{\"name\":\"\",\"@id\":\"\"},\"headline\":\"CTL amplia l&#8217;area presso il Central HUB di Homberg\",\"datePublished\":\"2025-11-18T10:21:19+00:00\",\"mainEntityOfPage\":{\"@id\":\"https:\\\/\\\/loginfo24.com\\\/it\\\/2025\\\/11\\\/18\\\/ctl-amplia-larea-presso-il-central-hub-di-homberg\\\/\"},\"wordCount\":577,\"commentCount\":0,\"publisher\":{\"@id\":\"https:\\\/\\\/loginfo24.com\\\/it\\\/#organization\"},\"image\":{\"@id\":\"https:\\\/\\\/loginfo24.com\\\/it\\\/2025\\\/11\\\/18\\\/ctl-amplia-larea-presso-il-central-hub-di-homberg\\\/#primaryimage\"},\"thumbnailUrl\":\"https:\\\/\\\/loginfo24.com\\\/wp-content\\\/uploads\\\/sites\\\/7\\\/2025\\\/12\\\/CTL_18.11.25.jpg\",\"articleSection\":[\"Regions\"],\"inLanguage\":\"it-IT\",\"potentialAction\":[{\"@type\":\"CommentAction\",\"name\":\"Comment\",\"target\":[\"https:\\\/\\\/loginfo24.com\\\/it\\\/2025\\\/11\\\/18\\\/ctl-amplia-larea-presso-il-central-hub-di-homberg\\\/#respond\"]}]},{\"@type\":\"WebPage\",\"@id\":\"https:\\\/\\\/loginfo24.com\\\/it\\\/2025\\\/11\\\/18\\\/ctl-amplia-larea-presso-il-central-hub-di-homberg\\\/\",\"url\":\"https:\\\/\\\/loginfo24.com\\\/it\\\/2025\\\/11\\\/18\\\/ctl-amplia-larea-presso-il-central-hub-di-homberg\\\/\",\"name\":\"CTL amplia l'area presso il Central HUB di Homberg - Loginfo24\",\"isPartOf\":{\"@id\":\"https:\\\/\\\/loginfo24.com\\\/it\\\/#website\"},\"primaryImageOfPage\":{\"@id\":\"https:\\\/\\\/loginfo24.com\\\/it\\\/2025\\\/11\\\/18\\\/ctl-amplia-larea-presso-il-central-hub-di-homberg\\\/#primaryimage\"},\"image\":{\"@id\":\"https:\\\/\\\/loginfo24.com\\\/it\\\/2025\\\/11\\\/18\\\/ctl-amplia-larea-presso-il-central-hub-di-homberg\\\/#primaryimage\"},\"thumbnailUrl\":\"https:\\\/\\\/loginfo24.com\\\/wp-content\\\/uploads\\\/sites\\\/7\\\/2025\\\/12\\\/CTL_18.11.25.jpg\",\"datePublished\":\"2025-11-18T10:21:19+00:00\",\"breadcrumb\":{\"@id\":\"https:\\\/\\\/loginfo24.com\\\/it\\\/2025\\\/11\\\/18\\\/ctl-amplia-larea-presso-il-central-hub-di-homberg\\\/#breadcrumb\"},\"inLanguage\":\"it-IT\",\"potentialAction\":[{\"@type\":\"ReadAction\",\"target\":[\"https:\\\/\\\/loginfo24.com\\\/it\\\/2025\\\/11\\\/18\\\/ctl-amplia-larea-presso-il-central-hub-di-homberg\\\/\"]}]},{\"@type\":\"ImageObject\",\"inLanguage\":\"it-IT\",\"@id\":\"https:\\\/\\\/loginfo24.com\\\/it\\\/2025\\\/11\\\/18\\\/ctl-amplia-larea-presso-il-central-hub-di-homberg\\\/#primaryimage\",\"url\":\"https:\\\/\\\/loginfo24.com\\\/wp-content\\\/uploads\\\/sites\\\/7\\\/2025\\\/12\\\/CTL_18.11.25.jpg\",\"contentUrl\":\"https:\\\/\\\/loginfo24.com\\\/wp-content\\\/uploads\\\/sites\\\/7\\\/2025\\\/12\\\/CTL_18.11.25.jpg\",\"width\":1116,\"height\":620},{\"@type\":\"BreadcrumbList\",\"@id\":\"https:\\\/\\\/loginfo24.com\\\/it\\\/2025\\\/11\\\/18\\\/ctl-amplia-larea-presso-il-central-hub-di-homberg\\\/#breadcrumb\",\"itemListElement\":[{\"@type\":\"ListItem\",\"position\":1,\"name\":\"Startseite\",\"item\":\"https:\\\/\\\/loginfo24.com\\\/it\\\/\"},{\"@type\":\"ListItem\",\"position\":2,\"name\":\"CTL amplia l&#8217;area presso il Central HUB di Homberg\"}]},{\"@type\":\"WebSite\",\"@id\":\"https:\\\/\\\/loginfo24.com\\\/it\\\/#website\",\"url\":\"https:\\\/\\\/loginfo24.com\\\/it\\\/\",\"name\":\"Loginfo24\",\"description\":\"Loginfo24 \u00e8 la piattaforma dedicata alla logistica e alle catene di fornitura con informazioni disponibili 24 ore su 24.\",\"publisher\":{\"@id\":\"https:\\\/\\\/loginfo24.com\\\/it\\\/#organization\"},\"potentialAction\":[{\"@type\":\"SearchAction\",\"target\":{\"@type\":\"EntryPoint\",\"urlTemplate\":\"https:\\\/\\\/loginfo24.com\\\/it\\\/?s={search_term_string}\"},\"query-input\":{\"@type\":\"PropertyValueSpecification\",\"valueRequired\":true,\"valueName\":\"search_term_string\"}}],\"inLanguage\":\"it-IT\"},{\"@type\":\"Organization\",\"@id\":\"https:\\\/\\\/loginfo24.com\\\/it\\\/#organization\",\"name\":\"Logismedia Group AG\",\"url\":\"https:\\\/\\\/loginfo24.com\\\/it\\\/\",\"logo\":{\"@type\":\"ImageObject\",\"inLanguage\":\"it-IT\",\"@id\":\"https:\\\/\\\/loginfo24.com\\\/it\\\/#\\\/schema\\\/logo\\\/image\\\/\",\"url\":\"https:\\\/\\\/loginfo24.com\\\/wp-content\\\/uploads\\\/sites\\\/7\\\/2026\\\/01\\\/Logo_LogInfo24.png\",\"contentUrl\":\"https:\\\/\\\/loginfo24.com\\\/wp-content\\\/uploads\\\/sites\\\/7\\\/2026\\\/01\\\/Logo_LogInfo24.png\",\"width\":938,\"height\":351,\"caption\":\"Logismedia Group AG\"},\"image\":{\"@id\":\"https:\\\/\\\/loginfo24.com\\\/it\\\/#\\\/schema\\\/logo\\\/image\\\/\"},\"sameAs\":[\"https:\\\/\\\/www.facebook.com\\\/people\\\/Loginfo24\\\/100057360583332\\\/\",\"https:\\\/\\\/www.linkedin.com\\\/company\\\/lofinfo24\\\/\"]}]}<\/script>\n<!-- \/ Yoast SEO plugin. -->","yoast_head_json":{"title":"CTL amplia l'area presso il Central HUB di Homberg - Loginfo24","robots":{"index":"index","follow":"follow","max-snippet":"max-snippet:-1","max-image-preview":"max-image-preview:large","max-video-preview":"max-video-preview:-1"},"canonical":"https:\/\/loginfo24.com\/it\/2025\/11\/18\/ctl-amplia-larea-presso-il-central-hub-di-homberg\/","og_locale":"it_IT","og_type":"article","og_title":"CTL amplia l'area presso il Central HUB di Homberg - Loginfo24","og_description":"La Cargo Trans Logistik AG (CTL) amplia le proprie aree presso il Central HUB di Homberg: con un nuovo accesso per camion, 50 ulteriori posti di [\u2026]","og_url":"https:\/\/loginfo24.com\/it\/2025\/11\/18\/ctl-amplia-larea-presso-il-central-hub-di-homberg\/","og_site_name":"Loginfo24","article_publisher":"https:\/\/www.facebook.com\/people\/Loginfo24\/100057360583332\/","article_published_time":"2025-11-18T10:21:19+00:00","og_image":[{"width":1116,"height":620,"url":"https:\/\/loginfo24.com\/wp-content\/uploads\/sites\/7\/2025\/12\/CTL_18.11.25.jpg","type":"image\/jpeg"}],"twitter_card":"summary_large_image","twitter_misc":{"Tempo di lettura stimato":"3 minuto"},"schema":{"@context":"https:\/\/schema.org","@graph":[{"@type":"Article","@id":"https:\/\/loginfo24.com\/it\/2025\/11\/18\/ctl-amplia-larea-presso-il-central-hub-di-homberg\/#article","isPartOf":{"@id":"https:\/\/loginfo24.com\/it\/2025\/11\/18\/ctl-amplia-larea-presso-il-central-hub-di-homberg\/"},"author":{"name":"","@id":""},"headline":"CTL amplia l&#8217;area presso il Central HUB di Homberg","datePublished":"2025-11-18T10:21:19+00:00","mainEntityOfPage":{"@id":"https:\/\/loginfo24.com\/it\/2025\/11\/18\/ctl-amplia-larea-presso-il-central-hub-di-homberg\/"},"wordCount":577,"commentCount":0,"publisher":{"@id":"https:\/\/loginfo24.com\/it\/#organization"},"image":{"@id":"https:\/\/loginfo24.com\/it\/2025\/11\/18\/ctl-amplia-larea-presso-il-central-hub-di-homberg\/#primaryimage"},"thumbnailUrl":"https:\/\/loginfo24.com\/wp-content\/uploads\/sites\/7\/2025\/12\/CTL_18.11.25.jpg","articleSection":["Regions"],"inLanguage":"it-IT","potentialAction":[{"@type":"CommentAction","name":"Comment","target":["https:\/\/loginfo24.com\/it\/2025\/11\/18\/ctl-amplia-larea-presso-il-central-hub-di-homberg\/#respond"]}]},{"@type":"WebPage","@id":"https:\/\/loginfo24.com\/it\/2025\/11\/18\/ctl-amplia-larea-presso-il-central-hub-di-homberg\/","url":"https:\/\/loginfo24.com\/it\/2025\/11\/18\/ctl-amplia-larea-presso-il-central-hub-di-homberg\/","name":"CTL amplia l'area presso il Central HUB di Homberg - Loginfo24","isPartOf":{"@id":"https:\/\/loginfo24.com\/it\/#website"},"primaryImageOfPage":{"@id":"https:\/\/loginfo24.com\/it\/2025\/11\/18\/ctl-amplia-larea-presso-il-central-hub-di-homberg\/#primaryimage"},"image":{"@id":"https:\/\/loginfo24.com\/it\/2025\/11\/18\/ctl-amplia-larea-presso-il-central-hub-di-homberg\/#primaryimage"},"thumbnailUrl":"https:\/\/loginfo24.com\/wp-content\/uploads\/sites\/7\/2025\/12\/CTL_18.11.25.jpg","datePublished":"2025-11-18T10:21:19+00:00","breadcrumb":{"@id":"https:\/\/loginfo24.com\/it\/2025\/11\/18\/ctl-amplia-larea-presso-il-central-hub-di-homberg\/#breadcrumb"},"inLanguage":"it-IT","potentialAction":[{"@type":"ReadAction","target":["https:\/\/loginfo24.com\/it\/2025\/11\/18\/ctl-amplia-larea-presso-il-central-hub-di-homberg\/"]}]},{"@type":"ImageObject","inLanguage":"it-IT","@id":"https:\/\/loginfo24.com\/it\/2025\/11\/18\/ctl-amplia-larea-presso-il-central-hub-di-homberg\/#primaryimage","url":"https:\/\/loginfo24.com\/wp-content\/uploads\/sites\/7\/2025\/12\/CTL_18.11.25.jpg","contentUrl":"https:\/\/loginfo24.com\/wp-content\/uploads\/sites\/7\/2025\/12\/CTL_18.11.25.jpg","width":1116,"height":620},{"@type":"BreadcrumbList","@id":"https:\/\/loginfo24.com\/it\/2025\/11\/18\/ctl-amplia-larea-presso-il-central-hub-di-homberg\/#breadcrumb","itemListElement":[{"@type":"ListItem","position":1,"name":"Startseite","item":"https:\/\/loginfo24.com\/it\/"},{"@type":"ListItem","position":2,"name":"CTL amplia l&#8217;area presso il Central HUB di Homberg"}]},{"@type":"WebSite","@id":"https:\/\/loginfo24.com\/it\/#website","url":"https:\/\/loginfo24.com\/it\/","name":"Loginfo24","description":"Loginfo24 \u00e8 la piattaforma dedicata alla logistica e alle catene di fornitura con informazioni disponibili 24 ore su 24.","publisher":{"@id":"https:\/\/loginfo24.com\/it\/#organization"},"potentialAction":[{"@type":"SearchAction","target":{"@type":"EntryPoint","urlTemplate":"https:\/\/loginfo24.com\/it\/?s={search_term_string}"},"query-input":{"@type":"PropertyValueSpecification","valueRequired":true,"valueName":"search_term_string"}}],"inLanguage":"it-IT"},{"@type":"Organization","@id":"https:\/\/loginfo24.com\/it\/#organization","name":"Logismedia Group AG","url":"https:\/\/loginfo24.com\/it\/","logo":{"@type":"ImageObject","inLanguage":"it-IT","@id":"https:\/\/loginfo24.com\/it\/#\/schema\/logo\/image\/","url":"https:\/\/loginfo24.com\/wp-content\/uploads\/sites\/7\/2026\/01\/Logo_LogInfo24.png","contentUrl":"https:\/\/loginfo24.com\/wp-content\/uploads\/sites\/7\/2026\/01\/Logo_LogInfo24.png","width":938,"height":351,"caption":"Logismedia Group AG"},"image":{"@id":"https:\/\/loginfo24.com\/it\/#\/schema\/logo\/image\/"},"sameAs":["https:\/\/www.facebook.com\/people\/Loginfo24\/100057360583332\/","https:\/\/www.linkedin.com\/company\/lofinfo24\/"]}]}},"_links":{"self":[{"href":"https:\/\/loginfo24.com\/it\/wp-json\/wp\/v2\/posts\/71138","targetHints":{"allow":["GET"]}}],"collection":[{"href":"https:\/\/loginfo24.com\/it\/wp-json\/wp\/v2\/posts"}],"about":[{"href":"https:\/\/loginfo24.com\/it\/wp-json\/wp\/v2\/types\/post"}],"replies":[{"embeddable":true,"href":"https:\/\/loginfo24.com\/it\/wp-json\/wp\/v2\/comments?post=71138"}],"version-history":[{"count":0,"href":"https:\/\/loginfo24.com\/it\/wp-json\/wp\/v2\/posts\/71138\/revisions"}],"wp:featuredmedia":[{"embeddable":true,"href":"https:\/\/loginfo24.com\/it\/wp-json\/wp\/v2\/media\/4221"}],"wp:attachment":[{"href":"https:\/\/loginfo24.com\/it\/wp-json\/wp\/v2\/media?parent=71138"}],"wp:term":[{"taxonomy":"category","embeddable":true,"href":"https:\/\/loginfo24.com\/it\/wp-json\/wp\/v2\/categories?post=71138"},{"taxonomy":"post_tag","embeddable":true,"href":"https:\/\/loginfo24.com\/it\/wp-json\/wp\/v2\/tags?post=71138"}],"curies":[{"name":"wp","href":"https:\/\/api.w.org\/{rel}","templated":true}]}}