{"id":68233,"date":"2025-02-27T17:35:45","date_gmt":"2025-02-27T16:35:45","guid":{"rendered":"https:\/\/blog.brand-architecture.at\/2025\/02\/27\/gruber-logistics-completa-lintegrazione-di-zust-bachmeier\/"},"modified":"2025-02-27T17:35:45","modified_gmt":"2025-02-27T16:35:45","slug":"gruber-logistics-completa-lintegrazione-di-zust-bachmeier","status":"publish","type":"post","link":"https:\/\/loginfo24.com\/it\/2025\/02\/27\/gruber-logistics-completa-lintegrazione-di-zust-bachmeier\/","title":{"rendered":"Gruber Logistics completa l&#8217;integrazione di Z\u00fcst &amp; Bachmeier"},"content":{"rendered":"<h5><strong>Gruber Logistics ha completato l&#8217;integrazione della Z\u00fcst &amp; Bachmeier Project GmbH nel suo gruppo aziendale all&#8217;inizio del 2025. Dall&#8217;inizio di quest&#8217;anno, lo specialista delle spedizioni di progetto opera come Gruber Logistics Project GmbH. Questo \u00e8 stato l&#8217;ultimo passo dell&#8217;integrazione. Con l&#8217;acquisizione di Universal Transport nell&#8217;autunno del 2022, anche l&#8217;azienda Z\u00fcst &amp; Bachmeier \u00e8 diventata parte del gruppo Gruber Logistics.<\/strong><\/h5>\n<p>(Auer\/N\u00fcrnberg) Fin dal 1911, l&#8217;azienda specializzata in spedizioni di progetto realizza trasporti complessi per i propri clienti in tutto il mondo, combinando diversi mezzi di trasporto per una gestione efficiente. Il processo di sincronizzazione del marchio, ora finalizzato, segna la conclusione del progetto di integrazione avviato nel 2022. Martin Gruber, CEO di Gruber Logistics, riassume il valore aggiunto delle acquisizioni di Universal Transport e quindi anche di Z\u00fcst &amp; Bachmeier per la sua azienda: &#8220;La competenza globale e il know-how di Z\u00fcst &amp; Bachmeier Project ampliano le nostre prospettive e aprono nuove opportunit\u00e0 di crescita in un segmento specialistico della logistica.&#8221;<\/p>\n<p>I clienti di Gruber Logistics nel settore delle Project Cargo Solutions \u2013 con questo nuovo nome Z\u00fcst &amp; Bachmeier sar\u00e0 commercializzato \u2013 continueranno a beneficiare delle strutture consolidate: sedi, referenti e processi rimangono invariati. La filiale di Norimberga \u00e8 guidata da Andreas W\u00f6hler, mentre Marcel Zare dirige la filiale di D\u00fcsseldorf.<\/p>\n<p>Un elemento centrale di Gruber Logistics rimane l&#8217;approccio al trasporto multimodale. &#8220;Lavoriamo con tutti i mezzi di trasporto e offriamo una vasta gamma di soluzioni. Un buon esempio \u00e8 il terminal che gestiamo nel porto fluviale di Norimberga, che ci consente di gestire spedizioni di progetto attraverso le vie navigabili interne&#8221;, afferma Andreas W\u00f6hler, responsabile della filiale di Norimberga. Da novembre 2024, il trasporto di 13 trasformatori del peso di 197 tonnellate ciascuno avverr\u00e0 via acqua verso Krefeld, con conclusione prevista per marzo 2025. L&#8217;ultimo tratto fino alla destinazione a Meerbusch sar\u00e0 nuovamente effettuato con camion. Gruber Logistics utilizza attrezzature proprie per il trasporto e lo scarico.<\/p>\n<h5>Accesso diretto all&#8217;intero portafoglio di servizi<\/h5>\n<p>Grazie all&#8217;integrazione completa di Z\u00fcst &amp; Bachmeier Project, i clienti hanno accesso diretto all&#8217;intero portafoglio di servizi di Gruber Logistics. Questo include, oltre ai trasporti pesanti e fuori misura con attrezzature proprie, anche carichi completi e parziali, trasporti di merce consolidata, prodotti di spedizione aerea e marittima, logistica di progetto, montaggi industriali e il cosiddetto ingegneria in-house.<\/p>\n<p>&#8220;Grazie ai nostri servizi di spedizione di progetto, i nostri clienti beneficiano di soluzioni di trasporto ottimizzate lungo le catene logistiche globali. L&#8217;utilizzo delle risorse di Gruber Logistics per il trasporto di merci fuori misura e pesanti amplia le nostre capacit\u00e0 operative&#8221;, sottolinea Marcel Zare, responsabile della filiale di D\u00fcsseldorf.<\/p>\n<p>Foto: \u00a9 Gruber Logistics<\/p>\n","protected":false},"excerpt":{"rendered":"<p>Gruber Logistics ha completato l&#8217;integrazione della Z\u00fcst &amp; Bachmeier Project GmbH nel suo gruppo aziendale all&#8217;inizio del 2025. Dall&#8217;inizio di quest&#8217;anno, lo specialista delle spedizioni di<span class=\"excerpt-hellip\"> [\u2026]<\/span><\/p>\n","protected":false},"author":0,"featured_media":5356,"comment_status":"open","ping_status":"open","sticky":false,"template":"","format":"standard","meta":{"_acf_changed":false,"footnotes":""},"categories":[1557,1561],"tags":[],"class_list":["post-68233","post","type-post","status-publish","format-standard","has-post-thumbnail","hentry","category-forwarding-logistics","category-regions"],"acf":[],"yoast_head":"<!-- This site is optimized with the Yoast SEO plugin v27.3 - https:\/\/yoast.com\/product\/yoast-seo-wordpress\/ -->\n<title>Gruber Logistics completa l&#039;integrazione di Z\u00fcst &amp; Bachmeier - Loginfo24<\/title>\n<meta name=\"robots\" content=\"index, follow, max-snippet:-1, max-image-preview:large, max-video-preview:-1\" \/>\n<link rel=\"canonical\" href=\"https:\/\/loginfo24.com\/it\/2025\/02\/27\/gruber-logistics-completa-lintegrazione-di-zust-bachmeier\/\" \/>\n<meta property=\"og:locale\" content=\"it_IT\" \/>\n<meta property=\"og:type\" content=\"article\" \/>\n<meta property=\"og:title\" content=\"Gruber Logistics completa l&#039;integrazione di Z\u00fcst &amp; Bachmeier - Loginfo24\" \/>\n<meta property=\"og:description\" content=\"Gruber Logistics ha completato l&#8217;integrazione della Z\u00fcst &amp; Bachmeier Project GmbH nel suo gruppo aziendale all&#8217;inizio del 2025. Dall&#8217;inizio di quest&#8217;anno, lo specialista delle spedizioni di [\u2026]\" \/>\n<meta property=\"og:url\" content=\"https:\/\/loginfo24.com\/it\/2025\/02\/27\/gruber-logistics-completa-lintegrazione-di-zust-bachmeier\/\" \/>\n<meta property=\"og:site_name\" content=\"Loginfo24\" \/>\n<meta property=\"article:publisher\" content=\"https:\/\/www.facebook.com\/people\/Loginfo24\/100057360583332\/\" \/>\n<meta property=\"article:published_time\" content=\"2025-02-27T16:35:45+00:00\" \/>\n<meta property=\"og:image\" content=\"https:\/\/loginfo24.com\/wp-content\/uploads\/sites\/7\/2025\/12\/Gruber_27.2.25.jpg\" \/>\n\t<meta property=\"og:image:width\" content=\"1223\" \/>\n\t<meta property=\"og:image:height\" content=\"763\" \/>\n\t<meta property=\"og:image:type\" content=\"image\/jpeg\" \/>\n<meta name=\"twitter:card\" content=\"summary_large_image\" \/>\n<meta name=\"twitter:label1\" content=\"Tempo di lettura stimato\" \/>\n\t<meta name=\"twitter:data1\" content=\"2 minuto\" \/>\n<script type=\"application\/ld+json\" class=\"yoast-schema-graph\">{\"@context\":\"https:\\\/\\\/schema.org\",\"@graph\":[{\"@type\":\"Article\",\"@id\":\"https:\\\/\\\/loginfo24.com\\\/it\\\/2025\\\/02\\\/27\\\/gruber-logistics-completa-lintegrazione-di-zust-bachmeier\\\/#article\",\"isPartOf\":{\"@id\":\"https:\\\/\\\/loginfo24.com\\\/it\\\/2025\\\/02\\\/27\\\/gruber-logistics-completa-lintegrazione-di-zust-bachmeier\\\/\"},\"author\":{\"name\":\"\",\"@id\":\"\"},\"headline\":\"Gruber Logistics completa l&#8217;integrazione di Z\u00fcst &amp; Bachmeier\",\"datePublished\":\"2025-02-27T16:35:45+00:00\",\"mainEntityOfPage\":{\"@id\":\"https:\\\/\\\/loginfo24.com\\\/it\\\/2025\\\/02\\\/27\\\/gruber-logistics-completa-lintegrazione-di-zust-bachmeier\\\/\"},\"wordCount\":458,\"commentCount\":0,\"publisher\":{\"@id\":\"https:\\\/\\\/loginfo24.com\\\/it\\\/#organization\"},\"image\":{\"@id\":\"https:\\\/\\\/loginfo24.com\\\/it\\\/2025\\\/02\\\/27\\\/gruber-logistics-completa-lintegrazione-di-zust-bachmeier\\\/#primaryimage\"},\"thumbnailUrl\":\"https:\\\/\\\/loginfo24.com\\\/wp-content\\\/uploads\\\/sites\\\/7\\\/2025\\\/12\\\/Gruber_27.2.25.jpg\",\"articleSection\":[\"Forwarding &amp; Logistics\",\"Regions\"],\"inLanguage\":\"it-IT\",\"potentialAction\":[{\"@type\":\"CommentAction\",\"name\":\"Comment\",\"target\":[\"https:\\\/\\\/loginfo24.com\\\/it\\\/2025\\\/02\\\/27\\\/gruber-logistics-completa-lintegrazione-di-zust-bachmeier\\\/#respond\"]}]},{\"@type\":\"WebPage\",\"@id\":\"https:\\\/\\\/loginfo24.com\\\/it\\\/2025\\\/02\\\/27\\\/gruber-logistics-completa-lintegrazione-di-zust-bachmeier\\\/\",\"url\":\"https:\\\/\\\/loginfo24.com\\\/it\\\/2025\\\/02\\\/27\\\/gruber-logistics-completa-lintegrazione-di-zust-bachmeier\\\/\",\"name\":\"Gruber Logistics completa l'integrazione di Z\u00fcst &amp; Bachmeier - Loginfo24\",\"isPartOf\":{\"@id\":\"https:\\\/\\\/loginfo24.com\\\/it\\\/#website\"},\"primaryImageOfPage\":{\"@id\":\"https:\\\/\\\/loginfo24.com\\\/it\\\/2025\\\/02\\\/27\\\/gruber-logistics-completa-lintegrazione-di-zust-bachmeier\\\/#primaryimage\"},\"image\":{\"@id\":\"https:\\\/\\\/loginfo24.com\\\/it\\\/2025\\\/02\\\/27\\\/gruber-logistics-completa-lintegrazione-di-zust-bachmeier\\\/#primaryimage\"},\"thumbnailUrl\":\"https:\\\/\\\/loginfo24.com\\\/wp-content\\\/uploads\\\/sites\\\/7\\\/2025\\\/12\\\/Gruber_27.2.25.jpg\",\"datePublished\":\"2025-02-27T16:35:45+00:00\",\"breadcrumb\":{\"@id\":\"https:\\\/\\\/loginfo24.com\\\/it\\\/2025\\\/02\\\/27\\\/gruber-logistics-completa-lintegrazione-di-zust-bachmeier\\\/#breadcrumb\"},\"inLanguage\":\"it-IT\",\"potentialAction\":[{\"@type\":\"ReadAction\",\"target\":[\"https:\\\/\\\/loginfo24.com\\\/it\\\/2025\\\/02\\\/27\\\/gruber-logistics-completa-lintegrazione-di-zust-bachmeier\\\/\"]}]},{\"@type\":\"ImageObject\",\"inLanguage\":\"it-IT\",\"@id\":\"https:\\\/\\\/loginfo24.com\\\/it\\\/2025\\\/02\\\/27\\\/gruber-logistics-completa-lintegrazione-di-zust-bachmeier\\\/#primaryimage\",\"url\":\"https:\\\/\\\/loginfo24.com\\\/wp-content\\\/uploads\\\/sites\\\/7\\\/2025\\\/12\\\/Gruber_27.2.25.jpg\",\"contentUrl\":\"https:\\\/\\\/loginfo24.com\\\/wp-content\\\/uploads\\\/sites\\\/7\\\/2025\\\/12\\\/Gruber_27.2.25.jpg\",\"width\":1223,\"height\":763},{\"@type\":\"BreadcrumbList\",\"@id\":\"https:\\\/\\\/loginfo24.com\\\/it\\\/2025\\\/02\\\/27\\\/gruber-logistics-completa-lintegrazione-di-zust-bachmeier\\\/#breadcrumb\",\"itemListElement\":[{\"@type\":\"ListItem\",\"position\":1,\"name\":\"Startseite\",\"item\":\"https:\\\/\\\/loginfo24.com\\\/it\\\/\"},{\"@type\":\"ListItem\",\"position\":2,\"name\":\"Gruber Logistics completa l&#8217;integrazione di Z\u00fcst &amp; Bachmeier\"}]},{\"@type\":\"WebSite\",\"@id\":\"https:\\\/\\\/loginfo24.com\\\/it\\\/#website\",\"url\":\"https:\\\/\\\/loginfo24.com\\\/it\\\/\",\"name\":\"Loginfo24\",\"description\":\"Loginfo24 \u00e8 la piattaforma dedicata alla logistica e alle catene di fornitura con informazioni disponibili 24 ore su 24.\",\"publisher\":{\"@id\":\"https:\\\/\\\/loginfo24.com\\\/it\\\/#organization\"},\"potentialAction\":[{\"@type\":\"SearchAction\",\"target\":{\"@type\":\"EntryPoint\",\"urlTemplate\":\"https:\\\/\\\/loginfo24.com\\\/it\\\/?s={search_term_string}\"},\"query-input\":{\"@type\":\"PropertyValueSpecification\",\"valueRequired\":true,\"valueName\":\"search_term_string\"}}],\"inLanguage\":\"it-IT\"},{\"@type\":\"Organization\",\"@id\":\"https:\\\/\\\/loginfo24.com\\\/it\\\/#organization\",\"name\":\"Logismedia Group AG\",\"url\":\"https:\\\/\\\/loginfo24.com\\\/it\\\/\",\"logo\":{\"@type\":\"ImageObject\",\"inLanguage\":\"it-IT\",\"@id\":\"https:\\\/\\\/loginfo24.com\\\/it\\\/#\\\/schema\\\/logo\\\/image\\\/\",\"url\":\"https:\\\/\\\/loginfo24.com\\\/wp-content\\\/uploads\\\/sites\\\/7\\\/2026\\\/01\\\/Logo_LogInfo24.png\",\"contentUrl\":\"https:\\\/\\\/loginfo24.com\\\/wp-content\\\/uploads\\\/sites\\\/7\\\/2026\\\/01\\\/Logo_LogInfo24.png\",\"width\":938,\"height\":351,\"caption\":\"Logismedia Group AG\"},\"image\":{\"@id\":\"https:\\\/\\\/loginfo24.com\\\/it\\\/#\\\/schema\\\/logo\\\/image\\\/\"},\"sameAs\":[\"https:\\\/\\\/www.facebook.com\\\/people\\\/Loginfo24\\\/100057360583332\\\/\",\"https:\\\/\\\/www.linkedin.com\\\/company\\\/lofinfo24\\\/\"]}]}<\/script>\n<!-- \/ Yoast SEO plugin. -->","yoast_head_json":{"title":"Gruber Logistics completa l'integrazione di Z\u00fcst &amp; Bachmeier - Loginfo24","robots":{"index":"index","follow":"follow","max-snippet":"max-snippet:-1","max-image-preview":"max-image-preview:large","max-video-preview":"max-video-preview:-1"},"canonical":"https:\/\/loginfo24.com\/it\/2025\/02\/27\/gruber-logistics-completa-lintegrazione-di-zust-bachmeier\/","og_locale":"it_IT","og_type":"article","og_title":"Gruber Logistics completa l'integrazione di Z\u00fcst &amp; Bachmeier - Loginfo24","og_description":"Gruber Logistics ha completato l&#8217;integrazione della Z\u00fcst &amp; Bachmeier Project GmbH nel suo gruppo aziendale all&#8217;inizio del 2025. Dall&#8217;inizio di quest&#8217;anno, lo specialista delle spedizioni di [\u2026]","og_url":"https:\/\/loginfo24.com\/it\/2025\/02\/27\/gruber-logistics-completa-lintegrazione-di-zust-bachmeier\/","og_site_name":"Loginfo24","article_publisher":"https:\/\/www.facebook.com\/people\/Loginfo24\/100057360583332\/","article_published_time":"2025-02-27T16:35:45+00:00","og_image":[{"width":1223,"height":763,"url":"https:\/\/loginfo24.com\/wp-content\/uploads\/sites\/7\/2025\/12\/Gruber_27.2.25.jpg","type":"image\/jpeg"}],"twitter_card":"summary_large_image","twitter_misc":{"Tempo di lettura stimato":"2 minuto"},"schema":{"@context":"https:\/\/schema.org","@graph":[{"@type":"Article","@id":"https:\/\/loginfo24.com\/it\/2025\/02\/27\/gruber-logistics-completa-lintegrazione-di-zust-bachmeier\/#article","isPartOf":{"@id":"https:\/\/loginfo24.com\/it\/2025\/02\/27\/gruber-logistics-completa-lintegrazione-di-zust-bachmeier\/"},"author":{"name":"","@id":""},"headline":"Gruber Logistics completa l&#8217;integrazione di Z\u00fcst &amp; Bachmeier","datePublished":"2025-02-27T16:35:45+00:00","mainEntityOfPage":{"@id":"https:\/\/loginfo24.com\/it\/2025\/02\/27\/gruber-logistics-completa-lintegrazione-di-zust-bachmeier\/"},"wordCount":458,"commentCount":0,"publisher":{"@id":"https:\/\/loginfo24.com\/it\/#organization"},"image":{"@id":"https:\/\/loginfo24.com\/it\/2025\/02\/27\/gruber-logistics-completa-lintegrazione-di-zust-bachmeier\/#primaryimage"},"thumbnailUrl":"https:\/\/loginfo24.com\/wp-content\/uploads\/sites\/7\/2025\/12\/Gruber_27.2.25.jpg","articleSection":["Forwarding &amp; Logistics","Regions"],"inLanguage":"it-IT","potentialAction":[{"@type":"CommentAction","name":"Comment","target":["https:\/\/loginfo24.com\/it\/2025\/02\/27\/gruber-logistics-completa-lintegrazione-di-zust-bachmeier\/#respond"]}]},{"@type":"WebPage","@id":"https:\/\/loginfo24.com\/it\/2025\/02\/27\/gruber-logistics-completa-lintegrazione-di-zust-bachmeier\/","url":"https:\/\/loginfo24.com\/it\/2025\/02\/27\/gruber-logistics-completa-lintegrazione-di-zust-bachmeier\/","name":"Gruber Logistics completa l'integrazione di Z\u00fcst &amp; Bachmeier - Loginfo24","isPartOf":{"@id":"https:\/\/loginfo24.com\/it\/#website"},"primaryImageOfPage":{"@id":"https:\/\/loginfo24.com\/it\/2025\/02\/27\/gruber-logistics-completa-lintegrazione-di-zust-bachmeier\/#primaryimage"},"image":{"@id":"https:\/\/loginfo24.com\/it\/2025\/02\/27\/gruber-logistics-completa-lintegrazione-di-zust-bachmeier\/#primaryimage"},"thumbnailUrl":"https:\/\/loginfo24.com\/wp-content\/uploads\/sites\/7\/2025\/12\/Gruber_27.2.25.jpg","datePublished":"2025-02-27T16:35:45+00:00","breadcrumb":{"@id":"https:\/\/loginfo24.com\/it\/2025\/02\/27\/gruber-logistics-completa-lintegrazione-di-zust-bachmeier\/#breadcrumb"},"inLanguage":"it-IT","potentialAction":[{"@type":"ReadAction","target":["https:\/\/loginfo24.com\/it\/2025\/02\/27\/gruber-logistics-completa-lintegrazione-di-zust-bachmeier\/"]}]},{"@type":"ImageObject","inLanguage":"it-IT","@id":"https:\/\/loginfo24.com\/it\/2025\/02\/27\/gruber-logistics-completa-lintegrazione-di-zust-bachmeier\/#primaryimage","url":"https:\/\/loginfo24.com\/wp-content\/uploads\/sites\/7\/2025\/12\/Gruber_27.2.25.jpg","contentUrl":"https:\/\/loginfo24.com\/wp-content\/uploads\/sites\/7\/2025\/12\/Gruber_27.2.25.jpg","width":1223,"height":763},{"@type":"BreadcrumbList","@id":"https:\/\/loginfo24.com\/it\/2025\/02\/27\/gruber-logistics-completa-lintegrazione-di-zust-bachmeier\/#breadcrumb","itemListElement":[{"@type":"ListItem","position":1,"name":"Startseite","item":"https:\/\/loginfo24.com\/it\/"},{"@type":"ListItem","position":2,"name":"Gruber Logistics completa l&#8217;integrazione di Z\u00fcst &amp; Bachmeier"}]},{"@type":"WebSite","@id":"https:\/\/loginfo24.com\/it\/#website","url":"https:\/\/loginfo24.com\/it\/","name":"Loginfo24","description":"Loginfo24 \u00e8 la piattaforma dedicata alla logistica e alle catene di fornitura con informazioni disponibili 24 ore su 24.","publisher":{"@id":"https:\/\/loginfo24.com\/it\/#organization"},"potentialAction":[{"@type":"SearchAction","target":{"@type":"EntryPoint","urlTemplate":"https:\/\/loginfo24.com\/it\/?s={search_term_string}"},"query-input":{"@type":"PropertyValueSpecification","valueRequired":true,"valueName":"search_term_string"}}],"inLanguage":"it-IT"},{"@type":"Organization","@id":"https:\/\/loginfo24.com\/it\/#organization","name":"Logismedia Group AG","url":"https:\/\/loginfo24.com\/it\/","logo":{"@type":"ImageObject","inLanguage":"it-IT","@id":"https:\/\/loginfo24.com\/it\/#\/schema\/logo\/image\/","url":"https:\/\/loginfo24.com\/wp-content\/uploads\/sites\/7\/2026\/01\/Logo_LogInfo24.png","contentUrl":"https:\/\/loginfo24.com\/wp-content\/uploads\/sites\/7\/2026\/01\/Logo_LogInfo24.png","width":938,"height":351,"caption":"Logismedia Group AG"},"image":{"@id":"https:\/\/loginfo24.com\/it\/#\/schema\/logo\/image\/"},"sameAs":["https:\/\/www.facebook.com\/people\/Loginfo24\/100057360583332\/","https:\/\/www.linkedin.com\/company\/lofinfo24\/"]}]}},"_links":{"self":[{"href":"https:\/\/loginfo24.com\/it\/wp-json\/wp\/v2\/posts\/68233","targetHints":{"allow":["GET"]}}],"collection":[{"href":"https:\/\/loginfo24.com\/it\/wp-json\/wp\/v2\/posts"}],"about":[{"href":"https:\/\/loginfo24.com\/it\/wp-json\/wp\/v2\/types\/post"}],"replies":[{"embeddable":true,"href":"https:\/\/loginfo24.com\/it\/wp-json\/wp\/v2\/comments?post=68233"}],"version-history":[{"count":0,"href":"https:\/\/loginfo24.com\/it\/wp-json\/wp\/v2\/posts\/68233\/revisions"}],"wp:featuredmedia":[{"embeddable":true,"href":"https:\/\/loginfo24.com\/it\/wp-json\/wp\/v2\/media\/5356"}],"wp:attachment":[{"href":"https:\/\/loginfo24.com\/it\/wp-json\/wp\/v2\/media?parent=68233"}],"wp:term":[{"taxonomy":"category","embeddable":true,"href":"https:\/\/loginfo24.com\/it\/wp-json\/wp\/v2\/categories?post=68233"},{"taxonomy":"post_tag","embeddable":true,"href":"https:\/\/loginfo24.com\/it\/wp-json\/wp\/v2\/tags?post=68233"}],"curies":[{"name":"wp","href":"https:\/\/api.w.org\/{rel}","templated":true}]}}