{"id":68088,"date":"2025-02-14T19:33:23","date_gmt":"2025-02-14T18:33:23","guid":{"rendered":"https:\/\/blog.brand-architecture.at\/2025\/02\/14\/balm-pubblica-ledizione-annuale-traffico-a-pedaggio-compatto-2024\/"},"modified":"2025-02-14T19:33:23","modified_gmt":"2025-02-14T18:33:23","slug":"balm-pubblica-ledizione-annuale-traffico-a-pedaggio-compatto-2024","status":"publish","type":"post","link":"https:\/\/loginfo24.com\/it\/2025\/02\/14\/balm-pubblica-ledizione-annuale-traffico-a-pedaggio-compatto-2024\/","title":{"rendered":"BALM pubblica l&#8217;edizione annuale &#8220;Traffico a pedaggio COMPATTO&#8221; 2024"},"content":{"rendered":"<h5>L&#8217;Ufficio federale per la logistica e la mobilit\u00e0 (BALM) riassume nell&#8217;edizione annuale del formato &#8220;Traffico a pedaggio COMPATTO&#8221; per l&#8217;anno 2024 gli sviluppi del trasporto merci su strada basati sui dati del pedaggio dei camion in modo compresso e chiaro. La prestazione di guida dei veicoli con almeno quattro assi sulle autostrade nel 2024 si attesta su un livello simile a quello del 2023, ma \u00e8 inferiore del 2,0 % rispetto alla media degli ultimi cinque anni.<\/h5>\n<p>(K\u00f6ln) Circa il 97 % della prestazione di guida \u00e8 fornita da veicoli Euro 6. Questa percentuale \u00e8 in costante aumento dal 2013 e nel 2024 si attesta intorno al 97 %, circa 2 punti percentuali sopra il valore dell&#8217;anno precedente. La flotta di camion utilizzata in Germania diventa quindi pi\u00f9 pulita e moderna.<\/p>\n<h5>Quota della prestazione di guida di veicoli residenti e non residenti su un livello quasi identico<\/h5>\n<p>La quota della prestazione di guida di veicoli non residenti \u00e8 diminuita di 0,1 punti percentuali nel 2024. Entrambe le quote si attestano intorno al 50 %.<\/p>\n<h5>Maggiore quota della prestazione di guida in Baviera<\/h5>\n<p>Circa la met\u00e0 della prestazione di guida nel 2024 proviene dai tre stati federali Baviera (19,9 %), Renania Settentrionale-Vestfalia (17,5 %) e Bassa Sassonia (13,1 %). Rispetto all&#8217;anno precedente, la maggior parte degli stati federali non mostra o mostra solo una variazione marginale della quota di prestazione di guida.<\/p>\n<h5>La<strong> prestazione di guida a pedaggio nel 2024 \u00e8 stata di 40,1 miliardi di chilometri<\/strong><\/h5>\n<p>Nel 2024, i veicoli commerciali soggetti a pedaggio hanno percorso circa 40,1 miliardi di chilometri sulla rete stradale a pagamento (circa 52.000 km) in Germania. Questo rappresenta un aumento dell&#8217;1,2 % rispetto al 2023.<\/p>\n<p>Se si differenzia la prestazione di guida in base agli stati di immatricolazione dei veicoli, i camion tedeschi nel 2024 hanno percorso circa 23,0 miliardi di chilometri soggetti a pedaggio, ovvero circa il 2,0 % in pi\u00f9 rispetto all&#8217;anno precedente. La prestazione di guida soggetta a pedaggio dei veicoli provenienti da altri stati di immatricolazione si \u00e8 attestata a circa 17,2 miliardi di km, quindi lo 0,3 % in pi\u00f9 rispetto al 2023.<\/p>\n<p>\u00c8 importante considerare che dal 01.07.2024 anche i veicoli con una massa totale tecnicamente ammissibile di 3,5 t saranno soggetti a pedaggio.<\/p>\n<h4><a href=\"https:\/\/www.balm.bund.de\/DE\/Service\/Open-Data\/Mautdaten-Tabellenwerk\/Tabellenwerk_inhalt.html?nn=541380\" target=\"_blank\" rel=\"noopener\">Ulteriori dati e informazioni sono disponibili nell&#8217;edizione annuale<\/a><\/h4>\n<p>Foto: \u00a9 BALM<\/p>\n","protected":false},"excerpt":{"rendered":"<p>L&#8217;Ufficio federale per la logistica e la mobilit\u00e0 (BALM) riassume nell&#8217;edizione annuale del formato &#8220;Traffico a pedaggio COMPATTO&#8221; per l&#8217;anno 2024 gli sviluppi del trasporto merci<span class=\"excerpt-hellip\"> [\u2026]<\/span><\/p>\n","protected":false},"author":0,"featured_media":5400,"comment_status":"open","ping_status":"open","sticky":false,"template":"","format":"standard","meta":{"_acf_changed":false,"footnotes":""},"categories":[1557,1556,1561],"tags":[],"class_list":["post-68088","post","type-post","status-publish","format-standard","has-post-thumbnail","hentry","category-forwarding-logistics","category-intermodal-road","category-regions"],"acf":[],"yoast_head":"<!-- This site is optimized with the Yoast SEO plugin v27.3 - https:\/\/yoast.com\/product\/yoast-seo-wordpress\/ -->\n<title>BALM pubblica l&#039;edizione annuale &quot;Traffico a pedaggio COMPATTO&quot; 2024 - Loginfo24<\/title>\n<meta name=\"robots\" content=\"index, follow, max-snippet:-1, max-image-preview:large, max-video-preview:-1\" \/>\n<link rel=\"canonical\" href=\"https:\/\/loginfo24.com\/it\/2025\/02\/14\/balm-pubblica-ledizione-annuale-traffico-a-pedaggio-compatto-2024\/\" \/>\n<meta property=\"og:locale\" content=\"it_IT\" \/>\n<meta property=\"og:type\" content=\"article\" \/>\n<meta property=\"og:title\" content=\"BALM pubblica l&#039;edizione annuale &quot;Traffico a pedaggio COMPATTO&quot; 2024 - Loginfo24\" \/>\n<meta property=\"og:description\" content=\"L&#8217;Ufficio federale per la logistica e la mobilit\u00e0 (BALM) riassume nell&#8217;edizione annuale del formato &#8220;Traffico a pedaggio COMPATTO&#8221; per l&#8217;anno 2024 gli sviluppi del trasporto merci [\u2026]\" \/>\n<meta property=\"og:url\" content=\"https:\/\/loginfo24.com\/it\/2025\/02\/14\/balm-pubblica-ledizione-annuale-traffico-a-pedaggio-compatto-2024\/\" \/>\n<meta property=\"og:site_name\" content=\"Loginfo24\" \/>\n<meta property=\"article:publisher\" content=\"https:\/\/www.facebook.com\/people\/Loginfo24\/100057360583332\/\" \/>\n<meta property=\"article:published_time\" content=\"2025-02-14T18:33:23+00:00\" \/>\n<meta property=\"og:image\" content=\"https:\/\/loginfo24.com\/wp-content\/uploads\/sites\/7\/2025\/12\/BALM_14.2.25.jpg\" \/>\n\t<meta property=\"og:image:width\" content=\"727\" \/>\n\t<meta property=\"og:image:height\" content=\"480\" \/>\n\t<meta property=\"og:image:type\" content=\"image\/jpeg\" \/>\n<meta name=\"twitter:card\" content=\"summary_large_image\" \/>\n<meta name=\"twitter:label1\" content=\"Tempo di lettura stimato\" \/>\n\t<meta name=\"twitter:data1\" content=\"2 minuto\" \/>\n<script type=\"application\/ld+json\" class=\"yoast-schema-graph\">{\"@context\":\"https:\\\/\\\/schema.org\",\"@graph\":[{\"@type\":\"Article\",\"@id\":\"https:\\\/\\\/loginfo24.com\\\/it\\\/2025\\\/02\\\/14\\\/balm-pubblica-ledizione-annuale-traffico-a-pedaggio-compatto-2024\\\/#article\",\"isPartOf\":{\"@id\":\"https:\\\/\\\/loginfo24.com\\\/it\\\/2025\\\/02\\\/14\\\/balm-pubblica-ledizione-annuale-traffico-a-pedaggio-compatto-2024\\\/\"},\"author\":{\"name\":\"\",\"@id\":\"\"},\"headline\":\"BALM pubblica l&#8217;edizione annuale &#8220;Traffico a pedaggio COMPATTO&#8221; 2024\",\"datePublished\":\"2025-02-14T18:33:23+00:00\",\"mainEntityOfPage\":{\"@id\":\"https:\\\/\\\/loginfo24.com\\\/it\\\/2025\\\/02\\\/14\\\/balm-pubblica-ledizione-annuale-traffico-a-pedaggio-compatto-2024\\\/\"},\"wordCount\":354,\"commentCount\":0,\"publisher\":{\"@id\":\"https:\\\/\\\/loginfo24.com\\\/it\\\/#organization\"},\"image\":{\"@id\":\"https:\\\/\\\/loginfo24.com\\\/it\\\/2025\\\/02\\\/14\\\/balm-pubblica-ledizione-annuale-traffico-a-pedaggio-compatto-2024\\\/#primaryimage\"},\"thumbnailUrl\":\"https:\\\/\\\/loginfo24.com\\\/wp-content\\\/uploads\\\/sites\\\/7\\\/2025\\\/12\\\/BALM_14.2.25.jpg\",\"articleSection\":[\"Forwarding &amp; Logistics\",\"Intermodal \\\/ Road\",\"Regions\"],\"inLanguage\":\"it-IT\",\"potentialAction\":[{\"@type\":\"CommentAction\",\"name\":\"Comment\",\"target\":[\"https:\\\/\\\/loginfo24.com\\\/it\\\/2025\\\/02\\\/14\\\/balm-pubblica-ledizione-annuale-traffico-a-pedaggio-compatto-2024\\\/#respond\"]}]},{\"@type\":\"WebPage\",\"@id\":\"https:\\\/\\\/loginfo24.com\\\/it\\\/2025\\\/02\\\/14\\\/balm-pubblica-ledizione-annuale-traffico-a-pedaggio-compatto-2024\\\/\",\"url\":\"https:\\\/\\\/loginfo24.com\\\/it\\\/2025\\\/02\\\/14\\\/balm-pubblica-ledizione-annuale-traffico-a-pedaggio-compatto-2024\\\/\",\"name\":\"BALM pubblica l'edizione annuale \\\"Traffico a pedaggio COMPATTO\\\" 2024 - Loginfo24\",\"isPartOf\":{\"@id\":\"https:\\\/\\\/loginfo24.com\\\/it\\\/#website\"},\"primaryImageOfPage\":{\"@id\":\"https:\\\/\\\/loginfo24.com\\\/it\\\/2025\\\/02\\\/14\\\/balm-pubblica-ledizione-annuale-traffico-a-pedaggio-compatto-2024\\\/#primaryimage\"},\"image\":{\"@id\":\"https:\\\/\\\/loginfo24.com\\\/it\\\/2025\\\/02\\\/14\\\/balm-pubblica-ledizione-annuale-traffico-a-pedaggio-compatto-2024\\\/#primaryimage\"},\"thumbnailUrl\":\"https:\\\/\\\/loginfo24.com\\\/wp-content\\\/uploads\\\/sites\\\/7\\\/2025\\\/12\\\/BALM_14.2.25.jpg\",\"datePublished\":\"2025-02-14T18:33:23+00:00\",\"breadcrumb\":{\"@id\":\"https:\\\/\\\/loginfo24.com\\\/it\\\/2025\\\/02\\\/14\\\/balm-pubblica-ledizione-annuale-traffico-a-pedaggio-compatto-2024\\\/#breadcrumb\"},\"inLanguage\":\"it-IT\",\"potentialAction\":[{\"@type\":\"ReadAction\",\"target\":[\"https:\\\/\\\/loginfo24.com\\\/it\\\/2025\\\/02\\\/14\\\/balm-pubblica-ledizione-annuale-traffico-a-pedaggio-compatto-2024\\\/\"]}]},{\"@type\":\"ImageObject\",\"inLanguage\":\"it-IT\",\"@id\":\"https:\\\/\\\/loginfo24.com\\\/it\\\/2025\\\/02\\\/14\\\/balm-pubblica-ledizione-annuale-traffico-a-pedaggio-compatto-2024\\\/#primaryimage\",\"url\":\"https:\\\/\\\/loginfo24.com\\\/wp-content\\\/uploads\\\/sites\\\/7\\\/2025\\\/12\\\/BALM_14.2.25.jpg\",\"contentUrl\":\"https:\\\/\\\/loginfo24.com\\\/wp-content\\\/uploads\\\/sites\\\/7\\\/2025\\\/12\\\/BALM_14.2.25.jpg\",\"width\":727,\"height\":480},{\"@type\":\"BreadcrumbList\",\"@id\":\"https:\\\/\\\/loginfo24.com\\\/it\\\/2025\\\/02\\\/14\\\/balm-pubblica-ledizione-annuale-traffico-a-pedaggio-compatto-2024\\\/#breadcrumb\",\"itemListElement\":[{\"@type\":\"ListItem\",\"position\":1,\"name\":\"Startseite\",\"item\":\"https:\\\/\\\/loginfo24.com\\\/it\\\/\"},{\"@type\":\"ListItem\",\"position\":2,\"name\":\"BALM pubblica l&#8217;edizione annuale &#8220;Traffico a pedaggio COMPATTO&#8221; 2024\"}]},{\"@type\":\"WebSite\",\"@id\":\"https:\\\/\\\/loginfo24.com\\\/it\\\/#website\",\"url\":\"https:\\\/\\\/loginfo24.com\\\/it\\\/\",\"name\":\"Loginfo24\",\"description\":\"Loginfo24 \u00e8 la piattaforma dedicata alla logistica e alle catene di fornitura con informazioni disponibili 24 ore su 24.\",\"publisher\":{\"@id\":\"https:\\\/\\\/loginfo24.com\\\/it\\\/#organization\"},\"potentialAction\":[{\"@type\":\"SearchAction\",\"target\":{\"@type\":\"EntryPoint\",\"urlTemplate\":\"https:\\\/\\\/loginfo24.com\\\/it\\\/?s={search_term_string}\"},\"query-input\":{\"@type\":\"PropertyValueSpecification\",\"valueRequired\":true,\"valueName\":\"search_term_string\"}}],\"inLanguage\":\"it-IT\"},{\"@type\":\"Organization\",\"@id\":\"https:\\\/\\\/loginfo24.com\\\/it\\\/#organization\",\"name\":\"Logismedia Group AG\",\"url\":\"https:\\\/\\\/loginfo24.com\\\/it\\\/\",\"logo\":{\"@type\":\"ImageObject\",\"inLanguage\":\"it-IT\",\"@id\":\"https:\\\/\\\/loginfo24.com\\\/it\\\/#\\\/schema\\\/logo\\\/image\\\/\",\"url\":\"https:\\\/\\\/loginfo24.com\\\/wp-content\\\/uploads\\\/sites\\\/7\\\/2026\\\/01\\\/Logo_LogInfo24.png\",\"contentUrl\":\"https:\\\/\\\/loginfo24.com\\\/wp-content\\\/uploads\\\/sites\\\/7\\\/2026\\\/01\\\/Logo_LogInfo24.png\",\"width\":938,\"height\":351,\"caption\":\"Logismedia Group AG\"},\"image\":{\"@id\":\"https:\\\/\\\/loginfo24.com\\\/it\\\/#\\\/schema\\\/logo\\\/image\\\/\"},\"sameAs\":[\"https:\\\/\\\/www.facebook.com\\\/people\\\/Loginfo24\\\/100057360583332\\\/\",\"https:\\\/\\\/www.linkedin.com\\\/company\\\/lofinfo24\\\/\"]}]}<\/script>\n<!-- \/ Yoast SEO plugin. -->","yoast_head_json":{"title":"BALM pubblica l'edizione annuale \"Traffico a pedaggio COMPATTO\" 2024 - Loginfo24","robots":{"index":"index","follow":"follow","max-snippet":"max-snippet:-1","max-image-preview":"max-image-preview:large","max-video-preview":"max-video-preview:-1"},"canonical":"https:\/\/loginfo24.com\/it\/2025\/02\/14\/balm-pubblica-ledizione-annuale-traffico-a-pedaggio-compatto-2024\/","og_locale":"it_IT","og_type":"article","og_title":"BALM pubblica l'edizione annuale \"Traffico a pedaggio COMPATTO\" 2024 - Loginfo24","og_description":"L&#8217;Ufficio federale per la logistica e la mobilit\u00e0 (BALM) riassume nell&#8217;edizione annuale del formato &#8220;Traffico a pedaggio COMPATTO&#8221; per l&#8217;anno 2024 gli sviluppi del trasporto merci [\u2026]","og_url":"https:\/\/loginfo24.com\/it\/2025\/02\/14\/balm-pubblica-ledizione-annuale-traffico-a-pedaggio-compatto-2024\/","og_site_name":"Loginfo24","article_publisher":"https:\/\/www.facebook.com\/people\/Loginfo24\/100057360583332\/","article_published_time":"2025-02-14T18:33:23+00:00","og_image":[{"width":727,"height":480,"url":"https:\/\/loginfo24.com\/wp-content\/uploads\/sites\/7\/2025\/12\/BALM_14.2.25.jpg","type":"image\/jpeg"}],"twitter_card":"summary_large_image","twitter_misc":{"Tempo di lettura stimato":"2 minuto"},"schema":{"@context":"https:\/\/schema.org","@graph":[{"@type":"Article","@id":"https:\/\/loginfo24.com\/it\/2025\/02\/14\/balm-pubblica-ledizione-annuale-traffico-a-pedaggio-compatto-2024\/#article","isPartOf":{"@id":"https:\/\/loginfo24.com\/it\/2025\/02\/14\/balm-pubblica-ledizione-annuale-traffico-a-pedaggio-compatto-2024\/"},"author":{"name":"","@id":""},"headline":"BALM pubblica l&#8217;edizione annuale &#8220;Traffico a pedaggio COMPATTO&#8221; 2024","datePublished":"2025-02-14T18:33:23+00:00","mainEntityOfPage":{"@id":"https:\/\/loginfo24.com\/it\/2025\/02\/14\/balm-pubblica-ledizione-annuale-traffico-a-pedaggio-compatto-2024\/"},"wordCount":354,"commentCount":0,"publisher":{"@id":"https:\/\/loginfo24.com\/it\/#organization"},"image":{"@id":"https:\/\/loginfo24.com\/it\/2025\/02\/14\/balm-pubblica-ledizione-annuale-traffico-a-pedaggio-compatto-2024\/#primaryimage"},"thumbnailUrl":"https:\/\/loginfo24.com\/wp-content\/uploads\/sites\/7\/2025\/12\/BALM_14.2.25.jpg","articleSection":["Forwarding &amp; Logistics","Intermodal \/ Road","Regions"],"inLanguage":"it-IT","potentialAction":[{"@type":"CommentAction","name":"Comment","target":["https:\/\/loginfo24.com\/it\/2025\/02\/14\/balm-pubblica-ledizione-annuale-traffico-a-pedaggio-compatto-2024\/#respond"]}]},{"@type":"WebPage","@id":"https:\/\/loginfo24.com\/it\/2025\/02\/14\/balm-pubblica-ledizione-annuale-traffico-a-pedaggio-compatto-2024\/","url":"https:\/\/loginfo24.com\/it\/2025\/02\/14\/balm-pubblica-ledizione-annuale-traffico-a-pedaggio-compatto-2024\/","name":"BALM pubblica l'edizione annuale \"Traffico a pedaggio COMPATTO\" 2024 - Loginfo24","isPartOf":{"@id":"https:\/\/loginfo24.com\/it\/#website"},"primaryImageOfPage":{"@id":"https:\/\/loginfo24.com\/it\/2025\/02\/14\/balm-pubblica-ledizione-annuale-traffico-a-pedaggio-compatto-2024\/#primaryimage"},"image":{"@id":"https:\/\/loginfo24.com\/it\/2025\/02\/14\/balm-pubblica-ledizione-annuale-traffico-a-pedaggio-compatto-2024\/#primaryimage"},"thumbnailUrl":"https:\/\/loginfo24.com\/wp-content\/uploads\/sites\/7\/2025\/12\/BALM_14.2.25.jpg","datePublished":"2025-02-14T18:33:23+00:00","breadcrumb":{"@id":"https:\/\/loginfo24.com\/it\/2025\/02\/14\/balm-pubblica-ledizione-annuale-traffico-a-pedaggio-compatto-2024\/#breadcrumb"},"inLanguage":"it-IT","potentialAction":[{"@type":"ReadAction","target":["https:\/\/loginfo24.com\/it\/2025\/02\/14\/balm-pubblica-ledizione-annuale-traffico-a-pedaggio-compatto-2024\/"]}]},{"@type":"ImageObject","inLanguage":"it-IT","@id":"https:\/\/loginfo24.com\/it\/2025\/02\/14\/balm-pubblica-ledizione-annuale-traffico-a-pedaggio-compatto-2024\/#primaryimage","url":"https:\/\/loginfo24.com\/wp-content\/uploads\/sites\/7\/2025\/12\/BALM_14.2.25.jpg","contentUrl":"https:\/\/loginfo24.com\/wp-content\/uploads\/sites\/7\/2025\/12\/BALM_14.2.25.jpg","width":727,"height":480},{"@type":"BreadcrumbList","@id":"https:\/\/loginfo24.com\/it\/2025\/02\/14\/balm-pubblica-ledizione-annuale-traffico-a-pedaggio-compatto-2024\/#breadcrumb","itemListElement":[{"@type":"ListItem","position":1,"name":"Startseite","item":"https:\/\/loginfo24.com\/it\/"},{"@type":"ListItem","position":2,"name":"BALM pubblica l&#8217;edizione annuale &#8220;Traffico a pedaggio COMPATTO&#8221; 2024"}]},{"@type":"WebSite","@id":"https:\/\/loginfo24.com\/it\/#website","url":"https:\/\/loginfo24.com\/it\/","name":"Loginfo24","description":"Loginfo24 \u00e8 la piattaforma dedicata alla logistica e alle catene di fornitura con informazioni disponibili 24 ore su 24.","publisher":{"@id":"https:\/\/loginfo24.com\/it\/#organization"},"potentialAction":[{"@type":"SearchAction","target":{"@type":"EntryPoint","urlTemplate":"https:\/\/loginfo24.com\/it\/?s={search_term_string}"},"query-input":{"@type":"PropertyValueSpecification","valueRequired":true,"valueName":"search_term_string"}}],"inLanguage":"it-IT"},{"@type":"Organization","@id":"https:\/\/loginfo24.com\/it\/#organization","name":"Logismedia Group AG","url":"https:\/\/loginfo24.com\/it\/","logo":{"@type":"ImageObject","inLanguage":"it-IT","@id":"https:\/\/loginfo24.com\/it\/#\/schema\/logo\/image\/","url":"https:\/\/loginfo24.com\/wp-content\/uploads\/sites\/7\/2026\/01\/Logo_LogInfo24.png","contentUrl":"https:\/\/loginfo24.com\/wp-content\/uploads\/sites\/7\/2026\/01\/Logo_LogInfo24.png","width":938,"height":351,"caption":"Logismedia Group AG"},"image":{"@id":"https:\/\/loginfo24.com\/it\/#\/schema\/logo\/image\/"},"sameAs":["https:\/\/www.facebook.com\/people\/Loginfo24\/100057360583332\/","https:\/\/www.linkedin.com\/company\/lofinfo24\/"]}]}},"_links":{"self":[{"href":"https:\/\/loginfo24.com\/it\/wp-json\/wp\/v2\/posts\/68088","targetHints":{"allow":["GET"]}}],"collection":[{"href":"https:\/\/loginfo24.com\/it\/wp-json\/wp\/v2\/posts"}],"about":[{"href":"https:\/\/loginfo24.com\/it\/wp-json\/wp\/v2\/types\/post"}],"replies":[{"embeddable":true,"href":"https:\/\/loginfo24.com\/it\/wp-json\/wp\/v2\/comments?post=68088"}],"version-history":[{"count":0,"href":"https:\/\/loginfo24.com\/it\/wp-json\/wp\/v2\/posts\/68088\/revisions"}],"wp:featuredmedia":[{"embeddable":true,"href":"https:\/\/loginfo24.com\/it\/wp-json\/wp\/v2\/media\/5400"}],"wp:attachment":[{"href":"https:\/\/loginfo24.com\/it\/wp-json\/wp\/v2\/media?parent=68088"}],"wp:term":[{"taxonomy":"category","embeddable":true,"href":"https:\/\/loginfo24.com\/it\/wp-json\/wp\/v2\/categories?post=68088"},{"taxonomy":"post_tag","embeddable":true,"href":"https:\/\/loginfo24.com\/it\/wp-json\/wp\/v2\/tags?post=68088"}],"curies":[{"name":"wp","href":"https:\/\/api.w.org\/{rel}","templated":true}]}}