{"id":67433,"date":"2024-12-01T10:51:12","date_gmt":"2024-12-01T09:51:12","guid":{"rendered":"https:\/\/blog.brand-architecture.at\/2024\/12\/01\/lassociazione-svizzera-dei-veicoli-commerciali-astag-aiuta-i-membri-nella-decarbonizzazione\/"},"modified":"2024-12-01T10:51:12","modified_gmt":"2024-12-01T09:51:12","slug":"lassociazione-svizzera-dei-veicoli-commerciali-astag-aiuta-i-membri-nella-decarbonizzazione","status":"publish","type":"post","link":"https:\/\/loginfo24.com\/it\/2024\/12\/01\/lassociazione-svizzera-dei-veicoli-commerciali-astag-aiuta-i-membri-nella-decarbonizzazione\/","title":{"rendered":"L&#8217;associazione svizzera dei veicoli commerciali ASTAG aiuta i membri nella decarbonizzazione"},"content":{"rendered":"<h5><strong>L&#8217;associazione svizzera dei veicoli commerciali ASTAG intensifica i suoi sforzi per la decarbonizzazione del trasporto su strada. Per una registrazione e dichiarazione uniforme delle emissioni di CO2, \u00e8 ora disponibile un &#8220;Fair Carbon Player&#8221;. Con la nuova direttiva si intende raggiungere un approccio standardizzato in tutto il settore.<\/strong><\/h5>\n<p>(Berna) Il settore del trasporto su strada svizzero si impegna intensamente per la logistica verde. Da anni esistono concetti innovativi per ridurre le emissioni di CO2, sia attraverso il continuo rinnovamento delle flotte di veicoli, sia mediante una pianificazione ottimizzata dei percorsi o grazie alla creazione di reti aziendali che servono a evitare viaggi a vuoto. L&#8217;obiettivo \u00e8 la neutralit\u00e0 climatica entro il 2050 al pi\u00f9 tardi, come deciso dalla popolazione con l&#8217;approvazione della legge sul clima e sull&#8217;innovazione il 18 giugno 2023.<\/p>\n<p>Una grande sfida consiste nella misurazione delle emissioni di CO2 durante le operazioni di trasporto. Manca ancora una metodologia uniforme e riconosciuta a livello settoriale. Per questo motivo, l&#8217;associazione svizzera dei veicoli commerciali ASTAG ha sviluppato uno standard di settore in stretta collaborazione con GS1 Switzerland e numerosi esperti del settore. Sotto il titolo &#8220;Fair Carbon Player&#8221;, viene ora fornita ai membri dell&#8217;associazione (gratuitamente) e ad altri interessati una direttiva che spiega nel dettaglio come devono essere registrate e dichiarate le emissioni di CO2 durante le operazioni di trasporto. La base \u00e8 la norma ISO 14083:2023. Il &#8220;Fair Carbon Player&#8221; colma diverse lacune che in precedenza lasciavano ampio margine di interpretazione e portavano a incertezze e, in parte, a approcci diversi. &#8220;Con il &#8216;Fair Carbon Player&#8217; creiamo trasparenza&#8221;, spiega il vice direttore di ASTAG, Andr\u00e9 Kirchhofer: &#8220;In questo modo le emissioni di CO2 possono essere misurate in modo uniforme e poi ridotte in modo mirato.&#8221; <\/p>\n<h5>Calcolatore di CO2 come offerta aggiuntiva<\/h5>\n<p>In seguito, l&#8217;ASTAG lavorer\u00e0 per una diffusione il pi\u00f9 ampia possibile del &#8220;Fair Carbon Player&#8221;. Fondamentalmente, la misurazione e la dichiarazione delle emissioni di CO2, nonostante la norma ISO e la direttiva di settore, rimangono ancora molto complesse e impegnative, soprattutto per quanto riguarda l&#8217;integrazione nei sistemi IT. Come ulteriore supporto per le aziende membri, l&#8217;ASTAG offre quindi online, insieme all&#8217;azienda partner CarbonCare, anche un calcolatore di CO2. In questo modo, le emissioni di CO2 per ogni operazione di trasporto possono essere calcolate in modo semplice e diretto. Naturalmente, gli standard secondo il &#8220;Fair Carbon Player&#8221; sono registrati.<\/p>\n<p>Grafica: \u00a9 ASTAG<\/p>\n","protected":false},"excerpt":{"rendered":"<p>L&#8217;associazione svizzera dei veicoli commerciali ASTAG intensifica i suoi sforzi per la decarbonizzazione del trasporto su strada. Per una registrazione e dichiarazione uniforme delle emissioni di<span class=\"excerpt-hellip\"> [\u2026]<\/span><\/p>\n","protected":false},"author":0,"featured_media":5653,"comment_status":"open","ping_status":"open","sticky":false,"template":"","format":"standard","meta":{"_acf_changed":false,"footnotes":""},"categories":[1665,1557,1556,1561],"tags":[],"class_list":["post-67433","post","type-post","status-publish","format-standard","has-post-thumbnail","hentry","category-categories","category-forwarding-logistics","category-intermodal-road","category-regions"],"acf":[],"yoast_head":"<!-- This site is optimized with the Yoast SEO plugin v27.3 - https:\/\/yoast.com\/product\/yoast-seo-wordpress\/ -->\n<title>L&#039;associazione svizzera dei veicoli commerciali ASTAG aiuta i membri nella decarbonizzazione - Loginfo24<\/title>\n<meta name=\"robots\" content=\"index, follow, max-snippet:-1, max-image-preview:large, max-video-preview:-1\" \/>\n<link rel=\"canonical\" href=\"https:\/\/loginfo24.com\/it\/2024\/12\/01\/lassociazione-svizzera-dei-veicoli-commerciali-astag-aiuta-i-membri-nella-decarbonizzazione\/\" \/>\n<meta property=\"og:locale\" content=\"it_IT\" \/>\n<meta property=\"og:type\" content=\"article\" \/>\n<meta property=\"og:title\" content=\"L&#039;associazione svizzera dei veicoli commerciali ASTAG aiuta i membri nella decarbonizzazione - Loginfo24\" \/>\n<meta property=\"og:description\" content=\"L&#8217;associazione svizzera dei veicoli commerciali ASTAG intensifica i suoi sforzi per la decarbonizzazione del trasporto su strada. Per una registrazione e dichiarazione uniforme delle emissioni di [\u2026]\" \/>\n<meta property=\"og:url\" content=\"https:\/\/loginfo24.com\/it\/2024\/12\/01\/lassociazione-svizzera-dei-veicoli-commerciali-astag-aiuta-i-membri-nella-decarbonizzazione\/\" \/>\n<meta property=\"og:site_name\" content=\"Loginfo24\" \/>\n<meta property=\"article:publisher\" content=\"https:\/\/www.facebook.com\/people\/Loginfo24\/100057360583332\/\" \/>\n<meta property=\"article:published_time\" content=\"2024-12-01T09:51:12+00:00\" \/>\n<meta property=\"og:image\" content=\"https:\/\/loginfo24.com\/wp-content\/uploads\/sites\/7\/2025\/12\/ASTAG_1.12.24.jpg\" \/>\n\t<meta property=\"og:image:width\" content=\"1640\" \/>\n\t<meta property=\"og:image:height\" content=\"935\" \/>\n\t<meta property=\"og:image:type\" content=\"image\/jpeg\" \/>\n<meta name=\"twitter:card\" content=\"summary_large_image\" \/>\n<meta name=\"twitter:label1\" content=\"Tempo di lettura stimato\" \/>\n\t<meta name=\"twitter:data1\" content=\"2 minuto\" \/>\n<script type=\"application\/ld+json\" class=\"yoast-schema-graph\">{\"@context\":\"https:\\\/\\\/schema.org\",\"@graph\":[{\"@type\":\"Article\",\"@id\":\"https:\\\/\\\/loginfo24.com\\\/it\\\/2024\\\/12\\\/01\\\/lassociazione-svizzera-dei-veicoli-commerciali-astag-aiuta-i-membri-nella-decarbonizzazione\\\/#article\",\"isPartOf\":{\"@id\":\"https:\\\/\\\/loginfo24.com\\\/it\\\/2024\\\/12\\\/01\\\/lassociazione-svizzera-dei-veicoli-commerciali-astag-aiuta-i-membri-nella-decarbonizzazione\\\/\"},\"author\":{\"name\":\"\",\"@id\":\"\"},\"headline\":\"L&#8217;associazione svizzera dei veicoli commerciali ASTAG aiuta i membri nella decarbonizzazione\",\"datePublished\":\"2024-12-01T09:51:12+00:00\",\"mainEntityOfPage\":{\"@id\":\"https:\\\/\\\/loginfo24.com\\\/it\\\/2024\\\/12\\\/01\\\/lassociazione-svizzera-dei-veicoli-commerciali-astag-aiuta-i-membri-nella-decarbonizzazione\\\/\"},\"wordCount\":407,\"commentCount\":0,\"publisher\":{\"@id\":\"https:\\\/\\\/loginfo24.com\\\/it\\\/#organization\"},\"image\":{\"@id\":\"https:\\\/\\\/loginfo24.com\\\/it\\\/2024\\\/12\\\/01\\\/lassociazione-svizzera-dei-veicoli-commerciali-astag-aiuta-i-membri-nella-decarbonizzazione\\\/#primaryimage\"},\"thumbnailUrl\":\"https:\\\/\\\/loginfo24.com\\\/wp-content\\\/uploads\\\/sites\\\/7\\\/2025\\\/12\\\/ASTAG_1.12.24.jpg\",\"articleSection\":[\"Categories\",\"Forwarding &amp; Logistics\",\"Intermodal \\\/ Road\",\"Regions\"],\"inLanguage\":\"it-IT\",\"potentialAction\":[{\"@type\":\"CommentAction\",\"name\":\"Comment\",\"target\":[\"https:\\\/\\\/loginfo24.com\\\/it\\\/2024\\\/12\\\/01\\\/lassociazione-svizzera-dei-veicoli-commerciali-astag-aiuta-i-membri-nella-decarbonizzazione\\\/#respond\"]}]},{\"@type\":\"WebPage\",\"@id\":\"https:\\\/\\\/loginfo24.com\\\/it\\\/2024\\\/12\\\/01\\\/lassociazione-svizzera-dei-veicoli-commerciali-astag-aiuta-i-membri-nella-decarbonizzazione\\\/\",\"url\":\"https:\\\/\\\/loginfo24.com\\\/it\\\/2024\\\/12\\\/01\\\/lassociazione-svizzera-dei-veicoli-commerciali-astag-aiuta-i-membri-nella-decarbonizzazione\\\/\",\"name\":\"L'associazione svizzera dei veicoli commerciali ASTAG aiuta i membri nella decarbonizzazione - Loginfo24\",\"isPartOf\":{\"@id\":\"https:\\\/\\\/loginfo24.com\\\/it\\\/#website\"},\"primaryImageOfPage\":{\"@id\":\"https:\\\/\\\/loginfo24.com\\\/it\\\/2024\\\/12\\\/01\\\/lassociazione-svizzera-dei-veicoli-commerciali-astag-aiuta-i-membri-nella-decarbonizzazione\\\/#primaryimage\"},\"image\":{\"@id\":\"https:\\\/\\\/loginfo24.com\\\/it\\\/2024\\\/12\\\/01\\\/lassociazione-svizzera-dei-veicoli-commerciali-astag-aiuta-i-membri-nella-decarbonizzazione\\\/#primaryimage\"},\"thumbnailUrl\":\"https:\\\/\\\/loginfo24.com\\\/wp-content\\\/uploads\\\/sites\\\/7\\\/2025\\\/12\\\/ASTAG_1.12.24.jpg\",\"datePublished\":\"2024-12-01T09:51:12+00:00\",\"breadcrumb\":{\"@id\":\"https:\\\/\\\/loginfo24.com\\\/it\\\/2024\\\/12\\\/01\\\/lassociazione-svizzera-dei-veicoli-commerciali-astag-aiuta-i-membri-nella-decarbonizzazione\\\/#breadcrumb\"},\"inLanguage\":\"it-IT\",\"potentialAction\":[{\"@type\":\"ReadAction\",\"target\":[\"https:\\\/\\\/loginfo24.com\\\/it\\\/2024\\\/12\\\/01\\\/lassociazione-svizzera-dei-veicoli-commerciali-astag-aiuta-i-membri-nella-decarbonizzazione\\\/\"]}]},{\"@type\":\"ImageObject\",\"inLanguage\":\"it-IT\",\"@id\":\"https:\\\/\\\/loginfo24.com\\\/it\\\/2024\\\/12\\\/01\\\/lassociazione-svizzera-dei-veicoli-commerciali-astag-aiuta-i-membri-nella-decarbonizzazione\\\/#primaryimage\",\"url\":\"https:\\\/\\\/loginfo24.com\\\/wp-content\\\/uploads\\\/sites\\\/7\\\/2025\\\/12\\\/ASTAG_1.12.24.jpg\",\"contentUrl\":\"https:\\\/\\\/loginfo24.com\\\/wp-content\\\/uploads\\\/sites\\\/7\\\/2025\\\/12\\\/ASTAG_1.12.24.jpg\",\"width\":1640,\"height\":935},{\"@type\":\"BreadcrumbList\",\"@id\":\"https:\\\/\\\/loginfo24.com\\\/it\\\/2024\\\/12\\\/01\\\/lassociazione-svizzera-dei-veicoli-commerciali-astag-aiuta-i-membri-nella-decarbonizzazione\\\/#breadcrumb\",\"itemListElement\":[{\"@type\":\"ListItem\",\"position\":1,\"name\":\"Startseite\",\"item\":\"https:\\\/\\\/loginfo24.com\\\/it\\\/\"},{\"@type\":\"ListItem\",\"position\":2,\"name\":\"L&#8217;associazione svizzera dei veicoli commerciali ASTAG aiuta i membri nella decarbonizzazione\"}]},{\"@type\":\"WebSite\",\"@id\":\"https:\\\/\\\/loginfo24.com\\\/it\\\/#website\",\"url\":\"https:\\\/\\\/loginfo24.com\\\/it\\\/\",\"name\":\"Loginfo24\",\"description\":\"Loginfo24 \u00e8 la piattaforma dedicata alla logistica e alle catene di fornitura con informazioni disponibili 24 ore su 24.\",\"publisher\":{\"@id\":\"https:\\\/\\\/loginfo24.com\\\/it\\\/#organization\"},\"potentialAction\":[{\"@type\":\"SearchAction\",\"target\":{\"@type\":\"EntryPoint\",\"urlTemplate\":\"https:\\\/\\\/loginfo24.com\\\/it\\\/?s={search_term_string}\"},\"query-input\":{\"@type\":\"PropertyValueSpecification\",\"valueRequired\":true,\"valueName\":\"search_term_string\"}}],\"inLanguage\":\"it-IT\"},{\"@type\":\"Organization\",\"@id\":\"https:\\\/\\\/loginfo24.com\\\/it\\\/#organization\",\"name\":\"Logismedia Group AG\",\"url\":\"https:\\\/\\\/loginfo24.com\\\/it\\\/\",\"logo\":{\"@type\":\"ImageObject\",\"inLanguage\":\"it-IT\",\"@id\":\"https:\\\/\\\/loginfo24.com\\\/it\\\/#\\\/schema\\\/logo\\\/image\\\/\",\"url\":\"https:\\\/\\\/loginfo24.com\\\/wp-content\\\/uploads\\\/sites\\\/7\\\/2026\\\/01\\\/Logo_LogInfo24.png\",\"contentUrl\":\"https:\\\/\\\/loginfo24.com\\\/wp-content\\\/uploads\\\/sites\\\/7\\\/2026\\\/01\\\/Logo_LogInfo24.png\",\"width\":938,\"height\":351,\"caption\":\"Logismedia Group AG\"},\"image\":{\"@id\":\"https:\\\/\\\/loginfo24.com\\\/it\\\/#\\\/schema\\\/logo\\\/image\\\/\"},\"sameAs\":[\"https:\\\/\\\/www.facebook.com\\\/people\\\/Loginfo24\\\/100057360583332\\\/\",\"https:\\\/\\\/www.linkedin.com\\\/company\\\/lofinfo24\\\/\"]}]}<\/script>\n<!-- \/ Yoast SEO plugin. -->","yoast_head_json":{"title":"L'associazione svizzera dei veicoli commerciali ASTAG aiuta i membri nella decarbonizzazione - Loginfo24","robots":{"index":"index","follow":"follow","max-snippet":"max-snippet:-1","max-image-preview":"max-image-preview:large","max-video-preview":"max-video-preview:-1"},"canonical":"https:\/\/loginfo24.com\/it\/2024\/12\/01\/lassociazione-svizzera-dei-veicoli-commerciali-astag-aiuta-i-membri-nella-decarbonizzazione\/","og_locale":"it_IT","og_type":"article","og_title":"L'associazione svizzera dei veicoli commerciali ASTAG aiuta i membri nella decarbonizzazione - Loginfo24","og_description":"L&#8217;associazione svizzera dei veicoli commerciali ASTAG intensifica i suoi sforzi per la decarbonizzazione del trasporto su strada. Per una registrazione e dichiarazione uniforme delle emissioni di [\u2026]","og_url":"https:\/\/loginfo24.com\/it\/2024\/12\/01\/lassociazione-svizzera-dei-veicoli-commerciali-astag-aiuta-i-membri-nella-decarbonizzazione\/","og_site_name":"Loginfo24","article_publisher":"https:\/\/www.facebook.com\/people\/Loginfo24\/100057360583332\/","article_published_time":"2024-12-01T09:51:12+00:00","og_image":[{"width":1640,"height":935,"url":"https:\/\/loginfo24.com\/wp-content\/uploads\/sites\/7\/2025\/12\/ASTAG_1.12.24.jpg","type":"image\/jpeg"}],"twitter_card":"summary_large_image","twitter_misc":{"Tempo di lettura stimato":"2 minuto"},"schema":{"@context":"https:\/\/schema.org","@graph":[{"@type":"Article","@id":"https:\/\/loginfo24.com\/it\/2024\/12\/01\/lassociazione-svizzera-dei-veicoli-commerciali-astag-aiuta-i-membri-nella-decarbonizzazione\/#article","isPartOf":{"@id":"https:\/\/loginfo24.com\/it\/2024\/12\/01\/lassociazione-svizzera-dei-veicoli-commerciali-astag-aiuta-i-membri-nella-decarbonizzazione\/"},"author":{"name":"","@id":""},"headline":"L&#8217;associazione svizzera dei veicoli commerciali ASTAG aiuta i membri nella decarbonizzazione","datePublished":"2024-12-01T09:51:12+00:00","mainEntityOfPage":{"@id":"https:\/\/loginfo24.com\/it\/2024\/12\/01\/lassociazione-svizzera-dei-veicoli-commerciali-astag-aiuta-i-membri-nella-decarbonizzazione\/"},"wordCount":407,"commentCount":0,"publisher":{"@id":"https:\/\/loginfo24.com\/it\/#organization"},"image":{"@id":"https:\/\/loginfo24.com\/it\/2024\/12\/01\/lassociazione-svizzera-dei-veicoli-commerciali-astag-aiuta-i-membri-nella-decarbonizzazione\/#primaryimage"},"thumbnailUrl":"https:\/\/loginfo24.com\/wp-content\/uploads\/sites\/7\/2025\/12\/ASTAG_1.12.24.jpg","articleSection":["Categories","Forwarding &amp; Logistics","Intermodal \/ Road","Regions"],"inLanguage":"it-IT","potentialAction":[{"@type":"CommentAction","name":"Comment","target":["https:\/\/loginfo24.com\/it\/2024\/12\/01\/lassociazione-svizzera-dei-veicoli-commerciali-astag-aiuta-i-membri-nella-decarbonizzazione\/#respond"]}]},{"@type":"WebPage","@id":"https:\/\/loginfo24.com\/it\/2024\/12\/01\/lassociazione-svizzera-dei-veicoli-commerciali-astag-aiuta-i-membri-nella-decarbonizzazione\/","url":"https:\/\/loginfo24.com\/it\/2024\/12\/01\/lassociazione-svizzera-dei-veicoli-commerciali-astag-aiuta-i-membri-nella-decarbonizzazione\/","name":"L'associazione svizzera dei veicoli commerciali ASTAG aiuta i membri nella decarbonizzazione - Loginfo24","isPartOf":{"@id":"https:\/\/loginfo24.com\/it\/#website"},"primaryImageOfPage":{"@id":"https:\/\/loginfo24.com\/it\/2024\/12\/01\/lassociazione-svizzera-dei-veicoli-commerciali-astag-aiuta-i-membri-nella-decarbonizzazione\/#primaryimage"},"image":{"@id":"https:\/\/loginfo24.com\/it\/2024\/12\/01\/lassociazione-svizzera-dei-veicoli-commerciali-astag-aiuta-i-membri-nella-decarbonizzazione\/#primaryimage"},"thumbnailUrl":"https:\/\/loginfo24.com\/wp-content\/uploads\/sites\/7\/2025\/12\/ASTAG_1.12.24.jpg","datePublished":"2024-12-01T09:51:12+00:00","breadcrumb":{"@id":"https:\/\/loginfo24.com\/it\/2024\/12\/01\/lassociazione-svizzera-dei-veicoli-commerciali-astag-aiuta-i-membri-nella-decarbonizzazione\/#breadcrumb"},"inLanguage":"it-IT","potentialAction":[{"@type":"ReadAction","target":["https:\/\/loginfo24.com\/it\/2024\/12\/01\/lassociazione-svizzera-dei-veicoli-commerciali-astag-aiuta-i-membri-nella-decarbonizzazione\/"]}]},{"@type":"ImageObject","inLanguage":"it-IT","@id":"https:\/\/loginfo24.com\/it\/2024\/12\/01\/lassociazione-svizzera-dei-veicoli-commerciali-astag-aiuta-i-membri-nella-decarbonizzazione\/#primaryimage","url":"https:\/\/loginfo24.com\/wp-content\/uploads\/sites\/7\/2025\/12\/ASTAG_1.12.24.jpg","contentUrl":"https:\/\/loginfo24.com\/wp-content\/uploads\/sites\/7\/2025\/12\/ASTAG_1.12.24.jpg","width":1640,"height":935},{"@type":"BreadcrumbList","@id":"https:\/\/loginfo24.com\/it\/2024\/12\/01\/lassociazione-svizzera-dei-veicoli-commerciali-astag-aiuta-i-membri-nella-decarbonizzazione\/#breadcrumb","itemListElement":[{"@type":"ListItem","position":1,"name":"Startseite","item":"https:\/\/loginfo24.com\/it\/"},{"@type":"ListItem","position":2,"name":"L&#8217;associazione svizzera dei veicoli commerciali ASTAG aiuta i membri nella decarbonizzazione"}]},{"@type":"WebSite","@id":"https:\/\/loginfo24.com\/it\/#website","url":"https:\/\/loginfo24.com\/it\/","name":"Loginfo24","description":"Loginfo24 \u00e8 la piattaforma dedicata alla logistica e alle catene di fornitura con informazioni disponibili 24 ore su 24.","publisher":{"@id":"https:\/\/loginfo24.com\/it\/#organization"},"potentialAction":[{"@type":"SearchAction","target":{"@type":"EntryPoint","urlTemplate":"https:\/\/loginfo24.com\/it\/?s={search_term_string}"},"query-input":{"@type":"PropertyValueSpecification","valueRequired":true,"valueName":"search_term_string"}}],"inLanguage":"it-IT"},{"@type":"Organization","@id":"https:\/\/loginfo24.com\/it\/#organization","name":"Logismedia Group AG","url":"https:\/\/loginfo24.com\/it\/","logo":{"@type":"ImageObject","inLanguage":"it-IT","@id":"https:\/\/loginfo24.com\/it\/#\/schema\/logo\/image\/","url":"https:\/\/loginfo24.com\/wp-content\/uploads\/sites\/7\/2026\/01\/Logo_LogInfo24.png","contentUrl":"https:\/\/loginfo24.com\/wp-content\/uploads\/sites\/7\/2026\/01\/Logo_LogInfo24.png","width":938,"height":351,"caption":"Logismedia Group AG"},"image":{"@id":"https:\/\/loginfo24.com\/it\/#\/schema\/logo\/image\/"},"sameAs":["https:\/\/www.facebook.com\/people\/Loginfo24\/100057360583332\/","https:\/\/www.linkedin.com\/company\/lofinfo24\/"]}]}},"_links":{"self":[{"href":"https:\/\/loginfo24.com\/it\/wp-json\/wp\/v2\/posts\/67433","targetHints":{"allow":["GET"]}}],"collection":[{"href":"https:\/\/loginfo24.com\/it\/wp-json\/wp\/v2\/posts"}],"about":[{"href":"https:\/\/loginfo24.com\/it\/wp-json\/wp\/v2\/types\/post"}],"replies":[{"embeddable":true,"href":"https:\/\/loginfo24.com\/it\/wp-json\/wp\/v2\/comments?post=67433"}],"version-history":[{"count":0,"href":"https:\/\/loginfo24.com\/it\/wp-json\/wp\/v2\/posts\/67433\/revisions"}],"wp:featuredmedia":[{"embeddable":true,"href":"https:\/\/loginfo24.com\/it\/wp-json\/wp\/v2\/media\/5653"}],"wp:attachment":[{"href":"https:\/\/loginfo24.com\/it\/wp-json\/wp\/v2\/media?parent=67433"}],"wp:term":[{"taxonomy":"category","embeddable":true,"href":"https:\/\/loginfo24.com\/it\/wp-json\/wp\/v2\/categories?post=67433"},{"taxonomy":"post_tag","embeddable":true,"href":"https:\/\/loginfo24.com\/it\/wp-json\/wp\/v2\/tags?post=67433"}],"curies":[{"name":"wp","href":"https:\/\/api.w.org\/{rel}","templated":true}]}}