{"id":67207,"date":"2024-11-12T18:00:11","date_gmt":"2024-11-12T17:00:11","guid":{"rendered":"https:\/\/blog.brand-architecture.at\/2024\/11\/12\/ctp-affitta-immobile-logistico-a-oschersleben-a-wp-holding\/"},"modified":"2024-11-12T18:00:11","modified_gmt":"2024-11-12T17:00:11","slug":"ctp-affitta-immobile-logistico-a-oschersleben-a-wp-holding","status":"publish","type":"post","link":"https:\/\/loginfo24.com\/it\/2024\/11\/12\/ctp-affitta-immobile-logistico-a-oschersleben-a-wp-holding\/","title":{"rendered":"CTP affitta immobile logistico a Oschersleben a WP Holding"},"content":{"rendered":"<h5>CTP, proprietario quotato in borsa, sviluppatore e gestore di immobili logistici e industriali, annuncia l&#8217;affitto del suo immobile logistico a Oschersleben, Sassonia-Anhalt, a WP Holding GmbH con sede a Zwickau, Sassonia. WP sviluppa e realizza soluzioni logistiche integrate attraverso servizi combinati di spedizione, logistica e consulenza di processo. Come fornitore di servizi logistici a servizio completo con oltre 1.000 dipendenti, l&#8217;azienda offre ai clienti soluzioni intelligenti e su misura per tutti i settori delle attivit\u00e0 logistiche.<\/h5>\n<p>(Berlino\/Oschersleben) L&#8217;azienda occuper\u00e0 15.000 m\u00b2 di superficie logistica e di servizi con circa 320 m\u00b2 di uffici e spazi sociali e gestir\u00e0 da questa sede il business globale di magazzino ricambi per un noto produttore di veicoli commerciali operante a livello internazionale. A Oschersleben, circa 40 dipendenti lavoreranno per WP per effettuare il riempimento dei ricambi. A tal fine, dopo l&#8217;arrivo delle merci, alcuni ricambi verranno riempiti in parte in casse di legno, che saranno appositamente prodotte in loco. Grazie alle riserve di spazio disponibili, esiste la possibilit\u00e0 di un ampliamento della sede di ulteriori 4.000 m\u00b2 fino a 5.000 m\u00b2 di superficie utile per un&#8217;espansione di WP e l&#8217;ampliamento dei suoi servizi.<\/p>\n<p>\u201eGrazie all&#8217;occupazione dei nuovi spazi presso la sede di Oschersleben, possiamo espandere in modo coerente il nostro business di magazzino ricambi in una sede con una posizione e un collegamento attraenti e abbiamo persino l&#8217;opzione per una ulteriore crescita. Con CTP abbiamo trovato un partner esperto che d\u00e0 nuova vita agli spazi e soddisfa le nostre specifiche esigenze\u201c, commenta Carsten Schmidt, amministratore delegato di WP Logistik GmbH.<\/p>\n<h5>Sede logistica moderna e orientata al futuro<\/h5>\n<p>CTP ha acquisito l&#8217;immobile esistente da un fornitore di servizi logistici e trasformer\u00e0 l&#8217;immobile in una sede logistica e di servizi moderna e orientata al futuro nell&#8217;ambito dell&#8217;affitto al nuovo utente. In questo processo, saranno considerate le elevate esigenze dell&#8217;inquilino, tra cui la protezione antincendio preventiva e le possibilit\u00e0 di produzione di energia sostenibile. \u00c8 in fase di valutazione l&#8217;installazione di un impianto fotovoltaico (PV), inoltre l&#8217;edificio ricever\u00e0 un isolamento moderno secondo il regolamento sul risparmio energetico (EnEV). \u00c8 prevista anche l&#8217;implementazione di colonne di ricarica elettrica, poich\u00e9 il nuovo utente trasporter\u00e0 i ricambi con camion elettrici sostenibili. WP intende inoltre integrare un laboratorio per disabili per la costruzione di casse di legno presso la sede, tenendo conto dell&#8217;aspetto della sostenibilit\u00e0 sociale. Tra le ulteriori misure per la modernizzazione della sede c&#8217;\u00e8 l&#8217;installazione di un impianto sprinkler con serbatoio d&#8217;acqua esterno.<\/p>\n<p>\u201eSiamo lieti di poter accogliere a Oschersleben un inquilino interessante, a cui offriamo una nuova casa. In questo modo dimostriamo ancora una volta di avere un&#8217;ottima sensibilit\u00e0 per le esigenze dei nostri clienti e partner\u201c, afferma Marcus Breuer, direttore dello sviluppo commerciale di CTP Germania. \u201eIl fatto che colleghiamo il progetto con l&#8217;intenzione di modernizzare gli spazi esistenti corrisponde al nostro obiettivo e alla nostra ambizione di sviluppare spazi in modo sostenibile e rispettoso delle risorse. Ringraziamo WP Logistik per la fiducia.\u201c<\/p>\n<h5>Occupazione prevista per il 1\u00b0 gennaio 2025<\/h5>\n<p>L&#8217;occupazione \u00e8 prevista per il 1\u00b0 gennaio 2025, il Go Live dell&#8217;operazione dovrebbe avvenire nel terzo trimestre del 2025. Nella locazione, Logivest ha fornito supporto come consulente globale per immobili logistici: \u201eCon WP Holding si \u00e8 insediato a Oschersleben un fornitore di servizi logistici affermato, che pianifica anche a lungo termine nella regione. Il progetto sottolinea ancora una volta la rilevanza della regione per il settore logistico\u201c, afferma Sven Setzekorn, responsabile della locazione industriale e logistica presso Logivest a Magdeburgo.<\/p>\n<p>Foto: \u00a9 CTP<\/p>\n","protected":false},"excerpt":{"rendered":"<p>CTP, proprietario quotato in borsa, sviluppatore e gestore di immobili logistici e industriali, annuncia l&#8217;affitto del suo immobile logistico a Oschersleben, Sassonia-Anhalt, a WP Holding GmbH<span class=\"excerpt-hellip\"> [\u2026]<\/span><\/p>\n","protected":false},"author":0,"featured_media":5745,"comment_status":"open","ping_status":"open","sticky":false,"template":"","format":"standard","meta":{"_acf_changed":false,"footnotes":""},"categories":[1557,1560,1561],"tags":[],"class_list":["post-67207","post","type-post","status-publish","format-standard","has-post-thumbnail","hentry","category-forwarding-logistics","category-intralogistics","category-regions"],"acf":[],"yoast_head":"<!-- This site is optimized with the Yoast SEO plugin v27.3 - https:\/\/yoast.com\/product\/yoast-seo-wordpress\/ -->\n<title>CTP affitta immobile logistico a Oschersleben a WP Holding - Loginfo24<\/title>\n<meta name=\"robots\" content=\"index, follow, max-snippet:-1, max-image-preview:large, max-video-preview:-1\" \/>\n<link rel=\"canonical\" href=\"https:\/\/loginfo24.com\/it\/2024\/11\/12\/ctp-affitta-immobile-logistico-a-oschersleben-a-wp-holding\/\" \/>\n<meta property=\"og:locale\" content=\"it_IT\" \/>\n<meta property=\"og:type\" content=\"article\" \/>\n<meta property=\"og:title\" content=\"CTP affitta immobile logistico a Oschersleben a WP Holding - Loginfo24\" \/>\n<meta property=\"og:description\" content=\"CTP, proprietario quotato in borsa, sviluppatore e gestore di immobili logistici e industriali, annuncia l&#8217;affitto del suo immobile logistico a Oschersleben, Sassonia-Anhalt, a WP Holding GmbH [\u2026]\" \/>\n<meta property=\"og:url\" content=\"https:\/\/loginfo24.com\/it\/2024\/11\/12\/ctp-affitta-immobile-logistico-a-oschersleben-a-wp-holding\/\" \/>\n<meta property=\"og:site_name\" content=\"Loginfo24\" \/>\n<meta property=\"article:publisher\" content=\"https:\/\/www.facebook.com\/people\/Loginfo24\/100057360583332\/\" \/>\n<meta property=\"article:published_time\" content=\"2024-11-12T17:00:11+00:00\" \/>\n<meta property=\"og:image\" content=\"https:\/\/loginfo24.com\/wp-content\/uploads\/sites\/7\/2025\/12\/CTP_12.11.24.jpg\" \/>\n\t<meta property=\"og:image:width\" content=\"1484\" \/>\n\t<meta property=\"og:image:height\" content=\"780\" \/>\n\t<meta property=\"og:image:type\" content=\"image\/jpeg\" \/>\n<meta name=\"twitter:card\" content=\"summary_large_image\" \/>\n<meta name=\"twitter:label1\" content=\"Tempo di lettura stimato\" \/>\n\t<meta name=\"twitter:data1\" content=\"3 minuto\" \/>\n<script type=\"application\/ld+json\" class=\"yoast-schema-graph\">{\"@context\":\"https:\\\/\\\/schema.org\",\"@graph\":[{\"@type\":\"Article\",\"@id\":\"https:\\\/\\\/loginfo24.com\\\/it\\\/2024\\\/11\\\/12\\\/ctp-affitta-immobile-logistico-a-oschersleben-a-wp-holding\\\/#article\",\"isPartOf\":{\"@id\":\"https:\\\/\\\/loginfo24.com\\\/it\\\/2024\\\/11\\\/12\\\/ctp-affitta-immobile-logistico-a-oschersleben-a-wp-holding\\\/\"},\"author\":{\"name\":\"\",\"@id\":\"\"},\"headline\":\"CTP affitta immobile logistico a Oschersleben a WP Holding\",\"datePublished\":\"2024-11-12T17:00:11+00:00\",\"mainEntityOfPage\":{\"@id\":\"https:\\\/\\\/loginfo24.com\\\/it\\\/2024\\\/11\\\/12\\\/ctp-affitta-immobile-logistico-a-oschersleben-a-wp-holding\\\/\"},\"wordCount\":593,\"commentCount\":0,\"publisher\":{\"@id\":\"https:\\\/\\\/loginfo24.com\\\/it\\\/#organization\"},\"image\":{\"@id\":\"https:\\\/\\\/loginfo24.com\\\/it\\\/2024\\\/11\\\/12\\\/ctp-affitta-immobile-logistico-a-oschersleben-a-wp-holding\\\/#primaryimage\"},\"thumbnailUrl\":\"https:\\\/\\\/loginfo24.com\\\/wp-content\\\/uploads\\\/sites\\\/7\\\/2025\\\/12\\\/CTP_12.11.24.jpg\",\"articleSection\":[\"Forwarding &amp; Logistics\",\"Intralogistics\",\"Regions\"],\"inLanguage\":\"it-IT\",\"potentialAction\":[{\"@type\":\"CommentAction\",\"name\":\"Comment\",\"target\":[\"https:\\\/\\\/loginfo24.com\\\/it\\\/2024\\\/11\\\/12\\\/ctp-affitta-immobile-logistico-a-oschersleben-a-wp-holding\\\/#respond\"]}]},{\"@type\":\"WebPage\",\"@id\":\"https:\\\/\\\/loginfo24.com\\\/it\\\/2024\\\/11\\\/12\\\/ctp-affitta-immobile-logistico-a-oschersleben-a-wp-holding\\\/\",\"url\":\"https:\\\/\\\/loginfo24.com\\\/it\\\/2024\\\/11\\\/12\\\/ctp-affitta-immobile-logistico-a-oschersleben-a-wp-holding\\\/\",\"name\":\"CTP affitta immobile logistico a Oschersleben a WP Holding - Loginfo24\",\"isPartOf\":{\"@id\":\"https:\\\/\\\/loginfo24.com\\\/it\\\/#website\"},\"primaryImageOfPage\":{\"@id\":\"https:\\\/\\\/loginfo24.com\\\/it\\\/2024\\\/11\\\/12\\\/ctp-affitta-immobile-logistico-a-oschersleben-a-wp-holding\\\/#primaryimage\"},\"image\":{\"@id\":\"https:\\\/\\\/loginfo24.com\\\/it\\\/2024\\\/11\\\/12\\\/ctp-affitta-immobile-logistico-a-oschersleben-a-wp-holding\\\/#primaryimage\"},\"thumbnailUrl\":\"https:\\\/\\\/loginfo24.com\\\/wp-content\\\/uploads\\\/sites\\\/7\\\/2025\\\/12\\\/CTP_12.11.24.jpg\",\"datePublished\":\"2024-11-12T17:00:11+00:00\",\"breadcrumb\":{\"@id\":\"https:\\\/\\\/loginfo24.com\\\/it\\\/2024\\\/11\\\/12\\\/ctp-affitta-immobile-logistico-a-oschersleben-a-wp-holding\\\/#breadcrumb\"},\"inLanguage\":\"it-IT\",\"potentialAction\":[{\"@type\":\"ReadAction\",\"target\":[\"https:\\\/\\\/loginfo24.com\\\/it\\\/2024\\\/11\\\/12\\\/ctp-affitta-immobile-logistico-a-oschersleben-a-wp-holding\\\/\"]}]},{\"@type\":\"ImageObject\",\"inLanguage\":\"it-IT\",\"@id\":\"https:\\\/\\\/loginfo24.com\\\/it\\\/2024\\\/11\\\/12\\\/ctp-affitta-immobile-logistico-a-oschersleben-a-wp-holding\\\/#primaryimage\",\"url\":\"https:\\\/\\\/loginfo24.com\\\/wp-content\\\/uploads\\\/sites\\\/7\\\/2025\\\/12\\\/CTP_12.11.24.jpg\",\"contentUrl\":\"https:\\\/\\\/loginfo24.com\\\/wp-content\\\/uploads\\\/sites\\\/7\\\/2025\\\/12\\\/CTP_12.11.24.jpg\",\"width\":1484,\"height\":780},{\"@type\":\"BreadcrumbList\",\"@id\":\"https:\\\/\\\/loginfo24.com\\\/it\\\/2024\\\/11\\\/12\\\/ctp-affitta-immobile-logistico-a-oschersleben-a-wp-holding\\\/#breadcrumb\",\"itemListElement\":[{\"@type\":\"ListItem\",\"position\":1,\"name\":\"Startseite\",\"item\":\"https:\\\/\\\/loginfo24.com\\\/it\\\/\"},{\"@type\":\"ListItem\",\"position\":2,\"name\":\"CTP affitta immobile logistico a Oschersleben a WP Holding\"}]},{\"@type\":\"WebSite\",\"@id\":\"https:\\\/\\\/loginfo24.com\\\/it\\\/#website\",\"url\":\"https:\\\/\\\/loginfo24.com\\\/it\\\/\",\"name\":\"Loginfo24\",\"description\":\"Loginfo24 \u00e8 la piattaforma dedicata alla logistica e alle catene di fornitura con informazioni disponibili 24 ore su 24.\",\"publisher\":{\"@id\":\"https:\\\/\\\/loginfo24.com\\\/it\\\/#organization\"},\"potentialAction\":[{\"@type\":\"SearchAction\",\"target\":{\"@type\":\"EntryPoint\",\"urlTemplate\":\"https:\\\/\\\/loginfo24.com\\\/it\\\/?s={search_term_string}\"},\"query-input\":{\"@type\":\"PropertyValueSpecification\",\"valueRequired\":true,\"valueName\":\"search_term_string\"}}],\"inLanguage\":\"it-IT\"},{\"@type\":\"Organization\",\"@id\":\"https:\\\/\\\/loginfo24.com\\\/it\\\/#organization\",\"name\":\"Logismedia Group AG\",\"url\":\"https:\\\/\\\/loginfo24.com\\\/it\\\/\",\"logo\":{\"@type\":\"ImageObject\",\"inLanguage\":\"it-IT\",\"@id\":\"https:\\\/\\\/loginfo24.com\\\/it\\\/#\\\/schema\\\/logo\\\/image\\\/\",\"url\":\"https:\\\/\\\/loginfo24.com\\\/wp-content\\\/uploads\\\/sites\\\/7\\\/2026\\\/01\\\/Logo_LogInfo24.png\",\"contentUrl\":\"https:\\\/\\\/loginfo24.com\\\/wp-content\\\/uploads\\\/sites\\\/7\\\/2026\\\/01\\\/Logo_LogInfo24.png\",\"width\":938,\"height\":351,\"caption\":\"Logismedia Group AG\"},\"image\":{\"@id\":\"https:\\\/\\\/loginfo24.com\\\/it\\\/#\\\/schema\\\/logo\\\/image\\\/\"},\"sameAs\":[\"https:\\\/\\\/www.facebook.com\\\/people\\\/Loginfo24\\\/100057360583332\\\/\",\"https:\\\/\\\/www.linkedin.com\\\/company\\\/lofinfo24\\\/\"]}]}<\/script>\n<!-- \/ Yoast SEO plugin. -->","yoast_head_json":{"title":"CTP affitta immobile logistico a Oschersleben a WP Holding - Loginfo24","robots":{"index":"index","follow":"follow","max-snippet":"max-snippet:-1","max-image-preview":"max-image-preview:large","max-video-preview":"max-video-preview:-1"},"canonical":"https:\/\/loginfo24.com\/it\/2024\/11\/12\/ctp-affitta-immobile-logistico-a-oschersleben-a-wp-holding\/","og_locale":"it_IT","og_type":"article","og_title":"CTP affitta immobile logistico a Oschersleben a WP Holding - Loginfo24","og_description":"CTP, proprietario quotato in borsa, sviluppatore e gestore di immobili logistici e industriali, annuncia l&#8217;affitto del suo immobile logistico a Oschersleben, Sassonia-Anhalt, a WP Holding GmbH [\u2026]","og_url":"https:\/\/loginfo24.com\/it\/2024\/11\/12\/ctp-affitta-immobile-logistico-a-oschersleben-a-wp-holding\/","og_site_name":"Loginfo24","article_publisher":"https:\/\/www.facebook.com\/people\/Loginfo24\/100057360583332\/","article_published_time":"2024-11-12T17:00:11+00:00","og_image":[{"width":1484,"height":780,"url":"https:\/\/loginfo24.com\/wp-content\/uploads\/sites\/7\/2025\/12\/CTP_12.11.24.jpg","type":"image\/jpeg"}],"twitter_card":"summary_large_image","twitter_misc":{"Tempo di lettura stimato":"3 minuto"},"schema":{"@context":"https:\/\/schema.org","@graph":[{"@type":"Article","@id":"https:\/\/loginfo24.com\/it\/2024\/11\/12\/ctp-affitta-immobile-logistico-a-oschersleben-a-wp-holding\/#article","isPartOf":{"@id":"https:\/\/loginfo24.com\/it\/2024\/11\/12\/ctp-affitta-immobile-logistico-a-oschersleben-a-wp-holding\/"},"author":{"name":"","@id":""},"headline":"CTP affitta immobile logistico a Oschersleben a WP Holding","datePublished":"2024-11-12T17:00:11+00:00","mainEntityOfPage":{"@id":"https:\/\/loginfo24.com\/it\/2024\/11\/12\/ctp-affitta-immobile-logistico-a-oschersleben-a-wp-holding\/"},"wordCount":593,"commentCount":0,"publisher":{"@id":"https:\/\/loginfo24.com\/it\/#organization"},"image":{"@id":"https:\/\/loginfo24.com\/it\/2024\/11\/12\/ctp-affitta-immobile-logistico-a-oschersleben-a-wp-holding\/#primaryimage"},"thumbnailUrl":"https:\/\/loginfo24.com\/wp-content\/uploads\/sites\/7\/2025\/12\/CTP_12.11.24.jpg","articleSection":["Forwarding &amp; Logistics","Intralogistics","Regions"],"inLanguage":"it-IT","potentialAction":[{"@type":"CommentAction","name":"Comment","target":["https:\/\/loginfo24.com\/it\/2024\/11\/12\/ctp-affitta-immobile-logistico-a-oschersleben-a-wp-holding\/#respond"]}]},{"@type":"WebPage","@id":"https:\/\/loginfo24.com\/it\/2024\/11\/12\/ctp-affitta-immobile-logistico-a-oschersleben-a-wp-holding\/","url":"https:\/\/loginfo24.com\/it\/2024\/11\/12\/ctp-affitta-immobile-logistico-a-oschersleben-a-wp-holding\/","name":"CTP affitta immobile logistico a Oschersleben a WP Holding - Loginfo24","isPartOf":{"@id":"https:\/\/loginfo24.com\/it\/#website"},"primaryImageOfPage":{"@id":"https:\/\/loginfo24.com\/it\/2024\/11\/12\/ctp-affitta-immobile-logistico-a-oschersleben-a-wp-holding\/#primaryimage"},"image":{"@id":"https:\/\/loginfo24.com\/it\/2024\/11\/12\/ctp-affitta-immobile-logistico-a-oschersleben-a-wp-holding\/#primaryimage"},"thumbnailUrl":"https:\/\/loginfo24.com\/wp-content\/uploads\/sites\/7\/2025\/12\/CTP_12.11.24.jpg","datePublished":"2024-11-12T17:00:11+00:00","breadcrumb":{"@id":"https:\/\/loginfo24.com\/it\/2024\/11\/12\/ctp-affitta-immobile-logistico-a-oschersleben-a-wp-holding\/#breadcrumb"},"inLanguage":"it-IT","potentialAction":[{"@type":"ReadAction","target":["https:\/\/loginfo24.com\/it\/2024\/11\/12\/ctp-affitta-immobile-logistico-a-oschersleben-a-wp-holding\/"]}]},{"@type":"ImageObject","inLanguage":"it-IT","@id":"https:\/\/loginfo24.com\/it\/2024\/11\/12\/ctp-affitta-immobile-logistico-a-oschersleben-a-wp-holding\/#primaryimage","url":"https:\/\/loginfo24.com\/wp-content\/uploads\/sites\/7\/2025\/12\/CTP_12.11.24.jpg","contentUrl":"https:\/\/loginfo24.com\/wp-content\/uploads\/sites\/7\/2025\/12\/CTP_12.11.24.jpg","width":1484,"height":780},{"@type":"BreadcrumbList","@id":"https:\/\/loginfo24.com\/it\/2024\/11\/12\/ctp-affitta-immobile-logistico-a-oschersleben-a-wp-holding\/#breadcrumb","itemListElement":[{"@type":"ListItem","position":1,"name":"Startseite","item":"https:\/\/loginfo24.com\/it\/"},{"@type":"ListItem","position":2,"name":"CTP affitta immobile logistico a Oschersleben a WP Holding"}]},{"@type":"WebSite","@id":"https:\/\/loginfo24.com\/it\/#website","url":"https:\/\/loginfo24.com\/it\/","name":"Loginfo24","description":"Loginfo24 \u00e8 la piattaforma dedicata alla logistica e alle catene di fornitura con informazioni disponibili 24 ore su 24.","publisher":{"@id":"https:\/\/loginfo24.com\/it\/#organization"},"potentialAction":[{"@type":"SearchAction","target":{"@type":"EntryPoint","urlTemplate":"https:\/\/loginfo24.com\/it\/?s={search_term_string}"},"query-input":{"@type":"PropertyValueSpecification","valueRequired":true,"valueName":"search_term_string"}}],"inLanguage":"it-IT"},{"@type":"Organization","@id":"https:\/\/loginfo24.com\/it\/#organization","name":"Logismedia Group AG","url":"https:\/\/loginfo24.com\/it\/","logo":{"@type":"ImageObject","inLanguage":"it-IT","@id":"https:\/\/loginfo24.com\/it\/#\/schema\/logo\/image\/","url":"https:\/\/loginfo24.com\/wp-content\/uploads\/sites\/7\/2026\/01\/Logo_LogInfo24.png","contentUrl":"https:\/\/loginfo24.com\/wp-content\/uploads\/sites\/7\/2026\/01\/Logo_LogInfo24.png","width":938,"height":351,"caption":"Logismedia Group AG"},"image":{"@id":"https:\/\/loginfo24.com\/it\/#\/schema\/logo\/image\/"},"sameAs":["https:\/\/www.facebook.com\/people\/Loginfo24\/100057360583332\/","https:\/\/www.linkedin.com\/company\/lofinfo24\/"]}]}},"_links":{"self":[{"href":"https:\/\/loginfo24.com\/it\/wp-json\/wp\/v2\/posts\/67207","targetHints":{"allow":["GET"]}}],"collection":[{"href":"https:\/\/loginfo24.com\/it\/wp-json\/wp\/v2\/posts"}],"about":[{"href":"https:\/\/loginfo24.com\/it\/wp-json\/wp\/v2\/types\/post"}],"replies":[{"embeddable":true,"href":"https:\/\/loginfo24.com\/it\/wp-json\/wp\/v2\/comments?post=67207"}],"version-history":[{"count":0,"href":"https:\/\/loginfo24.com\/it\/wp-json\/wp\/v2\/posts\/67207\/revisions"}],"wp:featuredmedia":[{"embeddable":true,"href":"https:\/\/loginfo24.com\/it\/wp-json\/wp\/v2\/media\/5745"}],"wp:attachment":[{"href":"https:\/\/loginfo24.com\/it\/wp-json\/wp\/v2\/media?parent=67207"}],"wp:term":[{"taxonomy":"category","embeddable":true,"href":"https:\/\/loginfo24.com\/it\/wp-json\/wp\/v2\/categories?post=67207"},{"taxonomy":"post_tag","embeddable":true,"href":"https:\/\/loginfo24.com\/it\/wp-json\/wp\/v2\/tags?post=67207"}],"curies":[{"name":"wp","href":"https:\/\/api.w.org\/{rel}","templated":true}]}}