{"id":66031,"date":"2024-08-01T14:40:32","date_gmt":"2024-08-01T12:40:32","guid":{"rendered":"https:\/\/blog.brand-architecture.at\/2024\/08\/01\/garbe-affitta-un-magazzino-logistico-a-wildeck-a-ks\/"},"modified":"2024-08-01T14:40:32","modified_gmt":"2024-08-01T12:40:32","slug":"garbe-affitta-un-magazzino-logistico-a-wildeck-a-ks","status":"publish","type":"post","link":"https:\/\/loginfo24.com\/it\/2024\/08\/01\/garbe-affitta-un-magazzino-logistico-a-wildeck-a-ks\/","title":{"rendered":"Garbe affitta un magazzino logistico a Wildeck a K+S"},"content":{"rendered":"<h5><strong>Garbe Industrial Real Estate GmbH sta ampliando la sua collaborazione con l&#8217;azienda mineraria e di fertilizzanti K+S. Nel comune di Wildeck, in Assia (distretto di Hersfeld-Rotenburg), il promotore immobiliare di Amburgo ha affittato a lungo termine un ulteriore magazzino logistico con una superficie totale di circa 7.200 metri quadrati al principale fornitore di prodotti minerali per l&#8217;agricoltura, l&#8217;industria e i consumatori.<\/strong><\/h5>\n<p>(Hamburgo\/Wildeck) Gi\u00e0 un anno fa, K+S si era trasferita in un&#8217;unit\u00e0 con una superficie totale di circa 10.000 metri quadrati. L&#8217;azienda gestisce nelle vicinanze l&#8217;impianto integrato Werra con diverse miniere e fabbriche di potassio e utilizza i magazzini di Wildeck per le sue attivit\u00e0 di stoccaggio e logistica. &#8220;La breve distanza dal nostro impianto Werra e l&#8217;ottima idoneit\u00e0 dell&#8217;immobile sono stati determinanti per noi per stabilirci a Wildeck e ora espanderci&#8221;, sottolinea Guido Kamm, responsabile della logistica e della logistica interna di K+S.<\/p>\n<p>Il centro logistico, composto da due sezioni, si trova su un terreno di circa 32.000 metri quadrati nell&#8217;area industriale &#8220;Im Mackenrothschen Garten&#8221;, nel cuore di una delle regioni logistiche pi\u00f9 importanti della Germania. Nelle immediate vicinanze passa l&#8217;A 4, che collega il sito a est con Erfurt e Dresda e a ovest con Bad Hersfeld e il Kirchheimer Dreieck. Qui si trova il collegamento con l&#8217;A 7, uno dei principali assi nord-sud in Germania. L&#8217;uscita dell&#8217;A-4 Wildeck-H\u00f6nebach dista 600 metri dal centro logistico.<\/p>\n<p>Garbe Industrial Real Estate ha acquisito l&#8217;immobile nel 2022. \u00c8 stato costruito secondo moderni standard ecologici. Ad esempio, sul tetto \u00e8 installato un impianto fotovoltaico con una potenza di circa 1,6 megawatt picco per la produzione di energia rinnovabile. L&#8217;edificio \u00e8 certificato secondo il Gold Standard della Deutsche Gesellschaft f\u00fcr Nachhaltiges Bauen. Per il carico e lo scarico dei camion, l&#8217;immobile \u00e8 dotato di un totale di 15 rampe di carico e due porte sezionali a livello del suolo. All&#8217;esterno sono disponibili posti auto per 61 auto e tre camion.<\/p>\n<h5>Gioia per la fiducia<\/h5>\n<p>&#8220;Siamo felici della fiducia che K+S ci dimostra affittando il secondo magazzino&#8221;, afferma Anna Fuchs, asset manager di Garbe Industrial Real Estate: &#8220;Con questo ulteriore contratto, abbiamo raggiunto il pieno affitto della nostra propriet\u00e0 a Wildeck.&#8221;<\/p>\n<p>Foto: \u00a9 GOLDBECK<\/p>\n","protected":false},"excerpt":{"rendered":"<p>Garbe Industrial Real Estate GmbH sta ampliando la sua collaborazione con l&#8217;azienda mineraria e di fertilizzanti K+S. Nel comune di Wildeck, in Assia (distretto di Hersfeld-Rotenburg),<span class=\"excerpt-hellip\"> [\u2026]<\/span><\/p>\n","protected":false},"author":0,"featured_media":6210,"comment_status":"open","ping_status":"open","sticky":false,"template":"","format":"standard","meta":{"_acf_changed":false,"footnotes":""},"categories":[1557,1560,1561],"tags":[],"class_list":["post-66031","post","type-post","status-publish","format-standard","has-post-thumbnail","hentry","category-forwarding-logistics","category-intralogistics","category-regions"],"acf":[],"yoast_head":"<!-- This site is optimized with the Yoast SEO plugin v27.3 - https:\/\/yoast.com\/product\/yoast-seo-wordpress\/ -->\n<title>Garbe affitta un magazzino logistico a Wildeck a K+S - Loginfo24<\/title>\n<meta name=\"robots\" content=\"index, follow, max-snippet:-1, max-image-preview:large, max-video-preview:-1\" \/>\n<link rel=\"canonical\" href=\"https:\/\/loginfo24.com\/it\/2024\/08\/01\/garbe-affitta-un-magazzino-logistico-a-wildeck-a-ks\/\" \/>\n<meta property=\"og:locale\" content=\"it_IT\" \/>\n<meta property=\"og:type\" content=\"article\" \/>\n<meta property=\"og:title\" content=\"Garbe affitta un magazzino logistico a Wildeck a K+S - Loginfo24\" \/>\n<meta property=\"og:description\" content=\"Garbe Industrial Real Estate GmbH sta ampliando la sua collaborazione con l&#8217;azienda mineraria e di fertilizzanti K+S. Nel comune di Wildeck, in Assia (distretto di Hersfeld-Rotenburg), [\u2026]\" \/>\n<meta property=\"og:url\" content=\"https:\/\/loginfo24.com\/it\/2024\/08\/01\/garbe-affitta-un-magazzino-logistico-a-wildeck-a-ks\/\" \/>\n<meta property=\"og:site_name\" content=\"Loginfo24\" \/>\n<meta property=\"article:publisher\" content=\"https:\/\/www.facebook.com\/people\/Loginfo24\/100057360583332\/\" \/>\n<meta property=\"article:published_time\" content=\"2024-08-01T12:40:32+00:00\" \/>\n<meta property=\"og:image\" content=\"https:\/\/loginfo24.com\/wp-content\/uploads\/sites\/7\/2025\/12\/Garbe_1.8.24.jpg\" \/>\n\t<meta property=\"og:image:width\" content=\"861\" \/>\n\t<meta property=\"og:image:height\" content=\"475\" \/>\n\t<meta property=\"og:image:type\" content=\"image\/jpeg\" \/>\n<meta name=\"twitter:card\" content=\"summary_large_image\" \/>\n<meta name=\"twitter:label1\" content=\"Tempo di lettura stimato\" \/>\n\t<meta name=\"twitter:data1\" content=\"2 minuto\" \/>\n<script type=\"application\/ld+json\" class=\"yoast-schema-graph\">{\"@context\":\"https:\\\/\\\/schema.org\",\"@graph\":[{\"@type\":\"Article\",\"@id\":\"https:\\\/\\\/loginfo24.com\\\/it\\\/2024\\\/08\\\/01\\\/garbe-affitta-un-magazzino-logistico-a-wildeck-a-ks\\\/#article\",\"isPartOf\":{\"@id\":\"https:\\\/\\\/loginfo24.com\\\/it\\\/2024\\\/08\\\/01\\\/garbe-affitta-un-magazzino-logistico-a-wildeck-a-ks\\\/\"},\"author\":{\"name\":\"\",\"@id\":\"\"},\"headline\":\"Garbe affitta un magazzino logistico a Wildeck a K+S\",\"datePublished\":\"2024-08-01T12:40:32+00:00\",\"mainEntityOfPage\":{\"@id\":\"https:\\\/\\\/loginfo24.com\\\/it\\\/2024\\\/08\\\/01\\\/garbe-affitta-un-magazzino-logistico-a-wildeck-a-ks\\\/\"},\"wordCount\":379,\"commentCount\":0,\"publisher\":{\"@id\":\"https:\\\/\\\/loginfo24.com\\\/it\\\/#organization\"},\"image\":{\"@id\":\"https:\\\/\\\/loginfo24.com\\\/it\\\/2024\\\/08\\\/01\\\/garbe-affitta-un-magazzino-logistico-a-wildeck-a-ks\\\/#primaryimage\"},\"thumbnailUrl\":\"https:\\\/\\\/loginfo24.com\\\/wp-content\\\/uploads\\\/sites\\\/7\\\/2025\\\/12\\\/Garbe_1.8.24.jpg\",\"articleSection\":[\"Forwarding &amp; Logistics\",\"Intralogistics\",\"Regions\"],\"inLanguage\":\"it-IT\",\"potentialAction\":[{\"@type\":\"CommentAction\",\"name\":\"Comment\",\"target\":[\"https:\\\/\\\/loginfo24.com\\\/it\\\/2024\\\/08\\\/01\\\/garbe-affitta-un-magazzino-logistico-a-wildeck-a-ks\\\/#respond\"]}]},{\"@type\":\"WebPage\",\"@id\":\"https:\\\/\\\/loginfo24.com\\\/it\\\/2024\\\/08\\\/01\\\/garbe-affitta-un-magazzino-logistico-a-wildeck-a-ks\\\/\",\"url\":\"https:\\\/\\\/loginfo24.com\\\/it\\\/2024\\\/08\\\/01\\\/garbe-affitta-un-magazzino-logistico-a-wildeck-a-ks\\\/\",\"name\":\"Garbe affitta un magazzino logistico a Wildeck a K+S - Loginfo24\",\"isPartOf\":{\"@id\":\"https:\\\/\\\/loginfo24.com\\\/it\\\/#website\"},\"primaryImageOfPage\":{\"@id\":\"https:\\\/\\\/loginfo24.com\\\/it\\\/2024\\\/08\\\/01\\\/garbe-affitta-un-magazzino-logistico-a-wildeck-a-ks\\\/#primaryimage\"},\"image\":{\"@id\":\"https:\\\/\\\/loginfo24.com\\\/it\\\/2024\\\/08\\\/01\\\/garbe-affitta-un-magazzino-logistico-a-wildeck-a-ks\\\/#primaryimage\"},\"thumbnailUrl\":\"https:\\\/\\\/loginfo24.com\\\/wp-content\\\/uploads\\\/sites\\\/7\\\/2025\\\/12\\\/Garbe_1.8.24.jpg\",\"datePublished\":\"2024-08-01T12:40:32+00:00\",\"breadcrumb\":{\"@id\":\"https:\\\/\\\/loginfo24.com\\\/it\\\/2024\\\/08\\\/01\\\/garbe-affitta-un-magazzino-logistico-a-wildeck-a-ks\\\/#breadcrumb\"},\"inLanguage\":\"it-IT\",\"potentialAction\":[{\"@type\":\"ReadAction\",\"target\":[\"https:\\\/\\\/loginfo24.com\\\/it\\\/2024\\\/08\\\/01\\\/garbe-affitta-un-magazzino-logistico-a-wildeck-a-ks\\\/\"]}]},{\"@type\":\"ImageObject\",\"inLanguage\":\"it-IT\",\"@id\":\"https:\\\/\\\/loginfo24.com\\\/it\\\/2024\\\/08\\\/01\\\/garbe-affitta-un-magazzino-logistico-a-wildeck-a-ks\\\/#primaryimage\",\"url\":\"https:\\\/\\\/loginfo24.com\\\/wp-content\\\/uploads\\\/sites\\\/7\\\/2025\\\/12\\\/Garbe_1.8.24.jpg\",\"contentUrl\":\"https:\\\/\\\/loginfo24.com\\\/wp-content\\\/uploads\\\/sites\\\/7\\\/2025\\\/12\\\/Garbe_1.8.24.jpg\",\"width\":861,\"height\":475},{\"@type\":\"BreadcrumbList\",\"@id\":\"https:\\\/\\\/loginfo24.com\\\/it\\\/2024\\\/08\\\/01\\\/garbe-affitta-un-magazzino-logistico-a-wildeck-a-ks\\\/#breadcrumb\",\"itemListElement\":[{\"@type\":\"ListItem\",\"position\":1,\"name\":\"Startseite\",\"item\":\"https:\\\/\\\/loginfo24.com\\\/it\\\/\"},{\"@type\":\"ListItem\",\"position\":2,\"name\":\"Garbe affitta un magazzino logistico a Wildeck a K+S\"}]},{\"@type\":\"WebSite\",\"@id\":\"https:\\\/\\\/loginfo24.com\\\/it\\\/#website\",\"url\":\"https:\\\/\\\/loginfo24.com\\\/it\\\/\",\"name\":\"Loginfo24\",\"description\":\"Loginfo24 \u00e8 la piattaforma dedicata alla logistica e alle catene di fornitura con informazioni disponibili 24 ore su 24.\",\"publisher\":{\"@id\":\"https:\\\/\\\/loginfo24.com\\\/it\\\/#organization\"},\"potentialAction\":[{\"@type\":\"SearchAction\",\"target\":{\"@type\":\"EntryPoint\",\"urlTemplate\":\"https:\\\/\\\/loginfo24.com\\\/it\\\/?s={search_term_string}\"},\"query-input\":{\"@type\":\"PropertyValueSpecification\",\"valueRequired\":true,\"valueName\":\"search_term_string\"}}],\"inLanguage\":\"it-IT\"},{\"@type\":\"Organization\",\"@id\":\"https:\\\/\\\/loginfo24.com\\\/it\\\/#organization\",\"name\":\"Logismedia Group AG\",\"url\":\"https:\\\/\\\/loginfo24.com\\\/it\\\/\",\"logo\":{\"@type\":\"ImageObject\",\"inLanguage\":\"it-IT\",\"@id\":\"https:\\\/\\\/loginfo24.com\\\/it\\\/#\\\/schema\\\/logo\\\/image\\\/\",\"url\":\"https:\\\/\\\/loginfo24.com\\\/wp-content\\\/uploads\\\/sites\\\/7\\\/2026\\\/01\\\/Logo_LogInfo24.png\",\"contentUrl\":\"https:\\\/\\\/loginfo24.com\\\/wp-content\\\/uploads\\\/sites\\\/7\\\/2026\\\/01\\\/Logo_LogInfo24.png\",\"width\":938,\"height\":351,\"caption\":\"Logismedia Group AG\"},\"image\":{\"@id\":\"https:\\\/\\\/loginfo24.com\\\/it\\\/#\\\/schema\\\/logo\\\/image\\\/\"},\"sameAs\":[\"https:\\\/\\\/www.facebook.com\\\/people\\\/Loginfo24\\\/100057360583332\\\/\",\"https:\\\/\\\/www.linkedin.com\\\/company\\\/lofinfo24\\\/\"]}]}<\/script>\n<!-- \/ Yoast SEO plugin. -->","yoast_head_json":{"title":"Garbe affitta un magazzino logistico a Wildeck a K+S - Loginfo24","robots":{"index":"index","follow":"follow","max-snippet":"max-snippet:-1","max-image-preview":"max-image-preview:large","max-video-preview":"max-video-preview:-1"},"canonical":"https:\/\/loginfo24.com\/it\/2024\/08\/01\/garbe-affitta-un-magazzino-logistico-a-wildeck-a-ks\/","og_locale":"it_IT","og_type":"article","og_title":"Garbe affitta un magazzino logistico a Wildeck a K+S - Loginfo24","og_description":"Garbe Industrial Real Estate GmbH sta ampliando la sua collaborazione con l&#8217;azienda mineraria e di fertilizzanti K+S. Nel comune di Wildeck, in Assia (distretto di Hersfeld-Rotenburg), [\u2026]","og_url":"https:\/\/loginfo24.com\/it\/2024\/08\/01\/garbe-affitta-un-magazzino-logistico-a-wildeck-a-ks\/","og_site_name":"Loginfo24","article_publisher":"https:\/\/www.facebook.com\/people\/Loginfo24\/100057360583332\/","article_published_time":"2024-08-01T12:40:32+00:00","og_image":[{"width":861,"height":475,"url":"https:\/\/loginfo24.com\/wp-content\/uploads\/sites\/7\/2025\/12\/Garbe_1.8.24.jpg","type":"image\/jpeg"}],"twitter_card":"summary_large_image","twitter_misc":{"Tempo di lettura stimato":"2 minuto"},"schema":{"@context":"https:\/\/schema.org","@graph":[{"@type":"Article","@id":"https:\/\/loginfo24.com\/it\/2024\/08\/01\/garbe-affitta-un-magazzino-logistico-a-wildeck-a-ks\/#article","isPartOf":{"@id":"https:\/\/loginfo24.com\/it\/2024\/08\/01\/garbe-affitta-un-magazzino-logistico-a-wildeck-a-ks\/"},"author":{"name":"","@id":""},"headline":"Garbe affitta un magazzino logistico a Wildeck a K+S","datePublished":"2024-08-01T12:40:32+00:00","mainEntityOfPage":{"@id":"https:\/\/loginfo24.com\/it\/2024\/08\/01\/garbe-affitta-un-magazzino-logistico-a-wildeck-a-ks\/"},"wordCount":379,"commentCount":0,"publisher":{"@id":"https:\/\/loginfo24.com\/it\/#organization"},"image":{"@id":"https:\/\/loginfo24.com\/it\/2024\/08\/01\/garbe-affitta-un-magazzino-logistico-a-wildeck-a-ks\/#primaryimage"},"thumbnailUrl":"https:\/\/loginfo24.com\/wp-content\/uploads\/sites\/7\/2025\/12\/Garbe_1.8.24.jpg","articleSection":["Forwarding &amp; Logistics","Intralogistics","Regions"],"inLanguage":"it-IT","potentialAction":[{"@type":"CommentAction","name":"Comment","target":["https:\/\/loginfo24.com\/it\/2024\/08\/01\/garbe-affitta-un-magazzino-logistico-a-wildeck-a-ks\/#respond"]}]},{"@type":"WebPage","@id":"https:\/\/loginfo24.com\/it\/2024\/08\/01\/garbe-affitta-un-magazzino-logistico-a-wildeck-a-ks\/","url":"https:\/\/loginfo24.com\/it\/2024\/08\/01\/garbe-affitta-un-magazzino-logistico-a-wildeck-a-ks\/","name":"Garbe affitta un magazzino logistico a Wildeck a K+S - Loginfo24","isPartOf":{"@id":"https:\/\/loginfo24.com\/it\/#website"},"primaryImageOfPage":{"@id":"https:\/\/loginfo24.com\/it\/2024\/08\/01\/garbe-affitta-un-magazzino-logistico-a-wildeck-a-ks\/#primaryimage"},"image":{"@id":"https:\/\/loginfo24.com\/it\/2024\/08\/01\/garbe-affitta-un-magazzino-logistico-a-wildeck-a-ks\/#primaryimage"},"thumbnailUrl":"https:\/\/loginfo24.com\/wp-content\/uploads\/sites\/7\/2025\/12\/Garbe_1.8.24.jpg","datePublished":"2024-08-01T12:40:32+00:00","breadcrumb":{"@id":"https:\/\/loginfo24.com\/it\/2024\/08\/01\/garbe-affitta-un-magazzino-logistico-a-wildeck-a-ks\/#breadcrumb"},"inLanguage":"it-IT","potentialAction":[{"@type":"ReadAction","target":["https:\/\/loginfo24.com\/it\/2024\/08\/01\/garbe-affitta-un-magazzino-logistico-a-wildeck-a-ks\/"]}]},{"@type":"ImageObject","inLanguage":"it-IT","@id":"https:\/\/loginfo24.com\/it\/2024\/08\/01\/garbe-affitta-un-magazzino-logistico-a-wildeck-a-ks\/#primaryimage","url":"https:\/\/loginfo24.com\/wp-content\/uploads\/sites\/7\/2025\/12\/Garbe_1.8.24.jpg","contentUrl":"https:\/\/loginfo24.com\/wp-content\/uploads\/sites\/7\/2025\/12\/Garbe_1.8.24.jpg","width":861,"height":475},{"@type":"BreadcrumbList","@id":"https:\/\/loginfo24.com\/it\/2024\/08\/01\/garbe-affitta-un-magazzino-logistico-a-wildeck-a-ks\/#breadcrumb","itemListElement":[{"@type":"ListItem","position":1,"name":"Startseite","item":"https:\/\/loginfo24.com\/it\/"},{"@type":"ListItem","position":2,"name":"Garbe affitta un magazzino logistico a Wildeck a K+S"}]},{"@type":"WebSite","@id":"https:\/\/loginfo24.com\/it\/#website","url":"https:\/\/loginfo24.com\/it\/","name":"Loginfo24","description":"Loginfo24 \u00e8 la piattaforma dedicata alla logistica e alle catene di fornitura con informazioni disponibili 24 ore su 24.","publisher":{"@id":"https:\/\/loginfo24.com\/it\/#organization"},"potentialAction":[{"@type":"SearchAction","target":{"@type":"EntryPoint","urlTemplate":"https:\/\/loginfo24.com\/it\/?s={search_term_string}"},"query-input":{"@type":"PropertyValueSpecification","valueRequired":true,"valueName":"search_term_string"}}],"inLanguage":"it-IT"},{"@type":"Organization","@id":"https:\/\/loginfo24.com\/it\/#organization","name":"Logismedia Group AG","url":"https:\/\/loginfo24.com\/it\/","logo":{"@type":"ImageObject","inLanguage":"it-IT","@id":"https:\/\/loginfo24.com\/it\/#\/schema\/logo\/image\/","url":"https:\/\/loginfo24.com\/wp-content\/uploads\/sites\/7\/2026\/01\/Logo_LogInfo24.png","contentUrl":"https:\/\/loginfo24.com\/wp-content\/uploads\/sites\/7\/2026\/01\/Logo_LogInfo24.png","width":938,"height":351,"caption":"Logismedia Group AG"},"image":{"@id":"https:\/\/loginfo24.com\/it\/#\/schema\/logo\/image\/"},"sameAs":["https:\/\/www.facebook.com\/people\/Loginfo24\/100057360583332\/","https:\/\/www.linkedin.com\/company\/lofinfo24\/"]}]}},"_links":{"self":[{"href":"https:\/\/loginfo24.com\/it\/wp-json\/wp\/v2\/posts\/66031","targetHints":{"allow":["GET"]}}],"collection":[{"href":"https:\/\/loginfo24.com\/it\/wp-json\/wp\/v2\/posts"}],"about":[{"href":"https:\/\/loginfo24.com\/it\/wp-json\/wp\/v2\/types\/post"}],"replies":[{"embeddable":true,"href":"https:\/\/loginfo24.com\/it\/wp-json\/wp\/v2\/comments?post=66031"}],"version-history":[{"count":0,"href":"https:\/\/loginfo24.com\/it\/wp-json\/wp\/v2\/posts\/66031\/revisions"}],"wp:featuredmedia":[{"embeddable":true,"href":"https:\/\/loginfo24.com\/it\/wp-json\/wp\/v2\/media\/6210"}],"wp:attachment":[{"href":"https:\/\/loginfo24.com\/it\/wp-json\/wp\/v2\/media?parent=66031"}],"wp:term":[{"taxonomy":"category","embeddable":true,"href":"https:\/\/loginfo24.com\/it\/wp-json\/wp\/v2\/categories?post=66031"},{"taxonomy":"post_tag","embeddable":true,"href":"https:\/\/loginfo24.com\/it\/wp-json\/wp\/v2\/tags?post=66031"}],"curies":[{"name":"wp","href":"https:\/\/api.w.org\/{rel}","templated":true}]}}