{"id":63484,"date":"2023-11-23T19:03:23","date_gmt":"2023-11-23T18:03:23","guid":{"rendered":"https:\/\/blog.brand-architecture.at\/2023\/11\/23\/pedaggio-le-ferrovie-merci-accusano-il-settore-dei-camion-di-fare-allarmismo\/"},"modified":"2023-11-23T19:03:23","modified_gmt":"2023-11-23T18:03:23","slug":"pedaggio-le-ferrovie-merci-accusano-il-settore-dei-camion-di-fare-allarmismo","status":"publish","type":"post","link":"https:\/\/loginfo24.com\/it\/2023\/11\/23\/pedaggio-le-ferrovie-merci-accusano-il-settore-dei-camion-di-fare-allarmismo\/","title":{"rendered":"Pedaggio: Le FERROVIE MERCI accusano il settore dei camion di fare allarmismo"},"content":{"rendered":"<div class=\"row\">\n<div class=\"offset-lg-2 col-lg-8\">\n<h5 class=\"fw-bld mb-3\">Tra otto giorni il pedaggio per i camion sar\u00e0 aumentato, poich\u00e9 in futuro anche i costi climatici non coperti saranno inclusi nella tariffa del pedaggio. LE FERROVIE MERCI spiegano gli incentivi e gli effetti positivi e chiedono la fine dell&#8217;allarmismo poco serio da parte del settore dei camion. La coalizione ha sviluppato il pedaggio per i camion con il supporto di Bruxelles in linea con gli obiettivi di protezione climatica e ha deciso un aumento a partire dal 1\u00b0 dicembre 2023.<\/h5>\n<\/div>\n<\/div>\n<div class=\"row\">\n<div class=\"col-lg-8\">\n<p>(Berlino) LE FERROVIE MERCI sostengono questo passo, che va verso la verit\u00e0 dei costi tra camion e ferrovia. &#8220;La riduzione dei sussidi dannosi per l&#8217;ambiente \u00e8 diventata ancora pi\u00f9 importante, soprattutto con la sentenza KTF della Corte Costituzionale Federale tedesca a sostegno. Siamo lieti che il governo, con questa legge, stimoli da un lato l&#8217;economia di carico e il settore dei trasporti a cercare alternative ecologiche ai camion a diesel e, dall&#8217;altro, finanzi con una parte delle entrate aggiuntive il miglioramento dell&#8217;infrastruttura ferroviaria. Una situazione win-win per l&#8217;economia, come in un libro di fiabe&#8221;, commenta Ludolf Kerkeling, presidente delle FERROVIE MERCI.<\/p>\n<h5>Fondos anche per l&#8217;infrastruttura ferroviaria<\/h5>\n<p>Cos\u00ec termina il ciclo di finanziamento della strada e un sussidio indiretto che distorce la concorrenza \u2013 almeno sulle strade federali. In futuro anche i camion (tedeschi e stranieri) dovranno pagare una parte del pedaggio per le loro emissioni di CO<sub>2<\/sub>. Le entrate aggiuntive non porteranno pi\u00f9 solo a ulteriori costruzioni stradali, ma andranno anche a beneficio dell&#8217;infrastruttura ferroviaria, che necessita urgentemente di ristrutturazione e ampliamento. Questo \u00e8 importante affinch\u00e9, oltre a un incentivo per i camion a basse emissioni di CO<sub>2<\/sub>, venga rafforzata anche la capacit\u00e0 e la qualit\u00e0 della ferrovia, che \u00e8 ancora pi\u00f9 efficiente dal punto di vista energetico e rispettosa dell&#8217;ambiente.<\/p>\n<h5>Le strutture di carico devono essere ampliate<\/h5>\n<p>Kerkeling: &#8220;Ci aspettiamo ancora pi\u00f9 richieste da parte degli spedizionieri. Passare alla ferrovia offrir\u00e0 ancora pi\u00f9 spesso vantaggi di prezzo. Per l&#8217;elevata prestazione della catena logistica intermodale elettrica del futuro, le strutture di carico e le linee devono essere ampliate in modo affidabile, per rendere facile il passaggio per i clienti del trasporto.&#8221;<\/p>\n<p>Foto: \u00a9 LE FERROVIE MERCI<\/p>\n<\/div>\n<\/div>\n","protected":false},"excerpt":{"rendered":"<p>Tra otto giorni il pedaggio per i camion sar\u00e0 aumentato, poich\u00e9 in futuro anche i costi climatici non coperti saranno inclusi nella tariffa del pedaggio. LE<span class=\"excerpt-hellip\"> [\u2026]<\/span><\/p>\n","protected":false},"author":0,"featured_media":7239,"comment_status":"open","ping_status":"open","sticky":false,"template":"","format":"standard","meta":{"_acf_changed":false,"footnotes":""},"categories":[1557,1556,1561],"tags":[],"class_list":["post-63484","post","type-post","status-publish","format-standard","has-post-thumbnail","hentry","category-forwarding-logistics","category-intermodal-road","category-regions"],"acf":[],"yoast_head":"<!-- This site is optimized with the Yoast SEO plugin v27.3 - https:\/\/yoast.com\/product\/yoast-seo-wordpress\/ -->\n<title>Pedaggio: Le FERROVIE MERCI accusano il settore dei camion di fare allarmismo - Loginfo24<\/title>\n<meta name=\"robots\" content=\"index, follow, max-snippet:-1, max-image-preview:large, max-video-preview:-1\" \/>\n<link rel=\"canonical\" href=\"https:\/\/loginfo24.com\/it\/2023\/11\/23\/pedaggio-le-ferrovie-merci-accusano-il-settore-dei-camion-di-fare-allarmismo\/\" \/>\n<meta property=\"og:locale\" content=\"it_IT\" \/>\n<meta property=\"og:type\" content=\"article\" \/>\n<meta property=\"og:title\" content=\"Pedaggio: Le FERROVIE MERCI accusano il settore dei camion di fare allarmismo - Loginfo24\" \/>\n<meta property=\"og:description\" content=\"Tra otto giorni il pedaggio per i camion sar\u00e0 aumentato, poich\u00e9 in futuro anche i costi climatici non coperti saranno inclusi nella tariffa del pedaggio. LE [\u2026]\" \/>\n<meta property=\"og:url\" content=\"https:\/\/loginfo24.com\/it\/2023\/11\/23\/pedaggio-le-ferrovie-merci-accusano-il-settore-dei-camion-di-fare-allarmismo\/\" \/>\n<meta property=\"og:site_name\" content=\"Loginfo24\" \/>\n<meta property=\"article:publisher\" content=\"https:\/\/www.facebook.com\/people\/Loginfo24\/100057360583332\/\" \/>\n<meta property=\"article:published_time\" content=\"2023-11-23T18:03:23+00:00\" \/>\n<meta property=\"og:image\" content=\"https:\/\/loginfo24.com\/wp-content\/uploads\/sites\/7\/2025\/12\/Gueterbahnen_23.11.23-7.jpg\" \/>\n\t<meta property=\"og:image:width\" content=\"1318\" \/>\n\t<meta property=\"og:image:height\" content=\"789\" \/>\n\t<meta property=\"og:image:type\" content=\"image\/jpeg\" \/>\n<meta name=\"twitter:card\" content=\"summary_large_image\" \/>\n<meta name=\"twitter:label1\" content=\"Tempo di lettura stimato\" \/>\n\t<meta name=\"twitter:data1\" content=\"2 minuto\" \/>\n<script type=\"application\/ld+json\" class=\"yoast-schema-graph\">{\"@context\":\"https:\\\/\\\/schema.org\",\"@graph\":[{\"@type\":\"Article\",\"@id\":\"https:\\\/\\\/loginfo24.com\\\/it\\\/2023\\\/11\\\/23\\\/pedaggio-le-ferrovie-merci-accusano-il-settore-dei-camion-di-fare-allarmismo\\\/#article\",\"isPartOf\":{\"@id\":\"https:\\\/\\\/loginfo24.com\\\/it\\\/2023\\\/11\\\/23\\\/pedaggio-le-ferrovie-merci-accusano-il-settore-dei-camion-di-fare-allarmismo\\\/\"},\"author\":{\"name\":\"\",\"@id\":\"\"},\"headline\":\"Pedaggio: Le FERROVIE MERCI accusano il settore dei camion di fare allarmismo\",\"datePublished\":\"2023-11-23T18:03:23+00:00\",\"mainEntityOfPage\":{\"@id\":\"https:\\\/\\\/loginfo24.com\\\/it\\\/2023\\\/11\\\/23\\\/pedaggio-le-ferrovie-merci-accusano-il-settore-dei-camion-di-fare-allarmismo\\\/\"},\"wordCount\":372,\"commentCount\":0,\"publisher\":{\"@id\":\"https:\\\/\\\/loginfo24.com\\\/it\\\/#organization\"},\"image\":{\"@id\":\"https:\\\/\\\/loginfo24.com\\\/it\\\/2023\\\/11\\\/23\\\/pedaggio-le-ferrovie-merci-accusano-il-settore-dei-camion-di-fare-allarmismo\\\/#primaryimage\"},\"thumbnailUrl\":\"https:\\\/\\\/loginfo24.com\\\/wp-content\\\/uploads\\\/sites\\\/7\\\/2025\\\/12\\\/Gueterbahnen_23.11.23-7.jpg\",\"articleSection\":[\"Forwarding &amp; Logistics\",\"Intermodal \\\/ Road\",\"Regions\"],\"inLanguage\":\"it-IT\",\"potentialAction\":[{\"@type\":\"CommentAction\",\"name\":\"Comment\",\"target\":[\"https:\\\/\\\/loginfo24.com\\\/it\\\/2023\\\/11\\\/23\\\/pedaggio-le-ferrovie-merci-accusano-il-settore-dei-camion-di-fare-allarmismo\\\/#respond\"]}]},{\"@type\":\"WebPage\",\"@id\":\"https:\\\/\\\/loginfo24.com\\\/it\\\/2023\\\/11\\\/23\\\/pedaggio-le-ferrovie-merci-accusano-il-settore-dei-camion-di-fare-allarmismo\\\/\",\"url\":\"https:\\\/\\\/loginfo24.com\\\/it\\\/2023\\\/11\\\/23\\\/pedaggio-le-ferrovie-merci-accusano-il-settore-dei-camion-di-fare-allarmismo\\\/\",\"name\":\"Pedaggio: Le FERROVIE MERCI accusano il settore dei camion di fare allarmismo - Loginfo24\",\"isPartOf\":{\"@id\":\"https:\\\/\\\/loginfo24.com\\\/it\\\/#website\"},\"primaryImageOfPage\":{\"@id\":\"https:\\\/\\\/loginfo24.com\\\/it\\\/2023\\\/11\\\/23\\\/pedaggio-le-ferrovie-merci-accusano-il-settore-dei-camion-di-fare-allarmismo\\\/#primaryimage\"},\"image\":{\"@id\":\"https:\\\/\\\/loginfo24.com\\\/it\\\/2023\\\/11\\\/23\\\/pedaggio-le-ferrovie-merci-accusano-il-settore-dei-camion-di-fare-allarmismo\\\/#primaryimage\"},\"thumbnailUrl\":\"https:\\\/\\\/loginfo24.com\\\/wp-content\\\/uploads\\\/sites\\\/7\\\/2025\\\/12\\\/Gueterbahnen_23.11.23-7.jpg\",\"datePublished\":\"2023-11-23T18:03:23+00:00\",\"breadcrumb\":{\"@id\":\"https:\\\/\\\/loginfo24.com\\\/it\\\/2023\\\/11\\\/23\\\/pedaggio-le-ferrovie-merci-accusano-il-settore-dei-camion-di-fare-allarmismo\\\/#breadcrumb\"},\"inLanguage\":\"it-IT\",\"potentialAction\":[{\"@type\":\"ReadAction\",\"target\":[\"https:\\\/\\\/loginfo24.com\\\/it\\\/2023\\\/11\\\/23\\\/pedaggio-le-ferrovie-merci-accusano-il-settore-dei-camion-di-fare-allarmismo\\\/\"]}]},{\"@type\":\"ImageObject\",\"inLanguage\":\"it-IT\",\"@id\":\"https:\\\/\\\/loginfo24.com\\\/it\\\/2023\\\/11\\\/23\\\/pedaggio-le-ferrovie-merci-accusano-il-settore-dei-camion-di-fare-allarmismo\\\/#primaryimage\",\"url\":\"https:\\\/\\\/loginfo24.com\\\/wp-content\\\/uploads\\\/sites\\\/7\\\/2025\\\/12\\\/Gueterbahnen_23.11.23-7.jpg\",\"contentUrl\":\"https:\\\/\\\/loginfo24.com\\\/wp-content\\\/uploads\\\/sites\\\/7\\\/2025\\\/12\\\/Gueterbahnen_23.11.23-7.jpg\",\"width\":1318,\"height\":789},{\"@type\":\"BreadcrumbList\",\"@id\":\"https:\\\/\\\/loginfo24.com\\\/it\\\/2023\\\/11\\\/23\\\/pedaggio-le-ferrovie-merci-accusano-il-settore-dei-camion-di-fare-allarmismo\\\/#breadcrumb\",\"itemListElement\":[{\"@type\":\"ListItem\",\"position\":1,\"name\":\"Startseite\",\"item\":\"https:\\\/\\\/loginfo24.com\\\/it\\\/\"},{\"@type\":\"ListItem\",\"position\":2,\"name\":\"Pedaggio: Le FERROVIE MERCI accusano il settore dei camion di fare allarmismo\"}]},{\"@type\":\"WebSite\",\"@id\":\"https:\\\/\\\/loginfo24.com\\\/it\\\/#website\",\"url\":\"https:\\\/\\\/loginfo24.com\\\/it\\\/\",\"name\":\"Loginfo24\",\"description\":\"Loginfo24 \u00e8 la piattaforma dedicata alla logistica e alle catene di fornitura con informazioni disponibili 24 ore su 24.\",\"publisher\":{\"@id\":\"https:\\\/\\\/loginfo24.com\\\/it\\\/#organization\"},\"potentialAction\":[{\"@type\":\"SearchAction\",\"target\":{\"@type\":\"EntryPoint\",\"urlTemplate\":\"https:\\\/\\\/loginfo24.com\\\/it\\\/?s={search_term_string}\"},\"query-input\":{\"@type\":\"PropertyValueSpecification\",\"valueRequired\":true,\"valueName\":\"search_term_string\"}}],\"inLanguage\":\"it-IT\"},{\"@type\":\"Organization\",\"@id\":\"https:\\\/\\\/loginfo24.com\\\/it\\\/#organization\",\"name\":\"Logismedia Group AG\",\"url\":\"https:\\\/\\\/loginfo24.com\\\/it\\\/\",\"logo\":{\"@type\":\"ImageObject\",\"inLanguage\":\"it-IT\",\"@id\":\"https:\\\/\\\/loginfo24.com\\\/it\\\/#\\\/schema\\\/logo\\\/image\\\/\",\"url\":\"https:\\\/\\\/loginfo24.com\\\/wp-content\\\/uploads\\\/sites\\\/7\\\/2026\\\/01\\\/Logo_LogInfo24.png\",\"contentUrl\":\"https:\\\/\\\/loginfo24.com\\\/wp-content\\\/uploads\\\/sites\\\/7\\\/2026\\\/01\\\/Logo_LogInfo24.png\",\"width\":938,\"height\":351,\"caption\":\"Logismedia Group AG\"},\"image\":{\"@id\":\"https:\\\/\\\/loginfo24.com\\\/it\\\/#\\\/schema\\\/logo\\\/image\\\/\"},\"sameAs\":[\"https:\\\/\\\/www.facebook.com\\\/people\\\/Loginfo24\\\/100057360583332\\\/\",\"https:\\\/\\\/www.linkedin.com\\\/company\\\/lofinfo24\\\/\"]}]}<\/script>\n<!-- \/ Yoast SEO plugin. -->","yoast_head_json":{"title":"Pedaggio: Le FERROVIE MERCI accusano il settore dei camion di fare allarmismo - Loginfo24","robots":{"index":"index","follow":"follow","max-snippet":"max-snippet:-1","max-image-preview":"max-image-preview:large","max-video-preview":"max-video-preview:-1"},"canonical":"https:\/\/loginfo24.com\/it\/2023\/11\/23\/pedaggio-le-ferrovie-merci-accusano-il-settore-dei-camion-di-fare-allarmismo\/","og_locale":"it_IT","og_type":"article","og_title":"Pedaggio: Le FERROVIE MERCI accusano il settore dei camion di fare allarmismo - Loginfo24","og_description":"Tra otto giorni il pedaggio per i camion sar\u00e0 aumentato, poich\u00e9 in futuro anche i costi climatici non coperti saranno inclusi nella tariffa del pedaggio. LE [\u2026]","og_url":"https:\/\/loginfo24.com\/it\/2023\/11\/23\/pedaggio-le-ferrovie-merci-accusano-il-settore-dei-camion-di-fare-allarmismo\/","og_site_name":"Loginfo24","article_publisher":"https:\/\/www.facebook.com\/people\/Loginfo24\/100057360583332\/","article_published_time":"2023-11-23T18:03:23+00:00","og_image":[{"width":1318,"height":789,"url":"https:\/\/loginfo24.com\/wp-content\/uploads\/sites\/7\/2025\/12\/Gueterbahnen_23.11.23-7.jpg","type":"image\/jpeg"}],"twitter_card":"summary_large_image","twitter_misc":{"Tempo di lettura stimato":"2 minuto"},"schema":{"@context":"https:\/\/schema.org","@graph":[{"@type":"Article","@id":"https:\/\/loginfo24.com\/it\/2023\/11\/23\/pedaggio-le-ferrovie-merci-accusano-il-settore-dei-camion-di-fare-allarmismo\/#article","isPartOf":{"@id":"https:\/\/loginfo24.com\/it\/2023\/11\/23\/pedaggio-le-ferrovie-merci-accusano-il-settore-dei-camion-di-fare-allarmismo\/"},"author":{"name":"","@id":""},"headline":"Pedaggio: Le FERROVIE MERCI accusano il settore dei camion di fare allarmismo","datePublished":"2023-11-23T18:03:23+00:00","mainEntityOfPage":{"@id":"https:\/\/loginfo24.com\/it\/2023\/11\/23\/pedaggio-le-ferrovie-merci-accusano-il-settore-dei-camion-di-fare-allarmismo\/"},"wordCount":372,"commentCount":0,"publisher":{"@id":"https:\/\/loginfo24.com\/it\/#organization"},"image":{"@id":"https:\/\/loginfo24.com\/it\/2023\/11\/23\/pedaggio-le-ferrovie-merci-accusano-il-settore-dei-camion-di-fare-allarmismo\/#primaryimage"},"thumbnailUrl":"https:\/\/loginfo24.com\/wp-content\/uploads\/sites\/7\/2025\/12\/Gueterbahnen_23.11.23-7.jpg","articleSection":["Forwarding &amp; Logistics","Intermodal \/ Road","Regions"],"inLanguage":"it-IT","potentialAction":[{"@type":"CommentAction","name":"Comment","target":["https:\/\/loginfo24.com\/it\/2023\/11\/23\/pedaggio-le-ferrovie-merci-accusano-il-settore-dei-camion-di-fare-allarmismo\/#respond"]}]},{"@type":"WebPage","@id":"https:\/\/loginfo24.com\/it\/2023\/11\/23\/pedaggio-le-ferrovie-merci-accusano-il-settore-dei-camion-di-fare-allarmismo\/","url":"https:\/\/loginfo24.com\/it\/2023\/11\/23\/pedaggio-le-ferrovie-merci-accusano-il-settore-dei-camion-di-fare-allarmismo\/","name":"Pedaggio: Le FERROVIE MERCI accusano il settore dei camion di fare allarmismo - Loginfo24","isPartOf":{"@id":"https:\/\/loginfo24.com\/it\/#website"},"primaryImageOfPage":{"@id":"https:\/\/loginfo24.com\/it\/2023\/11\/23\/pedaggio-le-ferrovie-merci-accusano-il-settore-dei-camion-di-fare-allarmismo\/#primaryimage"},"image":{"@id":"https:\/\/loginfo24.com\/it\/2023\/11\/23\/pedaggio-le-ferrovie-merci-accusano-il-settore-dei-camion-di-fare-allarmismo\/#primaryimage"},"thumbnailUrl":"https:\/\/loginfo24.com\/wp-content\/uploads\/sites\/7\/2025\/12\/Gueterbahnen_23.11.23-7.jpg","datePublished":"2023-11-23T18:03:23+00:00","breadcrumb":{"@id":"https:\/\/loginfo24.com\/it\/2023\/11\/23\/pedaggio-le-ferrovie-merci-accusano-il-settore-dei-camion-di-fare-allarmismo\/#breadcrumb"},"inLanguage":"it-IT","potentialAction":[{"@type":"ReadAction","target":["https:\/\/loginfo24.com\/it\/2023\/11\/23\/pedaggio-le-ferrovie-merci-accusano-il-settore-dei-camion-di-fare-allarmismo\/"]}]},{"@type":"ImageObject","inLanguage":"it-IT","@id":"https:\/\/loginfo24.com\/it\/2023\/11\/23\/pedaggio-le-ferrovie-merci-accusano-il-settore-dei-camion-di-fare-allarmismo\/#primaryimage","url":"https:\/\/loginfo24.com\/wp-content\/uploads\/sites\/7\/2025\/12\/Gueterbahnen_23.11.23-7.jpg","contentUrl":"https:\/\/loginfo24.com\/wp-content\/uploads\/sites\/7\/2025\/12\/Gueterbahnen_23.11.23-7.jpg","width":1318,"height":789},{"@type":"BreadcrumbList","@id":"https:\/\/loginfo24.com\/it\/2023\/11\/23\/pedaggio-le-ferrovie-merci-accusano-il-settore-dei-camion-di-fare-allarmismo\/#breadcrumb","itemListElement":[{"@type":"ListItem","position":1,"name":"Startseite","item":"https:\/\/loginfo24.com\/it\/"},{"@type":"ListItem","position":2,"name":"Pedaggio: Le FERROVIE MERCI accusano il settore dei camion di fare allarmismo"}]},{"@type":"WebSite","@id":"https:\/\/loginfo24.com\/it\/#website","url":"https:\/\/loginfo24.com\/it\/","name":"Loginfo24","description":"Loginfo24 \u00e8 la piattaforma dedicata alla logistica e alle catene di fornitura con informazioni disponibili 24 ore su 24.","publisher":{"@id":"https:\/\/loginfo24.com\/it\/#organization"},"potentialAction":[{"@type":"SearchAction","target":{"@type":"EntryPoint","urlTemplate":"https:\/\/loginfo24.com\/it\/?s={search_term_string}"},"query-input":{"@type":"PropertyValueSpecification","valueRequired":true,"valueName":"search_term_string"}}],"inLanguage":"it-IT"},{"@type":"Organization","@id":"https:\/\/loginfo24.com\/it\/#organization","name":"Logismedia Group AG","url":"https:\/\/loginfo24.com\/it\/","logo":{"@type":"ImageObject","inLanguage":"it-IT","@id":"https:\/\/loginfo24.com\/it\/#\/schema\/logo\/image\/","url":"https:\/\/loginfo24.com\/wp-content\/uploads\/sites\/7\/2026\/01\/Logo_LogInfo24.png","contentUrl":"https:\/\/loginfo24.com\/wp-content\/uploads\/sites\/7\/2026\/01\/Logo_LogInfo24.png","width":938,"height":351,"caption":"Logismedia Group AG"},"image":{"@id":"https:\/\/loginfo24.com\/it\/#\/schema\/logo\/image\/"},"sameAs":["https:\/\/www.facebook.com\/people\/Loginfo24\/100057360583332\/","https:\/\/www.linkedin.com\/company\/lofinfo24\/"]}]}},"_links":{"self":[{"href":"https:\/\/loginfo24.com\/it\/wp-json\/wp\/v2\/posts\/63484","targetHints":{"allow":["GET"]}}],"collection":[{"href":"https:\/\/loginfo24.com\/it\/wp-json\/wp\/v2\/posts"}],"about":[{"href":"https:\/\/loginfo24.com\/it\/wp-json\/wp\/v2\/types\/post"}],"replies":[{"embeddable":true,"href":"https:\/\/loginfo24.com\/it\/wp-json\/wp\/v2\/comments?post=63484"}],"version-history":[{"count":0,"href":"https:\/\/loginfo24.com\/it\/wp-json\/wp\/v2\/posts\/63484\/revisions"}],"wp:featuredmedia":[{"embeddable":true,"href":"https:\/\/loginfo24.com\/it\/wp-json\/wp\/v2\/media\/7239"}],"wp:attachment":[{"href":"https:\/\/loginfo24.com\/it\/wp-json\/wp\/v2\/media?parent=63484"}],"wp:term":[{"taxonomy":"category","embeddable":true,"href":"https:\/\/loginfo24.com\/it\/wp-json\/wp\/v2\/categories?post=63484"},{"taxonomy":"post_tag","embeddable":true,"href":"https:\/\/loginfo24.com\/it\/wp-json\/wp\/v2\/tags?post=63484"}],"curies":[{"name":"wp","href":"https:\/\/api.w.org\/{rel}","templated":true}]}}