{"id":62759,"date":"2023-09-19T17:34:29","date_gmt":"2023-09-19T15:34:29","guid":{"rendered":"https:\/\/blog.brand-architecture.at\/2023\/09\/19\/blut-transportato-e-v-si-presenta-al-logistics-summit\/"},"modified":"2023-09-19T17:34:29","modified_gmt":"2023-09-19T15:34:29","slug":"blut-transportato-e-v-si-presenta-al-logistics-summit","status":"publish","type":"post","link":"https:\/\/loginfo24.com\/it\/2023\/09\/19\/blut-transportato-e-v-si-presenta-al-logistics-summit\/","title":{"rendered":"Blut transportato e.V. si presenta al Logistics Summit"},"content":{"rendered":"<h5><strong>La pi\u00f9 grande azione di tipizzazione di quest&#8217;anno nel settore della logistica si preannuncia: nell&#8217;ambito del Logistics Summit 2023 a D\u00fcsseldorf, Blut transportato sar\u00e0 presente l&#8217;11 e il 12 ottobre. Qui l&#8217;associazione con radici a Osnabr\u00fcck intende richiamare l&#8217;attenzione sulla catena di approvvigionamento pi\u00f9 importante del mondo: il sistema circolatorio umano.<\/strong><\/h5>\n<p>(Osnabr\u00fcck) &#8220;Il Logistics Summit ci offre la piattaforma perfetta per sensibilizzare il settore della logistica sulla nostra causa&#8221;, spiega Nicolas Gallenkamp, presidente di Blut transportato e.V., che rappresenter\u00e0 l&#8217;iniziativa logistica insieme al suo team in loco. Sono attesi pi\u00f9 di 2.000 ospiti di lingua tedesca, che desiderano informarsi sulle tendenze e innovazioni digitali nella logistica presso 150 espositori.<\/p>\n<p>Direttamente all&#8217;ingresso dell&#8217;evento, l&#8217;associazione invita a visitare il suo spazio di azione. Qui i visitatori possono scoprire di pi\u00f9 sulle opportunit\u00e0 imprenditoriali per combattere le malattie del sistema ematopoietico. &#8220;Anche piccole azioni nelle aziende possono salvare vite e aiutare efficacemente contro le malattie del sistema ematopoietico&#8221;, sottolinea Gallenkamp.<\/p>\n<p>L&#8217;associazione \u00e8 supportata dal centro donatori di midollo osseo dell&#8217;ospedale universitario di D\u00fcsseldorf, che presenta la sua iniziativa &#8220;Life Lolli&#8221;. Con un lecca-lecca a forma di cuore, combinato con un bastoncino di cotone, si intende rendere appetibile la registrazione per una potenziale donazione di cellule staminali o midollo osseo.<\/p>\n<p>Per gli organizzatori dell&#8217;evento, la cooperazione \u00e8 una questione di cuore, afferma Thomas Promny, amministratore delegato di Logistics Summit GmbH: &#8220;Quali problemi pu\u00f2 affrontare una societ\u00e0 quando le catene di approvvigionamento globali vengono sconvolte da una nave portacontainer, un virus o il cambiamento climatico, lo abbiamo sperimentato in prima persona. Ma quando si tratta della propria salute, la catena di approvvigionamento &#8216;sangue&#8217; \u00e8 vitale.&#8221; Pertanto, \u00e8 essenziale continuare il lavoro di sensibilizzazione nel settore della logistica.<\/p>\n<h5>Assemblea dei membri in parallelo all&#8217;evento<\/h5>\n<p>Hendrik Kempfert, direttore dello sviluppo commerciale di Logistics Summit GmbH, sottolinea l&#8217;importanza di questo impegno e aggiunge: &#8220;La leucemia rappresenta per noi un&#8217;interruzione devastante di questa catena di approvvigionamento. L&#8217;unico rimedio sono spesso le cellule donatrici di un gemello genetico. Vogliamo contribuire affinch\u00e9 il maggior numero possibile di persone con la diagnosi di leucemia abbia la possibilit\u00e0 di guarire.&#8221;<\/p>\n<p>Durante il summit si svolger\u00e0 anche l&#8217;assemblea ordinaria dei membri di Blut transportato. &#8220;Questo offre numerose opportunit\u00e0 per scambi diretti e potenziali partnership&#8221;, afferma l&#8217;associazione. Infatti, la &#8220;catena di approvvigionamento delle buone azioni&#8221; non dovrebbe mai interrompersi.<br \/>\n<strong>Ulteriori informazioni sull&#8217;azione al:<\/strong> <a href=\"https:\/\/www.blut-transportiert.de\/logisticssummit\" target=\"_blank\" rel=\"noopener\">www.blut-transportiert.de\/logisticssummit<\/a><\/p>\n<p>Foto: \u00a9 Blut transportato e.V. \/ <strong><em>Didascalia dell&#8217;immagine: <\/em><\/strong><em>Presidente di Blut transportato e.V. Nicolas Gallenkamp (al centro) e il team di progetto <\/em><em>Susanne Foitzik (a sinistra) e Nina Konerding (a destra)<\/em><\/p>\n","protected":false},"excerpt":{"rendered":"<p>La pi\u00f9 grande azione di tipizzazione di quest&#8217;anno nel settore della logistica si preannuncia: nell&#8217;ambito del Logistics Summit 2023 a D\u00fcsseldorf, Blut transportato sar\u00e0 presente l&#8217;11<span class=\"excerpt-hellip\"> [\u2026]<\/span><\/p>\n","protected":false},"author":0,"featured_media":7561,"comment_status":"open","ping_status":"open","sticky":false,"template":"","format":"standard","meta":{"_acf_changed":false,"footnotes":""},"categories":[1557,1561],"tags":[],"class_list":["post-62759","post","type-post","status-publish","format-standard","has-post-thumbnail","hentry","category-forwarding-logistics","category-regions"],"acf":[],"yoast_head":"<!-- This site is optimized with the Yoast SEO plugin v27.3 - https:\/\/yoast.com\/product\/yoast-seo-wordpress\/ -->\n<title>Blut transportato e.V. si presenta al Logistics Summit - Loginfo24<\/title>\n<meta name=\"robots\" content=\"index, follow, max-snippet:-1, max-image-preview:large, max-video-preview:-1\" \/>\n<link rel=\"canonical\" href=\"https:\/\/loginfo24.com\/it\/2023\/09\/19\/blut-transportato-e-v-si-presenta-al-logistics-summit\/\" \/>\n<meta property=\"og:locale\" content=\"it_IT\" \/>\n<meta property=\"og:type\" content=\"article\" \/>\n<meta property=\"og:title\" content=\"Blut transportato e.V. si presenta al Logistics Summit - Loginfo24\" \/>\n<meta property=\"og:description\" content=\"La pi\u00f9 grande azione di tipizzazione di quest&#8217;anno nel settore della logistica si preannuncia: nell&#8217;ambito del Logistics Summit 2023 a D\u00fcsseldorf, Blut transportato sar\u00e0 presente l&#8217;11 [\u2026]\" \/>\n<meta property=\"og:url\" content=\"https:\/\/loginfo24.com\/it\/2023\/09\/19\/blut-transportato-e-v-si-presenta-al-logistics-summit\/\" \/>\n<meta property=\"og:site_name\" content=\"Loginfo24\" \/>\n<meta property=\"article:publisher\" content=\"https:\/\/www.facebook.com\/people\/Loginfo24\/100057360583332\/\" \/>\n<meta property=\"article:published_time\" content=\"2023-09-19T15:34:29+00:00\" \/>\n<meta property=\"og:image\" content=\"https:\/\/loginfo24.com\/wp-content\/uploads\/sites\/7\/2025\/12\/Blut_transportiert_19.9.23.jpg\" \/>\n\t<meta property=\"og:image:width\" content=\"1341\" \/>\n\t<meta property=\"og:image:height\" content=\"835\" \/>\n\t<meta property=\"og:image:type\" content=\"image\/jpeg\" \/>\n<meta name=\"twitter:card\" content=\"summary_large_image\" \/>\n<meta name=\"twitter:label1\" content=\"Tempo di lettura stimato\" \/>\n\t<meta name=\"twitter:data1\" content=\"2 minuto\" \/>\n<script type=\"application\/ld+json\" class=\"yoast-schema-graph\">{\"@context\":\"https:\\\/\\\/schema.org\",\"@graph\":[{\"@type\":\"Article\",\"@id\":\"https:\\\/\\\/loginfo24.com\\\/it\\\/2023\\\/09\\\/19\\\/blut-transportato-e-v-si-presenta-al-logistics-summit\\\/#article\",\"isPartOf\":{\"@id\":\"https:\\\/\\\/loginfo24.com\\\/it\\\/2023\\\/09\\\/19\\\/blut-transportato-e-v-si-presenta-al-logistics-summit\\\/\"},\"author\":{\"name\":\"\",\"@id\":\"\"},\"headline\":\"Blut transportato e.V. si presenta al Logistics Summit\",\"datePublished\":\"2023-09-19T15:34:29+00:00\",\"mainEntityOfPage\":{\"@id\":\"https:\\\/\\\/loginfo24.com\\\/it\\\/2023\\\/09\\\/19\\\/blut-transportato-e-v-si-presenta-al-logistics-summit\\\/\"},\"wordCount\":448,\"commentCount\":0,\"publisher\":{\"@id\":\"https:\\\/\\\/loginfo24.com\\\/it\\\/#organization\"},\"image\":{\"@id\":\"https:\\\/\\\/loginfo24.com\\\/it\\\/2023\\\/09\\\/19\\\/blut-transportato-e-v-si-presenta-al-logistics-summit\\\/#primaryimage\"},\"thumbnailUrl\":\"https:\\\/\\\/loginfo24.com\\\/wp-content\\\/uploads\\\/sites\\\/7\\\/2025\\\/12\\\/Blut_transportiert_19.9.23.jpg\",\"articleSection\":[\"Forwarding &amp; Logistics\",\"Regions\"],\"inLanguage\":\"it-IT\",\"potentialAction\":[{\"@type\":\"CommentAction\",\"name\":\"Comment\",\"target\":[\"https:\\\/\\\/loginfo24.com\\\/it\\\/2023\\\/09\\\/19\\\/blut-transportato-e-v-si-presenta-al-logistics-summit\\\/#respond\"]}]},{\"@type\":\"WebPage\",\"@id\":\"https:\\\/\\\/loginfo24.com\\\/it\\\/2023\\\/09\\\/19\\\/blut-transportato-e-v-si-presenta-al-logistics-summit\\\/\",\"url\":\"https:\\\/\\\/loginfo24.com\\\/it\\\/2023\\\/09\\\/19\\\/blut-transportato-e-v-si-presenta-al-logistics-summit\\\/\",\"name\":\"Blut transportato e.V. si presenta al Logistics Summit - Loginfo24\",\"isPartOf\":{\"@id\":\"https:\\\/\\\/loginfo24.com\\\/it\\\/#website\"},\"primaryImageOfPage\":{\"@id\":\"https:\\\/\\\/loginfo24.com\\\/it\\\/2023\\\/09\\\/19\\\/blut-transportato-e-v-si-presenta-al-logistics-summit\\\/#primaryimage\"},\"image\":{\"@id\":\"https:\\\/\\\/loginfo24.com\\\/it\\\/2023\\\/09\\\/19\\\/blut-transportato-e-v-si-presenta-al-logistics-summit\\\/#primaryimage\"},\"thumbnailUrl\":\"https:\\\/\\\/loginfo24.com\\\/wp-content\\\/uploads\\\/sites\\\/7\\\/2025\\\/12\\\/Blut_transportiert_19.9.23.jpg\",\"datePublished\":\"2023-09-19T15:34:29+00:00\",\"breadcrumb\":{\"@id\":\"https:\\\/\\\/loginfo24.com\\\/it\\\/2023\\\/09\\\/19\\\/blut-transportato-e-v-si-presenta-al-logistics-summit\\\/#breadcrumb\"},\"inLanguage\":\"it-IT\",\"potentialAction\":[{\"@type\":\"ReadAction\",\"target\":[\"https:\\\/\\\/loginfo24.com\\\/it\\\/2023\\\/09\\\/19\\\/blut-transportato-e-v-si-presenta-al-logistics-summit\\\/\"]}]},{\"@type\":\"ImageObject\",\"inLanguage\":\"it-IT\",\"@id\":\"https:\\\/\\\/loginfo24.com\\\/it\\\/2023\\\/09\\\/19\\\/blut-transportato-e-v-si-presenta-al-logistics-summit\\\/#primaryimage\",\"url\":\"https:\\\/\\\/loginfo24.com\\\/wp-content\\\/uploads\\\/sites\\\/7\\\/2025\\\/12\\\/Blut_transportiert_19.9.23.jpg\",\"contentUrl\":\"https:\\\/\\\/loginfo24.com\\\/wp-content\\\/uploads\\\/sites\\\/7\\\/2025\\\/12\\\/Blut_transportiert_19.9.23.jpg\",\"width\":1341,\"height\":835},{\"@type\":\"BreadcrumbList\",\"@id\":\"https:\\\/\\\/loginfo24.com\\\/it\\\/2023\\\/09\\\/19\\\/blut-transportato-e-v-si-presenta-al-logistics-summit\\\/#breadcrumb\",\"itemListElement\":[{\"@type\":\"ListItem\",\"position\":1,\"name\":\"Startseite\",\"item\":\"https:\\\/\\\/loginfo24.com\\\/it\\\/\"},{\"@type\":\"ListItem\",\"position\":2,\"name\":\"Blut transportato e.V. si presenta al Logistics Summit\"}]},{\"@type\":\"WebSite\",\"@id\":\"https:\\\/\\\/loginfo24.com\\\/it\\\/#website\",\"url\":\"https:\\\/\\\/loginfo24.com\\\/it\\\/\",\"name\":\"Loginfo24\",\"description\":\"Loginfo24 \u00e8 la piattaforma dedicata alla logistica e alle catene di fornitura con informazioni disponibili 24 ore su 24.\",\"publisher\":{\"@id\":\"https:\\\/\\\/loginfo24.com\\\/it\\\/#organization\"},\"potentialAction\":[{\"@type\":\"SearchAction\",\"target\":{\"@type\":\"EntryPoint\",\"urlTemplate\":\"https:\\\/\\\/loginfo24.com\\\/it\\\/?s={search_term_string}\"},\"query-input\":{\"@type\":\"PropertyValueSpecification\",\"valueRequired\":true,\"valueName\":\"search_term_string\"}}],\"inLanguage\":\"it-IT\"},{\"@type\":\"Organization\",\"@id\":\"https:\\\/\\\/loginfo24.com\\\/it\\\/#organization\",\"name\":\"Logismedia Group AG\",\"url\":\"https:\\\/\\\/loginfo24.com\\\/it\\\/\",\"logo\":{\"@type\":\"ImageObject\",\"inLanguage\":\"it-IT\",\"@id\":\"https:\\\/\\\/loginfo24.com\\\/it\\\/#\\\/schema\\\/logo\\\/image\\\/\",\"url\":\"https:\\\/\\\/loginfo24.com\\\/wp-content\\\/uploads\\\/sites\\\/7\\\/2026\\\/01\\\/Logo_LogInfo24.png\",\"contentUrl\":\"https:\\\/\\\/loginfo24.com\\\/wp-content\\\/uploads\\\/sites\\\/7\\\/2026\\\/01\\\/Logo_LogInfo24.png\",\"width\":938,\"height\":351,\"caption\":\"Logismedia Group AG\"},\"image\":{\"@id\":\"https:\\\/\\\/loginfo24.com\\\/it\\\/#\\\/schema\\\/logo\\\/image\\\/\"},\"sameAs\":[\"https:\\\/\\\/www.facebook.com\\\/people\\\/Loginfo24\\\/100057360583332\\\/\",\"https:\\\/\\\/www.linkedin.com\\\/company\\\/lofinfo24\\\/\"]}]}<\/script>\n<!-- \/ Yoast SEO plugin. -->","yoast_head_json":{"title":"Blut transportato e.V. si presenta al Logistics Summit - Loginfo24","robots":{"index":"index","follow":"follow","max-snippet":"max-snippet:-1","max-image-preview":"max-image-preview:large","max-video-preview":"max-video-preview:-1"},"canonical":"https:\/\/loginfo24.com\/it\/2023\/09\/19\/blut-transportato-e-v-si-presenta-al-logistics-summit\/","og_locale":"it_IT","og_type":"article","og_title":"Blut transportato e.V. si presenta al Logistics Summit - Loginfo24","og_description":"La pi\u00f9 grande azione di tipizzazione di quest&#8217;anno nel settore della logistica si preannuncia: nell&#8217;ambito del Logistics Summit 2023 a D\u00fcsseldorf, Blut transportato sar\u00e0 presente l&#8217;11 [\u2026]","og_url":"https:\/\/loginfo24.com\/it\/2023\/09\/19\/blut-transportato-e-v-si-presenta-al-logistics-summit\/","og_site_name":"Loginfo24","article_publisher":"https:\/\/www.facebook.com\/people\/Loginfo24\/100057360583332\/","article_published_time":"2023-09-19T15:34:29+00:00","og_image":[{"width":1341,"height":835,"url":"https:\/\/loginfo24.com\/wp-content\/uploads\/sites\/7\/2025\/12\/Blut_transportiert_19.9.23.jpg","type":"image\/jpeg"}],"twitter_card":"summary_large_image","twitter_misc":{"Tempo di lettura stimato":"2 minuto"},"schema":{"@context":"https:\/\/schema.org","@graph":[{"@type":"Article","@id":"https:\/\/loginfo24.com\/it\/2023\/09\/19\/blut-transportato-e-v-si-presenta-al-logistics-summit\/#article","isPartOf":{"@id":"https:\/\/loginfo24.com\/it\/2023\/09\/19\/blut-transportato-e-v-si-presenta-al-logistics-summit\/"},"author":{"name":"","@id":""},"headline":"Blut transportato e.V. si presenta al Logistics Summit","datePublished":"2023-09-19T15:34:29+00:00","mainEntityOfPage":{"@id":"https:\/\/loginfo24.com\/it\/2023\/09\/19\/blut-transportato-e-v-si-presenta-al-logistics-summit\/"},"wordCount":448,"commentCount":0,"publisher":{"@id":"https:\/\/loginfo24.com\/it\/#organization"},"image":{"@id":"https:\/\/loginfo24.com\/it\/2023\/09\/19\/blut-transportato-e-v-si-presenta-al-logistics-summit\/#primaryimage"},"thumbnailUrl":"https:\/\/loginfo24.com\/wp-content\/uploads\/sites\/7\/2025\/12\/Blut_transportiert_19.9.23.jpg","articleSection":["Forwarding &amp; Logistics","Regions"],"inLanguage":"it-IT","potentialAction":[{"@type":"CommentAction","name":"Comment","target":["https:\/\/loginfo24.com\/it\/2023\/09\/19\/blut-transportato-e-v-si-presenta-al-logistics-summit\/#respond"]}]},{"@type":"WebPage","@id":"https:\/\/loginfo24.com\/it\/2023\/09\/19\/blut-transportato-e-v-si-presenta-al-logistics-summit\/","url":"https:\/\/loginfo24.com\/it\/2023\/09\/19\/blut-transportato-e-v-si-presenta-al-logistics-summit\/","name":"Blut transportato e.V. si presenta al Logistics Summit - Loginfo24","isPartOf":{"@id":"https:\/\/loginfo24.com\/it\/#website"},"primaryImageOfPage":{"@id":"https:\/\/loginfo24.com\/it\/2023\/09\/19\/blut-transportato-e-v-si-presenta-al-logistics-summit\/#primaryimage"},"image":{"@id":"https:\/\/loginfo24.com\/it\/2023\/09\/19\/blut-transportato-e-v-si-presenta-al-logistics-summit\/#primaryimage"},"thumbnailUrl":"https:\/\/loginfo24.com\/wp-content\/uploads\/sites\/7\/2025\/12\/Blut_transportiert_19.9.23.jpg","datePublished":"2023-09-19T15:34:29+00:00","breadcrumb":{"@id":"https:\/\/loginfo24.com\/it\/2023\/09\/19\/blut-transportato-e-v-si-presenta-al-logistics-summit\/#breadcrumb"},"inLanguage":"it-IT","potentialAction":[{"@type":"ReadAction","target":["https:\/\/loginfo24.com\/it\/2023\/09\/19\/blut-transportato-e-v-si-presenta-al-logistics-summit\/"]}]},{"@type":"ImageObject","inLanguage":"it-IT","@id":"https:\/\/loginfo24.com\/it\/2023\/09\/19\/blut-transportato-e-v-si-presenta-al-logistics-summit\/#primaryimage","url":"https:\/\/loginfo24.com\/wp-content\/uploads\/sites\/7\/2025\/12\/Blut_transportiert_19.9.23.jpg","contentUrl":"https:\/\/loginfo24.com\/wp-content\/uploads\/sites\/7\/2025\/12\/Blut_transportiert_19.9.23.jpg","width":1341,"height":835},{"@type":"BreadcrumbList","@id":"https:\/\/loginfo24.com\/it\/2023\/09\/19\/blut-transportato-e-v-si-presenta-al-logistics-summit\/#breadcrumb","itemListElement":[{"@type":"ListItem","position":1,"name":"Startseite","item":"https:\/\/loginfo24.com\/it\/"},{"@type":"ListItem","position":2,"name":"Blut transportato e.V. si presenta al Logistics Summit"}]},{"@type":"WebSite","@id":"https:\/\/loginfo24.com\/it\/#website","url":"https:\/\/loginfo24.com\/it\/","name":"Loginfo24","description":"Loginfo24 \u00e8 la piattaforma dedicata alla logistica e alle catene di fornitura con informazioni disponibili 24 ore su 24.","publisher":{"@id":"https:\/\/loginfo24.com\/it\/#organization"},"potentialAction":[{"@type":"SearchAction","target":{"@type":"EntryPoint","urlTemplate":"https:\/\/loginfo24.com\/it\/?s={search_term_string}"},"query-input":{"@type":"PropertyValueSpecification","valueRequired":true,"valueName":"search_term_string"}}],"inLanguage":"it-IT"},{"@type":"Organization","@id":"https:\/\/loginfo24.com\/it\/#organization","name":"Logismedia Group AG","url":"https:\/\/loginfo24.com\/it\/","logo":{"@type":"ImageObject","inLanguage":"it-IT","@id":"https:\/\/loginfo24.com\/it\/#\/schema\/logo\/image\/","url":"https:\/\/loginfo24.com\/wp-content\/uploads\/sites\/7\/2026\/01\/Logo_LogInfo24.png","contentUrl":"https:\/\/loginfo24.com\/wp-content\/uploads\/sites\/7\/2026\/01\/Logo_LogInfo24.png","width":938,"height":351,"caption":"Logismedia Group AG"},"image":{"@id":"https:\/\/loginfo24.com\/it\/#\/schema\/logo\/image\/"},"sameAs":["https:\/\/www.facebook.com\/people\/Loginfo24\/100057360583332\/","https:\/\/www.linkedin.com\/company\/lofinfo24\/"]}]}},"_links":{"self":[{"href":"https:\/\/loginfo24.com\/it\/wp-json\/wp\/v2\/posts\/62759","targetHints":{"allow":["GET"]}}],"collection":[{"href":"https:\/\/loginfo24.com\/it\/wp-json\/wp\/v2\/posts"}],"about":[{"href":"https:\/\/loginfo24.com\/it\/wp-json\/wp\/v2\/types\/post"}],"replies":[{"embeddable":true,"href":"https:\/\/loginfo24.com\/it\/wp-json\/wp\/v2\/comments?post=62759"}],"version-history":[{"count":0,"href":"https:\/\/loginfo24.com\/it\/wp-json\/wp\/v2\/posts\/62759\/revisions"}],"wp:featuredmedia":[{"embeddable":true,"href":"https:\/\/loginfo24.com\/it\/wp-json\/wp\/v2\/media\/7561"}],"wp:attachment":[{"href":"https:\/\/loginfo24.com\/it\/wp-json\/wp\/v2\/media?parent=62759"}],"wp:term":[{"taxonomy":"category","embeddable":true,"href":"https:\/\/loginfo24.com\/it\/wp-json\/wp\/v2\/categories?post=62759"},{"taxonomy":"post_tag","embeddable":true,"href":"https:\/\/loginfo24.com\/it\/wp-json\/wp\/v2\/tags?post=62759"}],"curies":[{"name":"wp","href":"https:\/\/api.w.org\/{rel}","templated":true}]}}