{"id":61514,"date":"2023-05-22T17:45:29","date_gmt":"2023-05-22T15:45:29","guid":{"rendered":"https:\/\/blog.brand-architecture.at\/2023\/05\/22\/la-produzione-del-nuovo-fuso-ecanter-inizia-in-portogallo\/"},"modified":"2023-05-22T17:45:29","modified_gmt":"2023-05-22T15:45:29","slug":"la-produzione-del-nuovo-fuso-ecanter-inizia-in-portogallo","status":"publish","type":"post","link":"https:\/\/loginfo24.com\/it\/2023\/05\/22\/la-produzione-del-nuovo-fuso-ecanter-inizia-in-portogallo\/","title":{"rendered":"La produzione del nuovo FUSO eCanter inizia in Portogallo"},"content":{"rendered":"<div class=\"uiTruncateProperties uiTruncatedLinesWrap\">\n<div class=\"topicText property-value DAIMLER_NMS_PRESS_TEXT_PRESS_ARTICLE\">\n<h5>Pi\u00f9 potente, ancora pi\u00f9 efficiente, maggiore autonomia \u2013 con una grande variet\u00e0 di applicazioni e un funzionamento neutro in CO<sub>2<\/sub>: cos\u00ec si pu\u00f2 riassumere il Next Generation eCanter di FUSO. Dopo la prima europea in occasione dell&#8217;IAA Transportation di Hannover nel settembre 2022, la filiale di Daimler Truck FUSO celebra l&#8217;inizio della produzione del camion leggero completamente elettrico in Europa.<\/h5>\n<p>(Leinfelden-Echterdingen\/Tramagal) Durante l&#8217;evento presso lo stabilimento di produzione Mitsubishi FUSO Europe (&#8220;MFTE&#8221;) a Tramagal, in Portogallo, in occasione del lancio della produzione del primo Next Generation eCanter prodotto in Europa, si sono riuniti rappresentanti dell&#8217;azienda e ospiti del mondo politico ed economico.<\/p>\n<p>Per Karl Deppen, CEO di Daimler Truck Asia, l&#8217;inizio della produzione del FUSO eCanter segna una pietra miliare: &#8220;Noi di Daimler Truck ci impegniamo per l&#8217;Accordo di Parigi sul clima e vogliamo rendere il trasporto sostenibile un successo. Vogliamo offrire solo veicoli neutri in CO<sub>2<\/sub> nei nostri mercati principali globali entro il 2039. Con la nuova generazione dell&#8217;eCanter qui da Tramagal, rendiamo particolarmente semplice per i nostri clienti la transizione verso la mobilit\u00e0 elettrica. Facciamo un passo importante verso il trasporto neutro in CO<sub>2<\/sub>.&#8221;<\/p>\n<p>Durante l&#8217;evento, Karl Deppen, insieme ad Arne Barden, CEO di MFTE, ha annunciato con orgoglio un&#8217;altra impressionante pietra miliare dello stabilimento di Tramagal con il 250.000\u00b0 FUSO Canter prodotto in loco. Arne Barden: &#8220;Il team MFTE \u00e8 orgoglioso di costruire qui a Tramagal il leggendario FUSO Canter ormai nella sua quinta generazione! Un grande grazie al team altamente motivato che ha gestito con successo il lancio del Next Generation eCanter!&#8221; Lo stabilimento MFTE di Tramagal produce il FUSO Canter dal 1980.<\/p>\n<p>Gi\u00e0 prima dell&#8217;evento, i rappresentanti dei media hanno avuto l&#8217;opportunit\u00e0 di vivere da vicino i nuovi veicoli nell&#8217;ambito di una visita allo stabilimento, cos\u00ec come di un esclusivo evento di guida presso l&#8217;Aut\u00f3dromo do Estoril e sulle strade pubbliche circostanti, per farsi un&#8217;idea delle prestazioni del Next Generation eCanter. Durante l&#8217;evento di guida, gli esperti di FUSO Europe hanno fornito approfondimenti dettagliati sulla variet\u00e0 di applicazioni del nuovo veicolo e hanno informato sulle soluzioni di mobilit\u00e0 elettrica personalizzate.<\/p>\n<h5><strong>Il Next Generation eCanter: pioniere del trasporto sostenibile<\/strong><\/h5>\n<p>Dal lancio dell&#8217;eCanter nel 2017, FUSO, la filiale giapponese di Daimler Truck, \u00e8 considerata un pioniere e un precursore nei camion elettrici e lavora costantemente all&#8217;implementazione di soluzioni di trasporto sostenibili. Attualmente, in Europa, Giappone, Stati Uniti, Australia e Nuova Zelanda sono in uso oltre 550 FUSO eCanter. La distanza totale percorsa dalla flotta globale di eCanter, completamente elettrica e quindi localmente priva di emissioni, \u00e8 ora di circa otto milioni di chilometri \u2013 equivalenti a circa 200 volte il giro del mondo. Il Next Generation eCanter continua questa storia di successo a un nuovo livello. Gi\u00e0 nel primo trimestre del 2023, \u00e8 iniziata la produzione del camion leggero elettrico nello stabilimento gemello di Kawasaki, in Giappone. Kawasaki fornisce il FUSO Next Generation eCanter in Giappone e in tutti gli altri mercati extraeuropei nel mondo.<\/p>\n<p>In Europa, la vendita del FUSO Next Generation eCanter inizia inizialmente in 17 mercati (Francia, Spagna, Portogallo, Italia, Regno Unito, Irlanda, Germania, Austria, Svizzera, Belgio, Repubblica Ceca, Danimarca, Svezia, Finlandia, Slovacchia, Grecia e Polonia).<\/p>\n<h5><strong><img loading=\"lazy\" decoding=\"async\" class=\"alignnone wp-image-23123 size-full\" src=\"https:\/\/loginfo24.com\/wp-content\/uploads\/sites\/7\/2025\/12\/FUSO_22.5.23_2.jpg\" alt=\"\" width=\"1461\" height=\"680\" \/>Pi\u00f9 varianti per maggiore flessibilit\u00e0<\/strong><\/h5>\n<p>Per soddisfare meglio le esigenze dei clienti, FUSO ha apportato diverse modifiche al Next Generation eCanter. Mentre il precedente camion elettrico era disponibile esclusivamente come 7,49 tonnellate con un passo di 3.400 millimetri, ora i clienti possono scegliere tra sei passi da 2.500 a 4.750 millimetri e un peso totale ammesso da 4,25 a 8,55 tonnellate. La capacit\u00e0 di carico dei telai \u00e8 fino a 5 tonnellate. Il Next Generation eCanter \u00e8 alimentato da un motore elettrico da 110 kW (varianti con peso totale di 4,25 e 6 tonnellate) o 129 kW (varianti con peso totale di 7,49 e 8,55 tonnellate) con un sistema di trasmissione ottimizzato e 430 Nm di coppia, la velocit\u00e0 massima \u00e8 di 89 km\/h (limitata).<\/p>\n<p>A seconda del passo, sono disponibili tre diversi pacchetti batteria: S, M e L. Le batterie utilizzano la tecnologia delle celle di fosfato di ferro-litio (LFP). Queste si distinguono soprattutto per una lunga durata e una maggiore energia utilizzabile. Il pacchetto batteria nella variante S ha una capacit\u00e0 nominale di 41 kWh e consente un&#8217;autonomia fino a 70 chilometri. Nella variante M, la capacit\u00e0 nominale \u00e8 di 83 kWh, l&#8217;autonomia \u00e8 fino a 140 chilometri. La variante L, come pacchetto pi\u00f9 potente, offre una capacit\u00e0 nominale di 124 kWh e un&#8217;autonomia fino a 200 chilometri. Questo \u00e8 molto pi\u00f9 della distanza normalmente percorsa nel trasporto leggero di distribuzione in un giorno. Grazie alla rigenerazione, l&#8217;autonomia pu\u00f2 essere ulteriormente aumentata, riducendo al contempo le pause di ricarica. A titolo di confronto: fino ad ora, l&#8217;eCanter aveva solo un&#8217;opzione di batteria con una capacit\u00e0 nominale di 81 kWh e un&#8217;autonomia fino a 100 chilometri.<\/p>\n<p>Per quanto riguarda la ricarica delle batterie, il Next Generation eCanter \u00e8 compatibile con tutte le tensioni di rete dei principali mercati. L&#8217;unit\u00e0 di ricarica supporta la ricarica sia in corrente alternata (AC) che in corrente continua (DC). Lo standard di ricarica \u00e8 il Combined Charging System CCS, e pu\u00f2 essere ricaricato fino a 104 kW. Una ricarica rapida in DC dal 20 all&#8217;80% della capacit\u00e0 \u00e8 possibile, a seconda del pacchetto batteria, in circa 24 (S), 26 (M) e 39 minuti (L), mentre una ricarica in AC (11 e 22 kW) richiede, a seconda del pacchetto batteria, tra circa quattro e sei ore.<\/p>\n<h5><strong>Stabilimento di Tramagal: pioniere nella sostenibilit\u00e0<\/strong><\/h5>\n<p>Come parte della sua strategia complessiva sostenibile, lo stabilimento MFTE di Tramagal ha gi\u00e0 ridotto con successo le sue emissioni di CO<sub>2<\/sub> negli ultimi anni e, alla fine del 2022, ha raggiunto la neutralit\u00e0 di CO<sub>2<\/sub> nella produzione. Per raggiungere questo traguardo, MFTE ha ampliato continuamente l&#8217;uso di fonti di energia rinnovabile e ha completato la transizione verso fonti di energia verde. 1.200 pannelli solari sui tetti delle strutture producono fino a 350 megawatt di elettricit\u00e0 all&#8217;anno. Per il futuro, si prevede una produzione di energia fino a 600 megawatt. Lo stabilimento sta testando, oltre all&#8217;espansione degli impianti fotovoltaici, anche tecnologie per la produzione locale di idrogeno verde.<\/p>\n<p>La riduzione del consumo d&#8217;acqua \u00e8 un&#8217;altra misura nel campo della sostenibilit\u00e0 che lo stabilimento ha in programma: un nuovo impianto di trattamento delle acque sta gi\u00e0 trattando oltre il 60% delle acque reflue e le reimmette nel ciclo produttivo. Allo stesso tempo, \u00e8 in fase di lavoro un sistema ottimizzato di raccolta dell&#8217;acqua piovana per un&#8217;irrigazione pi\u00f9 sostenibile delle aree verdi.<\/p>\n<p>Mitsubishi FUSO Europe impiega circa 500 dipendenti a Tramagal. L&#8217;azienda \u00e8 il pi\u00f9 grande datore di lavoro della regione. Da Portogallo, i veicoli vengono inviati in 32 paesi europei e in Marocco. Mitsubishi FUSO Truck Europe \u00e8 un importante esportatore e il terzo produttore di veicoli in Portogallo.<\/p>\n<h5>90 fornitori europei diversi<\/h5>\n<p>&#8220;Made in Europe&#8221; non si riferisce solo all&#8217;assemblaggio dei veicoli nel FUSO Next Generation eCanter: oltre il 50% dei componenti del camion elettrico proviene da oltre 90 fornitori europei diversi. In linea con la produzione del FUSO eCanter completamente elettrico, MFTE ha anche iniziato a convertire gradualmente l&#8217;intero parco logistico e di magazzino interno verso veicoli elettrici a emissioni locali zero.<\/p>\n<p>Foto: \u00a9 Daimler Truck<\/p>\n<\/div>\n<\/div>\n","protected":false},"excerpt":{"rendered":"<p>Pi\u00f9 potente, ancora pi\u00f9 efficiente, maggiore autonomia \u2013 con una grande variet\u00e0 di applicazioni e un funzionamento neutro in CO2: cos\u00ec si pu\u00f2 riassumere il Next<span class=\"excerpt-hellip\"> [\u2026]<\/span><\/p>\n","protected":false},"author":0,"featured_media":8117,"comment_status":"open","ping_status":"open","sticky":false,"template":"","format":"standard","meta":{"_acf_changed":false,"footnotes":""},"categories":[1557,1561],"tags":[],"class_list":["post-61514","post","type-post","status-publish","format-standard","has-post-thumbnail","hentry","category-forwarding-logistics","category-regions"],"acf":[],"yoast_head":"<!-- This site is optimized with the Yoast SEO plugin v27.3 - https:\/\/yoast.com\/product\/yoast-seo-wordpress\/ -->\n<title>La produzione del nuovo FUSO eCanter inizia in Portogallo - Loginfo24<\/title>\n<meta name=\"robots\" content=\"index, follow, max-snippet:-1, max-image-preview:large, max-video-preview:-1\" \/>\n<link rel=\"canonical\" href=\"https:\/\/loginfo24.com\/it\/2023\/05\/22\/la-produzione-del-nuovo-fuso-ecanter-inizia-in-portogallo\/\" \/>\n<meta property=\"og:locale\" content=\"it_IT\" \/>\n<meta property=\"og:type\" content=\"article\" \/>\n<meta property=\"og:title\" content=\"La produzione del nuovo FUSO eCanter inizia in Portogallo - Loginfo24\" \/>\n<meta property=\"og:description\" content=\"Pi\u00f9 potente, ancora pi\u00f9 efficiente, maggiore autonomia \u2013 con una grande variet\u00e0 di applicazioni e un funzionamento neutro in CO2: cos\u00ec si pu\u00f2 riassumere il Next [\u2026]\" \/>\n<meta property=\"og:url\" content=\"https:\/\/loginfo24.com\/it\/2023\/05\/22\/la-produzione-del-nuovo-fuso-ecanter-inizia-in-portogallo\/\" \/>\n<meta property=\"og:site_name\" content=\"Loginfo24\" \/>\n<meta property=\"article:publisher\" content=\"https:\/\/www.facebook.com\/people\/Loginfo24\/100057360583332\/\" \/>\n<meta property=\"article:published_time\" content=\"2023-05-22T15:45:29+00:00\" \/>\n<meta property=\"og:image\" content=\"https:\/\/loginfo24.com\/wp-content\/uploads\/sites\/7\/2025\/12\/FUSO_22.5.23.jpg\" \/>\n\t<meta property=\"og:image:width\" content=\"1453\" \/>\n\t<meta property=\"og:image:height\" content=\"795\" \/>\n\t<meta property=\"og:image:type\" content=\"image\/jpeg\" \/>\n<meta name=\"twitter:card\" content=\"summary_large_image\" \/>\n<meta name=\"twitter:label1\" content=\"Tempo di lettura stimato\" \/>\n\t<meta name=\"twitter:data1\" content=\"6 minuto\" \/>\n<script type=\"application\/ld+json\" class=\"yoast-schema-graph\">{\"@context\":\"https:\\\/\\\/schema.org\",\"@graph\":[{\"@type\":\"Article\",\"@id\":\"https:\\\/\\\/loginfo24.com\\\/it\\\/2023\\\/05\\\/22\\\/la-produzione-del-nuovo-fuso-ecanter-inizia-in-portogallo\\\/#article\",\"isPartOf\":{\"@id\":\"https:\\\/\\\/loginfo24.com\\\/it\\\/2023\\\/05\\\/22\\\/la-produzione-del-nuovo-fuso-ecanter-inizia-in-portogallo\\\/\"},\"author\":{\"name\":\"\",\"@id\":\"\"},\"headline\":\"La produzione del nuovo FUSO eCanter inizia in Portogallo\",\"datePublished\":\"2023-05-22T15:45:29+00:00\",\"mainEntityOfPage\":{\"@id\":\"https:\\\/\\\/loginfo24.com\\\/it\\\/2023\\\/05\\\/22\\\/la-produzione-del-nuovo-fuso-ecanter-inizia-in-portogallo\\\/\"},\"wordCount\":1174,\"commentCount\":0,\"publisher\":{\"@id\":\"https:\\\/\\\/loginfo24.com\\\/it\\\/#organization\"},\"image\":{\"@id\":\"https:\\\/\\\/loginfo24.com\\\/it\\\/2023\\\/05\\\/22\\\/la-produzione-del-nuovo-fuso-ecanter-inizia-in-portogallo\\\/#primaryimage\"},\"thumbnailUrl\":\"https:\\\/\\\/loginfo24.com\\\/wp-content\\\/uploads\\\/sites\\\/7\\\/2025\\\/12\\\/FUSO_22.5.23.jpg\",\"articleSection\":[\"Forwarding &amp; Logistics\",\"Regions\"],\"inLanguage\":\"it-IT\",\"potentialAction\":[{\"@type\":\"CommentAction\",\"name\":\"Comment\",\"target\":[\"https:\\\/\\\/loginfo24.com\\\/it\\\/2023\\\/05\\\/22\\\/la-produzione-del-nuovo-fuso-ecanter-inizia-in-portogallo\\\/#respond\"]}]},{\"@type\":\"WebPage\",\"@id\":\"https:\\\/\\\/loginfo24.com\\\/it\\\/2023\\\/05\\\/22\\\/la-produzione-del-nuovo-fuso-ecanter-inizia-in-portogallo\\\/\",\"url\":\"https:\\\/\\\/loginfo24.com\\\/it\\\/2023\\\/05\\\/22\\\/la-produzione-del-nuovo-fuso-ecanter-inizia-in-portogallo\\\/\",\"name\":\"La produzione del nuovo FUSO eCanter inizia in Portogallo - Loginfo24\",\"isPartOf\":{\"@id\":\"https:\\\/\\\/loginfo24.com\\\/it\\\/#website\"},\"primaryImageOfPage\":{\"@id\":\"https:\\\/\\\/loginfo24.com\\\/it\\\/2023\\\/05\\\/22\\\/la-produzione-del-nuovo-fuso-ecanter-inizia-in-portogallo\\\/#primaryimage\"},\"image\":{\"@id\":\"https:\\\/\\\/loginfo24.com\\\/it\\\/2023\\\/05\\\/22\\\/la-produzione-del-nuovo-fuso-ecanter-inizia-in-portogallo\\\/#primaryimage\"},\"thumbnailUrl\":\"https:\\\/\\\/loginfo24.com\\\/wp-content\\\/uploads\\\/sites\\\/7\\\/2025\\\/12\\\/FUSO_22.5.23.jpg\",\"datePublished\":\"2023-05-22T15:45:29+00:00\",\"breadcrumb\":{\"@id\":\"https:\\\/\\\/loginfo24.com\\\/it\\\/2023\\\/05\\\/22\\\/la-produzione-del-nuovo-fuso-ecanter-inizia-in-portogallo\\\/#breadcrumb\"},\"inLanguage\":\"it-IT\",\"potentialAction\":[{\"@type\":\"ReadAction\",\"target\":[\"https:\\\/\\\/loginfo24.com\\\/it\\\/2023\\\/05\\\/22\\\/la-produzione-del-nuovo-fuso-ecanter-inizia-in-portogallo\\\/\"]}]},{\"@type\":\"ImageObject\",\"inLanguage\":\"it-IT\",\"@id\":\"https:\\\/\\\/loginfo24.com\\\/it\\\/2023\\\/05\\\/22\\\/la-produzione-del-nuovo-fuso-ecanter-inizia-in-portogallo\\\/#primaryimage\",\"url\":\"https:\\\/\\\/loginfo24.com\\\/wp-content\\\/uploads\\\/sites\\\/7\\\/2025\\\/12\\\/FUSO_22.5.23.jpg\",\"contentUrl\":\"https:\\\/\\\/loginfo24.com\\\/wp-content\\\/uploads\\\/sites\\\/7\\\/2025\\\/12\\\/FUSO_22.5.23.jpg\",\"width\":1453,\"height\":795},{\"@type\":\"BreadcrumbList\",\"@id\":\"https:\\\/\\\/loginfo24.com\\\/it\\\/2023\\\/05\\\/22\\\/la-produzione-del-nuovo-fuso-ecanter-inizia-in-portogallo\\\/#breadcrumb\",\"itemListElement\":[{\"@type\":\"ListItem\",\"position\":1,\"name\":\"Startseite\",\"item\":\"https:\\\/\\\/loginfo24.com\\\/it\\\/\"},{\"@type\":\"ListItem\",\"position\":2,\"name\":\"La produzione del nuovo FUSO eCanter inizia in Portogallo\"}]},{\"@type\":\"WebSite\",\"@id\":\"https:\\\/\\\/loginfo24.com\\\/it\\\/#website\",\"url\":\"https:\\\/\\\/loginfo24.com\\\/it\\\/\",\"name\":\"Loginfo24\",\"description\":\"Loginfo24 \u00e8 la piattaforma dedicata alla logistica e alle catene di fornitura con informazioni disponibili 24 ore su 24.\",\"publisher\":{\"@id\":\"https:\\\/\\\/loginfo24.com\\\/it\\\/#organization\"},\"potentialAction\":[{\"@type\":\"SearchAction\",\"target\":{\"@type\":\"EntryPoint\",\"urlTemplate\":\"https:\\\/\\\/loginfo24.com\\\/it\\\/?s={search_term_string}\"},\"query-input\":{\"@type\":\"PropertyValueSpecification\",\"valueRequired\":true,\"valueName\":\"search_term_string\"}}],\"inLanguage\":\"it-IT\"},{\"@type\":\"Organization\",\"@id\":\"https:\\\/\\\/loginfo24.com\\\/it\\\/#organization\",\"name\":\"Logismedia Group AG\",\"url\":\"https:\\\/\\\/loginfo24.com\\\/it\\\/\",\"logo\":{\"@type\":\"ImageObject\",\"inLanguage\":\"it-IT\",\"@id\":\"https:\\\/\\\/loginfo24.com\\\/it\\\/#\\\/schema\\\/logo\\\/image\\\/\",\"url\":\"https:\\\/\\\/loginfo24.com\\\/wp-content\\\/uploads\\\/sites\\\/7\\\/2026\\\/01\\\/Logo_LogInfo24.png\",\"contentUrl\":\"https:\\\/\\\/loginfo24.com\\\/wp-content\\\/uploads\\\/sites\\\/7\\\/2026\\\/01\\\/Logo_LogInfo24.png\",\"width\":938,\"height\":351,\"caption\":\"Logismedia Group AG\"},\"image\":{\"@id\":\"https:\\\/\\\/loginfo24.com\\\/it\\\/#\\\/schema\\\/logo\\\/image\\\/\"},\"sameAs\":[\"https:\\\/\\\/www.facebook.com\\\/people\\\/Loginfo24\\\/100057360583332\\\/\",\"https:\\\/\\\/www.linkedin.com\\\/company\\\/lofinfo24\\\/\"]}]}<\/script>\n<!-- \/ Yoast SEO plugin. -->","yoast_head_json":{"title":"La produzione del nuovo FUSO eCanter inizia in Portogallo - Loginfo24","robots":{"index":"index","follow":"follow","max-snippet":"max-snippet:-1","max-image-preview":"max-image-preview:large","max-video-preview":"max-video-preview:-1"},"canonical":"https:\/\/loginfo24.com\/it\/2023\/05\/22\/la-produzione-del-nuovo-fuso-ecanter-inizia-in-portogallo\/","og_locale":"it_IT","og_type":"article","og_title":"La produzione del nuovo FUSO eCanter inizia in Portogallo - Loginfo24","og_description":"Pi\u00f9 potente, ancora pi\u00f9 efficiente, maggiore autonomia \u2013 con una grande variet\u00e0 di applicazioni e un funzionamento neutro in CO2: cos\u00ec si pu\u00f2 riassumere il Next [\u2026]","og_url":"https:\/\/loginfo24.com\/it\/2023\/05\/22\/la-produzione-del-nuovo-fuso-ecanter-inizia-in-portogallo\/","og_site_name":"Loginfo24","article_publisher":"https:\/\/www.facebook.com\/people\/Loginfo24\/100057360583332\/","article_published_time":"2023-05-22T15:45:29+00:00","og_image":[{"width":1453,"height":795,"url":"https:\/\/loginfo24.com\/wp-content\/uploads\/sites\/7\/2025\/12\/FUSO_22.5.23.jpg","type":"image\/jpeg"}],"twitter_card":"summary_large_image","twitter_misc":{"Tempo di lettura stimato":"6 minuto"},"schema":{"@context":"https:\/\/schema.org","@graph":[{"@type":"Article","@id":"https:\/\/loginfo24.com\/it\/2023\/05\/22\/la-produzione-del-nuovo-fuso-ecanter-inizia-in-portogallo\/#article","isPartOf":{"@id":"https:\/\/loginfo24.com\/it\/2023\/05\/22\/la-produzione-del-nuovo-fuso-ecanter-inizia-in-portogallo\/"},"author":{"name":"","@id":""},"headline":"La produzione del nuovo FUSO eCanter inizia in Portogallo","datePublished":"2023-05-22T15:45:29+00:00","mainEntityOfPage":{"@id":"https:\/\/loginfo24.com\/it\/2023\/05\/22\/la-produzione-del-nuovo-fuso-ecanter-inizia-in-portogallo\/"},"wordCount":1174,"commentCount":0,"publisher":{"@id":"https:\/\/loginfo24.com\/it\/#organization"},"image":{"@id":"https:\/\/loginfo24.com\/it\/2023\/05\/22\/la-produzione-del-nuovo-fuso-ecanter-inizia-in-portogallo\/#primaryimage"},"thumbnailUrl":"https:\/\/loginfo24.com\/wp-content\/uploads\/sites\/7\/2025\/12\/FUSO_22.5.23.jpg","articleSection":["Forwarding &amp; Logistics","Regions"],"inLanguage":"it-IT","potentialAction":[{"@type":"CommentAction","name":"Comment","target":["https:\/\/loginfo24.com\/it\/2023\/05\/22\/la-produzione-del-nuovo-fuso-ecanter-inizia-in-portogallo\/#respond"]}]},{"@type":"WebPage","@id":"https:\/\/loginfo24.com\/it\/2023\/05\/22\/la-produzione-del-nuovo-fuso-ecanter-inizia-in-portogallo\/","url":"https:\/\/loginfo24.com\/it\/2023\/05\/22\/la-produzione-del-nuovo-fuso-ecanter-inizia-in-portogallo\/","name":"La produzione del nuovo FUSO eCanter inizia in Portogallo - Loginfo24","isPartOf":{"@id":"https:\/\/loginfo24.com\/it\/#website"},"primaryImageOfPage":{"@id":"https:\/\/loginfo24.com\/it\/2023\/05\/22\/la-produzione-del-nuovo-fuso-ecanter-inizia-in-portogallo\/#primaryimage"},"image":{"@id":"https:\/\/loginfo24.com\/it\/2023\/05\/22\/la-produzione-del-nuovo-fuso-ecanter-inizia-in-portogallo\/#primaryimage"},"thumbnailUrl":"https:\/\/loginfo24.com\/wp-content\/uploads\/sites\/7\/2025\/12\/FUSO_22.5.23.jpg","datePublished":"2023-05-22T15:45:29+00:00","breadcrumb":{"@id":"https:\/\/loginfo24.com\/it\/2023\/05\/22\/la-produzione-del-nuovo-fuso-ecanter-inizia-in-portogallo\/#breadcrumb"},"inLanguage":"it-IT","potentialAction":[{"@type":"ReadAction","target":["https:\/\/loginfo24.com\/it\/2023\/05\/22\/la-produzione-del-nuovo-fuso-ecanter-inizia-in-portogallo\/"]}]},{"@type":"ImageObject","inLanguage":"it-IT","@id":"https:\/\/loginfo24.com\/it\/2023\/05\/22\/la-produzione-del-nuovo-fuso-ecanter-inizia-in-portogallo\/#primaryimage","url":"https:\/\/loginfo24.com\/wp-content\/uploads\/sites\/7\/2025\/12\/FUSO_22.5.23.jpg","contentUrl":"https:\/\/loginfo24.com\/wp-content\/uploads\/sites\/7\/2025\/12\/FUSO_22.5.23.jpg","width":1453,"height":795},{"@type":"BreadcrumbList","@id":"https:\/\/loginfo24.com\/it\/2023\/05\/22\/la-produzione-del-nuovo-fuso-ecanter-inizia-in-portogallo\/#breadcrumb","itemListElement":[{"@type":"ListItem","position":1,"name":"Startseite","item":"https:\/\/loginfo24.com\/it\/"},{"@type":"ListItem","position":2,"name":"La produzione del nuovo FUSO eCanter inizia in Portogallo"}]},{"@type":"WebSite","@id":"https:\/\/loginfo24.com\/it\/#website","url":"https:\/\/loginfo24.com\/it\/","name":"Loginfo24","description":"Loginfo24 \u00e8 la piattaforma dedicata alla logistica e alle catene di fornitura con informazioni disponibili 24 ore su 24.","publisher":{"@id":"https:\/\/loginfo24.com\/it\/#organization"},"potentialAction":[{"@type":"SearchAction","target":{"@type":"EntryPoint","urlTemplate":"https:\/\/loginfo24.com\/it\/?s={search_term_string}"},"query-input":{"@type":"PropertyValueSpecification","valueRequired":true,"valueName":"search_term_string"}}],"inLanguage":"it-IT"},{"@type":"Organization","@id":"https:\/\/loginfo24.com\/it\/#organization","name":"Logismedia Group AG","url":"https:\/\/loginfo24.com\/it\/","logo":{"@type":"ImageObject","inLanguage":"it-IT","@id":"https:\/\/loginfo24.com\/it\/#\/schema\/logo\/image\/","url":"https:\/\/loginfo24.com\/wp-content\/uploads\/sites\/7\/2026\/01\/Logo_LogInfo24.png","contentUrl":"https:\/\/loginfo24.com\/wp-content\/uploads\/sites\/7\/2026\/01\/Logo_LogInfo24.png","width":938,"height":351,"caption":"Logismedia Group AG"},"image":{"@id":"https:\/\/loginfo24.com\/it\/#\/schema\/logo\/image\/"},"sameAs":["https:\/\/www.facebook.com\/people\/Loginfo24\/100057360583332\/","https:\/\/www.linkedin.com\/company\/lofinfo24\/"]}]}},"_links":{"self":[{"href":"https:\/\/loginfo24.com\/it\/wp-json\/wp\/v2\/posts\/61514","targetHints":{"allow":["GET"]}}],"collection":[{"href":"https:\/\/loginfo24.com\/it\/wp-json\/wp\/v2\/posts"}],"about":[{"href":"https:\/\/loginfo24.com\/it\/wp-json\/wp\/v2\/types\/post"}],"replies":[{"embeddable":true,"href":"https:\/\/loginfo24.com\/it\/wp-json\/wp\/v2\/comments?post=61514"}],"version-history":[{"count":0,"href":"https:\/\/loginfo24.com\/it\/wp-json\/wp\/v2\/posts\/61514\/revisions"}],"wp:featuredmedia":[{"embeddable":true,"href":"https:\/\/loginfo24.com\/it\/wp-json\/wp\/v2\/media\/8117"}],"wp:attachment":[{"href":"https:\/\/loginfo24.com\/it\/wp-json\/wp\/v2\/media?parent=61514"}],"wp:term":[{"taxonomy":"category","embeddable":true,"href":"https:\/\/loginfo24.com\/it\/wp-json\/wp\/v2\/categories?post=61514"},{"taxonomy":"post_tag","embeddable":true,"href":"https:\/\/loginfo24.com\/it\/wp-json\/wp\/v2\/tags?post=61514"}],"curies":[{"name":"wp","href":"https:\/\/api.w.org\/{rel}","templated":true}]}}