{"id":60664,"date":"2023-02-21T15:10:09","date_gmt":"2023-02-21T14:10:09","guid":{"rendered":"https:\/\/blog.brand-architecture.at\/2023\/02\/21\/eco2way-raben-group-apre-quattro-nuovi-centri-di-logistica-contrattuale\/"},"modified":"2023-02-21T15:10:09","modified_gmt":"2023-02-21T14:10:09","slug":"eco2way-raben-group-apre-quattro-nuovi-centri-di-logistica-contrattuale","status":"publish","type":"post","link":"https:\/\/loginfo24.com\/it\/2023\/02\/21\/eco2way-raben-group-apre-quattro-nuovi-centri-di-logistica-contrattuale\/","title":{"rendered":"Eco2Way: Raben Group apre quattro nuovi centri di logistica contrattuale"},"content":{"rendered":"<h5><strong>Che si tratti di crisi energetica, cambiamento climatico o resilienza della catena di approvvigionamento, il settore della logistica affronta anche nel 2023 sfide senza precedenti. Lavorare in modo sostenibile \u00e8 diventato una necessit\u00e0 e non \u00e8 pi\u00f9 una tendenza. Anche quest&#8217;anno, Raben Group sta portando avanti la sua strategia di sostenibilit\u00e0 &#8220;Eco2Way&#8221;. L&#8217;ambizioso obiettivo: nel primo <\/strong><strong>passo, entro il 2025, le emissioni di tutti i trasporti devono essere ridotte del dieci percento e in tutti gli edifici del trenta percento. I nuovi centri di logistica contrattuale di Sarstedt, Ragow, Gera e Reichenberg sono al centro di questo progetto. <\/strong><\/h5>\n<p> Tutti e quattro i centri sono stati costruiti secondo i pi\u00f9 recenti standard ambientali e si trovano in ottime posizioni, nelle immediate vicinanze di tutti i principali incroci autostradali. Il quartetto funge da punto di ancoraggio nella rete europea di Raben, in modo che ogni trasporto su camion possa essere ottimizzato. I tempi di consegna per i clienti dell&#8217;industria dei beni di consumo e chimici, cos\u00ec come per il settore industriale, si riducono notevolmente. Parallelamente, la moderna flotta di Raben e l&#8217;introduzione graduale di camion a basse emissioni rappresentano elementi chiave della strategia Eco2Way. Sono gi\u00e0 iniziati i primi progetti pilota con camion elettrici Volvo.<\/p>\n<p>I clienti e i partner possono vivere Eco2Way dal vivo quest&#8217;anno. Raben offre nei quattro centri uno sguardo affascinante nel mondo della logistica. L&#8217;apertura avverr\u00e0 l&#8217;11 marzo a Gera. Il fornitore di servizi logistici informer\u00e0 sotto il motto &#8220;Logistica Verde Efficace: Nuove Sedi - Nuove Vie&#8221; dalle 10 alle 14 con conferenze specialistiche e discussioni con esperti sull&#8217;attuazione del suo modello di business sostenibile. Come partner, Raben ha coinvolto il produttore di camion Framo, che esporr\u00e0 un camion elettrico a Gera. Gli altri tre centri apriranno le loro porte nel corso dell&#8217;anno con eventi, con un camion elettrico Volvo visibile a Ragow.<\/p>\n<p>Gera, Ragow, Sarstedt e Reichenberg: per quanto grandi siano le differenze regionali, il quartetto condivide un obiettivo: essere vicini ai clienti e rendere l&#8217;intera catena di approvvigionamento il pi\u00f9 sostenibile possibile. &#8220;Con i quattro nuovi centri di logistica contrattuale facciamo un ulteriore passo avanti. Affrontiamo le sfide e ci sentiamo responsabili di ridurre l&#8217;impronta di CO2 lungo l&#8217;intera catena del valore&#8221;, afferma Ewald Raben.<\/p>\n<h5><strong>I clienti beneficiano dell&#8217;elevato sistema di gestione della qualit\u00e0 di Raben Group <\/strong><\/h5>\n<p> I clienti dell&#8217;industria dei beni di consumo e chimici, cos\u00ec come del settore industriale, beneficiano nei nuovi centri dell&#8217;eccellente gestione della qualit\u00e0 e dell&#8217;elevata sicurezza dei processi di Raben Group. La merce viene consegnata nei grandi magazzini di transito, sottoposta a controllo qualit\u00e0, stoccata, preparata per la spedizione e imballata. &#8220;In questo modo viene consegnata solo la merce realmente necessaria al cliente - sempre nella giusta quantit\u00e0 e sempre al momento giusto&#8221;, afferma Ewald Raben. In questo modo, l&#8217;azienda a conduzione familiare riesce a ridurre il numero di veicoli necessari. Grazie alla concentrazione della merce in un&#8217;unica sede, ad esempio a Gera, i chilometri percorsi dai camion al giorno si sono ridotti di 160.<\/p>\n<h5><strong>Raben riduce il fabbisogno energetico degli edifici per pallet in tutti e quattro i nuovi centri<\/strong><\/h5>\n<p> Tutti i nuovi centri di logistica contrattuale sono stati costruiti secondo i pi\u00f9 recenti standard ambientali DGNB, hanno una maggiore capacit\u00e0 di movimentazione e dispongono di magazzini cos\u00ec ampi da poter ospitare fino al 24% di pallet in pi\u00f9. Questo consente di ridurre il fabbisogno energetico degli edifici per pallet. I magazzini di Gera e Ragow dispongono inoltre di uno spazio mezzanino, in modo che lo spazio disponibile possa essere utilizzato in modo ottimale. Raben utilizza un sistema di illuminazione a LED in tutto il territorio e impiega esclusivamente carrelli elevatori elettrici. Per risparmiare sui costi di riscaldamento, le zone di carico alle rampe sono termicamente isolate nel miglior modo possibile. Inoltre, una ventilazione meccanica con recupero di calore garantisce un&#8217;adeguata aria fresca. L&#8217;energia necessaria per questo dovrebbe provenire sempre pi\u00f9 da fonti di energia rinnovabile. Raben ha gi\u00e0 firmato un contratto per la fornitura di energie rinnovabili nel 2021.<\/p>\n<h5><strong>Flotta moderna con camion elettrici e Cityliner<\/strong><\/h5>\n<p> &#8220;Con i nuovi centri di logistica contrattuale in ottime posizioni, rispondiamo alla crescente domanda dei clienti di spazi logistici disponibili e di servizi aggiuntivi&#8221;, afferma Ewald Raben. Per garantire una distribuzione efficiente delle merci, l&#8217;azienda a conduzione familiare punta su una flotta moderna. Tutti i camion soddisfano la norma europea sulle emissioni 6. Un ulteriore passo importante per la riduzione delle emissioni di CO2 \u00e8 l&#8217;introduzione graduale di camion elettrici a basse emissioni. Oltre ai camion elettrici Volvo gi\u00e0 in uso, Raben intende nel 2023 esaminare ulteriori possibilit\u00e0 di testare camion con motori alternativi in progetti pilota. Un altro approccio \u00e8 l&#8217;aumento della capacit\u00e0 di trasporto riducendo al contempo il numero di veicoli: gi\u00e0 dalla primavera del 2021, sono stati messi in servizio 220 rimorchi &#8220;Cityliner&#8221; per il mercato tedesco. Questi rimorchi pi\u00f9 corti, leggeri e manovrabili sono particolarmente adatti per le consegne in aree urbane rispetto ai modelli a tre assi. Raben sostituisce con due Cityliner tre camion standard. Grazie al maggiore volume di carico, i Cityliner possono trasportare 27 pallet - e quindi molto pi\u00f9 di un camion solista. Una gestione efficiente della catena di approvvigionamento garantisce un&#8217;ottimale utilizzazione dell&#8217;intera flotta. Lo strumento IT &#8220;Smarttour&#8221; consente una pianificazione efficiente delle consegne a singolo o pi\u00f9 fermate e la riduzione dei viaggi a vuoto.<\/p>\n<p>Foto: \u00a9 Raben Trans European Germany GmbH \/ <strong><em>Didascalia dell&#8217;immagine:<\/em><\/strong><em> Il centro di Gera dispone di un magazzino logistico di 18.000 metri quadrati.<\/em><\/p>\n","protected":false},"excerpt":{"rendered":"<p>Che si tratti di crisi energetica, cambiamento climatico o resilienza della catena di approvvigionamento, il settore della logistica affronta anche nel 2023 sfide senza precedenti. Lavorare<span class=\"excerpt-hellip\"> [\u2026]<\/span><\/p>\n","protected":false},"author":0,"featured_media":8471,"comment_status":"open","ping_status":"open","sticky":false,"template":"","format":"standard","meta":{"_acf_changed":false,"footnotes":""},"categories":[1665,1557,1561],"tags":[],"class_list":["post-60664","post","type-post","status-publish","format-standard","has-post-thumbnail","hentry","category-categories","category-forwarding-logistics","category-regions"],"acf":[],"yoast_head":"<!-- This site is optimized with the Yoast SEO plugin v27.3 - https:\/\/yoast.com\/product\/yoast-seo-wordpress\/ -->\n<title>Eco2Way: Raben Group apre quattro nuovi centri di logistica contrattuale - Loginfo24<\/title>\n<meta name=\"robots\" content=\"index, follow, max-snippet:-1, max-image-preview:large, max-video-preview:-1\" \/>\n<link rel=\"canonical\" href=\"https:\/\/loginfo24.com\/it\/2023\/02\/21\/eco2way-raben-group-apre-quattro-nuovi-centri-di-logistica-contrattuale\/\" \/>\n<meta property=\"og:locale\" content=\"it_IT\" \/>\n<meta property=\"og:type\" content=\"article\" \/>\n<meta property=\"og:title\" content=\"Eco2Way: Raben Group apre quattro nuovi centri di logistica contrattuale - Loginfo24\" \/>\n<meta property=\"og:description\" content=\"Che si tratti di crisi energetica, cambiamento climatico o resilienza della catena di approvvigionamento, il settore della logistica affronta anche nel 2023 sfide senza precedenti. Lavorare [\u2026]\" \/>\n<meta property=\"og:url\" content=\"https:\/\/loginfo24.com\/it\/2023\/02\/21\/eco2way-raben-group-apre-quattro-nuovi-centri-di-logistica-contrattuale\/\" \/>\n<meta property=\"og:site_name\" content=\"Loginfo24\" \/>\n<meta property=\"article:publisher\" content=\"https:\/\/www.facebook.com\/people\/Loginfo24\/100057360583332\/\" \/>\n<meta property=\"article:published_time\" content=\"2023-02-21T14:10:09+00:00\" \/>\n<meta property=\"og:image\" content=\"https:\/\/loginfo24.com\/wp-content\/uploads\/sites\/7\/2025\/12\/Raben_Group_21.02.2023.jpg\" \/>\n\t<meta property=\"og:image:width\" content=\"1233\" \/>\n\t<meta property=\"og:image:height\" content=\"687\" \/>\n\t<meta property=\"og:image:type\" content=\"image\/jpeg\" \/>\n<meta name=\"twitter:card\" content=\"summary_large_image\" \/>\n<meta name=\"twitter:label1\" content=\"Tempo di lettura stimato\" \/>\n\t<meta name=\"twitter:data1\" content=\"4 minuto\" \/>\n<script type=\"application\/ld+json\" class=\"yoast-schema-graph\">{\"@context\":\"https:\\\/\\\/schema.org\",\"@graph\":[{\"@type\":\"Article\",\"@id\":\"https:\\\/\\\/loginfo24.com\\\/it\\\/2023\\\/02\\\/21\\\/eco2way-raben-group-apre-quattro-nuovi-centri-di-logistica-contrattuale\\\/#article\",\"isPartOf\":{\"@id\":\"https:\\\/\\\/loginfo24.com\\\/it\\\/2023\\\/02\\\/21\\\/eco2way-raben-group-apre-quattro-nuovi-centri-di-logistica-contrattuale\\\/\"},\"author\":{\"name\":\"\",\"@id\":\"\"},\"headline\":\"Eco2Way: Raben Group apre quattro nuovi centri di logistica contrattuale\",\"datePublished\":\"2023-02-21T14:10:09+00:00\",\"mainEntityOfPage\":{\"@id\":\"https:\\\/\\\/loginfo24.com\\\/it\\\/2023\\\/02\\\/21\\\/eco2way-raben-group-apre-quattro-nuovi-centri-di-logistica-contrattuale\\\/\"},\"wordCount\":926,\"commentCount\":0,\"publisher\":{\"@id\":\"https:\\\/\\\/loginfo24.com\\\/it\\\/#organization\"},\"image\":{\"@id\":\"https:\\\/\\\/loginfo24.com\\\/it\\\/2023\\\/02\\\/21\\\/eco2way-raben-group-apre-quattro-nuovi-centri-di-logistica-contrattuale\\\/#primaryimage\"},\"thumbnailUrl\":\"https:\\\/\\\/loginfo24.com\\\/wp-content\\\/uploads\\\/sites\\\/7\\\/2025\\\/12\\\/Raben_Group_21.02.2023.jpg\",\"articleSection\":[\"Categories\",\"Forwarding &amp; Logistics\",\"Regions\"],\"inLanguage\":\"it-IT\",\"potentialAction\":[{\"@type\":\"CommentAction\",\"name\":\"Comment\",\"target\":[\"https:\\\/\\\/loginfo24.com\\\/it\\\/2023\\\/02\\\/21\\\/eco2way-raben-group-apre-quattro-nuovi-centri-di-logistica-contrattuale\\\/#respond\"]}]},{\"@type\":\"WebPage\",\"@id\":\"https:\\\/\\\/loginfo24.com\\\/it\\\/2023\\\/02\\\/21\\\/eco2way-raben-group-apre-quattro-nuovi-centri-di-logistica-contrattuale\\\/\",\"url\":\"https:\\\/\\\/loginfo24.com\\\/it\\\/2023\\\/02\\\/21\\\/eco2way-raben-group-apre-quattro-nuovi-centri-di-logistica-contrattuale\\\/\",\"name\":\"Eco2Way: Raben Group apre quattro nuovi centri di logistica contrattuale - Loginfo24\",\"isPartOf\":{\"@id\":\"https:\\\/\\\/loginfo24.com\\\/it\\\/#website\"},\"primaryImageOfPage\":{\"@id\":\"https:\\\/\\\/loginfo24.com\\\/it\\\/2023\\\/02\\\/21\\\/eco2way-raben-group-apre-quattro-nuovi-centri-di-logistica-contrattuale\\\/#primaryimage\"},\"image\":{\"@id\":\"https:\\\/\\\/loginfo24.com\\\/it\\\/2023\\\/02\\\/21\\\/eco2way-raben-group-apre-quattro-nuovi-centri-di-logistica-contrattuale\\\/#primaryimage\"},\"thumbnailUrl\":\"https:\\\/\\\/loginfo24.com\\\/wp-content\\\/uploads\\\/sites\\\/7\\\/2025\\\/12\\\/Raben_Group_21.02.2023.jpg\",\"datePublished\":\"2023-02-21T14:10:09+00:00\",\"breadcrumb\":{\"@id\":\"https:\\\/\\\/loginfo24.com\\\/it\\\/2023\\\/02\\\/21\\\/eco2way-raben-group-apre-quattro-nuovi-centri-di-logistica-contrattuale\\\/#breadcrumb\"},\"inLanguage\":\"it-IT\",\"potentialAction\":[{\"@type\":\"ReadAction\",\"target\":[\"https:\\\/\\\/loginfo24.com\\\/it\\\/2023\\\/02\\\/21\\\/eco2way-raben-group-apre-quattro-nuovi-centri-di-logistica-contrattuale\\\/\"]}]},{\"@type\":\"ImageObject\",\"inLanguage\":\"it-IT\",\"@id\":\"https:\\\/\\\/loginfo24.com\\\/it\\\/2023\\\/02\\\/21\\\/eco2way-raben-group-apre-quattro-nuovi-centri-di-logistica-contrattuale\\\/#primaryimage\",\"url\":\"https:\\\/\\\/loginfo24.com\\\/wp-content\\\/uploads\\\/sites\\\/7\\\/2025\\\/12\\\/Raben_Group_21.02.2023.jpg\",\"contentUrl\":\"https:\\\/\\\/loginfo24.com\\\/wp-content\\\/uploads\\\/sites\\\/7\\\/2025\\\/12\\\/Raben_Group_21.02.2023.jpg\",\"width\":1233,\"height\":687},{\"@type\":\"BreadcrumbList\",\"@id\":\"https:\\\/\\\/loginfo24.com\\\/it\\\/2023\\\/02\\\/21\\\/eco2way-raben-group-apre-quattro-nuovi-centri-di-logistica-contrattuale\\\/#breadcrumb\",\"itemListElement\":[{\"@type\":\"ListItem\",\"position\":1,\"name\":\"Startseite\",\"item\":\"https:\\\/\\\/loginfo24.com\\\/it\\\/\"},{\"@type\":\"ListItem\",\"position\":2,\"name\":\"Eco2Way: Raben Group apre quattro nuovi centri di logistica contrattuale\"}]},{\"@type\":\"WebSite\",\"@id\":\"https:\\\/\\\/loginfo24.com\\\/it\\\/#website\",\"url\":\"https:\\\/\\\/loginfo24.com\\\/it\\\/\",\"name\":\"Loginfo24\",\"description\":\"Loginfo24 \u00e8 la piattaforma dedicata alla logistica e alle catene di fornitura con informazioni disponibili 24 ore su 24.\",\"publisher\":{\"@id\":\"https:\\\/\\\/loginfo24.com\\\/it\\\/#organization\"},\"potentialAction\":[{\"@type\":\"SearchAction\",\"target\":{\"@type\":\"EntryPoint\",\"urlTemplate\":\"https:\\\/\\\/loginfo24.com\\\/it\\\/?s={search_term_string}\"},\"query-input\":{\"@type\":\"PropertyValueSpecification\",\"valueRequired\":true,\"valueName\":\"search_term_string\"}}],\"inLanguage\":\"it-IT\"},{\"@type\":\"Organization\",\"@id\":\"https:\\\/\\\/loginfo24.com\\\/it\\\/#organization\",\"name\":\"Logismedia Group AG\",\"url\":\"https:\\\/\\\/loginfo24.com\\\/it\\\/\",\"logo\":{\"@type\":\"ImageObject\",\"inLanguage\":\"it-IT\",\"@id\":\"https:\\\/\\\/loginfo24.com\\\/it\\\/#\\\/schema\\\/logo\\\/image\\\/\",\"url\":\"https:\\\/\\\/loginfo24.com\\\/wp-content\\\/uploads\\\/sites\\\/7\\\/2026\\\/01\\\/Logo_LogInfo24.png\",\"contentUrl\":\"https:\\\/\\\/loginfo24.com\\\/wp-content\\\/uploads\\\/sites\\\/7\\\/2026\\\/01\\\/Logo_LogInfo24.png\",\"width\":938,\"height\":351,\"caption\":\"Logismedia Group AG\"},\"image\":{\"@id\":\"https:\\\/\\\/loginfo24.com\\\/it\\\/#\\\/schema\\\/logo\\\/image\\\/\"},\"sameAs\":[\"https:\\\/\\\/www.facebook.com\\\/people\\\/Loginfo24\\\/100057360583332\\\/\",\"https:\\\/\\\/www.linkedin.com\\\/company\\\/lofinfo24\\\/\"]}]}<\/script>\n<!-- \/ Yoast SEO plugin. -->","yoast_head_json":{"title":"Eco2Way: Raben Group apre quattro nuovi centri di logistica contrattuale - Loginfo24","robots":{"index":"index","follow":"follow","max-snippet":"max-snippet:-1","max-image-preview":"max-image-preview:large","max-video-preview":"max-video-preview:-1"},"canonical":"https:\/\/loginfo24.com\/it\/2023\/02\/21\/eco2way-raben-group-apre-quattro-nuovi-centri-di-logistica-contrattuale\/","og_locale":"it_IT","og_type":"article","og_title":"Eco2Way: Raben Group apre quattro nuovi centri di logistica contrattuale - Loginfo24","og_description":"Che si tratti di crisi energetica, cambiamento climatico o resilienza della catena di approvvigionamento, il settore della logistica affronta anche nel 2023 sfide senza precedenti. Lavorare [\u2026]","og_url":"https:\/\/loginfo24.com\/it\/2023\/02\/21\/eco2way-raben-group-apre-quattro-nuovi-centri-di-logistica-contrattuale\/","og_site_name":"Loginfo24","article_publisher":"https:\/\/www.facebook.com\/people\/Loginfo24\/100057360583332\/","article_published_time":"2023-02-21T14:10:09+00:00","og_image":[{"width":1233,"height":687,"url":"https:\/\/loginfo24.com\/wp-content\/uploads\/sites\/7\/2025\/12\/Raben_Group_21.02.2023.jpg","type":"image\/jpeg"}],"twitter_card":"summary_large_image","twitter_misc":{"Tempo di lettura stimato":"4 minuto"},"schema":{"@context":"https:\/\/schema.org","@graph":[{"@type":"Article","@id":"https:\/\/loginfo24.com\/it\/2023\/02\/21\/eco2way-raben-group-apre-quattro-nuovi-centri-di-logistica-contrattuale\/#article","isPartOf":{"@id":"https:\/\/loginfo24.com\/it\/2023\/02\/21\/eco2way-raben-group-apre-quattro-nuovi-centri-di-logistica-contrattuale\/"},"author":{"name":"","@id":""},"headline":"Eco2Way: Raben Group apre quattro nuovi centri di logistica contrattuale","datePublished":"2023-02-21T14:10:09+00:00","mainEntityOfPage":{"@id":"https:\/\/loginfo24.com\/it\/2023\/02\/21\/eco2way-raben-group-apre-quattro-nuovi-centri-di-logistica-contrattuale\/"},"wordCount":926,"commentCount":0,"publisher":{"@id":"https:\/\/loginfo24.com\/it\/#organization"},"image":{"@id":"https:\/\/loginfo24.com\/it\/2023\/02\/21\/eco2way-raben-group-apre-quattro-nuovi-centri-di-logistica-contrattuale\/#primaryimage"},"thumbnailUrl":"https:\/\/loginfo24.com\/wp-content\/uploads\/sites\/7\/2025\/12\/Raben_Group_21.02.2023.jpg","articleSection":["Categories","Forwarding &amp; Logistics","Regions"],"inLanguage":"it-IT","potentialAction":[{"@type":"CommentAction","name":"Comment","target":["https:\/\/loginfo24.com\/it\/2023\/02\/21\/eco2way-raben-group-apre-quattro-nuovi-centri-di-logistica-contrattuale\/#respond"]}]},{"@type":"WebPage","@id":"https:\/\/loginfo24.com\/it\/2023\/02\/21\/eco2way-raben-group-apre-quattro-nuovi-centri-di-logistica-contrattuale\/","url":"https:\/\/loginfo24.com\/it\/2023\/02\/21\/eco2way-raben-group-apre-quattro-nuovi-centri-di-logistica-contrattuale\/","name":"Eco2Way: Raben Group apre quattro nuovi centri di logistica contrattuale - Loginfo24","isPartOf":{"@id":"https:\/\/loginfo24.com\/it\/#website"},"primaryImageOfPage":{"@id":"https:\/\/loginfo24.com\/it\/2023\/02\/21\/eco2way-raben-group-apre-quattro-nuovi-centri-di-logistica-contrattuale\/#primaryimage"},"image":{"@id":"https:\/\/loginfo24.com\/it\/2023\/02\/21\/eco2way-raben-group-apre-quattro-nuovi-centri-di-logistica-contrattuale\/#primaryimage"},"thumbnailUrl":"https:\/\/loginfo24.com\/wp-content\/uploads\/sites\/7\/2025\/12\/Raben_Group_21.02.2023.jpg","datePublished":"2023-02-21T14:10:09+00:00","breadcrumb":{"@id":"https:\/\/loginfo24.com\/it\/2023\/02\/21\/eco2way-raben-group-apre-quattro-nuovi-centri-di-logistica-contrattuale\/#breadcrumb"},"inLanguage":"it-IT","potentialAction":[{"@type":"ReadAction","target":["https:\/\/loginfo24.com\/it\/2023\/02\/21\/eco2way-raben-group-apre-quattro-nuovi-centri-di-logistica-contrattuale\/"]}]},{"@type":"ImageObject","inLanguage":"it-IT","@id":"https:\/\/loginfo24.com\/it\/2023\/02\/21\/eco2way-raben-group-apre-quattro-nuovi-centri-di-logistica-contrattuale\/#primaryimage","url":"https:\/\/loginfo24.com\/wp-content\/uploads\/sites\/7\/2025\/12\/Raben_Group_21.02.2023.jpg","contentUrl":"https:\/\/loginfo24.com\/wp-content\/uploads\/sites\/7\/2025\/12\/Raben_Group_21.02.2023.jpg","width":1233,"height":687},{"@type":"BreadcrumbList","@id":"https:\/\/loginfo24.com\/it\/2023\/02\/21\/eco2way-raben-group-apre-quattro-nuovi-centri-di-logistica-contrattuale\/#breadcrumb","itemListElement":[{"@type":"ListItem","position":1,"name":"Startseite","item":"https:\/\/loginfo24.com\/it\/"},{"@type":"ListItem","position":2,"name":"Eco2Way: Raben Group apre quattro nuovi centri di logistica contrattuale"}]},{"@type":"WebSite","@id":"https:\/\/loginfo24.com\/it\/#website","url":"https:\/\/loginfo24.com\/it\/","name":"Loginfo24","description":"Loginfo24 \u00e8 la piattaforma dedicata alla logistica e alle catene di fornitura con informazioni disponibili 24 ore su 24.","publisher":{"@id":"https:\/\/loginfo24.com\/it\/#organization"},"potentialAction":[{"@type":"SearchAction","target":{"@type":"EntryPoint","urlTemplate":"https:\/\/loginfo24.com\/it\/?s={search_term_string}"},"query-input":{"@type":"PropertyValueSpecification","valueRequired":true,"valueName":"search_term_string"}}],"inLanguage":"it-IT"},{"@type":"Organization","@id":"https:\/\/loginfo24.com\/it\/#organization","name":"Logismedia Group AG","url":"https:\/\/loginfo24.com\/it\/","logo":{"@type":"ImageObject","inLanguage":"it-IT","@id":"https:\/\/loginfo24.com\/it\/#\/schema\/logo\/image\/","url":"https:\/\/loginfo24.com\/wp-content\/uploads\/sites\/7\/2026\/01\/Logo_LogInfo24.png","contentUrl":"https:\/\/loginfo24.com\/wp-content\/uploads\/sites\/7\/2026\/01\/Logo_LogInfo24.png","width":938,"height":351,"caption":"Logismedia Group AG"},"image":{"@id":"https:\/\/loginfo24.com\/it\/#\/schema\/logo\/image\/"},"sameAs":["https:\/\/www.facebook.com\/people\/Loginfo24\/100057360583332\/","https:\/\/www.linkedin.com\/company\/lofinfo24\/"]}]}},"_links":{"self":[{"href":"https:\/\/loginfo24.com\/it\/wp-json\/wp\/v2\/posts\/60664","targetHints":{"allow":["GET"]}}],"collection":[{"href":"https:\/\/loginfo24.com\/it\/wp-json\/wp\/v2\/posts"}],"about":[{"href":"https:\/\/loginfo24.com\/it\/wp-json\/wp\/v2\/types\/post"}],"replies":[{"embeddable":true,"href":"https:\/\/loginfo24.com\/it\/wp-json\/wp\/v2\/comments?post=60664"}],"version-history":[{"count":0,"href":"https:\/\/loginfo24.com\/it\/wp-json\/wp\/v2\/posts\/60664\/revisions"}],"wp:featuredmedia":[{"embeddable":true,"href":"https:\/\/loginfo24.com\/it\/wp-json\/wp\/v2\/media\/8471"}],"wp:attachment":[{"href":"https:\/\/loginfo24.com\/it\/wp-json\/wp\/v2\/media?parent=60664"}],"wp:term":[{"taxonomy":"category","embeddable":true,"href":"https:\/\/loginfo24.com\/it\/wp-json\/wp\/v2\/categories?post=60664"},{"taxonomy":"post_tag","embeddable":true,"href":"https:\/\/loginfo24.com\/it\/wp-json\/wp\/v2\/tags?post=60664"}],"curies":[{"name":"wp","href":"https:\/\/api.w.org\/{rel}","templated":true}]}}