{"id":60202,"date":"2023-01-17T20:25:52","date_gmt":"2023-01-17T19:25:52","guid":{"rendered":"https:\/\/blog.brand-architecture.at\/2023\/01\/17\/il-porto-di-kiel-chiude-un-bilancio-annuale-positivo-nonostante-il-calo-dei-volumi\/"},"modified":"2023-01-17T20:25:52","modified_gmt":"2023-01-17T19:25:52","slug":"il-porto-di-kiel-chiude-un-bilancio-annuale-positivo-nonostante-il-calo-dei-volumi","status":"publish","type":"post","link":"https:\/\/loginfo24.com\/it\/2023\/01\/17\/il-porto-di-kiel-chiude-un-bilancio-annuale-positivo-nonostante-il-calo-dei-volumi\/","title":{"rendered":"Il porto di Kiel chiude un bilancio annuale positivo nonostante il calo dei volumi"},"content":{"rendered":"<h5><strong>Il porto di Kiel chiude un bilancio positivo per il 2022 con 7,7 milioni di tonnellate di volume di merci e 2,2 milioni di passeggeri. A causa dell&#8217;aggiornamento dei pesi a vuoto, il risultato del traffico \u00e8 leggermente inferiore al record del 2021. Una forte stagione di crociere e buone evoluzioni nei traffici verso la Scandinavia compensano i cali a doppia cifra verso il Baltico. Il porto di Kiel ha registrato oltre 2,2 milioni di passeggeri (1,4 milioni di traffico traghetti \/ 836.000 crociere) nell&#8217;anno passato, chiudendo quindi solo leggermente al di sotto dei numeri record del 2019 (2,3 milioni). La SEEHAFEN KIEL GmbH &amp; Co. KG ha registrato nel complesso uno sviluppo commerciale positivo per il 2022.<\/strong><\/h5>\n<p>(Kiel) La connessione con G\u00f6teborg rimane su un livello di carico ancora elevato, simile all&#8217;anno precedente (risultato totale merci 2,3 milioni di tonnellate \/ secondo il vecchio calcolo del peso a vuoto: 2,1 milioni di tonnellate). Sulla connessione con Oslo, quest&#8217;anno sono stati registrati aumenti a doppia cifra (risultato totale merci 817.000 tonnellate \/ +27,24%). A seguito delle misure sanzionatorie dell&#8217;UE contro la Russia, dal 10 luglio 2022 \u00e8 stata interrotta l&#8217;importazione di larice siberiano nel porto dell&#8217;Ostufer, che ha avuto un&#8217;incidenza inferiore all&#8217;uno percento sul totale del traffico del porto di Kiel (2021). Sulle rotte verso il Baltico (risultato totale merci 2,6 milioni di tonnellate \/ secondo il vecchio calcolo del peso a vuoto: 2,3 milioni di tonnellate) sono stati registrati cali a doppia cifra, che sono anche responsabili per il calo corretto del traffico totale del 5,6% in tutto il porto. Con 3,4 milioni di tonnellate \/ secondo il vecchio calcolo del peso a vuoto: 3,1 milioni di tonnellate), il porto dell&#8217;Ostufer continua a essere la zona pi\u00f9 forte nel traffico di carico di Kiel. Ci sono sviluppi positivi nel settore passeggeri: il turismo marittimo ha visto un aumento a 2.241.919 passeggeri di traghetti e crociere rispetto all&#8217;anno precedente (921.796), pi\u00f9 che raddoppiando. Dr. Dirk Claus, amministratore delegato della SEEHAFEN KIEL GmbH &amp; Co. KG, sottolinea: &#8220;La vasta gamma di attivit\u00e0 dell&#8217;azienda ci ha guidato bene attraverso tempi difficili negli ultimi anni e compensa anche quest&#8217;anno i cali in alcune aree. Vorrei ringraziare anche i nostri 360 dipendenti, che hanno svolto un ottimo lavoro nel 2022. Anche se l&#8217;anno prossimo sar\u00e0 sicuramente ancora impegnativo, guardiamo al futuro con ottimismo.&#8221; <\/p>\n<h5><strong>Traffico combinato di merci<\/strong><\/h5>\n<p>Anche lo sviluppo del traffico combinato di merci nel 2022 \u00e8 stato caratterizzato dai cali nel porto dell&#8217;Ostufer. Nonostante uno sviluppo stabile dei volumi al Schwedenkai e al Norwegenkai, il bilancio complessivo nel settore intermodale rimane al di sotto delle aspettative. Con 28.900 unit\u00e0 di carico (2022), il risultato non corrisponde alla pianificazione a lungo termine dell&#8217;azienda - erano previste 35.000 unit\u00e0 di carico per il 2023. Molti treni hanno dovuto essere sospesi lo scorso anno o hanno subito notevoli ritardi, anche a causa di problemi di rete. Tuttavia, si guarda complessivamente con un cauto ottimismo all&#8217;evoluzione del KV nei prossimi anni, ha dichiarato Claus, poich\u00e9 la domanda dei clienti per prodotti logistici ecologici sta aumentando fondamentalmente. <\/p>\n<h5><strong>Sviluppo del turismo marittimo rimane forte anche nel 2023<\/strong><\/h5>\n<p>La scorsa stagione 2022 \u00e8 stata la stagione di crociere pi\u00f9 forte del porto, con 244 scali, con un aumento del 37% rispetto all&#8217;ultima stagione pre-Corona del 2019 (178 scali). L&#8217;evoluzione positiva nel settore delle crociere si era gi\u00e0 delineata negli anni precedenti, durante i quali il porto marittimo del nord della Germania era stato coinvolto in intense pianificazioni con compagnie di navigazione internazionali. La perdita di San Pietroburgo come destinazione per crociere non ha avuto alcun impatto sugli aumenti nel business delle crociere di Kiel (+9 scali a causa della deviazione \/ -11 scali a causa di cancellazioni). Per la stagione attuale 2023 sono stati finora segnalati 218 scali. Dirk Claus: &#8220;Ci stiamo stabilizzando nel settore delle crociere su un buon livello tra 200 e 250 scali. Il nostro focus anche in questa stagione sar\u00e0 principalmente sull&#8217;integrazione delle navi da crociera con il nostro impianto di fornitura di energia a terra. Ci aspettiamo di fornire energia a 60-100 scali.&#8221; <\/p>\n<h5><strong>Ambiziosa strategia ambientale<\/strong><\/h5>\n<p>Il PORTO DI KIEL \u00e8 uno dei principali porti marittimi europei per la fornitura di energia a terra per le navi passeggeri. Cos\u00ec, i traghetti di Color Line e Stena Line hanno ricevuto energia a terra a Kiel per tutto il 2022 nonostante i prezzi dell&#8217;energia volatili. Oltre ai due impianti esistenti, attualmente \u00e8 in costruzione un ulteriore impianto per la fornitura di navi da crociera e traghetti nel porto dell&#8217;Ostufer da parte della Siemens AG. Il completamento del progetto da 17 milioni di euro \u00e8 previsto per la fine della stagione 2023. In questo modo, il PORTO DI KIEL disporr\u00e0 di una delle infrastrutture pi\u00f9 complete nel settore dell&#8217;energia a terra in Europa e potr\u00e0 offrire energia verde in tutti i terminal per crociere e traghetti a partire dal 2024. In linea con la strategia ambientale del porto, che prevede la neutralit\u00e0 climatica entro il 2030, il PORTO DI KIEL investir\u00e0 nel 2023 ulteriori 2 milioni di euro nella costruzione di impianti fotovoltaici. Gli impianti, destinati ai tetti degli edifici dell&#8217;azienda, dovrebbero coprire a lungo termine fino al 30% del fabbisogno energetico del gruppo. &#8220;Non vediamo solo in questo la risposta alle attuali questioni energetiche, ma un passo importante verso la continua riduzione delle emissioni di CO2 entro il 2030&#8221;, ha affermato Claus.<\/p>\n<p>Foto: \u00a9 Port of Kiel<\/p>\n","protected":false},"excerpt":{"rendered":"<p>Il porto di Kiel chiude un bilancio positivo per il 2022 con 7,7 milioni di tonnellate di volume di merci e 2,2 milioni di passeggeri. A<span class=\"excerpt-hellip\"> [\u2026]<\/span><\/p>\n","protected":false},"author":0,"featured_media":8677,"comment_status":"open","ping_status":"open","sticky":false,"template":"","format":"standard","meta":{"_acf_changed":false,"footnotes":""},"categories":[1561,1559],"tags":[],"class_list":["post-60202","post","type-post","status-publish","format-standard","has-post-thumbnail","hentry","category-regions","category-shipping-ports"],"acf":[],"yoast_head":"<!-- This site is optimized with the Yoast SEO plugin v27.3 - https:\/\/yoast.com\/product\/yoast-seo-wordpress\/ -->\n<title>Il porto di Kiel chiude un bilancio annuale positivo nonostante il calo dei volumi - Loginfo24<\/title>\n<meta name=\"robots\" content=\"index, follow, max-snippet:-1, max-image-preview:large, max-video-preview:-1\" \/>\n<link rel=\"canonical\" href=\"https:\/\/loginfo24.com\/it\/2023\/01\/17\/il-porto-di-kiel-chiude-un-bilancio-annuale-positivo-nonostante-il-calo-dei-volumi\/\" \/>\n<meta property=\"og:locale\" content=\"it_IT\" \/>\n<meta property=\"og:type\" content=\"article\" \/>\n<meta property=\"og:title\" content=\"Il porto di Kiel chiude un bilancio annuale positivo nonostante il calo dei volumi - Loginfo24\" \/>\n<meta property=\"og:description\" content=\"Il porto di Kiel chiude un bilancio positivo per il 2022 con 7,7 milioni di tonnellate di volume di merci e 2,2 milioni di passeggeri. A [\u2026]\" \/>\n<meta property=\"og:url\" content=\"https:\/\/loginfo24.com\/it\/2023\/01\/17\/il-porto-di-kiel-chiude-un-bilancio-annuale-positivo-nonostante-il-calo-dei-volumi\/\" \/>\n<meta property=\"og:site_name\" content=\"Loginfo24\" \/>\n<meta property=\"article:publisher\" content=\"https:\/\/www.facebook.com\/people\/Loginfo24\/100057360583332\/\" \/>\n<meta property=\"article:published_time\" content=\"2023-01-17T19:25:52+00:00\" \/>\n<meta property=\"og:image\" content=\"https:\/\/loginfo24.com\/wp-content\/uploads\/sites\/7\/2025\/12\/Seehafen_Kiel_17.01.23.jpg\" \/>\n\t<meta property=\"og:image:width\" content=\"764\" \/>\n\t<meta property=\"og:image:height\" content=\"508\" \/>\n\t<meta property=\"og:image:type\" content=\"image\/jpeg\" \/>\n<meta name=\"twitter:card\" content=\"summary_large_image\" \/>\n<meta name=\"twitter:label1\" content=\"Tempo di lettura stimato\" \/>\n\t<meta name=\"twitter:data1\" content=\"4 minuto\" \/>\n<script type=\"application\/ld+json\" class=\"yoast-schema-graph\">{\"@context\":\"https:\\\/\\\/schema.org\",\"@graph\":[{\"@type\":\"Article\",\"@id\":\"https:\\\/\\\/loginfo24.com\\\/it\\\/2023\\\/01\\\/17\\\/il-porto-di-kiel-chiude-un-bilancio-annuale-positivo-nonostante-il-calo-dei-volumi\\\/#article\",\"isPartOf\":{\"@id\":\"https:\\\/\\\/loginfo24.com\\\/it\\\/2023\\\/01\\\/17\\\/il-porto-di-kiel-chiude-un-bilancio-annuale-positivo-nonostante-il-calo-dei-volumi\\\/\"},\"author\":{\"name\":\"\",\"@id\":\"\"},\"headline\":\"Il porto di Kiel chiude un bilancio annuale positivo nonostante il calo dei volumi\",\"datePublished\":\"2023-01-17T19:25:52+00:00\",\"mainEntityOfPage\":{\"@id\":\"https:\\\/\\\/loginfo24.com\\\/it\\\/2023\\\/01\\\/17\\\/il-porto-di-kiel-chiude-un-bilancio-annuale-positivo-nonostante-il-calo-dei-volumi\\\/\"},\"wordCount\":875,\"commentCount\":0,\"publisher\":{\"@id\":\"https:\\\/\\\/loginfo24.com\\\/it\\\/#organization\"},\"image\":{\"@id\":\"https:\\\/\\\/loginfo24.com\\\/it\\\/2023\\\/01\\\/17\\\/il-porto-di-kiel-chiude-un-bilancio-annuale-positivo-nonostante-il-calo-dei-volumi\\\/#primaryimage\"},\"thumbnailUrl\":\"https:\\\/\\\/loginfo24.com\\\/wp-content\\\/uploads\\\/sites\\\/7\\\/2025\\\/12\\\/Seehafen_Kiel_17.01.23.jpg\",\"articleSection\":[\"Regions\",\"Shipping &amp; Ports\"],\"inLanguage\":\"it-IT\",\"potentialAction\":[{\"@type\":\"CommentAction\",\"name\":\"Comment\",\"target\":[\"https:\\\/\\\/loginfo24.com\\\/it\\\/2023\\\/01\\\/17\\\/il-porto-di-kiel-chiude-un-bilancio-annuale-positivo-nonostante-il-calo-dei-volumi\\\/#respond\"]}]},{\"@type\":\"WebPage\",\"@id\":\"https:\\\/\\\/loginfo24.com\\\/it\\\/2023\\\/01\\\/17\\\/il-porto-di-kiel-chiude-un-bilancio-annuale-positivo-nonostante-il-calo-dei-volumi\\\/\",\"url\":\"https:\\\/\\\/loginfo24.com\\\/it\\\/2023\\\/01\\\/17\\\/il-porto-di-kiel-chiude-un-bilancio-annuale-positivo-nonostante-il-calo-dei-volumi\\\/\",\"name\":\"Il porto di Kiel chiude un bilancio annuale positivo nonostante il calo dei volumi - Loginfo24\",\"isPartOf\":{\"@id\":\"https:\\\/\\\/loginfo24.com\\\/it\\\/#website\"},\"primaryImageOfPage\":{\"@id\":\"https:\\\/\\\/loginfo24.com\\\/it\\\/2023\\\/01\\\/17\\\/il-porto-di-kiel-chiude-un-bilancio-annuale-positivo-nonostante-il-calo-dei-volumi\\\/#primaryimage\"},\"image\":{\"@id\":\"https:\\\/\\\/loginfo24.com\\\/it\\\/2023\\\/01\\\/17\\\/il-porto-di-kiel-chiude-un-bilancio-annuale-positivo-nonostante-il-calo-dei-volumi\\\/#primaryimage\"},\"thumbnailUrl\":\"https:\\\/\\\/loginfo24.com\\\/wp-content\\\/uploads\\\/sites\\\/7\\\/2025\\\/12\\\/Seehafen_Kiel_17.01.23.jpg\",\"datePublished\":\"2023-01-17T19:25:52+00:00\",\"breadcrumb\":{\"@id\":\"https:\\\/\\\/loginfo24.com\\\/it\\\/2023\\\/01\\\/17\\\/il-porto-di-kiel-chiude-un-bilancio-annuale-positivo-nonostante-il-calo-dei-volumi\\\/#breadcrumb\"},\"inLanguage\":\"it-IT\",\"potentialAction\":[{\"@type\":\"ReadAction\",\"target\":[\"https:\\\/\\\/loginfo24.com\\\/it\\\/2023\\\/01\\\/17\\\/il-porto-di-kiel-chiude-un-bilancio-annuale-positivo-nonostante-il-calo-dei-volumi\\\/\"]}]},{\"@type\":\"ImageObject\",\"inLanguage\":\"it-IT\",\"@id\":\"https:\\\/\\\/loginfo24.com\\\/it\\\/2023\\\/01\\\/17\\\/il-porto-di-kiel-chiude-un-bilancio-annuale-positivo-nonostante-il-calo-dei-volumi\\\/#primaryimage\",\"url\":\"https:\\\/\\\/loginfo24.com\\\/wp-content\\\/uploads\\\/sites\\\/7\\\/2025\\\/12\\\/Seehafen_Kiel_17.01.23.jpg\",\"contentUrl\":\"https:\\\/\\\/loginfo24.com\\\/wp-content\\\/uploads\\\/sites\\\/7\\\/2025\\\/12\\\/Seehafen_Kiel_17.01.23.jpg\",\"width\":764,\"height\":508},{\"@type\":\"BreadcrumbList\",\"@id\":\"https:\\\/\\\/loginfo24.com\\\/it\\\/2023\\\/01\\\/17\\\/il-porto-di-kiel-chiude-un-bilancio-annuale-positivo-nonostante-il-calo-dei-volumi\\\/#breadcrumb\",\"itemListElement\":[{\"@type\":\"ListItem\",\"position\":1,\"name\":\"Startseite\",\"item\":\"https:\\\/\\\/loginfo24.com\\\/it\\\/\"},{\"@type\":\"ListItem\",\"position\":2,\"name\":\"Il porto di Kiel chiude un bilancio annuale positivo nonostante il calo dei volumi\"}]},{\"@type\":\"WebSite\",\"@id\":\"https:\\\/\\\/loginfo24.com\\\/it\\\/#website\",\"url\":\"https:\\\/\\\/loginfo24.com\\\/it\\\/\",\"name\":\"Loginfo24\",\"description\":\"Loginfo24 \u00e8 la piattaforma dedicata alla logistica e alle catene di fornitura con informazioni disponibili 24 ore su 24.\",\"publisher\":{\"@id\":\"https:\\\/\\\/loginfo24.com\\\/it\\\/#organization\"},\"potentialAction\":[{\"@type\":\"SearchAction\",\"target\":{\"@type\":\"EntryPoint\",\"urlTemplate\":\"https:\\\/\\\/loginfo24.com\\\/it\\\/?s={search_term_string}\"},\"query-input\":{\"@type\":\"PropertyValueSpecification\",\"valueRequired\":true,\"valueName\":\"search_term_string\"}}],\"inLanguage\":\"it-IT\"},{\"@type\":\"Organization\",\"@id\":\"https:\\\/\\\/loginfo24.com\\\/it\\\/#organization\",\"name\":\"Logismedia Group AG\",\"url\":\"https:\\\/\\\/loginfo24.com\\\/it\\\/\",\"logo\":{\"@type\":\"ImageObject\",\"inLanguage\":\"it-IT\",\"@id\":\"https:\\\/\\\/loginfo24.com\\\/it\\\/#\\\/schema\\\/logo\\\/image\\\/\",\"url\":\"https:\\\/\\\/loginfo24.com\\\/wp-content\\\/uploads\\\/sites\\\/7\\\/2026\\\/01\\\/Logo_LogInfo24.png\",\"contentUrl\":\"https:\\\/\\\/loginfo24.com\\\/wp-content\\\/uploads\\\/sites\\\/7\\\/2026\\\/01\\\/Logo_LogInfo24.png\",\"width\":938,\"height\":351,\"caption\":\"Logismedia Group AG\"},\"image\":{\"@id\":\"https:\\\/\\\/loginfo24.com\\\/it\\\/#\\\/schema\\\/logo\\\/image\\\/\"},\"sameAs\":[\"https:\\\/\\\/www.facebook.com\\\/people\\\/Loginfo24\\\/100057360583332\\\/\",\"https:\\\/\\\/www.linkedin.com\\\/company\\\/lofinfo24\\\/\"]}]}<\/script>\n<!-- \/ Yoast SEO plugin. -->","yoast_head_json":{"title":"Il porto di Kiel chiude un bilancio annuale positivo nonostante il calo dei volumi - Loginfo24","robots":{"index":"index","follow":"follow","max-snippet":"max-snippet:-1","max-image-preview":"max-image-preview:large","max-video-preview":"max-video-preview:-1"},"canonical":"https:\/\/loginfo24.com\/it\/2023\/01\/17\/il-porto-di-kiel-chiude-un-bilancio-annuale-positivo-nonostante-il-calo-dei-volumi\/","og_locale":"it_IT","og_type":"article","og_title":"Il porto di Kiel chiude un bilancio annuale positivo nonostante il calo dei volumi - Loginfo24","og_description":"Il porto di Kiel chiude un bilancio positivo per il 2022 con 7,7 milioni di tonnellate di volume di merci e 2,2 milioni di passeggeri. A [\u2026]","og_url":"https:\/\/loginfo24.com\/it\/2023\/01\/17\/il-porto-di-kiel-chiude-un-bilancio-annuale-positivo-nonostante-il-calo-dei-volumi\/","og_site_name":"Loginfo24","article_publisher":"https:\/\/www.facebook.com\/people\/Loginfo24\/100057360583332\/","article_published_time":"2023-01-17T19:25:52+00:00","og_image":[{"width":764,"height":508,"url":"https:\/\/loginfo24.com\/wp-content\/uploads\/sites\/7\/2025\/12\/Seehafen_Kiel_17.01.23.jpg","type":"image\/jpeg"}],"twitter_card":"summary_large_image","twitter_misc":{"Tempo di lettura stimato":"4 minuto"},"schema":{"@context":"https:\/\/schema.org","@graph":[{"@type":"Article","@id":"https:\/\/loginfo24.com\/it\/2023\/01\/17\/il-porto-di-kiel-chiude-un-bilancio-annuale-positivo-nonostante-il-calo-dei-volumi\/#article","isPartOf":{"@id":"https:\/\/loginfo24.com\/it\/2023\/01\/17\/il-porto-di-kiel-chiude-un-bilancio-annuale-positivo-nonostante-il-calo-dei-volumi\/"},"author":{"name":"","@id":""},"headline":"Il porto di Kiel chiude un bilancio annuale positivo nonostante il calo dei volumi","datePublished":"2023-01-17T19:25:52+00:00","mainEntityOfPage":{"@id":"https:\/\/loginfo24.com\/it\/2023\/01\/17\/il-porto-di-kiel-chiude-un-bilancio-annuale-positivo-nonostante-il-calo-dei-volumi\/"},"wordCount":875,"commentCount":0,"publisher":{"@id":"https:\/\/loginfo24.com\/it\/#organization"},"image":{"@id":"https:\/\/loginfo24.com\/it\/2023\/01\/17\/il-porto-di-kiel-chiude-un-bilancio-annuale-positivo-nonostante-il-calo-dei-volumi\/#primaryimage"},"thumbnailUrl":"https:\/\/loginfo24.com\/wp-content\/uploads\/sites\/7\/2025\/12\/Seehafen_Kiel_17.01.23.jpg","articleSection":["Regions","Shipping &amp; Ports"],"inLanguage":"it-IT","potentialAction":[{"@type":"CommentAction","name":"Comment","target":["https:\/\/loginfo24.com\/it\/2023\/01\/17\/il-porto-di-kiel-chiude-un-bilancio-annuale-positivo-nonostante-il-calo-dei-volumi\/#respond"]}]},{"@type":"WebPage","@id":"https:\/\/loginfo24.com\/it\/2023\/01\/17\/il-porto-di-kiel-chiude-un-bilancio-annuale-positivo-nonostante-il-calo-dei-volumi\/","url":"https:\/\/loginfo24.com\/it\/2023\/01\/17\/il-porto-di-kiel-chiude-un-bilancio-annuale-positivo-nonostante-il-calo-dei-volumi\/","name":"Il porto di Kiel chiude un bilancio annuale positivo nonostante il calo dei volumi - Loginfo24","isPartOf":{"@id":"https:\/\/loginfo24.com\/it\/#website"},"primaryImageOfPage":{"@id":"https:\/\/loginfo24.com\/it\/2023\/01\/17\/il-porto-di-kiel-chiude-un-bilancio-annuale-positivo-nonostante-il-calo-dei-volumi\/#primaryimage"},"image":{"@id":"https:\/\/loginfo24.com\/it\/2023\/01\/17\/il-porto-di-kiel-chiude-un-bilancio-annuale-positivo-nonostante-il-calo-dei-volumi\/#primaryimage"},"thumbnailUrl":"https:\/\/loginfo24.com\/wp-content\/uploads\/sites\/7\/2025\/12\/Seehafen_Kiel_17.01.23.jpg","datePublished":"2023-01-17T19:25:52+00:00","breadcrumb":{"@id":"https:\/\/loginfo24.com\/it\/2023\/01\/17\/il-porto-di-kiel-chiude-un-bilancio-annuale-positivo-nonostante-il-calo-dei-volumi\/#breadcrumb"},"inLanguage":"it-IT","potentialAction":[{"@type":"ReadAction","target":["https:\/\/loginfo24.com\/it\/2023\/01\/17\/il-porto-di-kiel-chiude-un-bilancio-annuale-positivo-nonostante-il-calo-dei-volumi\/"]}]},{"@type":"ImageObject","inLanguage":"it-IT","@id":"https:\/\/loginfo24.com\/it\/2023\/01\/17\/il-porto-di-kiel-chiude-un-bilancio-annuale-positivo-nonostante-il-calo-dei-volumi\/#primaryimage","url":"https:\/\/loginfo24.com\/wp-content\/uploads\/sites\/7\/2025\/12\/Seehafen_Kiel_17.01.23.jpg","contentUrl":"https:\/\/loginfo24.com\/wp-content\/uploads\/sites\/7\/2025\/12\/Seehafen_Kiel_17.01.23.jpg","width":764,"height":508},{"@type":"BreadcrumbList","@id":"https:\/\/loginfo24.com\/it\/2023\/01\/17\/il-porto-di-kiel-chiude-un-bilancio-annuale-positivo-nonostante-il-calo-dei-volumi\/#breadcrumb","itemListElement":[{"@type":"ListItem","position":1,"name":"Startseite","item":"https:\/\/loginfo24.com\/it\/"},{"@type":"ListItem","position":2,"name":"Il porto di Kiel chiude un bilancio annuale positivo nonostante il calo dei volumi"}]},{"@type":"WebSite","@id":"https:\/\/loginfo24.com\/it\/#website","url":"https:\/\/loginfo24.com\/it\/","name":"Loginfo24","description":"Loginfo24 \u00e8 la piattaforma dedicata alla logistica e alle catene di fornitura con informazioni disponibili 24 ore su 24.","publisher":{"@id":"https:\/\/loginfo24.com\/it\/#organization"},"potentialAction":[{"@type":"SearchAction","target":{"@type":"EntryPoint","urlTemplate":"https:\/\/loginfo24.com\/it\/?s={search_term_string}"},"query-input":{"@type":"PropertyValueSpecification","valueRequired":true,"valueName":"search_term_string"}}],"inLanguage":"it-IT"},{"@type":"Organization","@id":"https:\/\/loginfo24.com\/it\/#organization","name":"Logismedia Group AG","url":"https:\/\/loginfo24.com\/it\/","logo":{"@type":"ImageObject","inLanguage":"it-IT","@id":"https:\/\/loginfo24.com\/it\/#\/schema\/logo\/image\/","url":"https:\/\/loginfo24.com\/wp-content\/uploads\/sites\/7\/2026\/01\/Logo_LogInfo24.png","contentUrl":"https:\/\/loginfo24.com\/wp-content\/uploads\/sites\/7\/2026\/01\/Logo_LogInfo24.png","width":938,"height":351,"caption":"Logismedia Group AG"},"image":{"@id":"https:\/\/loginfo24.com\/it\/#\/schema\/logo\/image\/"},"sameAs":["https:\/\/www.facebook.com\/people\/Loginfo24\/100057360583332\/","https:\/\/www.linkedin.com\/company\/lofinfo24\/"]}]}},"_links":{"self":[{"href":"https:\/\/loginfo24.com\/it\/wp-json\/wp\/v2\/posts\/60202","targetHints":{"allow":["GET"]}}],"collection":[{"href":"https:\/\/loginfo24.com\/it\/wp-json\/wp\/v2\/posts"}],"about":[{"href":"https:\/\/loginfo24.com\/it\/wp-json\/wp\/v2\/types\/post"}],"replies":[{"embeddable":true,"href":"https:\/\/loginfo24.com\/it\/wp-json\/wp\/v2\/comments?post=60202"}],"version-history":[{"count":0,"href":"https:\/\/loginfo24.com\/it\/wp-json\/wp\/v2\/posts\/60202\/revisions"}],"wp:featuredmedia":[{"embeddable":true,"href":"https:\/\/loginfo24.com\/it\/wp-json\/wp\/v2\/media\/8677"}],"wp:attachment":[{"href":"https:\/\/loginfo24.com\/it\/wp-json\/wp\/v2\/media?parent=60202"}],"wp:term":[{"taxonomy":"category","embeddable":true,"href":"https:\/\/loginfo24.com\/it\/wp-json\/wp\/v2\/categories?post=60202"},{"taxonomy":"post_tag","embeddable":true,"href":"https:\/\/loginfo24.com\/it\/wp-json\/wp\/v2\/tags?post=60202"}],"curies":[{"name":"wp","href":"https:\/\/api.w.org\/{rel}","templated":true}]}}