{"id":58478,"date":"2022-09-15T15:36:43","date_gmt":"2022-09-15T13:36:43","guid":{"rendered":"https:\/\/blog.brand-architecture.at\/2022\/09\/15\/il-gruppo-geis-inaugura-il-secondo-centro-logistico-a-gochsheim\/"},"modified":"2022-09-15T15:36:43","modified_gmt":"2022-09-15T13:36:43","slug":"il-gruppo-geis-inaugura-il-secondo-centro-logistico-a-gochsheim","status":"publish","type":"post","link":"https:\/\/loginfo24.com\/it\/2022\/09\/15\/il-gruppo-geis-inaugura-il-secondo-centro-logistico-a-gochsheim\/","title":{"rendered":"Il Gruppo Geis inaugura il secondo centro logistico a Gochsheim"},"content":{"rendered":"<h5><strong>Il Gruppo Geis ha inaugurato oggi il secondo edificio del suo centro logistico e tecnologico a Gochsheim, vicino a Schweinfurt. Geis ha investito circa 18 milioni di euro in questo nuovo edificio di 20.000 metri quadrati. Sono gi\u00e0 stati creati oltre 200 nuovi posti di lavoro. In futuro, questo numero aumenter\u00e0 notevolmente, poich\u00e9 Geis sta gi\u00e0 pianificando un ulteriore edificio logistico a Gochsheim.<\/strong><\/h5>\n<p>(Gochsheim\/Norimberga\/Bad Neustadt) Durante la cerimonia ufficiale di inaugurazione di oggi, il Gruppo Geis ha accolto circa 230 ospiti. Tra gli ospiti d&#8217;onore, Florian T\u00f6pper, presidente del distretto di Schweinfurt, Manuel Kneuer, sindaco di Gochsheim, il Prof. Dr. Robert Grebner, presidente dell&#8217;Universit\u00e0 di Scienze Applicate di W\u00fcrzburg-Schweinfurt, e Alexander C. Schmidt, CEO del Gruppo Kneipp, hanno rivolto un saluto agli ospiti.<\/p>\n<h5><strong>Posizione strategica<\/strong><\/h5>\n<p>Durante il tour successivo, gli ospiti hanno potuto farsi un&#8217;idea delle generose dimensioni della struttura. Con una superficie di 20.000 metri quadrati e un&#8217;altezza interna di 10,50 metri, il nuovo edificio offre attualmente spazio per circa 25.000 posti per pallet europei. Inoltre, la propriet\u00e0 ospita due aree per merci pericolose appositamente attrezzate. Attraverso oltre 20 porte di carico e due porte di accesso a livello, le merci possono essere ricevute e distribuite.<\/p>\n<p>Un ulteriore grande vantaggio \u00e8 la posizione del terminal: si trova su un terreno di dieci ettari nel sito industriale di Schweinfurt ed \u00e8 facilmente accessibile vicino alle autostrade A70, A71, A3 e A7. Inoltre, il nuovo edificio \u00e8 stato costruito direttamente accanto al primo impianto logistico inaugurato nel 2018 e nelle immediate vicinanze del terminal di smistamento Geis esistente. Ci\u00f2 consente al Gruppo Geis di reagire in modo altamente flessibile, sia in termini di personale, tecnologia e spazio, alle fluttuazioni stagionali e di alimentare direttamente le spedizioni di merce, carichi parziali e completi nella sua rete internazionale.<\/p>\n<p>Inoltre, il Gruppo Geis attribuisce particolare importanza al tema della sostenibilit\u00e0. Oltre a molte altre caratteristiche ecologiche, la propriet\u00e0 \u00e8 predisposta per l&#8217;installazione di un impianto fotovoltaico sul tetto, \u00e8 dotata di illuminazione a LED a risparmio energetico e dispone di un sistema di drenaggio delle acque piovane in bacini di raccolta progettati in modo naturale.<\/p>\n<h5><strong><img loading=\"lazy\" decoding=\"async\" class=\"alignnone wp-image-20967 size-full\" src=\"https:\/\/loginfo24.com\/wp-content\/uploads\/sites\/7\/2025\/12\/Geis_15.9.22.jpg\" alt=\"\" width=\"1478\" height=\"737\" \/>L&#8217;azienda tradizionale Kneipp \u00e8 un cliente attivo<\/strong><\/h5>\n<p>Attualmente, oltre 200 professionisti della Geis Transport und Logistik GmbH sono impiegati nei centri logistici di Gochsheim. Nel nuovo edificio, Geis \u00e8 principalmente attiva per il Gruppo Kneipp. Per il produttore di prodotti per la cura del corpo e cosmetici, nonch\u00e9 integratori alimentari e medicinali a base di erbe, il nuovo impianto diventer\u00e0 il fulcro di tutti i processi logistici futuri.<\/p>\n<p>Geis si occupa dei trasporti navetta dallo stabilimento Kneipp a Ochsenfurt-Hohestadt, della gestione delle entrate delle merci, dello stoccaggio e della preparazione degli ordini, della creazione dei documenti di trasporto, della gestione delle spedizioni e dei servizi di spedizione. Servizi a valore aggiunto come la gestione doganale, la gestione dei resi e la costruzione di espositori fanno parte dell&#8217;offerta. &#8220;Con una gestione del magazzino all&#8217;avanguardia e un team forte, troviamo in Geis un partner alla pari: aperto al mondo ma radicato nel territorio, orientato alla crescita ma sempre con i piedi per terra&#8221;, ha dichiarato Alexander C. Schmidt, CEO del Gruppo Kneipp, nel suo discorso di ringraziamento durante la cerimonia di inaugurazione di oggi.<\/p>\n<p>Come fornitore di servizi logistici innovativo, Geis utilizza anche innovazioni tecniche in questo impianto. Gli operatori, tra l&#8217;altro, preparano gli ordini utilizzando smartphone in combinazione con scanner per guanti. E per massimizzare l&#8217;efficienza nella raccolta e imballaggio degli ordini online, \u00e8 presente un impianto di trasporto completamente automatico con dieci stazioni di preparazione ordini.<\/p>\n<h5><strong>Ulteriori opportunit\u00e0 per clienti esistenti e nuovi<\/strong><\/h5>\n<p>\u00c8 previsto che Geis gestisca inizialmente oltre 120.000 ordini all&#8217;anno per il Gruppo Kneipp nel nuovo centro logistico, con una tendenza in aumento. L&#8217;azienda Kneipp \u00e8 attiva oggi in 18 paesi, tra cui mercati in Europa, Nord America e Asia. &#8220;Supportiamo i nostri clienti nel miglior modo possibile nei loro piani di crescita&#8221;, afferma Dr. Johannes S\u00f6llner, amministratore delegato della Geis Holding per il settore Logistics Services. &#8220;Allo stesso tempo, siamo aperti a nuovi clienti e progetti. Per questo, accanto ai due centri logistici, \u00e8 gi\u00e0 in fase di pianificazione un terzo edificio con 25.000 metri quadrati di superficie logistica.&#8221;<\/p>\n<p>Dopo il completamento di questo edificio, Geis avr\u00e0 a Gochsheim tre terminal logistici con una superficie totale di 60.000 metri quadrati e un terminal di smistamento. &#8220;Stiamo sviluppando il sito di Gochsheim in un importante centro del nostro gruppo aziendale&#8221;, spiegano i soci amministratori Hans-Georg Geis e Wolfgang Geis. &#8220;Gi\u00e0 ora, nella regione intorno a Schweinfurt, oltre 500 dipendenti sono al servizio dei nostri clienti. Con il nuovo impianto pianificato, la nostra consueta affidabilit\u00e0 e qualit\u00e0, vogliamo offrire ulteriori opportunit\u00e0 ai clienti esistenti e nuovi.&#8221;<\/p>\n<p>Foto: \u00a9 Gruppo Geis \/ <em><strong>Immagine di copertura:<\/strong> Hanno celebrato l&#8217;inaugurazione del nuovo centro logistico Geis (da sinistra): Prof. Dr. Robert Grebner (presidente dell&#8217;Universit\u00e0 di Scienze Applicate di W\u00fcrzburg-Schweinfurt), Dr. Oliver Tissot (Wordakrobat), Manuel Kneuer (sindaco di Gochsheim), Jochen Geis (socio amministratore, Gruppo Geis), Dr. Johannes S\u00f6llner (amministratore delegato Geis Holding), Florian T\u00f6pper (presidente del distretto di Schweinfurt), Hans-Wolfgang Geis (socio amministratore, Gruppo Geis), Marco Wei\u00dfensel (responsabile logistica di Geis), Alexander C. Schmidt (CEO del Gruppo Kneipp).<\/em><br \/>\n<em><\/em><\/p>\n","protected":false},"excerpt":{"rendered":"<p>Il Gruppo Geis ha inaugurato oggi il secondo edificio del suo centro logistico e tecnologico a Gochsheim, vicino a Schweinfurt. Geis ha investito circa 18 milioni<span class=\"excerpt-hellip\"> [\u2026]<\/span><\/p>\n","protected":false},"author":0,"featured_media":9378,"comment_status":"open","ping_status":"open","sticky":false,"template":"","format":"standard","meta":{"_acf_changed":false,"footnotes":""},"categories":[1557,1560,1561],"tags":[],"class_list":["post-58478","post","type-post","status-publish","format-standard","has-post-thumbnail","hentry","category-forwarding-logistics","category-intralogistics","category-regions"],"acf":[],"yoast_head":"<!-- This site is optimized with the Yoast SEO plugin v27.3 - https:\/\/yoast.com\/product\/yoast-seo-wordpress\/ -->\n<title>Il Gruppo Geis inaugura il secondo centro logistico a Gochsheim - Loginfo24<\/title>\n<meta name=\"robots\" content=\"index, follow, max-snippet:-1, max-image-preview:large, max-video-preview:-1\" \/>\n<link rel=\"canonical\" href=\"https:\/\/loginfo24.com\/it\/2022\/09\/15\/il-gruppo-geis-inaugura-il-secondo-centro-logistico-a-gochsheim\/\" \/>\n<meta property=\"og:locale\" content=\"it_IT\" \/>\n<meta property=\"og:type\" content=\"article\" \/>\n<meta property=\"og:title\" content=\"Il Gruppo Geis inaugura il secondo centro logistico a Gochsheim - Loginfo24\" \/>\n<meta property=\"og:description\" content=\"Il Gruppo Geis ha inaugurato oggi il secondo edificio del suo centro logistico e tecnologico a Gochsheim, vicino a Schweinfurt. Geis ha investito circa 18 milioni [\u2026]\" \/>\n<meta property=\"og:url\" content=\"https:\/\/loginfo24.com\/it\/2022\/09\/15\/il-gruppo-geis-inaugura-il-secondo-centro-logistico-a-gochsheim\/\" \/>\n<meta property=\"og:site_name\" content=\"Loginfo24\" \/>\n<meta property=\"article:publisher\" content=\"https:\/\/www.facebook.com\/people\/Loginfo24\/100057360583332\/\" \/>\n<meta property=\"article:published_time\" content=\"2022-09-15T13:36:43+00:00\" \/>\n<meta property=\"og:image\" content=\"https:\/\/loginfo24.com\/wp-content\/uploads\/sites\/7\/2025\/12\/Geis_15.9.22_2.jpg\" \/>\n\t<meta property=\"og:image:width\" content=\"1232\" \/>\n\t<meta property=\"og:image:height\" content=\"779\" \/>\n\t<meta property=\"og:image:type\" content=\"image\/jpeg\" \/>\n<meta name=\"twitter:card\" content=\"summary_large_image\" \/>\n<meta name=\"twitter:label1\" content=\"Tempo di lettura stimato\" \/>\n\t<meta name=\"twitter:data1\" content=\"4 minuto\" \/>\n<script type=\"application\/ld+json\" class=\"yoast-schema-graph\">{\"@context\":\"https:\\\/\\\/schema.org\",\"@graph\":[{\"@type\":\"Article\",\"@id\":\"https:\\\/\\\/loginfo24.com\\\/it\\\/2022\\\/09\\\/15\\\/il-gruppo-geis-inaugura-il-secondo-centro-logistico-a-gochsheim\\\/#article\",\"isPartOf\":{\"@id\":\"https:\\\/\\\/loginfo24.com\\\/it\\\/2022\\\/09\\\/15\\\/il-gruppo-geis-inaugura-il-secondo-centro-logistico-a-gochsheim\\\/\"},\"author\":{\"name\":\"\",\"@id\":\"\"},\"headline\":\"Il Gruppo Geis inaugura il secondo centro logistico a Gochsheim\",\"datePublished\":\"2022-09-15T13:36:43+00:00\",\"mainEntityOfPage\":{\"@id\":\"https:\\\/\\\/loginfo24.com\\\/it\\\/2022\\\/09\\\/15\\\/il-gruppo-geis-inaugura-il-secondo-centro-logistico-a-gochsheim\\\/\"},\"wordCount\":861,\"commentCount\":0,\"publisher\":{\"@id\":\"https:\\\/\\\/loginfo24.com\\\/it\\\/#organization\"},\"image\":{\"@id\":\"https:\\\/\\\/loginfo24.com\\\/it\\\/2022\\\/09\\\/15\\\/il-gruppo-geis-inaugura-il-secondo-centro-logistico-a-gochsheim\\\/#primaryimage\"},\"thumbnailUrl\":\"https:\\\/\\\/loginfo24.com\\\/wp-content\\\/uploads\\\/sites\\\/7\\\/2025\\\/12\\\/Geis_15.9.22_2.jpg\",\"articleSection\":[\"Forwarding &amp; Logistics\",\"Intralogistics\",\"Regions\"],\"inLanguage\":\"it-IT\",\"potentialAction\":[{\"@type\":\"CommentAction\",\"name\":\"Comment\",\"target\":[\"https:\\\/\\\/loginfo24.com\\\/it\\\/2022\\\/09\\\/15\\\/il-gruppo-geis-inaugura-il-secondo-centro-logistico-a-gochsheim\\\/#respond\"]}]},{\"@type\":\"WebPage\",\"@id\":\"https:\\\/\\\/loginfo24.com\\\/it\\\/2022\\\/09\\\/15\\\/il-gruppo-geis-inaugura-il-secondo-centro-logistico-a-gochsheim\\\/\",\"url\":\"https:\\\/\\\/loginfo24.com\\\/it\\\/2022\\\/09\\\/15\\\/il-gruppo-geis-inaugura-il-secondo-centro-logistico-a-gochsheim\\\/\",\"name\":\"Il Gruppo Geis inaugura il secondo centro logistico a Gochsheim - Loginfo24\",\"isPartOf\":{\"@id\":\"https:\\\/\\\/loginfo24.com\\\/it\\\/#website\"},\"primaryImageOfPage\":{\"@id\":\"https:\\\/\\\/loginfo24.com\\\/it\\\/2022\\\/09\\\/15\\\/il-gruppo-geis-inaugura-il-secondo-centro-logistico-a-gochsheim\\\/#primaryimage\"},\"image\":{\"@id\":\"https:\\\/\\\/loginfo24.com\\\/it\\\/2022\\\/09\\\/15\\\/il-gruppo-geis-inaugura-il-secondo-centro-logistico-a-gochsheim\\\/#primaryimage\"},\"thumbnailUrl\":\"https:\\\/\\\/loginfo24.com\\\/wp-content\\\/uploads\\\/sites\\\/7\\\/2025\\\/12\\\/Geis_15.9.22_2.jpg\",\"datePublished\":\"2022-09-15T13:36:43+00:00\",\"breadcrumb\":{\"@id\":\"https:\\\/\\\/loginfo24.com\\\/it\\\/2022\\\/09\\\/15\\\/il-gruppo-geis-inaugura-il-secondo-centro-logistico-a-gochsheim\\\/#breadcrumb\"},\"inLanguage\":\"it-IT\",\"potentialAction\":[{\"@type\":\"ReadAction\",\"target\":[\"https:\\\/\\\/loginfo24.com\\\/it\\\/2022\\\/09\\\/15\\\/il-gruppo-geis-inaugura-il-secondo-centro-logistico-a-gochsheim\\\/\"]}]},{\"@type\":\"ImageObject\",\"inLanguage\":\"it-IT\",\"@id\":\"https:\\\/\\\/loginfo24.com\\\/it\\\/2022\\\/09\\\/15\\\/il-gruppo-geis-inaugura-il-secondo-centro-logistico-a-gochsheim\\\/#primaryimage\",\"url\":\"https:\\\/\\\/loginfo24.com\\\/wp-content\\\/uploads\\\/sites\\\/7\\\/2025\\\/12\\\/Geis_15.9.22_2.jpg\",\"contentUrl\":\"https:\\\/\\\/loginfo24.com\\\/wp-content\\\/uploads\\\/sites\\\/7\\\/2025\\\/12\\\/Geis_15.9.22_2.jpg\",\"width\":1232,\"height\":779},{\"@type\":\"BreadcrumbList\",\"@id\":\"https:\\\/\\\/loginfo24.com\\\/it\\\/2022\\\/09\\\/15\\\/il-gruppo-geis-inaugura-il-secondo-centro-logistico-a-gochsheim\\\/#breadcrumb\",\"itemListElement\":[{\"@type\":\"ListItem\",\"position\":1,\"name\":\"Startseite\",\"item\":\"https:\\\/\\\/loginfo24.com\\\/it\\\/\"},{\"@type\":\"ListItem\",\"position\":2,\"name\":\"Il Gruppo Geis inaugura il secondo centro logistico a Gochsheim\"}]},{\"@type\":\"WebSite\",\"@id\":\"https:\\\/\\\/loginfo24.com\\\/it\\\/#website\",\"url\":\"https:\\\/\\\/loginfo24.com\\\/it\\\/\",\"name\":\"Loginfo24\",\"description\":\"Loginfo24 \u00e8 la piattaforma dedicata alla logistica e alle catene di fornitura con informazioni disponibili 24 ore su 24.\",\"publisher\":{\"@id\":\"https:\\\/\\\/loginfo24.com\\\/it\\\/#organization\"},\"potentialAction\":[{\"@type\":\"SearchAction\",\"target\":{\"@type\":\"EntryPoint\",\"urlTemplate\":\"https:\\\/\\\/loginfo24.com\\\/it\\\/?s={search_term_string}\"},\"query-input\":{\"@type\":\"PropertyValueSpecification\",\"valueRequired\":true,\"valueName\":\"search_term_string\"}}],\"inLanguage\":\"it-IT\"},{\"@type\":\"Organization\",\"@id\":\"https:\\\/\\\/loginfo24.com\\\/it\\\/#organization\",\"name\":\"Logismedia Group AG\",\"url\":\"https:\\\/\\\/loginfo24.com\\\/it\\\/\",\"logo\":{\"@type\":\"ImageObject\",\"inLanguage\":\"it-IT\",\"@id\":\"https:\\\/\\\/loginfo24.com\\\/it\\\/#\\\/schema\\\/logo\\\/image\\\/\",\"url\":\"https:\\\/\\\/loginfo24.com\\\/wp-content\\\/uploads\\\/sites\\\/7\\\/2026\\\/01\\\/Logo_LogInfo24.png\",\"contentUrl\":\"https:\\\/\\\/loginfo24.com\\\/wp-content\\\/uploads\\\/sites\\\/7\\\/2026\\\/01\\\/Logo_LogInfo24.png\",\"width\":938,\"height\":351,\"caption\":\"Logismedia Group AG\"},\"image\":{\"@id\":\"https:\\\/\\\/loginfo24.com\\\/it\\\/#\\\/schema\\\/logo\\\/image\\\/\"},\"sameAs\":[\"https:\\\/\\\/www.facebook.com\\\/people\\\/Loginfo24\\\/100057360583332\\\/\",\"https:\\\/\\\/www.linkedin.com\\\/company\\\/lofinfo24\\\/\"]}]}<\/script>\n<!-- \/ Yoast SEO plugin. -->","yoast_head_json":{"title":"Il Gruppo Geis inaugura il secondo centro logistico a Gochsheim - Loginfo24","robots":{"index":"index","follow":"follow","max-snippet":"max-snippet:-1","max-image-preview":"max-image-preview:large","max-video-preview":"max-video-preview:-1"},"canonical":"https:\/\/loginfo24.com\/it\/2022\/09\/15\/il-gruppo-geis-inaugura-il-secondo-centro-logistico-a-gochsheim\/","og_locale":"it_IT","og_type":"article","og_title":"Il Gruppo Geis inaugura il secondo centro logistico a Gochsheim - Loginfo24","og_description":"Il Gruppo Geis ha inaugurato oggi il secondo edificio del suo centro logistico e tecnologico a Gochsheim, vicino a Schweinfurt. Geis ha investito circa 18 milioni [\u2026]","og_url":"https:\/\/loginfo24.com\/it\/2022\/09\/15\/il-gruppo-geis-inaugura-il-secondo-centro-logistico-a-gochsheim\/","og_site_name":"Loginfo24","article_publisher":"https:\/\/www.facebook.com\/people\/Loginfo24\/100057360583332\/","article_published_time":"2022-09-15T13:36:43+00:00","og_image":[{"width":1232,"height":779,"url":"https:\/\/loginfo24.com\/wp-content\/uploads\/sites\/7\/2025\/12\/Geis_15.9.22_2.jpg","type":"image\/jpeg"}],"twitter_card":"summary_large_image","twitter_misc":{"Tempo di lettura stimato":"4 minuto"},"schema":{"@context":"https:\/\/schema.org","@graph":[{"@type":"Article","@id":"https:\/\/loginfo24.com\/it\/2022\/09\/15\/il-gruppo-geis-inaugura-il-secondo-centro-logistico-a-gochsheim\/#article","isPartOf":{"@id":"https:\/\/loginfo24.com\/it\/2022\/09\/15\/il-gruppo-geis-inaugura-il-secondo-centro-logistico-a-gochsheim\/"},"author":{"name":"","@id":""},"headline":"Il Gruppo Geis inaugura il secondo centro logistico a Gochsheim","datePublished":"2022-09-15T13:36:43+00:00","mainEntityOfPage":{"@id":"https:\/\/loginfo24.com\/it\/2022\/09\/15\/il-gruppo-geis-inaugura-il-secondo-centro-logistico-a-gochsheim\/"},"wordCount":861,"commentCount":0,"publisher":{"@id":"https:\/\/loginfo24.com\/it\/#organization"},"image":{"@id":"https:\/\/loginfo24.com\/it\/2022\/09\/15\/il-gruppo-geis-inaugura-il-secondo-centro-logistico-a-gochsheim\/#primaryimage"},"thumbnailUrl":"https:\/\/loginfo24.com\/wp-content\/uploads\/sites\/7\/2025\/12\/Geis_15.9.22_2.jpg","articleSection":["Forwarding &amp; Logistics","Intralogistics","Regions"],"inLanguage":"it-IT","potentialAction":[{"@type":"CommentAction","name":"Comment","target":["https:\/\/loginfo24.com\/it\/2022\/09\/15\/il-gruppo-geis-inaugura-il-secondo-centro-logistico-a-gochsheim\/#respond"]}]},{"@type":"WebPage","@id":"https:\/\/loginfo24.com\/it\/2022\/09\/15\/il-gruppo-geis-inaugura-il-secondo-centro-logistico-a-gochsheim\/","url":"https:\/\/loginfo24.com\/it\/2022\/09\/15\/il-gruppo-geis-inaugura-il-secondo-centro-logistico-a-gochsheim\/","name":"Il Gruppo Geis inaugura il secondo centro logistico a Gochsheim - Loginfo24","isPartOf":{"@id":"https:\/\/loginfo24.com\/it\/#website"},"primaryImageOfPage":{"@id":"https:\/\/loginfo24.com\/it\/2022\/09\/15\/il-gruppo-geis-inaugura-il-secondo-centro-logistico-a-gochsheim\/#primaryimage"},"image":{"@id":"https:\/\/loginfo24.com\/it\/2022\/09\/15\/il-gruppo-geis-inaugura-il-secondo-centro-logistico-a-gochsheim\/#primaryimage"},"thumbnailUrl":"https:\/\/loginfo24.com\/wp-content\/uploads\/sites\/7\/2025\/12\/Geis_15.9.22_2.jpg","datePublished":"2022-09-15T13:36:43+00:00","breadcrumb":{"@id":"https:\/\/loginfo24.com\/it\/2022\/09\/15\/il-gruppo-geis-inaugura-il-secondo-centro-logistico-a-gochsheim\/#breadcrumb"},"inLanguage":"it-IT","potentialAction":[{"@type":"ReadAction","target":["https:\/\/loginfo24.com\/it\/2022\/09\/15\/il-gruppo-geis-inaugura-il-secondo-centro-logistico-a-gochsheim\/"]}]},{"@type":"ImageObject","inLanguage":"it-IT","@id":"https:\/\/loginfo24.com\/it\/2022\/09\/15\/il-gruppo-geis-inaugura-il-secondo-centro-logistico-a-gochsheim\/#primaryimage","url":"https:\/\/loginfo24.com\/wp-content\/uploads\/sites\/7\/2025\/12\/Geis_15.9.22_2.jpg","contentUrl":"https:\/\/loginfo24.com\/wp-content\/uploads\/sites\/7\/2025\/12\/Geis_15.9.22_2.jpg","width":1232,"height":779},{"@type":"BreadcrumbList","@id":"https:\/\/loginfo24.com\/it\/2022\/09\/15\/il-gruppo-geis-inaugura-il-secondo-centro-logistico-a-gochsheim\/#breadcrumb","itemListElement":[{"@type":"ListItem","position":1,"name":"Startseite","item":"https:\/\/loginfo24.com\/it\/"},{"@type":"ListItem","position":2,"name":"Il Gruppo Geis inaugura il secondo centro logistico a Gochsheim"}]},{"@type":"WebSite","@id":"https:\/\/loginfo24.com\/it\/#website","url":"https:\/\/loginfo24.com\/it\/","name":"Loginfo24","description":"Loginfo24 \u00e8 la piattaforma dedicata alla logistica e alle catene di fornitura con informazioni disponibili 24 ore su 24.","publisher":{"@id":"https:\/\/loginfo24.com\/it\/#organization"},"potentialAction":[{"@type":"SearchAction","target":{"@type":"EntryPoint","urlTemplate":"https:\/\/loginfo24.com\/it\/?s={search_term_string}"},"query-input":{"@type":"PropertyValueSpecification","valueRequired":true,"valueName":"search_term_string"}}],"inLanguage":"it-IT"},{"@type":"Organization","@id":"https:\/\/loginfo24.com\/it\/#organization","name":"Logismedia Group AG","url":"https:\/\/loginfo24.com\/it\/","logo":{"@type":"ImageObject","inLanguage":"it-IT","@id":"https:\/\/loginfo24.com\/it\/#\/schema\/logo\/image\/","url":"https:\/\/loginfo24.com\/wp-content\/uploads\/sites\/7\/2026\/01\/Logo_LogInfo24.png","contentUrl":"https:\/\/loginfo24.com\/wp-content\/uploads\/sites\/7\/2026\/01\/Logo_LogInfo24.png","width":938,"height":351,"caption":"Logismedia Group AG"},"image":{"@id":"https:\/\/loginfo24.com\/it\/#\/schema\/logo\/image\/"},"sameAs":["https:\/\/www.facebook.com\/people\/Loginfo24\/100057360583332\/","https:\/\/www.linkedin.com\/company\/lofinfo24\/"]}]}},"_links":{"self":[{"href":"https:\/\/loginfo24.com\/it\/wp-json\/wp\/v2\/posts\/58478","targetHints":{"allow":["GET"]}}],"collection":[{"href":"https:\/\/loginfo24.com\/it\/wp-json\/wp\/v2\/posts"}],"about":[{"href":"https:\/\/loginfo24.com\/it\/wp-json\/wp\/v2\/types\/post"}],"replies":[{"embeddable":true,"href":"https:\/\/loginfo24.com\/it\/wp-json\/wp\/v2\/comments?post=58478"}],"version-history":[{"count":0,"href":"https:\/\/loginfo24.com\/it\/wp-json\/wp\/v2\/posts\/58478\/revisions"}],"wp:featuredmedia":[{"embeddable":true,"href":"https:\/\/loginfo24.com\/it\/wp-json\/wp\/v2\/media\/9378"}],"wp:attachment":[{"href":"https:\/\/loginfo24.com\/it\/wp-json\/wp\/v2\/media?parent=58478"}],"wp:term":[{"taxonomy":"category","embeddable":true,"href":"https:\/\/loginfo24.com\/it\/wp-json\/wp\/v2\/categories?post=58478"},{"taxonomy":"post_tag","embeddable":true,"href":"https:\/\/loginfo24.com\/it\/wp-json\/wp\/v2\/tags?post=58478"}],"curies":[{"name":"wp","href":"https:\/\/api.w.org\/{rel}","templated":true}]}}