{"id":58340,"date":"2022-09-08T18:26:34","date_gmt":"2022-09-08T16:26:34","guid":{"rendered":"https:\/\/blog.brand-architecture.at\/2022\/09\/08\/waves-come-start-up-del-giorno-alliaa-transportation\/"},"modified":"2022-09-08T18:26:34","modified_gmt":"2022-09-08T16:26:34","slug":"waves-come-start-up-del-giorno-alliaa-transportation","status":"publish","type":"post","link":"https:\/\/loginfo24.com\/it\/2022\/09\/08\/waves-come-start-up-del-giorno-alliaa-transportation\/","title":{"rendered":"WAVES come &#8220;Start-up del giorno&#8221; all&#8217;IAA Transportation"},"content":{"rendered":"<h5><strong>Il team di WAVES sar\u00e0 presente dal 20 al 25 settembre all&#8217;IAA Transportation di quest&#8217;anno a Hannover per presentare la sua innovativa Sustainability Management Platform<\/strong> (SMP). Alla fiera leader sui temi della mobilit\u00e0, oltre a nuovi veicoli, rimorchi e accessori, verranno presentate anche le attuali tendenze tecnologiche e servizi all&#8217;avanguardia.<\/h5>\n<p>(Lussemburgo\/Hannover) Dal 20 al 25 settembre 2022 si svolger\u00e0 l&#8217;IAA Transportation di quest&#8217;anno a Hannover. Alla fiera leader sui temi della mobilit\u00e0, oltre a nuovi veicoli, rimorchi e accessori, verranno presentate anche le attuali tendenze tecnologiche e servizi all&#8217;avanguardia. Il team di WAVES sar\u00e0 presente per presentare la sua innovativa Sustainability Management Platform (SMP) e per partecipare come esperti di sostenibilit\u00e0 e digitalizzazione a tavole rotonde.<\/p>\n<p><strong>Rispetto delle normative europee sulla sostenibilit\u00e0<\/strong><\/p>\n<p>Quando si parla di mobilit\u00e0 del futuro e megatrend come digitalizzazione e sostenibilit\u00e0, WAVES non pu\u00f2 mancare: con la sua premiata Sustainability Management Platform (SMP) e i moduli certificati T\u00dcV Sustainable Transport e Sustainable Tendering, la start-up aiuta le aziende di trasporto e logistica a ottenere una panoramica trasparente delle emissioni di CO\u2082 dei loro trasporti, a scoprire potenziali risparmi e a contribuire alla protezione del clima. Chi utilizza la SMP pu\u00f2 inoltre garantire di rispettare sempre le attuali e future normative europee sulla sostenibilit\u00e0. WAVES ha sviluppato la prima piattaforma cloud modulare al mondo per una gestione sostenibile e integrata delle aziende e la presenter\u00e0 durante l&#8217;IAA Transportation presso lo stand di Krone nel padiglione 27.<\/p>\n<p><strong>Presentazione nell&#8217;ambito della &#8220;Krone Denkfabrik&#8221;<\/strong><\/p>\n<p>WAVES \u00e8 stata invitata a presentarsi nell&#8217;ambito della &#8220;Krone Denkfabrik&#8221; proprio il giorno dell&#8217;apertura \u2013 marted\u00ec 20 settembre 2022 \u2013 come &#8220;Start-up del giorno&#8221;. Oltre alla presenza allo stand, ci sar\u00e0 anche un &#8220;Start-up Pitch&#8221;, in cui verranno illustrati i prodotti e i servizi attuali, e la partecipazione a una tavola rotonda sul tema &#8220;Sostenibilit\u00e0 nel settore dei trasporti&#8221;. Con la Denkfabrik, l&#8217;azienda Krone \u2013 esperta in tecnologia per rimorchi sostenibili e soluzioni e servizi digitali \u2013 offre alle start-up l&#8217;opportunit\u00e0 di presentarsi e scambiare idee durante la fiera. La &#8220;Krone Denkfabrik&#8221; \u00e8 concepita come una piattaforma di innovazione e comunicazione con un programma variegato.<\/p>\n<p><strong><img loading=\"lazy\" decoding=\"async\" class=\"alignleft wp-image-20879 size-full\" src=\"https:\/\/loginfo24.com\/wp-content\/uploads\/sites\/7\/2025\/12\/WAVES_8.9.22_1.jpg\" alt=\"\" width=\"1392\" height=\"779\" \/><\/strong><\/p>\n<p><strong>WAVES all&#8217;IAA TRANSPORTATION 2022<\/strong><\/p>\n<p>Venerd\u00ec 23 settembre, il team di WAVES sar\u00e0 nuovamente ospite allo stand di Krone e parteciper\u00e0 al talk &#8220;Modifiche normative nella logistica&#8221; con uno sguardo alla tassonomia dell&#8217;UE. Il tema della tassonomia dell&#8217;UE rappresenta una grande sfida per molti e diventer\u00e0 importante per le aziende entro la fine dell&#8217;anno. Pertanto, WAVES ha sviluppato un nuovo strumento che semplifica notevolmente la gestione complessa del regolamento sulla tassonomia dell&#8217;UE, che sar\u00e0 lanciato a settembre.<\/p>\n<p><strong>Panoramica degli appuntamenti:<\/strong><\/p>\n<p>20.09.2022 (marted\u00ec): WAVES come &#8220;Start-up del giorno&#8221; nell&#8217;ambito della &#8220;Krone Denkfabrik&#8221; per tutto il giorno (9-18) presso lo stand di Krone nel padiglione 27 (C40). Tavola rotonda sul tema &#8220;Sostenibilit\u00e0 nel settore dei trasporti&#8221; alle 9:30. &#8220;Start-up Pitch&#8221; di WAVES alle 12:45.<\/p>\n<p>23.09.2022 (venerd\u00ec): WAVES per tutto il giorno (9-18) ospite da Krone, allo stand C40 nel padiglione 27. Tavola rotonda sul tema &#8220;Modifiche normative nella logistica&#8221; alle 13:30.<\/p>\n<h5><strong>Su WAVES<\/strong><\/h5>\n<p>WAVES \u00e8 stata fondata nel 2019 in Lussemburgo con la visione di rendere la sostenibilit\u00e0 visibile attraverso la digitalizzazione. Con la sua innovazione, la <em>Sustainability Management Platform<\/em> (<em>SMP<\/em>), WAVES offre ai suoi clienti B2B di diversi settori calcoli dell&#8217;impronta di carbonio e analisi di sostenibilit\u00e0 diversificate, consentendo ai decisori di orientare la propria azienda in modo pi\u00f9 sostenibile. Che WAVES abbia colto il segno con la sua soluzione &#8220;Platform as a Service&#8221; \u00e8 dimostrato anche da premi prestigiosi: nel 2021 la start-up \u00e8 stata gi\u00e0 premiata con il <em>Solar Impulse Efficient Solution Label<\/em> e come <em>Cloud Tech Innovator Of The Year<\/em> per la sua innovativa <em>SMP<\/em>. Nel 2022 sono stati aggiunti il marchio &#8220;Made in Luxembourg&#8221; e un <em>World Summit Award<\/em> nella categoria &#8220;Environment &amp; Green Energy&#8221;.<\/p>\n<p><a href=\"https:\/\/www.waves-sustainability.com\/\" target=\"_blank\" rel=\"noopener\">www.waves-sustainability.com<\/a><\/p>\n<p>Foto: \u00a9 WAVES<\/p>\n","protected":false},"excerpt":{"rendered":"<p>Il team di WAVES sar\u00e0 presente dal 20 al 25 settembre all&#8217;IAA Transportation di quest&#8217;anno a Hannover per presentare la sua innovativa Sustainability Management Platform (SMP).<span class=\"excerpt-hellip\"> [\u2026]<\/span><\/p>\n","protected":false},"author":0,"featured_media":9430,"comment_status":"open","ping_status":"open","sticky":false,"template":"","format":"standard","meta":{"_acf_changed":false,"footnotes":""},"categories":[1665,1557,1561],"tags":[],"class_list":["post-58340","post","type-post","status-publish","format-standard","has-post-thumbnail","hentry","category-categories","category-forwarding-logistics","category-regions"],"acf":[],"yoast_head":"<!-- This site is optimized with the Yoast SEO plugin v27.3 - https:\/\/yoast.com\/product\/yoast-seo-wordpress\/ -->\n<title>WAVES come &quot;Start-up del giorno&quot; all&#039;IAA Transportation - Loginfo24<\/title>\n<meta name=\"robots\" content=\"index, follow, max-snippet:-1, max-image-preview:large, max-video-preview:-1\" \/>\n<link rel=\"canonical\" href=\"https:\/\/loginfo24.com\/it\/2022\/09\/08\/waves-come-start-up-del-giorno-alliaa-transportation\/\" \/>\n<meta property=\"og:locale\" content=\"it_IT\" \/>\n<meta property=\"og:type\" content=\"article\" \/>\n<meta property=\"og:title\" content=\"WAVES come &quot;Start-up del giorno&quot; all&#039;IAA Transportation - Loginfo24\" \/>\n<meta property=\"og:description\" content=\"Il team di WAVES sar\u00e0 presente dal 20 al 25 settembre all&#8217;IAA Transportation di quest&#8217;anno a Hannover per presentare la sua innovativa Sustainability Management Platform (SMP). [\u2026]\" \/>\n<meta property=\"og:url\" content=\"https:\/\/loginfo24.com\/it\/2022\/09\/08\/waves-come-start-up-del-giorno-alliaa-transportation\/\" \/>\n<meta property=\"og:site_name\" content=\"Loginfo24\" \/>\n<meta property=\"article:publisher\" content=\"https:\/\/www.facebook.com\/people\/Loginfo24\/100057360583332\/\" \/>\n<meta property=\"article:published_time\" content=\"2022-09-08T16:26:34+00:00\" \/>\n<meta property=\"og:image\" content=\"https:\/\/loginfo24.com\/wp-content\/uploads\/sites\/7\/2025\/12\/WAVES_8.9.22_2.jpg\" \/>\n\t<meta property=\"og:image:width\" content=\"1315\" \/>\n\t<meta property=\"og:image:height\" content=\"733\" \/>\n\t<meta property=\"og:image:type\" content=\"image\/jpeg\" \/>\n<meta name=\"twitter:card\" content=\"summary_large_image\" \/>\n<meta name=\"twitter:label1\" content=\"Tempo di lettura stimato\" \/>\n\t<meta name=\"twitter:data1\" content=\"3 minuto\" \/>\n<script type=\"application\/ld+json\" class=\"yoast-schema-graph\">{\"@context\":\"https:\\\/\\\/schema.org\",\"@graph\":[{\"@type\":\"Article\",\"@id\":\"https:\\\/\\\/loginfo24.com\\\/it\\\/2022\\\/09\\\/08\\\/waves-come-start-up-del-giorno-alliaa-transportation\\\/#article\",\"isPartOf\":{\"@id\":\"https:\\\/\\\/loginfo24.com\\\/it\\\/2022\\\/09\\\/08\\\/waves-come-start-up-del-giorno-alliaa-transportation\\\/\"},\"author\":{\"name\":\"\",\"@id\":\"\"},\"headline\":\"WAVES come &#8220;Start-up del giorno&#8221; all&#8217;IAA Transportation\",\"datePublished\":\"2022-09-08T16:26:34+00:00\",\"mainEntityOfPage\":{\"@id\":\"https:\\\/\\\/loginfo24.com\\\/it\\\/2022\\\/09\\\/08\\\/waves-come-start-up-del-giorno-alliaa-transportation\\\/\"},\"wordCount\":632,\"commentCount\":0,\"publisher\":{\"@id\":\"https:\\\/\\\/loginfo24.com\\\/it\\\/#organization\"},\"image\":{\"@id\":\"https:\\\/\\\/loginfo24.com\\\/it\\\/2022\\\/09\\\/08\\\/waves-come-start-up-del-giorno-alliaa-transportation\\\/#primaryimage\"},\"thumbnailUrl\":\"https:\\\/\\\/loginfo24.com\\\/wp-content\\\/uploads\\\/sites\\\/7\\\/2025\\\/12\\\/WAVES_8.9.22_2.jpg\",\"articleSection\":[\"Categories\",\"Forwarding &amp; Logistics\",\"Regions\"],\"inLanguage\":\"it-IT\",\"potentialAction\":[{\"@type\":\"CommentAction\",\"name\":\"Comment\",\"target\":[\"https:\\\/\\\/loginfo24.com\\\/it\\\/2022\\\/09\\\/08\\\/waves-come-start-up-del-giorno-alliaa-transportation\\\/#respond\"]}]},{\"@type\":\"WebPage\",\"@id\":\"https:\\\/\\\/loginfo24.com\\\/it\\\/2022\\\/09\\\/08\\\/waves-come-start-up-del-giorno-alliaa-transportation\\\/\",\"url\":\"https:\\\/\\\/loginfo24.com\\\/it\\\/2022\\\/09\\\/08\\\/waves-come-start-up-del-giorno-alliaa-transportation\\\/\",\"name\":\"WAVES come \\\"Start-up del giorno\\\" all'IAA Transportation - Loginfo24\",\"isPartOf\":{\"@id\":\"https:\\\/\\\/loginfo24.com\\\/it\\\/#website\"},\"primaryImageOfPage\":{\"@id\":\"https:\\\/\\\/loginfo24.com\\\/it\\\/2022\\\/09\\\/08\\\/waves-come-start-up-del-giorno-alliaa-transportation\\\/#primaryimage\"},\"image\":{\"@id\":\"https:\\\/\\\/loginfo24.com\\\/it\\\/2022\\\/09\\\/08\\\/waves-come-start-up-del-giorno-alliaa-transportation\\\/#primaryimage\"},\"thumbnailUrl\":\"https:\\\/\\\/loginfo24.com\\\/wp-content\\\/uploads\\\/sites\\\/7\\\/2025\\\/12\\\/WAVES_8.9.22_2.jpg\",\"datePublished\":\"2022-09-08T16:26:34+00:00\",\"breadcrumb\":{\"@id\":\"https:\\\/\\\/loginfo24.com\\\/it\\\/2022\\\/09\\\/08\\\/waves-come-start-up-del-giorno-alliaa-transportation\\\/#breadcrumb\"},\"inLanguage\":\"it-IT\",\"potentialAction\":[{\"@type\":\"ReadAction\",\"target\":[\"https:\\\/\\\/loginfo24.com\\\/it\\\/2022\\\/09\\\/08\\\/waves-come-start-up-del-giorno-alliaa-transportation\\\/\"]}]},{\"@type\":\"ImageObject\",\"inLanguage\":\"it-IT\",\"@id\":\"https:\\\/\\\/loginfo24.com\\\/it\\\/2022\\\/09\\\/08\\\/waves-come-start-up-del-giorno-alliaa-transportation\\\/#primaryimage\",\"url\":\"https:\\\/\\\/loginfo24.com\\\/wp-content\\\/uploads\\\/sites\\\/7\\\/2025\\\/12\\\/WAVES_8.9.22_2.jpg\",\"contentUrl\":\"https:\\\/\\\/loginfo24.com\\\/wp-content\\\/uploads\\\/sites\\\/7\\\/2025\\\/12\\\/WAVES_8.9.22_2.jpg\",\"width\":1315,\"height\":733},{\"@type\":\"BreadcrumbList\",\"@id\":\"https:\\\/\\\/loginfo24.com\\\/it\\\/2022\\\/09\\\/08\\\/waves-come-start-up-del-giorno-alliaa-transportation\\\/#breadcrumb\",\"itemListElement\":[{\"@type\":\"ListItem\",\"position\":1,\"name\":\"Startseite\",\"item\":\"https:\\\/\\\/loginfo24.com\\\/it\\\/\"},{\"@type\":\"ListItem\",\"position\":2,\"name\":\"WAVES come &#8222;Start-up del giorno&#8220; all&#8217;IAA Transportation\"}]},{\"@type\":\"WebSite\",\"@id\":\"https:\\\/\\\/loginfo24.com\\\/it\\\/#website\",\"url\":\"https:\\\/\\\/loginfo24.com\\\/it\\\/\",\"name\":\"Loginfo24\",\"description\":\"Loginfo24 \u00e8 la piattaforma dedicata alla logistica e alle catene di fornitura con informazioni disponibili 24 ore su 24.\",\"publisher\":{\"@id\":\"https:\\\/\\\/loginfo24.com\\\/it\\\/#organization\"},\"potentialAction\":[{\"@type\":\"SearchAction\",\"target\":{\"@type\":\"EntryPoint\",\"urlTemplate\":\"https:\\\/\\\/loginfo24.com\\\/it\\\/?s={search_term_string}\"},\"query-input\":{\"@type\":\"PropertyValueSpecification\",\"valueRequired\":true,\"valueName\":\"search_term_string\"}}],\"inLanguage\":\"it-IT\"},{\"@type\":\"Organization\",\"@id\":\"https:\\\/\\\/loginfo24.com\\\/it\\\/#organization\",\"name\":\"Logismedia Group AG\",\"url\":\"https:\\\/\\\/loginfo24.com\\\/it\\\/\",\"logo\":{\"@type\":\"ImageObject\",\"inLanguage\":\"it-IT\",\"@id\":\"https:\\\/\\\/loginfo24.com\\\/it\\\/#\\\/schema\\\/logo\\\/image\\\/\",\"url\":\"https:\\\/\\\/loginfo24.com\\\/wp-content\\\/uploads\\\/sites\\\/7\\\/2026\\\/01\\\/Logo_LogInfo24.png\",\"contentUrl\":\"https:\\\/\\\/loginfo24.com\\\/wp-content\\\/uploads\\\/sites\\\/7\\\/2026\\\/01\\\/Logo_LogInfo24.png\",\"width\":938,\"height\":351,\"caption\":\"Logismedia Group AG\"},\"image\":{\"@id\":\"https:\\\/\\\/loginfo24.com\\\/it\\\/#\\\/schema\\\/logo\\\/image\\\/\"},\"sameAs\":[\"https:\\\/\\\/www.facebook.com\\\/people\\\/Loginfo24\\\/100057360583332\\\/\",\"https:\\\/\\\/www.linkedin.com\\\/company\\\/lofinfo24\\\/\"]}]}<\/script>\n<!-- \/ Yoast SEO plugin. -->","yoast_head_json":{"title":"WAVES come \"Start-up del giorno\" all'IAA Transportation - Loginfo24","robots":{"index":"index","follow":"follow","max-snippet":"max-snippet:-1","max-image-preview":"max-image-preview:large","max-video-preview":"max-video-preview:-1"},"canonical":"https:\/\/loginfo24.com\/it\/2022\/09\/08\/waves-come-start-up-del-giorno-alliaa-transportation\/","og_locale":"it_IT","og_type":"article","og_title":"WAVES come \"Start-up del giorno\" all'IAA Transportation - Loginfo24","og_description":"Il team di WAVES sar\u00e0 presente dal 20 al 25 settembre all&#8217;IAA Transportation di quest&#8217;anno a Hannover per presentare la sua innovativa Sustainability Management Platform (SMP). [\u2026]","og_url":"https:\/\/loginfo24.com\/it\/2022\/09\/08\/waves-come-start-up-del-giorno-alliaa-transportation\/","og_site_name":"Loginfo24","article_publisher":"https:\/\/www.facebook.com\/people\/Loginfo24\/100057360583332\/","article_published_time":"2022-09-08T16:26:34+00:00","og_image":[{"width":1315,"height":733,"url":"https:\/\/loginfo24.com\/wp-content\/uploads\/sites\/7\/2025\/12\/WAVES_8.9.22_2.jpg","type":"image\/jpeg"}],"twitter_card":"summary_large_image","twitter_misc":{"Tempo di lettura stimato":"3 minuto"},"schema":{"@context":"https:\/\/schema.org","@graph":[{"@type":"Article","@id":"https:\/\/loginfo24.com\/it\/2022\/09\/08\/waves-come-start-up-del-giorno-alliaa-transportation\/#article","isPartOf":{"@id":"https:\/\/loginfo24.com\/it\/2022\/09\/08\/waves-come-start-up-del-giorno-alliaa-transportation\/"},"author":{"name":"","@id":""},"headline":"WAVES come &#8220;Start-up del giorno&#8221; all&#8217;IAA Transportation","datePublished":"2022-09-08T16:26:34+00:00","mainEntityOfPage":{"@id":"https:\/\/loginfo24.com\/it\/2022\/09\/08\/waves-come-start-up-del-giorno-alliaa-transportation\/"},"wordCount":632,"commentCount":0,"publisher":{"@id":"https:\/\/loginfo24.com\/it\/#organization"},"image":{"@id":"https:\/\/loginfo24.com\/it\/2022\/09\/08\/waves-come-start-up-del-giorno-alliaa-transportation\/#primaryimage"},"thumbnailUrl":"https:\/\/loginfo24.com\/wp-content\/uploads\/sites\/7\/2025\/12\/WAVES_8.9.22_2.jpg","articleSection":["Categories","Forwarding &amp; Logistics","Regions"],"inLanguage":"it-IT","potentialAction":[{"@type":"CommentAction","name":"Comment","target":["https:\/\/loginfo24.com\/it\/2022\/09\/08\/waves-come-start-up-del-giorno-alliaa-transportation\/#respond"]}]},{"@type":"WebPage","@id":"https:\/\/loginfo24.com\/it\/2022\/09\/08\/waves-come-start-up-del-giorno-alliaa-transportation\/","url":"https:\/\/loginfo24.com\/it\/2022\/09\/08\/waves-come-start-up-del-giorno-alliaa-transportation\/","name":"WAVES come \"Start-up del giorno\" all'IAA Transportation - Loginfo24","isPartOf":{"@id":"https:\/\/loginfo24.com\/it\/#website"},"primaryImageOfPage":{"@id":"https:\/\/loginfo24.com\/it\/2022\/09\/08\/waves-come-start-up-del-giorno-alliaa-transportation\/#primaryimage"},"image":{"@id":"https:\/\/loginfo24.com\/it\/2022\/09\/08\/waves-come-start-up-del-giorno-alliaa-transportation\/#primaryimage"},"thumbnailUrl":"https:\/\/loginfo24.com\/wp-content\/uploads\/sites\/7\/2025\/12\/WAVES_8.9.22_2.jpg","datePublished":"2022-09-08T16:26:34+00:00","breadcrumb":{"@id":"https:\/\/loginfo24.com\/it\/2022\/09\/08\/waves-come-start-up-del-giorno-alliaa-transportation\/#breadcrumb"},"inLanguage":"it-IT","potentialAction":[{"@type":"ReadAction","target":["https:\/\/loginfo24.com\/it\/2022\/09\/08\/waves-come-start-up-del-giorno-alliaa-transportation\/"]}]},{"@type":"ImageObject","inLanguage":"it-IT","@id":"https:\/\/loginfo24.com\/it\/2022\/09\/08\/waves-come-start-up-del-giorno-alliaa-transportation\/#primaryimage","url":"https:\/\/loginfo24.com\/wp-content\/uploads\/sites\/7\/2025\/12\/WAVES_8.9.22_2.jpg","contentUrl":"https:\/\/loginfo24.com\/wp-content\/uploads\/sites\/7\/2025\/12\/WAVES_8.9.22_2.jpg","width":1315,"height":733},{"@type":"BreadcrumbList","@id":"https:\/\/loginfo24.com\/it\/2022\/09\/08\/waves-come-start-up-del-giorno-alliaa-transportation\/#breadcrumb","itemListElement":[{"@type":"ListItem","position":1,"name":"Startseite","item":"https:\/\/loginfo24.com\/it\/"},{"@type":"ListItem","position":2,"name":"WAVES come &#8222;Start-up del giorno&#8220; all&#8217;IAA Transportation"}]},{"@type":"WebSite","@id":"https:\/\/loginfo24.com\/it\/#website","url":"https:\/\/loginfo24.com\/it\/","name":"Loginfo24","description":"Loginfo24 \u00e8 la piattaforma dedicata alla logistica e alle catene di fornitura con informazioni disponibili 24 ore su 24.","publisher":{"@id":"https:\/\/loginfo24.com\/it\/#organization"},"potentialAction":[{"@type":"SearchAction","target":{"@type":"EntryPoint","urlTemplate":"https:\/\/loginfo24.com\/it\/?s={search_term_string}"},"query-input":{"@type":"PropertyValueSpecification","valueRequired":true,"valueName":"search_term_string"}}],"inLanguage":"it-IT"},{"@type":"Organization","@id":"https:\/\/loginfo24.com\/it\/#organization","name":"Logismedia Group AG","url":"https:\/\/loginfo24.com\/it\/","logo":{"@type":"ImageObject","inLanguage":"it-IT","@id":"https:\/\/loginfo24.com\/it\/#\/schema\/logo\/image\/","url":"https:\/\/loginfo24.com\/wp-content\/uploads\/sites\/7\/2026\/01\/Logo_LogInfo24.png","contentUrl":"https:\/\/loginfo24.com\/wp-content\/uploads\/sites\/7\/2026\/01\/Logo_LogInfo24.png","width":938,"height":351,"caption":"Logismedia Group AG"},"image":{"@id":"https:\/\/loginfo24.com\/it\/#\/schema\/logo\/image\/"},"sameAs":["https:\/\/www.facebook.com\/people\/Loginfo24\/100057360583332\/","https:\/\/www.linkedin.com\/company\/lofinfo24\/"]}]}},"_links":{"self":[{"href":"https:\/\/loginfo24.com\/it\/wp-json\/wp\/v2\/posts\/58340","targetHints":{"allow":["GET"]}}],"collection":[{"href":"https:\/\/loginfo24.com\/it\/wp-json\/wp\/v2\/posts"}],"about":[{"href":"https:\/\/loginfo24.com\/it\/wp-json\/wp\/v2\/types\/post"}],"replies":[{"embeddable":true,"href":"https:\/\/loginfo24.com\/it\/wp-json\/wp\/v2\/comments?post=58340"}],"version-history":[{"count":0,"href":"https:\/\/loginfo24.com\/it\/wp-json\/wp\/v2\/posts\/58340\/revisions"}],"wp:featuredmedia":[{"embeddable":true,"href":"https:\/\/loginfo24.com\/it\/wp-json\/wp\/v2\/media\/9430"}],"wp:attachment":[{"href":"https:\/\/loginfo24.com\/it\/wp-json\/wp\/v2\/media?parent=58340"}],"wp:term":[{"taxonomy":"category","embeddable":true,"href":"https:\/\/loginfo24.com\/it\/wp-json\/wp\/v2\/categories?post=58340"},{"taxonomy":"post_tag","embeddable":true,"href":"https:\/\/loginfo24.com\/it\/wp-json\/wp\/v2\/tags?post=58340"}],"curies":[{"name":"wp","href":"https:\/\/api.w.org\/{rel}","templated":true}]}}