{"id":58198,"date":"2022-09-01T16:25:08","date_gmt":"2022-09-01T14:25:08","guid":{"rendered":"https:\/\/blog.brand-architecture.at\/2022\/09\/01\/designwerk-porta-per-la-prima-volta-un-lowliner-completamente-elettrico-sulla-strada\/"},"modified":"2022-09-01T16:25:08","modified_gmt":"2022-09-01T14:25:08","slug":"designwerk-porta-per-la-prima-volta-un-lowliner-completamente-elettrico-sulla-strada","status":"publish","type":"post","link":"https:\/\/loginfo24.com\/it\/2022\/09\/01\/designwerk-porta-per-la-prima-volta-un-lowliner-completamente-elettrico-sulla-strada\/","title":{"rendered":"Designwerk porta per la prima volta un Lowliner completamente elettrico sulla strada"},"content":{"rendered":"<h5><strong>Elettrico, pulito e ribassato: il specialista della mobilit\u00e0 elettrica Designwerk porta sulla strada il Lowliner completamente elettrico High Cab. Il trattore ribassato \u00e8 costruito su un telaio di base Volvo FH e combina i vantaggi di un trasporto senza emissioni con un volume di carico superiore del 15 percento.<\/strong><\/h5>\n<p>(Winterthur) A seconda dell&#8217;applicazione, i fornitori di logistica possono percorrere fino a 280 chilometri con una carica. Le aziende di trasporto nel settore della distribuzione o i fornitori dell&#8217;industria automobilistica, che necessitano di una grande capacit\u00e0 di carico, possono caricare il Lowliner elettrico con 350 kilowatt in meno di 45 minuti. Questo rende il veicolo la soluzione pi\u00f9 potente tra le alternative di propulsione e garantisce la massima utilizzabilit\u00e0 nel settore della distribuzione. &#8220;Con il primo camion completamente elettrico in questa classe di veicoli, contribuiamo a una logistica sostenibile e permettiamo ai fornitori di logistica, ad esempio, di operare anche in zone di divieto di diesel&#8221;, afferma il CEO Adrian Melliger. I primi fornitori di servizi KEP e clienti dei settori distribuzione, alimentare, farmaceutico, automobilistico e della gestione dei rifiuti saranno in viaggio con il Lowliner High Cab a partire dalla fine del 2023.<\/p>\n<h5><strong>Posizione pionieristica nella mobilit\u00e0 elettrica<\/strong><\/h5>\n<p>Volume massimo e emissioni minime - l&#8217;azienda svizzera di mobilit\u00e0 elettrica Designwerk dimostra la sua posizione pionieristica nella mobilit\u00e0 elettrica con il Lowliner High Cab 4x2T e promuove ulteriormente la transizione verso una mobilit\u00e0 sostenibile nel settore dei veicoli commerciali. L&#8217;altezza di attacco ridotta di minimo 937 millimetri garantisce un&#8217;altezza interna di carico di tre metri per il nuovo camion elettrico. Rispetto ai tradizionali trattori, i fornitori di logistica possono raggiungere una capacit\u00e0 volumetrica superiore fino al 15 percento con il Lowliner High Cab o trasportare il 50 percento in pi\u00f9 di supporti di carico. Grazie all&#8217;aumento di peso consentito per le alternative di propulsione, non si verifica alcuna perdita di carico utile. Nella valutazione Well-to-Wheel, il Lowliner elettrico riduce le emissioni di CO2 rispetto a un camion ribassato con propulsione convenzionale in Germania fino al 57 percento e in Svizzera, grazie alla maggiore produzione di energia elettrica da fonti rinnovabili, fino al 79 percento. &#8220;I fornitori di logistica e le aziende di trasporto con carichi sensibili al volume, cos\u00ec come i fornitori dell&#8217;industria automobilistica, beneficiano cos\u00ec di una logistica silenziosa, a basse emissioni e pi\u00f9 efficiente&#8221;, spiega Melliger.<\/p>\n<h5><strong><img loading=\"lazy\" decoding=\"async\" class=\"alignleft wp-image-20774 size-full\" src=\"https:\/\/loginfo24.com\/wp-content\/uploads\/sites\/7\/2025\/12\/Designwerk_1.9.22.jpg\" alt=\"\" width=\"1560\" height=\"889\" \/>Caricato con 350 kilowatt in meno di 45 minuti<\/strong><\/h5>\n<p>Designwerk sviluppa e produce camion elettrici in piccole serie, stazioni di ricarica rapida mobili, stazioni di ricarica rapida con accumulo di batteria nel settore dei megawatt e sistemi di batterie ad alta tensione modulari dal 2008. Con i quattro diversi modelli di camion High Cab, Mid Cab, Mid Cab X e Low Cab, il specialista svizzero della mobilit\u00e0 elettrica offre sempre la soluzione giusta per i fornitori di logistica e gestione dei rifiuti, nonch\u00e9 per comuni e aziende agricole. La capacit\u00e0 della batteria di 380 kilowattora utilizzata nel nuovo Lowliner High Cab \u00e8 resa possibile grazie allo sviluppo e alla produzione di batterie personalizzate e interne. Il concetto di ricarica - 350 kilowatt in meno di 45 minuti - si adatta quindi anche ai tempi di guida prescritti nell&#8217;UE.<\/p>\n<h5><strong>Consegna nel quarto trimestre del 2023<\/strong><\/h5>\n<p>Il camion da 40 tonnellate ha una potenza di 500 kilowatt (680 CV) ed \u00e8 privo di cambio e frizione grazie alla sua trasmissione a un solo rapporto. Le aziende tedesche hanno gi\u00e0 richiesto finanziamenti per 34 Lowliner High Cab, in modo da poter trasportare pi\u00f9 volume in modo elettrico, sostenibile e redditizio nel quarto trimestre del 2023.<\/p>\n<p>Foto: \u00a9 Designwerk<\/p>\n","protected":false},"excerpt":{"rendered":"<p>Elettrico, pulito e ribassato: il specialista della mobilit\u00e0 elettrica Designwerk porta sulla strada il Lowliner completamente elettrico High Cab. Il trattore ribassato \u00e8 costruito su un<span class=\"excerpt-hellip\"> [\u2026]<\/span><\/p>\n","protected":false},"author":0,"featured_media":9492,"comment_status":"open","ping_status":"open","sticky":false,"template":"","format":"standard","meta":{"_acf_changed":false,"footnotes":""},"categories":[1557,1556,1561],"tags":[],"class_list":["post-58198","post","type-post","status-publish","format-standard","has-post-thumbnail","hentry","category-forwarding-logistics","category-intermodal-road","category-regions"],"acf":[],"yoast_head":"<!-- This site is optimized with the Yoast SEO plugin v27.3 - https:\/\/yoast.com\/product\/yoast-seo-wordpress\/ -->\n<title>Designwerk porta per la prima volta un Lowliner completamente elettrico sulla strada - Loginfo24<\/title>\n<meta name=\"robots\" content=\"index, follow, max-snippet:-1, max-image-preview:large, max-video-preview:-1\" \/>\n<link rel=\"canonical\" href=\"https:\/\/loginfo24.com\/it\/2022\/09\/01\/designwerk-porta-per-la-prima-volta-un-lowliner-completamente-elettrico-sulla-strada\/\" \/>\n<meta property=\"og:locale\" content=\"it_IT\" \/>\n<meta property=\"og:type\" content=\"article\" \/>\n<meta property=\"og:title\" content=\"Designwerk porta per la prima volta un Lowliner completamente elettrico sulla strada - Loginfo24\" \/>\n<meta property=\"og:description\" content=\"Elettrico, pulito e ribassato: il specialista della mobilit\u00e0 elettrica Designwerk porta sulla strada il Lowliner completamente elettrico High Cab. Il trattore ribassato \u00e8 costruito su un [\u2026]\" \/>\n<meta property=\"og:url\" content=\"https:\/\/loginfo24.com\/it\/2022\/09\/01\/designwerk-porta-per-la-prima-volta-un-lowliner-completamente-elettrico-sulla-strada\/\" \/>\n<meta property=\"og:site_name\" content=\"Loginfo24\" \/>\n<meta property=\"article:publisher\" content=\"https:\/\/www.facebook.com\/people\/Loginfo24\/100057360583332\/\" \/>\n<meta property=\"article:published_time\" content=\"2022-09-01T14:25:08+00:00\" \/>\n<meta property=\"og:image\" content=\"https:\/\/loginfo24.com\/wp-content\/uploads\/sites\/7\/2025\/12\/Designwerk_1.9.22_2.jpg\" \/>\n\t<meta property=\"og:image:width\" content=\"1371\" \/>\n\t<meta property=\"og:image:height\" content=\"772\" \/>\n\t<meta property=\"og:image:type\" content=\"image\/jpeg\" \/>\n<meta name=\"twitter:card\" content=\"summary_large_image\" \/>\n<meta name=\"twitter:label1\" content=\"Tempo di lettura stimato\" \/>\n\t<meta name=\"twitter:data1\" content=\"3 minuto\" \/>\n<script type=\"application\/ld+json\" class=\"yoast-schema-graph\">{\"@context\":\"https:\\\/\\\/schema.org\",\"@graph\":[{\"@type\":\"Article\",\"@id\":\"https:\\\/\\\/loginfo24.com\\\/it\\\/2022\\\/09\\\/01\\\/designwerk-porta-per-la-prima-volta-un-lowliner-completamente-elettrico-sulla-strada\\\/#article\",\"isPartOf\":{\"@id\":\"https:\\\/\\\/loginfo24.com\\\/it\\\/2022\\\/09\\\/01\\\/designwerk-porta-per-la-prima-volta-un-lowliner-completamente-elettrico-sulla-strada\\\/\"},\"author\":{\"name\":\"\",\"@id\":\"\"},\"headline\":\"Designwerk porta per la prima volta un Lowliner completamente elettrico sulla strada\",\"datePublished\":\"2022-09-01T14:25:08+00:00\",\"mainEntityOfPage\":{\"@id\":\"https:\\\/\\\/loginfo24.com\\\/it\\\/2022\\\/09\\\/01\\\/designwerk-porta-per-la-prima-volta-un-lowliner-completamente-elettrico-sulla-strada\\\/\"},\"wordCount\":587,\"commentCount\":0,\"publisher\":{\"@id\":\"https:\\\/\\\/loginfo24.com\\\/it\\\/#organization\"},\"image\":{\"@id\":\"https:\\\/\\\/loginfo24.com\\\/it\\\/2022\\\/09\\\/01\\\/designwerk-porta-per-la-prima-volta-un-lowliner-completamente-elettrico-sulla-strada\\\/#primaryimage\"},\"thumbnailUrl\":\"https:\\\/\\\/loginfo24.com\\\/wp-content\\\/uploads\\\/sites\\\/7\\\/2025\\\/12\\\/Designwerk_1.9.22_2.jpg\",\"articleSection\":[\"Forwarding &amp; Logistics\",\"Intermodal \\\/ Road\",\"Regions\"],\"inLanguage\":\"it-IT\",\"potentialAction\":[{\"@type\":\"CommentAction\",\"name\":\"Comment\",\"target\":[\"https:\\\/\\\/loginfo24.com\\\/it\\\/2022\\\/09\\\/01\\\/designwerk-porta-per-la-prima-volta-un-lowliner-completamente-elettrico-sulla-strada\\\/#respond\"]}]},{\"@type\":\"WebPage\",\"@id\":\"https:\\\/\\\/loginfo24.com\\\/it\\\/2022\\\/09\\\/01\\\/designwerk-porta-per-la-prima-volta-un-lowliner-completamente-elettrico-sulla-strada\\\/\",\"url\":\"https:\\\/\\\/loginfo24.com\\\/it\\\/2022\\\/09\\\/01\\\/designwerk-porta-per-la-prima-volta-un-lowliner-completamente-elettrico-sulla-strada\\\/\",\"name\":\"Designwerk porta per la prima volta un Lowliner completamente elettrico sulla strada - Loginfo24\",\"isPartOf\":{\"@id\":\"https:\\\/\\\/loginfo24.com\\\/it\\\/#website\"},\"primaryImageOfPage\":{\"@id\":\"https:\\\/\\\/loginfo24.com\\\/it\\\/2022\\\/09\\\/01\\\/designwerk-porta-per-la-prima-volta-un-lowliner-completamente-elettrico-sulla-strada\\\/#primaryimage\"},\"image\":{\"@id\":\"https:\\\/\\\/loginfo24.com\\\/it\\\/2022\\\/09\\\/01\\\/designwerk-porta-per-la-prima-volta-un-lowliner-completamente-elettrico-sulla-strada\\\/#primaryimage\"},\"thumbnailUrl\":\"https:\\\/\\\/loginfo24.com\\\/wp-content\\\/uploads\\\/sites\\\/7\\\/2025\\\/12\\\/Designwerk_1.9.22_2.jpg\",\"datePublished\":\"2022-09-01T14:25:08+00:00\",\"breadcrumb\":{\"@id\":\"https:\\\/\\\/loginfo24.com\\\/it\\\/2022\\\/09\\\/01\\\/designwerk-porta-per-la-prima-volta-un-lowliner-completamente-elettrico-sulla-strada\\\/#breadcrumb\"},\"inLanguage\":\"it-IT\",\"potentialAction\":[{\"@type\":\"ReadAction\",\"target\":[\"https:\\\/\\\/loginfo24.com\\\/it\\\/2022\\\/09\\\/01\\\/designwerk-porta-per-la-prima-volta-un-lowliner-completamente-elettrico-sulla-strada\\\/\"]}]},{\"@type\":\"ImageObject\",\"inLanguage\":\"it-IT\",\"@id\":\"https:\\\/\\\/loginfo24.com\\\/it\\\/2022\\\/09\\\/01\\\/designwerk-porta-per-la-prima-volta-un-lowliner-completamente-elettrico-sulla-strada\\\/#primaryimage\",\"url\":\"https:\\\/\\\/loginfo24.com\\\/wp-content\\\/uploads\\\/sites\\\/7\\\/2025\\\/12\\\/Designwerk_1.9.22_2.jpg\",\"contentUrl\":\"https:\\\/\\\/loginfo24.com\\\/wp-content\\\/uploads\\\/sites\\\/7\\\/2025\\\/12\\\/Designwerk_1.9.22_2.jpg\",\"width\":1371,\"height\":772},{\"@type\":\"BreadcrumbList\",\"@id\":\"https:\\\/\\\/loginfo24.com\\\/it\\\/2022\\\/09\\\/01\\\/designwerk-porta-per-la-prima-volta-un-lowliner-completamente-elettrico-sulla-strada\\\/#breadcrumb\",\"itemListElement\":[{\"@type\":\"ListItem\",\"position\":1,\"name\":\"Startseite\",\"item\":\"https:\\\/\\\/loginfo24.com\\\/it\\\/\"},{\"@type\":\"ListItem\",\"position\":2,\"name\":\"Designwerk porta per la prima volta un Lowliner completamente elettrico sulla strada\"}]},{\"@type\":\"WebSite\",\"@id\":\"https:\\\/\\\/loginfo24.com\\\/it\\\/#website\",\"url\":\"https:\\\/\\\/loginfo24.com\\\/it\\\/\",\"name\":\"Loginfo24\",\"description\":\"Loginfo24 \u00e8 la piattaforma dedicata alla logistica e alle catene di fornitura con informazioni disponibili 24 ore su 24.\",\"publisher\":{\"@id\":\"https:\\\/\\\/loginfo24.com\\\/it\\\/#organization\"},\"potentialAction\":[{\"@type\":\"SearchAction\",\"target\":{\"@type\":\"EntryPoint\",\"urlTemplate\":\"https:\\\/\\\/loginfo24.com\\\/it\\\/?s={search_term_string}\"},\"query-input\":{\"@type\":\"PropertyValueSpecification\",\"valueRequired\":true,\"valueName\":\"search_term_string\"}}],\"inLanguage\":\"it-IT\"},{\"@type\":\"Organization\",\"@id\":\"https:\\\/\\\/loginfo24.com\\\/it\\\/#organization\",\"name\":\"Logismedia Group AG\",\"url\":\"https:\\\/\\\/loginfo24.com\\\/it\\\/\",\"logo\":{\"@type\":\"ImageObject\",\"inLanguage\":\"it-IT\",\"@id\":\"https:\\\/\\\/loginfo24.com\\\/it\\\/#\\\/schema\\\/logo\\\/image\\\/\",\"url\":\"https:\\\/\\\/loginfo24.com\\\/wp-content\\\/uploads\\\/sites\\\/7\\\/2026\\\/01\\\/Logo_LogInfo24.png\",\"contentUrl\":\"https:\\\/\\\/loginfo24.com\\\/wp-content\\\/uploads\\\/sites\\\/7\\\/2026\\\/01\\\/Logo_LogInfo24.png\",\"width\":938,\"height\":351,\"caption\":\"Logismedia Group AG\"},\"image\":{\"@id\":\"https:\\\/\\\/loginfo24.com\\\/it\\\/#\\\/schema\\\/logo\\\/image\\\/\"},\"sameAs\":[\"https:\\\/\\\/www.facebook.com\\\/people\\\/Loginfo24\\\/100057360583332\\\/\",\"https:\\\/\\\/www.linkedin.com\\\/company\\\/lofinfo24\\\/\"]}]}<\/script>\n<!-- \/ Yoast SEO plugin. -->","yoast_head_json":{"title":"Designwerk porta per la prima volta un Lowliner completamente elettrico sulla strada - Loginfo24","robots":{"index":"index","follow":"follow","max-snippet":"max-snippet:-1","max-image-preview":"max-image-preview:large","max-video-preview":"max-video-preview:-1"},"canonical":"https:\/\/loginfo24.com\/it\/2022\/09\/01\/designwerk-porta-per-la-prima-volta-un-lowliner-completamente-elettrico-sulla-strada\/","og_locale":"it_IT","og_type":"article","og_title":"Designwerk porta per la prima volta un Lowliner completamente elettrico sulla strada - Loginfo24","og_description":"Elettrico, pulito e ribassato: il specialista della mobilit\u00e0 elettrica Designwerk porta sulla strada il Lowliner completamente elettrico High Cab. Il trattore ribassato \u00e8 costruito su un [\u2026]","og_url":"https:\/\/loginfo24.com\/it\/2022\/09\/01\/designwerk-porta-per-la-prima-volta-un-lowliner-completamente-elettrico-sulla-strada\/","og_site_name":"Loginfo24","article_publisher":"https:\/\/www.facebook.com\/people\/Loginfo24\/100057360583332\/","article_published_time":"2022-09-01T14:25:08+00:00","og_image":[{"width":1371,"height":772,"url":"https:\/\/loginfo24.com\/wp-content\/uploads\/sites\/7\/2025\/12\/Designwerk_1.9.22_2.jpg","type":"image\/jpeg"}],"twitter_card":"summary_large_image","twitter_misc":{"Tempo di lettura stimato":"3 minuto"},"schema":{"@context":"https:\/\/schema.org","@graph":[{"@type":"Article","@id":"https:\/\/loginfo24.com\/it\/2022\/09\/01\/designwerk-porta-per-la-prima-volta-un-lowliner-completamente-elettrico-sulla-strada\/#article","isPartOf":{"@id":"https:\/\/loginfo24.com\/it\/2022\/09\/01\/designwerk-porta-per-la-prima-volta-un-lowliner-completamente-elettrico-sulla-strada\/"},"author":{"name":"","@id":""},"headline":"Designwerk porta per la prima volta un Lowliner completamente elettrico sulla strada","datePublished":"2022-09-01T14:25:08+00:00","mainEntityOfPage":{"@id":"https:\/\/loginfo24.com\/it\/2022\/09\/01\/designwerk-porta-per-la-prima-volta-un-lowliner-completamente-elettrico-sulla-strada\/"},"wordCount":587,"commentCount":0,"publisher":{"@id":"https:\/\/loginfo24.com\/it\/#organization"},"image":{"@id":"https:\/\/loginfo24.com\/it\/2022\/09\/01\/designwerk-porta-per-la-prima-volta-un-lowliner-completamente-elettrico-sulla-strada\/#primaryimage"},"thumbnailUrl":"https:\/\/loginfo24.com\/wp-content\/uploads\/sites\/7\/2025\/12\/Designwerk_1.9.22_2.jpg","articleSection":["Forwarding &amp; Logistics","Intermodal \/ Road","Regions"],"inLanguage":"it-IT","potentialAction":[{"@type":"CommentAction","name":"Comment","target":["https:\/\/loginfo24.com\/it\/2022\/09\/01\/designwerk-porta-per-la-prima-volta-un-lowliner-completamente-elettrico-sulla-strada\/#respond"]}]},{"@type":"WebPage","@id":"https:\/\/loginfo24.com\/it\/2022\/09\/01\/designwerk-porta-per-la-prima-volta-un-lowliner-completamente-elettrico-sulla-strada\/","url":"https:\/\/loginfo24.com\/it\/2022\/09\/01\/designwerk-porta-per-la-prima-volta-un-lowliner-completamente-elettrico-sulla-strada\/","name":"Designwerk porta per la prima volta un Lowliner completamente elettrico sulla strada - Loginfo24","isPartOf":{"@id":"https:\/\/loginfo24.com\/it\/#website"},"primaryImageOfPage":{"@id":"https:\/\/loginfo24.com\/it\/2022\/09\/01\/designwerk-porta-per-la-prima-volta-un-lowliner-completamente-elettrico-sulla-strada\/#primaryimage"},"image":{"@id":"https:\/\/loginfo24.com\/it\/2022\/09\/01\/designwerk-porta-per-la-prima-volta-un-lowliner-completamente-elettrico-sulla-strada\/#primaryimage"},"thumbnailUrl":"https:\/\/loginfo24.com\/wp-content\/uploads\/sites\/7\/2025\/12\/Designwerk_1.9.22_2.jpg","datePublished":"2022-09-01T14:25:08+00:00","breadcrumb":{"@id":"https:\/\/loginfo24.com\/it\/2022\/09\/01\/designwerk-porta-per-la-prima-volta-un-lowliner-completamente-elettrico-sulla-strada\/#breadcrumb"},"inLanguage":"it-IT","potentialAction":[{"@type":"ReadAction","target":["https:\/\/loginfo24.com\/it\/2022\/09\/01\/designwerk-porta-per-la-prima-volta-un-lowliner-completamente-elettrico-sulla-strada\/"]}]},{"@type":"ImageObject","inLanguage":"it-IT","@id":"https:\/\/loginfo24.com\/it\/2022\/09\/01\/designwerk-porta-per-la-prima-volta-un-lowliner-completamente-elettrico-sulla-strada\/#primaryimage","url":"https:\/\/loginfo24.com\/wp-content\/uploads\/sites\/7\/2025\/12\/Designwerk_1.9.22_2.jpg","contentUrl":"https:\/\/loginfo24.com\/wp-content\/uploads\/sites\/7\/2025\/12\/Designwerk_1.9.22_2.jpg","width":1371,"height":772},{"@type":"BreadcrumbList","@id":"https:\/\/loginfo24.com\/it\/2022\/09\/01\/designwerk-porta-per-la-prima-volta-un-lowliner-completamente-elettrico-sulla-strada\/#breadcrumb","itemListElement":[{"@type":"ListItem","position":1,"name":"Startseite","item":"https:\/\/loginfo24.com\/it\/"},{"@type":"ListItem","position":2,"name":"Designwerk porta per la prima volta un Lowliner completamente elettrico sulla strada"}]},{"@type":"WebSite","@id":"https:\/\/loginfo24.com\/it\/#website","url":"https:\/\/loginfo24.com\/it\/","name":"Loginfo24","description":"Loginfo24 \u00e8 la piattaforma dedicata alla logistica e alle catene di fornitura con informazioni disponibili 24 ore su 24.","publisher":{"@id":"https:\/\/loginfo24.com\/it\/#organization"},"potentialAction":[{"@type":"SearchAction","target":{"@type":"EntryPoint","urlTemplate":"https:\/\/loginfo24.com\/it\/?s={search_term_string}"},"query-input":{"@type":"PropertyValueSpecification","valueRequired":true,"valueName":"search_term_string"}}],"inLanguage":"it-IT"},{"@type":"Organization","@id":"https:\/\/loginfo24.com\/it\/#organization","name":"Logismedia Group AG","url":"https:\/\/loginfo24.com\/it\/","logo":{"@type":"ImageObject","inLanguage":"it-IT","@id":"https:\/\/loginfo24.com\/it\/#\/schema\/logo\/image\/","url":"https:\/\/loginfo24.com\/wp-content\/uploads\/sites\/7\/2026\/01\/Logo_LogInfo24.png","contentUrl":"https:\/\/loginfo24.com\/wp-content\/uploads\/sites\/7\/2026\/01\/Logo_LogInfo24.png","width":938,"height":351,"caption":"Logismedia Group AG"},"image":{"@id":"https:\/\/loginfo24.com\/it\/#\/schema\/logo\/image\/"},"sameAs":["https:\/\/www.facebook.com\/people\/Loginfo24\/100057360583332\/","https:\/\/www.linkedin.com\/company\/lofinfo24\/"]}]}},"_links":{"self":[{"href":"https:\/\/loginfo24.com\/it\/wp-json\/wp\/v2\/posts\/58198","targetHints":{"allow":["GET"]}}],"collection":[{"href":"https:\/\/loginfo24.com\/it\/wp-json\/wp\/v2\/posts"}],"about":[{"href":"https:\/\/loginfo24.com\/it\/wp-json\/wp\/v2\/types\/post"}],"replies":[{"embeddable":true,"href":"https:\/\/loginfo24.com\/it\/wp-json\/wp\/v2\/comments?post=58198"}],"version-history":[{"count":0,"href":"https:\/\/loginfo24.com\/it\/wp-json\/wp\/v2\/posts\/58198\/revisions"}],"wp:featuredmedia":[{"embeddable":true,"href":"https:\/\/loginfo24.com\/it\/wp-json\/wp\/v2\/media\/9492"}],"wp:attachment":[{"href":"https:\/\/loginfo24.com\/it\/wp-json\/wp\/v2\/media?parent=58198"}],"wp:term":[{"taxonomy":"category","embeddable":true,"href":"https:\/\/loginfo24.com\/it\/wp-json\/wp\/v2\/categories?post=58198"},{"taxonomy":"post_tag","embeddable":true,"href":"https:\/\/loginfo24.com\/it\/wp-json\/wp\/v2\/tags?post=58198"}],"curies":[{"name":"wp","href":"https:\/\/api.w.org\/{rel}","templated":true}]}}